{"id":1147,"date":"2014-09-08T00:00:00","date_gmt":"2014-09-07T23:00:00","guid":{"rendered":"https:\/\/www.musikzeitung.ch\/allgemein\/basler-evgenij-gunst-ausstellung-in-moskau\/"},"modified":"2014-09-08T00:00:00","modified_gmt":"2014-09-07T23:00:00","slug":"basler-evgenij-gunst-ausstellung-in-moskau","status":"publish","type":"post","link":"https:\/\/www.musikzeitung.ch\/it\/anlaesse\/2014\/09\/basler-evgenij-gunst-ausstellung-in-moskau","title":{"rendered":"Mostra di Evgenij Gunst a Mosca"},"content":{"rendered":"<figure style=\"width: 1200px\" class=\"wp-caption alignnone\"><img decoding=\"async\" class=\"size-full\" src=\"https:\/\/www.musikzeitung.ch\/wp-content\/uploads\/2023\/01\/eg1-2.jpg\" alt=\"\" \/><figcaption class=\"wp-caption-text\">Immagine sul volantino della mostra russa. Foto: zVg,Foto: zVg<\/figcaption><\/figure>\n<div class='text-section'>\n<p>Il compositore e avvocato russo Evgeny Gunst (1877-1950) ebbe un ruolo importante nella vita musicale russa prima della Rivoluzione russa, ad esempio come confidente di Alexander Scriabin. Emigr\u00f2 in Francia nel 1920 e mor\u00ec impoverito a Parigi nel 1950. La vedova trasfer\u00ec quindi il suo patrimonio a Basilea, dove, come riferisce l'universit\u00e0, \u00e8 stato scoperto nella primavera del 2010 nella cantina dell'archivio del dipartimento di musicologia. Le lettere, i documenti, le foto, gli autografi, le stampe e gli schizzi sono stati esposti dall'8 al 26 giugno 2011 nella mostra speciale \"Findings of a Life\" al Museum Kleines Klingental. L'Istituto di musicologia dell'Universit\u00e0 di Basilea ha pubblicato il volume di accompagnamento <em>Reperti di una vita - Il compositore Evgenij Gunst <\/em>nonch\u00e9, sotto la supervisione di David Rossel, tutte le opere corali del compositore. Nel maggio 2014, il CD <em>Opere per pianoforte - Viandante tra i mondi<\/em> (Susanne Lang, pianoforte, Oehms) e per quest'anno \u00e8 previsto anche uno studio dettagliato.<\/p>\n<\/div>\n<div class='text-section'>\n<dl class='picture media photo pos-2'>\n<dt>          <img class='media photo pos-2' src='https:\/\/www.musikzeitung.ch\/wp-content\/uploads\/2023\/01\/eg2-1.jpg' alt='Image '><\/dt>\n<dd class='copyright'>Foto: zVg<\/dd>\n<dd class='caption'>Evgenij Gunst (1877-1950)<\/dd>\n<\/dl>\n<\/div>\n<div class='text-section'>\n<p>Dal 10 settembre al 5 ottobre, la mostra sar\u00e0 esposta nel pi\u00f9 grande museo musicale russo, lo State Glinka Museum di Mosca. Come scrive l'Universit\u00e0 di Basilea, ci\u00f2 significa che \"un importante capitolo della storia culturale russa sta tornando in patria\". La mostra e il libro che l'accompagna sono stati tradotti in russo. Da un lato, la mostra intende promuovere il dibattito musicologico tra Mosca e Basilea e rendere accessibile l'artista dimenticato a un pubblico di specialisti e al pubblico interessato.<br \/> Dopo il vernissage, Jean-Jacques D\u00fcnki, Susanne Lang (pianoforte), Ekaterina Kitschigina (soprano) e Andrei Kaplanov (baritono) eseguiranno nella sala concerti del Museo Glinka alcune opere selezionate dal patrimonio di Glinka, alcune delle quali in prima esecuzione russa.<\/p>\n<\/div>\n<div>\n<blockquote class='text-section'>\n<h4>Ulteriori link<\/h4>\n<p><a href='http:\/\/www.mkk.ch\/HTML\/sonder_evgenij_gunst.htm'>Informazioni sulla mostra nell'archivio del Museum Kleines Klingental<\/a><\/p>\n<p><a href='http:\/\/mws.unibas.ch\/forschung\/projekt-evgenij-gunst\/gunst-ausstellung-in-moskau\/'>Informazioni dell'Universit\u00e0 di Basilea sulla mostra di Gunst<\/a><\/p>\n<p><a href='http:\/\/www.glinka.museum\/news\/index.php?news=31425'>Informazioni sulla mostra in corso al Museo Glinka di Mosca<\/a> (russo)<\/p>\n<p><a href='http:\/\/www.oehmsclassics.de\/cd.php?formatid=659'>Informazioni sul CD <em>Opere per pianoforte - Viandante tra i mondi <\/em><\/a><\/p>\n<\/blockquote>\n<\/div>","protected":false},"excerpt":{"rendered":"<p><strong>Il patrimonio, ritrovato nel 2010 nella cantina dell'archivio del dipartimento di musicologia dell'Universit\u00e0 di Basilea, sar\u00e0 esposto al Museo Statale Glinka di Mosca dal 10 settembre al 5 ottobre.<\/strong><\/p>","protected":false},"author":1,"featured_media":1148,"comment_status":"open","ping_status":"open","sticky":false,"template":"","format":"standard","meta":{"_acf_changed":false,"_relevanssi_hide_post":"","_relevanssi_hide_content":"","_relevanssi_pin_for_all":"","_relevanssi_pin_keywords":"","_relevanssi_unpin_keywords":"","_relevanssi_related_keywords":"","_relevanssi_related_include_ids":"","_relevanssi_related_exclude_ids":"","_relevanssi_related_no_append":"","_relevanssi_related_not_related":"","_relevanssi_related_posts":"","_relevanssi_noindex_reason":"","pgc_sgb_lightbox_settings":"","footnotes":""},"categories":[2,57],"tags":[],"class_list":["post-1147","post","type-post","status-publish","format-standard","has-post-thumbnail","hentry","category-anlaesse","category-klassik"],"acf":[],"yoast_head":"<!-- This site is optimized with the Yoast SEO plugin v27.5 - https:\/\/yoast.com\/product\/yoast-seo-wordpress\/ -->\n<title>Basler Evgenij-Gunst-Ausstellung in Moskau - Schweizer Musikzeitung<\/title>\n<meta name=\"robots\" content=\"index, follow, max-snippet:-1, max-image-preview:large, max-video-preview:-1\" \/>\n<link rel=\"canonical\" href=\"https:\/\/www.musikzeitung.ch\/it\/anlaesse\/2014\/09\/basler-evgenij-gunst-ausstellung-in-moskau\/\" \/>\n<meta property=\"og:locale\" content=\"it_IT\" \/>\n<meta property=\"og:type\" content=\"article\" \/>\n<meta property=\"og:title\" content=\"Basler Evgenij-Gunst-Ausstellung in Moskau - Schweizer Musikzeitung\" \/>\n<meta property=\"og:description\" content=\"Der 2010 im Archivkeller des Musikwissenschaftlichen Seminars der Universit\u00e4t Basel gefundene Nachlass wird vom 10. September bis 5. Oktober im Staatlichen Glinka-Museum in Moskau gezeigt.\" \/>\n<meta property=\"og:url\" content=\"https:\/\/www.musikzeitung.ch\/it\/anlaesse\/2014\/09\/basler-evgenij-gunst-ausstellung-in-moskau\/\" \/>\n<meta property=\"og:site_name\" content=\"Schweizer Musikzeitung\" \/>\n<meta property=\"article:publisher\" content=\"https:\/\/www.facebook.com\/SchweizerMusikzeitung\/\" \/>\n<meta property=\"article:published_time\" content=\"2014-09-07T23:00:00+00:00\" \/>\n<meta property=\"og:image\" content=\"https:\/\/www.musikzeitung.ch\/wp-content\/uploads\/2023\/01\/eg1-2.jpg\" \/>\n\t<meta property=\"og:image:width\" content=\"554\" \/>\n\t<meta property=\"og:image:height\" content=\"421\" \/>\n\t<meta property=\"og:image:type\" content=\"image\/jpeg\" \/>\n<meta name=\"author\" content=\"Musikzeitung-Redaktion\" \/>\n<meta name=\"twitter:card\" content=\"summary_large_image\" \/>\n<meta name=\"twitter:creator\" content=\"@smusikzeitung\" \/>\n<meta name=\"twitter:site\" content=\"@smusikzeitung\" \/>\n<meta name=\"twitter:label1\" content=\"Scritto da\" \/>\n\t<meta name=\"twitter:data1\" content=\"Musikzeitung-Redaktion\" \/>\n\t<meta name=\"twitter:label2\" content=\"Tempo di lettura stimato\" \/>\n\t<meta name=\"twitter:data2\" content=\"2 minuti\" \/>\n<script type=\"application\/ld+json\" class=\"yoast-schema-graph\">{\"@context\":\"https:\\\/\\\/schema.org\",\"@graph\":[{\"@type\":\"Article\",\"@id\":\"https:\\\/\\\/www.musikzeitung.ch\\\/anlaesse\\\/2014\\\/09\\\/basler-evgenij-gunst-ausstellung-in-moskau#article\",\"isPartOf\":{\"@id\":\"https:\\\/\\\/www.musikzeitung.ch\\\/anlaesse\\\/2014\\\/09\\\/basler-evgenij-gunst-ausstellung-in-moskau\"},\"author\":{\"name\":\"Musikzeitung-Redaktion\",\"@id\":\"https:\\\/\\\/www.musikzeitung.ch\\\/#\\\/schema\\\/person\\\/b2fd892c800856270b9dcc6001265712\"},\"headline\":\"Basler Evgenij-Gunst-Ausstellung in Moskau\",\"datePublished\":\"2014-09-07T23:00:00+00:00\",\"mainEntityOfPage\":{\"@id\":\"https:\\\/\\\/www.musikzeitung.ch\\\/anlaesse\\\/2014\\\/09\\\/basler-evgenij-gunst-ausstellung-in-moskau\"},\"wordCount\":307,\"commentCount\":0,\"publisher\":{\"@id\":\"https:\\\/\\\/www.musikzeitung.ch\\\/#organization\"},\"image\":{\"@id\":\"https:\\\/\\\/www.musikzeitung.ch\\\/anlaesse\\\/2014\\\/09\\\/basler-evgenij-gunst-ausstellung-in-moskau#primaryimage\"},\"thumbnailUrl\":\"https:\\\/\\\/www.musikzeitung.ch\\\/wp-content\\\/uploads\\\/2023\\\/01\\\/eg1-2.jpg\",\"articleSection\":[\"Anl\u00e4sse\",\"Klassik\"],\"inLanguage\":\"it-IT\"},{\"@type\":\"WebPage\",\"@id\":\"https:\\\/\\\/www.musikzeitung.ch\\\/anlaesse\\\/2014\\\/09\\\/basler-evgenij-gunst-ausstellung-in-moskau\",\"url\":\"https:\\\/\\\/www.musikzeitung.ch\\\/anlaesse\\\/2014\\\/09\\\/basler-evgenij-gunst-ausstellung-in-moskau\",\"name\":\"Basler Evgenij-Gunst-Ausstellung in Moskau - Schweizer Musikzeitung\",\"isPartOf\":{\"@id\":\"https:\\\/\\\/www.musikzeitung.ch\\\/#website\"},\"primaryImageOfPage\":{\"@id\":\"https:\\\/\\\/www.musikzeitung.ch\\\/anlaesse\\\/2014\\\/09\\\/basler-evgenij-gunst-ausstellung-in-moskau#primaryimage\"},\"image\":{\"@id\":\"https:\\\/\\\/www.musikzeitung.ch\\\/anlaesse\\\/2014\\\/09\\\/basler-evgenij-gunst-ausstellung-in-moskau#primaryimage\"},\"thumbnailUrl\":\"https:\\\/\\\/www.musikzeitung.ch\\\/wp-content\\\/uploads\\\/2023\\\/01\\\/eg1-2.jpg\",\"datePublished\":\"2014-09-07T23:00:00+00:00\",\"breadcrumb\":{\"@id\":\"https:\\\/\\\/www.musikzeitung.ch\\\/anlaesse\\\/2014\\\/09\\\/basler-evgenij-gunst-ausstellung-in-moskau#breadcrumb\"},\"inLanguage\":\"it-IT\",\"potentialAction\":[{\"@type\":\"ReadAction\",\"target\":[\"https:\\\/\\\/www.musikzeitung.ch\\\/anlaesse\\\/2014\\\/09\\\/basler-evgenij-gunst-ausstellung-in-moskau\"]}]},{\"@type\":\"ImageObject\",\"inLanguage\":\"it-IT\",\"@id\":\"https:\\\/\\\/www.musikzeitung.ch\\\/anlaesse\\\/2014\\\/09\\\/basler-evgenij-gunst-ausstellung-in-moskau#primaryimage\",\"url\":\"https:\\\/\\\/www.musikzeitung.ch\\\/wp-content\\\/uploads\\\/2023\\\/01\\\/eg1-2.jpg\",\"contentUrl\":\"https:\\\/\\\/www.musikzeitung.ch\\\/wp-content\\\/uploads\\\/2023\\\/01\\\/eg1-2.jpg\",\"width\":554,\"height\":421},{\"@type\":\"BreadcrumbList\",\"@id\":\"https:\\\/\\\/www.musikzeitung.ch\\\/anlaesse\\\/2014\\\/09\\\/basler-evgenij-gunst-ausstellung-in-moskau#breadcrumb\",\"itemListElement\":[{\"@type\":\"ListItem\",\"position\":1,\"name\":\"Home\",\"item\":\"https:\\\/\\\/www.musikzeitung.ch\\\/\"},{\"@type\":\"ListItem\",\"position\":2,\"name\":\"Basler Evgenij-Gunst-Ausstellung in Moskau\"}]},{\"@type\":\"WebSite\",\"@id\":\"https:\\\/\\\/www.musikzeitung.ch\\\/#website\",\"url\":\"https:\\\/\\\/www.musikzeitung.ch\\\/\",\"name\":\"Schweizer Musikzeitung\",\"description\":\"Die f\u00fchrende sparten\u00fcbergreifende Monatszeitung in der Schweiz f\u00fcr musikalische Fragen.\",\"publisher\":{\"@id\":\"https:\\\/\\\/www.musikzeitung.ch\\\/#organization\"},\"potentialAction\":[{\"@type\":\"SearchAction\",\"target\":{\"@type\":\"EntryPoint\",\"urlTemplate\":\"https:\\\/\\\/www.musikzeitung.ch\\\/?s={search_term_string}\"},\"query-input\":{\"@type\":\"PropertyValueSpecification\",\"valueRequired\":true,\"valueName\":\"search_term_string\"}}],\"inLanguage\":\"it-IT\"},{\"@type\":\"Organization\",\"@id\":\"https:\\\/\\\/www.musikzeitung.ch\\\/#organization\",\"name\":\"Schweizer Musikzeitung\",\"url\":\"https:\\\/\\\/www.musikzeitung.ch\\\/\",\"logo\":{\"@type\":\"ImageObject\",\"inLanguage\":\"it-IT\",\"@id\":\"https:\\\/\\\/www.musikzeitung.ch\\\/#\\\/schema\\\/logo\\\/image\\\/\",\"url\":\"https:\\\/\\\/www.musikzeitung.ch\\\/wp-content\\\/uploads\\\/2023\\\/01\\\/SMZ_Schriftzug_Sprache.png\",\"contentUrl\":\"https:\\\/\\\/www.musikzeitung.ch\\\/wp-content\\\/uploads\\\/2023\\\/01\\\/SMZ_Schriftzug_Sprache.png\",\"width\":1400,\"height\":279,\"caption\":\"Schweizer Musikzeitung\"},\"image\":{\"@id\":\"https:\\\/\\\/www.musikzeitung.ch\\\/#\\\/schema\\\/logo\\\/image\\\/\"},\"sameAs\":[\"https:\\\/\\\/www.facebook.com\\\/SchweizerMusikzeitung\\\/\",\"https:\\\/\\\/x.com\\\/smusikzeitung\",\"https:\\\/\\\/www.instagram.com\\\/musikzeitung.ch\\\/\"]},{\"@type\":\"Person\",\"@id\":\"https:\\\/\\\/www.musikzeitung.ch\\\/#\\\/schema\\\/person\\\/b2fd892c800856270b9dcc6001265712\",\"name\":\"Musikzeitung-Redaktion\",\"image\":{\"@type\":\"ImageObject\",\"inLanguage\":\"it-IT\",\"@id\":\"https:\\\/\\\/www.musikzeitung.ch\\\/wp-content\\\/uploads\\\/2022\\\/05\\\/usericon_musikzeitung-96x96.jpg\",\"url\":\"https:\\\/\\\/www.musikzeitung.ch\\\/wp-content\\\/uploads\\\/2022\\\/05\\\/usericon_musikzeitung-96x96.jpg\",\"contentUrl\":\"https:\\\/\\\/www.musikzeitung.ch\\\/wp-content\\\/uploads\\\/2022\\\/05\\\/usericon_musikzeitung-96x96.jpg\",\"caption\":\"Musikzeitung-Redaktion\"},\"url\":\"https:\\\/\\\/www.musikzeitung.ch\\\/it\\\/author\\\/admin\"}]}<\/script>\n<!-- \/ Yoast SEO plugin. -->","yoast_head_json":{"title":"Basler Evgenij-Gunst-Ausstellung in Moskau - Schweizer Musikzeitung","robots":{"index":"index","follow":"follow","max-snippet":"max-snippet:-1","max-image-preview":"max-image-preview:large","max-video-preview":"max-video-preview:-1"},"canonical":"https:\/\/www.musikzeitung.ch\/it\/anlaesse\/2014\/09\/basler-evgenij-gunst-ausstellung-in-moskau\/","og_locale":"it_IT","og_type":"article","og_title":"Basler Evgenij-Gunst-Ausstellung in Moskau - Schweizer Musikzeitung","og_description":"Der 2010 im Archivkeller des Musikwissenschaftlichen Seminars der Universit\u00e4t Basel gefundene Nachlass wird vom 10. September bis 5. Oktober im Staatlichen Glinka-Museum in Moskau gezeigt.","og_url":"https:\/\/www.musikzeitung.ch\/it\/anlaesse\/2014\/09\/basler-evgenij-gunst-ausstellung-in-moskau\/","og_site_name":"Schweizer Musikzeitung","article_publisher":"https:\/\/www.facebook.com\/SchweizerMusikzeitung\/","article_published_time":"2014-09-07T23:00:00+00:00","og_image":[{"width":554,"height":421,"url":"https:\/\/www.musikzeitung.ch\/wp-content\/uploads\/2023\/01\/eg1-2.jpg","type":"image\/jpeg"}],"author":"Musikzeitung-Redaktion","twitter_card":"summary_large_image","twitter_creator":"@smusikzeitung","twitter_site":"@smusikzeitung","twitter_misc":{"Scritto da":"Musikzeitung-Redaktion","Tempo di lettura stimato":"2 minuti"},"schema":{"@context":"https:\/\/schema.org","@graph":[{"@type":"Article","@id":"https:\/\/www.musikzeitung.ch\/anlaesse\/2014\/09\/basler-evgenij-gunst-ausstellung-in-moskau#article","isPartOf":{"@id":"https:\/\/www.musikzeitung.ch\/anlaesse\/2014\/09\/basler-evgenij-gunst-ausstellung-in-moskau"},"author":{"name":"Musikzeitung-Redaktion","@id":"https:\/\/www.musikzeitung.ch\/#\/schema\/person\/b2fd892c800856270b9dcc6001265712"},"headline":"Basler Evgenij-Gunst-Ausstellung in Moskau","datePublished":"2014-09-07T23:00:00+00:00","mainEntityOfPage":{"@id":"https:\/\/www.musikzeitung.ch\/anlaesse\/2014\/09\/basler-evgenij-gunst-ausstellung-in-moskau"},"wordCount":307,"commentCount":0,"publisher":{"@id":"https:\/\/www.musikzeitung.ch\/#organization"},"image":{"@id":"https:\/\/www.musikzeitung.ch\/anlaesse\/2014\/09\/basler-evgenij-gunst-ausstellung-in-moskau#primaryimage"},"thumbnailUrl":"https:\/\/www.musikzeitung.ch\/wp-content\/uploads\/2023\/01\/eg1-2.jpg","articleSection":["Anl\u00e4sse","Klassik"],"inLanguage":"it-IT"},{"@type":"WebPage","@id":"https:\/\/www.musikzeitung.ch\/anlaesse\/2014\/09\/basler-evgenij-gunst-ausstellung-in-moskau","url":"https:\/\/www.musikzeitung.ch\/anlaesse\/2014\/09\/basler-evgenij-gunst-ausstellung-in-moskau","name":"Basler Evgenij-Gunst-Ausstellung in Moskau - Schweizer Musikzeitung","isPartOf":{"@id":"https:\/\/www.musikzeitung.ch\/#website"},"primaryImageOfPage":{"@id":"https:\/\/www.musikzeitung.ch\/anlaesse\/2014\/09\/basler-evgenij-gunst-ausstellung-in-moskau#primaryimage"},"image":{"@id":"https:\/\/www.musikzeitung.ch\/anlaesse\/2014\/09\/basler-evgenij-gunst-ausstellung-in-moskau#primaryimage"},"thumbnailUrl":"https:\/\/www.musikzeitung.ch\/wp-content\/uploads\/2023\/01\/eg1-2.jpg","datePublished":"2014-09-07T23:00:00+00:00","breadcrumb":{"@id":"https:\/\/www.musikzeitung.ch\/anlaesse\/2014\/09\/basler-evgenij-gunst-ausstellung-in-moskau#breadcrumb"},"inLanguage":"it-IT","potentialAction":[{"@type":"ReadAction","target":["https:\/\/www.musikzeitung.ch\/anlaesse\/2014\/09\/basler-evgenij-gunst-ausstellung-in-moskau"]}]},{"@type":"ImageObject","inLanguage":"it-IT","@id":"https:\/\/www.musikzeitung.ch\/anlaesse\/2014\/09\/basler-evgenij-gunst-ausstellung-in-moskau#primaryimage","url":"https:\/\/www.musikzeitung.ch\/wp-content\/uploads\/2023\/01\/eg1-2.jpg","contentUrl":"https:\/\/www.musikzeitung.ch\/wp-content\/uploads\/2023\/01\/eg1-2.jpg","width":554,"height":421},{"@type":"BreadcrumbList","@id":"https:\/\/www.musikzeitung.ch\/anlaesse\/2014\/09\/basler-evgenij-gunst-ausstellung-in-moskau#breadcrumb","itemListElement":[{"@type":"ListItem","position":1,"name":"Home","item":"https:\/\/www.musikzeitung.ch\/"},{"@type":"ListItem","position":2,"name":"Basler Evgenij-Gunst-Ausstellung in Moskau"}]},{"@type":"WebSite","@id":"https:\/\/www.musikzeitung.ch\/#website","url":"https:\/\/www.musikzeitung.ch\/","name":"Giornale musicale svizzero","description":"Il principale mensile interdisciplinare della Svizzera per le questioni musicali.","publisher":{"@id":"https:\/\/www.musikzeitung.ch\/#organization"},"potentialAction":[{"@type":"SearchAction","target":{"@type":"EntryPoint","urlTemplate":"https:\/\/www.musikzeitung.ch\/?s={search_term_string}"},"query-input":{"@type":"PropertyValueSpecification","valueRequired":true,"valueName":"search_term_string"}}],"inLanguage":"it-IT"},{"@type":"Organization","@id":"https:\/\/www.musikzeitung.ch\/#organization","name":"Giornale musicale svizzero","url":"https:\/\/www.musikzeitung.ch\/","logo":{"@type":"ImageObject","inLanguage":"it-IT","@id":"https:\/\/www.musikzeitung.ch\/#\/schema\/logo\/image\/","url":"https:\/\/www.musikzeitung.ch\/wp-content\/uploads\/2023\/01\/SMZ_Schriftzug_Sprache.png","contentUrl":"https:\/\/www.musikzeitung.ch\/wp-content\/uploads\/2023\/01\/SMZ_Schriftzug_Sprache.png","width":1400,"height":279,"caption":"Schweizer Musikzeitung"},"image":{"@id":"https:\/\/www.musikzeitung.ch\/#\/schema\/logo\/image\/"},"sameAs":["https:\/\/www.facebook.com\/SchweizerMusikzeitung\/","https:\/\/x.com\/smusikzeitung","https:\/\/www.instagram.com\/musikzeitung.ch\/"]},{"@type":"Person","@id":"https:\/\/www.musikzeitung.ch\/#\/schema\/person\/b2fd892c800856270b9dcc6001265712","name":"Redazione Musikzeitung","image":{"@type":"ImageObject","inLanguage":"it-IT","@id":"https:\/\/www.musikzeitung.ch\/wp-content\/uploads\/2022\/05\/usericon_musikzeitung-96x96.jpg","url":"https:\/\/www.musikzeitung.ch\/wp-content\/uploads\/2022\/05\/usericon_musikzeitung-96x96.jpg","contentUrl":"https:\/\/www.musikzeitung.ch\/wp-content\/uploads\/2022\/05\/usericon_musikzeitung-96x96.jpg","caption":"Musikzeitung-Redaktion"},"url":"https:\/\/www.musikzeitung.ch\/it\/author\/admin"}]}},"publishpress_future_workflow_manual_trigger":{"enabledWorkflows":[]},"_links":{"self":[{"href":"https:\/\/www.musikzeitung.ch\/it\/wp-json\/wp\/v2\/posts\/1147","targetHints":{"allow":["GET"]}}],"collection":[{"href":"https:\/\/www.musikzeitung.ch\/it\/wp-json\/wp\/v2\/posts"}],"about":[{"href":"https:\/\/www.musikzeitung.ch\/it\/wp-json\/wp\/v2\/types\/post"}],"author":[{"embeddable":true,"href":"https:\/\/www.musikzeitung.ch\/it\/wp-json\/wp\/v2\/users\/1"}],"replies":[{"embeddable":true,"href":"https:\/\/www.musikzeitung.ch\/it\/wp-json\/wp\/v2\/comments?post=1147"}],"version-history":[{"count":0,"href":"https:\/\/www.musikzeitung.ch\/it\/wp-json\/wp\/v2\/posts\/1147\/revisions"}],"wp:featuredmedia":[{"embeddable":true,"href":"https:\/\/www.musikzeitung.ch\/it\/wp-json\/wp\/v2\/media\/1148"}],"wp:attachment":[{"href":"https:\/\/www.musikzeitung.ch\/it\/wp-json\/wp\/v2\/media?parent=1147"}],"wp:term":[{"taxonomy":"category","embeddable":true,"href":"https:\/\/www.musikzeitung.ch\/it\/wp-json\/wp\/v2\/categories?post=1147"},{"taxonomy":"post_tag","embeddable":true,"href":"https:\/\/www.musikzeitung.ch\/it\/wp-json\/wp\/v2\/tags?post=1147"}],"curies":[{"name":"wp","href":"https:\/\/api.w.org\/{rel}","templated":true}]}}