{"id":1638,"date":"2013-10-02T00:00:00","date_gmt":"2013-10-01T23:00:00","guid":{"rendered":"https:\/\/www.musikzeitung.ch\/allgemein\/sammlung-simmen-als-schenkung\/"},"modified":"2013-10-02T00:00:00","modified_gmt":"2013-10-01T23:00:00","slug":"sammlung-simmen-als-schenkung","status":"publish","type":"post","link":"https:\/\/www.musikzeitung.ch\/it\/anlaesse\/2013\/10\/sammlung-simmen-als-schenkung","title":{"rendered":"Collezione Simmen in donazione"},"content":{"rendered":"<figure style=\"width: 1200px\" class=\"wp-caption alignnone\"><img decoding=\"async\" class=\"size-full\" src=\"https:\/\/www.musikzeitung.ch\/wp-content\/uploads\/2023\/01\/xjpg-1.jpg\" alt=\"\" \/><figcaption class=\"wp-caption-text\">Stuff Smith e Johnny Simmen, maggio 1965, Foto: J\u00fcrg Koran,Foto: Nancy Miller Elliott, NY<\/figcaption><\/figure>\n<div class='text-section'>\n<p>Fin dalla prima giovinezza, Johnny Simmen (1918-2004) ha accumulato una collezione unica di libri, riviste, documenti, diverse migliaia di registrazioni di ogni genere e innumerevoli pubblicazioni e conferenze personali. Soprattutto LP in vinile. Tuttavia, preferiva ascoltare il jazz su gommalacca a 78 giri. L'attivit\u00e0 di collezionista non era al centro della sua vita, ma piuttosto la conoscenza, l'apprezzamento e il godimento della musica swing, cos\u00ec come le sue frequentazioni, anzi la sua intensa amicizia con numerosi musicisti, da Louis Armstrong a Teddy Wilson. Inoltre, ha diffuso il \"messaggio jazz\" in conferenze, lezioni, copertine di dischi, contributi a libri e articoli (migliaia di pubblicazioni su riviste jazz svizzere e internazionali) con un impegno unico e una competenza sempre aggiornata.<\/p>\n<p>Questa inestimabile collezione \u00e8 stata donata allo SwissJazzOrama di Uster dalla figlia di Simmen, Mich\u00e8le Pfenninger-Simmen. Sar\u00e0 conservata come Collezione Simmen separata e integrale e resa accessibile ai ricercatori e al pubblico. A tal fine, gli esperti di SwissJazzOrama stanno inizialmente compilando un inventario. Questo sar\u00e0 poi pubblicato su <a href='http:\/\/www.swissjazzorama.ch'>www.swissjazzorama.ch<\/a> rispettivamente <a href='http:\/\/www.jazzdaten.ch'>www.jazzdaten.ch<\/a> resi pubblicamente accessibili. Chiunque sia interessato a sostenere queste attivit\u00e0 pu\u00f2 contattare la segreteria di Uster: Tel. 044 940 19 82 o via e-mail: swiss@jazzorama.ch.<\/p>\n<\/div>\n<div class='text-section'>\n<dl class='picture media photo'>\n<dt>          <img class='media photo' src='https:\/\/www.musikzeitung.ch\/wp-content\/uploads\/2023\/01\/a-14.jpg' alt='Image '><\/dt>\n<dd class='copyright'>Foto: Nancy Miller Elliott, NY<\/dd>\n<dd class='caption'>Johnny Simmen 1983 <\/dd>\n<\/dl>\n<\/div>\n<div class='text-section'>\n<p>Hans-Georg \"Johnny\" Simmen \u00e8 nato il 7 aprile 1918 a Brugg AG. L\u00ec \u00e8 cresciuto in un ambiente ben protetto. Entrambi i genitori suonavano il pianoforte. Era quasi scontato che Hans-Georg prendesse lezioni di pianoforte. Conosceva quasi a memoria i numerosi dischi di musica classica presenti in casa. Poi, all'et\u00e0 di 11 anni, ha vissuto il suo momento pi\u00f9 bello: ha ascoltato per caso il brano di Louis Armstrong <em>Alligator Blues<\/em> con gli Hot Seven - e tutto il suo interesse si rivolse improvvisamente al jazz! Il suo entusiasmo probabilmente aument\u00f2 ancora di pi\u00f9 quando ascolt\u00f2 Louis Armstrong dal vivo alla Tonhalle di Zurigo nel 1934. Nel 1946, Johnny spos\u00f2 Liza Peretti, un'altrettanto entusiasta conoscitrice del jazz di Ginevra. I Simmen continuarono ad apprezzare la musica nel corso degli anni, cos\u00ec come le loro innumerevoli conoscenze e amicizie con musicisti e appassionati di jazz. <\/p>\n<p>Simmen \u00e8 stato per 37 anni un dipendente molto apprezzato e versatile di Swissair. La sua profonda conoscenza delle esigenze dei passeggeri, dei sistemi di prenotazione, delle normative internazionali in materia di viaggi e, soprattutto, le sue doti diplomatiche e il suo talento nel mettere d'accordo le persone lo rendevano l'organizzatore e il risolutore ideale. Tra l'altro, era responsabile di tutti i viaggi della famiglia di Thomas Mann. Stelle del jazz come Basie, Ellington, Goodman e le loro band, Ella Fitzgerald, Buck Clayton, Bill Coleman, Stuff Smith, Rex Stewart e Teddy Wilson non solo apprezzarono i suoi servizi. Erano anche felici di essere intervistati o accolti privatamente da lui durante i loro soggiorni a Zurigo. Per anni ha prodotto un nuovo programma jazz ogni due mesi per i voli a lungo raggio della Swissair: due ore di musica con brevi e concisi commenti. Oltre alle solite star, era sempre desideroso di presentare grandi talenti meno noti come Doc Cheatham, Henri Chaix, Dave McKenna, Tab Smith, Maxine Sullivan, Al Casey ed Ellis Larkins. <\/p>\n<p>Johnny Simmen promosse il jazz e i musicisti anche come fondatore e principale esponente di vari jazz club di Zurigo, come testimoniano i verbali del 1935. Fu anche un ricercato oratore in club stranieri e per sette anni fu membro della giuria del Festival Jazz Amatoriale di Zurigo.<br \/> \u00a0<\/p>\n<\/div>","protected":false},"excerpt":{"rendered":"<p><strong>La collezione privata di Johnny Simmen, conoscitore, pubblicista e mediatore di jazz stimato in tutto il mondo, si trova ora nell'Archivio svizzero del jazz.  <\/strong><\/p>","protected":false},"author":1,"featured_media":1639,"comment_status":"open","ping_status":"open","sticky":false,"template":"","format":"standard","meta":{"_acf_changed":false,"_relevanssi_hide_post":"","_relevanssi_hide_content":"","_relevanssi_pin_for_all":"","_relevanssi_pin_keywords":"","_relevanssi_unpin_keywords":"","_relevanssi_related_keywords":"","_relevanssi_related_include_ids":"","_relevanssi_related_exclude_ids":"","_relevanssi_related_no_append":"","_relevanssi_related_not_related":"","_relevanssi_related_posts":"","_relevanssi_noindex_reason":"","pgc_sgb_lightbox_settings":"","footnotes":""},"categories":[2,68],"tags":[],"class_list":["post-1638","post","type-post","status-publish","format-standard","has-post-thumbnail","hentry","category-anlaesse","category-jazz"],"acf":[],"yoast_head":"<!-- This site is optimized with the Yoast SEO plugin v27.4 - https:\/\/yoast.com\/product\/yoast-seo-wordpress\/ -->\n<title>Sammlung Simmen als Schenkung - Schweizer Musikzeitung<\/title>\n<meta name=\"robots\" content=\"index, follow, max-snippet:-1, max-image-preview:large, max-video-preview:-1\" \/>\n<link rel=\"canonical\" href=\"https:\/\/www.musikzeitung.ch\/it\/anlaesse\/2013\/10\/sammlung-simmen-als-schenkung\/\" \/>\n<meta property=\"og:locale\" content=\"it_IT\" \/>\n<meta property=\"og:type\" content=\"article\" \/>\n<meta property=\"og:title\" content=\"Sammlung Simmen als Schenkung - Schweizer Musikzeitung\" \/>\n<meta property=\"og:description\" content=\"Die private Sammlung von Johnny Simmen, dem weltweit respektierten Jazzkenner, -publizisten und -vermittler, steht jetzt im Schweizer Jazzarchiv.\" \/>\n<meta property=\"og:url\" content=\"https:\/\/www.musikzeitung.ch\/it\/anlaesse\/2013\/10\/sammlung-simmen-als-schenkung\/\" \/>\n<meta property=\"og:site_name\" content=\"Schweizer Musikzeitung\" \/>\n<meta property=\"article:publisher\" content=\"https:\/\/www.facebook.com\/SchweizerMusikzeitung\/\" \/>\n<meta property=\"article:published_time\" content=\"2013-10-01T23:00:00+00:00\" \/>\n<meta property=\"og:image\" content=\"https:\/\/www.musikzeitung.ch\/wp-content\/uploads\/2023\/01\/xjpg-1.jpg\" \/>\n\t<meta property=\"og:image:width\" content=\"554\" \/>\n\t<meta property=\"og:image:height\" content=\"330\" \/>\n\t<meta property=\"og:image:type\" content=\"image\/jpeg\" \/>\n<meta name=\"author\" content=\"Musikzeitung-Redaktion\" \/>\n<meta name=\"twitter:card\" content=\"summary_large_image\" \/>\n<meta name=\"twitter:creator\" content=\"@smusikzeitung\" \/>\n<meta name=\"twitter:site\" content=\"@smusikzeitung\" \/>\n<meta name=\"twitter:label1\" content=\"Scritto da\" \/>\n\t<meta name=\"twitter:data1\" content=\"Musikzeitung-Redaktion\" \/>\n\t<meta name=\"twitter:label2\" content=\"Tempo di lettura stimato\" \/>\n\t<meta name=\"twitter:data2\" content=\"3 minuti\" \/>\n<script type=\"application\/ld+json\" class=\"yoast-schema-graph\">{\"@context\":\"https:\\\/\\\/schema.org\",\"@graph\":[{\"@type\":\"Article\",\"@id\":\"https:\\\/\\\/www.musikzeitung.ch\\\/anlaesse\\\/2013\\\/10\\\/sammlung-simmen-als-schenkung#article\",\"isPartOf\":{\"@id\":\"https:\\\/\\\/www.musikzeitung.ch\\\/anlaesse\\\/2013\\\/10\\\/sammlung-simmen-als-schenkung\"},\"author\":{\"name\":\"Musikzeitung-Redaktion\",\"@id\":\"https:\\\/\\\/www.musikzeitung.ch\\\/#\\\/schema\\\/person\\\/b2fd892c800856270b9dcc6001265712\"},\"headline\":\"Sammlung Simmen als Schenkung\",\"datePublished\":\"2013-10-01T23:00:00+00:00\",\"mainEntityOfPage\":{\"@id\":\"https:\\\/\\\/www.musikzeitung.ch\\\/anlaesse\\\/2013\\\/10\\\/sammlung-simmen-als-schenkung\"},\"wordCount\":563,\"commentCount\":0,\"publisher\":{\"@id\":\"https:\\\/\\\/www.musikzeitung.ch\\\/#organization\"},\"image\":{\"@id\":\"https:\\\/\\\/www.musikzeitung.ch\\\/anlaesse\\\/2013\\\/10\\\/sammlung-simmen-als-schenkung#primaryimage\"},\"thumbnailUrl\":\"https:\\\/\\\/www.musikzeitung.ch\\\/wp-content\\\/uploads\\\/2023\\\/01\\\/xjpg-1.jpg\",\"articleSection\":[\"Anl\u00e4sse\",\"Jazz\"],\"inLanguage\":\"it-IT\"},{\"@type\":\"WebPage\",\"@id\":\"https:\\\/\\\/www.musikzeitung.ch\\\/anlaesse\\\/2013\\\/10\\\/sammlung-simmen-als-schenkung\",\"url\":\"https:\\\/\\\/www.musikzeitung.ch\\\/anlaesse\\\/2013\\\/10\\\/sammlung-simmen-als-schenkung\",\"name\":\"Sammlung Simmen als Schenkung - Schweizer Musikzeitung\",\"isPartOf\":{\"@id\":\"https:\\\/\\\/www.musikzeitung.ch\\\/#website\"},\"primaryImageOfPage\":{\"@id\":\"https:\\\/\\\/www.musikzeitung.ch\\\/anlaesse\\\/2013\\\/10\\\/sammlung-simmen-als-schenkung#primaryimage\"},\"image\":{\"@id\":\"https:\\\/\\\/www.musikzeitung.ch\\\/anlaesse\\\/2013\\\/10\\\/sammlung-simmen-als-schenkung#primaryimage\"},\"thumbnailUrl\":\"https:\\\/\\\/www.musikzeitung.ch\\\/wp-content\\\/uploads\\\/2023\\\/01\\\/xjpg-1.jpg\",\"datePublished\":\"2013-10-01T23:00:00+00:00\",\"breadcrumb\":{\"@id\":\"https:\\\/\\\/www.musikzeitung.ch\\\/anlaesse\\\/2013\\\/10\\\/sammlung-simmen-als-schenkung#breadcrumb\"},\"inLanguage\":\"it-IT\",\"potentialAction\":[{\"@type\":\"ReadAction\",\"target\":[\"https:\\\/\\\/www.musikzeitung.ch\\\/anlaesse\\\/2013\\\/10\\\/sammlung-simmen-als-schenkung\"]}]},{\"@type\":\"ImageObject\",\"inLanguage\":\"it-IT\",\"@id\":\"https:\\\/\\\/www.musikzeitung.ch\\\/anlaesse\\\/2013\\\/10\\\/sammlung-simmen-als-schenkung#primaryimage\",\"url\":\"https:\\\/\\\/www.musikzeitung.ch\\\/wp-content\\\/uploads\\\/2023\\\/01\\\/xjpg-1.jpg\",\"contentUrl\":\"https:\\\/\\\/www.musikzeitung.ch\\\/wp-content\\\/uploads\\\/2023\\\/01\\\/xjpg-1.jpg\",\"width\":554,\"height\":330},{\"@type\":\"BreadcrumbList\",\"@id\":\"https:\\\/\\\/www.musikzeitung.ch\\\/anlaesse\\\/2013\\\/10\\\/sammlung-simmen-als-schenkung#breadcrumb\",\"itemListElement\":[{\"@type\":\"ListItem\",\"position\":1,\"name\":\"Home\",\"item\":\"https:\\\/\\\/www.musikzeitung.ch\\\/\"},{\"@type\":\"ListItem\",\"position\":2,\"name\":\"Sammlung Simmen als Schenkung\"}]},{\"@type\":\"WebSite\",\"@id\":\"https:\\\/\\\/www.musikzeitung.ch\\\/#website\",\"url\":\"https:\\\/\\\/www.musikzeitung.ch\\\/\",\"name\":\"Schweizer Musikzeitung\",\"description\":\"Die f\u00fchrende sparten\u00fcbergreifende Monatszeitung in der Schweiz f\u00fcr musikalische Fragen.\",\"publisher\":{\"@id\":\"https:\\\/\\\/www.musikzeitung.ch\\\/#organization\"},\"potentialAction\":[{\"@type\":\"SearchAction\",\"target\":{\"@type\":\"EntryPoint\",\"urlTemplate\":\"https:\\\/\\\/www.musikzeitung.ch\\\/?s={search_term_string}\"},\"query-input\":{\"@type\":\"PropertyValueSpecification\",\"valueRequired\":true,\"valueName\":\"search_term_string\"}}],\"inLanguage\":\"it-IT\"},{\"@type\":\"Organization\",\"@id\":\"https:\\\/\\\/www.musikzeitung.ch\\\/#organization\",\"name\":\"Schweizer Musikzeitung\",\"url\":\"https:\\\/\\\/www.musikzeitung.ch\\\/\",\"logo\":{\"@type\":\"ImageObject\",\"inLanguage\":\"it-IT\",\"@id\":\"https:\\\/\\\/www.musikzeitung.ch\\\/#\\\/schema\\\/logo\\\/image\\\/\",\"url\":\"https:\\\/\\\/www.musikzeitung.ch\\\/wp-content\\\/uploads\\\/2023\\\/01\\\/SMZ_Schriftzug_Sprache.png\",\"contentUrl\":\"https:\\\/\\\/www.musikzeitung.ch\\\/wp-content\\\/uploads\\\/2023\\\/01\\\/SMZ_Schriftzug_Sprache.png\",\"width\":1400,\"height\":279,\"caption\":\"Schweizer Musikzeitung\"},\"image\":{\"@id\":\"https:\\\/\\\/www.musikzeitung.ch\\\/#\\\/schema\\\/logo\\\/image\\\/\"},\"sameAs\":[\"https:\\\/\\\/www.facebook.com\\\/SchweizerMusikzeitung\\\/\",\"https:\\\/\\\/x.com\\\/smusikzeitung\",\"https:\\\/\\\/www.instagram.com\\\/musikzeitung.ch\\\/\"]},{\"@type\":\"Person\",\"@id\":\"https:\\\/\\\/www.musikzeitung.ch\\\/#\\\/schema\\\/person\\\/b2fd892c800856270b9dcc6001265712\",\"name\":\"Musikzeitung-Redaktion\",\"image\":{\"@type\":\"ImageObject\",\"inLanguage\":\"it-IT\",\"@id\":\"https:\\\/\\\/www.musikzeitung.ch\\\/wp-content\\\/uploads\\\/2022\\\/05\\\/usericon_musikzeitung-96x96.jpg\",\"url\":\"https:\\\/\\\/www.musikzeitung.ch\\\/wp-content\\\/uploads\\\/2022\\\/05\\\/usericon_musikzeitung-96x96.jpg\",\"contentUrl\":\"https:\\\/\\\/www.musikzeitung.ch\\\/wp-content\\\/uploads\\\/2022\\\/05\\\/usericon_musikzeitung-96x96.jpg\",\"caption\":\"Musikzeitung-Redaktion\"},\"url\":\"https:\\\/\\\/www.musikzeitung.ch\\\/it\\\/author\\\/admin\"}]}<\/script>\n<!-- \/ Yoast SEO plugin. -->","yoast_head_json":{"title":"Donata la Collezione Simmen - Schweizer Musikzeitung","robots":{"index":"index","follow":"follow","max-snippet":"max-snippet:-1","max-image-preview":"max-image-preview:large","max-video-preview":"max-video-preview:-1"},"canonical":"https:\/\/www.musikzeitung.ch\/it\/anlaesse\/2013\/10\/sammlung-simmen-als-schenkung\/","og_locale":"it_IT","og_type":"article","og_title":"Sammlung Simmen als Schenkung - Schweizer Musikzeitung","og_description":"Die private Sammlung von Johnny Simmen, dem weltweit respektierten Jazzkenner, -publizisten und -vermittler, steht jetzt im Schweizer Jazzarchiv.","og_url":"https:\/\/www.musikzeitung.ch\/it\/anlaesse\/2013\/10\/sammlung-simmen-als-schenkung\/","og_site_name":"Schweizer Musikzeitung","article_publisher":"https:\/\/www.facebook.com\/SchweizerMusikzeitung\/","article_published_time":"2013-10-01T23:00:00+00:00","og_image":[{"width":554,"height":330,"url":"https:\/\/www.musikzeitung.ch\/wp-content\/uploads\/2023\/01\/xjpg-1.jpg","type":"image\/jpeg"}],"author":"Musikzeitung-Redaktion","twitter_card":"summary_large_image","twitter_creator":"@smusikzeitung","twitter_site":"@smusikzeitung","twitter_misc":{"Scritto da":"Musikzeitung-Redaktion","Tempo di lettura stimato":"3 minuti"},"schema":{"@context":"https:\/\/schema.org","@graph":[{"@type":"Article","@id":"https:\/\/www.musikzeitung.ch\/anlaesse\/2013\/10\/sammlung-simmen-als-schenkung#article","isPartOf":{"@id":"https:\/\/www.musikzeitung.ch\/anlaesse\/2013\/10\/sammlung-simmen-als-schenkung"},"author":{"name":"Musikzeitung-Redaktion","@id":"https:\/\/www.musikzeitung.ch\/#\/schema\/person\/b2fd892c800856270b9dcc6001265712"},"headline":"Sammlung Simmen als Schenkung","datePublished":"2013-10-01T23:00:00+00:00","mainEntityOfPage":{"@id":"https:\/\/www.musikzeitung.ch\/anlaesse\/2013\/10\/sammlung-simmen-als-schenkung"},"wordCount":563,"commentCount":0,"publisher":{"@id":"https:\/\/www.musikzeitung.ch\/#organization"},"image":{"@id":"https:\/\/www.musikzeitung.ch\/anlaesse\/2013\/10\/sammlung-simmen-als-schenkung#primaryimage"},"thumbnailUrl":"https:\/\/www.musikzeitung.ch\/wp-content\/uploads\/2023\/01\/xjpg-1.jpg","articleSection":["Anl\u00e4sse","Jazz"],"inLanguage":"it-IT"},{"@type":"WebPage","@id":"https:\/\/www.musikzeitung.ch\/anlaesse\/2013\/10\/sammlung-simmen-als-schenkung","url":"https:\/\/www.musikzeitung.ch\/anlaesse\/2013\/10\/sammlung-simmen-als-schenkung","name":"Donata la Collezione Simmen - Schweizer Musikzeitung","isPartOf":{"@id":"https:\/\/www.musikzeitung.ch\/#website"},"primaryImageOfPage":{"@id":"https:\/\/www.musikzeitung.ch\/anlaesse\/2013\/10\/sammlung-simmen-als-schenkung#primaryimage"},"image":{"@id":"https:\/\/www.musikzeitung.ch\/anlaesse\/2013\/10\/sammlung-simmen-als-schenkung#primaryimage"},"thumbnailUrl":"https:\/\/www.musikzeitung.ch\/wp-content\/uploads\/2023\/01\/xjpg-1.jpg","datePublished":"2013-10-01T23:00:00+00:00","breadcrumb":{"@id":"https:\/\/www.musikzeitung.ch\/anlaesse\/2013\/10\/sammlung-simmen-als-schenkung#breadcrumb"},"inLanguage":"it-IT","potentialAction":[{"@type":"ReadAction","target":["https:\/\/www.musikzeitung.ch\/anlaesse\/2013\/10\/sammlung-simmen-als-schenkung"]}]},{"@type":"ImageObject","inLanguage":"it-IT","@id":"https:\/\/www.musikzeitung.ch\/anlaesse\/2013\/10\/sammlung-simmen-als-schenkung#primaryimage","url":"https:\/\/www.musikzeitung.ch\/wp-content\/uploads\/2023\/01\/xjpg-1.jpg","contentUrl":"https:\/\/www.musikzeitung.ch\/wp-content\/uploads\/2023\/01\/xjpg-1.jpg","width":554,"height":330},{"@type":"BreadcrumbList","@id":"https:\/\/www.musikzeitung.ch\/anlaesse\/2013\/10\/sammlung-simmen-als-schenkung#breadcrumb","itemListElement":[{"@type":"ListItem","position":1,"name":"Home","item":"https:\/\/www.musikzeitung.ch\/"},{"@type":"ListItem","position":2,"name":"Sammlung Simmen als Schenkung"}]},{"@type":"WebSite","@id":"https:\/\/www.musikzeitung.ch\/#website","url":"https:\/\/www.musikzeitung.ch\/","name":"Giornale musicale svizzero","description":"Il principale mensile interdisciplinare della Svizzera per le questioni musicali.","publisher":{"@id":"https:\/\/www.musikzeitung.ch\/#organization"},"potentialAction":[{"@type":"SearchAction","target":{"@type":"EntryPoint","urlTemplate":"https:\/\/www.musikzeitung.ch\/?s={search_term_string}"},"query-input":{"@type":"PropertyValueSpecification","valueRequired":true,"valueName":"search_term_string"}}],"inLanguage":"it-IT"},{"@type":"Organization","@id":"https:\/\/www.musikzeitung.ch\/#organization","name":"Giornale musicale svizzero","url":"https:\/\/www.musikzeitung.ch\/","logo":{"@type":"ImageObject","inLanguage":"it-IT","@id":"https:\/\/www.musikzeitung.ch\/#\/schema\/logo\/image\/","url":"https:\/\/www.musikzeitung.ch\/wp-content\/uploads\/2023\/01\/SMZ_Schriftzug_Sprache.png","contentUrl":"https:\/\/www.musikzeitung.ch\/wp-content\/uploads\/2023\/01\/SMZ_Schriftzug_Sprache.png","width":1400,"height":279,"caption":"Schweizer Musikzeitung"},"image":{"@id":"https:\/\/www.musikzeitung.ch\/#\/schema\/logo\/image\/"},"sameAs":["https:\/\/www.facebook.com\/SchweizerMusikzeitung\/","https:\/\/x.com\/smusikzeitung","https:\/\/www.instagram.com\/musikzeitung.ch\/"]},{"@type":"Person","@id":"https:\/\/www.musikzeitung.ch\/#\/schema\/person\/b2fd892c800856270b9dcc6001265712","name":"Redazione Musikzeitung","image":{"@type":"ImageObject","inLanguage":"it-IT","@id":"https:\/\/www.musikzeitung.ch\/wp-content\/uploads\/2022\/05\/usericon_musikzeitung-96x96.jpg","url":"https:\/\/www.musikzeitung.ch\/wp-content\/uploads\/2022\/05\/usericon_musikzeitung-96x96.jpg","contentUrl":"https:\/\/www.musikzeitung.ch\/wp-content\/uploads\/2022\/05\/usericon_musikzeitung-96x96.jpg","caption":"Musikzeitung-Redaktion"},"url":"https:\/\/www.musikzeitung.ch\/it\/author\/admin"}]}},"publishpress_future_workflow_manual_trigger":{"enabledWorkflows":[]},"_links":{"self":[{"href":"https:\/\/www.musikzeitung.ch\/it\/wp-json\/wp\/v2\/posts\/1638","targetHints":{"allow":["GET"]}}],"collection":[{"href":"https:\/\/www.musikzeitung.ch\/it\/wp-json\/wp\/v2\/posts"}],"about":[{"href":"https:\/\/www.musikzeitung.ch\/it\/wp-json\/wp\/v2\/types\/post"}],"author":[{"embeddable":true,"href":"https:\/\/www.musikzeitung.ch\/it\/wp-json\/wp\/v2\/users\/1"}],"replies":[{"embeddable":true,"href":"https:\/\/www.musikzeitung.ch\/it\/wp-json\/wp\/v2\/comments?post=1638"}],"version-history":[{"count":0,"href":"https:\/\/www.musikzeitung.ch\/it\/wp-json\/wp\/v2\/posts\/1638\/revisions"}],"wp:featuredmedia":[{"embeddable":true,"href":"https:\/\/www.musikzeitung.ch\/it\/wp-json\/wp\/v2\/media\/1639"}],"wp:attachment":[{"href":"https:\/\/www.musikzeitung.ch\/it\/wp-json\/wp\/v2\/media?parent=1638"}],"wp:term":[{"taxonomy":"category","embeddable":true,"href":"https:\/\/www.musikzeitung.ch\/it\/wp-json\/wp\/v2\/categories?post=1638"},{"taxonomy":"post_tag","embeddable":true,"href":"https:\/\/www.musikzeitung.ch\/it\/wp-json\/wp\/v2\/tags?post=1638"}],"curies":[{"name":"wp","href":"https:\/\/api.w.org\/{rel}","templated":true}]}}