{"id":17043,"date":"2018-08-24T00:00:00","date_gmt":"2018-08-23T23:00:00","guid":{"rendered":"https:\/\/www.musikzeitung.ch\/allgemein\/langzeitwirkung-von-musikschulunterricht\/"},"modified":"2023-01-18T01:11:50","modified_gmt":"2023-01-18T00:11:50","slug":"langzeitwirkung-von-musikschulunterricht","status":"publish","type":"post","link":"https:\/\/www.musikzeitung.ch\/it\/aus-und-weiterbildung\/2018\/08\/langzeitwirkung-von-musikschulunterricht","title":{"rendered":"Effetti a lungo termine delle lezioni della scuola di musica"},"content":{"rendered":"<figure style=\"width: 1200px\" class=\"wp-caption alignnone\"><img decoding=\"async\" class=\"size-full\" src=\"https:\/\/www.musikzeitung.ch\/wp-content\/uploads\/2023\/01\/lw-3.jpg\" alt=\"\" \/><figcaption class=\"wp-caption-text\">Foto: sergeyklopotov\/fotolia.com<\/figcaption><\/figure>\n<div class='text-section'>\n<p>Il rapporto dell'Ufficio Federale di Statistica sulla <em>Comportamento culturale in Svizzera <\/em>(<em>Un'analisi approfondita - Indagine 2008<\/em>Neuch\u00e2tel 2011) afferma: \"In Svizzera, una persona su cinque suona uno strumento musicale\" e aggiunge che quasi la met\u00e0 della popolazione svizzera (47 %) ha completato almeno un anno di formazione musicale non professionale. Ci\u00f2 significa che circa 43 % di ex studenti di musica continuano a fare musica.<\/p>\n<p>Tuttavia, l'investimento di fondi pubblici non pu\u00f2 essere giustificato solo dall'attivit\u00e0 musicale in et\u00e0 adulta, ma soprattutto dal guadagno di musicalit\u00e0 e cultura. Se gli ex alunni ascoltano la musica con maggiore frequenza e consapevolezza, contribuiscono alla conservazione e all'ulteriore sviluppo della tradizione musicale e alla sua diffusione.<\/p>\n<p>Il programma CAS (Scuola di Musica di Lucerna) <em>Effetti a lungo termine dell'insegnamento strumentale e vocale<\/em> <em>presso le scuole di musica<\/em> ha analizzato la sostenibilit\u00e0 delle lezioni di musica utilizzando un campione di persone iscritte alla Scuola di musica di Olten o membri del programma musicale giovanile nell'anno scolastico 2004\/2005. In totale hanno partecipato all'indagine 99 persone su 491 invitate.<\/p>\n<p>Rispetto alle statistiche federali sul comportamento culturale in Svizzera, 63 % degli ex studenti sono ancora attivi musicalmente. \u00c8 inoltre degno di nota il fatto che 8 % delle persone che hanno partecipato all'indagine si guadagnano da vivere con la musica. Tuttavia, a partecipare al sondaggio sono state soprattutto persone interessate alla musica. <br \/> \u00a0<\/p>\n<\/p><\/div>\n<div>\n<h3 class=''><span>Fare musica con gli amici fa la differenza<\/span><\/h3>\n<\/p><\/div>\n<div class='text-section'>\n<p>Dei partecipanti, 80 % facevano parte di un ensemble nell'anno scolastico 2004\/2005; la maggior parte di loro (66 %) suonava in un ensemble alla scuola di musica o nella musica giovanile, il resto con amici o familiari.<\/p>\n<p>L'attivit\u00e0 in ensemble alla scuola di musica non \u00e8 di per s\u00e9 un indicatore del successivo fare musica, da soli o con altri. Tuttavia, \u00e8 molto probabile che le persone che hanno gi\u00e0 fatto musica privatamente con amici e familiari a scuola continuino a farlo da adulti, poich\u00e9 fare musica con gli amici nasce da una particolare motivazione intrinseca che si protrae anche in et\u00e0 adulta. Questo non \u00e8 un argomento contro la promozione di ensemble nella scuola di musica stessa, ma la creazione di infrastrutture (sale prova) o di opportunit\u00e0 di esibizione per gruppi e ensemble privati dovrebbe anche aumentare la sostenibilit\u00e0 delle lezioni di musica.<\/p>\n<p>Le lezioni di musica come parte dell'istruzione sono molto apprezzate dai partecipanti: 90 % hanno dichiarato che vorrebbero che i propri figli prendessero lezioni alla scuola di musica se si presentasse l'opportunit\u00e0: un forte voto a favore della sua importanza.<\/p>\n<p>Secondo i partecipanti allo studio, i benefici delle lezioni di musica non si limitano alle competenze musicali: L'acquisizione di disciplina e concentrazione \u00e8 stata citata quasi con la stessa frequenza dell'apprendimento di abilit\u00e0 musicali pratiche e di nozioni di teoria musicale. Inoltre, hanno descritto l'educazione musicale e culturale, le capacit\u00e0 di esecuzione e la capacit\u00e0 di concentrazione come contributi importanti delle lezioni di strumento al loro sviluppo personale.<br \/> \u00a0<\/p>\n<\/p><\/div>\n<div>\n<blockquote class='text-section'>\n<p><a href='\/dms\/pdf\/Langzeitwirkung-des-instrumentalen-und-vokalen-Unterrichts-an-Musikschulen\/Langzeitwirkung%20des%20instrumentalen%20und%20vokalen%20Unterrichts%20an%20Musikschulen.pdf'><strong>Link allo studio (PDF)<\/strong><\/a><\/p>\n<\/blockquote><\/div>","protected":false},"excerpt":{"rendered":"<p><strong>Molti ex studenti di musica non sono pi\u00f9 attivi musicalmente da adulti. Le lezioni di strumento e canto che mirano a raggiungere il maggior numero possibile di bambini e giovani sono quindi un investimento sostenibile nell'istruzione?<\/strong><\/p>","protected":false},"author":1,"featured_media":15239,"comment_status":"open","ping_status":"open","sticky":false,"template":"","format":"standard","meta":{"_acf_changed":false,"_relevanssi_hide_post":"","_relevanssi_hide_content":"","_relevanssi_pin_for_all":"","_relevanssi_pin_keywords":"","_relevanssi_unpin_keywords":"","_relevanssi_related_keywords":"","_relevanssi_related_include_ids":"","_relevanssi_related_exclude_ids":"","_relevanssi_related_no_append":"","_relevanssi_related_not_related":"","_relevanssi_related_posts":"","_relevanssi_noindex_reason":"","pgc_sgb_lightbox_settings":"","footnotes":""},"categories":[447,498],"tags":[],"class_list":["post-17043","post","type-post","status-publish","format-standard","has-post-thumbnail","hentry","category-aus-und-weiterbildung","category-musikschule"],"acf":[],"yoast_head":"<!-- This site is optimized with the Yoast SEO plugin v27.4 - https:\/\/yoast.com\/product\/yoast-seo-wordpress\/ -->\n<title>Langzeitwirkung von Musikschulunterricht - Schweizer Musikzeitung<\/title>\n<meta name=\"robots\" content=\"index, follow, max-snippet:-1, max-image-preview:large, max-video-preview:-1\" \/>\n<link rel=\"canonical\" href=\"https:\/\/www.musikzeitung.ch\/it\/aus-und-weiterbildung\/2018\/08\/langzeitwirkung-von-musikschulunterricht\/\" \/>\n<meta property=\"og:locale\" content=\"it_IT\" \/>\n<meta property=\"og:type\" content=\"article\" \/>\n<meta property=\"og:title\" content=\"Langzeitwirkung von Musikschulunterricht - Schweizer Musikzeitung\" \/>\n<meta property=\"og:description\" content=\"Viele ehemalige Musiksch\u00fclerinnen und -sch\u00fcler sind als Erwachsene nicht mehr musikalisch aktiv. Ist also ein Instrumental- und Gesangsunterricht, der darauf abzielt, m\u00f6glichst viele Kinder und Jugendliche zu erreichen, als Bildungsinvestition nachhaltig?\" \/>\n<meta property=\"og:url\" content=\"https:\/\/www.musikzeitung.ch\/it\/aus-und-weiterbildung\/2018\/08\/langzeitwirkung-von-musikschulunterricht\/\" \/>\n<meta property=\"og:site_name\" content=\"Schweizer Musikzeitung\" \/>\n<meta property=\"article:publisher\" content=\"https:\/\/www.facebook.com\/SchweizerMusikzeitung\/\" \/>\n<meta property=\"article:published_time\" content=\"2018-08-23T23:00:00+00:00\" \/>\n<meta property=\"article:modified_time\" content=\"2023-01-18T00:11:50+00:00\" \/>\n<meta property=\"og:image\" content=\"https:\/\/www.musikzeitung.ch\/wp-content\/uploads\/2023\/01\/lw-3.jpg\" \/>\n\t<meta property=\"og:image:width\" content=\"554\" \/>\n\t<meta property=\"og:image:height\" content=\"368\" \/>\n\t<meta property=\"og:image:type\" content=\"image\/jpeg\" \/>\n<meta name=\"author\" content=\"Musikzeitung-Redaktion\" \/>\n<meta name=\"twitter:card\" content=\"summary_large_image\" \/>\n<meta name=\"twitter:creator\" content=\"@smusikzeitung\" \/>\n<meta name=\"twitter:site\" content=\"@smusikzeitung\" \/>\n<meta name=\"twitter:label1\" content=\"Scritto da\" \/>\n\t<meta name=\"twitter:data1\" content=\"Musikzeitung-Redaktion\" \/>\n\t<meta name=\"twitter:label2\" content=\"Tempo di lettura stimato\" \/>\n\t<meta name=\"twitter:data2\" content=\"2 minuti\" \/>\n<script type=\"application\/ld+json\" class=\"yoast-schema-graph\">{\"@context\":\"https:\\\/\\\/schema.org\",\"@graph\":[{\"@type\":\"Article\",\"@id\":\"https:\\\/\\\/www.musikzeitung.ch\\\/aus-und-weiterbildung\\\/2018\\\/08\\\/langzeitwirkung-von-musikschulunterricht#article\",\"isPartOf\":{\"@id\":\"https:\\\/\\\/www.musikzeitung.ch\\\/aus-und-weiterbildung\\\/2018\\\/08\\\/langzeitwirkung-von-musikschulunterricht\"},\"author\":{\"name\":\"Musikzeitung-Redaktion\",\"@id\":\"https:\\\/\\\/www.musikzeitung.ch\\\/#\\\/schema\\\/person\\\/b2fd892c800856270b9dcc6001265712\"},\"headline\":\"Langzeitwirkung von Musikschulunterricht\",\"datePublished\":\"2018-08-23T23:00:00+00:00\",\"dateModified\":\"2023-01-18T00:11:50+00:00\",\"mainEntityOfPage\":{\"@id\":\"https:\\\/\\\/www.musikzeitung.ch\\\/aus-und-weiterbildung\\\/2018\\\/08\\\/langzeitwirkung-von-musikschulunterricht\"},\"wordCount\":486,\"commentCount\":0,\"publisher\":{\"@id\":\"https:\\\/\\\/www.musikzeitung.ch\\\/#organization\"},\"image\":{\"@id\":\"https:\\\/\\\/www.musikzeitung.ch\\\/aus-und-weiterbildung\\\/2018\\\/08\\\/langzeitwirkung-von-musikschulunterricht#primaryimage\"},\"thumbnailUrl\":\"https:\\\/\\\/www.musikzeitung.ch\\\/wp-content\\\/uploads\\\/2023\\\/01\\\/lw-3.jpg\",\"articleSection\":[\"Aus- und Weiterbildung\",\"Musikschule\"],\"inLanguage\":\"it-IT\"},{\"@type\":\"WebPage\",\"@id\":\"https:\\\/\\\/www.musikzeitung.ch\\\/aus-und-weiterbildung\\\/2018\\\/08\\\/langzeitwirkung-von-musikschulunterricht\",\"url\":\"https:\\\/\\\/www.musikzeitung.ch\\\/aus-und-weiterbildung\\\/2018\\\/08\\\/langzeitwirkung-von-musikschulunterricht\",\"name\":\"Langzeitwirkung von Musikschulunterricht - Schweizer Musikzeitung\",\"isPartOf\":{\"@id\":\"https:\\\/\\\/www.musikzeitung.ch\\\/#website\"},\"primaryImageOfPage\":{\"@id\":\"https:\\\/\\\/www.musikzeitung.ch\\\/aus-und-weiterbildung\\\/2018\\\/08\\\/langzeitwirkung-von-musikschulunterricht#primaryimage\"},\"image\":{\"@id\":\"https:\\\/\\\/www.musikzeitung.ch\\\/aus-und-weiterbildung\\\/2018\\\/08\\\/langzeitwirkung-von-musikschulunterricht#primaryimage\"},\"thumbnailUrl\":\"https:\\\/\\\/www.musikzeitung.ch\\\/wp-content\\\/uploads\\\/2023\\\/01\\\/lw-3.jpg\",\"datePublished\":\"2018-08-23T23:00:00+00:00\",\"dateModified\":\"2023-01-18T00:11:50+00:00\",\"breadcrumb\":{\"@id\":\"https:\\\/\\\/www.musikzeitung.ch\\\/aus-und-weiterbildung\\\/2018\\\/08\\\/langzeitwirkung-von-musikschulunterricht#breadcrumb\"},\"inLanguage\":\"it-IT\",\"potentialAction\":[{\"@type\":\"ReadAction\",\"target\":[\"https:\\\/\\\/www.musikzeitung.ch\\\/aus-und-weiterbildung\\\/2018\\\/08\\\/langzeitwirkung-von-musikschulunterricht\"]}]},{\"@type\":\"ImageObject\",\"inLanguage\":\"it-IT\",\"@id\":\"https:\\\/\\\/www.musikzeitung.ch\\\/aus-und-weiterbildung\\\/2018\\\/08\\\/langzeitwirkung-von-musikschulunterricht#primaryimage\",\"url\":\"https:\\\/\\\/www.musikzeitung.ch\\\/wp-content\\\/uploads\\\/2023\\\/01\\\/lw-3.jpg\",\"contentUrl\":\"https:\\\/\\\/www.musikzeitung.ch\\\/wp-content\\\/uploads\\\/2023\\\/01\\\/lw-3.jpg\",\"width\":554,\"height\":368},{\"@type\":\"BreadcrumbList\",\"@id\":\"https:\\\/\\\/www.musikzeitung.ch\\\/aus-und-weiterbildung\\\/2018\\\/08\\\/langzeitwirkung-von-musikschulunterricht#breadcrumb\",\"itemListElement\":[{\"@type\":\"ListItem\",\"position\":1,\"name\":\"Home\",\"item\":\"https:\\\/\\\/www.musikzeitung.ch\\\/\"},{\"@type\":\"ListItem\",\"position\":2,\"name\":\"Langzeitwirkung von Musikschulunterricht\"}]},{\"@type\":\"WebSite\",\"@id\":\"https:\\\/\\\/www.musikzeitung.ch\\\/#website\",\"url\":\"https:\\\/\\\/www.musikzeitung.ch\\\/\",\"name\":\"Schweizer Musikzeitung\",\"description\":\"Die f\u00fchrende sparten\u00fcbergreifende Monatszeitung in der Schweiz f\u00fcr musikalische Fragen.\",\"publisher\":{\"@id\":\"https:\\\/\\\/www.musikzeitung.ch\\\/#organization\"},\"potentialAction\":[{\"@type\":\"SearchAction\",\"target\":{\"@type\":\"EntryPoint\",\"urlTemplate\":\"https:\\\/\\\/www.musikzeitung.ch\\\/?s={search_term_string}\"},\"query-input\":{\"@type\":\"PropertyValueSpecification\",\"valueRequired\":true,\"valueName\":\"search_term_string\"}}],\"inLanguage\":\"it-IT\"},{\"@type\":\"Organization\",\"@id\":\"https:\\\/\\\/www.musikzeitung.ch\\\/#organization\",\"name\":\"Schweizer Musikzeitung\",\"url\":\"https:\\\/\\\/www.musikzeitung.ch\\\/\",\"logo\":{\"@type\":\"ImageObject\",\"inLanguage\":\"it-IT\",\"@id\":\"https:\\\/\\\/www.musikzeitung.ch\\\/#\\\/schema\\\/logo\\\/image\\\/\",\"url\":\"https:\\\/\\\/www.musikzeitung.ch\\\/wp-content\\\/uploads\\\/2023\\\/01\\\/SMZ_Schriftzug_Sprache.png\",\"contentUrl\":\"https:\\\/\\\/www.musikzeitung.ch\\\/wp-content\\\/uploads\\\/2023\\\/01\\\/SMZ_Schriftzug_Sprache.png\",\"width\":1400,\"height\":279,\"caption\":\"Schweizer Musikzeitung\"},\"image\":{\"@id\":\"https:\\\/\\\/www.musikzeitung.ch\\\/#\\\/schema\\\/logo\\\/image\\\/\"},\"sameAs\":[\"https:\\\/\\\/www.facebook.com\\\/SchweizerMusikzeitung\\\/\",\"https:\\\/\\\/x.com\\\/smusikzeitung\",\"https:\\\/\\\/www.instagram.com\\\/musikzeitung.ch\\\/\"]},{\"@type\":\"Person\",\"@id\":\"https:\\\/\\\/www.musikzeitung.ch\\\/#\\\/schema\\\/person\\\/b2fd892c800856270b9dcc6001265712\",\"name\":\"Musikzeitung-Redaktion\",\"image\":{\"@type\":\"ImageObject\",\"inLanguage\":\"it-IT\",\"@id\":\"https:\\\/\\\/www.musikzeitung.ch\\\/wp-content\\\/uploads\\\/2022\\\/05\\\/usericon_musikzeitung-96x96.jpg\",\"url\":\"https:\\\/\\\/www.musikzeitung.ch\\\/wp-content\\\/uploads\\\/2022\\\/05\\\/usericon_musikzeitung-96x96.jpg\",\"contentUrl\":\"https:\\\/\\\/www.musikzeitung.ch\\\/wp-content\\\/uploads\\\/2022\\\/05\\\/usericon_musikzeitung-96x96.jpg\",\"caption\":\"Musikzeitung-Redaktion\"},\"url\":\"https:\\\/\\\/www.musikzeitung.ch\\\/it\\\/author\\\/admin\"}]}<\/script>\n<!-- \/ Yoast SEO plugin. -->","yoast_head_json":{"title":"Effetti a lungo termine delle lezioni della scuola di musica - Schweizer Musikzeitung","robots":{"index":"index","follow":"follow","max-snippet":"max-snippet:-1","max-image-preview":"max-image-preview:large","max-video-preview":"max-video-preview:-1"},"canonical":"https:\/\/www.musikzeitung.ch\/it\/aus-und-weiterbildung\/2018\/08\/langzeitwirkung-von-musikschulunterricht\/","og_locale":"it_IT","og_type":"article","og_title":"Langzeitwirkung von Musikschulunterricht - Schweizer Musikzeitung","og_description":"Viele ehemalige Musiksch\u00fclerinnen und -sch\u00fcler sind als Erwachsene nicht mehr musikalisch aktiv. Ist also ein Instrumental- und Gesangsunterricht, der darauf abzielt, m\u00f6glichst viele Kinder und Jugendliche zu erreichen, als Bildungsinvestition nachhaltig?","og_url":"https:\/\/www.musikzeitung.ch\/it\/aus-und-weiterbildung\/2018\/08\/langzeitwirkung-von-musikschulunterricht\/","og_site_name":"Schweizer Musikzeitung","article_publisher":"https:\/\/www.facebook.com\/SchweizerMusikzeitung\/","article_published_time":"2018-08-23T23:00:00+00:00","article_modified_time":"2023-01-18T00:11:50+00:00","og_image":[{"width":554,"height":368,"url":"https:\/\/www.musikzeitung.ch\/wp-content\/uploads\/2023\/01\/lw-3.jpg","type":"image\/jpeg"}],"author":"Musikzeitung-Redaktion","twitter_card":"summary_large_image","twitter_creator":"@smusikzeitung","twitter_site":"@smusikzeitung","twitter_misc":{"Scritto da":"Musikzeitung-Redaktion","Tempo di lettura stimato":"2 minuti"},"schema":{"@context":"https:\/\/schema.org","@graph":[{"@type":"Article","@id":"https:\/\/www.musikzeitung.ch\/aus-und-weiterbildung\/2018\/08\/langzeitwirkung-von-musikschulunterricht#article","isPartOf":{"@id":"https:\/\/www.musikzeitung.ch\/aus-und-weiterbildung\/2018\/08\/langzeitwirkung-von-musikschulunterricht"},"author":{"name":"Musikzeitung-Redaktion","@id":"https:\/\/www.musikzeitung.ch\/#\/schema\/person\/b2fd892c800856270b9dcc6001265712"},"headline":"Langzeitwirkung von Musikschulunterricht","datePublished":"2018-08-23T23:00:00+00:00","dateModified":"2023-01-18T00:11:50+00:00","mainEntityOfPage":{"@id":"https:\/\/www.musikzeitung.ch\/aus-und-weiterbildung\/2018\/08\/langzeitwirkung-von-musikschulunterricht"},"wordCount":486,"commentCount":0,"publisher":{"@id":"https:\/\/www.musikzeitung.ch\/#organization"},"image":{"@id":"https:\/\/www.musikzeitung.ch\/aus-und-weiterbildung\/2018\/08\/langzeitwirkung-von-musikschulunterricht#primaryimage"},"thumbnailUrl":"https:\/\/www.musikzeitung.ch\/wp-content\/uploads\/2023\/01\/lw-3.jpg","articleSection":["Aus- und Weiterbildung","Musikschule"],"inLanguage":"it-IT"},{"@type":"WebPage","@id":"https:\/\/www.musikzeitung.ch\/aus-und-weiterbildung\/2018\/08\/langzeitwirkung-von-musikschulunterricht","url":"https:\/\/www.musikzeitung.ch\/aus-und-weiterbildung\/2018\/08\/langzeitwirkung-von-musikschulunterricht","name":"Effetti a lungo termine delle lezioni della scuola di musica - Schweizer Musikzeitung","isPartOf":{"@id":"https:\/\/www.musikzeitung.ch\/#website"},"primaryImageOfPage":{"@id":"https:\/\/www.musikzeitung.ch\/aus-und-weiterbildung\/2018\/08\/langzeitwirkung-von-musikschulunterricht#primaryimage"},"image":{"@id":"https:\/\/www.musikzeitung.ch\/aus-und-weiterbildung\/2018\/08\/langzeitwirkung-von-musikschulunterricht#primaryimage"},"thumbnailUrl":"https:\/\/www.musikzeitung.ch\/wp-content\/uploads\/2023\/01\/lw-3.jpg","datePublished":"2018-08-23T23:00:00+00:00","dateModified":"2023-01-18T00:11:50+00:00","breadcrumb":{"@id":"https:\/\/www.musikzeitung.ch\/aus-und-weiterbildung\/2018\/08\/langzeitwirkung-von-musikschulunterricht#breadcrumb"},"inLanguage":"it-IT","potentialAction":[{"@type":"ReadAction","target":["https:\/\/www.musikzeitung.ch\/aus-und-weiterbildung\/2018\/08\/langzeitwirkung-von-musikschulunterricht"]}]},{"@type":"ImageObject","inLanguage":"it-IT","@id":"https:\/\/www.musikzeitung.ch\/aus-und-weiterbildung\/2018\/08\/langzeitwirkung-von-musikschulunterricht#primaryimage","url":"https:\/\/www.musikzeitung.ch\/wp-content\/uploads\/2023\/01\/lw-3.jpg","contentUrl":"https:\/\/www.musikzeitung.ch\/wp-content\/uploads\/2023\/01\/lw-3.jpg","width":554,"height":368},{"@type":"BreadcrumbList","@id":"https:\/\/www.musikzeitung.ch\/aus-und-weiterbildung\/2018\/08\/langzeitwirkung-von-musikschulunterricht#breadcrumb","itemListElement":[{"@type":"ListItem","position":1,"name":"Home","item":"https:\/\/www.musikzeitung.ch\/"},{"@type":"ListItem","position":2,"name":"Langzeitwirkung von Musikschulunterricht"}]},{"@type":"WebSite","@id":"https:\/\/www.musikzeitung.ch\/#website","url":"https:\/\/www.musikzeitung.ch\/","name":"Giornale musicale svizzero","description":"Il principale mensile interdisciplinare della Svizzera per le questioni musicali.","publisher":{"@id":"https:\/\/www.musikzeitung.ch\/#organization"},"potentialAction":[{"@type":"SearchAction","target":{"@type":"EntryPoint","urlTemplate":"https:\/\/www.musikzeitung.ch\/?s={search_term_string}"},"query-input":{"@type":"PropertyValueSpecification","valueRequired":true,"valueName":"search_term_string"}}],"inLanguage":"it-IT"},{"@type":"Organization","@id":"https:\/\/www.musikzeitung.ch\/#organization","name":"Giornale musicale svizzero","url":"https:\/\/www.musikzeitung.ch\/","logo":{"@type":"ImageObject","inLanguage":"it-IT","@id":"https:\/\/www.musikzeitung.ch\/#\/schema\/logo\/image\/","url":"https:\/\/www.musikzeitung.ch\/wp-content\/uploads\/2023\/01\/SMZ_Schriftzug_Sprache.png","contentUrl":"https:\/\/www.musikzeitung.ch\/wp-content\/uploads\/2023\/01\/SMZ_Schriftzug_Sprache.png","width":1400,"height":279,"caption":"Schweizer Musikzeitung"},"image":{"@id":"https:\/\/www.musikzeitung.ch\/#\/schema\/logo\/image\/"},"sameAs":["https:\/\/www.facebook.com\/SchweizerMusikzeitung\/","https:\/\/x.com\/smusikzeitung","https:\/\/www.instagram.com\/musikzeitung.ch\/"]},{"@type":"Person","@id":"https:\/\/www.musikzeitung.ch\/#\/schema\/person\/b2fd892c800856270b9dcc6001265712","name":"Redazione Musikzeitung","image":{"@type":"ImageObject","inLanguage":"it-IT","@id":"https:\/\/www.musikzeitung.ch\/wp-content\/uploads\/2022\/05\/usericon_musikzeitung-96x96.jpg","url":"https:\/\/www.musikzeitung.ch\/wp-content\/uploads\/2022\/05\/usericon_musikzeitung-96x96.jpg","contentUrl":"https:\/\/www.musikzeitung.ch\/wp-content\/uploads\/2022\/05\/usericon_musikzeitung-96x96.jpg","caption":"Musikzeitung-Redaktion"},"url":"https:\/\/www.musikzeitung.ch\/it\/author\/admin"}]}},"publishpress_future_workflow_manual_trigger":{"enabledWorkflows":[]},"_links":{"self":[{"href":"https:\/\/www.musikzeitung.ch\/it\/wp-json\/wp\/v2\/posts\/17043","targetHints":{"allow":["GET"]}}],"collection":[{"href":"https:\/\/www.musikzeitung.ch\/it\/wp-json\/wp\/v2\/posts"}],"about":[{"href":"https:\/\/www.musikzeitung.ch\/it\/wp-json\/wp\/v2\/types\/post"}],"author":[{"embeddable":true,"href":"https:\/\/www.musikzeitung.ch\/it\/wp-json\/wp\/v2\/users\/1"}],"replies":[{"embeddable":true,"href":"https:\/\/www.musikzeitung.ch\/it\/wp-json\/wp\/v2\/comments?post=17043"}],"version-history":[{"count":1,"href":"https:\/\/www.musikzeitung.ch\/it\/wp-json\/wp\/v2\/posts\/17043\/revisions"}],"predecessor-version":[{"id":17044,"href":"https:\/\/www.musikzeitung.ch\/it\/wp-json\/wp\/v2\/posts\/17043\/revisions\/17044"}],"wp:featuredmedia":[{"embeddable":true,"href":"https:\/\/www.musikzeitung.ch\/it\/wp-json\/wp\/v2\/media\/15239"}],"wp:attachment":[{"href":"https:\/\/www.musikzeitung.ch\/it\/wp-json\/wp\/v2\/media?parent=17043"}],"wp:term":[{"taxonomy":"category","embeddable":true,"href":"https:\/\/www.musikzeitung.ch\/it\/wp-json\/wp\/v2\/categories?post=17043"},{"taxonomy":"post_tag","embeddable":true,"href":"https:\/\/www.musikzeitung.ch\/it\/wp-json\/wp\/v2\/tags?post=17043"}],"curies":[{"name":"wp","href":"https:\/\/api.w.org\/{rel}","templated":true}]}}