{"id":17183,"date":"2013-11-07T00:00:00","date_gmt":"2013-11-06T23:00:00","guid":{"rendered":"https:\/\/www.musikzeitung.ch\/allgemein\/so-historisch-informiert-wie-moeglich\/"},"modified":"2023-01-18T01:11:58","modified_gmt":"2023-01-18T00:11:58","slug":"so-historisch-informiert-wie-moeglich","status":"publish","type":"post","link":"https:\/\/www.musikzeitung.ch\/it\/aus-und-weiterbildung\/2013\/11\/so-historisch-informiert-wie-moeglich","title":{"rendered":"Il pi\u00f9 possibile informati dal punto di vista storico"},"content":{"rendered":"<figure style=\"width: 1200px\" class=\"wp-caption alignnone\"><img decoding=\"async\" class=\"size-full\" src=\"https:\/\/www.musikzeitung.ch\/wp-content\/uploads\/2023\/01\/ASt.jpg\" alt=\"\" \/><figcaption class=\"wp-caption-text\">L'Olandese Volante, dipinto di August Strindberg (vedi sotto)<\/figcaption><\/figure>\n<div class='text-section'>\n<p>Da quando le scuole universitarie professionali sono tenute a condurre una propria ricerca, il mondo della scienza si \u00e8 arricchito di numerosi progetti. La ricerca sull'interpretazione \u00e8 un'area particolarmente apprezzata, a cui lavora anche la Bern University of the Arts. Tutti i progetti rilevanti attualmente in corso alla <a href='http:\/\/www.hkb.bfh.ch\/de\/forschung\/forschungsschwerpunkte\/fspinterpretation\/veranstaltungen0\/improvisieren\/'>Conferenza <em>Improvvisare - Interpretare<\/em><\/a> presentati al pubblico e discussi con ospiti esterni: Richard Wagner nella prassi esecutiva storica, improvvisazioni pianistiche dell'epoca di Beethoven, il lavoro di Alfred W\u00e4lchli, un nuovo clarinetto contrabbasso sensoriale-dinamico e una didattica della teoria musicale storicamente informata basata sul lavoro di Peter Cornelius. I cinque simposi distribuiti in due fine settimana sono stati caratterizzati da una serie di eventi paralleli, che hanno portato a sfortunate sovrapposizioni. Chi era interessato a Wagner non ha potuto ascoltare alcuna conferenza sull'improvvisazione pianistica. Tra le altre cose, Giorgio Sanguinetti ha discusso del partimento ai tempi di Beethoven, Michael Lehner ha esaminato le composizioni modello di Carl Czerny come guida alla fantasia, Sonja Wagenbichler ha riferito sui concorsi pianistici nella Vienna del XVIII e XIX secolo. Petra Somlai e Leonardo Miucci hanno contribuito alla rilevanza pratica dell'argomento nei concerti di mezzogiorno e sera, dimostrando stili molto diversi di musica (parzialmente) improvvisata sui fortepiani.<\/p>\n<p><strong>Il punto di vista del musicista d'orchestra<\/strong><br \/> Anche al simposio <em>Richard Wagner dal punto di vista storico. Pratica di interpretazione per la prima de L'olandese volante nel 1843<\/em> la stretta connessione tra scienza e pratica \u00e8 sempre stata evidente. L'idea stessa di utilizzare le parti orchestrali della prima a Dresda come punto di partenza per lo studio rivela la prospettiva di un musicista orchestrale. L'idea \u00e8 di Kai K\u00f6pp, attualmente titolare di una cattedra del FNS presso la HKB. K\u00f6pp \u00e8 un musicologo oltre che violista e ha contribuito alla registrazione del 2005 dell'opera di Kai K\u00f6pp. <em>Olandesi<\/em> nella prassi esecutiva storica sotto la direzione di Bruno Weil. <br \/> Le parti orchestrali di Dresda, che non sono ancora state analizzate, contengono molte pi\u00f9 informazioni pratiche rispetto alla partitura autografa, a causa della prassi di prova dell'epoca: Wagner provava la sua opera con i cantanti insieme a un quartetto d'archi, anzich\u00e9 con l'usuale accompagnamento al pianoforte di oggi - ed \u00e8 cos\u00ec che \u00e8 stata creata l'attuale \"versione di ultima mano\".<\/p>\n<p>Se le parti di prova del quartetto sono state conservate anche per altre opere, si apre un ampio campo di ricerca, ha dichiarato K\u00f6pp. Il problema filologico di come datare le voci, talvolta diverse, delle parti utilizzate nelle opere nel corso dei decenni deve essere affrontato caso per caso. In ogni caso, la ricerca sull'interpretazione si sta orientando verso l'analisi delle singole situazioni esecutive. Le grandi differenze regionali e i rapidi cambiamenti nella prassi interpretativa rendono quasi obsolete le affermazioni generali sulla prassi esecutiva di un determinato periodo.<\/p>\n<\/p><\/div>\n<div class='text-section'>\n<dl class='picture media photo'>\n<dt> <img class='media photo' src='https:\/\/www.musikzeitung.ch\/wp-content\/uploads\/2023\/01\/Hollaender-Dresden-1843.jpg' alt='Image '> <\/dt>\n<dd class='caption'>Disegno della prima rappresentazione dell'\"Olandese Volante\". <\/dd>\n<dd class='longdesc'>wikimedia commons<\/dd>\n<\/dl><\/div>\n<div class='text-section'>\n<p><strong>Tempo, formazione, strumenti<\/strong><br \/> Un vero e proprio cambiamento di paradigma nella prassi esecutiva storica sarebbe anche l'indagine sui segni del metronomo nell'opera di Wagner. <em>Olandese <\/em>Ha dichiarato Thomas Seedorf, dopo la lezione del maestro di pianoforte bernese Manuel B\u00e4rtsch. D'ora in poi l'attenzione non sar\u00e0 pi\u00f9 rivolta ai tempi particolarmente veloci, ma a quelli particolarmente lenti. Se e come si possano realizzare i tempi estremamente lenti talvolta annotati da Wagner - ad esempio nell'ouverture, che con una mezza nota punteggiata = 72 \u00e8 ben lontana dalla frenesia delle interpretazioni odierne - e come si possa riempire questo tempo aggiuntivo sul palcoscenico, resta da vedere in futuri esperimenti pratici.<\/p>\n<p>Tobias Pfleger ha mostrato le difficolt\u00e0 incontrate da Wagner con l'orchestra di corte di Dresda, che era conservatrice sotto molti aspetti, come le dispute per l'autorit\u00e0 con il maestro di concerto: le foto dell'assetto dell'orchestra di Dresda dell'epoca mostravano un direttore in piedi direttamente dietro il palco del suggeritore, rivolto verso il palcoscenico e quindi in grado di dare il ritmo ai cantanti. Dietro di lui c'era l'orchestra, che suonava verso il palco. Il maestro di concerto prendeva il ritmo dal direttore e lo passava all'orchestra, vedendosi quindi come il vero direttore dell'orchestra.<\/p>\n<p>La conferenza di Bernhard Hentrich di Dresda sembrava la presentazione di una sceneggiatura di un thriller: <em>Gli strumenti ad arco dell'orchestra di corte di Dresda all'epoca di Wagner<\/em>. Ci\u00f2 che Hentrich ha scoperto \u00e8 cos\u00ec esplosivo che finora ha evitato di presentare le sue scoperte a Dresda: Non sono stati i devastanti raid aerei del 1945 a rendere introvabili i preziosi strumenti della cappella di corte, ma le confuse circostanze del dopoguerra. La sua ricerca su tutti gli elenchi d'inventario superstiti suggerisce che non pochi musicisti e personale amministrativo volevano \"salvare i beni culturali dal bolscevismo\". A volte scambiavano repliche a basso costo con strumenti di valore senza annotarlo. Chiunque faccia una ricerca sugli strumenti utilizzati da Wagner durante il suo periodo di permanenza a Dresda potrebbe imbattersi oggi in una replica di questo tipo e potrebbe trarre conclusioni fatali per la pratica esecutiva.<\/p>\n<p><strong>Preferite la tradizione?<\/strong><br \/> <em>200 anni di Wagner: pronti per la prassi esecutiva storica?<\/em> \u00e8 stato il titolo provocatorio della tavola rotonda della prima serata del simposio. I fenomeni attuali a cui si riferisce questo titolo multiprospettico sono emersi con chiarezza nel corso del simposio. Da un lato, c'\u00e8 l'azionismo generale - non solo legato a Wagner - dell'anniversario. Certamente, anche l'Universit\u00e0 delle Arti di Berna sta sfruttando il 200\u00b0 anniversario della nascita di Richard Wagner come un'opportunit\u00e0 per presentare i risultati di questo progetto di ricerca in un'esecuzione concertistica dell'opera di Richard Wagner. <em>Olandesi <\/em>per presentare i loro risultati. Il 22 novembre, gli studenti metteranno in pratica i risultati e li renderanno accessibili a un vasto pubblico.<\/p>\n<p>Ma qui si affronta anche il movimento tortuoso della prassi esecutiva storicamente informata. \u00c8 vero che oggi non si chiede quasi pi\u00f9 che la prassi esecutiva storica si occupi principalmente del repertorio dimenticato. Tuttavia, la necessit\u00e0 di ricostruire le circostanze storiche in un'opera come quella di Wagner, che ha avuto una tradizione esecutiva ininterrotta fin dalla sua creazione, \u00e8 stata raramente riconosciuta fino ad oggi. Interpretazioni come l'esecuzione in forma di concerto della <em>Parsifal<\/em> sotto la direzione di Thomas Hengelbrock, che hanno fatto scalpore a Dortmund, Essen e Madrid all'inizio di quest'anno e di cui Peter Tilling, all'epoca assistente di Hengelbrock (e ora vice direttore musicale generale del Teatro di Stato di Norimberga), ha dato un resoconto impressionante al simposio, rimangono un'eccezione.<\/p>\n<p>Infine, viene implicitamente sollevata anche la questione dell'apertura dei musicologi. Le parti orchestrali, i segni di metronomo, ecc. come quelli studiati dal progetto Wagner di Berna, sono stati finora trascurati dalla musicologia storica di orientamento filologico; la loro esistenza \u00e8 stata spesso relegata nelle note a pi\u00e8 di pagina delle edizioni critiche complete, dove \u00e8 difficile per i musicisti pratici trovarli. La musicologia universitaria farebbe bene a non considerare questa ricerca esecutiva pratica come marginale o competitiva, ma come un arricchimento.<\/p>\n<\/p><\/div>\n<div class='text-section'>\n<p><em>Immagine: L'olandese volante (Uvejr i Sk\u00e6rg\u00e5rden. \"Den flyvende holl\u00e6nder\", Dalar\u00f6), dipinto di August Strindberg, 1892, Museo Statale d'Arte di Copenaghen, fotografato da www.smk.dk e soeg.smk.dk, wikimedia commons<\/em><\/p>\n<\/p><\/div>","protected":false},"excerpt":{"rendered":"<p><strong>Una conferenza a Berna ha esaminato come avrebbe potuto suonare l'\"Olandese volante\" di Wagner alla sua prima a Dresda il 2 gennaio 1843. <\/strong><\/p>","protected":false},"author":1,"featured_media":15440,"comment_status":"open","ping_status":"open","sticky":false,"template":"","format":"standard","meta":{"_acf_changed":false,"_relevanssi_hide_post":"","_relevanssi_hide_content":"","_relevanssi_pin_for_all":"","_relevanssi_pin_keywords":"","_relevanssi_unpin_keywords":"","_relevanssi_related_keywords":"","_relevanssi_related_include_ids":"","_relevanssi_related_exclude_ids":"","_relevanssi_related_no_append":"","_relevanssi_related_not_related":"","_relevanssi_related_posts":"","_relevanssi_noindex_reason":"","pgc_sgb_lightbox_settings":"","footnotes":""},"categories":[447,510],"tags":[],"class_list":["post-17183","post","type-post","status-publish","format-standard","has-post-thumbnail","hentry","category-aus-und-weiterbildung","category-musikhochschule"],"acf":[],"yoast_head":"<!-- This site is optimized with the Yoast SEO plugin v27.4 - https:\/\/yoast.com\/product\/yoast-seo-wordpress\/ -->\n<title>So historisch informiert wie m\u00f6glich - Schweizer Musikzeitung<\/title>\n<meta name=\"robots\" content=\"index, follow, max-snippet:-1, max-image-preview:large, max-video-preview:-1\" \/>\n<link rel=\"canonical\" href=\"https:\/\/www.musikzeitung.ch\/it\/aus-und-weiterbildung\/2013\/11\/so-historisch-informiert-wie-moeglich\/\" \/>\n<meta property=\"og:locale\" content=\"it_IT\" \/>\n<meta property=\"og:type\" content=\"article\" \/>\n<meta property=\"og:title\" content=\"So historisch informiert wie m\u00f6glich - Schweizer Musikzeitung\" \/>\n<meta property=\"og:description\" content=\"Eine Tagung in Bern untersuchte, wie Wagners \u00abFliegender Holl\u00e4nder\u00bb an der Urauff\u00fchrung in Dresden am 2. Januar 1843 geklungen haben k\u00f6nnte.\" \/>\n<meta property=\"og:url\" content=\"https:\/\/www.musikzeitung.ch\/it\/aus-und-weiterbildung\/2013\/11\/so-historisch-informiert-wie-moeglich\/\" \/>\n<meta property=\"og:site_name\" content=\"Schweizer Musikzeitung\" \/>\n<meta property=\"article:publisher\" content=\"https:\/\/www.facebook.com\/SchweizerMusikzeitung\/\" \/>\n<meta property=\"article:published_time\" content=\"2013-11-06T23:00:00+00:00\" \/>\n<meta property=\"article:modified_time\" content=\"2023-01-18T00:11:58+00:00\" \/>\n<meta property=\"og:image\" content=\"https:\/\/www.musikzeitung.ch\/wp-content\/uploads\/2023\/01\/ASt.jpg\" \/>\n\t<meta property=\"og:image:width\" content=\"554\" \/>\n\t<meta property=\"og:image:height\" content=\"349\" \/>\n\t<meta property=\"og:image:type\" content=\"image\/jpeg\" \/>\n<meta name=\"author\" content=\"Musikzeitung-Redaktion\" \/>\n<meta name=\"twitter:card\" content=\"summary_large_image\" \/>\n<meta name=\"twitter:creator\" content=\"@smusikzeitung\" \/>\n<meta name=\"twitter:site\" content=\"@smusikzeitung\" \/>\n<meta name=\"twitter:label1\" content=\"Scritto da\" \/>\n\t<meta name=\"twitter:data1\" content=\"Musikzeitung-Redaktion\" \/>\n\t<meta name=\"twitter:label2\" content=\"Tempo di lettura stimato\" \/>\n\t<meta name=\"twitter:data2\" content=\"5 minuti\" \/>\n<script type=\"application\/ld+json\" class=\"yoast-schema-graph\">{\"@context\":\"https:\\\/\\\/schema.org\",\"@graph\":[{\"@type\":\"Article\",\"@id\":\"https:\\\/\\\/www.musikzeitung.ch\\\/aus-und-weiterbildung\\\/2013\\\/11\\\/so-historisch-informiert-wie-moeglich#article\",\"isPartOf\":{\"@id\":\"https:\\\/\\\/www.musikzeitung.ch\\\/aus-und-weiterbildung\\\/2013\\\/11\\\/so-historisch-informiert-wie-moeglich\"},\"author\":{\"name\":\"Musikzeitung-Redaktion\",\"@id\":\"https:\\\/\\\/www.musikzeitung.ch\\\/#\\\/schema\\\/person\\\/b2fd892c800856270b9dcc6001265712\"},\"headline\":\"So historisch informiert wie m\u00f6glich\",\"datePublished\":\"2013-11-06T23:00:00+00:00\",\"dateModified\":\"2023-01-18T00:11:58+00:00\",\"mainEntityOfPage\":{\"@id\":\"https:\\\/\\\/www.musikzeitung.ch\\\/aus-und-weiterbildung\\\/2013\\\/11\\\/so-historisch-informiert-wie-moeglich\"},\"wordCount\":1091,\"commentCount\":0,\"publisher\":{\"@id\":\"https:\\\/\\\/www.musikzeitung.ch\\\/#organization\"},\"image\":{\"@id\":\"https:\\\/\\\/www.musikzeitung.ch\\\/aus-und-weiterbildung\\\/2013\\\/11\\\/so-historisch-informiert-wie-moeglich#primaryimage\"},\"thumbnailUrl\":\"https:\\\/\\\/www.musikzeitung.ch\\\/wp-content\\\/uploads\\\/2023\\\/01\\\/ASt.jpg\",\"articleSection\":[\"Aus- und Weiterbildung\",\"Musikhochschule\"],\"inLanguage\":\"it-IT\"},{\"@type\":\"WebPage\",\"@id\":\"https:\\\/\\\/www.musikzeitung.ch\\\/aus-und-weiterbildung\\\/2013\\\/11\\\/so-historisch-informiert-wie-moeglich\",\"url\":\"https:\\\/\\\/www.musikzeitung.ch\\\/aus-und-weiterbildung\\\/2013\\\/11\\\/so-historisch-informiert-wie-moeglich\",\"name\":\"So historisch informiert wie m\u00f6glich - Schweizer Musikzeitung\",\"isPartOf\":{\"@id\":\"https:\\\/\\\/www.musikzeitung.ch\\\/#website\"},\"primaryImageOfPage\":{\"@id\":\"https:\\\/\\\/www.musikzeitung.ch\\\/aus-und-weiterbildung\\\/2013\\\/11\\\/so-historisch-informiert-wie-moeglich#primaryimage\"},\"image\":{\"@id\":\"https:\\\/\\\/www.musikzeitung.ch\\\/aus-und-weiterbildung\\\/2013\\\/11\\\/so-historisch-informiert-wie-moeglich#primaryimage\"},\"thumbnailUrl\":\"https:\\\/\\\/www.musikzeitung.ch\\\/wp-content\\\/uploads\\\/2023\\\/01\\\/ASt.jpg\",\"datePublished\":\"2013-11-06T23:00:00+00:00\",\"dateModified\":\"2023-01-18T00:11:58+00:00\",\"breadcrumb\":{\"@id\":\"https:\\\/\\\/www.musikzeitung.ch\\\/aus-und-weiterbildung\\\/2013\\\/11\\\/so-historisch-informiert-wie-moeglich#breadcrumb\"},\"inLanguage\":\"it-IT\",\"potentialAction\":[{\"@type\":\"ReadAction\",\"target\":[\"https:\\\/\\\/www.musikzeitung.ch\\\/aus-und-weiterbildung\\\/2013\\\/11\\\/so-historisch-informiert-wie-moeglich\"]}]},{\"@type\":\"ImageObject\",\"inLanguage\":\"it-IT\",\"@id\":\"https:\\\/\\\/www.musikzeitung.ch\\\/aus-und-weiterbildung\\\/2013\\\/11\\\/so-historisch-informiert-wie-moeglich#primaryimage\",\"url\":\"https:\\\/\\\/www.musikzeitung.ch\\\/wp-content\\\/uploads\\\/2023\\\/01\\\/ASt.jpg\",\"contentUrl\":\"https:\\\/\\\/www.musikzeitung.ch\\\/wp-content\\\/uploads\\\/2023\\\/01\\\/ASt.jpg\",\"width\":554,\"height\":349},{\"@type\":\"BreadcrumbList\",\"@id\":\"https:\\\/\\\/www.musikzeitung.ch\\\/aus-und-weiterbildung\\\/2013\\\/11\\\/so-historisch-informiert-wie-moeglich#breadcrumb\",\"itemListElement\":[{\"@type\":\"ListItem\",\"position\":1,\"name\":\"Home\",\"item\":\"https:\\\/\\\/www.musikzeitung.ch\\\/\"},{\"@type\":\"ListItem\",\"position\":2,\"name\":\"So historisch informiert wie m\u00f6glich\"}]},{\"@type\":\"WebSite\",\"@id\":\"https:\\\/\\\/www.musikzeitung.ch\\\/#website\",\"url\":\"https:\\\/\\\/www.musikzeitung.ch\\\/\",\"name\":\"Schweizer Musikzeitung\",\"description\":\"Die f\u00fchrende sparten\u00fcbergreifende Monatszeitung in der Schweiz f\u00fcr musikalische Fragen.\",\"publisher\":{\"@id\":\"https:\\\/\\\/www.musikzeitung.ch\\\/#organization\"},\"potentialAction\":[{\"@type\":\"SearchAction\",\"target\":{\"@type\":\"EntryPoint\",\"urlTemplate\":\"https:\\\/\\\/www.musikzeitung.ch\\\/?s={search_term_string}\"},\"query-input\":{\"@type\":\"PropertyValueSpecification\",\"valueRequired\":true,\"valueName\":\"search_term_string\"}}],\"inLanguage\":\"it-IT\"},{\"@type\":\"Organization\",\"@id\":\"https:\\\/\\\/www.musikzeitung.ch\\\/#organization\",\"name\":\"Schweizer Musikzeitung\",\"url\":\"https:\\\/\\\/www.musikzeitung.ch\\\/\",\"logo\":{\"@type\":\"ImageObject\",\"inLanguage\":\"it-IT\",\"@id\":\"https:\\\/\\\/www.musikzeitung.ch\\\/#\\\/schema\\\/logo\\\/image\\\/\",\"url\":\"https:\\\/\\\/www.musikzeitung.ch\\\/wp-content\\\/uploads\\\/2023\\\/01\\\/SMZ_Schriftzug_Sprache.png\",\"contentUrl\":\"https:\\\/\\\/www.musikzeitung.ch\\\/wp-content\\\/uploads\\\/2023\\\/01\\\/SMZ_Schriftzug_Sprache.png\",\"width\":1400,\"height\":279,\"caption\":\"Schweizer Musikzeitung\"},\"image\":{\"@id\":\"https:\\\/\\\/www.musikzeitung.ch\\\/#\\\/schema\\\/logo\\\/image\\\/\"},\"sameAs\":[\"https:\\\/\\\/www.facebook.com\\\/SchweizerMusikzeitung\\\/\",\"https:\\\/\\\/x.com\\\/smusikzeitung\",\"https:\\\/\\\/www.instagram.com\\\/musikzeitung.ch\\\/\"]},{\"@type\":\"Person\",\"@id\":\"https:\\\/\\\/www.musikzeitung.ch\\\/#\\\/schema\\\/person\\\/b2fd892c800856270b9dcc6001265712\",\"name\":\"Musikzeitung-Redaktion\",\"image\":{\"@type\":\"ImageObject\",\"inLanguage\":\"it-IT\",\"@id\":\"https:\\\/\\\/www.musikzeitung.ch\\\/wp-content\\\/uploads\\\/2022\\\/05\\\/usericon_musikzeitung-96x96.jpg\",\"url\":\"https:\\\/\\\/www.musikzeitung.ch\\\/wp-content\\\/uploads\\\/2022\\\/05\\\/usericon_musikzeitung-96x96.jpg\",\"contentUrl\":\"https:\\\/\\\/www.musikzeitung.ch\\\/wp-content\\\/uploads\\\/2022\\\/05\\\/usericon_musikzeitung-96x96.jpg\",\"caption\":\"Musikzeitung-Redaktion\"},\"url\":\"https:\\\/\\\/www.musikzeitung.ch\\\/it\\\/author\\\/admin\"}]}<\/script>\n<!-- \/ Yoast SEO plugin. -->","yoast_head_json":{"title":"Il pi\u00f9 storicamente informato possibile - Schweizer Musikzeitung","robots":{"index":"index","follow":"follow","max-snippet":"max-snippet:-1","max-image-preview":"max-image-preview:large","max-video-preview":"max-video-preview:-1"},"canonical":"https:\/\/www.musikzeitung.ch\/it\/aus-und-weiterbildung\/2013\/11\/so-historisch-informiert-wie-moeglich\/","og_locale":"it_IT","og_type":"article","og_title":"So historisch informiert wie m\u00f6glich - Schweizer Musikzeitung","og_description":"Eine Tagung in Bern untersuchte, wie Wagners \u00abFliegender Holl\u00e4nder\u00bb an der Urauff\u00fchrung in Dresden am 2. Januar 1843 geklungen haben k\u00f6nnte.","og_url":"https:\/\/www.musikzeitung.ch\/it\/aus-und-weiterbildung\/2013\/11\/so-historisch-informiert-wie-moeglich\/","og_site_name":"Schweizer Musikzeitung","article_publisher":"https:\/\/www.facebook.com\/SchweizerMusikzeitung\/","article_published_time":"2013-11-06T23:00:00+00:00","article_modified_time":"2023-01-18T00:11:58+00:00","og_image":[{"width":554,"height":349,"url":"https:\/\/www.musikzeitung.ch\/wp-content\/uploads\/2023\/01\/ASt.jpg","type":"image\/jpeg"}],"author":"Musikzeitung-Redaktion","twitter_card":"summary_large_image","twitter_creator":"@smusikzeitung","twitter_site":"@smusikzeitung","twitter_misc":{"Scritto da":"Musikzeitung-Redaktion","Tempo di lettura stimato":"5 minuti"},"schema":{"@context":"https:\/\/schema.org","@graph":[{"@type":"Article","@id":"https:\/\/www.musikzeitung.ch\/aus-und-weiterbildung\/2013\/11\/so-historisch-informiert-wie-moeglich#article","isPartOf":{"@id":"https:\/\/www.musikzeitung.ch\/aus-und-weiterbildung\/2013\/11\/so-historisch-informiert-wie-moeglich"},"author":{"name":"Musikzeitung-Redaktion","@id":"https:\/\/www.musikzeitung.ch\/#\/schema\/person\/b2fd892c800856270b9dcc6001265712"},"headline":"So historisch informiert wie m\u00f6glich","datePublished":"2013-11-06T23:00:00+00:00","dateModified":"2023-01-18T00:11:58+00:00","mainEntityOfPage":{"@id":"https:\/\/www.musikzeitung.ch\/aus-und-weiterbildung\/2013\/11\/so-historisch-informiert-wie-moeglich"},"wordCount":1091,"commentCount":0,"publisher":{"@id":"https:\/\/www.musikzeitung.ch\/#organization"},"image":{"@id":"https:\/\/www.musikzeitung.ch\/aus-und-weiterbildung\/2013\/11\/so-historisch-informiert-wie-moeglich#primaryimage"},"thumbnailUrl":"https:\/\/www.musikzeitung.ch\/wp-content\/uploads\/2023\/01\/ASt.jpg","articleSection":["Aus- und Weiterbildung","Musikhochschule"],"inLanguage":"it-IT"},{"@type":"WebPage","@id":"https:\/\/www.musikzeitung.ch\/aus-und-weiterbildung\/2013\/11\/so-historisch-informiert-wie-moeglich","url":"https:\/\/www.musikzeitung.ch\/aus-und-weiterbildung\/2013\/11\/so-historisch-informiert-wie-moeglich","name":"Il pi\u00f9 storicamente informato possibile - Schweizer Musikzeitung","isPartOf":{"@id":"https:\/\/www.musikzeitung.ch\/#website"},"primaryImageOfPage":{"@id":"https:\/\/www.musikzeitung.ch\/aus-und-weiterbildung\/2013\/11\/so-historisch-informiert-wie-moeglich#primaryimage"},"image":{"@id":"https:\/\/www.musikzeitung.ch\/aus-und-weiterbildung\/2013\/11\/so-historisch-informiert-wie-moeglich#primaryimage"},"thumbnailUrl":"https:\/\/www.musikzeitung.ch\/wp-content\/uploads\/2023\/01\/ASt.jpg","datePublished":"2013-11-06T23:00:00+00:00","dateModified":"2023-01-18T00:11:58+00:00","breadcrumb":{"@id":"https:\/\/www.musikzeitung.ch\/aus-und-weiterbildung\/2013\/11\/so-historisch-informiert-wie-moeglich#breadcrumb"},"inLanguage":"it-IT","potentialAction":[{"@type":"ReadAction","target":["https:\/\/www.musikzeitung.ch\/aus-und-weiterbildung\/2013\/11\/so-historisch-informiert-wie-moeglich"]}]},{"@type":"ImageObject","inLanguage":"it-IT","@id":"https:\/\/www.musikzeitung.ch\/aus-und-weiterbildung\/2013\/11\/so-historisch-informiert-wie-moeglich#primaryimage","url":"https:\/\/www.musikzeitung.ch\/wp-content\/uploads\/2023\/01\/ASt.jpg","contentUrl":"https:\/\/www.musikzeitung.ch\/wp-content\/uploads\/2023\/01\/ASt.jpg","width":554,"height":349},{"@type":"BreadcrumbList","@id":"https:\/\/www.musikzeitung.ch\/aus-und-weiterbildung\/2013\/11\/so-historisch-informiert-wie-moeglich#breadcrumb","itemListElement":[{"@type":"ListItem","position":1,"name":"Home","item":"https:\/\/www.musikzeitung.ch\/"},{"@type":"ListItem","position":2,"name":"So historisch informiert wie m\u00f6glich"}]},{"@type":"WebSite","@id":"https:\/\/www.musikzeitung.ch\/#website","url":"https:\/\/www.musikzeitung.ch\/","name":"Giornale musicale svizzero","description":"Il principale mensile interdisciplinare della Svizzera per le questioni musicali.","publisher":{"@id":"https:\/\/www.musikzeitung.ch\/#organization"},"potentialAction":[{"@type":"SearchAction","target":{"@type":"EntryPoint","urlTemplate":"https:\/\/www.musikzeitung.ch\/?s={search_term_string}"},"query-input":{"@type":"PropertyValueSpecification","valueRequired":true,"valueName":"search_term_string"}}],"inLanguage":"it-IT"},{"@type":"Organization","@id":"https:\/\/www.musikzeitung.ch\/#organization","name":"Giornale musicale svizzero","url":"https:\/\/www.musikzeitung.ch\/","logo":{"@type":"ImageObject","inLanguage":"it-IT","@id":"https:\/\/www.musikzeitung.ch\/#\/schema\/logo\/image\/","url":"https:\/\/www.musikzeitung.ch\/wp-content\/uploads\/2023\/01\/SMZ_Schriftzug_Sprache.png","contentUrl":"https:\/\/www.musikzeitung.ch\/wp-content\/uploads\/2023\/01\/SMZ_Schriftzug_Sprache.png","width":1400,"height":279,"caption":"Schweizer Musikzeitung"},"image":{"@id":"https:\/\/www.musikzeitung.ch\/#\/schema\/logo\/image\/"},"sameAs":["https:\/\/www.facebook.com\/SchweizerMusikzeitung\/","https:\/\/x.com\/smusikzeitung","https:\/\/www.instagram.com\/musikzeitung.ch\/"]},{"@type":"Person","@id":"https:\/\/www.musikzeitung.ch\/#\/schema\/person\/b2fd892c800856270b9dcc6001265712","name":"Redazione Musikzeitung","image":{"@type":"ImageObject","inLanguage":"it-IT","@id":"https:\/\/www.musikzeitung.ch\/wp-content\/uploads\/2022\/05\/usericon_musikzeitung-96x96.jpg","url":"https:\/\/www.musikzeitung.ch\/wp-content\/uploads\/2022\/05\/usericon_musikzeitung-96x96.jpg","contentUrl":"https:\/\/www.musikzeitung.ch\/wp-content\/uploads\/2022\/05\/usericon_musikzeitung-96x96.jpg","caption":"Musikzeitung-Redaktion"},"url":"https:\/\/www.musikzeitung.ch\/it\/author\/admin"}]}},"publishpress_future_workflow_manual_trigger":{"enabledWorkflows":[]},"_links":{"self":[{"href":"https:\/\/www.musikzeitung.ch\/it\/wp-json\/wp\/v2\/posts\/17183","targetHints":{"allow":["GET"]}}],"collection":[{"href":"https:\/\/www.musikzeitung.ch\/it\/wp-json\/wp\/v2\/posts"}],"about":[{"href":"https:\/\/www.musikzeitung.ch\/it\/wp-json\/wp\/v2\/types\/post"}],"author":[{"embeddable":true,"href":"https:\/\/www.musikzeitung.ch\/it\/wp-json\/wp\/v2\/users\/1"}],"replies":[{"embeddable":true,"href":"https:\/\/www.musikzeitung.ch\/it\/wp-json\/wp\/v2\/comments?post=17183"}],"version-history":[{"count":1,"href":"https:\/\/www.musikzeitung.ch\/it\/wp-json\/wp\/v2\/posts\/17183\/revisions"}],"predecessor-version":[{"id":17184,"href":"https:\/\/www.musikzeitung.ch\/it\/wp-json\/wp\/v2\/posts\/17183\/revisions\/17184"}],"wp:featuredmedia":[{"embeddable":true,"href":"https:\/\/www.musikzeitung.ch\/it\/wp-json\/wp\/v2\/media\/15440"}],"wp:attachment":[{"href":"https:\/\/www.musikzeitung.ch\/it\/wp-json\/wp\/v2\/media?parent=17183"}],"wp:term":[{"taxonomy":"category","embeddable":true,"href":"https:\/\/www.musikzeitung.ch\/it\/wp-json\/wp\/v2\/categories?post=17183"},{"taxonomy":"post_tag","embeddable":true,"href":"https:\/\/www.musikzeitung.ch\/it\/wp-json\/wp\/v2\/tags?post=17183"}],"curies":[{"name":"wp","href":"https:\/\/api.w.org\/{rel}","templated":true}]}}