{"id":17193,"date":"2013-12-05T00:00:00","date_gmt":"2013-12-04T23:00:00","guid":{"rendered":"https:\/\/www.musikzeitung.ch\/allgemein\/musik-tut-gut\/"},"modified":"2023-01-18T01:11:59","modified_gmt":"2023-01-18T00:11:59","slug":"musik-tut-gut","status":"publish","type":"post","link":"https:\/\/www.musikzeitung.ch\/it\/aus-und-weiterbildung\/2013\/12\/musik-tut-gut","title":{"rendered":"La musica fa bene"},"content":{"rendered":"<figure style=\"width: 1200px\" class=\"wp-caption alignnone\"><img decoding=\"async\" class=\"size-full\" src=\"https:\/\/www.musikzeitung.ch\/wp-content\/uploads\/2023\/01\/lu-5.jpg\" alt=\"\" \/><figcaption class=\"wp-caption-text\">\u00a9 Westend61 - Fotolia.com<\/figcaption><\/figure>\n<div class='text-section'>\n<p>Come devono essere organizzate le esperienze educative affinch\u00e9 il potenziale individuale dei bambini possa dispiegarsi? Questa \u00e8 la domanda centrale di ogni sforzo educativo, ed \u00e8 stata anche la domanda centrale delle conferenze e dei workshop al<a href='http:\/\/www.hslu.ch\/musik\/m-forschung-entwicklung\/m-fachtagung-musik-kind\/m-fachtagung-musik-kind-programm-20131026.htm'> Simposio di Lucerna <em>Imparare la musica fin da piccoli<\/em><\/a>. Pi\u00f9 di un centinaio di insegnanti di strumento sono venuti per ampliare le loro conoscenze, per ottenere idee per il loro lavoro quotidiano o per sentire finalmente come lavorare al meglio con i bambini molto piccoli. Quasi tutti, come \u00e8 stato discusso in modo controverso durante la pausa caff\u00e8, hanno riconosciuto le carenze della loro formazione professionale in questo ambito. <br \/> Dopo essersi \"buttati a capofitto\" nell'insegnamento, molti degli strumentisti partecipanti hanno sentito il bisogno di approfondire le proprie conoscenze pedagogiche. A differenza dei vari programmi CAS delle universit\u00e0 svizzere, la conferenza di Lucerna ha offerto una gamma concentrata, ma estremamente ampia e limitata nel tempo, di approcci, argomenti e casi di studio sull'educazione musicale della prima infanzia con conferenze e workshop.<br \/> Il primo compito \u00e8 stato quello di riflettere sulla situazione attuale dell'insegnamento. L'ospite di Lucerna Walter Hess ha notato che oggi i bambini trascorrono molto pi\u00f9 tempo negli asili nido che nelle piccole famiglie. In che misura questo significhi che c'\u00e8 ancora spazio per le lezioni strumentali per la prima infanzia o se gli insegnanti di strumento debbano invece trovare spazio negli asili e nelle scuole \u00e8 una questione aperta.<\/p>\n<p><strong>Balbettare ...<\/strong><br \/> Anche chi si occupa di bambini piccoli pu\u00f2 incoraggiare l'interesse naturale dei bambini attraverso un approccio consapevole alla musica, come ha spiegato Stefanie Stadler Elmer dell'Istituto di Psicologia dell'Universit\u00e0 di Zurigo. L'autrice ha mostrato come lo sviluppo del linguaggio e l'apprendimento del canto siano strettamente collegati. Durante il primo anno di vita, le due cose sono indistinguibili; la vocalizzazione dei bambini - il tipico balbettio dei neonati - tende a volte pi\u00f9 all'imitazione delle sillabe, a volte pi\u00f9 all'intonazione di diverse altezze e connessioni melodiche. Solo nel secondo anno di vita il bambino impara a distinguere tra le due modalit\u00e0, per cui l'imitazione di melodie \u00e8 molto pi\u00f9 facile dell'imitazione di sillabe. La regolarit\u00e0 del canto corrisponde molto di pi\u00f9 alle naturali capacit\u00e0 percettive e produttive dei neonati e dei bambini. Gli asili nido dovrebbero quindi offrire ai bambini un'ampia gamma di attivit\u00e0 di ascolto e incorporare in egual misura le abilit\u00e0 vocali, motorie e sensoriali. Secondo Stadler Elmer, anche un corso di formazione di un giorno potrebbe portare a un approccio molto pi\u00f9 consapevole da parte degli assistenti alle canzoni e ai rituali musicali che di solito sono gi\u00e0 presenti negli asili. L'autrice ha dato suggerimenti concreti nel suo libro<em> Bambino e musica<\/em> che sar\u00e0 pubblicato nel 2014.<\/p>\n<p><strong>... scatenarsi ...<\/strong><br \/> La scienziata del movimento Renate Zimmer ha sottolineato quanto sia fondamentale per i bambini accedere alla musica attraverso il proprio corpo. Il suo libro <em>Andare a zonzo ti rende intelligente?<\/em> allude alla teoria pi\u00f9 volte espressa dai media secondo cui la musica rende intelligenti. Zimmer ha utilizzato numerose immagini per dimostrare che entrambe stimolano la formazione di sinapsi nei bambini - e quindi, per dirla in modo disinvolto, li rendono \"intelligenti\". Zimmer ha fatto riferimento all'antropologia, che vede gli esseri umani come esseri progettati per il movimento e l'esperienza e che richiedono l'uso di tutti i sensi per formarsi un'immagine del mondo e di se stessi. Per i bambini, ci\u00f2 significa che l'educazione deve essere un processo attivo in cui il bambino sperimenta la propria autoefficacia. Volont\u00e0 e testardaggine caratterizzano l'atteggiamento di base del bambino; entrambi devono essere incoraggiati e sfidati nel processo educativo. Per esempio, un bambino dovrebbe essere in grado di scoprire da solo se pu\u00f2 colpire il tavolo con una pesca in modo altrettanto sonoro che con un sonaglio. Solo un'esperienza intensiva attraverso tutti i sensi consente un apprendimento efficace. Zimmer non negava che ci\u00f2 richiedesse anche la guida degli adulti - dopo tutto, l'educazione \u00e8 anche un processo sociale. Tuttavia, la consapevolezza delle circostanze \u00e8 fondamentale. Ha raccomandato agli insegnanti di strumento presenti di non rispondere alla domanda frequente sulla loro professione con: \"Insegno violino\". Ma piuttosto: \"Insegno ai bambini\".<\/p>\n<p><strong>... e giocare<\/strong><br \/> Madeleine Zulauf, della formazione Musique Recherche Zulauf, ha mostrato come le lezioni strumentali possano essere arricchite in termini concreti. Ha osservato che l'uso pedagogico del gioco \u00e8 molto diffuso nella scuola materna, ma non si trova quasi mai nelle lezioni strumentali della prima infanzia, nel sesto e settimo anno. Anche i bambini pi\u00f9 piccoli imparano tradizionalmente a riprodurre musica predeterminata. La didattica \u00e8 fortemente incentrata sull'imitazione e sulla ripetizione e trascura lo sviluppo delle capacit\u00e0 di elaborare un proprio linguaggio musicale. \u00c8 qui che l'improvvisazione ludica potrebbe essere integrata nelle lezioni strumentali. Zulauf ha mostrato esempi in cui i bambini sono incoraggiati ad accompagnare musicalmente la storia di un libro illustrato con uno strumento di loro scelta. \u00c8 importante che il bambino abbia a disposizione diversi strumenti o generatori di suoni e che gli adulti apprezzino la produzione musicale. Gli insegnanti di strumento possono poi accompagnare queste lezioni con la registrazione, l'ascolto e l'autoanalisi da parte del bambino; possono introdurre termini musicali sulla base dell'improvvisazione e incoraggiare la notazione dell'improvvisazione.<\/p>\n<p> L'improvvisazione \u00e8 stata utilizzata pi\u00f9 volte anche nei laboratori successivi: sia come gioco ritmico nel workshop <em>Interazioni di esperienze musicali elementari attraverso il movimento nella ritmica<\/em> di Sabine Hirtler dell'Universit\u00e0 Tecnica di Kaiserslautern, sia come risposta musicale a un brano di Ligeti nel workshop <em>Tra concerto e progetto educativo: eventi di educazione concertistica con bambini, giovani e un pubblico giovane <\/em>con Barbara Stiller dell'Universit\u00e0 delle Arti di Brema. Andrea Holzer-Rhomberg ha presentato la sua scuola per archi <a href='http:\/\/www.fiedel-max.de'><em>Violino Max<\/em><\/a> in cui il gioco con i suoni magici, lo spirito dell'arco e il viaggio nella terra delle punte delle orecchie sono elementi dell'apprendimento olistico, e Susan Young dell'Universit\u00e0 di Exeter ha richiamato l'attenzione sulle diverse esperienze e attivit\u00e0 musicali quotidiane dei bambini. <br \/> Nella tavola rotonda conclusiva \u00e8 stata posta la domanda su come convincere i genitori a fare musica nella prima infanzia. Oltre a tutti gli studi scientifici che ne hanno dimostrato i benefici, Aron Braun, amministratore delegato di Musikalische <a href='http:\/\/www.zimballo.ch'>KiTa Zimballo<\/a>il primo e finora unico asilo musicale della Svizzera, spiega il motivo del suo impegno: \"Perch\u00e9 la musica fa bene\".<br \/> \u00a0<\/p>\n<\/p><\/div>","protected":false},"excerpt":{"rendered":"<p><strong>Una panoramica stimolante sull'educazione musicale della prima infanzia, dal primo asilo musicale svizzero ai concerti didattici. Relazione della conferenza di Lucerna \"Imparare la musica fin dalla prima infanzia\".<\/strong><\/p>","protected":false},"author":1,"featured_media":15462,"comment_status":"open","ping_status":"open","sticky":false,"template":"","format":"standard","meta":{"_acf_changed":false,"_relevanssi_hide_post":"","_relevanssi_hide_content":"","_relevanssi_pin_for_all":"","_relevanssi_pin_keywords":"","_relevanssi_unpin_keywords":"","_relevanssi_related_keywords":"","_relevanssi_related_include_ids":"","_relevanssi_related_exclude_ids":"","_relevanssi_related_no_append":"","_relevanssi_related_not_related":"","_relevanssi_related_posts":"","_relevanssi_noindex_reason":"","pgc_sgb_lightbox_settings":"","footnotes":""},"categories":[447,510],"tags":[],"class_list":["post-17193","post","type-post","status-publish","format-standard","has-post-thumbnail","hentry","category-aus-und-weiterbildung","category-musikhochschule"],"acf":[],"yoast_head":"<!-- This site is optimized with the Yoast SEO plugin v27.4 - https:\/\/yoast.com\/product\/yoast-seo-wordpress\/ -->\n<title>Musik tut gut - Schweizer Musikzeitung<\/title>\n<meta name=\"robots\" content=\"index, follow, max-snippet:-1, max-image-preview:large, max-video-preview:-1\" \/>\n<link rel=\"canonical\" href=\"https:\/\/www.musikzeitung.ch\/it\/aus-und-weiterbildung\/2013\/12\/musik-tut-gut\/\" \/>\n<meta property=\"og:locale\" content=\"it_IT\" \/>\n<meta property=\"og:type\" content=\"article\" \/>\n<meta property=\"og:title\" content=\"Musik tut gut - Schweizer Musikzeitung\" \/>\n<meta property=\"og:description\" content=\"Eine inspirierende Rundschau \u00fcber fr\u00fchkindliche Musikp\u00e4dagogik von der ersten Schweizer Musik-Kita bis zu Education-Konzerten. Bericht von der Luzerner Tagung \u00abMusiklernen von klein auf\u00bb.\" \/>\n<meta property=\"og:url\" content=\"https:\/\/www.musikzeitung.ch\/it\/aus-und-weiterbildung\/2013\/12\/musik-tut-gut\/\" \/>\n<meta property=\"og:site_name\" content=\"Schweizer Musikzeitung\" \/>\n<meta property=\"article:publisher\" content=\"https:\/\/www.facebook.com\/SchweizerMusikzeitung\/\" \/>\n<meta property=\"article:published_time\" content=\"2013-12-04T23:00:00+00:00\" \/>\n<meta property=\"article:modified_time\" content=\"2023-01-18T00:11:59+00:00\" \/>\n<meta property=\"og:image\" content=\"https:\/\/www.musikzeitung.ch\/wp-content\/uploads\/2023\/01\/lu-5.jpg\" \/>\n\t<meta property=\"og:image:width\" content=\"554\" \/>\n\t<meta property=\"og:image:height\" content=\"368\" \/>\n\t<meta property=\"og:image:type\" content=\"image\/jpeg\" \/>\n<meta name=\"author\" content=\"Musikzeitung-Redaktion\" \/>\n<meta name=\"twitter:card\" content=\"summary_large_image\" \/>\n<meta name=\"twitter:creator\" content=\"@smusikzeitung\" \/>\n<meta name=\"twitter:site\" content=\"@smusikzeitung\" \/>\n<meta name=\"twitter:label1\" content=\"Scritto da\" \/>\n\t<meta name=\"twitter:data1\" content=\"Musikzeitung-Redaktion\" \/>\n\t<meta name=\"twitter:label2\" content=\"Tempo di lettura stimato\" \/>\n\t<meta name=\"twitter:data2\" content=\"5 minuti\" \/>\n<script type=\"application\/ld+json\" class=\"yoast-schema-graph\">{\"@context\":\"https:\\\/\\\/schema.org\",\"@graph\":[{\"@type\":\"Article\",\"@id\":\"https:\\\/\\\/www.musikzeitung.ch\\\/aus-und-weiterbildung\\\/2013\\\/12\\\/musik-tut-gut#article\",\"isPartOf\":{\"@id\":\"https:\\\/\\\/www.musikzeitung.ch\\\/aus-und-weiterbildung\\\/2013\\\/12\\\/musik-tut-gut\"},\"author\":{\"name\":\"Musikzeitung-Redaktion\",\"@id\":\"https:\\\/\\\/www.musikzeitung.ch\\\/#\\\/schema\\\/person\\\/b2fd892c800856270b9dcc6001265712\"},\"headline\":\"Musik tut gut\",\"datePublished\":\"2013-12-04T23:00:00+00:00\",\"dateModified\":\"2023-01-18T00:11:59+00:00\",\"mainEntityOfPage\":{\"@id\":\"https:\\\/\\\/www.musikzeitung.ch\\\/aus-und-weiterbildung\\\/2013\\\/12\\\/musik-tut-gut\"},\"wordCount\":988,\"commentCount\":0,\"publisher\":{\"@id\":\"https:\\\/\\\/www.musikzeitung.ch\\\/#organization\"},\"image\":{\"@id\":\"https:\\\/\\\/www.musikzeitung.ch\\\/aus-und-weiterbildung\\\/2013\\\/12\\\/musik-tut-gut#primaryimage\"},\"thumbnailUrl\":\"https:\\\/\\\/www.musikzeitung.ch\\\/wp-content\\\/uploads\\\/2023\\\/01\\\/lu-5.jpg\",\"articleSection\":[\"Aus- und Weiterbildung\",\"Musikhochschule\"],\"inLanguage\":\"it-IT\"},{\"@type\":\"WebPage\",\"@id\":\"https:\\\/\\\/www.musikzeitung.ch\\\/aus-und-weiterbildung\\\/2013\\\/12\\\/musik-tut-gut\",\"url\":\"https:\\\/\\\/www.musikzeitung.ch\\\/aus-und-weiterbildung\\\/2013\\\/12\\\/musik-tut-gut\",\"name\":\"Musik tut gut - Schweizer Musikzeitung\",\"isPartOf\":{\"@id\":\"https:\\\/\\\/www.musikzeitung.ch\\\/#website\"},\"primaryImageOfPage\":{\"@id\":\"https:\\\/\\\/www.musikzeitung.ch\\\/aus-und-weiterbildung\\\/2013\\\/12\\\/musik-tut-gut#primaryimage\"},\"image\":{\"@id\":\"https:\\\/\\\/www.musikzeitung.ch\\\/aus-und-weiterbildung\\\/2013\\\/12\\\/musik-tut-gut#primaryimage\"},\"thumbnailUrl\":\"https:\\\/\\\/www.musikzeitung.ch\\\/wp-content\\\/uploads\\\/2023\\\/01\\\/lu-5.jpg\",\"datePublished\":\"2013-12-04T23:00:00+00:00\",\"dateModified\":\"2023-01-18T00:11:59+00:00\",\"breadcrumb\":{\"@id\":\"https:\\\/\\\/www.musikzeitung.ch\\\/aus-und-weiterbildung\\\/2013\\\/12\\\/musik-tut-gut#breadcrumb\"},\"inLanguage\":\"it-IT\",\"potentialAction\":[{\"@type\":\"ReadAction\",\"target\":[\"https:\\\/\\\/www.musikzeitung.ch\\\/aus-und-weiterbildung\\\/2013\\\/12\\\/musik-tut-gut\"]}]},{\"@type\":\"ImageObject\",\"inLanguage\":\"it-IT\",\"@id\":\"https:\\\/\\\/www.musikzeitung.ch\\\/aus-und-weiterbildung\\\/2013\\\/12\\\/musik-tut-gut#primaryimage\",\"url\":\"https:\\\/\\\/www.musikzeitung.ch\\\/wp-content\\\/uploads\\\/2023\\\/01\\\/lu-5.jpg\",\"contentUrl\":\"https:\\\/\\\/www.musikzeitung.ch\\\/wp-content\\\/uploads\\\/2023\\\/01\\\/lu-5.jpg\",\"width\":554,\"height\":368},{\"@type\":\"BreadcrumbList\",\"@id\":\"https:\\\/\\\/www.musikzeitung.ch\\\/aus-und-weiterbildung\\\/2013\\\/12\\\/musik-tut-gut#breadcrumb\",\"itemListElement\":[{\"@type\":\"ListItem\",\"position\":1,\"name\":\"Home\",\"item\":\"https:\\\/\\\/www.musikzeitung.ch\\\/\"},{\"@type\":\"ListItem\",\"position\":2,\"name\":\"Musik tut gut\"}]},{\"@type\":\"WebSite\",\"@id\":\"https:\\\/\\\/www.musikzeitung.ch\\\/#website\",\"url\":\"https:\\\/\\\/www.musikzeitung.ch\\\/\",\"name\":\"Schweizer Musikzeitung\",\"description\":\"Die f\u00fchrende sparten\u00fcbergreifende Monatszeitung in der Schweiz f\u00fcr musikalische Fragen.\",\"publisher\":{\"@id\":\"https:\\\/\\\/www.musikzeitung.ch\\\/#organization\"},\"potentialAction\":[{\"@type\":\"SearchAction\",\"target\":{\"@type\":\"EntryPoint\",\"urlTemplate\":\"https:\\\/\\\/www.musikzeitung.ch\\\/?s={search_term_string}\"},\"query-input\":{\"@type\":\"PropertyValueSpecification\",\"valueRequired\":true,\"valueName\":\"search_term_string\"}}],\"inLanguage\":\"it-IT\"},{\"@type\":\"Organization\",\"@id\":\"https:\\\/\\\/www.musikzeitung.ch\\\/#organization\",\"name\":\"Schweizer Musikzeitung\",\"url\":\"https:\\\/\\\/www.musikzeitung.ch\\\/\",\"logo\":{\"@type\":\"ImageObject\",\"inLanguage\":\"it-IT\",\"@id\":\"https:\\\/\\\/www.musikzeitung.ch\\\/#\\\/schema\\\/logo\\\/image\\\/\",\"url\":\"https:\\\/\\\/www.musikzeitung.ch\\\/wp-content\\\/uploads\\\/2023\\\/01\\\/SMZ_Schriftzug_Sprache.png\",\"contentUrl\":\"https:\\\/\\\/www.musikzeitung.ch\\\/wp-content\\\/uploads\\\/2023\\\/01\\\/SMZ_Schriftzug_Sprache.png\",\"width\":1400,\"height\":279,\"caption\":\"Schweizer Musikzeitung\"},\"image\":{\"@id\":\"https:\\\/\\\/www.musikzeitung.ch\\\/#\\\/schema\\\/logo\\\/image\\\/\"},\"sameAs\":[\"https:\\\/\\\/www.facebook.com\\\/SchweizerMusikzeitung\\\/\",\"https:\\\/\\\/x.com\\\/smusikzeitung\",\"https:\\\/\\\/www.instagram.com\\\/musikzeitung.ch\\\/\"]},{\"@type\":\"Person\",\"@id\":\"https:\\\/\\\/www.musikzeitung.ch\\\/#\\\/schema\\\/person\\\/b2fd892c800856270b9dcc6001265712\",\"name\":\"Musikzeitung-Redaktion\",\"image\":{\"@type\":\"ImageObject\",\"inLanguage\":\"it-IT\",\"@id\":\"https:\\\/\\\/www.musikzeitung.ch\\\/wp-content\\\/uploads\\\/2022\\\/05\\\/usericon_musikzeitung-96x96.jpg\",\"url\":\"https:\\\/\\\/www.musikzeitung.ch\\\/wp-content\\\/uploads\\\/2022\\\/05\\\/usericon_musikzeitung-96x96.jpg\",\"contentUrl\":\"https:\\\/\\\/www.musikzeitung.ch\\\/wp-content\\\/uploads\\\/2022\\\/05\\\/usericon_musikzeitung-96x96.jpg\",\"caption\":\"Musikzeitung-Redaktion\"},\"url\":\"https:\\\/\\\/www.musikzeitung.ch\\\/it\\\/author\\\/admin\"}]}<\/script>\n<!-- \/ Yoast SEO plugin. -->","yoast_head_json":{"title":"La musica fa bene - Schweizer Musikzeitung","robots":{"index":"index","follow":"follow","max-snippet":"max-snippet:-1","max-image-preview":"max-image-preview:large","max-video-preview":"max-video-preview:-1"},"canonical":"https:\/\/www.musikzeitung.ch\/it\/aus-und-weiterbildung\/2013\/12\/musik-tut-gut\/","og_locale":"it_IT","og_type":"article","og_title":"Musik tut gut - Schweizer Musikzeitung","og_description":"Eine inspirierende Rundschau \u00fcber fr\u00fchkindliche Musikp\u00e4dagogik von der ersten Schweizer Musik-Kita bis zu Education-Konzerten. Bericht von der Luzerner Tagung \u00abMusiklernen von klein auf\u00bb.","og_url":"https:\/\/www.musikzeitung.ch\/it\/aus-und-weiterbildung\/2013\/12\/musik-tut-gut\/","og_site_name":"Schweizer Musikzeitung","article_publisher":"https:\/\/www.facebook.com\/SchweizerMusikzeitung\/","article_published_time":"2013-12-04T23:00:00+00:00","article_modified_time":"2023-01-18T00:11:59+00:00","og_image":[{"width":554,"height":368,"url":"https:\/\/www.musikzeitung.ch\/wp-content\/uploads\/2023\/01\/lu-5.jpg","type":"image\/jpeg"}],"author":"Musikzeitung-Redaktion","twitter_card":"summary_large_image","twitter_creator":"@smusikzeitung","twitter_site":"@smusikzeitung","twitter_misc":{"Scritto da":"Musikzeitung-Redaktion","Tempo di lettura stimato":"5 minuti"},"schema":{"@context":"https:\/\/schema.org","@graph":[{"@type":"Article","@id":"https:\/\/www.musikzeitung.ch\/aus-und-weiterbildung\/2013\/12\/musik-tut-gut#article","isPartOf":{"@id":"https:\/\/www.musikzeitung.ch\/aus-und-weiterbildung\/2013\/12\/musik-tut-gut"},"author":{"name":"Musikzeitung-Redaktion","@id":"https:\/\/www.musikzeitung.ch\/#\/schema\/person\/b2fd892c800856270b9dcc6001265712"},"headline":"Musik tut gut","datePublished":"2013-12-04T23:00:00+00:00","dateModified":"2023-01-18T00:11:59+00:00","mainEntityOfPage":{"@id":"https:\/\/www.musikzeitung.ch\/aus-und-weiterbildung\/2013\/12\/musik-tut-gut"},"wordCount":988,"commentCount":0,"publisher":{"@id":"https:\/\/www.musikzeitung.ch\/#organization"},"image":{"@id":"https:\/\/www.musikzeitung.ch\/aus-und-weiterbildung\/2013\/12\/musik-tut-gut#primaryimage"},"thumbnailUrl":"https:\/\/www.musikzeitung.ch\/wp-content\/uploads\/2023\/01\/lu-5.jpg","articleSection":["Aus- und Weiterbildung","Musikhochschule"],"inLanguage":"it-IT"},{"@type":"WebPage","@id":"https:\/\/www.musikzeitung.ch\/aus-und-weiterbildung\/2013\/12\/musik-tut-gut","url":"https:\/\/www.musikzeitung.ch\/aus-und-weiterbildung\/2013\/12\/musik-tut-gut","name":"La musica fa bene - Schweizer Musikzeitung","isPartOf":{"@id":"https:\/\/www.musikzeitung.ch\/#website"},"primaryImageOfPage":{"@id":"https:\/\/www.musikzeitung.ch\/aus-und-weiterbildung\/2013\/12\/musik-tut-gut#primaryimage"},"image":{"@id":"https:\/\/www.musikzeitung.ch\/aus-und-weiterbildung\/2013\/12\/musik-tut-gut#primaryimage"},"thumbnailUrl":"https:\/\/www.musikzeitung.ch\/wp-content\/uploads\/2023\/01\/lu-5.jpg","datePublished":"2013-12-04T23:00:00+00:00","dateModified":"2023-01-18T00:11:59+00:00","breadcrumb":{"@id":"https:\/\/www.musikzeitung.ch\/aus-und-weiterbildung\/2013\/12\/musik-tut-gut#breadcrumb"},"inLanguage":"it-IT","potentialAction":[{"@type":"ReadAction","target":["https:\/\/www.musikzeitung.ch\/aus-und-weiterbildung\/2013\/12\/musik-tut-gut"]}]},{"@type":"ImageObject","inLanguage":"it-IT","@id":"https:\/\/www.musikzeitung.ch\/aus-und-weiterbildung\/2013\/12\/musik-tut-gut#primaryimage","url":"https:\/\/www.musikzeitung.ch\/wp-content\/uploads\/2023\/01\/lu-5.jpg","contentUrl":"https:\/\/www.musikzeitung.ch\/wp-content\/uploads\/2023\/01\/lu-5.jpg","width":554,"height":368},{"@type":"BreadcrumbList","@id":"https:\/\/www.musikzeitung.ch\/aus-und-weiterbildung\/2013\/12\/musik-tut-gut#breadcrumb","itemListElement":[{"@type":"ListItem","position":1,"name":"Home","item":"https:\/\/www.musikzeitung.ch\/"},{"@type":"ListItem","position":2,"name":"Musik tut gut"}]},{"@type":"WebSite","@id":"https:\/\/www.musikzeitung.ch\/#website","url":"https:\/\/www.musikzeitung.ch\/","name":"Giornale musicale svizzero","description":"Il principale mensile interdisciplinare della Svizzera per le questioni musicali.","publisher":{"@id":"https:\/\/www.musikzeitung.ch\/#organization"},"potentialAction":[{"@type":"SearchAction","target":{"@type":"EntryPoint","urlTemplate":"https:\/\/www.musikzeitung.ch\/?s={search_term_string}"},"query-input":{"@type":"PropertyValueSpecification","valueRequired":true,"valueName":"search_term_string"}}],"inLanguage":"it-IT"},{"@type":"Organization","@id":"https:\/\/www.musikzeitung.ch\/#organization","name":"Giornale musicale svizzero","url":"https:\/\/www.musikzeitung.ch\/","logo":{"@type":"ImageObject","inLanguage":"it-IT","@id":"https:\/\/www.musikzeitung.ch\/#\/schema\/logo\/image\/","url":"https:\/\/www.musikzeitung.ch\/wp-content\/uploads\/2023\/01\/SMZ_Schriftzug_Sprache.png","contentUrl":"https:\/\/www.musikzeitung.ch\/wp-content\/uploads\/2023\/01\/SMZ_Schriftzug_Sprache.png","width":1400,"height":279,"caption":"Schweizer Musikzeitung"},"image":{"@id":"https:\/\/www.musikzeitung.ch\/#\/schema\/logo\/image\/"},"sameAs":["https:\/\/www.facebook.com\/SchweizerMusikzeitung\/","https:\/\/x.com\/smusikzeitung","https:\/\/www.instagram.com\/musikzeitung.ch\/"]},{"@type":"Person","@id":"https:\/\/www.musikzeitung.ch\/#\/schema\/person\/b2fd892c800856270b9dcc6001265712","name":"Redazione Musikzeitung","image":{"@type":"ImageObject","inLanguage":"it-IT","@id":"https:\/\/www.musikzeitung.ch\/wp-content\/uploads\/2022\/05\/usericon_musikzeitung-96x96.jpg","url":"https:\/\/www.musikzeitung.ch\/wp-content\/uploads\/2022\/05\/usericon_musikzeitung-96x96.jpg","contentUrl":"https:\/\/www.musikzeitung.ch\/wp-content\/uploads\/2022\/05\/usericon_musikzeitung-96x96.jpg","caption":"Musikzeitung-Redaktion"},"url":"https:\/\/www.musikzeitung.ch\/it\/author\/admin"}]}},"publishpress_future_workflow_manual_trigger":{"enabledWorkflows":[]},"_links":{"self":[{"href":"https:\/\/www.musikzeitung.ch\/it\/wp-json\/wp\/v2\/posts\/17193","targetHints":{"allow":["GET"]}}],"collection":[{"href":"https:\/\/www.musikzeitung.ch\/it\/wp-json\/wp\/v2\/posts"}],"about":[{"href":"https:\/\/www.musikzeitung.ch\/it\/wp-json\/wp\/v2\/types\/post"}],"author":[{"embeddable":true,"href":"https:\/\/www.musikzeitung.ch\/it\/wp-json\/wp\/v2\/users\/1"}],"replies":[{"embeddable":true,"href":"https:\/\/www.musikzeitung.ch\/it\/wp-json\/wp\/v2\/comments?post=17193"}],"version-history":[{"count":1,"href":"https:\/\/www.musikzeitung.ch\/it\/wp-json\/wp\/v2\/posts\/17193\/revisions"}],"predecessor-version":[{"id":17194,"href":"https:\/\/www.musikzeitung.ch\/it\/wp-json\/wp\/v2\/posts\/17193\/revisions\/17194"}],"wp:featuredmedia":[{"embeddable":true,"href":"https:\/\/www.musikzeitung.ch\/it\/wp-json\/wp\/v2\/media\/15462"}],"wp:attachment":[{"href":"https:\/\/www.musikzeitung.ch\/it\/wp-json\/wp\/v2\/media?parent=17193"}],"wp:term":[{"taxonomy":"category","embeddable":true,"href":"https:\/\/www.musikzeitung.ch\/it\/wp-json\/wp\/v2\/categories?post=17193"},{"taxonomy":"post_tag","embeddable":true,"href":"https:\/\/www.musikzeitung.ch\/it\/wp-json\/wp\/v2\/tags?post=17193"}],"curies":[{"name":"wp","href":"https:\/\/api.w.org\/{rel}","templated":true}]}}