{"id":17225,"date":"2014-04-15T00:00:00","date_gmt":"2014-04-14T23:00:00","guid":{"rendered":"https:\/\/www.musikzeitung.ch\/allgemein\/kontrabassklarinette-und-beethoven-rezeption-unter-der-lupe\/"},"modified":"2023-01-18T01:12:00","modified_gmt":"2023-01-18T00:12:00","slug":"kontrabassklarinette-und-beethoven-rezeption-unter-der-lupe","status":"publish","type":"post","link":"https:\/\/www.musikzeitung.ch\/it\/aus-und-weiterbildung\/2014\/04\/kontrabassklarinette-und-beethoven-rezeption-unter-der-lupe","title":{"rendered":"Il clarinetto contrabbasso e la ricezione di Beethoven sotto la lente d'ingrandimento"},"content":{"rendered":"<figure style=\"width: 1200px\" class=\"wp-caption alignnone\"><img decoding=\"async\" class=\"size-full\" src=\"https:\/\/www.musikzeitung.ch\/wp-content\/uploads\/2023\/01\/hk.jpg\" alt=\"\" \/><figcaption class=\"wp-caption-text\">Thomas Siepmann \/ pixelio.de<\/figcaption><\/figure>\n<div class='text-section'>\n<p>La Commissione per la tecnologia e l'innovazione ha lanciato un progetto interdisciplinare intitolato <em>Clarinetto contrabbasso esteso<\/em> approvato. Con Segelke+Partners GMBH come partner pratico, l'Universit\u00e0 delle Arti di Berna e il Dipartimento di Tecnologia dell'Universit\u00e0 di Scienze Applicate di Berna stanno sviluppando un nuovo clarinetto contrabbasso in un prototipo pronto per la produzione in serie. Il progetto si basa su un progetto di sviluppo finanziato dall'Universit\u00e0 di Scienze Applicate di Berna. <em>Clarinetto contrabbasso illimitato<\/em> (2013-14).<br \/> Il nuovo clarinetto contrabbasso intende superare la mancanza di qualit\u00e0 tonale e tecnica dello strumento con una premessa radicalmente nuova: Sostituendo la meccanica tradizionale con chiavi sensoriali-dinamiche e chiavi motorizzate, non \u00e8 pi\u00f9 necessario scendere a compromessi sul posizionamento dei fori tonali. Il suono e l'intonazione sono notevolmente migliorati e si creano nuove interfacce per i compositori e gli esecutori, e anche per la media art. Il progetto, avviato da Ernesto Molinari, \u00e8 supervisionato da Roman Brotbeck e gestito da Christoph Schnyder. <\/p>\n<p> Il nuovo progetto del FNS esplora il modo in cui il \"lungo XIX secolo\" ha accolto le opere pianistiche di Beethoven <a href='http:\/\/www.hkb.bfh.ch\/de\/forschung\/forschungsschwerpunkte\/fspinterpretation\/vortrag-interpretation\/'><em>Dalla lezione all'interpretazione<\/em><\/a>che \u00e8 stata presentata con successo da Thomas Gartmann: Da entrambe le parti, due tesi di laurea strettamente interconnesse esaminano come le pratiche interpretative siano cambiate e si siano sviluppate dopo la morte di Beethoven e quindi, in misura significativa, caratterizzino ancora oggi la nostra immagine di Beethoven: Leonardo Miucci prende come punto di partenza le annotazioni di diario, le lettere e le scuole di pianoforte di Ignaz Moscheles e confronta le due principali edizioni di Beethoven che egli produsse negli anni Trenta dell'Ottocento per il mercato inglese e vent'anni dopo per il mercato tedesco. Manuel B\u00e4rtsch valuta le registrazioni con i rulli Welte-Mignon e le prime registrazioni acustiche e le contestualizza dal punto di vista storico ed estetico. Entrambi gli studi, redatti nell'ambito della Graduate School of the Arts e accompagnati da Michael Lehner per quanto riguarda la teoria musicale, si concentrano su articolazione, dinamica, agogica, pedalizzazione, (trasposizione delle) marcature di esecuzione, tempo e metronomo.<\/p>\n<p> La BUA \u00e8 stata anche invitata a partecipare al progetto dell'UE <em>Sperimentazione e interpretazione: esplorare nuovi percorsi nella performance musicale del XXI secolo<\/em> del Consiglio europeo della ricerca e dell'Istituto Orpheus di Gand. Il professore del SNSF Kai K\u00f6pp agir\u00e0 in qualit\u00e0 di esperto permanente e parteciper\u00e0 con uno studio sulle registrazioni storiche della cerchia di Sch\u00f6nberg.<\/p>\n<p> Infine, Tobias Pfleger, assistente di ricerca presso l'HKB, ha scritto la sua tesi di laurea presso l'Universit\u00e0 di Musica di Karlsruhe sul tema della <em>Romanticismo purificato? Le sinfonie di Robert Schumann nelle interpretazioni della prassi esecutiva storicamente informata<\/em> con la distinzione di \"summa cum laude\". <br \/> \u00a0<\/p>\n<\/p><\/div>","protected":false},"excerpt":{"rendered":"<p><strong>Lo studio \"Clarinetto contrabbasso esteso\" mira a migliorare la qualit\u00e0 dello strumento, mentre lo studio \"Dall'esecuzione all'interpretazione\" si occupa della ricezione delle opere pianistiche di Beethoven nel XIX secolo.<\/strong><\/p>","protected":false},"author":1,"featured_media":15510,"comment_status":"open","ping_status":"open","sticky":false,"template":"","format":"standard","meta":{"_acf_changed":false,"_relevanssi_hide_post":"","_relevanssi_hide_content":"","_relevanssi_pin_for_all":"","_relevanssi_pin_keywords":"","_relevanssi_unpin_keywords":"","_relevanssi_related_keywords":"","_relevanssi_related_include_ids":"","_relevanssi_related_exclude_ids":"","_relevanssi_related_no_append":"","_relevanssi_related_not_related":"","_relevanssi_related_posts":"","_relevanssi_noindex_reason":"","pgc_sgb_lightbox_settings":"","footnotes":""},"categories":[447,510],"tags":[],"class_list":["post-17225","post","type-post","status-publish","format-standard","has-post-thumbnail","hentry","category-aus-und-weiterbildung","category-musikhochschule"],"acf":[],"yoast_head":"<!-- This site is optimized with the Yoast SEO plugin v27.5 - https:\/\/yoast.com\/product\/yoast-seo-wordpress\/ -->\n<title>Kontrabassklarinette und Beethoven-Rezeption unter der Lupe - Schweizer Musikzeitung<\/title>\n<meta name=\"robots\" content=\"index, follow, max-snippet:-1, max-image-preview:large, max-video-preview:-1\" \/>\n<link rel=\"canonical\" href=\"https:\/\/www.musikzeitung.ch\/it\/aus-und-weiterbildung\/2014\/04\/kontrabassklarinette-und-beethoven-rezeption-unter-der-lupe\/\" \/>\n<meta property=\"og:locale\" content=\"it_IT\" \/>\n<meta property=\"og:type\" content=\"article\" \/>\n<meta property=\"og:title\" content=\"Kontrabassklarinette und Beethoven-Rezeption unter der Lupe - Schweizer Musikzeitung\" \/>\n<meta property=\"og:description\" content=\"Die Studie \u00abContrabassclarinet Extended\u00bb hat zum Ziel, die Qualit\u00e4t des Instruments zu steigern, w\u00e4hrend sich die Untersuchung \u00abVom Vortrag zur Interpretation\u00bb mit der Rezeption von Beethovens Klavierwerk im 19. Jahrhundert besch\u00e4ftigt.\" \/>\n<meta property=\"og:url\" content=\"https:\/\/www.musikzeitung.ch\/it\/aus-und-weiterbildung\/2014\/04\/kontrabassklarinette-und-beethoven-rezeption-unter-der-lupe\/\" \/>\n<meta property=\"og:site_name\" content=\"Schweizer Musikzeitung\" \/>\n<meta property=\"article:publisher\" content=\"https:\/\/www.facebook.com\/SchweizerMusikzeitung\/\" \/>\n<meta property=\"article:published_time\" content=\"2014-04-14T23:00:00+00:00\" \/>\n<meta property=\"article:modified_time\" content=\"2023-01-18T00:12:00+00:00\" \/>\n<meta property=\"og:image\" content=\"https:\/\/www.musikzeitung.ch\/wp-content\/uploads\/2023\/01\/hk.jpg\" \/>\n\t<meta property=\"og:image:width\" content=\"554\" \/>\n\t<meta property=\"og:image:height\" content=\"436\" \/>\n\t<meta property=\"og:image:type\" content=\"image\/jpeg\" \/>\n<meta name=\"author\" content=\"Musikzeitung-Redaktion\" \/>\n<meta name=\"twitter:card\" content=\"summary_large_image\" \/>\n<meta name=\"twitter:creator\" content=\"@smusikzeitung\" \/>\n<meta name=\"twitter:site\" content=\"@smusikzeitung\" \/>\n<meta name=\"twitter:label1\" content=\"Scritto da\" \/>\n\t<meta name=\"twitter:data1\" content=\"Musikzeitung-Redaktion\" \/>\n\t<meta name=\"twitter:label2\" content=\"Tempo di lettura stimato\" \/>\n\t<meta name=\"twitter:data2\" content=\"2 minuti\" \/>\n<script type=\"application\/ld+json\" class=\"yoast-schema-graph\">{\"@context\":\"https:\\\/\\\/schema.org\",\"@graph\":[{\"@type\":\"Article\",\"@id\":\"https:\\\/\\\/www.musikzeitung.ch\\\/aus-und-weiterbildung\\\/2014\\\/04\\\/kontrabassklarinette-und-beethoven-rezeption-unter-der-lupe#article\",\"isPartOf\":{\"@id\":\"https:\\\/\\\/www.musikzeitung.ch\\\/aus-und-weiterbildung\\\/2014\\\/04\\\/kontrabassklarinette-und-beethoven-rezeption-unter-der-lupe\"},\"author\":{\"name\":\"Musikzeitung-Redaktion\",\"@id\":\"https:\\\/\\\/www.musikzeitung.ch\\\/#\\\/schema\\\/person\\\/b2fd892c800856270b9dcc6001265712\"},\"headline\":\"Kontrabassklarinette und Beethoven-Rezeption unter der Lupe\",\"datePublished\":\"2014-04-14T23:00:00+00:00\",\"dateModified\":\"2023-01-18T00:12:00+00:00\",\"mainEntityOfPage\":{\"@id\":\"https:\\\/\\\/www.musikzeitung.ch\\\/aus-und-weiterbildung\\\/2014\\\/04\\\/kontrabassklarinette-und-beethoven-rezeption-unter-der-lupe\"},\"wordCount\":397,\"commentCount\":0,\"publisher\":{\"@id\":\"https:\\\/\\\/www.musikzeitung.ch\\\/#organization\"},\"image\":{\"@id\":\"https:\\\/\\\/www.musikzeitung.ch\\\/aus-und-weiterbildung\\\/2014\\\/04\\\/kontrabassklarinette-und-beethoven-rezeption-unter-der-lupe#primaryimage\"},\"thumbnailUrl\":\"https:\\\/\\\/www.musikzeitung.ch\\\/wp-content\\\/uploads\\\/2023\\\/01\\\/hk.jpg\",\"articleSection\":[\"Aus- und Weiterbildung\",\"Musikhochschule\"],\"inLanguage\":\"it-IT\"},{\"@type\":\"WebPage\",\"@id\":\"https:\\\/\\\/www.musikzeitung.ch\\\/aus-und-weiterbildung\\\/2014\\\/04\\\/kontrabassklarinette-und-beethoven-rezeption-unter-der-lupe\",\"url\":\"https:\\\/\\\/www.musikzeitung.ch\\\/aus-und-weiterbildung\\\/2014\\\/04\\\/kontrabassklarinette-und-beethoven-rezeption-unter-der-lupe\",\"name\":\"Kontrabassklarinette und Beethoven-Rezeption unter der Lupe - Schweizer Musikzeitung\",\"isPartOf\":{\"@id\":\"https:\\\/\\\/www.musikzeitung.ch\\\/#website\"},\"primaryImageOfPage\":{\"@id\":\"https:\\\/\\\/www.musikzeitung.ch\\\/aus-und-weiterbildung\\\/2014\\\/04\\\/kontrabassklarinette-und-beethoven-rezeption-unter-der-lupe#primaryimage\"},\"image\":{\"@id\":\"https:\\\/\\\/www.musikzeitung.ch\\\/aus-und-weiterbildung\\\/2014\\\/04\\\/kontrabassklarinette-und-beethoven-rezeption-unter-der-lupe#primaryimage\"},\"thumbnailUrl\":\"https:\\\/\\\/www.musikzeitung.ch\\\/wp-content\\\/uploads\\\/2023\\\/01\\\/hk.jpg\",\"datePublished\":\"2014-04-14T23:00:00+00:00\",\"dateModified\":\"2023-01-18T00:12:00+00:00\",\"breadcrumb\":{\"@id\":\"https:\\\/\\\/www.musikzeitung.ch\\\/aus-und-weiterbildung\\\/2014\\\/04\\\/kontrabassklarinette-und-beethoven-rezeption-unter-der-lupe#breadcrumb\"},\"inLanguage\":\"it-IT\",\"potentialAction\":[{\"@type\":\"ReadAction\",\"target\":[\"https:\\\/\\\/www.musikzeitung.ch\\\/aus-und-weiterbildung\\\/2014\\\/04\\\/kontrabassklarinette-und-beethoven-rezeption-unter-der-lupe\"]}]},{\"@type\":\"ImageObject\",\"inLanguage\":\"it-IT\",\"@id\":\"https:\\\/\\\/www.musikzeitung.ch\\\/aus-und-weiterbildung\\\/2014\\\/04\\\/kontrabassklarinette-und-beethoven-rezeption-unter-der-lupe#primaryimage\",\"url\":\"https:\\\/\\\/www.musikzeitung.ch\\\/wp-content\\\/uploads\\\/2023\\\/01\\\/hk.jpg\",\"contentUrl\":\"https:\\\/\\\/www.musikzeitung.ch\\\/wp-content\\\/uploads\\\/2023\\\/01\\\/hk.jpg\",\"width\":554,\"height\":436},{\"@type\":\"BreadcrumbList\",\"@id\":\"https:\\\/\\\/www.musikzeitung.ch\\\/aus-und-weiterbildung\\\/2014\\\/04\\\/kontrabassklarinette-und-beethoven-rezeption-unter-der-lupe#breadcrumb\",\"itemListElement\":[{\"@type\":\"ListItem\",\"position\":1,\"name\":\"Home\",\"item\":\"https:\\\/\\\/www.musikzeitung.ch\\\/\"},{\"@type\":\"ListItem\",\"position\":2,\"name\":\"Kontrabassklarinette und Beethoven-Rezeption unter der Lupe\"}]},{\"@type\":\"WebSite\",\"@id\":\"https:\\\/\\\/www.musikzeitung.ch\\\/#website\",\"url\":\"https:\\\/\\\/www.musikzeitung.ch\\\/\",\"name\":\"Schweizer Musikzeitung\",\"description\":\"Die f\u00fchrende sparten\u00fcbergreifende Monatszeitung in der Schweiz f\u00fcr musikalische Fragen.\",\"publisher\":{\"@id\":\"https:\\\/\\\/www.musikzeitung.ch\\\/#organization\"},\"potentialAction\":[{\"@type\":\"SearchAction\",\"target\":{\"@type\":\"EntryPoint\",\"urlTemplate\":\"https:\\\/\\\/www.musikzeitung.ch\\\/?s={search_term_string}\"},\"query-input\":{\"@type\":\"PropertyValueSpecification\",\"valueRequired\":true,\"valueName\":\"search_term_string\"}}],\"inLanguage\":\"it-IT\"},{\"@type\":\"Organization\",\"@id\":\"https:\\\/\\\/www.musikzeitung.ch\\\/#organization\",\"name\":\"Schweizer Musikzeitung\",\"url\":\"https:\\\/\\\/www.musikzeitung.ch\\\/\",\"logo\":{\"@type\":\"ImageObject\",\"inLanguage\":\"it-IT\",\"@id\":\"https:\\\/\\\/www.musikzeitung.ch\\\/#\\\/schema\\\/logo\\\/image\\\/\",\"url\":\"https:\\\/\\\/www.musikzeitung.ch\\\/wp-content\\\/uploads\\\/2023\\\/01\\\/SMZ_Schriftzug_Sprache.png\",\"contentUrl\":\"https:\\\/\\\/www.musikzeitung.ch\\\/wp-content\\\/uploads\\\/2023\\\/01\\\/SMZ_Schriftzug_Sprache.png\",\"width\":1400,\"height\":279,\"caption\":\"Schweizer Musikzeitung\"},\"image\":{\"@id\":\"https:\\\/\\\/www.musikzeitung.ch\\\/#\\\/schema\\\/logo\\\/image\\\/\"},\"sameAs\":[\"https:\\\/\\\/www.facebook.com\\\/SchweizerMusikzeitung\\\/\",\"https:\\\/\\\/x.com\\\/smusikzeitung\",\"https:\\\/\\\/www.instagram.com\\\/musikzeitung.ch\\\/\"]},{\"@type\":\"Person\",\"@id\":\"https:\\\/\\\/www.musikzeitung.ch\\\/#\\\/schema\\\/person\\\/b2fd892c800856270b9dcc6001265712\",\"name\":\"Musikzeitung-Redaktion\",\"image\":{\"@type\":\"ImageObject\",\"inLanguage\":\"it-IT\",\"@id\":\"https:\\\/\\\/www.musikzeitung.ch\\\/wp-content\\\/uploads\\\/2022\\\/05\\\/usericon_musikzeitung-96x96.jpg\",\"url\":\"https:\\\/\\\/www.musikzeitung.ch\\\/wp-content\\\/uploads\\\/2022\\\/05\\\/usericon_musikzeitung-96x96.jpg\",\"contentUrl\":\"https:\\\/\\\/www.musikzeitung.ch\\\/wp-content\\\/uploads\\\/2022\\\/05\\\/usericon_musikzeitung-96x96.jpg\",\"caption\":\"Musikzeitung-Redaktion\"},\"url\":\"https:\\\/\\\/www.musikzeitung.ch\\\/it\\\/author\\\/admin\"}]}<\/script>\n<!-- \/ Yoast SEO plugin. -->","yoast_head_json":{"title":"Il clarinetto contrabbasso e la ricezione di Beethoven sotto la lente d'ingrandimento - Schweizer Musikzeitung","robots":{"index":"index","follow":"follow","max-snippet":"max-snippet:-1","max-image-preview":"max-image-preview:large","max-video-preview":"max-video-preview:-1"},"canonical":"https:\/\/www.musikzeitung.ch\/it\/aus-und-weiterbildung\/2014\/04\/kontrabassklarinette-und-beethoven-rezeption-unter-der-lupe\/","og_locale":"it_IT","og_type":"article","og_title":"Kontrabassklarinette und Beethoven-Rezeption unter der Lupe - Schweizer Musikzeitung","og_description":"Die Studie \u00abContrabassclarinet Extended\u00bb hat zum Ziel, die Qualit\u00e4t des Instruments zu steigern, w\u00e4hrend sich die Untersuchung \u00abVom Vortrag zur Interpretation\u00bb mit der Rezeption von Beethovens Klavierwerk im 19. Jahrhundert besch\u00e4ftigt.","og_url":"https:\/\/www.musikzeitung.ch\/it\/aus-und-weiterbildung\/2014\/04\/kontrabassklarinette-und-beethoven-rezeption-unter-der-lupe\/","og_site_name":"Schweizer Musikzeitung","article_publisher":"https:\/\/www.facebook.com\/SchweizerMusikzeitung\/","article_published_time":"2014-04-14T23:00:00+00:00","article_modified_time":"2023-01-18T00:12:00+00:00","og_image":[{"width":554,"height":436,"url":"https:\/\/www.musikzeitung.ch\/wp-content\/uploads\/2023\/01\/hk.jpg","type":"image\/jpeg"}],"author":"Musikzeitung-Redaktion","twitter_card":"summary_large_image","twitter_creator":"@smusikzeitung","twitter_site":"@smusikzeitung","twitter_misc":{"Scritto da":"Musikzeitung-Redaktion","Tempo di lettura stimato":"2 minuti"},"schema":{"@context":"https:\/\/schema.org","@graph":[{"@type":"Article","@id":"https:\/\/www.musikzeitung.ch\/aus-und-weiterbildung\/2014\/04\/kontrabassklarinette-und-beethoven-rezeption-unter-der-lupe#article","isPartOf":{"@id":"https:\/\/www.musikzeitung.ch\/aus-und-weiterbildung\/2014\/04\/kontrabassklarinette-und-beethoven-rezeption-unter-der-lupe"},"author":{"name":"Musikzeitung-Redaktion","@id":"https:\/\/www.musikzeitung.ch\/#\/schema\/person\/b2fd892c800856270b9dcc6001265712"},"headline":"Kontrabassklarinette und Beethoven-Rezeption unter der Lupe","datePublished":"2014-04-14T23:00:00+00:00","dateModified":"2023-01-18T00:12:00+00:00","mainEntityOfPage":{"@id":"https:\/\/www.musikzeitung.ch\/aus-und-weiterbildung\/2014\/04\/kontrabassklarinette-und-beethoven-rezeption-unter-der-lupe"},"wordCount":397,"commentCount":0,"publisher":{"@id":"https:\/\/www.musikzeitung.ch\/#organization"},"image":{"@id":"https:\/\/www.musikzeitung.ch\/aus-und-weiterbildung\/2014\/04\/kontrabassklarinette-und-beethoven-rezeption-unter-der-lupe#primaryimage"},"thumbnailUrl":"https:\/\/www.musikzeitung.ch\/wp-content\/uploads\/2023\/01\/hk.jpg","articleSection":["Aus- und Weiterbildung","Musikhochschule"],"inLanguage":"it-IT"},{"@type":"WebPage","@id":"https:\/\/www.musikzeitung.ch\/aus-und-weiterbildung\/2014\/04\/kontrabassklarinette-und-beethoven-rezeption-unter-der-lupe","url":"https:\/\/www.musikzeitung.ch\/aus-und-weiterbildung\/2014\/04\/kontrabassklarinette-und-beethoven-rezeption-unter-der-lupe","name":"Il clarinetto contrabbasso e la ricezione di Beethoven sotto la lente d'ingrandimento - Schweizer Musikzeitung","isPartOf":{"@id":"https:\/\/www.musikzeitung.ch\/#website"},"primaryImageOfPage":{"@id":"https:\/\/www.musikzeitung.ch\/aus-und-weiterbildung\/2014\/04\/kontrabassklarinette-und-beethoven-rezeption-unter-der-lupe#primaryimage"},"image":{"@id":"https:\/\/www.musikzeitung.ch\/aus-und-weiterbildung\/2014\/04\/kontrabassklarinette-und-beethoven-rezeption-unter-der-lupe#primaryimage"},"thumbnailUrl":"https:\/\/www.musikzeitung.ch\/wp-content\/uploads\/2023\/01\/hk.jpg","datePublished":"2014-04-14T23:00:00+00:00","dateModified":"2023-01-18T00:12:00+00:00","breadcrumb":{"@id":"https:\/\/www.musikzeitung.ch\/aus-und-weiterbildung\/2014\/04\/kontrabassklarinette-und-beethoven-rezeption-unter-der-lupe#breadcrumb"},"inLanguage":"it-IT","potentialAction":[{"@type":"ReadAction","target":["https:\/\/www.musikzeitung.ch\/aus-und-weiterbildung\/2014\/04\/kontrabassklarinette-und-beethoven-rezeption-unter-der-lupe"]}]},{"@type":"ImageObject","inLanguage":"it-IT","@id":"https:\/\/www.musikzeitung.ch\/aus-und-weiterbildung\/2014\/04\/kontrabassklarinette-und-beethoven-rezeption-unter-der-lupe#primaryimage","url":"https:\/\/www.musikzeitung.ch\/wp-content\/uploads\/2023\/01\/hk.jpg","contentUrl":"https:\/\/www.musikzeitung.ch\/wp-content\/uploads\/2023\/01\/hk.jpg","width":554,"height":436},{"@type":"BreadcrumbList","@id":"https:\/\/www.musikzeitung.ch\/aus-und-weiterbildung\/2014\/04\/kontrabassklarinette-und-beethoven-rezeption-unter-der-lupe#breadcrumb","itemListElement":[{"@type":"ListItem","position":1,"name":"Home","item":"https:\/\/www.musikzeitung.ch\/"},{"@type":"ListItem","position":2,"name":"Kontrabassklarinette und Beethoven-Rezeption unter der Lupe"}]},{"@type":"WebSite","@id":"https:\/\/www.musikzeitung.ch\/#website","url":"https:\/\/www.musikzeitung.ch\/","name":"Giornale musicale svizzero","description":"Il principale mensile interdisciplinare della Svizzera per le questioni musicali.","publisher":{"@id":"https:\/\/www.musikzeitung.ch\/#organization"},"potentialAction":[{"@type":"SearchAction","target":{"@type":"EntryPoint","urlTemplate":"https:\/\/www.musikzeitung.ch\/?s={search_term_string}"},"query-input":{"@type":"PropertyValueSpecification","valueRequired":true,"valueName":"search_term_string"}}],"inLanguage":"it-IT"},{"@type":"Organization","@id":"https:\/\/www.musikzeitung.ch\/#organization","name":"Giornale musicale svizzero","url":"https:\/\/www.musikzeitung.ch\/","logo":{"@type":"ImageObject","inLanguage":"it-IT","@id":"https:\/\/www.musikzeitung.ch\/#\/schema\/logo\/image\/","url":"https:\/\/www.musikzeitung.ch\/wp-content\/uploads\/2023\/01\/SMZ_Schriftzug_Sprache.png","contentUrl":"https:\/\/www.musikzeitung.ch\/wp-content\/uploads\/2023\/01\/SMZ_Schriftzug_Sprache.png","width":1400,"height":279,"caption":"Schweizer Musikzeitung"},"image":{"@id":"https:\/\/www.musikzeitung.ch\/#\/schema\/logo\/image\/"},"sameAs":["https:\/\/www.facebook.com\/SchweizerMusikzeitung\/","https:\/\/x.com\/smusikzeitung","https:\/\/www.instagram.com\/musikzeitung.ch\/"]},{"@type":"Person","@id":"https:\/\/www.musikzeitung.ch\/#\/schema\/person\/b2fd892c800856270b9dcc6001265712","name":"Redazione Musikzeitung","image":{"@type":"ImageObject","inLanguage":"it-IT","@id":"https:\/\/www.musikzeitung.ch\/wp-content\/uploads\/2022\/05\/usericon_musikzeitung-96x96.jpg","url":"https:\/\/www.musikzeitung.ch\/wp-content\/uploads\/2022\/05\/usericon_musikzeitung-96x96.jpg","contentUrl":"https:\/\/www.musikzeitung.ch\/wp-content\/uploads\/2022\/05\/usericon_musikzeitung-96x96.jpg","caption":"Musikzeitung-Redaktion"},"url":"https:\/\/www.musikzeitung.ch\/it\/author\/admin"}]}},"publishpress_future_workflow_manual_trigger":{"enabledWorkflows":[]},"_links":{"self":[{"href":"https:\/\/www.musikzeitung.ch\/it\/wp-json\/wp\/v2\/posts\/17225","targetHints":{"allow":["GET"]}}],"collection":[{"href":"https:\/\/www.musikzeitung.ch\/it\/wp-json\/wp\/v2\/posts"}],"about":[{"href":"https:\/\/www.musikzeitung.ch\/it\/wp-json\/wp\/v2\/types\/post"}],"author":[{"embeddable":true,"href":"https:\/\/www.musikzeitung.ch\/it\/wp-json\/wp\/v2\/users\/1"}],"replies":[{"embeddable":true,"href":"https:\/\/www.musikzeitung.ch\/it\/wp-json\/wp\/v2\/comments?post=17225"}],"version-history":[{"count":1,"href":"https:\/\/www.musikzeitung.ch\/it\/wp-json\/wp\/v2\/posts\/17225\/revisions"}],"predecessor-version":[{"id":17226,"href":"https:\/\/www.musikzeitung.ch\/it\/wp-json\/wp\/v2\/posts\/17225\/revisions\/17226"}],"wp:featuredmedia":[{"embeddable":true,"href":"https:\/\/www.musikzeitung.ch\/it\/wp-json\/wp\/v2\/media\/15510"}],"wp:attachment":[{"href":"https:\/\/www.musikzeitung.ch\/it\/wp-json\/wp\/v2\/media?parent=17225"}],"wp:term":[{"taxonomy":"category","embeddable":true,"href":"https:\/\/www.musikzeitung.ch\/it\/wp-json\/wp\/v2\/categories?post=17225"},{"taxonomy":"post_tag","embeddable":true,"href":"https:\/\/www.musikzeitung.ch\/it\/wp-json\/wp\/v2\/tags?post=17225"}],"curies":[{"name":"wp","href":"https:\/\/api.w.org\/{rel}","templated":true}]}}