{"id":17257,"date":"2014-10-27T00:00:00","date_gmt":"2014-10-26T23:00:00","guid":{"rendered":"https:\/\/www.musikzeitung.ch\/allgemein\/hkb-tueftelt-an-neuer-kontrabassklarinette\/"},"modified":"2023-01-18T01:12:03","modified_gmt":"2023-01-18T00:12:03","slug":"hkb-tueftelt-an-neuer-kontrabassklarinette","status":"publish","type":"post","link":"https:\/\/www.musikzeitung.ch\/it\/aus-und-weiterbildung\/2014\/10\/hkb-tueftelt-an-neuer-kontrabassklarinette","title":{"rendered":"HKB lavora al nuovo clarinetto contrabbasso"},"content":{"rendered":"<figure style=\"width: 1200px\" class=\"wp-caption alignnone\"><img decoding=\"async\" class=\"size-full\" src=\"https:\/\/www.musikzeitung.ch\/wp-content\/uploads\/2023\/01\/csm_2013-01-16-_9-C-Daniel-Heiniger_web_e67092cdcb.jpg\" alt=\"\" \/><figcaption class=\"wp-caption-text\">Foto: Donna Molinari<\/figcaption><\/figure>\n<div class='text-section'>\n<p>Il nuovo clarinetto contrabbasso intende superare la mancanza di qualit\u00e0 tonale e tecnica dello strumento con una \"premessa radicalmente nuova\": sostituendo la meccanica tradizionale con chiavi sensoriali-dinamiche e chiavi motorizzate, non \u00e8 pi\u00f9 necessario scendere a compromessi sul posizionamento dei fori tonali, scrive la HKB. Il suono e l'intonazione risulterebbero notevolmente migliorati e si creerebbero nuove interfacce per compositori ed esecutori, e anche per la media art. Il progetto di Ernesto Molinari \u00e8 diretto da Roman Brotbeck.<\/p>\n<p>La HKB \u00e8 stata invitata a partecipare al progetto europeo \"Experimentation versus Interpretation: Exploring New Paths in Music Performance in the Twenty-First Century\", organizzato dal Consiglio europeo della ricerca e dall'Orpheus Institute di Gand. Il professore del FNS Kai K\u00f6pp agir\u00e0 come esperto permanente e contribuir\u00e0 al progetto con uno studio sulle registrazioni storiche della cerchia di Sch\u00f6nberg.<\/p>\n<p>Un nuovo progetto del FNS, presentato con successo da Thomas Gartmann, responsabile della ricerca presso la HKB, esplora il modo in cui le opere pianistiche di Beethoven sono state accolte nel lungo XIX secolo: due tesi di laurea, strettamente collegate tra loro, esaminano come le pratiche interpretative siano cambiate e si siano sviluppate dopo la morte di Beethoven e quindi, in larga misura, ancora oggi plasmino la nostra immagine di Beethoven.<\/p>\n<p>Leonardo Miucci prende come punto di partenza le annotazioni di diario, le lettere e le scuole di pianoforte di Ignaz Moscheles e confronta le due principali edizioni di Beethoven che egli realizz\u00f2 negli anni Trenta del XIX secolo per il mercato inglese e vent'anni dopo per quello tedesco. Manuel B\u00e4rtsch valuta le registrazioni con i rulli Welte-Mignon e le prime registrazioni acustiche e le contestualizza dal punto di vista storico ed estetico. Entrambi gli studi si concentrano sull'articolazione, la dinamica, l'agogica, la pedalizzazione, la trasposizione dei segni di esecuzione, il tempo e i segni di metronomo. <\/p>\n<\/p><\/div>","protected":false},"excerpt":{"rendered":"<p><strong>L'Agenzia federale di finanziamento CTI (Commissione per la tecnologia e l'innovazione) ha approvato il progetto interdisciplinare \"Contrabassclarinet Extended\". Con Segelke+Partners come partner pratico, l'Universit\u00e0 delle Arti di Berna e il Dipartimento di Tecnologia dell'Universit\u00e0 di Scienze Applicate di Berna stanno sviluppando un nuovo clarinetto contrabbasso in un prototipo pronto per la produzione in serie.<\/strong><\/p>","protected":false},"author":1,"featured_media":15559,"comment_status":"open","ping_status":"open","sticky":false,"template":"","format":"standard","meta":{"_acf_changed":false,"_relevanssi_hide_post":"","_relevanssi_hide_content":"","_relevanssi_pin_for_all":"","_relevanssi_pin_keywords":"","_relevanssi_unpin_keywords":"","_relevanssi_related_keywords":"","_relevanssi_related_include_ids":"","_relevanssi_related_exclude_ids":"","_relevanssi_related_no_append":"","_relevanssi_related_not_related":"","_relevanssi_related_posts":"","_relevanssi_noindex_reason":"","pgc_sgb_lightbox_settings":"","footnotes":""},"categories":[447,510],"tags":[],"class_list":["post-17257","post","type-post","status-publish","format-standard","has-post-thumbnail","hentry","category-aus-und-weiterbildung","category-musikhochschule"],"acf":[],"yoast_head":"<!-- This site is optimized with the Yoast SEO plugin v27.5 - https:\/\/yoast.com\/product\/yoast-seo-wordpress\/ -->\n<title>HKB t\u00fcftelt an neuer Kontrabassklarinette - Schweizer Musikzeitung<\/title>\n<meta name=\"robots\" content=\"index, follow, max-snippet:-1, max-image-preview:large, max-video-preview:-1\" \/>\n<link rel=\"canonical\" href=\"https:\/\/www.musikzeitung.ch\/it\/aus-und-weiterbildung\/2014\/10\/hkb-tueftelt-an-neuer-kontrabassklarinette\/\" \/>\n<meta property=\"og:locale\" content=\"it_IT\" \/>\n<meta property=\"og:type\" content=\"article\" \/>\n<meta property=\"og:title\" content=\"HKB t\u00fcftelt an neuer Kontrabassklarinette - Schweizer Musikzeitung\" \/>\n<meta property=\"og:description\" content=\"Die Schweizer Bundesf\u00f6rderagentur KTI (Kommission f\u00fcr Technologie und Innovation) hat das interdisziplin\u00e4r angelegte Projekt \u00abContrabassclarinet Extended\u00bb bewilligt. Mit der Firma Segelke+Partners als Praxispartner entwickeln die Hochschule der K\u00fcnste Bern und das Departement Technik der Berner Fachhochschule eine neue Kontrabassklarinette zu einem serienreifen Prototypen.\" \/>\n<meta property=\"og:url\" content=\"https:\/\/www.musikzeitung.ch\/it\/aus-und-weiterbildung\/2014\/10\/hkb-tueftelt-an-neuer-kontrabassklarinette\/\" \/>\n<meta property=\"og:site_name\" content=\"Schweizer Musikzeitung\" \/>\n<meta property=\"article:publisher\" content=\"https:\/\/www.facebook.com\/SchweizerMusikzeitung\/\" \/>\n<meta property=\"article:published_time\" content=\"2014-10-26T23:00:00+00:00\" \/>\n<meta property=\"article:modified_time\" content=\"2023-01-18T00:12:03+00:00\" \/>\n<meta property=\"og:image\" content=\"https:\/\/www.musikzeitung.ch\/wp-content\/uploads\/2023\/01\/csm_2013-01-16-_9-C-Daniel-Heiniger_web_e67092cdcb.jpg\" \/>\n\t<meta property=\"og:image:width\" content=\"554\" \/>\n\t<meta property=\"og:image:height\" content=\"374\" \/>\n\t<meta property=\"og:image:type\" content=\"image\/jpeg\" \/>\n<meta name=\"author\" content=\"Musikzeitung-Redaktion\" \/>\n<meta name=\"twitter:card\" content=\"summary_large_image\" \/>\n<meta name=\"twitter:creator\" content=\"@smusikzeitung\" \/>\n<meta name=\"twitter:site\" content=\"@smusikzeitung\" \/>\n<meta name=\"twitter:label1\" content=\"Scritto da\" \/>\n\t<meta name=\"twitter:data1\" content=\"Musikzeitung-Redaktion\" \/>\n\t<meta name=\"twitter:label2\" content=\"Tempo di lettura stimato\" \/>\n\t<meta name=\"twitter:data2\" content=\"1 minuto\" \/>\n<script type=\"application\/ld+json\" class=\"yoast-schema-graph\">{\"@context\":\"https:\\\/\\\/schema.org\",\"@graph\":[{\"@type\":\"Article\",\"@id\":\"https:\\\/\\\/www.musikzeitung.ch\\\/aus-und-weiterbildung\\\/2014\\\/10\\\/hkb-tueftelt-an-neuer-kontrabassklarinette#article\",\"isPartOf\":{\"@id\":\"https:\\\/\\\/www.musikzeitung.ch\\\/aus-und-weiterbildung\\\/2014\\\/10\\\/hkb-tueftelt-an-neuer-kontrabassklarinette\"},\"author\":{\"name\":\"Musikzeitung-Redaktion\",\"@id\":\"https:\\\/\\\/www.musikzeitung.ch\\\/#\\\/schema\\\/person\\\/b2fd892c800856270b9dcc6001265712\"},\"headline\":\"HKB t\u00fcftelt an neuer Kontrabassklarinette\",\"datePublished\":\"2014-10-26T23:00:00+00:00\",\"dateModified\":\"2023-01-18T00:12:03+00:00\",\"mainEntityOfPage\":{\"@id\":\"https:\\\/\\\/www.musikzeitung.ch\\\/aus-und-weiterbildung\\\/2014\\\/10\\\/hkb-tueftelt-an-neuer-kontrabassklarinette\"},\"wordCount\":279,\"commentCount\":0,\"publisher\":{\"@id\":\"https:\\\/\\\/www.musikzeitung.ch\\\/#organization\"},\"image\":{\"@id\":\"https:\\\/\\\/www.musikzeitung.ch\\\/aus-und-weiterbildung\\\/2014\\\/10\\\/hkb-tueftelt-an-neuer-kontrabassklarinette#primaryimage\"},\"thumbnailUrl\":\"https:\\\/\\\/www.musikzeitung.ch\\\/wp-content\\\/uploads\\\/2023\\\/01\\\/csm_2013-01-16-_9-C-Daniel-Heiniger_web_e67092cdcb.jpg\",\"articleSection\":[\"Aus- und Weiterbildung\",\"Musikhochschule\"],\"inLanguage\":\"it-IT\"},{\"@type\":\"WebPage\",\"@id\":\"https:\\\/\\\/www.musikzeitung.ch\\\/aus-und-weiterbildung\\\/2014\\\/10\\\/hkb-tueftelt-an-neuer-kontrabassklarinette\",\"url\":\"https:\\\/\\\/www.musikzeitung.ch\\\/aus-und-weiterbildung\\\/2014\\\/10\\\/hkb-tueftelt-an-neuer-kontrabassklarinette\",\"name\":\"HKB t\u00fcftelt an neuer Kontrabassklarinette - Schweizer Musikzeitung\",\"isPartOf\":{\"@id\":\"https:\\\/\\\/www.musikzeitung.ch\\\/#website\"},\"primaryImageOfPage\":{\"@id\":\"https:\\\/\\\/www.musikzeitung.ch\\\/aus-und-weiterbildung\\\/2014\\\/10\\\/hkb-tueftelt-an-neuer-kontrabassklarinette#primaryimage\"},\"image\":{\"@id\":\"https:\\\/\\\/www.musikzeitung.ch\\\/aus-und-weiterbildung\\\/2014\\\/10\\\/hkb-tueftelt-an-neuer-kontrabassklarinette#primaryimage\"},\"thumbnailUrl\":\"https:\\\/\\\/www.musikzeitung.ch\\\/wp-content\\\/uploads\\\/2023\\\/01\\\/csm_2013-01-16-_9-C-Daniel-Heiniger_web_e67092cdcb.jpg\",\"datePublished\":\"2014-10-26T23:00:00+00:00\",\"dateModified\":\"2023-01-18T00:12:03+00:00\",\"breadcrumb\":{\"@id\":\"https:\\\/\\\/www.musikzeitung.ch\\\/aus-und-weiterbildung\\\/2014\\\/10\\\/hkb-tueftelt-an-neuer-kontrabassklarinette#breadcrumb\"},\"inLanguage\":\"it-IT\",\"potentialAction\":[{\"@type\":\"ReadAction\",\"target\":[\"https:\\\/\\\/www.musikzeitung.ch\\\/aus-und-weiterbildung\\\/2014\\\/10\\\/hkb-tueftelt-an-neuer-kontrabassklarinette\"]}]},{\"@type\":\"ImageObject\",\"inLanguage\":\"it-IT\",\"@id\":\"https:\\\/\\\/www.musikzeitung.ch\\\/aus-und-weiterbildung\\\/2014\\\/10\\\/hkb-tueftelt-an-neuer-kontrabassklarinette#primaryimage\",\"url\":\"https:\\\/\\\/www.musikzeitung.ch\\\/wp-content\\\/uploads\\\/2023\\\/01\\\/csm_2013-01-16-_9-C-Daniel-Heiniger_web_e67092cdcb.jpg\",\"contentUrl\":\"https:\\\/\\\/www.musikzeitung.ch\\\/wp-content\\\/uploads\\\/2023\\\/01\\\/csm_2013-01-16-_9-C-Daniel-Heiniger_web_e67092cdcb.jpg\",\"width\":554,\"height\":374},{\"@type\":\"BreadcrumbList\",\"@id\":\"https:\\\/\\\/www.musikzeitung.ch\\\/aus-und-weiterbildung\\\/2014\\\/10\\\/hkb-tueftelt-an-neuer-kontrabassklarinette#breadcrumb\",\"itemListElement\":[{\"@type\":\"ListItem\",\"position\":1,\"name\":\"Home\",\"item\":\"https:\\\/\\\/www.musikzeitung.ch\\\/\"},{\"@type\":\"ListItem\",\"position\":2,\"name\":\"HKB t\u00fcftelt an neuer Kontrabassklarinette\"}]},{\"@type\":\"WebSite\",\"@id\":\"https:\\\/\\\/www.musikzeitung.ch\\\/#website\",\"url\":\"https:\\\/\\\/www.musikzeitung.ch\\\/\",\"name\":\"Schweizer Musikzeitung\",\"description\":\"Die f\u00fchrende sparten\u00fcbergreifende Monatszeitung in der Schweiz f\u00fcr musikalische Fragen.\",\"publisher\":{\"@id\":\"https:\\\/\\\/www.musikzeitung.ch\\\/#organization\"},\"potentialAction\":[{\"@type\":\"SearchAction\",\"target\":{\"@type\":\"EntryPoint\",\"urlTemplate\":\"https:\\\/\\\/www.musikzeitung.ch\\\/?s={search_term_string}\"},\"query-input\":{\"@type\":\"PropertyValueSpecification\",\"valueRequired\":true,\"valueName\":\"search_term_string\"}}],\"inLanguage\":\"it-IT\"},{\"@type\":\"Organization\",\"@id\":\"https:\\\/\\\/www.musikzeitung.ch\\\/#organization\",\"name\":\"Schweizer Musikzeitung\",\"url\":\"https:\\\/\\\/www.musikzeitung.ch\\\/\",\"logo\":{\"@type\":\"ImageObject\",\"inLanguage\":\"it-IT\",\"@id\":\"https:\\\/\\\/www.musikzeitung.ch\\\/#\\\/schema\\\/logo\\\/image\\\/\",\"url\":\"https:\\\/\\\/www.musikzeitung.ch\\\/wp-content\\\/uploads\\\/2023\\\/01\\\/SMZ_Schriftzug_Sprache.png\",\"contentUrl\":\"https:\\\/\\\/www.musikzeitung.ch\\\/wp-content\\\/uploads\\\/2023\\\/01\\\/SMZ_Schriftzug_Sprache.png\",\"width\":1400,\"height\":279,\"caption\":\"Schweizer Musikzeitung\"},\"image\":{\"@id\":\"https:\\\/\\\/www.musikzeitung.ch\\\/#\\\/schema\\\/logo\\\/image\\\/\"},\"sameAs\":[\"https:\\\/\\\/www.facebook.com\\\/SchweizerMusikzeitung\\\/\",\"https:\\\/\\\/x.com\\\/smusikzeitung\",\"https:\\\/\\\/www.instagram.com\\\/musikzeitung.ch\\\/\"]},{\"@type\":\"Person\",\"@id\":\"https:\\\/\\\/www.musikzeitung.ch\\\/#\\\/schema\\\/person\\\/b2fd892c800856270b9dcc6001265712\",\"name\":\"Musikzeitung-Redaktion\",\"image\":{\"@type\":\"ImageObject\",\"inLanguage\":\"it-IT\",\"@id\":\"https:\\\/\\\/www.musikzeitung.ch\\\/wp-content\\\/uploads\\\/2022\\\/05\\\/usericon_musikzeitung-96x96.jpg\",\"url\":\"https:\\\/\\\/www.musikzeitung.ch\\\/wp-content\\\/uploads\\\/2022\\\/05\\\/usericon_musikzeitung-96x96.jpg\",\"contentUrl\":\"https:\\\/\\\/www.musikzeitung.ch\\\/wp-content\\\/uploads\\\/2022\\\/05\\\/usericon_musikzeitung-96x96.jpg\",\"caption\":\"Musikzeitung-Redaktion\"},\"url\":\"https:\\\/\\\/www.musikzeitung.ch\\\/it\\\/author\\\/admin\"}]}<\/script>\n<!-- \/ Yoast SEO plugin. -->","yoast_head_json":{"title":"HKB armeggia con un nuovo clarinetto contrabbasso - Schweizer Musikzeitung","robots":{"index":"index","follow":"follow","max-snippet":"max-snippet:-1","max-image-preview":"max-image-preview:large","max-video-preview":"max-video-preview:-1"},"canonical":"https:\/\/www.musikzeitung.ch\/it\/aus-und-weiterbildung\/2014\/10\/hkb-tueftelt-an-neuer-kontrabassklarinette\/","og_locale":"it_IT","og_type":"article","og_title":"HKB t\u00fcftelt an neuer Kontrabassklarinette - Schweizer Musikzeitung","og_description":"Die Schweizer Bundesf\u00f6rderagentur KTI (Kommission f\u00fcr Technologie und Innovation) hat das interdisziplin\u00e4r angelegte Projekt \u00abContrabassclarinet Extended\u00bb bewilligt. Mit der Firma Segelke+Partners als Praxispartner entwickeln die Hochschule der K\u00fcnste Bern und das Departement Technik der Berner Fachhochschule eine neue Kontrabassklarinette zu einem serienreifen Prototypen.","og_url":"https:\/\/www.musikzeitung.ch\/it\/aus-und-weiterbildung\/2014\/10\/hkb-tueftelt-an-neuer-kontrabassklarinette\/","og_site_name":"Schweizer Musikzeitung","article_publisher":"https:\/\/www.facebook.com\/SchweizerMusikzeitung\/","article_published_time":"2014-10-26T23:00:00+00:00","article_modified_time":"2023-01-18T00:12:03+00:00","og_image":[{"width":554,"height":374,"url":"https:\/\/www.musikzeitung.ch\/wp-content\/uploads\/2023\/01\/csm_2013-01-16-_9-C-Daniel-Heiniger_web_e67092cdcb.jpg","type":"image\/jpeg"}],"author":"Musikzeitung-Redaktion","twitter_card":"summary_large_image","twitter_creator":"@smusikzeitung","twitter_site":"@smusikzeitung","twitter_misc":{"Scritto da":"Musikzeitung-Redaktion","Tempo di lettura stimato":"1 minuto"},"schema":{"@context":"https:\/\/schema.org","@graph":[{"@type":"Article","@id":"https:\/\/www.musikzeitung.ch\/aus-und-weiterbildung\/2014\/10\/hkb-tueftelt-an-neuer-kontrabassklarinette#article","isPartOf":{"@id":"https:\/\/www.musikzeitung.ch\/aus-und-weiterbildung\/2014\/10\/hkb-tueftelt-an-neuer-kontrabassklarinette"},"author":{"name":"Musikzeitung-Redaktion","@id":"https:\/\/www.musikzeitung.ch\/#\/schema\/person\/b2fd892c800856270b9dcc6001265712"},"headline":"HKB t\u00fcftelt an neuer Kontrabassklarinette","datePublished":"2014-10-26T23:00:00+00:00","dateModified":"2023-01-18T00:12:03+00:00","mainEntityOfPage":{"@id":"https:\/\/www.musikzeitung.ch\/aus-und-weiterbildung\/2014\/10\/hkb-tueftelt-an-neuer-kontrabassklarinette"},"wordCount":279,"commentCount":0,"publisher":{"@id":"https:\/\/www.musikzeitung.ch\/#organization"},"image":{"@id":"https:\/\/www.musikzeitung.ch\/aus-und-weiterbildung\/2014\/10\/hkb-tueftelt-an-neuer-kontrabassklarinette#primaryimage"},"thumbnailUrl":"https:\/\/www.musikzeitung.ch\/wp-content\/uploads\/2023\/01\/csm_2013-01-16-_9-C-Daniel-Heiniger_web_e67092cdcb.jpg","articleSection":["Aus- und Weiterbildung","Musikhochschule"],"inLanguage":"it-IT"},{"@type":"WebPage","@id":"https:\/\/www.musikzeitung.ch\/aus-und-weiterbildung\/2014\/10\/hkb-tueftelt-an-neuer-kontrabassklarinette","url":"https:\/\/www.musikzeitung.ch\/aus-und-weiterbildung\/2014\/10\/hkb-tueftelt-an-neuer-kontrabassklarinette","name":"HKB armeggia con un nuovo clarinetto contrabbasso - Schweizer Musikzeitung","isPartOf":{"@id":"https:\/\/www.musikzeitung.ch\/#website"},"primaryImageOfPage":{"@id":"https:\/\/www.musikzeitung.ch\/aus-und-weiterbildung\/2014\/10\/hkb-tueftelt-an-neuer-kontrabassklarinette#primaryimage"},"image":{"@id":"https:\/\/www.musikzeitung.ch\/aus-und-weiterbildung\/2014\/10\/hkb-tueftelt-an-neuer-kontrabassklarinette#primaryimage"},"thumbnailUrl":"https:\/\/www.musikzeitung.ch\/wp-content\/uploads\/2023\/01\/csm_2013-01-16-_9-C-Daniel-Heiniger_web_e67092cdcb.jpg","datePublished":"2014-10-26T23:00:00+00:00","dateModified":"2023-01-18T00:12:03+00:00","breadcrumb":{"@id":"https:\/\/www.musikzeitung.ch\/aus-und-weiterbildung\/2014\/10\/hkb-tueftelt-an-neuer-kontrabassklarinette#breadcrumb"},"inLanguage":"it-IT","potentialAction":[{"@type":"ReadAction","target":["https:\/\/www.musikzeitung.ch\/aus-und-weiterbildung\/2014\/10\/hkb-tueftelt-an-neuer-kontrabassklarinette"]}]},{"@type":"ImageObject","inLanguage":"it-IT","@id":"https:\/\/www.musikzeitung.ch\/aus-und-weiterbildung\/2014\/10\/hkb-tueftelt-an-neuer-kontrabassklarinette#primaryimage","url":"https:\/\/www.musikzeitung.ch\/wp-content\/uploads\/2023\/01\/csm_2013-01-16-_9-C-Daniel-Heiniger_web_e67092cdcb.jpg","contentUrl":"https:\/\/www.musikzeitung.ch\/wp-content\/uploads\/2023\/01\/csm_2013-01-16-_9-C-Daniel-Heiniger_web_e67092cdcb.jpg","width":554,"height":374},{"@type":"BreadcrumbList","@id":"https:\/\/www.musikzeitung.ch\/aus-und-weiterbildung\/2014\/10\/hkb-tueftelt-an-neuer-kontrabassklarinette#breadcrumb","itemListElement":[{"@type":"ListItem","position":1,"name":"Home","item":"https:\/\/www.musikzeitung.ch\/"},{"@type":"ListItem","position":2,"name":"HKB t\u00fcftelt an neuer Kontrabassklarinette"}]},{"@type":"WebSite","@id":"https:\/\/www.musikzeitung.ch\/#website","url":"https:\/\/www.musikzeitung.ch\/","name":"Giornale musicale svizzero","description":"Il principale mensile interdisciplinare della Svizzera per le questioni musicali.","publisher":{"@id":"https:\/\/www.musikzeitung.ch\/#organization"},"potentialAction":[{"@type":"SearchAction","target":{"@type":"EntryPoint","urlTemplate":"https:\/\/www.musikzeitung.ch\/?s={search_term_string}"},"query-input":{"@type":"PropertyValueSpecification","valueRequired":true,"valueName":"search_term_string"}}],"inLanguage":"it-IT"},{"@type":"Organization","@id":"https:\/\/www.musikzeitung.ch\/#organization","name":"Giornale musicale svizzero","url":"https:\/\/www.musikzeitung.ch\/","logo":{"@type":"ImageObject","inLanguage":"it-IT","@id":"https:\/\/www.musikzeitung.ch\/#\/schema\/logo\/image\/","url":"https:\/\/www.musikzeitung.ch\/wp-content\/uploads\/2023\/01\/SMZ_Schriftzug_Sprache.png","contentUrl":"https:\/\/www.musikzeitung.ch\/wp-content\/uploads\/2023\/01\/SMZ_Schriftzug_Sprache.png","width":1400,"height":279,"caption":"Schweizer Musikzeitung"},"image":{"@id":"https:\/\/www.musikzeitung.ch\/#\/schema\/logo\/image\/"},"sameAs":["https:\/\/www.facebook.com\/SchweizerMusikzeitung\/","https:\/\/x.com\/smusikzeitung","https:\/\/www.instagram.com\/musikzeitung.ch\/"]},{"@type":"Person","@id":"https:\/\/www.musikzeitung.ch\/#\/schema\/person\/b2fd892c800856270b9dcc6001265712","name":"Redazione Musikzeitung","image":{"@type":"ImageObject","inLanguage":"it-IT","@id":"https:\/\/www.musikzeitung.ch\/wp-content\/uploads\/2022\/05\/usericon_musikzeitung-96x96.jpg","url":"https:\/\/www.musikzeitung.ch\/wp-content\/uploads\/2022\/05\/usericon_musikzeitung-96x96.jpg","contentUrl":"https:\/\/www.musikzeitung.ch\/wp-content\/uploads\/2022\/05\/usericon_musikzeitung-96x96.jpg","caption":"Musikzeitung-Redaktion"},"url":"https:\/\/www.musikzeitung.ch\/it\/author\/admin"}]}},"publishpress_future_workflow_manual_trigger":{"enabledWorkflows":[]},"_links":{"self":[{"href":"https:\/\/www.musikzeitung.ch\/it\/wp-json\/wp\/v2\/posts\/17257","targetHints":{"allow":["GET"]}}],"collection":[{"href":"https:\/\/www.musikzeitung.ch\/it\/wp-json\/wp\/v2\/posts"}],"about":[{"href":"https:\/\/www.musikzeitung.ch\/it\/wp-json\/wp\/v2\/types\/post"}],"author":[{"embeddable":true,"href":"https:\/\/www.musikzeitung.ch\/it\/wp-json\/wp\/v2\/users\/1"}],"replies":[{"embeddable":true,"href":"https:\/\/www.musikzeitung.ch\/it\/wp-json\/wp\/v2\/comments?post=17257"}],"version-history":[{"count":1,"href":"https:\/\/www.musikzeitung.ch\/it\/wp-json\/wp\/v2\/posts\/17257\/revisions"}],"predecessor-version":[{"id":17258,"href":"https:\/\/www.musikzeitung.ch\/it\/wp-json\/wp\/v2\/posts\/17257\/revisions\/17258"}],"wp:featuredmedia":[{"embeddable":true,"href":"https:\/\/www.musikzeitung.ch\/it\/wp-json\/wp\/v2\/media\/15559"}],"wp:attachment":[{"href":"https:\/\/www.musikzeitung.ch\/it\/wp-json\/wp\/v2\/media?parent=17257"}],"wp:term":[{"taxonomy":"category","embeddable":true,"href":"https:\/\/www.musikzeitung.ch\/it\/wp-json\/wp\/v2\/categories?post=17257"},{"taxonomy":"post_tag","embeddable":true,"href":"https:\/\/www.musikzeitung.ch\/it\/wp-json\/wp\/v2\/tags?post=17257"}],"curies":[{"name":"wp","href":"https:\/\/api.w.org\/{rel}","templated":true}]}}