{"id":17517,"date":"2020-04-14T00:00:00","date_gmt":"2020-04-13T23:00:00","guid":{"rendered":"https:\/\/www.musikzeitung.ch\/allgemein\/solidaritaetsfonds-fuer-junge-musikerinnen-und-musiker\/"},"modified":"2023-01-18T01:12:13","modified_gmt":"2023-01-18T00:12:13","slug":"solidaritaetsfonds-fuer-junge-musikerinnen-und-musiker","status":"publish","type":"post","link":"https:\/\/www.musikzeitung.ch\/it\/aus-und-weiterbildung\/2020\/04\/solidaritaetsfonds-fuer-junge-musikerinnen-und-musiker","title":{"rendered":"Fondo di solidariet\u00e0 per i giovani musicisti"},"content":{"rendered":"<figure style=\"width: 1200px\" class=\"wp-caption alignnone\"><img decoding=\"async\" class=\"size-full\" src=\"https:\/\/www.musikzeitung.ch\/wp-content\/uploads\/2023\/01\/csi-2.jpg\" alt=\"\" \/><figcaption class=\"wp-caption-text\">Foto: SMZ<\/figcaption><\/figure>\n<div class='text-section'>\n<p>Alla fine di marzo, la Fondazione del Conservatorio della Svizzera italiana ha istituito un fondo di solidariet\u00e0 per fornire un sostegno rapido ed efficace agli studenti del Conservatorio della Svizzera italiana che si trovano in gravi difficolt\u00e0 finanziarie a causa delle conseguenze economiche dell'attuale pandemia. Secondo la fondazione, gli studenti colpiti possono richiedere immediatamente una borsa di studio d'emergenza. Dopo una verifica delle condizioni e del bisogno finanziario, un contributo di sostegno sar\u00e0 trasferito direttamente sul conto dello studente.<\/p>\n<p>La cancellazione di tutti i concerti e gli eventi ha privato gli studenti di un'importante, se non unica, fonte di reddito. Inoltre, l'ampia chiusura dell'economia non solo li ha privati delle loro opportunit\u00e0 collaterali, ma spesso anche del sostegno della famiglia.<\/p>\n<p>La Presidente del Consiglio di Fondazione, Ina Piattini Pelloni, lancia un appello di solidariet\u00e0 ai giovani studenti. Christoph Brenner, direttore generale del Conservatorio della Svizzera italiana, \u00e8 convinto che la tutela e il sostegno dei talenti musicali ci permetteranno di \"tornare rapidamente alla normalit\u00e0 - quando avremo bisogno di arte e cultura, soprattutto di musica\".<\/p>\n<p>L'iniziativa ha gi\u00e0 mobilitato 61.710 franchi in pochi giorni.<\/p>\n<p><strong>Aggiornamento 30 aprile 2020:<\/strong> <br \/> Il 29 aprile 2020 la fondazione ha annunciato che in tre settimane erano gi\u00e0 stati mobilitati oltre 100.000 franchi svizzeri e che erano gi\u00e0 state messe a disposizione 60 borse di studio d'emergenza.<\/p>\n<\/p><\/div>\n<div>\n<blockquote class='text-section'>\n<h4>Conto di donazione<\/h4>\n<p>Banca dello Stato del Canton Ticino, 6501 Bellinzona <br \/> Fondazione Conservatorio della Svizzera italiana <br \/> Fondo di solidariet\u00e0 <br \/> IBAN: CH60 0076 4372 7664 Y000 5 <br \/> BIC: BSCTCH22XXX <br \/> Cancellazione: 00764 <br \/> CCP: 65-433-5<\/p>\n<p> Per ulteriori informazioni: <br \/> <a href='http:\/\/Banca dello Stato del Canton Ticino, 6501 Bellinzona Fondazione Conservatorio della Svizzera italiana Fondo di solidariet\u00e0 IBAN: CH60 0076 4372 7664 Y000 5 BIC: BSCTCH22XXX Clearing: 00764 CCP: 65-433-5 F\u00fcr weitere Informationen: www.conservatorio.ch\/it\/fondazione\/sostienici Tel. +41 (0)91 960 23 67'>www.conservatorio.ch\/it\/fondazione\/sostienici <\/a><br \/> Telefono +41 (0)91 960 23 67<\/p>\n<\/blockquote><\/div>","protected":false},"excerpt":{"rendered":"<p><strong>Il Conservatorio della Svizzera italiana, l'accademia musicale della Svizzera italiana, vuole aiutare gli studenti in difficolt\u00e0 economica con un fondo di sostegno. <\/strong><\/p>","protected":false},"author":1,"featured_media":15949,"comment_status":"open","ping_status":"open","sticky":false,"template":"","format":"standard","meta":{"_acf_changed":false,"_relevanssi_hide_post":"","_relevanssi_hide_content":"","_relevanssi_pin_for_all":"","_relevanssi_pin_keywords":"","_relevanssi_unpin_keywords":"","_relevanssi_related_keywords":"","_relevanssi_related_include_ids":"","_relevanssi_related_exclude_ids":"","_relevanssi_related_no_append":"","_relevanssi_related_not_related":"","_relevanssi_related_posts":"","_relevanssi_noindex_reason":"","pgc_sgb_lightbox_settings":"","footnotes":""},"categories":[447,510],"tags":[],"class_list":["post-17517","post","type-post","status-publish","format-standard","has-post-thumbnail","hentry","category-aus-und-weiterbildung","category-musikhochschule"],"acf":[],"yoast_head":"<!-- This site is optimized with the Yoast SEO plugin v27.5 - https:\/\/yoast.com\/product\/yoast-seo-wordpress\/ -->\n<title>Solidarit\u00e4tsfonds f\u00fcr junge Musikerinnen und Musiker - Schweizer Musikzeitung<\/title>\n<meta name=\"robots\" content=\"index, follow, max-snippet:-1, max-image-preview:large, max-video-preview:-1\" \/>\n<link rel=\"canonical\" href=\"https:\/\/www.musikzeitung.ch\/it\/aus-und-weiterbildung\/2020\/04\/solidaritaetsfonds-fuer-junge-musikerinnen-und-musiker\/\" \/>\n<meta property=\"og:locale\" content=\"it_IT\" \/>\n<meta property=\"og:type\" content=\"article\" \/>\n<meta property=\"og:title\" content=\"Solidarit\u00e4tsfonds f\u00fcr junge Musikerinnen und Musiker - Schweizer Musikzeitung\" \/>\n<meta property=\"og:description\" content=\"Die Musikhochschule der italienischen Schweiz, das Conservatorio della Svizzera italiana, will mit einem Unterst\u00fctzungsfonds Studierenden in finanzieller Notlage helfen.\" \/>\n<meta property=\"og:url\" content=\"https:\/\/www.musikzeitung.ch\/it\/aus-und-weiterbildung\/2020\/04\/solidaritaetsfonds-fuer-junge-musikerinnen-und-musiker\/\" \/>\n<meta property=\"og:site_name\" content=\"Schweizer Musikzeitung\" \/>\n<meta property=\"article:publisher\" content=\"https:\/\/www.facebook.com\/SchweizerMusikzeitung\/\" \/>\n<meta property=\"article:published_time\" content=\"2020-04-13T23:00:00+00:00\" \/>\n<meta property=\"article:modified_time\" content=\"2023-01-18T00:12:13+00:00\" \/>\n<meta property=\"og:image\" content=\"https:\/\/www.musikzeitung.ch\/wp-content\/uploads\/2023\/01\/csi-2.jpg\" \/>\n\t<meta property=\"og:image:width\" content=\"554\" \/>\n\t<meta property=\"og:image:height\" content=\"327\" \/>\n\t<meta property=\"og:image:type\" content=\"image\/jpeg\" \/>\n<meta name=\"author\" content=\"Musikzeitung-Redaktion\" \/>\n<meta name=\"twitter:card\" content=\"summary_large_image\" \/>\n<meta name=\"twitter:creator\" content=\"@smusikzeitung\" \/>\n<meta name=\"twitter:site\" content=\"@smusikzeitung\" \/>\n<meta name=\"twitter:label1\" content=\"Scritto da\" \/>\n\t<meta name=\"twitter:data1\" content=\"Musikzeitung-Redaktion\" \/>\n\t<meta name=\"twitter:label2\" content=\"Tempo di lettura stimato\" \/>\n\t<meta name=\"twitter:data2\" content=\"1 minuto\" \/>\n<script type=\"application\/ld+json\" class=\"yoast-schema-graph\">{\"@context\":\"https:\\\/\\\/schema.org\",\"@graph\":[{\"@type\":\"Article\",\"@id\":\"https:\\\/\\\/www.musikzeitung.ch\\\/aus-und-weiterbildung\\\/2020\\\/04\\\/solidaritaetsfonds-fuer-junge-musikerinnen-und-musiker#article\",\"isPartOf\":{\"@id\":\"https:\\\/\\\/www.musikzeitung.ch\\\/aus-und-weiterbildung\\\/2020\\\/04\\\/solidaritaetsfonds-fuer-junge-musikerinnen-und-musiker\"},\"author\":{\"name\":\"Musikzeitung-Redaktion\",\"@id\":\"https:\\\/\\\/www.musikzeitung.ch\\\/#\\\/schema\\\/person\\\/b2fd892c800856270b9dcc6001265712\"},\"headline\":\"Solidarit\u00e4tsfonds f\u00fcr junge Musikerinnen und Musiker\",\"datePublished\":\"2020-04-13T23:00:00+00:00\",\"dateModified\":\"2023-01-18T00:12:13+00:00\",\"mainEntityOfPage\":{\"@id\":\"https:\\\/\\\/www.musikzeitung.ch\\\/aus-und-weiterbildung\\\/2020\\\/04\\\/solidaritaetsfonds-fuer-junge-musikerinnen-und-musiker\"},\"wordCount\":266,\"commentCount\":0,\"publisher\":{\"@id\":\"https:\\\/\\\/www.musikzeitung.ch\\\/#organization\"},\"image\":{\"@id\":\"https:\\\/\\\/www.musikzeitung.ch\\\/aus-und-weiterbildung\\\/2020\\\/04\\\/solidaritaetsfonds-fuer-junge-musikerinnen-und-musiker#primaryimage\"},\"thumbnailUrl\":\"https:\\\/\\\/www.musikzeitung.ch\\\/wp-content\\\/uploads\\\/2023\\\/01\\\/csi-2.jpg\",\"articleSection\":[\"Aus- und Weiterbildung\",\"Musikhochschule\"],\"inLanguage\":\"it-IT\"},{\"@type\":\"WebPage\",\"@id\":\"https:\\\/\\\/www.musikzeitung.ch\\\/aus-und-weiterbildung\\\/2020\\\/04\\\/solidaritaetsfonds-fuer-junge-musikerinnen-und-musiker\",\"url\":\"https:\\\/\\\/www.musikzeitung.ch\\\/aus-und-weiterbildung\\\/2020\\\/04\\\/solidaritaetsfonds-fuer-junge-musikerinnen-und-musiker\",\"name\":\"Solidarit\u00e4tsfonds f\u00fcr junge Musikerinnen und Musiker - Schweizer Musikzeitung\",\"isPartOf\":{\"@id\":\"https:\\\/\\\/www.musikzeitung.ch\\\/#website\"},\"primaryImageOfPage\":{\"@id\":\"https:\\\/\\\/www.musikzeitung.ch\\\/aus-und-weiterbildung\\\/2020\\\/04\\\/solidaritaetsfonds-fuer-junge-musikerinnen-und-musiker#primaryimage\"},\"image\":{\"@id\":\"https:\\\/\\\/www.musikzeitung.ch\\\/aus-und-weiterbildung\\\/2020\\\/04\\\/solidaritaetsfonds-fuer-junge-musikerinnen-und-musiker#primaryimage\"},\"thumbnailUrl\":\"https:\\\/\\\/www.musikzeitung.ch\\\/wp-content\\\/uploads\\\/2023\\\/01\\\/csi-2.jpg\",\"datePublished\":\"2020-04-13T23:00:00+00:00\",\"dateModified\":\"2023-01-18T00:12:13+00:00\",\"breadcrumb\":{\"@id\":\"https:\\\/\\\/www.musikzeitung.ch\\\/aus-und-weiterbildung\\\/2020\\\/04\\\/solidaritaetsfonds-fuer-junge-musikerinnen-und-musiker#breadcrumb\"},\"inLanguage\":\"it-IT\",\"potentialAction\":[{\"@type\":\"ReadAction\",\"target\":[\"https:\\\/\\\/www.musikzeitung.ch\\\/aus-und-weiterbildung\\\/2020\\\/04\\\/solidaritaetsfonds-fuer-junge-musikerinnen-und-musiker\"]}]},{\"@type\":\"ImageObject\",\"inLanguage\":\"it-IT\",\"@id\":\"https:\\\/\\\/www.musikzeitung.ch\\\/aus-und-weiterbildung\\\/2020\\\/04\\\/solidaritaetsfonds-fuer-junge-musikerinnen-und-musiker#primaryimage\",\"url\":\"https:\\\/\\\/www.musikzeitung.ch\\\/wp-content\\\/uploads\\\/2023\\\/01\\\/csi-2.jpg\",\"contentUrl\":\"https:\\\/\\\/www.musikzeitung.ch\\\/wp-content\\\/uploads\\\/2023\\\/01\\\/csi-2.jpg\",\"width\":554,\"height\":327},{\"@type\":\"BreadcrumbList\",\"@id\":\"https:\\\/\\\/www.musikzeitung.ch\\\/aus-und-weiterbildung\\\/2020\\\/04\\\/solidaritaetsfonds-fuer-junge-musikerinnen-und-musiker#breadcrumb\",\"itemListElement\":[{\"@type\":\"ListItem\",\"position\":1,\"name\":\"Home\",\"item\":\"https:\\\/\\\/www.musikzeitung.ch\\\/\"},{\"@type\":\"ListItem\",\"position\":2,\"name\":\"Solidarit\u00e4tsfonds f\u00fcr junge Musikerinnen und Musiker\"}]},{\"@type\":\"WebSite\",\"@id\":\"https:\\\/\\\/www.musikzeitung.ch\\\/#website\",\"url\":\"https:\\\/\\\/www.musikzeitung.ch\\\/\",\"name\":\"Schweizer Musikzeitung\",\"description\":\"Die f\u00fchrende sparten\u00fcbergreifende Monatszeitung in der Schweiz f\u00fcr musikalische Fragen.\",\"publisher\":{\"@id\":\"https:\\\/\\\/www.musikzeitung.ch\\\/#organization\"},\"potentialAction\":[{\"@type\":\"SearchAction\",\"target\":{\"@type\":\"EntryPoint\",\"urlTemplate\":\"https:\\\/\\\/www.musikzeitung.ch\\\/?s={search_term_string}\"},\"query-input\":{\"@type\":\"PropertyValueSpecification\",\"valueRequired\":true,\"valueName\":\"search_term_string\"}}],\"inLanguage\":\"it-IT\"},{\"@type\":\"Organization\",\"@id\":\"https:\\\/\\\/www.musikzeitung.ch\\\/#organization\",\"name\":\"Schweizer Musikzeitung\",\"url\":\"https:\\\/\\\/www.musikzeitung.ch\\\/\",\"logo\":{\"@type\":\"ImageObject\",\"inLanguage\":\"it-IT\",\"@id\":\"https:\\\/\\\/www.musikzeitung.ch\\\/#\\\/schema\\\/logo\\\/image\\\/\",\"url\":\"https:\\\/\\\/www.musikzeitung.ch\\\/wp-content\\\/uploads\\\/2023\\\/01\\\/SMZ_Schriftzug_Sprache.png\",\"contentUrl\":\"https:\\\/\\\/www.musikzeitung.ch\\\/wp-content\\\/uploads\\\/2023\\\/01\\\/SMZ_Schriftzug_Sprache.png\",\"width\":1400,\"height\":279,\"caption\":\"Schweizer Musikzeitung\"},\"image\":{\"@id\":\"https:\\\/\\\/www.musikzeitung.ch\\\/#\\\/schema\\\/logo\\\/image\\\/\"},\"sameAs\":[\"https:\\\/\\\/www.facebook.com\\\/SchweizerMusikzeitung\\\/\",\"https:\\\/\\\/x.com\\\/smusikzeitung\",\"https:\\\/\\\/www.instagram.com\\\/musikzeitung.ch\\\/\"]},{\"@type\":\"Person\",\"@id\":\"https:\\\/\\\/www.musikzeitung.ch\\\/#\\\/schema\\\/person\\\/b2fd892c800856270b9dcc6001265712\",\"name\":\"Musikzeitung-Redaktion\",\"image\":{\"@type\":\"ImageObject\",\"inLanguage\":\"it-IT\",\"@id\":\"https:\\\/\\\/www.musikzeitung.ch\\\/wp-content\\\/uploads\\\/2022\\\/05\\\/usericon_musikzeitung-96x96.jpg\",\"url\":\"https:\\\/\\\/www.musikzeitung.ch\\\/wp-content\\\/uploads\\\/2022\\\/05\\\/usericon_musikzeitung-96x96.jpg\",\"contentUrl\":\"https:\\\/\\\/www.musikzeitung.ch\\\/wp-content\\\/uploads\\\/2022\\\/05\\\/usericon_musikzeitung-96x96.jpg\",\"caption\":\"Musikzeitung-Redaktion\"},\"url\":\"https:\\\/\\\/www.musikzeitung.ch\\\/it\\\/author\\\/admin\"}]}<\/script>\n<!-- \/ Yoast SEO plugin. -->","yoast_head_json":{"title":"Fondo di solidariet\u00e0 per i giovani musicisti - Schweizer Musikzeitung","robots":{"index":"index","follow":"follow","max-snippet":"max-snippet:-1","max-image-preview":"max-image-preview:large","max-video-preview":"max-video-preview:-1"},"canonical":"https:\/\/www.musikzeitung.ch\/it\/aus-und-weiterbildung\/2020\/04\/solidaritaetsfonds-fuer-junge-musikerinnen-und-musiker\/","og_locale":"it_IT","og_type":"article","og_title":"Solidarit\u00e4tsfonds f\u00fcr junge Musikerinnen und Musiker - Schweizer Musikzeitung","og_description":"Die Musikhochschule der italienischen Schweiz, das Conservatorio della Svizzera italiana, will mit einem Unterst\u00fctzungsfonds Studierenden in finanzieller Notlage helfen.","og_url":"https:\/\/www.musikzeitung.ch\/it\/aus-und-weiterbildung\/2020\/04\/solidaritaetsfonds-fuer-junge-musikerinnen-und-musiker\/","og_site_name":"Schweizer Musikzeitung","article_publisher":"https:\/\/www.facebook.com\/SchweizerMusikzeitung\/","article_published_time":"2020-04-13T23:00:00+00:00","article_modified_time":"2023-01-18T00:12:13+00:00","og_image":[{"width":554,"height":327,"url":"https:\/\/www.musikzeitung.ch\/wp-content\/uploads\/2023\/01\/csi-2.jpg","type":"image\/jpeg"}],"author":"Musikzeitung-Redaktion","twitter_card":"summary_large_image","twitter_creator":"@smusikzeitung","twitter_site":"@smusikzeitung","twitter_misc":{"Scritto da":"Musikzeitung-Redaktion","Tempo di lettura stimato":"1 minuto"},"schema":{"@context":"https:\/\/schema.org","@graph":[{"@type":"Article","@id":"https:\/\/www.musikzeitung.ch\/aus-und-weiterbildung\/2020\/04\/solidaritaetsfonds-fuer-junge-musikerinnen-und-musiker#article","isPartOf":{"@id":"https:\/\/www.musikzeitung.ch\/aus-und-weiterbildung\/2020\/04\/solidaritaetsfonds-fuer-junge-musikerinnen-und-musiker"},"author":{"name":"Musikzeitung-Redaktion","@id":"https:\/\/www.musikzeitung.ch\/#\/schema\/person\/b2fd892c800856270b9dcc6001265712"},"headline":"Solidarit\u00e4tsfonds f\u00fcr junge Musikerinnen und Musiker","datePublished":"2020-04-13T23:00:00+00:00","dateModified":"2023-01-18T00:12:13+00:00","mainEntityOfPage":{"@id":"https:\/\/www.musikzeitung.ch\/aus-und-weiterbildung\/2020\/04\/solidaritaetsfonds-fuer-junge-musikerinnen-und-musiker"},"wordCount":266,"commentCount":0,"publisher":{"@id":"https:\/\/www.musikzeitung.ch\/#organization"},"image":{"@id":"https:\/\/www.musikzeitung.ch\/aus-und-weiterbildung\/2020\/04\/solidaritaetsfonds-fuer-junge-musikerinnen-und-musiker#primaryimage"},"thumbnailUrl":"https:\/\/www.musikzeitung.ch\/wp-content\/uploads\/2023\/01\/csi-2.jpg","articleSection":["Aus- und Weiterbildung","Musikhochschule"],"inLanguage":"it-IT"},{"@type":"WebPage","@id":"https:\/\/www.musikzeitung.ch\/aus-und-weiterbildung\/2020\/04\/solidaritaetsfonds-fuer-junge-musikerinnen-und-musiker","url":"https:\/\/www.musikzeitung.ch\/aus-und-weiterbildung\/2020\/04\/solidaritaetsfonds-fuer-junge-musikerinnen-und-musiker","name":"Fondo di solidariet\u00e0 per i giovani musicisti - Schweizer Musikzeitung","isPartOf":{"@id":"https:\/\/www.musikzeitung.ch\/#website"},"primaryImageOfPage":{"@id":"https:\/\/www.musikzeitung.ch\/aus-und-weiterbildung\/2020\/04\/solidaritaetsfonds-fuer-junge-musikerinnen-und-musiker#primaryimage"},"image":{"@id":"https:\/\/www.musikzeitung.ch\/aus-und-weiterbildung\/2020\/04\/solidaritaetsfonds-fuer-junge-musikerinnen-und-musiker#primaryimage"},"thumbnailUrl":"https:\/\/www.musikzeitung.ch\/wp-content\/uploads\/2023\/01\/csi-2.jpg","datePublished":"2020-04-13T23:00:00+00:00","dateModified":"2023-01-18T00:12:13+00:00","breadcrumb":{"@id":"https:\/\/www.musikzeitung.ch\/aus-und-weiterbildung\/2020\/04\/solidaritaetsfonds-fuer-junge-musikerinnen-und-musiker#breadcrumb"},"inLanguage":"it-IT","potentialAction":[{"@type":"ReadAction","target":["https:\/\/www.musikzeitung.ch\/aus-und-weiterbildung\/2020\/04\/solidaritaetsfonds-fuer-junge-musikerinnen-und-musiker"]}]},{"@type":"ImageObject","inLanguage":"it-IT","@id":"https:\/\/www.musikzeitung.ch\/aus-und-weiterbildung\/2020\/04\/solidaritaetsfonds-fuer-junge-musikerinnen-und-musiker#primaryimage","url":"https:\/\/www.musikzeitung.ch\/wp-content\/uploads\/2023\/01\/csi-2.jpg","contentUrl":"https:\/\/www.musikzeitung.ch\/wp-content\/uploads\/2023\/01\/csi-2.jpg","width":554,"height":327},{"@type":"BreadcrumbList","@id":"https:\/\/www.musikzeitung.ch\/aus-und-weiterbildung\/2020\/04\/solidaritaetsfonds-fuer-junge-musikerinnen-und-musiker#breadcrumb","itemListElement":[{"@type":"ListItem","position":1,"name":"Home","item":"https:\/\/www.musikzeitung.ch\/"},{"@type":"ListItem","position":2,"name":"Solidarit\u00e4tsfonds f\u00fcr junge Musikerinnen und Musiker"}]},{"@type":"WebSite","@id":"https:\/\/www.musikzeitung.ch\/#website","url":"https:\/\/www.musikzeitung.ch\/","name":"Giornale musicale svizzero","description":"Il principale mensile interdisciplinare della Svizzera per le questioni musicali.","publisher":{"@id":"https:\/\/www.musikzeitung.ch\/#organization"},"potentialAction":[{"@type":"SearchAction","target":{"@type":"EntryPoint","urlTemplate":"https:\/\/www.musikzeitung.ch\/?s={search_term_string}"},"query-input":{"@type":"PropertyValueSpecification","valueRequired":true,"valueName":"search_term_string"}}],"inLanguage":"it-IT"},{"@type":"Organization","@id":"https:\/\/www.musikzeitung.ch\/#organization","name":"Giornale musicale svizzero","url":"https:\/\/www.musikzeitung.ch\/","logo":{"@type":"ImageObject","inLanguage":"it-IT","@id":"https:\/\/www.musikzeitung.ch\/#\/schema\/logo\/image\/","url":"https:\/\/www.musikzeitung.ch\/wp-content\/uploads\/2023\/01\/SMZ_Schriftzug_Sprache.png","contentUrl":"https:\/\/www.musikzeitung.ch\/wp-content\/uploads\/2023\/01\/SMZ_Schriftzug_Sprache.png","width":1400,"height":279,"caption":"Schweizer Musikzeitung"},"image":{"@id":"https:\/\/www.musikzeitung.ch\/#\/schema\/logo\/image\/"},"sameAs":["https:\/\/www.facebook.com\/SchweizerMusikzeitung\/","https:\/\/x.com\/smusikzeitung","https:\/\/www.instagram.com\/musikzeitung.ch\/"]},{"@type":"Person","@id":"https:\/\/www.musikzeitung.ch\/#\/schema\/person\/b2fd892c800856270b9dcc6001265712","name":"Redazione Musikzeitung","image":{"@type":"ImageObject","inLanguage":"it-IT","@id":"https:\/\/www.musikzeitung.ch\/wp-content\/uploads\/2022\/05\/usericon_musikzeitung-96x96.jpg","url":"https:\/\/www.musikzeitung.ch\/wp-content\/uploads\/2022\/05\/usericon_musikzeitung-96x96.jpg","contentUrl":"https:\/\/www.musikzeitung.ch\/wp-content\/uploads\/2022\/05\/usericon_musikzeitung-96x96.jpg","caption":"Musikzeitung-Redaktion"},"url":"https:\/\/www.musikzeitung.ch\/it\/author\/admin"}]}},"publishpress_future_workflow_manual_trigger":{"enabledWorkflows":[]},"_links":{"self":[{"href":"https:\/\/www.musikzeitung.ch\/it\/wp-json\/wp\/v2\/posts\/17517","targetHints":{"allow":["GET"]}}],"collection":[{"href":"https:\/\/www.musikzeitung.ch\/it\/wp-json\/wp\/v2\/posts"}],"about":[{"href":"https:\/\/www.musikzeitung.ch\/it\/wp-json\/wp\/v2\/types\/post"}],"author":[{"embeddable":true,"href":"https:\/\/www.musikzeitung.ch\/it\/wp-json\/wp\/v2\/users\/1"}],"replies":[{"embeddable":true,"href":"https:\/\/www.musikzeitung.ch\/it\/wp-json\/wp\/v2\/comments?post=17517"}],"version-history":[{"count":1,"href":"https:\/\/www.musikzeitung.ch\/it\/wp-json\/wp\/v2\/posts\/17517\/revisions"}],"predecessor-version":[{"id":17518,"href":"https:\/\/www.musikzeitung.ch\/it\/wp-json\/wp\/v2\/posts\/17517\/revisions\/17518"}],"wp:featuredmedia":[{"embeddable":true,"href":"https:\/\/www.musikzeitung.ch\/it\/wp-json\/wp\/v2\/media\/15949"}],"wp:attachment":[{"href":"https:\/\/www.musikzeitung.ch\/it\/wp-json\/wp\/v2\/media?parent=17517"}],"wp:term":[{"taxonomy":"category","embeddable":true,"href":"https:\/\/www.musikzeitung.ch\/it\/wp-json\/wp\/v2\/categories?post=17517"},{"taxonomy":"post_tag","embeddable":true,"href":"https:\/\/www.musikzeitung.ch\/it\/wp-json\/wp\/v2\/tags?post=17517"}],"curies":[{"name":"wp","href":"https:\/\/api.w.org\/{rel}","templated":true}]}}