{"id":17555,"date":"2021-03-01T00:00:00","date_gmt":"2021-02-28T23:00:00","guid":{"rendered":"https:\/\/www.musikzeitung.ch\/allgemein\/studienabbrueche-an-deutschen-musikhochschulen\/"},"modified":"2023-01-18T01:12:15","modified_gmt":"2023-01-18T00:12:15","slug":"studienabbrueche-an-deutschen-musikhochschulen","status":"publish","type":"post","link":"https:\/\/www.musikzeitung.ch\/it\/aus-und-weiterbildung\/2021\/03\/studienabbrueche-an-deutschen-musikhochschulen","title":{"rendered":"Abbandoni nelle universit\u00e0 musicali tedesche"},"content":{"rendered":"<figure style=\"width: 1200px\" class=\"wp-caption alignnone\"><img decoding=\"async\" class=\"size-full\" src=\"https:\/\/www.musikzeitung.ch\/wp-content\/uploads\/2023\/01\/607670_original_R_by_Anne_pixelio.de_.jpg\" alt=\"\" \/><figcaption class=\"wp-caption-text\">Foto: Anne \/ pixelio.de (dettaglio, vedi sotto)<\/figcaption><\/figure>\n<div class='text-section'>\n<p>Il terzo semestre delle 24 universit\u00e0 musicali statali tedesche inizier\u00e0 ad aprile e sar\u00e0 dominato dal coronavirus. Nei corsi di laurea artistici e artistico-pedagogici, il problema riguarda attualmente circa 17.000 studenti che hanno dovuto rinunciare per un anno a settori essenziali dei loro corsi di laurea, in particolare l'esecuzione di ensemble e orchestre, il lavoro di progetto e l'esperienza di performance. Secondo una dichiarazione del Consiglio della Musica, il 20% di loro sta attualmente considerando di abbandonare gli studi.<\/p>\n<p>Christian H\u00f6ppner, Segretario generale del Consiglio musicale tedesco, chiede un graduale ritorno all'insegnamento faccia a faccia nelle accademie musicali a partire da aprile. Con l'uso mirato di test rapidi, un aumento fondamentale dell'attivit\u00e0 di vaccinazione e la messa a disposizione di sale pi\u00f9 grandi, l'interazione urgentemente necessaria tra insegnamento analogico e digitale potrebbe diventare una realt\u00e0.<\/p>\n<p><strong>Articolo originale:<\/strong><br \/> <a href='https:\/\/www.musikrat.de\/aktuelles\/detailseite\/deutscher-musikrat-und-rektorenkonferenz-der-deutschen-musikhochschulen-fordern-von-den-bildungsminister-innen-der-laender-mehr-praesenzbetrieb-fuer-die-musikhochschulen' target='_blank' rel=\"noopener\">https:\/\/www.musikrat.de\/aktuelles\/detailseite\/deutscher-musikrat-und-rektorenkonferenz-der-deutschen-musikhochschulen-fordern-von-den-bildungsminister-innen-der-laender-mehr-praesenzbetrieb-fuer-die-musikhochschulen<\/a><\/p>\n<\/p><\/div>\n<div>\n<blockquote class='text-section'>\n<p><a href='https:\/\/www.pixelio.de\/media\/607670' target='_blank' rel=\"noopener\">Link all'immagine<\/a><\/p>\n<\/blockquote><\/div>","protected":false},"excerpt":{"rendered":"<p><strong>Secondo il Consiglio musicale tedesco, il 20% degli studenti dei conservatori di musica tedeschi sta pensando di abbandonare gli studi. Il Consiglio chiede ai ministeri dell'Istruzione degli Stati federali di aumentare l'insegnamento frontale nei conservatori. <\/strong><\/p>","protected":false},"author":1,"featured_media":16007,"comment_status":"open","ping_status":"open","sticky":false,"template":"","format":"standard","meta":{"_acf_changed":false,"_relevanssi_hide_post":"","_relevanssi_hide_content":"","_relevanssi_pin_for_all":"","_relevanssi_pin_keywords":"","_relevanssi_unpin_keywords":"","_relevanssi_related_keywords":"","_relevanssi_related_include_ids":"","_relevanssi_related_exclude_ids":"","_relevanssi_related_no_append":"","_relevanssi_related_not_related":"","_relevanssi_related_posts":"","_relevanssi_noindex_reason":"","pgc_sgb_lightbox_settings":"","footnotes":""},"categories":[447,510],"tags":[],"class_list":["post-17555","post","type-post","status-publish","format-standard","has-post-thumbnail","hentry","category-aus-und-weiterbildung","category-musikhochschule"],"acf":[],"yoast_head":"<!-- This site is optimized with the Yoast SEO plugin v27.5 - https:\/\/yoast.com\/product\/yoast-seo-wordpress\/ -->\n<title>Studienabbr\u00fcche an Deutschen Musikhochschulen - Schweizer Musikzeitung<\/title>\n<meta name=\"robots\" content=\"index, follow, max-snippet:-1, max-image-preview:large, max-video-preview:-1\" \/>\n<link rel=\"canonical\" href=\"https:\/\/www.musikzeitung.ch\/it\/aus-und-weiterbildung\/2021\/03\/studienabbrueche-an-deutschen-musikhochschulen\/\" \/>\n<meta property=\"og:locale\" content=\"it_IT\" \/>\n<meta property=\"og:type\" content=\"article\" \/>\n<meta property=\"og:title\" content=\"Studienabbr\u00fcche an Deutschen Musikhochschulen - Schweizer Musikzeitung\" \/>\n<meta property=\"og:description\" content=\"Laut dem Deutschen Musikrat erw\u00e4gen zur Zeit 20 Prozent der Studierenden an deutschen Musikhochschulen einen Abbruch ihres Studiums. Der Rat fordert von den Bildungsministerien der L\u00e4nder mehr Pr\u00e4senzbetrieb f\u00fcr die Musikhochschulen\" \/>\n<meta property=\"og:url\" content=\"https:\/\/www.musikzeitung.ch\/it\/aus-und-weiterbildung\/2021\/03\/studienabbrueche-an-deutschen-musikhochschulen\/\" \/>\n<meta property=\"og:site_name\" content=\"Schweizer Musikzeitung\" \/>\n<meta property=\"article:publisher\" content=\"https:\/\/www.facebook.com\/SchweizerMusikzeitung\/\" \/>\n<meta property=\"article:published_time\" content=\"2021-02-28T23:00:00+00:00\" \/>\n<meta property=\"article:modified_time\" content=\"2023-01-18T00:12:15+00:00\" \/>\n<meta property=\"og:image\" content=\"https:\/\/www.musikzeitung.ch\/wp-content\/uploads\/2023\/01\/607670_original_R_by_Anne_pixelio.de_.jpg\" \/>\n\t<meta property=\"og:image:width\" content=\"554\" \/>\n\t<meta property=\"og:image:height\" content=\"353\" \/>\n\t<meta property=\"og:image:type\" content=\"image\/jpeg\" \/>\n<meta name=\"author\" content=\"Musikzeitung-Redaktion\" \/>\n<meta name=\"twitter:card\" content=\"summary_large_image\" \/>\n<meta name=\"twitter:creator\" content=\"@smusikzeitung\" \/>\n<meta name=\"twitter:site\" content=\"@smusikzeitung\" \/>\n<meta name=\"twitter:label1\" content=\"Scritto da\" \/>\n\t<meta name=\"twitter:data1\" content=\"Musikzeitung-Redaktion\" \/>\n\t<meta name=\"twitter:label2\" content=\"Tempo di lettura stimato\" \/>\n\t<meta name=\"twitter:data2\" content=\"1 minuto\" \/>\n<script type=\"application\/ld+json\" class=\"yoast-schema-graph\">{\"@context\":\"https:\\\/\\\/schema.org\",\"@graph\":[{\"@type\":\"Article\",\"@id\":\"https:\\\/\\\/www.musikzeitung.ch\\\/aus-und-weiterbildung\\\/2021\\\/03\\\/studienabbrueche-an-deutschen-musikhochschulen#article\",\"isPartOf\":{\"@id\":\"https:\\\/\\\/www.musikzeitung.ch\\\/aus-und-weiterbildung\\\/2021\\\/03\\\/studienabbrueche-an-deutschen-musikhochschulen\"},\"author\":{\"name\":\"Musikzeitung-Redaktion\",\"@id\":\"https:\\\/\\\/www.musikzeitung.ch\\\/#\\\/schema\\\/person\\\/b2fd892c800856270b9dcc6001265712\"},\"headline\":\"Studienabbr\u00fcche an Deutschen Musikhochschulen\",\"datePublished\":\"2021-02-28T23:00:00+00:00\",\"dateModified\":\"2023-01-18T00:12:15+00:00\",\"mainEntityOfPage\":{\"@id\":\"https:\\\/\\\/www.musikzeitung.ch\\\/aus-und-weiterbildung\\\/2021\\\/03\\\/studienabbrueche-an-deutschen-musikhochschulen\"},\"wordCount\":154,\"commentCount\":0,\"publisher\":{\"@id\":\"https:\\\/\\\/www.musikzeitung.ch\\\/#organization\"},\"image\":{\"@id\":\"https:\\\/\\\/www.musikzeitung.ch\\\/aus-und-weiterbildung\\\/2021\\\/03\\\/studienabbrueche-an-deutschen-musikhochschulen#primaryimage\"},\"thumbnailUrl\":\"https:\\\/\\\/www.musikzeitung.ch\\\/wp-content\\\/uploads\\\/2023\\\/01\\\/607670_original_R_by_Anne_pixelio.de_.jpg\",\"articleSection\":[\"Aus- und Weiterbildung\",\"Musikhochschule\"],\"inLanguage\":\"it-IT\"},{\"@type\":\"WebPage\",\"@id\":\"https:\\\/\\\/www.musikzeitung.ch\\\/aus-und-weiterbildung\\\/2021\\\/03\\\/studienabbrueche-an-deutschen-musikhochschulen\",\"url\":\"https:\\\/\\\/www.musikzeitung.ch\\\/aus-und-weiterbildung\\\/2021\\\/03\\\/studienabbrueche-an-deutschen-musikhochschulen\",\"name\":\"Studienabbr\u00fcche an Deutschen Musikhochschulen - Schweizer Musikzeitung\",\"isPartOf\":{\"@id\":\"https:\\\/\\\/www.musikzeitung.ch\\\/#website\"},\"primaryImageOfPage\":{\"@id\":\"https:\\\/\\\/www.musikzeitung.ch\\\/aus-und-weiterbildung\\\/2021\\\/03\\\/studienabbrueche-an-deutschen-musikhochschulen#primaryimage\"},\"image\":{\"@id\":\"https:\\\/\\\/www.musikzeitung.ch\\\/aus-und-weiterbildung\\\/2021\\\/03\\\/studienabbrueche-an-deutschen-musikhochschulen#primaryimage\"},\"thumbnailUrl\":\"https:\\\/\\\/www.musikzeitung.ch\\\/wp-content\\\/uploads\\\/2023\\\/01\\\/607670_original_R_by_Anne_pixelio.de_.jpg\",\"datePublished\":\"2021-02-28T23:00:00+00:00\",\"dateModified\":\"2023-01-18T00:12:15+00:00\",\"breadcrumb\":{\"@id\":\"https:\\\/\\\/www.musikzeitung.ch\\\/aus-und-weiterbildung\\\/2021\\\/03\\\/studienabbrueche-an-deutschen-musikhochschulen#breadcrumb\"},\"inLanguage\":\"it-IT\",\"potentialAction\":[{\"@type\":\"ReadAction\",\"target\":[\"https:\\\/\\\/www.musikzeitung.ch\\\/aus-und-weiterbildung\\\/2021\\\/03\\\/studienabbrueche-an-deutschen-musikhochschulen\"]}]},{\"@type\":\"ImageObject\",\"inLanguage\":\"it-IT\",\"@id\":\"https:\\\/\\\/www.musikzeitung.ch\\\/aus-und-weiterbildung\\\/2021\\\/03\\\/studienabbrueche-an-deutschen-musikhochschulen#primaryimage\",\"url\":\"https:\\\/\\\/www.musikzeitung.ch\\\/wp-content\\\/uploads\\\/2023\\\/01\\\/607670_original_R_by_Anne_pixelio.de_.jpg\",\"contentUrl\":\"https:\\\/\\\/www.musikzeitung.ch\\\/wp-content\\\/uploads\\\/2023\\\/01\\\/607670_original_R_by_Anne_pixelio.de_.jpg\",\"width\":554,\"height\":353},{\"@type\":\"BreadcrumbList\",\"@id\":\"https:\\\/\\\/www.musikzeitung.ch\\\/aus-und-weiterbildung\\\/2021\\\/03\\\/studienabbrueche-an-deutschen-musikhochschulen#breadcrumb\",\"itemListElement\":[{\"@type\":\"ListItem\",\"position\":1,\"name\":\"Home\",\"item\":\"https:\\\/\\\/www.musikzeitung.ch\\\/\"},{\"@type\":\"ListItem\",\"position\":2,\"name\":\"Studienabbr\u00fcche an Deutschen Musikhochschulen\"}]},{\"@type\":\"WebSite\",\"@id\":\"https:\\\/\\\/www.musikzeitung.ch\\\/#website\",\"url\":\"https:\\\/\\\/www.musikzeitung.ch\\\/\",\"name\":\"Schweizer Musikzeitung\",\"description\":\"Die f\u00fchrende sparten\u00fcbergreifende Monatszeitung in der Schweiz f\u00fcr musikalische Fragen.\",\"publisher\":{\"@id\":\"https:\\\/\\\/www.musikzeitung.ch\\\/#organization\"},\"potentialAction\":[{\"@type\":\"SearchAction\",\"target\":{\"@type\":\"EntryPoint\",\"urlTemplate\":\"https:\\\/\\\/www.musikzeitung.ch\\\/?s={search_term_string}\"},\"query-input\":{\"@type\":\"PropertyValueSpecification\",\"valueRequired\":true,\"valueName\":\"search_term_string\"}}],\"inLanguage\":\"it-IT\"},{\"@type\":\"Organization\",\"@id\":\"https:\\\/\\\/www.musikzeitung.ch\\\/#organization\",\"name\":\"Schweizer Musikzeitung\",\"url\":\"https:\\\/\\\/www.musikzeitung.ch\\\/\",\"logo\":{\"@type\":\"ImageObject\",\"inLanguage\":\"it-IT\",\"@id\":\"https:\\\/\\\/www.musikzeitung.ch\\\/#\\\/schema\\\/logo\\\/image\\\/\",\"url\":\"https:\\\/\\\/www.musikzeitung.ch\\\/wp-content\\\/uploads\\\/2023\\\/01\\\/SMZ_Schriftzug_Sprache.png\",\"contentUrl\":\"https:\\\/\\\/www.musikzeitung.ch\\\/wp-content\\\/uploads\\\/2023\\\/01\\\/SMZ_Schriftzug_Sprache.png\",\"width\":1400,\"height\":279,\"caption\":\"Schweizer Musikzeitung\"},\"image\":{\"@id\":\"https:\\\/\\\/www.musikzeitung.ch\\\/#\\\/schema\\\/logo\\\/image\\\/\"},\"sameAs\":[\"https:\\\/\\\/www.facebook.com\\\/SchweizerMusikzeitung\\\/\",\"https:\\\/\\\/x.com\\\/smusikzeitung\",\"https:\\\/\\\/www.instagram.com\\\/musikzeitung.ch\\\/\"]},{\"@type\":\"Person\",\"@id\":\"https:\\\/\\\/www.musikzeitung.ch\\\/#\\\/schema\\\/person\\\/b2fd892c800856270b9dcc6001265712\",\"name\":\"Musikzeitung-Redaktion\",\"image\":{\"@type\":\"ImageObject\",\"inLanguage\":\"it-IT\",\"@id\":\"https:\\\/\\\/www.musikzeitung.ch\\\/wp-content\\\/uploads\\\/2022\\\/05\\\/usericon_musikzeitung-96x96.jpg\",\"url\":\"https:\\\/\\\/www.musikzeitung.ch\\\/wp-content\\\/uploads\\\/2022\\\/05\\\/usericon_musikzeitung-96x96.jpg\",\"contentUrl\":\"https:\\\/\\\/www.musikzeitung.ch\\\/wp-content\\\/uploads\\\/2022\\\/05\\\/usericon_musikzeitung-96x96.jpg\",\"caption\":\"Musikzeitung-Redaktion\"},\"url\":\"https:\\\/\\\/www.musikzeitung.ch\\\/it\\\/author\\\/admin\"}]}<\/script>\n<!-- \/ Yoast SEO plugin. -->","yoast_head_json":{"title":"Abbandoni nelle accademie musicali tedesche - Schweizer Musikzeitung","robots":{"index":"index","follow":"follow","max-snippet":"max-snippet:-1","max-image-preview":"max-image-preview:large","max-video-preview":"max-video-preview:-1"},"canonical":"https:\/\/www.musikzeitung.ch\/it\/aus-und-weiterbildung\/2021\/03\/studienabbrueche-an-deutschen-musikhochschulen\/","og_locale":"it_IT","og_type":"article","og_title":"Studienabbr\u00fcche an Deutschen Musikhochschulen - Schweizer Musikzeitung","og_description":"Laut dem Deutschen Musikrat erw\u00e4gen zur Zeit 20 Prozent der Studierenden an deutschen Musikhochschulen einen Abbruch ihres Studiums. Der Rat fordert von den Bildungsministerien der L\u00e4nder mehr Pr\u00e4senzbetrieb f\u00fcr die Musikhochschulen","og_url":"https:\/\/www.musikzeitung.ch\/it\/aus-und-weiterbildung\/2021\/03\/studienabbrueche-an-deutschen-musikhochschulen\/","og_site_name":"Schweizer Musikzeitung","article_publisher":"https:\/\/www.facebook.com\/SchweizerMusikzeitung\/","article_published_time":"2021-02-28T23:00:00+00:00","article_modified_time":"2023-01-18T00:12:15+00:00","og_image":[{"width":554,"height":353,"url":"https:\/\/www.musikzeitung.ch\/wp-content\/uploads\/2023\/01\/607670_original_R_by_Anne_pixelio.de_.jpg","type":"image\/jpeg"}],"author":"Musikzeitung-Redaktion","twitter_card":"summary_large_image","twitter_creator":"@smusikzeitung","twitter_site":"@smusikzeitung","twitter_misc":{"Scritto da":"Musikzeitung-Redaktion","Tempo di lettura stimato":"1 minuto"},"schema":{"@context":"https:\/\/schema.org","@graph":[{"@type":"Article","@id":"https:\/\/www.musikzeitung.ch\/aus-und-weiterbildung\/2021\/03\/studienabbrueche-an-deutschen-musikhochschulen#article","isPartOf":{"@id":"https:\/\/www.musikzeitung.ch\/aus-und-weiterbildung\/2021\/03\/studienabbrueche-an-deutschen-musikhochschulen"},"author":{"name":"Musikzeitung-Redaktion","@id":"https:\/\/www.musikzeitung.ch\/#\/schema\/person\/b2fd892c800856270b9dcc6001265712"},"headline":"Studienabbr\u00fcche an Deutschen Musikhochschulen","datePublished":"2021-02-28T23:00:00+00:00","dateModified":"2023-01-18T00:12:15+00:00","mainEntityOfPage":{"@id":"https:\/\/www.musikzeitung.ch\/aus-und-weiterbildung\/2021\/03\/studienabbrueche-an-deutschen-musikhochschulen"},"wordCount":154,"commentCount":0,"publisher":{"@id":"https:\/\/www.musikzeitung.ch\/#organization"},"image":{"@id":"https:\/\/www.musikzeitung.ch\/aus-und-weiterbildung\/2021\/03\/studienabbrueche-an-deutschen-musikhochschulen#primaryimage"},"thumbnailUrl":"https:\/\/www.musikzeitung.ch\/wp-content\/uploads\/2023\/01\/607670_original_R_by_Anne_pixelio.de_.jpg","articleSection":["Aus- und Weiterbildung","Musikhochschule"],"inLanguage":"it-IT"},{"@type":"WebPage","@id":"https:\/\/www.musikzeitung.ch\/aus-und-weiterbildung\/2021\/03\/studienabbrueche-an-deutschen-musikhochschulen","url":"https:\/\/www.musikzeitung.ch\/aus-und-weiterbildung\/2021\/03\/studienabbrueche-an-deutschen-musikhochschulen","name":"Abbandoni nelle accademie musicali tedesche - Schweizer Musikzeitung","isPartOf":{"@id":"https:\/\/www.musikzeitung.ch\/#website"},"primaryImageOfPage":{"@id":"https:\/\/www.musikzeitung.ch\/aus-und-weiterbildung\/2021\/03\/studienabbrueche-an-deutschen-musikhochschulen#primaryimage"},"image":{"@id":"https:\/\/www.musikzeitung.ch\/aus-und-weiterbildung\/2021\/03\/studienabbrueche-an-deutschen-musikhochschulen#primaryimage"},"thumbnailUrl":"https:\/\/www.musikzeitung.ch\/wp-content\/uploads\/2023\/01\/607670_original_R_by_Anne_pixelio.de_.jpg","datePublished":"2021-02-28T23:00:00+00:00","dateModified":"2023-01-18T00:12:15+00:00","breadcrumb":{"@id":"https:\/\/www.musikzeitung.ch\/aus-und-weiterbildung\/2021\/03\/studienabbrueche-an-deutschen-musikhochschulen#breadcrumb"},"inLanguage":"it-IT","potentialAction":[{"@type":"ReadAction","target":["https:\/\/www.musikzeitung.ch\/aus-und-weiterbildung\/2021\/03\/studienabbrueche-an-deutschen-musikhochschulen"]}]},{"@type":"ImageObject","inLanguage":"it-IT","@id":"https:\/\/www.musikzeitung.ch\/aus-und-weiterbildung\/2021\/03\/studienabbrueche-an-deutschen-musikhochschulen#primaryimage","url":"https:\/\/www.musikzeitung.ch\/wp-content\/uploads\/2023\/01\/607670_original_R_by_Anne_pixelio.de_.jpg","contentUrl":"https:\/\/www.musikzeitung.ch\/wp-content\/uploads\/2023\/01\/607670_original_R_by_Anne_pixelio.de_.jpg","width":554,"height":353},{"@type":"BreadcrumbList","@id":"https:\/\/www.musikzeitung.ch\/aus-und-weiterbildung\/2021\/03\/studienabbrueche-an-deutschen-musikhochschulen#breadcrumb","itemListElement":[{"@type":"ListItem","position":1,"name":"Home","item":"https:\/\/www.musikzeitung.ch\/"},{"@type":"ListItem","position":2,"name":"Studienabbr\u00fcche an Deutschen Musikhochschulen"}]},{"@type":"WebSite","@id":"https:\/\/www.musikzeitung.ch\/#website","url":"https:\/\/www.musikzeitung.ch\/","name":"Giornale musicale svizzero","description":"Il principale mensile interdisciplinare della Svizzera per le questioni musicali.","publisher":{"@id":"https:\/\/www.musikzeitung.ch\/#organization"},"potentialAction":[{"@type":"SearchAction","target":{"@type":"EntryPoint","urlTemplate":"https:\/\/www.musikzeitung.ch\/?s={search_term_string}"},"query-input":{"@type":"PropertyValueSpecification","valueRequired":true,"valueName":"search_term_string"}}],"inLanguage":"it-IT"},{"@type":"Organization","@id":"https:\/\/www.musikzeitung.ch\/#organization","name":"Giornale musicale svizzero","url":"https:\/\/www.musikzeitung.ch\/","logo":{"@type":"ImageObject","inLanguage":"it-IT","@id":"https:\/\/www.musikzeitung.ch\/#\/schema\/logo\/image\/","url":"https:\/\/www.musikzeitung.ch\/wp-content\/uploads\/2023\/01\/SMZ_Schriftzug_Sprache.png","contentUrl":"https:\/\/www.musikzeitung.ch\/wp-content\/uploads\/2023\/01\/SMZ_Schriftzug_Sprache.png","width":1400,"height":279,"caption":"Schweizer Musikzeitung"},"image":{"@id":"https:\/\/www.musikzeitung.ch\/#\/schema\/logo\/image\/"},"sameAs":["https:\/\/www.facebook.com\/SchweizerMusikzeitung\/","https:\/\/x.com\/smusikzeitung","https:\/\/www.instagram.com\/musikzeitung.ch\/"]},{"@type":"Person","@id":"https:\/\/www.musikzeitung.ch\/#\/schema\/person\/b2fd892c800856270b9dcc6001265712","name":"Redazione Musikzeitung","image":{"@type":"ImageObject","inLanguage":"it-IT","@id":"https:\/\/www.musikzeitung.ch\/wp-content\/uploads\/2022\/05\/usericon_musikzeitung-96x96.jpg","url":"https:\/\/www.musikzeitung.ch\/wp-content\/uploads\/2022\/05\/usericon_musikzeitung-96x96.jpg","contentUrl":"https:\/\/www.musikzeitung.ch\/wp-content\/uploads\/2022\/05\/usericon_musikzeitung-96x96.jpg","caption":"Musikzeitung-Redaktion"},"url":"https:\/\/www.musikzeitung.ch\/it\/author\/admin"}]}},"publishpress_future_workflow_manual_trigger":{"enabledWorkflows":[]},"_links":{"self":[{"href":"https:\/\/www.musikzeitung.ch\/it\/wp-json\/wp\/v2\/posts\/17555","targetHints":{"allow":["GET"]}}],"collection":[{"href":"https:\/\/www.musikzeitung.ch\/it\/wp-json\/wp\/v2\/posts"}],"about":[{"href":"https:\/\/www.musikzeitung.ch\/it\/wp-json\/wp\/v2\/types\/post"}],"author":[{"embeddable":true,"href":"https:\/\/www.musikzeitung.ch\/it\/wp-json\/wp\/v2\/users\/1"}],"replies":[{"embeddable":true,"href":"https:\/\/www.musikzeitung.ch\/it\/wp-json\/wp\/v2\/comments?post=17555"}],"version-history":[{"count":1,"href":"https:\/\/www.musikzeitung.ch\/it\/wp-json\/wp\/v2\/posts\/17555\/revisions"}],"predecessor-version":[{"id":17556,"href":"https:\/\/www.musikzeitung.ch\/it\/wp-json\/wp\/v2\/posts\/17555\/revisions\/17556"}],"wp:featuredmedia":[{"embeddable":true,"href":"https:\/\/www.musikzeitung.ch\/it\/wp-json\/wp\/v2\/media\/16007"}],"wp:attachment":[{"href":"https:\/\/www.musikzeitung.ch\/it\/wp-json\/wp\/v2\/media?parent=17555"}],"wp:term":[{"taxonomy":"category","embeddable":true,"href":"https:\/\/www.musikzeitung.ch\/it\/wp-json\/wp\/v2\/categories?post=17555"},{"taxonomy":"post_tag","embeddable":true,"href":"https:\/\/www.musikzeitung.ch\/it\/wp-json\/wp\/v2\/tags?post=17555"}],"curies":[{"name":"wp","href":"https:\/\/api.w.org\/{rel}","templated":true}]}}