{"id":17677,"date":"2022-07-20T00:00:00","date_gmt":"2022-07-19T23:00:00","guid":{"rendered":"https:\/\/www.musikzeitung.ch\/allgemein\/christoph-mathias-mueller-an-der-zhdk\/"},"modified":"2023-01-18T01:12:19","modified_gmt":"2023-01-18T00:12:19","slug":"christoph-mathias-mueller-an-der-zhdk","status":"publish","type":"post","link":"https:\/\/www.musikzeitung.ch\/it\/aus-und-weiterbildung\/2022\/07\/christoph-mathias-mueller-an-der-zhdk","title":{"rendered":"Christoph-Mathias Mueller alla ZHdK"},"content":{"rendered":"<figure style=\"width: 1200px\" class=\"wp-caption alignnone\"><img decoding=\"async\" class=\"size-full\" src=\"https:\/\/www.musikzeitung.ch\/wp-content\/uploads\/2023\/01\/cm-4.jpg\" alt=\"\" \/><figcaption class=\"wp-caption-text\">Christoph-Mathias Mueller. Foto: Marco Borggreve<\/figcaption><\/figure>\n<div class='text-section'>\n<p>Come annunciato dalla ZHdK, la direzione dell'universit\u00e0, su raccomandazione del comitato di ricerca competente <a href='https:\/\/www.christoph-mathias-mueller.com\/' target='_blank' rel=\"noopener\">Christoph-Mathias Mueller <\/a>come docente principale di direzione d'orchestra. Prender\u00e0 servizio il 1\u00b0 agosto 2022. Christoph-Mathias Mueller succede a<a href='https:\/\/johannesschlaefli.com\/' target='_blank' rel=\"noopener\"> Johannes Schlaefli<\/a>che dal 1999 ha costruito e ottimizzato continuamente la formazione dei conduttori. Andr\u00e0 in pensione nell'agosto 2023.<\/p>\n<p> Christoph-Mathias Mueller ha studiato violino a Basilea e ha conseguito un Master of Music presso l'Universit\u00e0 di Cincinnati. Ha molti anni di esperienza come direttore principale e direttore musicale generale di rinomate orchestre. Alcune delle sue registrazioni sono state premiate con l'Echo Award e l'Opus Award. Dal 2021 \u00e8 direttore artistico del Murten Classics Festival. Si distingue per la sua competenza professionale e didattica, nonch\u00e9 per la sua conoscenza del Conductors Studio ZHdK, che ha permesso a numerose giovani personalit\u00e0 della direzione d'orchestra di avviare con successo la propria carriera.<br \/> \u00a0<\/p>\n<\/p><\/div>\n<div class='text-section'>\n<dl class='picture media photo large'>\n<dt> <img class='media photo large' src='https:\/\/www.musikzeitung.ch\/wp-content\/uploads\/2023\/01\/unnamed-file.js-3.jpg' alt='Image '> <\/dt>\n<dd class='copyright'>Foto: Rolf M\u00e4der<\/dd>\n<dd class='caption'>Johannes Schlaefli ha creato il Conductors Studio ZHdK.<\/dd>\n<\/dl><\/div>\n<div>\n<h3 class=''><span>Lo studio dei direttori d'orchestra ZHdK<\/span><\/h3>\n<\/p><\/div>\n<div class='text-section'>\n<p><em>ZHdK - <\/em>Il programma di direzione d'orchestra della ZHdK gode di un'eccellente reputazione internazionale. Numerosi studenti ed ex studenti della ZHdK - tra cui un numero impressionante di donne - hanno un grande successo nel mercato altamente competitivo. Johannes Schlaefli e il \"Conductors Studio ZHdK\", che ha sviluppato e continuamente ottimizzato nel corso di molti anni all'universit\u00e0, sono alla base della competenza direttoriale della ZHdK.<\/p>\n<p><strong>Conduzione della classe<\/strong><\/p>\n<ul>\n<li>Dimensioni: 8-10 studenti<\/li>\n<li>Composizione: tutti i corsi di laurea - Bachelor, Master Performance, Master Specialised Performance. Contrariamente alle aspettative, l'esperienza ha dimostrato che l'apprendimento tra pari favorisce lo sviluppo e il profilo individuale degli studenti.<\/li>\n<li>Distribuzione di genere: nettamente egualitaria<\/li>\n<\/ul>\n<p><strong>Attivit\u00e0 curriculari<\/strong><\/p>\n<ul>\n<li>Lezioni con ensemble invece che con il pianoforte: gli studenti di direzione d'orchestra (e gli aspiranti tali) non hanno bisogno di competenze pianistiche specifiche. Si esercitano con ensemble basati su progetti<\/li>\n<li>Prove: regolarmente con l'Orchestra della Tonhalle, occasionalmente con la Philharmonia di Zurigo<\/li>\n<li>Settimane di corso: Corsi e concerti all'estero con orchestre professionali<\/li>\n<li>Networking: contatti con registi, agenti, docenti ospiti (masterclass)<\/li>\n<li>Riflettere: analizzare ed elaborare i diversi input.<\/li>\n<\/ul>\n<p><strong>Vasi per l'apprendimento<\/strong><\/p>\n<ul>\n<li>Lezioni in ensemble: ensemble strumentale (1111-0000-2Klav-1\/1\/1\/1\/1\/1) composto da musicisti professionisti, studenti di strumento e studenti di direzione al pianoforte.<\/li>\n<li>Lezioni in classe: discussione analitica e pratica di tutti gli aspetti e i compiti della direzione orchestrale contemporanea sulla base del repertorio attuale; scambio su ulteriori aspetti (accesso al mercato, programmazione, presentazione, ecc.).<\/li>\n<li>Lezioni individuali: coaching individuale. Consapevolezza di s\u00e9 come personalit\u00e0 direttoriale, guida verso l'indipendenza musicale e professionale.<\/li>\n<li>Laboratori orchestrali: Direzione d'orchestra con diverse orchestre (MKW, Orchestra Universitaria, Festival Strings Lucerne, ecc.).<\/li>\n<li>Settimane pratiche: 3-4 volte l'anno con 5-6 studenti; principalmente all'estero Prove e concerto finale con orchestre partner<\/li>\n<li>Collaborazioni interne alla ZHdK: in parte per progetti di ensemble, opera e orchestra<\/li>\n<\/ul>\n<p><strong>Selezione di alumne e alumni e attivit\u00e0 principale attuale <\/strong><\/p>\n<ul>\n<li>Mirga Gra\u017einyt\u0117-Tyla, Direttore principale della City of Birmingham Symphony Orchestra<\/li>\n<li>Philippe Bach, direttore musicale generale di Meiningen<\/li>\n<li>Corinna Niemeyer, Direttrice artistica e Direttore principale Orchestre de Chambre du Luxembourg<\/li>\n<li>Patrick Lange, Direttore musicale generale Hessisches Staatstheater Wiesbaden<\/li>\n<li>- Johanna Malangr\u00e9, direttore principale dell'Orchestre de Picardie<\/li>\n<li>Leo McFall, direttore principale dell'Orchestra Sinfonica del Vorarlberg<\/li>\n<li>Zoi Tsokanou, direttore principale e direttore artistico dell'Orchestra di Stato di Salonicco<\/li>\n<li>Kerem Hasan, direttore principale dell'Orchestra Sinfonica del Tirolo di Innsbruck<\/li>\n<li>Delyana Lazarova, 1\u00b0 premio Siemens Hall\u00e9 International Conductors Competition e assistente Hall\u00e9 Orchestra Manchester<\/li>\n<li>Chin-Chao Lin, direttore musicale generale del Teatro di Regensburg<\/li>\n<li>Holly Hyun Choe, direttore aggiunto Orchestra della Tonhalle di Zurigo<\/li>\n<li>Dominic Limburg, Kapellmeister Deutsche Oper Berlin<\/li>\n<li>Katharina Wincor, assistente dell'Orchestra Sinfonica di Dallas<\/li>\n<li>Johannes Zahn, Kapellmeister Staatstheater Darmstadt<br \/> \u00a0<\/li>\n<\/ul>\n<p>\u00a0<\/p>\n<\/p><\/div>\n<div>\n<blockquote class='text-section'>\n<p><strong>Conversazione tra Johannes Schlaefli e Christoph-Mathias Mueller nel <em>Zett<\/em>la rivista della ZHdK :<\/strong><br \/> <a href='https:\/\/zett.zhdk.ch\/2022\/07\/18\/es-gibt-kein-das-macht-man-so\/' target='_blank' rel=\"noopener\"><strong>https:\/\/zett.zhdk.ch\/2022\/07\/18\/es-gibt-kein-das-macht-man-so\/<\/strong><\/a><br \/> \u00a0<\/p>\n<\/blockquote><\/div>","protected":false},"excerpt":{"rendered":"<p><strong>L'Universit\u00e0 delle Arti di Zurigo (ZHdK) ha nominato Christoph-Mathias Mueller docente principale di direzione d'orchestra. Prender\u00e0 servizio il 1\u00b0 agosto 2022, insegner\u00e0 per un anno insieme all'attuale titolare del posto Johannes Schlaefli e assumer\u00e0 la responsabilit\u00e0 esclusiva della formazione in direzione d'orchestra il 1\u00b0 agosto 2023. <\/strong><\/p>","protected":false},"author":1,"featured_media":16190,"comment_status":"open","ping_status":"open","sticky":false,"template":"","format":"standard","meta":{"_acf_changed":false,"_relevanssi_hide_post":"","_relevanssi_hide_content":"","_relevanssi_pin_for_all":"","_relevanssi_pin_keywords":"","_relevanssi_unpin_keywords":"","_relevanssi_related_keywords":"","_relevanssi_related_include_ids":"","_relevanssi_related_exclude_ids":"","_relevanssi_related_no_append":"","_relevanssi_related_not_related":"","_relevanssi_related_posts":"","_relevanssi_noindex_reason":"","pgc_sgb_lightbox_settings":"","footnotes":""},"categories":[447,510],"tags":[],"class_list":["post-17677","post","type-post","status-publish","format-standard","has-post-thumbnail","hentry","category-aus-und-weiterbildung","category-musikhochschule"],"acf":[],"yoast_head":"<!-- This site is optimized with the Yoast SEO plugin v27.5 - https:\/\/yoast.com\/product\/yoast-seo-wordpress\/ -->\n<title>Christoph-Mathias Mueller an der ZHdK - Schweizer Musikzeitung<\/title>\n<meta name=\"robots\" content=\"index, follow, max-snippet:-1, max-image-preview:large, max-video-preview:-1\" \/>\n<link rel=\"canonical\" href=\"https:\/\/www.musikzeitung.ch\/it\/aus-und-weiterbildung\/2022\/07\/christoph-mathias-mueller-an-der-zhdk\/\" \/>\n<meta property=\"og:locale\" content=\"it_IT\" \/>\n<meta property=\"og:type\" content=\"article\" \/>\n<meta property=\"og:title\" content=\"Christoph-Mathias Mueller an der ZHdK - Schweizer Musikzeitung\" \/>\n<meta property=\"og:description\" content=\"Die Z\u00fcrcher Hochschule der K\u00fcnste (ZHdK) hat Christoph-Mathias Mueller zum Hauptfachdozenten Orchesterleitung ernannt. Er wird sein Amt am 1. August 2022 antreten, ein Jahr lang den Unterricht gemeinsam mit dem aktuellen Stelleninhaber Johannes Schlaefli gestalten und per 1. August 2023 die alleinige Leitung der Dirigierausbildung \u00fcbernehmen.\" \/>\n<meta property=\"og:url\" content=\"https:\/\/www.musikzeitung.ch\/it\/aus-und-weiterbildung\/2022\/07\/christoph-mathias-mueller-an-der-zhdk\/\" \/>\n<meta property=\"og:site_name\" content=\"Schweizer Musikzeitung\" \/>\n<meta property=\"article:publisher\" content=\"https:\/\/www.facebook.com\/SchweizerMusikzeitung\/\" \/>\n<meta property=\"article:published_time\" content=\"2022-07-19T23:00:00+00:00\" \/>\n<meta property=\"article:modified_time\" content=\"2023-01-18T00:12:19+00:00\" \/>\n<meta property=\"og:image\" content=\"https:\/\/www.musikzeitung.ch\/wp-content\/uploads\/2023\/01\/cm-4.jpg\" \/>\n\t<meta property=\"og:image:width\" content=\"554\" \/>\n\t<meta property=\"og:image:height\" content=\"369\" \/>\n\t<meta property=\"og:image:type\" content=\"image\/jpeg\" \/>\n<meta name=\"author\" content=\"Musikzeitung-Redaktion\" \/>\n<meta name=\"twitter:card\" content=\"summary_large_image\" \/>\n<meta name=\"twitter:creator\" content=\"@smusikzeitung\" \/>\n<meta name=\"twitter:site\" content=\"@smusikzeitung\" \/>\n<meta name=\"twitter:label1\" content=\"Scritto da\" \/>\n\t<meta name=\"twitter:data1\" content=\"Musikzeitung-Redaktion\" \/>\n\t<meta name=\"twitter:label2\" content=\"Tempo di lettura stimato\" \/>\n\t<meta name=\"twitter:data2\" content=\"3 minuti\" \/>\n<script type=\"application\/ld+json\" class=\"yoast-schema-graph\">{\"@context\":\"https:\\\/\\\/schema.org\",\"@graph\":[{\"@type\":\"Article\",\"@id\":\"https:\\\/\\\/www.musikzeitung.ch\\\/aus-und-weiterbildung\\\/2022\\\/07\\\/christoph-mathias-mueller-an-der-zhdk#article\",\"isPartOf\":{\"@id\":\"https:\\\/\\\/www.musikzeitung.ch\\\/aus-und-weiterbildung\\\/2022\\\/07\\\/christoph-mathias-mueller-an-der-zhdk\"},\"author\":{\"name\":\"Musikzeitung-Redaktion\",\"@id\":\"https:\\\/\\\/www.musikzeitung.ch\\\/#\\\/schema\\\/person\\\/b2fd892c800856270b9dcc6001265712\"},\"headline\":\"Christoph-Mathias Mueller an der ZHdK\",\"datePublished\":\"2022-07-19T23:00:00+00:00\",\"dateModified\":\"2023-01-18T00:12:19+00:00\",\"mainEntityOfPage\":{\"@id\":\"https:\\\/\\\/www.musikzeitung.ch\\\/aus-und-weiterbildung\\\/2022\\\/07\\\/christoph-mathias-mueller-an-der-zhdk\"},\"wordCount\":533,\"commentCount\":0,\"publisher\":{\"@id\":\"https:\\\/\\\/www.musikzeitung.ch\\\/#organization\"},\"image\":{\"@id\":\"https:\\\/\\\/www.musikzeitung.ch\\\/aus-und-weiterbildung\\\/2022\\\/07\\\/christoph-mathias-mueller-an-der-zhdk#primaryimage\"},\"thumbnailUrl\":\"https:\\\/\\\/www.musikzeitung.ch\\\/wp-content\\\/uploads\\\/2023\\\/01\\\/cm-4.jpg\",\"articleSection\":[\"Aus- und Weiterbildung\",\"Musikhochschule\"],\"inLanguage\":\"it-IT\"},{\"@type\":\"WebPage\",\"@id\":\"https:\\\/\\\/www.musikzeitung.ch\\\/aus-und-weiterbildung\\\/2022\\\/07\\\/christoph-mathias-mueller-an-der-zhdk\",\"url\":\"https:\\\/\\\/www.musikzeitung.ch\\\/aus-und-weiterbildung\\\/2022\\\/07\\\/christoph-mathias-mueller-an-der-zhdk\",\"name\":\"Christoph-Mathias Mueller an der ZHdK - Schweizer Musikzeitung\",\"isPartOf\":{\"@id\":\"https:\\\/\\\/www.musikzeitung.ch\\\/#website\"},\"primaryImageOfPage\":{\"@id\":\"https:\\\/\\\/www.musikzeitung.ch\\\/aus-und-weiterbildung\\\/2022\\\/07\\\/christoph-mathias-mueller-an-der-zhdk#primaryimage\"},\"image\":{\"@id\":\"https:\\\/\\\/www.musikzeitung.ch\\\/aus-und-weiterbildung\\\/2022\\\/07\\\/christoph-mathias-mueller-an-der-zhdk#primaryimage\"},\"thumbnailUrl\":\"https:\\\/\\\/www.musikzeitung.ch\\\/wp-content\\\/uploads\\\/2023\\\/01\\\/cm-4.jpg\",\"datePublished\":\"2022-07-19T23:00:00+00:00\",\"dateModified\":\"2023-01-18T00:12:19+00:00\",\"breadcrumb\":{\"@id\":\"https:\\\/\\\/www.musikzeitung.ch\\\/aus-und-weiterbildung\\\/2022\\\/07\\\/christoph-mathias-mueller-an-der-zhdk#breadcrumb\"},\"inLanguage\":\"it-IT\",\"potentialAction\":[{\"@type\":\"ReadAction\",\"target\":[\"https:\\\/\\\/www.musikzeitung.ch\\\/aus-und-weiterbildung\\\/2022\\\/07\\\/christoph-mathias-mueller-an-der-zhdk\"]}]},{\"@type\":\"ImageObject\",\"inLanguage\":\"it-IT\",\"@id\":\"https:\\\/\\\/www.musikzeitung.ch\\\/aus-und-weiterbildung\\\/2022\\\/07\\\/christoph-mathias-mueller-an-der-zhdk#primaryimage\",\"url\":\"https:\\\/\\\/www.musikzeitung.ch\\\/wp-content\\\/uploads\\\/2023\\\/01\\\/cm-4.jpg\",\"contentUrl\":\"https:\\\/\\\/www.musikzeitung.ch\\\/wp-content\\\/uploads\\\/2023\\\/01\\\/cm-4.jpg\",\"width\":554,\"height\":369},{\"@type\":\"BreadcrumbList\",\"@id\":\"https:\\\/\\\/www.musikzeitung.ch\\\/aus-und-weiterbildung\\\/2022\\\/07\\\/christoph-mathias-mueller-an-der-zhdk#breadcrumb\",\"itemListElement\":[{\"@type\":\"ListItem\",\"position\":1,\"name\":\"Home\",\"item\":\"https:\\\/\\\/www.musikzeitung.ch\\\/\"},{\"@type\":\"ListItem\",\"position\":2,\"name\":\"Christoph-Mathias Mueller an der ZHdK\"}]},{\"@type\":\"WebSite\",\"@id\":\"https:\\\/\\\/www.musikzeitung.ch\\\/#website\",\"url\":\"https:\\\/\\\/www.musikzeitung.ch\\\/\",\"name\":\"Schweizer Musikzeitung\",\"description\":\"Die f\u00fchrende sparten\u00fcbergreifende Monatszeitung in der Schweiz f\u00fcr musikalische Fragen.\",\"publisher\":{\"@id\":\"https:\\\/\\\/www.musikzeitung.ch\\\/#organization\"},\"potentialAction\":[{\"@type\":\"SearchAction\",\"target\":{\"@type\":\"EntryPoint\",\"urlTemplate\":\"https:\\\/\\\/www.musikzeitung.ch\\\/?s={search_term_string}\"},\"query-input\":{\"@type\":\"PropertyValueSpecification\",\"valueRequired\":true,\"valueName\":\"search_term_string\"}}],\"inLanguage\":\"it-IT\"},{\"@type\":\"Organization\",\"@id\":\"https:\\\/\\\/www.musikzeitung.ch\\\/#organization\",\"name\":\"Schweizer Musikzeitung\",\"url\":\"https:\\\/\\\/www.musikzeitung.ch\\\/\",\"logo\":{\"@type\":\"ImageObject\",\"inLanguage\":\"it-IT\",\"@id\":\"https:\\\/\\\/www.musikzeitung.ch\\\/#\\\/schema\\\/logo\\\/image\\\/\",\"url\":\"https:\\\/\\\/www.musikzeitung.ch\\\/wp-content\\\/uploads\\\/2023\\\/01\\\/SMZ_Schriftzug_Sprache.png\",\"contentUrl\":\"https:\\\/\\\/www.musikzeitung.ch\\\/wp-content\\\/uploads\\\/2023\\\/01\\\/SMZ_Schriftzug_Sprache.png\",\"width\":1400,\"height\":279,\"caption\":\"Schweizer Musikzeitung\"},\"image\":{\"@id\":\"https:\\\/\\\/www.musikzeitung.ch\\\/#\\\/schema\\\/logo\\\/image\\\/\"},\"sameAs\":[\"https:\\\/\\\/www.facebook.com\\\/SchweizerMusikzeitung\\\/\",\"https:\\\/\\\/x.com\\\/smusikzeitung\",\"https:\\\/\\\/www.instagram.com\\\/musikzeitung.ch\\\/\"]},{\"@type\":\"Person\",\"@id\":\"https:\\\/\\\/www.musikzeitung.ch\\\/#\\\/schema\\\/person\\\/b2fd892c800856270b9dcc6001265712\",\"name\":\"Musikzeitung-Redaktion\",\"image\":{\"@type\":\"ImageObject\",\"inLanguage\":\"it-IT\",\"@id\":\"https:\\\/\\\/www.musikzeitung.ch\\\/wp-content\\\/uploads\\\/2022\\\/05\\\/usericon_musikzeitung-96x96.jpg\",\"url\":\"https:\\\/\\\/www.musikzeitung.ch\\\/wp-content\\\/uploads\\\/2022\\\/05\\\/usericon_musikzeitung-96x96.jpg\",\"contentUrl\":\"https:\\\/\\\/www.musikzeitung.ch\\\/wp-content\\\/uploads\\\/2022\\\/05\\\/usericon_musikzeitung-96x96.jpg\",\"caption\":\"Musikzeitung-Redaktion\"},\"url\":\"https:\\\/\\\/www.musikzeitung.ch\\\/it\\\/author\\\/admin\"}]}<\/script>\n<!-- \/ Yoast SEO plugin. -->","yoast_head_json":{"title":"Christoph-Mathias Mueller alla ZHdK - Schweizer Musikzeitung","robots":{"index":"index","follow":"follow","max-snippet":"max-snippet:-1","max-image-preview":"max-image-preview:large","max-video-preview":"max-video-preview:-1"},"canonical":"https:\/\/www.musikzeitung.ch\/it\/aus-und-weiterbildung\/2022\/07\/christoph-mathias-mueller-an-der-zhdk\/","og_locale":"it_IT","og_type":"article","og_title":"Christoph-Mathias Mueller an der ZHdK - Schweizer Musikzeitung","og_description":"Die Z\u00fcrcher Hochschule der K\u00fcnste (ZHdK) hat Christoph-Mathias Mueller zum Hauptfachdozenten Orchesterleitung ernannt. Er wird sein Amt am 1. August 2022 antreten, ein Jahr lang den Unterricht gemeinsam mit dem aktuellen Stelleninhaber Johannes Schlaefli gestalten und per 1. August 2023 die alleinige Leitung der Dirigierausbildung \u00fcbernehmen.","og_url":"https:\/\/www.musikzeitung.ch\/it\/aus-und-weiterbildung\/2022\/07\/christoph-mathias-mueller-an-der-zhdk\/","og_site_name":"Schweizer Musikzeitung","article_publisher":"https:\/\/www.facebook.com\/SchweizerMusikzeitung\/","article_published_time":"2022-07-19T23:00:00+00:00","article_modified_time":"2023-01-18T00:12:19+00:00","og_image":[{"width":554,"height":369,"url":"https:\/\/www.musikzeitung.ch\/wp-content\/uploads\/2023\/01\/cm-4.jpg","type":"image\/jpeg"}],"author":"Musikzeitung-Redaktion","twitter_card":"summary_large_image","twitter_creator":"@smusikzeitung","twitter_site":"@smusikzeitung","twitter_misc":{"Scritto da":"Musikzeitung-Redaktion","Tempo di lettura stimato":"3 minuti"},"schema":{"@context":"https:\/\/schema.org","@graph":[{"@type":"Article","@id":"https:\/\/www.musikzeitung.ch\/aus-und-weiterbildung\/2022\/07\/christoph-mathias-mueller-an-der-zhdk#article","isPartOf":{"@id":"https:\/\/www.musikzeitung.ch\/aus-und-weiterbildung\/2022\/07\/christoph-mathias-mueller-an-der-zhdk"},"author":{"name":"Musikzeitung-Redaktion","@id":"https:\/\/www.musikzeitung.ch\/#\/schema\/person\/b2fd892c800856270b9dcc6001265712"},"headline":"Christoph-Mathias Mueller an der ZHdK","datePublished":"2022-07-19T23:00:00+00:00","dateModified":"2023-01-18T00:12:19+00:00","mainEntityOfPage":{"@id":"https:\/\/www.musikzeitung.ch\/aus-und-weiterbildung\/2022\/07\/christoph-mathias-mueller-an-der-zhdk"},"wordCount":533,"commentCount":0,"publisher":{"@id":"https:\/\/www.musikzeitung.ch\/#organization"},"image":{"@id":"https:\/\/www.musikzeitung.ch\/aus-und-weiterbildung\/2022\/07\/christoph-mathias-mueller-an-der-zhdk#primaryimage"},"thumbnailUrl":"https:\/\/www.musikzeitung.ch\/wp-content\/uploads\/2023\/01\/cm-4.jpg","articleSection":["Aus- und Weiterbildung","Musikhochschule"],"inLanguage":"it-IT"},{"@type":"WebPage","@id":"https:\/\/www.musikzeitung.ch\/aus-und-weiterbildung\/2022\/07\/christoph-mathias-mueller-an-der-zhdk","url":"https:\/\/www.musikzeitung.ch\/aus-und-weiterbildung\/2022\/07\/christoph-mathias-mueller-an-der-zhdk","name":"Christoph-Mathias Mueller alla ZHdK - Schweizer Musikzeitung","isPartOf":{"@id":"https:\/\/www.musikzeitung.ch\/#website"},"primaryImageOfPage":{"@id":"https:\/\/www.musikzeitung.ch\/aus-und-weiterbildung\/2022\/07\/christoph-mathias-mueller-an-der-zhdk#primaryimage"},"image":{"@id":"https:\/\/www.musikzeitung.ch\/aus-und-weiterbildung\/2022\/07\/christoph-mathias-mueller-an-der-zhdk#primaryimage"},"thumbnailUrl":"https:\/\/www.musikzeitung.ch\/wp-content\/uploads\/2023\/01\/cm-4.jpg","datePublished":"2022-07-19T23:00:00+00:00","dateModified":"2023-01-18T00:12:19+00:00","breadcrumb":{"@id":"https:\/\/www.musikzeitung.ch\/aus-und-weiterbildung\/2022\/07\/christoph-mathias-mueller-an-der-zhdk#breadcrumb"},"inLanguage":"it-IT","potentialAction":[{"@type":"ReadAction","target":["https:\/\/www.musikzeitung.ch\/aus-und-weiterbildung\/2022\/07\/christoph-mathias-mueller-an-der-zhdk"]}]},{"@type":"ImageObject","inLanguage":"it-IT","@id":"https:\/\/www.musikzeitung.ch\/aus-und-weiterbildung\/2022\/07\/christoph-mathias-mueller-an-der-zhdk#primaryimage","url":"https:\/\/www.musikzeitung.ch\/wp-content\/uploads\/2023\/01\/cm-4.jpg","contentUrl":"https:\/\/www.musikzeitung.ch\/wp-content\/uploads\/2023\/01\/cm-4.jpg","width":554,"height":369},{"@type":"BreadcrumbList","@id":"https:\/\/www.musikzeitung.ch\/aus-und-weiterbildung\/2022\/07\/christoph-mathias-mueller-an-der-zhdk#breadcrumb","itemListElement":[{"@type":"ListItem","position":1,"name":"Home","item":"https:\/\/www.musikzeitung.ch\/"},{"@type":"ListItem","position":2,"name":"Christoph-Mathias Mueller an der ZHdK"}]},{"@type":"WebSite","@id":"https:\/\/www.musikzeitung.ch\/#website","url":"https:\/\/www.musikzeitung.ch\/","name":"Giornale musicale svizzero","description":"Il principale mensile interdisciplinare della Svizzera per le questioni musicali.","publisher":{"@id":"https:\/\/www.musikzeitung.ch\/#organization"},"potentialAction":[{"@type":"SearchAction","target":{"@type":"EntryPoint","urlTemplate":"https:\/\/www.musikzeitung.ch\/?s={search_term_string}"},"query-input":{"@type":"PropertyValueSpecification","valueRequired":true,"valueName":"search_term_string"}}],"inLanguage":"it-IT"},{"@type":"Organization","@id":"https:\/\/www.musikzeitung.ch\/#organization","name":"Giornale musicale svizzero","url":"https:\/\/www.musikzeitung.ch\/","logo":{"@type":"ImageObject","inLanguage":"it-IT","@id":"https:\/\/www.musikzeitung.ch\/#\/schema\/logo\/image\/","url":"https:\/\/www.musikzeitung.ch\/wp-content\/uploads\/2023\/01\/SMZ_Schriftzug_Sprache.png","contentUrl":"https:\/\/www.musikzeitung.ch\/wp-content\/uploads\/2023\/01\/SMZ_Schriftzug_Sprache.png","width":1400,"height":279,"caption":"Schweizer Musikzeitung"},"image":{"@id":"https:\/\/www.musikzeitung.ch\/#\/schema\/logo\/image\/"},"sameAs":["https:\/\/www.facebook.com\/SchweizerMusikzeitung\/","https:\/\/x.com\/smusikzeitung","https:\/\/www.instagram.com\/musikzeitung.ch\/"]},{"@type":"Person","@id":"https:\/\/www.musikzeitung.ch\/#\/schema\/person\/b2fd892c800856270b9dcc6001265712","name":"Redazione Musikzeitung","image":{"@type":"ImageObject","inLanguage":"it-IT","@id":"https:\/\/www.musikzeitung.ch\/wp-content\/uploads\/2022\/05\/usericon_musikzeitung-96x96.jpg","url":"https:\/\/www.musikzeitung.ch\/wp-content\/uploads\/2022\/05\/usericon_musikzeitung-96x96.jpg","contentUrl":"https:\/\/www.musikzeitung.ch\/wp-content\/uploads\/2022\/05\/usericon_musikzeitung-96x96.jpg","caption":"Musikzeitung-Redaktion"},"url":"https:\/\/www.musikzeitung.ch\/it\/author\/admin"}]}},"publishpress_future_workflow_manual_trigger":{"enabledWorkflows":[]},"_links":{"self":[{"href":"https:\/\/www.musikzeitung.ch\/it\/wp-json\/wp\/v2\/posts\/17677","targetHints":{"allow":["GET"]}}],"collection":[{"href":"https:\/\/www.musikzeitung.ch\/it\/wp-json\/wp\/v2\/posts"}],"about":[{"href":"https:\/\/www.musikzeitung.ch\/it\/wp-json\/wp\/v2\/types\/post"}],"author":[{"embeddable":true,"href":"https:\/\/www.musikzeitung.ch\/it\/wp-json\/wp\/v2\/users\/1"}],"replies":[{"embeddable":true,"href":"https:\/\/www.musikzeitung.ch\/it\/wp-json\/wp\/v2\/comments?post=17677"}],"version-history":[{"count":1,"href":"https:\/\/www.musikzeitung.ch\/it\/wp-json\/wp\/v2\/posts\/17677\/revisions"}],"predecessor-version":[{"id":17678,"href":"https:\/\/www.musikzeitung.ch\/it\/wp-json\/wp\/v2\/posts\/17677\/revisions\/17678"}],"wp:featuredmedia":[{"embeddable":true,"href":"https:\/\/www.musikzeitung.ch\/it\/wp-json\/wp\/v2\/media\/16190"}],"wp:attachment":[{"href":"https:\/\/www.musikzeitung.ch\/it\/wp-json\/wp\/v2\/media?parent=17677"}],"wp:term":[{"taxonomy":"category","embeddable":true,"href":"https:\/\/www.musikzeitung.ch\/it\/wp-json\/wp\/v2\/categories?post=17677"},{"taxonomy":"post_tag","embeddable":true,"href":"https:\/\/www.musikzeitung.ch\/it\/wp-json\/wp\/v2\/tags?post=17677"}],"curies":[{"name":"wp","href":"https:\/\/api.w.org\/{rel}","templated":true}]}}