{"id":17691,"date":"2022-09-01T00:00:00","date_gmt":"2022-08-31T23:00:00","guid":{"rendered":"https:\/\/www.musikzeitung.ch\/allgemein\/kultur-und-bildungsinstitutionen-leiten\/"},"modified":"2023-01-18T01:12:20","modified_gmt":"2023-01-18T00:12:20","slug":"kultur-und-bildungsinstitutionen-leiten","status":"publish","type":"post","link":"https:\/\/www.musikzeitung.ch\/it\/aus-und-weiterbildung\/2022\/09\/kultur-und-bildungsinstitutionen-leiten","title":{"rendered":"Gestione di istituzioni culturali ed educative"},"content":{"rendered":"<figure style=\"width: 1200px\" class=\"wp-caption alignnone\"><img decoding=\"async\" class=\"size-full\" src=\"https:\/\/www.musikzeitung.ch\/wp-content\/uploads\/2023\/01\/09_10_Campus_PR_HSLU_Web-1.jpg\" alt=\"\" \/><figcaption class=\"wp-caption-text\">Il direttore esterno degli studi Dominik Deuber. Foto: Universit\u00e0 di Scienze Applicate e Arti di Lucerna<\/figcaption><\/figure>\n<div class='text-section'>\n<p>La Scuola di Musica di Lucerna ha avuto la nuova <a href='https:\/\/www.hslu.ch\/de-ch\/musik\/weiterbildung\/das-angebote\/das-kultur-und-bildungsinstitutionen-leiten\/' target='_blank' rel=\"noopener\"><em>DAS Gestione di istituzioni culturali ed educative<\/em><\/a> nel programma di formazione continua. Il programma si concentra sulle sfide, le opportunit\u00e0 e le competenze associate a un ruolo di gestione nel settore culturale ed educativo, in particolare nelle scuole di musica o nel panorama degli artisti freelance. L'aspetto unico \u00e8 l'accesso flessibile al programma in collaborazione con i due dipartimenti dell'Universit\u00e0 di Scienze Applicate e Arti di Lucerna: Design &amp; Arte e Business, nonch\u00e9 con l'Universit\u00e0 di L\u00fcneburg\/Goethe Institute, che consente un profilo individuale. Cosa c'\u00e8 esattamente dietro questo programma di formazione continua? Lo abbiamo chiesto al direttore del programma Dominik Deuber, direttore del Musikkollegium Winterthur e direttore artistico del festival jazz GENERATIONS.<\/p>\n<p><em>Saldamente inserito nella scena culturale e gi\u00e0 direttore del programma presso l'HSLU - Musica: perch\u00e9 \u00e8 coinvolto in questo programma di formazione continua?<\/em><br \/> <em>Dominik Deuber: <\/em>In primo luogo, io stessa ho beneficiato di un programma di formazione simile dopo la laurea in musica e ho visto nuove strade per la mia carriera. In secondo luogo, lo scambio intensivo con colleghi professionisti allarga sempre i miei orizzonti e, in terzo luogo, le nuove reti e gli esempi pratici sono fondamentali per il mio sviluppo professionale.<\/p>\n<p><em>Profili, aree di competenza, et\u00e0: il team di docenti \u00e8 vario: Qual \u00e8 la sua impressione? <\/em><br \/> La mia impressione \u00e8 molto buona, anche se \u00e8 una sfida coprire tutti gli argomenti. Tuttavia, credo che siamo riusciti a coprire tutte le aree - che oggi sono importanti per un manager - con docenti competenti e motivati.<\/p>\n<p><em>Cosa posso aspettarmi - cosa mi offre il programma o cosa lo distingue dagli altri?<\/em><br \/> Il <em>DAS Gestione di istituzioni culturali ed educative <\/em>fornisce le conoscenze fondamentali e le competenze creative necessarie per assumere un ruolo di gestione in modo innovativo nelle istituzioni musicali, in particolare nelle scuole di musica o in altre istituzioni culturali ed educative. Il corso di laurea \u00e8 quindi pi\u00f9 specifico di altri corsi di laurea generali in management culturale.<\/p>\n<p><em>Quali sono i suoi desideri personali per la formazione continua?<\/em><br \/> Che i nostri studenti si trovino in un posto diverso dal punto di vista personale dopo il DAS, con maggiori conoscenze, fiducia e relazioni per fare il passo successivo nel loro sviluppo personale e professionale.<\/p>\n<p><em>Il programma mi qualifica per la gestione di una scuola di musica? <\/em><br \/> S\u00ec, \u00e8 gi\u00e0 riconosciuto nel Cantone di Lucerna. La domanda di riconoscimento del VMS \u00e8 stata presentata e una prima ispezione ha dato esito positivo. Tra qualche settimana sar\u00e0 possibile chiedere informazioni. <br \/> \u00a0<\/p>\n<\/p><\/div>\n<div>\n<blockquote class='text-section'>\n<p><strong>FACTS: DAS Gestione delle istituzioni culturali ed educative<\/p>\n<p> <\/strong>.<\/p>\n<ul>\n<li>Design compatto: tre semestri<\/li>\n<li>Modulo di ingresso flessibile (opzionale): Universit\u00e0 di Scienze Applicate e Arti di Lucerna - Design &amp; Arte, Universit\u00e0 di Scienze Applicate e Arti di Lucerna - Economia, Universit\u00e0 di L\u00fcneburg\/Istituto Goethe<\/li>\n<li>Contenuti variegati, elevata attenzione alla pratica<\/li>\n<li>Gestione del programma: Dominik Deuber<\/li>\n<li>Informazioni e iscrizioni: <a href='https:\/\/www.hslu.ch\/de-ch\/musik\/weiterbildung\/das-angebote\/das-kultur-und-bildungsinstitutionen-leiten\/' target='_blank' rel=\"noopener\"><strong>LINK<\/strong><\/a><\/li>\n<\/ul>\n<p>\u00a0<\/p>\n<\/blockquote><\/div>","protected":false},"excerpt":{"rendered":"<p><strong>Leadership responsabile - ripensamento - sviluppo innovativo - come? <br \/>I decisori dell'ultima ora possono iscriversi a questo programma di formazione manageriale e, in base alla disponibilit\u00e0 di posti, partecipare a partire dalla primavera del 2023. <br \/><\/strong><\/p>","protected":false},"author":1,"featured_media":2445,"comment_status":"open","ping_status":"open","sticky":false,"template":"","format":"standard","meta":{"_acf_changed":false,"_relevanssi_hide_post":"","_relevanssi_hide_content":"","_relevanssi_pin_for_all":"","_relevanssi_pin_keywords":"","_relevanssi_unpin_keywords":"","_relevanssi_related_keywords":"","_relevanssi_related_include_ids":"","_relevanssi_related_exclude_ids":"","_relevanssi_related_no_append":"","_relevanssi_related_not_related":"","_relevanssi_related_posts":"","_relevanssi_noindex_reason":"","pgc_sgb_lightbox_settings":"","footnotes":""},"categories":[447,510],"tags":[],"class_list":["post-17691","post","type-post","status-publish","format-standard","has-post-thumbnail","hentry","category-aus-und-weiterbildung","category-musikhochschule"],"acf":[],"yoast_head":"<!-- This site is optimized with the Yoast SEO plugin v27.5 - https:\/\/yoast.com\/product\/yoast-seo-wordpress\/ -->\n<title>Kultur- und Bildungsinstitutionen leiten - Schweizer Musikzeitung<\/title>\n<meta name=\"robots\" content=\"index, follow, max-snippet:-1, max-image-preview:large, max-video-preview:-1\" \/>\n<link rel=\"canonical\" href=\"https:\/\/www.musikzeitung.ch\/it\/aus-und-weiterbildung\/2022\/09\/kultur-und-bildungsinstitutionen-leiten\/\" \/>\n<meta property=\"og:locale\" content=\"it_IT\" \/>\n<meta property=\"og:type\" content=\"article\" \/>\n<meta property=\"og:title\" content=\"Kultur- und Bildungsinstitutionen leiten - Schweizer Musikzeitung\" \/>\n<meta property=\"og:description\" content=\"Verantwortungsvoll leiten \u2013 neu denken \u2013 innovativ entwickeln \u2013 wie? Kurzentschlossene k\u00f6nnen sich jetzt f\u00fcr diese Management-Weiterbildung anmelden und \u2013 freie Pl\u00e4tze vorausgesetzt \u2013 ab Fr\u00fchjahr 2023 dabei sein.\" \/>\n<meta property=\"og:url\" content=\"https:\/\/www.musikzeitung.ch\/it\/aus-und-weiterbildung\/2022\/09\/kultur-und-bildungsinstitutionen-leiten\/\" \/>\n<meta property=\"og:site_name\" content=\"Schweizer Musikzeitung\" \/>\n<meta property=\"article:publisher\" content=\"https:\/\/www.facebook.com\/SchweizerMusikzeitung\/\" \/>\n<meta property=\"article:published_time\" content=\"2022-08-31T23:00:00+00:00\" \/>\n<meta property=\"article:modified_time\" content=\"2023-01-18T00:12:20+00:00\" \/>\n<meta property=\"og:image\" content=\"https:\/\/www.musikzeitung.ch\/wp-content\/uploads\/2023\/01\/09_10_Campus_PR_HSLU_Web-1.jpg\" \/>\n\t<meta property=\"og:image:width\" content=\"554\" \/>\n\t<meta property=\"og:image:height\" content=\"369\" \/>\n\t<meta property=\"og:image:type\" content=\"image\/jpeg\" \/>\n<meta name=\"author\" content=\"Musikzeitung-Redaktion\" \/>\n<meta name=\"twitter:card\" content=\"summary_large_image\" \/>\n<meta name=\"twitter:creator\" content=\"@smusikzeitung\" \/>\n<meta name=\"twitter:site\" content=\"@smusikzeitung\" \/>\n<meta name=\"twitter:label1\" content=\"Scritto da\" \/>\n\t<meta name=\"twitter:data1\" content=\"Musikzeitung-Redaktion\" \/>\n\t<meta name=\"twitter:label2\" content=\"Tempo di lettura stimato\" \/>\n\t<meta name=\"twitter:data2\" content=\"2 minuti\" \/>\n<script type=\"application\/ld+json\" class=\"yoast-schema-graph\">{\"@context\":\"https:\\\/\\\/schema.org\",\"@graph\":[{\"@type\":\"Article\",\"@id\":\"https:\\\/\\\/www.musikzeitung.ch\\\/aus-und-weiterbildung\\\/2022\\\/09\\\/kultur-und-bildungsinstitutionen-leiten#article\",\"isPartOf\":{\"@id\":\"https:\\\/\\\/www.musikzeitung.ch\\\/aus-und-weiterbildung\\\/2022\\\/09\\\/kultur-und-bildungsinstitutionen-leiten\"},\"author\":{\"name\":\"Musikzeitung-Redaktion\",\"@id\":\"https:\\\/\\\/www.musikzeitung.ch\\\/#\\\/schema\\\/person\\\/b2fd892c800856270b9dcc6001265712\"},\"headline\":\"Kultur- und Bildungsinstitutionen leiten\",\"datePublished\":\"2022-08-31T23:00:00+00:00\",\"dateModified\":\"2023-01-18T00:12:20+00:00\",\"mainEntityOfPage\":{\"@id\":\"https:\\\/\\\/www.musikzeitung.ch\\\/aus-und-weiterbildung\\\/2022\\\/09\\\/kultur-und-bildungsinstitutionen-leiten\"},\"wordCount\":416,\"commentCount\":0,\"publisher\":{\"@id\":\"https:\\\/\\\/www.musikzeitung.ch\\\/#organization\"},\"image\":{\"@id\":\"https:\\\/\\\/www.musikzeitung.ch\\\/aus-und-weiterbildung\\\/2022\\\/09\\\/kultur-und-bildungsinstitutionen-leiten#primaryimage\"},\"thumbnailUrl\":\"https:\\\/\\\/www.musikzeitung.ch\\\/wp-content\\\/uploads\\\/2023\\\/01\\\/09_10_Campus_PR_HSLU_Web-1.jpg\",\"articleSection\":[\"Aus- und Weiterbildung\",\"Musikhochschule\"],\"inLanguage\":\"it-IT\"},{\"@type\":\"WebPage\",\"@id\":\"https:\\\/\\\/www.musikzeitung.ch\\\/aus-und-weiterbildung\\\/2022\\\/09\\\/kultur-und-bildungsinstitutionen-leiten\",\"url\":\"https:\\\/\\\/www.musikzeitung.ch\\\/aus-und-weiterbildung\\\/2022\\\/09\\\/kultur-und-bildungsinstitutionen-leiten\",\"name\":\"Kultur- und Bildungsinstitutionen leiten - Schweizer Musikzeitung\",\"isPartOf\":{\"@id\":\"https:\\\/\\\/www.musikzeitung.ch\\\/#website\"},\"primaryImageOfPage\":{\"@id\":\"https:\\\/\\\/www.musikzeitung.ch\\\/aus-und-weiterbildung\\\/2022\\\/09\\\/kultur-und-bildungsinstitutionen-leiten#primaryimage\"},\"image\":{\"@id\":\"https:\\\/\\\/www.musikzeitung.ch\\\/aus-und-weiterbildung\\\/2022\\\/09\\\/kultur-und-bildungsinstitutionen-leiten#primaryimage\"},\"thumbnailUrl\":\"https:\\\/\\\/www.musikzeitung.ch\\\/wp-content\\\/uploads\\\/2023\\\/01\\\/09_10_Campus_PR_HSLU_Web-1.jpg\",\"datePublished\":\"2022-08-31T23:00:00+00:00\",\"dateModified\":\"2023-01-18T00:12:20+00:00\",\"breadcrumb\":{\"@id\":\"https:\\\/\\\/www.musikzeitung.ch\\\/aus-und-weiterbildung\\\/2022\\\/09\\\/kultur-und-bildungsinstitutionen-leiten#breadcrumb\"},\"inLanguage\":\"it-IT\",\"potentialAction\":[{\"@type\":\"ReadAction\",\"target\":[\"https:\\\/\\\/www.musikzeitung.ch\\\/aus-und-weiterbildung\\\/2022\\\/09\\\/kultur-und-bildungsinstitutionen-leiten\"]}]},{\"@type\":\"ImageObject\",\"inLanguage\":\"it-IT\",\"@id\":\"https:\\\/\\\/www.musikzeitung.ch\\\/aus-und-weiterbildung\\\/2022\\\/09\\\/kultur-und-bildungsinstitutionen-leiten#primaryimage\",\"url\":\"https:\\\/\\\/www.musikzeitung.ch\\\/wp-content\\\/uploads\\\/2023\\\/01\\\/09_10_Campus_PR_HSLU_Web-1.jpg\",\"contentUrl\":\"https:\\\/\\\/www.musikzeitung.ch\\\/wp-content\\\/uploads\\\/2023\\\/01\\\/09_10_Campus_PR_HSLU_Web-1.jpg\",\"width\":554,\"height\":369},{\"@type\":\"BreadcrumbList\",\"@id\":\"https:\\\/\\\/www.musikzeitung.ch\\\/aus-und-weiterbildung\\\/2022\\\/09\\\/kultur-und-bildungsinstitutionen-leiten#breadcrumb\",\"itemListElement\":[{\"@type\":\"ListItem\",\"position\":1,\"name\":\"Home\",\"item\":\"https:\\\/\\\/www.musikzeitung.ch\\\/\"},{\"@type\":\"ListItem\",\"position\":2,\"name\":\"Kultur- und Bildungsinstitutionen leiten\"}]},{\"@type\":\"WebSite\",\"@id\":\"https:\\\/\\\/www.musikzeitung.ch\\\/#website\",\"url\":\"https:\\\/\\\/www.musikzeitung.ch\\\/\",\"name\":\"Schweizer Musikzeitung\",\"description\":\"Die f\u00fchrende sparten\u00fcbergreifende Monatszeitung in der Schweiz f\u00fcr musikalische Fragen.\",\"publisher\":{\"@id\":\"https:\\\/\\\/www.musikzeitung.ch\\\/#organization\"},\"potentialAction\":[{\"@type\":\"SearchAction\",\"target\":{\"@type\":\"EntryPoint\",\"urlTemplate\":\"https:\\\/\\\/www.musikzeitung.ch\\\/?s={search_term_string}\"},\"query-input\":{\"@type\":\"PropertyValueSpecification\",\"valueRequired\":true,\"valueName\":\"search_term_string\"}}],\"inLanguage\":\"it-IT\"},{\"@type\":\"Organization\",\"@id\":\"https:\\\/\\\/www.musikzeitung.ch\\\/#organization\",\"name\":\"Schweizer Musikzeitung\",\"url\":\"https:\\\/\\\/www.musikzeitung.ch\\\/\",\"logo\":{\"@type\":\"ImageObject\",\"inLanguage\":\"it-IT\",\"@id\":\"https:\\\/\\\/www.musikzeitung.ch\\\/#\\\/schema\\\/logo\\\/image\\\/\",\"url\":\"https:\\\/\\\/www.musikzeitung.ch\\\/wp-content\\\/uploads\\\/2023\\\/01\\\/SMZ_Schriftzug_Sprache.png\",\"contentUrl\":\"https:\\\/\\\/www.musikzeitung.ch\\\/wp-content\\\/uploads\\\/2023\\\/01\\\/SMZ_Schriftzug_Sprache.png\",\"width\":1400,\"height\":279,\"caption\":\"Schweizer Musikzeitung\"},\"image\":{\"@id\":\"https:\\\/\\\/www.musikzeitung.ch\\\/#\\\/schema\\\/logo\\\/image\\\/\"},\"sameAs\":[\"https:\\\/\\\/www.facebook.com\\\/SchweizerMusikzeitung\\\/\",\"https:\\\/\\\/x.com\\\/smusikzeitung\",\"https:\\\/\\\/www.instagram.com\\\/musikzeitung.ch\\\/\"]},{\"@type\":\"Person\",\"@id\":\"https:\\\/\\\/www.musikzeitung.ch\\\/#\\\/schema\\\/person\\\/b2fd892c800856270b9dcc6001265712\",\"name\":\"Musikzeitung-Redaktion\",\"image\":{\"@type\":\"ImageObject\",\"inLanguage\":\"it-IT\",\"@id\":\"https:\\\/\\\/www.musikzeitung.ch\\\/wp-content\\\/uploads\\\/2022\\\/05\\\/usericon_musikzeitung-96x96.jpg\",\"url\":\"https:\\\/\\\/www.musikzeitung.ch\\\/wp-content\\\/uploads\\\/2022\\\/05\\\/usericon_musikzeitung-96x96.jpg\",\"contentUrl\":\"https:\\\/\\\/www.musikzeitung.ch\\\/wp-content\\\/uploads\\\/2022\\\/05\\\/usericon_musikzeitung-96x96.jpg\",\"caption\":\"Musikzeitung-Redaktion\"},\"url\":\"https:\\\/\\\/www.musikzeitung.ch\\\/it\\\/author\\\/admin\"}]}<\/script>\n<!-- \/ Yoast SEO plugin. -->","yoast_head_json":{"title":"Gestione delle istituzioni culturali ed educative - Schweizer Musikzeitung","robots":{"index":"index","follow":"follow","max-snippet":"max-snippet:-1","max-image-preview":"max-image-preview:large","max-video-preview":"max-video-preview:-1"},"canonical":"https:\/\/www.musikzeitung.ch\/it\/aus-und-weiterbildung\/2022\/09\/kultur-und-bildungsinstitutionen-leiten\/","og_locale":"it_IT","og_type":"article","og_title":"Kultur- und Bildungsinstitutionen leiten - Schweizer Musikzeitung","og_description":"Verantwortungsvoll leiten \u2013 neu denken \u2013 innovativ entwickeln \u2013 wie? Kurzentschlossene k\u00f6nnen sich jetzt f\u00fcr diese Management-Weiterbildung anmelden und \u2013 freie Pl\u00e4tze vorausgesetzt \u2013 ab Fr\u00fchjahr 2023 dabei sein.","og_url":"https:\/\/www.musikzeitung.ch\/it\/aus-und-weiterbildung\/2022\/09\/kultur-und-bildungsinstitutionen-leiten\/","og_site_name":"Schweizer Musikzeitung","article_publisher":"https:\/\/www.facebook.com\/SchweizerMusikzeitung\/","article_published_time":"2022-08-31T23:00:00+00:00","article_modified_time":"2023-01-18T00:12:20+00:00","og_image":[{"width":554,"height":369,"url":"https:\/\/www.musikzeitung.ch\/wp-content\/uploads\/2023\/01\/09_10_Campus_PR_HSLU_Web-1.jpg","type":"image\/jpeg"}],"author":"Musikzeitung-Redaktion","twitter_card":"summary_large_image","twitter_creator":"@smusikzeitung","twitter_site":"@smusikzeitung","twitter_misc":{"Scritto da":"Musikzeitung-Redaktion","Tempo di lettura stimato":"2 minuti"},"schema":{"@context":"https:\/\/schema.org","@graph":[{"@type":"Article","@id":"https:\/\/www.musikzeitung.ch\/aus-und-weiterbildung\/2022\/09\/kultur-und-bildungsinstitutionen-leiten#article","isPartOf":{"@id":"https:\/\/www.musikzeitung.ch\/aus-und-weiterbildung\/2022\/09\/kultur-und-bildungsinstitutionen-leiten"},"author":{"name":"Musikzeitung-Redaktion","@id":"https:\/\/www.musikzeitung.ch\/#\/schema\/person\/b2fd892c800856270b9dcc6001265712"},"headline":"Kultur- und Bildungsinstitutionen leiten","datePublished":"2022-08-31T23:00:00+00:00","dateModified":"2023-01-18T00:12:20+00:00","mainEntityOfPage":{"@id":"https:\/\/www.musikzeitung.ch\/aus-und-weiterbildung\/2022\/09\/kultur-und-bildungsinstitutionen-leiten"},"wordCount":416,"commentCount":0,"publisher":{"@id":"https:\/\/www.musikzeitung.ch\/#organization"},"image":{"@id":"https:\/\/www.musikzeitung.ch\/aus-und-weiterbildung\/2022\/09\/kultur-und-bildungsinstitutionen-leiten#primaryimage"},"thumbnailUrl":"https:\/\/www.musikzeitung.ch\/wp-content\/uploads\/2023\/01\/09_10_Campus_PR_HSLU_Web-1.jpg","articleSection":["Aus- und Weiterbildung","Musikhochschule"],"inLanguage":"it-IT"},{"@type":"WebPage","@id":"https:\/\/www.musikzeitung.ch\/aus-und-weiterbildung\/2022\/09\/kultur-und-bildungsinstitutionen-leiten","url":"https:\/\/www.musikzeitung.ch\/aus-und-weiterbildung\/2022\/09\/kultur-und-bildungsinstitutionen-leiten","name":"Gestione delle istituzioni culturali ed educative - Schweizer Musikzeitung","isPartOf":{"@id":"https:\/\/www.musikzeitung.ch\/#website"},"primaryImageOfPage":{"@id":"https:\/\/www.musikzeitung.ch\/aus-und-weiterbildung\/2022\/09\/kultur-und-bildungsinstitutionen-leiten#primaryimage"},"image":{"@id":"https:\/\/www.musikzeitung.ch\/aus-und-weiterbildung\/2022\/09\/kultur-und-bildungsinstitutionen-leiten#primaryimage"},"thumbnailUrl":"https:\/\/www.musikzeitung.ch\/wp-content\/uploads\/2023\/01\/09_10_Campus_PR_HSLU_Web-1.jpg","datePublished":"2022-08-31T23:00:00+00:00","dateModified":"2023-01-18T00:12:20+00:00","breadcrumb":{"@id":"https:\/\/www.musikzeitung.ch\/aus-und-weiterbildung\/2022\/09\/kultur-und-bildungsinstitutionen-leiten#breadcrumb"},"inLanguage":"it-IT","potentialAction":[{"@type":"ReadAction","target":["https:\/\/www.musikzeitung.ch\/aus-und-weiterbildung\/2022\/09\/kultur-und-bildungsinstitutionen-leiten"]}]},{"@type":"ImageObject","inLanguage":"it-IT","@id":"https:\/\/www.musikzeitung.ch\/aus-und-weiterbildung\/2022\/09\/kultur-und-bildungsinstitutionen-leiten#primaryimage","url":"https:\/\/www.musikzeitung.ch\/wp-content\/uploads\/2023\/01\/09_10_Campus_PR_HSLU_Web-1.jpg","contentUrl":"https:\/\/www.musikzeitung.ch\/wp-content\/uploads\/2023\/01\/09_10_Campus_PR_HSLU_Web-1.jpg","width":554,"height":369},{"@type":"BreadcrumbList","@id":"https:\/\/www.musikzeitung.ch\/aus-und-weiterbildung\/2022\/09\/kultur-und-bildungsinstitutionen-leiten#breadcrumb","itemListElement":[{"@type":"ListItem","position":1,"name":"Home","item":"https:\/\/www.musikzeitung.ch\/"},{"@type":"ListItem","position":2,"name":"Kultur- und Bildungsinstitutionen leiten"}]},{"@type":"WebSite","@id":"https:\/\/www.musikzeitung.ch\/#website","url":"https:\/\/www.musikzeitung.ch\/","name":"Giornale musicale svizzero","description":"Il principale mensile interdisciplinare della Svizzera per le questioni musicali.","publisher":{"@id":"https:\/\/www.musikzeitung.ch\/#organization"},"potentialAction":[{"@type":"SearchAction","target":{"@type":"EntryPoint","urlTemplate":"https:\/\/www.musikzeitung.ch\/?s={search_term_string}"},"query-input":{"@type":"PropertyValueSpecification","valueRequired":true,"valueName":"search_term_string"}}],"inLanguage":"it-IT"},{"@type":"Organization","@id":"https:\/\/www.musikzeitung.ch\/#organization","name":"Giornale musicale svizzero","url":"https:\/\/www.musikzeitung.ch\/","logo":{"@type":"ImageObject","inLanguage":"it-IT","@id":"https:\/\/www.musikzeitung.ch\/#\/schema\/logo\/image\/","url":"https:\/\/www.musikzeitung.ch\/wp-content\/uploads\/2023\/01\/SMZ_Schriftzug_Sprache.png","contentUrl":"https:\/\/www.musikzeitung.ch\/wp-content\/uploads\/2023\/01\/SMZ_Schriftzug_Sprache.png","width":1400,"height":279,"caption":"Schweizer Musikzeitung"},"image":{"@id":"https:\/\/www.musikzeitung.ch\/#\/schema\/logo\/image\/"},"sameAs":["https:\/\/www.facebook.com\/SchweizerMusikzeitung\/","https:\/\/x.com\/smusikzeitung","https:\/\/www.instagram.com\/musikzeitung.ch\/"]},{"@type":"Person","@id":"https:\/\/www.musikzeitung.ch\/#\/schema\/person\/b2fd892c800856270b9dcc6001265712","name":"Redazione Musikzeitung","image":{"@type":"ImageObject","inLanguage":"it-IT","@id":"https:\/\/www.musikzeitung.ch\/wp-content\/uploads\/2022\/05\/usericon_musikzeitung-96x96.jpg","url":"https:\/\/www.musikzeitung.ch\/wp-content\/uploads\/2022\/05\/usericon_musikzeitung-96x96.jpg","contentUrl":"https:\/\/www.musikzeitung.ch\/wp-content\/uploads\/2022\/05\/usericon_musikzeitung-96x96.jpg","caption":"Musikzeitung-Redaktion"},"url":"https:\/\/www.musikzeitung.ch\/it\/author\/admin"}]}},"publishpress_future_workflow_manual_trigger":{"enabledWorkflows":[]},"_links":{"self":[{"href":"https:\/\/www.musikzeitung.ch\/it\/wp-json\/wp\/v2\/posts\/17691","targetHints":{"allow":["GET"]}}],"collection":[{"href":"https:\/\/www.musikzeitung.ch\/it\/wp-json\/wp\/v2\/posts"}],"about":[{"href":"https:\/\/www.musikzeitung.ch\/it\/wp-json\/wp\/v2\/types\/post"}],"author":[{"embeddable":true,"href":"https:\/\/www.musikzeitung.ch\/it\/wp-json\/wp\/v2\/users\/1"}],"replies":[{"embeddable":true,"href":"https:\/\/www.musikzeitung.ch\/it\/wp-json\/wp\/v2\/comments?post=17691"}],"version-history":[{"count":1,"href":"https:\/\/www.musikzeitung.ch\/it\/wp-json\/wp\/v2\/posts\/17691\/revisions"}],"predecessor-version":[{"id":17692,"href":"https:\/\/www.musikzeitung.ch\/it\/wp-json\/wp\/v2\/posts\/17691\/revisions\/17692"}],"wp:featuredmedia":[{"embeddable":true,"href":"https:\/\/www.musikzeitung.ch\/it\/wp-json\/wp\/v2\/media\/2445"}],"wp:attachment":[{"href":"https:\/\/www.musikzeitung.ch\/it\/wp-json\/wp\/v2\/media?parent=17691"}],"wp:term":[{"taxonomy":"category","embeddable":true,"href":"https:\/\/www.musikzeitung.ch\/it\/wp-json\/wp\/v2\/categories?post=17691"},{"taxonomy":"post_tag","embeddable":true,"href":"https:\/\/www.musikzeitung.ch\/it\/wp-json\/wp\/v2\/tags?post=17691"}],"curies":[{"name":"wp","href":"https:\/\/api.w.org\/{rel}","templated":true}]}}