{"id":1832,"date":"2014-01-08T00:00:00","date_gmt":"2014-01-07T23:00:00","guid":{"rendered":"https:\/\/www.musikzeitung.ch\/allgemein\/33-1%e2%81%843-jahre-popjournalismus\/"},"modified":"2014-01-08T00:00:00","modified_gmt":"2014-01-07T23:00:00","slug":"33-1%e2%81%843-jahre-popjournalismus","status":"publish","type":"post","link":"https:\/\/www.musikzeitung.ch\/it\/anlaesse\/2014\/01\/33-1%e2%81%843-jahre-popjournalismus","title":{"rendered":"33 1\u20443 anni di giornalismo pop"},"content":{"rendered":"<figure style=\"width: 1200px\" class=\"wp-caption alignnone\"><img decoding=\"async\" class=\"size-full\" src=\"https:\/\/www.musikzeitung.ch\/wp-content\/uploads\/2023\/01\/AB-7.jpg\" alt=\"\" \/><figcaption class=\"wp-caption-text\">Immagine: jazzia - Fotolia.com<\/figcaption><\/figure>\n<div class='text-section'>\n<p>\"C'erano solo due campi: noi e gli stupidi\". Per la scrittrice tedesca Clara Drechsler, nel 1980 il mondo era ancora un posto semplice. C'era chi aveva familiarit\u00e0 con la cultura pop del momento, con band come i Throbbing Gristle, i Fehlfarben e i Simple Minds. E c'era chi non ne aveva idea. La stessa Drechsler apparteneva al primo gruppo. Insieme ad altri addetti ai lavori, nel 1980 ha fondato a Colonia la rivista di cultura pop <em>Spex<\/em>che avrebbe plasmato in modo significativo il giornalismo pop tedesco. Tra gli altri, non ultimi i feuilleton, per i quali il pop era pi\u00f9 un corpo estraneo che un fenomeno di massa da prendere sul serio.<\/p>\n<p>Oggi, 34 anni dopo, tutto \u00e8 diverso. Il pop \u00e8 ovunque. I giornali non hanno pi\u00f9 paura del contatto: invece di \"cultura\" e \"pagine di approfondimento\", le sezioni si chiamano \"intrattenimento\" e \"stile di vita\". I nuovi media, come Internet e i giornali gratuiti, hanno penetrato la sfera del <em>Spex<\/em>. Per l'ex caporedattore Max Dax e l'autrice Anne Waak \u00e8 arrivato il momento di guardarsi indietro. Nel volume di quasi 500 pagine <em>Spex - Il libro. 33 1\/3 anni di pop <\/em>si riuniscono oltre i settanta, in <em>Spex<\/em> ha pubblicato \"testi chiave\" dai Joy Division al Northern Soul e ai Pet Shop Boys.<\/p>\n<p>La raccolta descrive lo sviluppo di una piccola redazione musicale indipendente e di freelance in un'affermata rivista pop e fornisce una panoramica del nuovo linguaggio che <em>Spex<\/em> per la critica pop; un mix di slang con un'affinit\u00e0 per la scena e di scrittura intellettuale. L'attenzione a questioni apparentemente banali e la rapida alternanza tra intervista e testo continuo - per citare solo due elementi stilistici - rendono la lettura rinfrescante, nuova e stimolante nei momenti migliori. Nel peggiore dei casi, per\u00f2, risulta anche distaccata, bizzarra e incomprensibile.<\/p>\n<\/div>\n<div class='text-section'>\n<dl class='picture media photo'>\n<dt>          <img class='media photo' src='https:\/\/www.musikzeitung.ch\/wp-content\/uploads\/2023\/01\/Spexklein-1.jpg' alt='Image '><\/dt>\n<\/dl>\n<\/div>\n<div class='text-section'>\n<p>I punti di forza di <em>Spex <\/em>Il libro si concentra sull'analisi del pop come fenomeno interdisciplinare, che non si limita alla musica, ma che si collega ad aspetti sociali e politici. Una dimensione a cui il libro presta attenzione nelle interviste a stilisti come Raymond Pettibon e Penny Martin. A questo proposito, vale la pena di citare anche un'ampia intervista al regista Claude Lanzmann sulla sua epopea cinematografica radicale. <em>Shoah <\/em>e un'analisi socio-culturale del gruppo trip-hop Massive Attack.<\/p>\n<p>Ci\u00f2 che questa raccolta di articoli non pu\u00f2 fare \u00e8 fornire una panoramica di tre decenni di cultura pop. Piuttosto, il libro fornisce intuizioni esemplari che sono sempre sorprendenti - soprattutto da una prospettiva storica. Ad esempio, quando diventa evidente che i riferimenti e i richiami contemporanei non sono pi\u00f9 da dare per scontati oggi, o quando si parla di band come i Daft Punk, che all'epoca erano ancora sul punto di sfondare. Altri gruppi come Cpt. Kirk &amp;. o 39 Clocks sono oggi noti solo (o ancora) agli addetti ai lavori.<\/p>\n<p>Molto viene affrontato e altrettanto viene tralasciato. I testi non sono n\u00e9 commentati n\u00e9 inseriti nei rispettivi contesti contemporanei. Da un lato, questa \u00e8 una perdita, ma dall'altro contrasta anche la comodit\u00e0 del lettore e lo incoraggia a intraprendere da solo questo lavoro critico. Tuttavia, la mancanza di illustrazioni, immagini e copertine di dischi riduce l'esame del fenomeno pop a un esame puramente testuale. Questo \u00e8 un peccato, cos\u00ec come la mancanza di protagoniste femminili. Davvero mancato <em>Spex<\/em> Tuttavia, la storiografia del pop \u00e8 da tempo migrata in altre parti del mondo. La globalizzazione si sta <em>Spex - Il libro<\/em> solo marginalmente, l'attenzione rimane sul mondo di lingua tedesca e inglese. Di conseguenza, la rivista si lascia sfuggire tutta una serie di questioni nuove e centrali. \u00c8 molto probabile che, con questo orientamento, siamo da tempo entrati a far parte del gruppo degli \"stupidi\".<\/p>\n<\/div>\n<div class='text-section'>\n<p><em>Spex - Il libro. 33 1\/3 Years of Pop, a cura di Max Dax e Anne Waak, 480 p., CHF 38.50, Metrolit-Verlag, Berlino 2013, ISBN 978-3-8493-0033-3<\/em><\/p>\n<\/div>","protected":false},"excerpt":{"rendered":"<p><strong>La rivista tedesca di cultura pop \"Spex\" ripercorre tre decenni di critica pop con una raccolta di articoli in cui ha svolto un ruolo fondamentale.<\/strong><\/p>","protected":false},"author":1,"featured_media":1833,"comment_status":"open","ping_status":"open","sticky":false,"template":"","format":"standard","meta":{"_acf_changed":false,"_relevanssi_hide_post":"","_relevanssi_hide_content":"","_relevanssi_pin_for_all":"","_relevanssi_pin_keywords":"","_relevanssi_unpin_keywords":"","_relevanssi_related_keywords":"","_relevanssi_related_include_ids":"","_relevanssi_related_exclude_ids":"","_relevanssi_related_no_append":"","_relevanssi_related_not_related":"","_relevanssi_related_posts":"","_relevanssi_noindex_reason":"","pgc_sgb_lightbox_settings":"","footnotes":""},"categories":[2,267],"tags":[],"class_list":["post-1832","post","type-post","status-publish","format-standard","has-post-thumbnail","hentry","category-anlaesse","category-rock-und-pop"],"acf":[],"yoast_head":"<!-- This site is optimized with the Yoast SEO plugin v27.4 - https:\/\/yoast.com\/product\/yoast-seo-wordpress\/ -->\n<title>33 1\u20443 Jahre Popjournalismus - Schweizer Musikzeitung<\/title>\n<meta name=\"robots\" content=\"index, follow, max-snippet:-1, max-image-preview:large, max-video-preview:-1\" \/>\n<link rel=\"canonical\" href=\"https:\/\/www.musikzeitung.ch\/it\/anlaesse\/2014\/01\/33-1\u20443-jahre-popjournalismus\/\" \/>\n<meta property=\"og:locale\" content=\"it_IT\" \/>\n<meta property=\"og:type\" content=\"article\" \/>\n<meta property=\"og:title\" content=\"33 1\u20443 Jahre Popjournalismus - Schweizer Musikzeitung\" \/>\n<meta property=\"og:description\" content=\"Das deutsche Magazin f\u00fcr Popkultur \u00abSpex\u00bb blickt mit einer Artikelsammlung auf drei Jahrzehnte Popkritik zur\u00fcck, die es massgeblich mitgepr\u00e4gt hat.\" \/>\n<meta property=\"og:url\" content=\"https:\/\/www.musikzeitung.ch\/it\/anlaesse\/2014\/01\/33-1\u20443-jahre-popjournalismus\/\" \/>\n<meta property=\"og:site_name\" content=\"Schweizer Musikzeitung\" \/>\n<meta property=\"article:publisher\" content=\"https:\/\/www.facebook.com\/SchweizerMusikzeitung\/\" \/>\n<meta property=\"article:published_time\" content=\"2014-01-07T23:00:00+00:00\" \/>\n<meta property=\"og:image\" content=\"https:\/\/www.musikzeitung.ch\/wp-content\/uploads\/2023\/01\/AB-7.jpg\" \/>\n\t<meta property=\"og:image:width\" content=\"554\" \/>\n\t<meta property=\"og:image:height\" content=\"357\" \/>\n\t<meta property=\"og:image:type\" content=\"image\/jpeg\" \/>\n<meta name=\"author\" content=\"Musikzeitung-Redaktion\" \/>\n<meta name=\"twitter:card\" content=\"summary_large_image\" \/>\n<meta name=\"twitter:creator\" content=\"@smusikzeitung\" \/>\n<meta name=\"twitter:site\" content=\"@smusikzeitung\" \/>\n<meta name=\"twitter:label1\" content=\"Scritto da\" \/>\n\t<meta name=\"twitter:data1\" content=\"Musikzeitung-Redaktion\" \/>\n\t<meta name=\"twitter:label2\" content=\"Tempo di lettura stimato\" \/>\n\t<meta name=\"twitter:data2\" content=\"3 minuti\" \/>\n<script type=\"application\/ld+json\" class=\"yoast-schema-graph\">{\"@context\":\"https:\\\/\\\/schema.org\",\"@graph\":[{\"@type\":\"Article\",\"@id\":\"https:\\\/\\\/www.musikzeitung.ch\\\/anlaesse\\\/2014\\\/01\\\/33-1%e2%81%843-jahre-popjournalismus#article\",\"isPartOf\":{\"@id\":\"https:\\\/\\\/www.musikzeitung.ch\\\/anlaesse\\\/2014\\\/01\\\/33-1%e2%81%843-jahre-popjournalismus\"},\"author\":{\"name\":\"Musikzeitung-Redaktion\",\"@id\":\"https:\\\/\\\/www.musikzeitung.ch\\\/#\\\/schema\\\/person\\\/b2fd892c800856270b9dcc6001265712\"},\"headline\":\"33 1\u20443 Jahre Popjournalismus\",\"datePublished\":\"2014-01-07T23:00:00+00:00\",\"mainEntityOfPage\":{\"@id\":\"https:\\\/\\\/www.musikzeitung.ch\\\/anlaesse\\\/2014\\\/01\\\/33-1%e2%81%843-jahre-popjournalismus\"},\"wordCount\":609,\"commentCount\":0,\"publisher\":{\"@id\":\"https:\\\/\\\/www.musikzeitung.ch\\\/#organization\"},\"image\":{\"@id\":\"https:\\\/\\\/www.musikzeitung.ch\\\/anlaesse\\\/2014\\\/01\\\/33-1%e2%81%843-jahre-popjournalismus#primaryimage\"},\"thumbnailUrl\":\"https:\\\/\\\/www.musikzeitung.ch\\\/wp-content\\\/uploads\\\/2023\\\/01\\\/AB-7.jpg\",\"articleSection\":[\"Anl\u00e4sse\",\"Rock und Pop\"],\"inLanguage\":\"it-IT\"},{\"@type\":\"WebPage\",\"@id\":\"https:\\\/\\\/www.musikzeitung.ch\\\/anlaesse\\\/2014\\\/01\\\/33-1%e2%81%843-jahre-popjournalismus\",\"url\":\"https:\\\/\\\/www.musikzeitung.ch\\\/anlaesse\\\/2014\\\/01\\\/33-1%e2%81%843-jahre-popjournalismus\",\"name\":\"33 1\u20443 Jahre Popjournalismus - Schweizer Musikzeitung\",\"isPartOf\":{\"@id\":\"https:\\\/\\\/www.musikzeitung.ch\\\/#website\"},\"primaryImageOfPage\":{\"@id\":\"https:\\\/\\\/www.musikzeitung.ch\\\/anlaesse\\\/2014\\\/01\\\/33-1%e2%81%843-jahre-popjournalismus#primaryimage\"},\"image\":{\"@id\":\"https:\\\/\\\/www.musikzeitung.ch\\\/anlaesse\\\/2014\\\/01\\\/33-1%e2%81%843-jahre-popjournalismus#primaryimage\"},\"thumbnailUrl\":\"https:\\\/\\\/www.musikzeitung.ch\\\/wp-content\\\/uploads\\\/2023\\\/01\\\/AB-7.jpg\",\"datePublished\":\"2014-01-07T23:00:00+00:00\",\"breadcrumb\":{\"@id\":\"https:\\\/\\\/www.musikzeitung.ch\\\/anlaesse\\\/2014\\\/01\\\/33-1%e2%81%843-jahre-popjournalismus#breadcrumb\"},\"inLanguage\":\"it-IT\",\"potentialAction\":[{\"@type\":\"ReadAction\",\"target\":[\"https:\\\/\\\/www.musikzeitung.ch\\\/anlaesse\\\/2014\\\/01\\\/33-1%e2%81%843-jahre-popjournalismus\"]}]},{\"@type\":\"ImageObject\",\"inLanguage\":\"it-IT\",\"@id\":\"https:\\\/\\\/www.musikzeitung.ch\\\/anlaesse\\\/2014\\\/01\\\/33-1%e2%81%843-jahre-popjournalismus#primaryimage\",\"url\":\"https:\\\/\\\/www.musikzeitung.ch\\\/wp-content\\\/uploads\\\/2023\\\/01\\\/AB-7.jpg\",\"contentUrl\":\"https:\\\/\\\/www.musikzeitung.ch\\\/wp-content\\\/uploads\\\/2023\\\/01\\\/AB-7.jpg\",\"width\":554,\"height\":357},{\"@type\":\"BreadcrumbList\",\"@id\":\"https:\\\/\\\/www.musikzeitung.ch\\\/anlaesse\\\/2014\\\/01\\\/33-1%e2%81%843-jahre-popjournalismus#breadcrumb\",\"itemListElement\":[{\"@type\":\"ListItem\",\"position\":1,\"name\":\"Home\",\"item\":\"https:\\\/\\\/www.musikzeitung.ch\\\/\"},{\"@type\":\"ListItem\",\"position\":2,\"name\":\"33 1\u20443 Jahre Popjournalismus\"}]},{\"@type\":\"WebSite\",\"@id\":\"https:\\\/\\\/www.musikzeitung.ch\\\/#website\",\"url\":\"https:\\\/\\\/www.musikzeitung.ch\\\/\",\"name\":\"Schweizer Musikzeitung\",\"description\":\"Die f\u00fchrende sparten\u00fcbergreifende Monatszeitung in der Schweiz f\u00fcr musikalische Fragen.\",\"publisher\":{\"@id\":\"https:\\\/\\\/www.musikzeitung.ch\\\/#organization\"},\"potentialAction\":[{\"@type\":\"SearchAction\",\"target\":{\"@type\":\"EntryPoint\",\"urlTemplate\":\"https:\\\/\\\/www.musikzeitung.ch\\\/?s={search_term_string}\"},\"query-input\":{\"@type\":\"PropertyValueSpecification\",\"valueRequired\":true,\"valueName\":\"search_term_string\"}}],\"inLanguage\":\"it-IT\"},{\"@type\":\"Organization\",\"@id\":\"https:\\\/\\\/www.musikzeitung.ch\\\/#organization\",\"name\":\"Schweizer Musikzeitung\",\"url\":\"https:\\\/\\\/www.musikzeitung.ch\\\/\",\"logo\":{\"@type\":\"ImageObject\",\"inLanguage\":\"it-IT\",\"@id\":\"https:\\\/\\\/www.musikzeitung.ch\\\/#\\\/schema\\\/logo\\\/image\\\/\",\"url\":\"https:\\\/\\\/www.musikzeitung.ch\\\/wp-content\\\/uploads\\\/2023\\\/01\\\/SMZ_Schriftzug_Sprache.png\",\"contentUrl\":\"https:\\\/\\\/www.musikzeitung.ch\\\/wp-content\\\/uploads\\\/2023\\\/01\\\/SMZ_Schriftzug_Sprache.png\",\"width\":1400,\"height\":279,\"caption\":\"Schweizer Musikzeitung\"},\"image\":{\"@id\":\"https:\\\/\\\/www.musikzeitung.ch\\\/#\\\/schema\\\/logo\\\/image\\\/\"},\"sameAs\":[\"https:\\\/\\\/www.facebook.com\\\/SchweizerMusikzeitung\\\/\",\"https:\\\/\\\/x.com\\\/smusikzeitung\",\"https:\\\/\\\/www.instagram.com\\\/musikzeitung.ch\\\/\"]},{\"@type\":\"Person\",\"@id\":\"https:\\\/\\\/www.musikzeitung.ch\\\/#\\\/schema\\\/person\\\/b2fd892c800856270b9dcc6001265712\",\"name\":\"Musikzeitung-Redaktion\",\"image\":{\"@type\":\"ImageObject\",\"inLanguage\":\"it-IT\",\"@id\":\"https:\\\/\\\/www.musikzeitung.ch\\\/wp-content\\\/uploads\\\/2022\\\/05\\\/usericon_musikzeitung-96x96.jpg\",\"url\":\"https:\\\/\\\/www.musikzeitung.ch\\\/wp-content\\\/uploads\\\/2022\\\/05\\\/usericon_musikzeitung-96x96.jpg\",\"contentUrl\":\"https:\\\/\\\/www.musikzeitung.ch\\\/wp-content\\\/uploads\\\/2022\\\/05\\\/usericon_musikzeitung-96x96.jpg\",\"caption\":\"Musikzeitung-Redaktion\"},\"url\":\"https:\\\/\\\/www.musikzeitung.ch\\\/it\\\/author\\\/admin\"}]}<\/script>\n<!-- \/ Yoast SEO plugin. -->","yoast_head_json":{"title":"33 1\u20443 anni di giornalismo pop - Schweizer Musikzeitung","robots":{"index":"index","follow":"follow","max-snippet":"max-snippet:-1","max-image-preview":"max-image-preview:large","max-video-preview":"max-video-preview:-1"},"canonical":"https:\/\/www.musikzeitung.ch\/it\/anlaesse\/2014\/01\/33-1\u20443-jahre-popjournalismus\/","og_locale":"it_IT","og_type":"article","og_title":"33 1\u20443 Jahre Popjournalismus - Schweizer Musikzeitung","og_description":"Das deutsche Magazin f\u00fcr Popkultur \u00abSpex\u00bb blickt mit einer Artikelsammlung auf drei Jahrzehnte Popkritik zur\u00fcck, die es massgeblich mitgepr\u00e4gt hat.","og_url":"https:\/\/www.musikzeitung.ch\/it\/anlaesse\/2014\/01\/33-1\u20443-jahre-popjournalismus\/","og_site_name":"Schweizer Musikzeitung","article_publisher":"https:\/\/www.facebook.com\/SchweizerMusikzeitung\/","article_published_time":"2014-01-07T23:00:00+00:00","og_image":[{"width":554,"height":357,"url":"https:\/\/www.musikzeitung.ch\/wp-content\/uploads\/2023\/01\/AB-7.jpg","type":"image\/jpeg"}],"author":"Musikzeitung-Redaktion","twitter_card":"summary_large_image","twitter_creator":"@smusikzeitung","twitter_site":"@smusikzeitung","twitter_misc":{"Scritto da":"Musikzeitung-Redaktion","Tempo di lettura stimato":"3 minuti"},"schema":{"@context":"https:\/\/schema.org","@graph":[{"@type":"Article","@id":"https:\/\/www.musikzeitung.ch\/anlaesse\/2014\/01\/33-1%e2%81%843-jahre-popjournalismus#article","isPartOf":{"@id":"https:\/\/www.musikzeitung.ch\/anlaesse\/2014\/01\/33-1%e2%81%843-jahre-popjournalismus"},"author":{"name":"Musikzeitung-Redaktion","@id":"https:\/\/www.musikzeitung.ch\/#\/schema\/person\/b2fd892c800856270b9dcc6001265712"},"headline":"33 1\u20443 Jahre Popjournalismus","datePublished":"2014-01-07T23:00:00+00:00","mainEntityOfPage":{"@id":"https:\/\/www.musikzeitung.ch\/anlaesse\/2014\/01\/33-1%e2%81%843-jahre-popjournalismus"},"wordCount":609,"commentCount":0,"publisher":{"@id":"https:\/\/www.musikzeitung.ch\/#organization"},"image":{"@id":"https:\/\/www.musikzeitung.ch\/anlaesse\/2014\/01\/33-1%e2%81%843-jahre-popjournalismus#primaryimage"},"thumbnailUrl":"https:\/\/www.musikzeitung.ch\/wp-content\/uploads\/2023\/01\/AB-7.jpg","articleSection":["Anl\u00e4sse","Rock und Pop"],"inLanguage":"it-IT"},{"@type":"WebPage","@id":"https:\/\/www.musikzeitung.ch\/anlaesse\/2014\/01\/33-1%e2%81%843-jahre-popjournalismus","url":"https:\/\/www.musikzeitung.ch\/anlaesse\/2014\/01\/33-1%e2%81%843-jahre-popjournalismus","name":"33 1\u20443 anni di giornalismo pop - Schweizer Musikzeitung","isPartOf":{"@id":"https:\/\/www.musikzeitung.ch\/#website"},"primaryImageOfPage":{"@id":"https:\/\/www.musikzeitung.ch\/anlaesse\/2014\/01\/33-1%e2%81%843-jahre-popjournalismus#primaryimage"},"image":{"@id":"https:\/\/www.musikzeitung.ch\/anlaesse\/2014\/01\/33-1%e2%81%843-jahre-popjournalismus#primaryimage"},"thumbnailUrl":"https:\/\/www.musikzeitung.ch\/wp-content\/uploads\/2023\/01\/AB-7.jpg","datePublished":"2014-01-07T23:00:00+00:00","breadcrumb":{"@id":"https:\/\/www.musikzeitung.ch\/anlaesse\/2014\/01\/33-1%e2%81%843-jahre-popjournalismus#breadcrumb"},"inLanguage":"it-IT","potentialAction":[{"@type":"ReadAction","target":["https:\/\/www.musikzeitung.ch\/anlaesse\/2014\/01\/33-1%e2%81%843-jahre-popjournalismus"]}]},{"@type":"ImageObject","inLanguage":"it-IT","@id":"https:\/\/www.musikzeitung.ch\/anlaesse\/2014\/01\/33-1%e2%81%843-jahre-popjournalismus#primaryimage","url":"https:\/\/www.musikzeitung.ch\/wp-content\/uploads\/2023\/01\/AB-7.jpg","contentUrl":"https:\/\/www.musikzeitung.ch\/wp-content\/uploads\/2023\/01\/AB-7.jpg","width":554,"height":357},{"@type":"BreadcrumbList","@id":"https:\/\/www.musikzeitung.ch\/anlaesse\/2014\/01\/33-1%e2%81%843-jahre-popjournalismus#breadcrumb","itemListElement":[{"@type":"ListItem","position":1,"name":"Home","item":"https:\/\/www.musikzeitung.ch\/"},{"@type":"ListItem","position":2,"name":"33 1\u20443 Jahre Popjournalismus"}]},{"@type":"WebSite","@id":"https:\/\/www.musikzeitung.ch\/#website","url":"https:\/\/www.musikzeitung.ch\/","name":"Giornale musicale svizzero","description":"Il principale mensile interdisciplinare della Svizzera per le questioni musicali.","publisher":{"@id":"https:\/\/www.musikzeitung.ch\/#organization"},"potentialAction":[{"@type":"SearchAction","target":{"@type":"EntryPoint","urlTemplate":"https:\/\/www.musikzeitung.ch\/?s={search_term_string}"},"query-input":{"@type":"PropertyValueSpecification","valueRequired":true,"valueName":"search_term_string"}}],"inLanguage":"it-IT"},{"@type":"Organization","@id":"https:\/\/www.musikzeitung.ch\/#organization","name":"Giornale musicale svizzero","url":"https:\/\/www.musikzeitung.ch\/","logo":{"@type":"ImageObject","inLanguage":"it-IT","@id":"https:\/\/www.musikzeitung.ch\/#\/schema\/logo\/image\/","url":"https:\/\/www.musikzeitung.ch\/wp-content\/uploads\/2023\/01\/SMZ_Schriftzug_Sprache.png","contentUrl":"https:\/\/www.musikzeitung.ch\/wp-content\/uploads\/2023\/01\/SMZ_Schriftzug_Sprache.png","width":1400,"height":279,"caption":"Schweizer Musikzeitung"},"image":{"@id":"https:\/\/www.musikzeitung.ch\/#\/schema\/logo\/image\/"},"sameAs":["https:\/\/www.facebook.com\/SchweizerMusikzeitung\/","https:\/\/x.com\/smusikzeitung","https:\/\/www.instagram.com\/musikzeitung.ch\/"]},{"@type":"Person","@id":"https:\/\/www.musikzeitung.ch\/#\/schema\/person\/b2fd892c800856270b9dcc6001265712","name":"Redazione Musikzeitung","image":{"@type":"ImageObject","inLanguage":"it-IT","@id":"https:\/\/www.musikzeitung.ch\/wp-content\/uploads\/2022\/05\/usericon_musikzeitung-96x96.jpg","url":"https:\/\/www.musikzeitung.ch\/wp-content\/uploads\/2022\/05\/usericon_musikzeitung-96x96.jpg","contentUrl":"https:\/\/www.musikzeitung.ch\/wp-content\/uploads\/2022\/05\/usericon_musikzeitung-96x96.jpg","caption":"Musikzeitung-Redaktion"},"url":"https:\/\/www.musikzeitung.ch\/it\/author\/admin"}]}},"publishpress_future_workflow_manual_trigger":{"enabledWorkflows":[]},"_links":{"self":[{"href":"https:\/\/www.musikzeitung.ch\/it\/wp-json\/wp\/v2\/posts\/1832","targetHints":{"allow":["GET"]}}],"collection":[{"href":"https:\/\/www.musikzeitung.ch\/it\/wp-json\/wp\/v2\/posts"}],"about":[{"href":"https:\/\/www.musikzeitung.ch\/it\/wp-json\/wp\/v2\/types\/post"}],"author":[{"embeddable":true,"href":"https:\/\/www.musikzeitung.ch\/it\/wp-json\/wp\/v2\/users\/1"}],"replies":[{"embeddable":true,"href":"https:\/\/www.musikzeitung.ch\/it\/wp-json\/wp\/v2\/comments?post=1832"}],"version-history":[{"count":0,"href":"https:\/\/www.musikzeitung.ch\/it\/wp-json\/wp\/v2\/posts\/1832\/revisions"}],"wp:featuredmedia":[{"embeddable":true,"href":"https:\/\/www.musikzeitung.ch\/it\/wp-json\/wp\/v2\/media\/1833"}],"wp:attachment":[{"href":"https:\/\/www.musikzeitung.ch\/it\/wp-json\/wp\/v2\/media?parent=1832"}],"wp:term":[{"taxonomy":"category","embeddable":true,"href":"https:\/\/www.musikzeitung.ch\/it\/wp-json\/wp\/v2\/categories?post=1832"},{"taxonomy":"post_tag","embeddable":true,"href":"https:\/\/www.musikzeitung.ch\/it\/wp-json\/wp\/v2\/tags?post=1832"}],"curies":[{"name":"wp","href":"https:\/\/api.w.org\/{rel}","templated":true}]}}