{"id":2110,"date":"2016-03-23T00:00:00","date_gmt":"2016-03-22T23:00:00","guid":{"rendered":"https:\/\/www.musikzeitung.ch\/allgemein\/zuercher-festspiele-nur-noch-alle-zwei-jahre\/"},"modified":"2016-03-23T00:00:00","modified_gmt":"2016-03-22T23:00:00","slug":"zuercher-festspiele-nur-noch-alle-zwei-jahre","status":"publish","type":"post","link":"https:\/\/www.musikzeitung.ch\/it\/anlaesse\/2016\/03\/zuercher-festspiele-nur-noch-alle-zwei-jahre","title":{"rendered":"Il Festival di Zurigo ora si svolge solo ogni due anni"},"content":{"rendered":"<figure style=\"width: 1200px\" class=\"wp-caption alignnone\"><img decoding=\"async\" class=\"size-full\" src=\"https:\/\/www.musikzeitung.ch\/wp-content\/uploads\/2023\/01\/fz-1.jpg\" alt=\"\" \/><figcaption class=\"wp-caption-text\">Foto: Festival di Zurigo<\/figcaption><\/figure>\n<div class='text-section'>\n<p>Con Ursula Gut come Presidente e Alexander Keil come Amministratore Delegato, anche il team di gestione sar\u00e0 riorganizzato. Essi sostituiscono Peter F. Weibel ed Elmar Weingarten. Ursula Gut \u00e8 stata sindaco di K\u00fcsnacht dal 1998 al 2006 e membro del Consiglio cantonale di Zurigo dal 2006 al 2015. Alexander Keil ha lavorato per lo Staatsschauspiel di Dresda, per il Festival di Bayreuth e, pi\u00f9 recentemente, per lo Schauspielhaus di Zurigo, dove \u00e8 stato responsabile degli eventi speciali e delle esibizioni degli ospiti.<\/p>\n<p> \u00c8 prevista anche la creazione di una posizione di curatore. La Commissione artistica e il Consiglio di amministrazione intendono \"nominare una persona adatta nel prossimo futuro\".<\/p>\n<p><a href='http:\/\/www.festspiele-zuerich.ch'>www.festspiele-zuerich.ch<\/a><\/p>\n<\/div>","protected":false},"excerpt":{"rendered":"<p><strong>Come annunciato dal Festival di Zurigo, in futuro l'evento sar\u00e0 organizzato solo ogni due anni, in un periodo concentrato di tre settimane a giugno, ben prima della fine della stagione. Il Premio del Festival di Zurigo sar\u00e0 assegnato nell'anno intermedio.<\/strong><\/p>","protected":false},"author":1,"featured_media":2111,"comment_status":"open","ping_status":"open","sticky":false,"template":"","format":"standard","meta":{"_acf_changed":false,"_relevanssi_hide_post":"","_relevanssi_hide_content":"","_relevanssi_pin_for_all":"","_relevanssi_pin_keywords":"","_relevanssi_unpin_keywords":"","_relevanssi_related_keywords":"","_relevanssi_related_include_ids":"","_relevanssi_related_exclude_ids":"","_relevanssi_related_no_append":"","_relevanssi_related_not_related":"","_relevanssi_related_posts":"","_relevanssi_noindex_reason":"","pgc_sgb_lightbox_settings":"","footnotes":""},"categories":[2,349],"tags":[],"class_list":["post-2110","post","type-post","status-publish","format-standard","has-post-thumbnail","hentry","category-anlaesse","category-lokales-und-globales"],"acf":{"author":""},"yoast_head":"<!-- This site is optimized with the Yoast SEO plugin v28.4 - https:\/\/yoast.com\/product\/yoast-seo-wordpress\/ -->\n<title>Z\u00fcrcher Festspiele nur noch alle zwei Jahre - Schweizer Musikzeitung<\/title>\n<meta name=\"robots\" content=\"index, follow, max-snippet:-1, max-image-preview:large, max-video-preview:-1\" \/>\n<link rel=\"canonical\" href=\"https:\/\/www.musikzeitung.ch\/it\/anlaesse\/2016\/03\/zuercher-festspiele-nur-noch-alle-zwei-jahre\/\" \/>\n<meta property=\"og:locale\" content=\"it_IT\" \/>\n<meta property=\"og:type\" content=\"article\" \/>\n<meta property=\"og:title\" content=\"Z\u00fcrcher Festspiele nur noch alle zwei Jahre - Schweizer Musikzeitung\" \/>\n<meta property=\"og:description\" content=\"Wie die Festspiele Z\u00fcrich mitteilen, wird der Anlass k\u00fcnftig nur noch alle zwei Jahre veranstaltet, und zwar in einem zeitlich konzentrierten Zeitraum von drei Wochen im Juni deutlich vor dem Ende der Spielzeit. Im Zwischenjahr soll der Z\u00fcrcher Festspielpreis vergeben werden.\" \/>\n<meta property=\"og:url\" content=\"https:\/\/www.musikzeitung.ch\/it\/anlaesse\/2016\/03\/zuercher-festspiele-nur-noch-alle-zwei-jahre\/\" \/>\n<meta property=\"og:site_name\" content=\"Schweizer Musikzeitung\" \/>\n<meta property=\"article:publisher\" content=\"https:\/\/www.facebook.com\/SchweizerMusikzeitung\/\" \/>\n<meta property=\"article:published_time\" content=\"2016-03-22T23:00:00+00:00\" \/>\n<meta property=\"og:image\" content=\"https:\/\/www.musikzeitung.ch\/wp-content\/uploads\/2023\/01\/fz-1.jpg\" \/>\n\t<meta property=\"og:image:width\" content=\"554\" \/>\n\t<meta property=\"og:image:height\" content=\"415\" \/>\n\t<meta property=\"og:image:type\" content=\"image\/jpeg\" \/>\n<meta name=\"author\" content=\"Musikzeitung-Redaktion\" \/>\n<meta name=\"twitter:card\" content=\"summary_large_image\" \/>\n<meta name=\"twitter:creator\" content=\"@smusikzeitung\" \/>\n<meta name=\"twitter:site\" content=\"@smusikzeitung\" \/>\n<meta name=\"twitter:label1\" content=\"Scritto da\" \/>\n\t<meta name=\"twitter:data1\" content=\"Musikzeitung-Redaktion\" \/>\n\t<meta name=\"twitter:label2\" content=\"Tempo di lettura stimato\" \/>\n\t<meta name=\"twitter:data2\" content=\"1 minuto\" \/>\n<script type=\"application\/ld+json\" class=\"yoast-schema-graph\">{\"@context\":\"https:\\\/\\\/schema.org\",\"@graph\":[{\"@type\":\"Article\",\"@id\":\"https:\\\/\\\/www.musikzeitung.ch\\\/anlaesse\\\/2016\\\/03\\\/zuercher-festspiele-nur-noch-alle-zwei-jahre#article\",\"isPartOf\":{\"@id\":\"https:\\\/\\\/www.musikzeitung.ch\\\/anlaesse\\\/2016\\\/03\\\/zuercher-festspiele-nur-noch-alle-zwei-jahre\"},\"author\":{\"name\":\"Musikzeitung-Redaktion\",\"@id\":\"https:\\\/\\\/www.musikzeitung.ch\\\/#\\\/schema\\\/person\\\/b2fd892c800856270b9dcc6001265712\"},\"headline\":\"Z\u00fcrcher Festspiele nur noch alle zwei Jahre\",\"datePublished\":\"2016-03-22T23:00:00+00:00\",\"mainEntityOfPage\":{\"@id\":\"https:\\\/\\\/www.musikzeitung.ch\\\/anlaesse\\\/2016\\\/03\\\/zuercher-festspiele-nur-noch-alle-zwei-jahre\"},\"wordCount\":123,\"commentCount\":0,\"publisher\":{\"@id\":\"https:\\\/\\\/www.musikzeitung.ch\\\/#organization\"},\"image\":{\"@id\":\"https:\\\/\\\/www.musikzeitung.ch\\\/anlaesse\\\/2016\\\/03\\\/zuercher-festspiele-nur-noch-alle-zwei-jahre#primaryimage\"},\"thumbnailUrl\":\"https:\\\/\\\/www.musikzeitung.ch\\\/wp-content\\\/uploads\\\/2023\\\/01\\\/fz-1.jpg\",\"articleSection\":[\"Anl\u00e4sse\",\"Lokales und Globales\"],\"inLanguage\":\"it-IT\"},{\"@type\":\"WebPage\",\"@id\":\"https:\\\/\\\/www.musikzeitung.ch\\\/anlaesse\\\/2016\\\/03\\\/zuercher-festspiele-nur-noch-alle-zwei-jahre\",\"url\":\"https:\\\/\\\/www.musikzeitung.ch\\\/anlaesse\\\/2016\\\/03\\\/zuercher-festspiele-nur-noch-alle-zwei-jahre\",\"name\":\"Z\u00fcrcher Festspiele nur noch alle zwei Jahre - Schweizer Musikzeitung\",\"isPartOf\":{\"@id\":\"https:\\\/\\\/www.musikzeitung.ch\\\/#website\"},\"primaryImageOfPage\":{\"@id\":\"https:\\\/\\\/www.musikzeitung.ch\\\/anlaesse\\\/2016\\\/03\\\/zuercher-festspiele-nur-noch-alle-zwei-jahre#primaryimage\"},\"image\":{\"@id\":\"https:\\\/\\\/www.musikzeitung.ch\\\/anlaesse\\\/2016\\\/03\\\/zuercher-festspiele-nur-noch-alle-zwei-jahre#primaryimage\"},\"thumbnailUrl\":\"https:\\\/\\\/www.musikzeitung.ch\\\/wp-content\\\/uploads\\\/2023\\\/01\\\/fz-1.jpg\",\"datePublished\":\"2016-03-22T23:00:00+00:00\",\"breadcrumb\":{\"@id\":\"https:\\\/\\\/www.musikzeitung.ch\\\/anlaesse\\\/2016\\\/03\\\/zuercher-festspiele-nur-noch-alle-zwei-jahre#breadcrumb\"},\"inLanguage\":\"it-IT\",\"potentialAction\":[{\"@type\":\"ReadAction\",\"target\":[\"https:\\\/\\\/www.musikzeitung.ch\\\/anlaesse\\\/2016\\\/03\\\/zuercher-festspiele-nur-noch-alle-zwei-jahre\"]}]},{\"@type\":\"ImageObject\",\"inLanguage\":\"it-IT\",\"@id\":\"https:\\\/\\\/www.musikzeitung.ch\\\/anlaesse\\\/2016\\\/03\\\/zuercher-festspiele-nur-noch-alle-zwei-jahre#primaryimage\",\"url\":\"https:\\\/\\\/www.musikzeitung.ch\\\/wp-content\\\/uploads\\\/2023\\\/01\\\/fz-1.jpg\",\"contentUrl\":\"https:\\\/\\\/www.musikzeitung.ch\\\/wp-content\\\/uploads\\\/2023\\\/01\\\/fz-1.jpg\",\"width\":554,\"height\":415},{\"@type\":\"BreadcrumbList\",\"@id\":\"https:\\\/\\\/www.musikzeitung.ch\\\/anlaesse\\\/2016\\\/03\\\/zuercher-festspiele-nur-noch-alle-zwei-jahre#breadcrumb\",\"itemListElement\":[{\"@type\":\"ListItem\",\"position\":1,\"name\":\"Home\",\"item\":\"https:\\\/\\\/www.musikzeitung.ch\\\/\"},{\"@type\":\"ListItem\",\"position\":2,\"name\":\"Z\u00fcrcher Festspiele nur noch alle zwei Jahre\"}]},{\"@type\":\"WebSite\",\"@id\":\"https:\\\/\\\/www.musikzeitung.ch\\\/#website\",\"url\":\"https:\\\/\\\/www.musikzeitung.ch\\\/\",\"name\":\"Schweizer Musikzeitung\",\"description\":\"Die f\u00fchrende sparten\u00fcbergreifende Monatszeitung in der Schweiz f\u00fcr musikalische Fragen.\",\"publisher\":{\"@id\":\"https:\\\/\\\/www.musikzeitung.ch\\\/#organization\"},\"potentialAction\":[{\"@type\":\"SearchAction\",\"target\":{\"@type\":\"EntryPoint\",\"urlTemplate\":\"https:\\\/\\\/www.musikzeitung.ch\\\/?s={search_term_string}\"},\"query-input\":{\"@type\":\"PropertyValueSpecification\",\"valueRequired\":true,\"valueName\":\"search_term_string\"}}],\"inLanguage\":\"it-IT\"},{\"@type\":\"Organization\",\"@id\":\"https:\\\/\\\/www.musikzeitung.ch\\\/#organization\",\"name\":\"Schweizer Musikzeitung\",\"url\":\"https:\\\/\\\/www.musikzeitung.ch\\\/\",\"logo\":{\"@type\":\"ImageObject\",\"inLanguage\":\"it-IT\",\"@id\":\"https:\\\/\\\/www.musikzeitung.ch\\\/#\\\/schema\\\/logo\\\/image\\\/\",\"url\":\"https:\\\/\\\/www.musikzeitung.ch\\\/wp-content\\\/uploads\\\/2023\\\/01\\\/SMZ_Schriftzug_Sprache.png\",\"contentUrl\":\"https:\\\/\\\/www.musikzeitung.ch\\\/wp-content\\\/uploads\\\/2023\\\/01\\\/SMZ_Schriftzug_Sprache.png\",\"width\":1400,\"height\":279,\"caption\":\"Schweizer Musikzeitung\"},\"image\":{\"@id\":\"https:\\\/\\\/www.musikzeitung.ch\\\/#\\\/schema\\\/logo\\\/image\\\/\"},\"sameAs\":[\"https:\\\/\\\/www.facebook.com\\\/SchweizerMusikzeitung\\\/\",\"https:\\\/\\\/x.com\\\/smusikzeitung\",\"https:\\\/\\\/www.instagram.com\\\/musikzeitung.ch\\\/\"]},{\"@type\":\"Person\",\"@id\":\"https:\\\/\\\/www.musikzeitung.ch\\\/#\\\/schema\\\/person\\\/b2fd892c800856270b9dcc6001265712\",\"name\":\"Musikzeitung-Redaktion\",\"image\":{\"@type\":\"ImageObject\",\"inLanguage\":\"it-IT\",\"@id\":\"https:\\\/\\\/www.musikzeitung.ch\\\/wp-content\\\/uploads\\\/2022\\\/05\\\/usericon_musikzeitung-96x96.jpg\",\"url\":\"https:\\\/\\\/www.musikzeitung.ch\\\/wp-content\\\/uploads\\\/2022\\\/05\\\/usericon_musikzeitung-96x96.jpg\",\"contentUrl\":\"https:\\\/\\\/www.musikzeitung.ch\\\/wp-content\\\/uploads\\\/2022\\\/05\\\/usericon_musikzeitung-96x96.jpg\",\"caption\":\"Musikzeitung-Redaktion\"},\"url\":\"https:\\\/\\\/www.musikzeitung.ch\\\/it\\\/author\\\/admin\"}]}<\/script>\n<!-- \/ Yoast SEO plugin. -->","yoast_head_json":{"title":"Il Festival di Zurigo ora si svolge solo ogni due anni - Schweizer Musikzeitung","robots":{"index":"index","follow":"follow","max-snippet":"max-snippet:-1","max-image-preview":"max-image-preview:large","max-video-preview":"max-video-preview:-1"},"canonical":"https:\/\/www.musikzeitung.ch\/it\/anlaesse\/2016\/03\/zuercher-festspiele-nur-noch-alle-zwei-jahre\/","og_locale":"it_IT","og_type":"article","og_title":"Z\u00fcrcher Festspiele nur noch alle zwei Jahre - Schweizer Musikzeitung","og_description":"Wie die Festspiele Z\u00fcrich mitteilen, wird der Anlass k\u00fcnftig nur noch alle zwei Jahre veranstaltet, und zwar in einem zeitlich konzentrierten Zeitraum von drei Wochen im Juni deutlich vor dem Ende der Spielzeit. Im Zwischenjahr soll der Z\u00fcrcher Festspielpreis vergeben werden.","og_url":"https:\/\/www.musikzeitung.ch\/it\/anlaesse\/2016\/03\/zuercher-festspiele-nur-noch-alle-zwei-jahre\/","og_site_name":"Schweizer Musikzeitung","article_publisher":"https:\/\/www.facebook.com\/SchweizerMusikzeitung\/","article_published_time":"2016-03-22T23:00:00+00:00","og_image":[{"width":554,"height":415,"url":"https:\/\/www.musikzeitung.ch\/wp-content\/uploads\/2023\/01\/fz-1.jpg","type":"image\/jpeg"}],"author":"Musikzeitung-Redaktion","twitter_card":"summary_large_image","twitter_creator":"@smusikzeitung","twitter_site":"@smusikzeitung","twitter_misc":{"Scritto da":"Musikzeitung-Redaktion","Tempo di lettura stimato":"1 minuto"},"schema":{"@context":"https:\/\/schema.org","@graph":[{"@type":"Article","@id":"https:\/\/www.musikzeitung.ch\/anlaesse\/2016\/03\/zuercher-festspiele-nur-noch-alle-zwei-jahre#article","isPartOf":{"@id":"https:\/\/www.musikzeitung.ch\/anlaesse\/2016\/03\/zuercher-festspiele-nur-noch-alle-zwei-jahre"},"author":{"name":"Musikzeitung-Redaktion","@id":"https:\/\/www.musikzeitung.ch\/#\/schema\/person\/b2fd892c800856270b9dcc6001265712"},"headline":"Z\u00fcrcher Festspiele nur noch alle zwei Jahre","datePublished":"2016-03-22T23:00:00+00:00","mainEntityOfPage":{"@id":"https:\/\/www.musikzeitung.ch\/anlaesse\/2016\/03\/zuercher-festspiele-nur-noch-alle-zwei-jahre"},"wordCount":123,"commentCount":0,"publisher":{"@id":"https:\/\/www.musikzeitung.ch\/#organization"},"image":{"@id":"https:\/\/www.musikzeitung.ch\/anlaesse\/2016\/03\/zuercher-festspiele-nur-noch-alle-zwei-jahre#primaryimage"},"thumbnailUrl":"https:\/\/www.musikzeitung.ch\/wp-content\/uploads\/2023\/01\/fz-1.jpg","articleSection":["Anl\u00e4sse","Lokales und Globales"],"inLanguage":"it-IT"},{"@type":"WebPage","@id":"https:\/\/www.musikzeitung.ch\/anlaesse\/2016\/03\/zuercher-festspiele-nur-noch-alle-zwei-jahre","url":"https:\/\/www.musikzeitung.ch\/anlaesse\/2016\/03\/zuercher-festspiele-nur-noch-alle-zwei-jahre","name":"Il Festival di Zurigo ora si svolge solo ogni due anni - Schweizer Musikzeitung","isPartOf":{"@id":"https:\/\/www.musikzeitung.ch\/#website"},"primaryImageOfPage":{"@id":"https:\/\/www.musikzeitung.ch\/anlaesse\/2016\/03\/zuercher-festspiele-nur-noch-alle-zwei-jahre#primaryimage"},"image":{"@id":"https:\/\/www.musikzeitung.ch\/anlaesse\/2016\/03\/zuercher-festspiele-nur-noch-alle-zwei-jahre#primaryimage"},"thumbnailUrl":"https:\/\/www.musikzeitung.ch\/wp-content\/uploads\/2023\/01\/fz-1.jpg","datePublished":"2016-03-22T23:00:00+00:00","breadcrumb":{"@id":"https:\/\/www.musikzeitung.ch\/anlaesse\/2016\/03\/zuercher-festspiele-nur-noch-alle-zwei-jahre#breadcrumb"},"inLanguage":"it-IT","potentialAction":[{"@type":"ReadAction","target":["https:\/\/www.musikzeitung.ch\/anlaesse\/2016\/03\/zuercher-festspiele-nur-noch-alle-zwei-jahre"]}]},{"@type":"ImageObject","inLanguage":"it-IT","@id":"https:\/\/www.musikzeitung.ch\/anlaesse\/2016\/03\/zuercher-festspiele-nur-noch-alle-zwei-jahre#primaryimage","url":"https:\/\/www.musikzeitung.ch\/wp-content\/uploads\/2023\/01\/fz-1.jpg","contentUrl":"https:\/\/www.musikzeitung.ch\/wp-content\/uploads\/2023\/01\/fz-1.jpg","width":554,"height":415},{"@type":"BreadcrumbList","@id":"https:\/\/www.musikzeitung.ch\/anlaesse\/2016\/03\/zuercher-festspiele-nur-noch-alle-zwei-jahre#breadcrumb","itemListElement":[{"@type":"ListItem","position":1,"name":"Home","item":"https:\/\/www.musikzeitung.ch\/"},{"@type":"ListItem","position":2,"name":"Z\u00fcrcher Festspiele nur noch alle zwei Jahre"}]},{"@type":"WebSite","@id":"https:\/\/www.musikzeitung.ch\/#website","url":"https:\/\/www.musikzeitung.ch\/","name":"Giornale musicale svizzero","description":"Il principale mensile interdisciplinare della Svizzera per le questioni musicali.","publisher":{"@id":"https:\/\/www.musikzeitung.ch\/#organization"},"potentialAction":[{"@type":"SearchAction","target":{"@type":"EntryPoint","urlTemplate":"https:\/\/www.musikzeitung.ch\/?s={search_term_string}"},"query-input":{"@type":"PropertyValueSpecification","valueRequired":true,"valueName":"search_term_string"}}],"inLanguage":"it-IT"},{"@type":"Organization","@id":"https:\/\/www.musikzeitung.ch\/#organization","name":"Giornale musicale svizzero","url":"https:\/\/www.musikzeitung.ch\/","logo":{"@type":"ImageObject","inLanguage":"it-IT","@id":"https:\/\/www.musikzeitung.ch\/#\/schema\/logo\/image\/","url":"https:\/\/www.musikzeitung.ch\/wp-content\/uploads\/2023\/01\/SMZ_Schriftzug_Sprache.png","contentUrl":"https:\/\/www.musikzeitung.ch\/wp-content\/uploads\/2023\/01\/SMZ_Schriftzug_Sprache.png","width":1400,"height":279,"caption":"Schweizer Musikzeitung"},"image":{"@id":"https:\/\/www.musikzeitung.ch\/#\/schema\/logo\/image\/"},"sameAs":["https:\/\/www.facebook.com\/SchweizerMusikzeitung\/","https:\/\/x.com\/smusikzeitung","https:\/\/www.instagram.com\/musikzeitung.ch\/"]},{"@type":"Person","@id":"https:\/\/www.musikzeitung.ch\/#\/schema\/person\/b2fd892c800856270b9dcc6001265712","name":"Redazione Musikzeitung","image":{"@type":"ImageObject","inLanguage":"it-IT","@id":"https:\/\/www.musikzeitung.ch\/wp-content\/uploads\/2022\/05\/usericon_musikzeitung-96x96.jpg","url":"https:\/\/www.musikzeitung.ch\/wp-content\/uploads\/2022\/05\/usericon_musikzeitung-96x96.jpg","contentUrl":"https:\/\/www.musikzeitung.ch\/wp-content\/uploads\/2022\/05\/usericon_musikzeitung-96x96.jpg","caption":"Musikzeitung-Redaktion"},"url":"https:\/\/www.musikzeitung.ch\/it\/author\/admin"}]}},"publishpress_future_workflow_manual_trigger":{"enabledWorkflows":[]},"_links":{"self":[{"href":"https:\/\/www.musikzeitung.ch\/it\/wp-json\/wp\/v2\/posts\/2110","targetHints":{"allow":["GET"]}}],"collection":[{"href":"https:\/\/www.musikzeitung.ch\/it\/wp-json\/wp\/v2\/posts"}],"about":[{"href":"https:\/\/www.musikzeitung.ch\/it\/wp-json\/wp\/v2\/types\/post"}],"author":[{"embeddable":true,"href":"https:\/\/www.musikzeitung.ch\/it\/wp-json\/wp\/v2\/users\/1"}],"replies":[{"embeddable":true,"href":"https:\/\/www.musikzeitung.ch\/it\/wp-json\/wp\/v2\/comments?post=2110"}],"version-history":[{"count":0,"href":"https:\/\/www.musikzeitung.ch\/it\/wp-json\/wp\/v2\/posts\/2110\/revisions"}],"wp:featuredmedia":[{"embeddable":true,"href":"https:\/\/www.musikzeitung.ch\/it\/wp-json\/wp\/v2\/media\/2111"}],"wp:attachment":[{"href":"https:\/\/www.musikzeitung.ch\/it\/wp-json\/wp\/v2\/media?parent=2110"}],"wp:term":[{"taxonomy":"category","embeddable":true,"href":"https:\/\/www.musikzeitung.ch\/it\/wp-json\/wp\/v2\/categories?post=2110"},{"taxonomy":"post_tag","embeddable":true,"href":"https:\/\/www.musikzeitung.ch\/it\/wp-json\/wp\/v2\/tags?post=2110"}],"curies":[{"name":"wp","href":"https:\/\/api.w.org\/{rel}","templated":true}]}}