{"id":3086,"date":"2014-04-07T00:00:00","date_gmt":"2014-04-06T23:00:00","guid":{"rendered":"https:\/\/www.musikzeitung.ch\/allgemein\/juedische-und-keltische-aber-auch-zirkusmusik\/"},"modified":"2014-04-07T00:00:00","modified_gmt":"2014-04-06T23:00:00","slug":"juedische-und-keltische-aber-auch-zirkusmusik","status":"publish","type":"post","link":"https:\/\/www.musikzeitung.ch\/it\/service\/2014\/04\/juedische-und-keltische-aber-auch-zirkusmusik","title":{"rendered":"Ebraica e celtica, ma anche musica circense"},"content":{"rendered":"<figure style=\"width: 1200px\" class=\"wp-caption alignnone\"><img decoding=\"async\" class=\"size-full\" src=\"https:\/\/www.musikzeitung.ch\/wp-content\/uploads\/2023\/01\/Pan_Piping_-_geograph.org_.uk_-_677559.jpg\" alt=\"\" \/><figcaption class=\"wp-caption-text\">Statua di Pan che suona il flauto nei giardini di Wisley\/GB. Foto: Colin Smith, wikimedia commons,SMPV<\/figcaption><\/figure>\n<div class='text-section'>\n<p>Nel 1979, Walter Keller-L\u00f6wy di Zurigo diede alla sua nuova casa editrice il nome di una colorata figura mitica: Pan. Si dice che il dio arcadico dei pastori e dei cacciatori abbia inventato la zampogna. Una scelta di nome azzeccata per una casa editrice che sente una particolare affinit\u00e0 con i vari strumenti a flauto. Dopo la morte del fondatore della casa editrice, l'editore Renate Matthei di Kassel \u00e8 venuto a conoscenza della piccola casa editrice e l'ha rilevata nel 2007. Nel 2008 \u00e8 stata aggiunta una filiale a Kassel, ma Pan \u00e8 rimasta una casa editrice indipendente con sede a Basilea ed \u00e8 parte integrante del panorama editoriale svizzero.<\/p>\n<p>La serie di edizioni<em> nel coro <\/em> ha un'offerta laica e una spirituale. Ci sono canzoni di origine retoromanza, ad esempio. Gli arrangiatori sono musicisti esperti come Fr\u00e9d\u00e9ric Bolli, Rudolf Jaggi e Kit Powell. Con gli spartiti della serie di edizioni <em>nell'insieme<\/em> I gruppi con un'ampia variet\u00e0 di strumentazione possono eseguire movimenti coinvolgenti dal carattere folkloristico. Marie-Louise e Cedric Dumont, Roland Fink e Fran\u00e7ois Lilienfeld garantiscono un elevato standard musicale in arrangiamenti di facile esecuzione.<\/p>\n<p>Anche la musica popolare di tutto il mondo, come quella dell'America centrale e meridionale, dell'Irlanda, della Svizzera, dell'Ungheria o di alcuni paesi asiatici, \u00e8 alla base di molti arrangiamenti per duo di flauti dolci o gruppi di flauti dolci pi\u00f9 numerosi. Tra le edizioni pi\u00f9 popolari ci sono gli arrangiamenti di tanghi del compositore argentino Astor Piazzolla per quartetto di flauti dolci (PAN 768).<\/p>\n<p>Due serie di pubblicazioni sono dedicate ai tesori musicali della cultura ebraica: <em>Gioca, Klesmer, gioca...<\/em> e <em>Sinagoga e shtetl<\/em>. Gli autori sono il ricercatore klezmer svizzero, il compositore e Chasan Fran\u00e7ois Lilienfeld e Rudolf Jaggi.<\/p>\n<p>Nel 2010 la casa editrice ha lanciato la serie <em>Radici sonore - Suoni delle radici<\/em>. Il suo autore \u00e8 il compositore, pedagogo e pianista jazz John Wolf Brennan. La ricerca di tracce celtico-elvetiche nella musica si riflette in questa opera. Ad oggi sono stati pubblicati quattro volumi per un'ampia variet\u00e0 di strumenti (PAN 2000-203, 2007).<\/p>\n<p>Una specialit\u00e0 di Pan-Verlag sono gli arrangiamenti di musica circense che Reto Parolari ha raccolto grazie alla sua esperienza di direttore d'orchestra in festival circensi internazionali. La raccolta <em>Circo, Circo <\/em>(PAN 125) si rivolge in egual misura a ensemble scolastici e amatoriali ambiziosi.<\/p>\n<p><a href='http:\/\/pan-verlag.com\/'>Sito web dell'editore<\/a><\/p>\n<\/div>","protected":false},"excerpt":{"rendered":"<p><strong>Quest'anno Pan-Verlag pu\u00f2 vantare 35 anni di storia aziendale. L'azienda \u00e8 stata fondata in Svizzera e ha tuttora sede a Basilea. <\/strong><\/p>","protected":false},"author":1,"featured_media":3087,"comment_status":"open","ping_status":"open","sticky":false,"template":"","format":"standard","meta":{"_acf_changed":false,"_relevanssi_hide_post":"","_relevanssi_hide_content":"","_relevanssi_pin_for_all":"","_relevanssi_pin_keywords":"","_relevanssi_unpin_keywords":"","_relevanssi_related_keywords":"","_relevanssi_related_include_ids":"","_relevanssi_related_exclude_ids":"","_relevanssi_related_no_append":"","_relevanssi_related_not_related":"","_relevanssi_related_posts":"","_relevanssi_noindex_reason":"","pgc_sgb_lightbox_settings":"","footnotes":""},"categories":[689,30],"tags":[],"class_list":["post-3086","post","type-post","status-publish","format-standard","has-post-thumbnail","hentry","category-noten","category-service"],"acf":[],"yoast_head":"<!-- This site is optimized with the Yoast SEO plugin v27.4 - https:\/\/yoast.com\/product\/yoast-seo-wordpress\/ -->\n<title>J\u00fcdische und keltische, aber auch Zirkusmusik - Schweizer Musikzeitung<\/title>\n<meta name=\"robots\" content=\"index, follow, max-snippet:-1, max-image-preview:large, max-video-preview:-1\" \/>\n<link rel=\"canonical\" href=\"https:\/\/www.musikzeitung.ch\/it\/service\/2014\/04\/juedische-und-keltische-aber-auch-zirkusmusik\/\" \/>\n<meta property=\"og:locale\" content=\"it_IT\" \/>\n<meta property=\"og:type\" content=\"article\" \/>\n<meta property=\"og:title\" content=\"J\u00fcdische und keltische, aber auch Zirkusmusik - Schweizer Musikzeitung\" \/>\n<meta property=\"og:description\" content=\"Der Pan-Verlag kann heuer auf eine 35-j\u00e4hrige Firmengeschichte zur\u00fcckblicken. Das Unternehmen wurde in der Schweiz gegr\u00fcndet und hat immer noch einen Sitz in Basel.\" \/>\n<meta property=\"og:url\" content=\"https:\/\/www.musikzeitung.ch\/it\/service\/2014\/04\/juedische-und-keltische-aber-auch-zirkusmusik\/\" \/>\n<meta property=\"og:site_name\" content=\"Schweizer Musikzeitung\" \/>\n<meta property=\"article:publisher\" content=\"https:\/\/www.facebook.com\/SchweizerMusikzeitung\/\" \/>\n<meta property=\"article:published_time\" content=\"2014-04-06T23:00:00+00:00\" \/>\n<meta property=\"og:image\" content=\"https:\/\/www.musikzeitung.ch\/wp-content\/uploads\/2023\/01\/Pan_Piping_-_geograph.org_.uk_-_677559.jpg\" \/>\n\t<meta property=\"og:image:width\" content=\"554\" \/>\n\t<meta property=\"og:image:height\" content=\"415\" \/>\n\t<meta property=\"og:image:type\" content=\"image\/jpeg\" \/>\n<meta name=\"author\" content=\"Musikzeitung-Redaktion\" \/>\n<meta name=\"twitter:card\" content=\"summary_large_image\" \/>\n<meta name=\"twitter:creator\" content=\"@smusikzeitung\" \/>\n<meta name=\"twitter:site\" content=\"@smusikzeitung\" \/>\n<meta name=\"twitter:label1\" content=\"Scritto da\" \/>\n\t<meta name=\"twitter:data1\" content=\"Musikzeitung-Redaktion\" \/>\n\t<meta name=\"twitter:label2\" content=\"Tempo di lettura stimato\" \/>\n\t<meta name=\"twitter:data2\" content=\"2 minuti\" \/>\n<script type=\"application\/ld+json\" class=\"yoast-schema-graph\">{\"@context\":\"https:\\\/\\\/schema.org\",\"@graph\":[{\"@type\":\"Article\",\"@id\":\"https:\\\/\\\/www.musikzeitung.ch\\\/service\\\/2014\\\/04\\\/juedische-und-keltische-aber-auch-zirkusmusik#article\",\"isPartOf\":{\"@id\":\"https:\\\/\\\/www.musikzeitung.ch\\\/service\\\/2014\\\/04\\\/juedische-und-keltische-aber-auch-zirkusmusik\"},\"author\":{\"name\":\"Musikzeitung-Redaktion\",\"@id\":\"https:\\\/\\\/www.musikzeitung.ch\\\/#\\\/schema\\\/person\\\/b2fd892c800856270b9dcc6001265712\"},\"headline\":\"J\u00fcdische und keltische, aber auch Zirkusmusik\",\"datePublished\":\"2014-04-06T23:00:00+00:00\",\"mainEntityOfPage\":{\"@id\":\"https:\\\/\\\/www.musikzeitung.ch\\\/service\\\/2014\\\/04\\\/juedische-und-keltische-aber-auch-zirkusmusik\"},\"wordCount\":372,\"commentCount\":0,\"publisher\":{\"@id\":\"https:\\\/\\\/www.musikzeitung.ch\\\/#organization\"},\"image\":{\"@id\":\"https:\\\/\\\/www.musikzeitung.ch\\\/service\\\/2014\\\/04\\\/juedische-und-keltische-aber-auch-zirkusmusik#primaryimage\"},\"thumbnailUrl\":\"https:\\\/\\\/www.musikzeitung.ch\\\/wp-content\\\/uploads\\\/2023\\\/01\\\/Pan_Piping_-_geograph.org_.uk_-_677559.jpg\",\"articleSection\":[\"Noten\",\"Service\"],\"inLanguage\":\"it-IT\"},{\"@type\":\"WebPage\",\"@id\":\"https:\\\/\\\/www.musikzeitung.ch\\\/service\\\/2014\\\/04\\\/juedische-und-keltische-aber-auch-zirkusmusik\",\"url\":\"https:\\\/\\\/www.musikzeitung.ch\\\/service\\\/2014\\\/04\\\/juedische-und-keltische-aber-auch-zirkusmusik\",\"name\":\"J\u00fcdische und keltische, aber auch Zirkusmusik - Schweizer Musikzeitung\",\"isPartOf\":{\"@id\":\"https:\\\/\\\/www.musikzeitung.ch\\\/#website\"},\"primaryImageOfPage\":{\"@id\":\"https:\\\/\\\/www.musikzeitung.ch\\\/service\\\/2014\\\/04\\\/juedische-und-keltische-aber-auch-zirkusmusik#primaryimage\"},\"image\":{\"@id\":\"https:\\\/\\\/www.musikzeitung.ch\\\/service\\\/2014\\\/04\\\/juedische-und-keltische-aber-auch-zirkusmusik#primaryimage\"},\"thumbnailUrl\":\"https:\\\/\\\/www.musikzeitung.ch\\\/wp-content\\\/uploads\\\/2023\\\/01\\\/Pan_Piping_-_geograph.org_.uk_-_677559.jpg\",\"datePublished\":\"2014-04-06T23:00:00+00:00\",\"breadcrumb\":{\"@id\":\"https:\\\/\\\/www.musikzeitung.ch\\\/service\\\/2014\\\/04\\\/juedische-und-keltische-aber-auch-zirkusmusik#breadcrumb\"},\"inLanguage\":\"it-IT\",\"potentialAction\":[{\"@type\":\"ReadAction\",\"target\":[\"https:\\\/\\\/www.musikzeitung.ch\\\/service\\\/2014\\\/04\\\/juedische-und-keltische-aber-auch-zirkusmusik\"]}]},{\"@type\":\"ImageObject\",\"inLanguage\":\"it-IT\",\"@id\":\"https:\\\/\\\/www.musikzeitung.ch\\\/service\\\/2014\\\/04\\\/juedische-und-keltische-aber-auch-zirkusmusik#primaryimage\",\"url\":\"https:\\\/\\\/www.musikzeitung.ch\\\/wp-content\\\/uploads\\\/2023\\\/01\\\/Pan_Piping_-_geograph.org_.uk_-_677559.jpg\",\"contentUrl\":\"https:\\\/\\\/www.musikzeitung.ch\\\/wp-content\\\/uploads\\\/2023\\\/01\\\/Pan_Piping_-_geograph.org_.uk_-_677559.jpg\",\"width\":554,\"height\":415},{\"@type\":\"BreadcrumbList\",\"@id\":\"https:\\\/\\\/www.musikzeitung.ch\\\/service\\\/2014\\\/04\\\/juedische-und-keltische-aber-auch-zirkusmusik#breadcrumb\",\"itemListElement\":[{\"@type\":\"ListItem\",\"position\":1,\"name\":\"Home\",\"item\":\"https:\\\/\\\/www.musikzeitung.ch\\\/\"},{\"@type\":\"ListItem\",\"position\":2,\"name\":\"J\u00fcdische und keltische, aber auch Zirkusmusik\"}]},{\"@type\":\"WebSite\",\"@id\":\"https:\\\/\\\/www.musikzeitung.ch\\\/#website\",\"url\":\"https:\\\/\\\/www.musikzeitung.ch\\\/\",\"name\":\"Schweizer Musikzeitung\",\"description\":\"Die f\u00fchrende sparten\u00fcbergreifende Monatszeitung in der Schweiz f\u00fcr musikalische Fragen.\",\"publisher\":{\"@id\":\"https:\\\/\\\/www.musikzeitung.ch\\\/#organization\"},\"potentialAction\":[{\"@type\":\"SearchAction\",\"target\":{\"@type\":\"EntryPoint\",\"urlTemplate\":\"https:\\\/\\\/www.musikzeitung.ch\\\/?s={search_term_string}\"},\"query-input\":{\"@type\":\"PropertyValueSpecification\",\"valueRequired\":true,\"valueName\":\"search_term_string\"}}],\"inLanguage\":\"it-IT\"},{\"@type\":\"Organization\",\"@id\":\"https:\\\/\\\/www.musikzeitung.ch\\\/#organization\",\"name\":\"Schweizer Musikzeitung\",\"url\":\"https:\\\/\\\/www.musikzeitung.ch\\\/\",\"logo\":{\"@type\":\"ImageObject\",\"inLanguage\":\"it-IT\",\"@id\":\"https:\\\/\\\/www.musikzeitung.ch\\\/#\\\/schema\\\/logo\\\/image\\\/\",\"url\":\"https:\\\/\\\/www.musikzeitung.ch\\\/wp-content\\\/uploads\\\/2023\\\/01\\\/SMZ_Schriftzug_Sprache.png\",\"contentUrl\":\"https:\\\/\\\/www.musikzeitung.ch\\\/wp-content\\\/uploads\\\/2023\\\/01\\\/SMZ_Schriftzug_Sprache.png\",\"width\":1400,\"height\":279,\"caption\":\"Schweizer Musikzeitung\"},\"image\":{\"@id\":\"https:\\\/\\\/www.musikzeitung.ch\\\/#\\\/schema\\\/logo\\\/image\\\/\"},\"sameAs\":[\"https:\\\/\\\/www.facebook.com\\\/SchweizerMusikzeitung\\\/\",\"https:\\\/\\\/x.com\\\/smusikzeitung\",\"https:\\\/\\\/www.instagram.com\\\/musikzeitung.ch\\\/\"]},{\"@type\":\"Person\",\"@id\":\"https:\\\/\\\/www.musikzeitung.ch\\\/#\\\/schema\\\/person\\\/b2fd892c800856270b9dcc6001265712\",\"name\":\"Musikzeitung-Redaktion\",\"image\":{\"@type\":\"ImageObject\",\"inLanguage\":\"it-IT\",\"@id\":\"https:\\\/\\\/www.musikzeitung.ch\\\/wp-content\\\/uploads\\\/2022\\\/05\\\/usericon_musikzeitung-96x96.jpg\",\"url\":\"https:\\\/\\\/www.musikzeitung.ch\\\/wp-content\\\/uploads\\\/2022\\\/05\\\/usericon_musikzeitung-96x96.jpg\",\"contentUrl\":\"https:\\\/\\\/www.musikzeitung.ch\\\/wp-content\\\/uploads\\\/2022\\\/05\\\/usericon_musikzeitung-96x96.jpg\",\"caption\":\"Musikzeitung-Redaktion\"},\"url\":\"https:\\\/\\\/www.musikzeitung.ch\\\/it\\\/author\\\/admin\"}]}<\/script>\n<!-- \/ Yoast SEO plugin. -->","yoast_head_json":{"title":"Musica ebraica e celtica, ma anche musica da circo - Schweizer Musikzeitung","robots":{"index":"index","follow":"follow","max-snippet":"max-snippet:-1","max-image-preview":"max-image-preview:large","max-video-preview":"max-video-preview:-1"},"canonical":"https:\/\/www.musikzeitung.ch\/it\/service\/2014\/04\/juedische-und-keltische-aber-auch-zirkusmusik\/","og_locale":"it_IT","og_type":"article","og_title":"J\u00fcdische und keltische, aber auch Zirkusmusik - Schweizer Musikzeitung","og_description":"Der Pan-Verlag kann heuer auf eine 35-j\u00e4hrige Firmengeschichte zur\u00fcckblicken. Das Unternehmen wurde in der Schweiz gegr\u00fcndet und hat immer noch einen Sitz in Basel.","og_url":"https:\/\/www.musikzeitung.ch\/it\/service\/2014\/04\/juedische-und-keltische-aber-auch-zirkusmusik\/","og_site_name":"Schweizer Musikzeitung","article_publisher":"https:\/\/www.facebook.com\/SchweizerMusikzeitung\/","article_published_time":"2014-04-06T23:00:00+00:00","og_image":[{"width":554,"height":415,"url":"https:\/\/www.musikzeitung.ch\/wp-content\/uploads\/2023\/01\/Pan_Piping_-_geograph.org_.uk_-_677559.jpg","type":"image\/jpeg"}],"author":"Musikzeitung-Redaktion","twitter_card":"summary_large_image","twitter_creator":"@smusikzeitung","twitter_site":"@smusikzeitung","twitter_misc":{"Scritto da":"Musikzeitung-Redaktion","Tempo di lettura stimato":"2 minuti"},"schema":{"@context":"https:\/\/schema.org","@graph":[{"@type":"Article","@id":"https:\/\/www.musikzeitung.ch\/service\/2014\/04\/juedische-und-keltische-aber-auch-zirkusmusik#article","isPartOf":{"@id":"https:\/\/www.musikzeitung.ch\/service\/2014\/04\/juedische-und-keltische-aber-auch-zirkusmusik"},"author":{"name":"Musikzeitung-Redaktion","@id":"https:\/\/www.musikzeitung.ch\/#\/schema\/person\/b2fd892c800856270b9dcc6001265712"},"headline":"J\u00fcdische und keltische, aber auch Zirkusmusik","datePublished":"2014-04-06T23:00:00+00:00","mainEntityOfPage":{"@id":"https:\/\/www.musikzeitung.ch\/service\/2014\/04\/juedische-und-keltische-aber-auch-zirkusmusik"},"wordCount":372,"commentCount":0,"publisher":{"@id":"https:\/\/www.musikzeitung.ch\/#organization"},"image":{"@id":"https:\/\/www.musikzeitung.ch\/service\/2014\/04\/juedische-und-keltische-aber-auch-zirkusmusik#primaryimage"},"thumbnailUrl":"https:\/\/www.musikzeitung.ch\/wp-content\/uploads\/2023\/01\/Pan_Piping_-_geograph.org_.uk_-_677559.jpg","articleSection":["Noten","Service"],"inLanguage":"it-IT"},{"@type":"WebPage","@id":"https:\/\/www.musikzeitung.ch\/service\/2014\/04\/juedische-und-keltische-aber-auch-zirkusmusik","url":"https:\/\/www.musikzeitung.ch\/service\/2014\/04\/juedische-und-keltische-aber-auch-zirkusmusik","name":"Musica ebraica e celtica, ma anche musica da circo - Schweizer Musikzeitung","isPartOf":{"@id":"https:\/\/www.musikzeitung.ch\/#website"},"primaryImageOfPage":{"@id":"https:\/\/www.musikzeitung.ch\/service\/2014\/04\/juedische-und-keltische-aber-auch-zirkusmusik#primaryimage"},"image":{"@id":"https:\/\/www.musikzeitung.ch\/service\/2014\/04\/juedische-und-keltische-aber-auch-zirkusmusik#primaryimage"},"thumbnailUrl":"https:\/\/www.musikzeitung.ch\/wp-content\/uploads\/2023\/01\/Pan_Piping_-_geograph.org_.uk_-_677559.jpg","datePublished":"2014-04-06T23:00:00+00:00","breadcrumb":{"@id":"https:\/\/www.musikzeitung.ch\/service\/2014\/04\/juedische-und-keltische-aber-auch-zirkusmusik#breadcrumb"},"inLanguage":"it-IT","potentialAction":[{"@type":"ReadAction","target":["https:\/\/www.musikzeitung.ch\/service\/2014\/04\/juedische-und-keltische-aber-auch-zirkusmusik"]}]},{"@type":"ImageObject","inLanguage":"it-IT","@id":"https:\/\/www.musikzeitung.ch\/service\/2014\/04\/juedische-und-keltische-aber-auch-zirkusmusik#primaryimage","url":"https:\/\/www.musikzeitung.ch\/wp-content\/uploads\/2023\/01\/Pan_Piping_-_geograph.org_.uk_-_677559.jpg","contentUrl":"https:\/\/www.musikzeitung.ch\/wp-content\/uploads\/2023\/01\/Pan_Piping_-_geograph.org_.uk_-_677559.jpg","width":554,"height":415},{"@type":"BreadcrumbList","@id":"https:\/\/www.musikzeitung.ch\/service\/2014\/04\/juedische-und-keltische-aber-auch-zirkusmusik#breadcrumb","itemListElement":[{"@type":"ListItem","position":1,"name":"Home","item":"https:\/\/www.musikzeitung.ch\/"},{"@type":"ListItem","position":2,"name":"J\u00fcdische und keltische, aber auch Zirkusmusik"}]},{"@type":"WebSite","@id":"https:\/\/www.musikzeitung.ch\/#website","url":"https:\/\/www.musikzeitung.ch\/","name":"Giornale musicale svizzero","description":"Il principale mensile interdisciplinare della Svizzera per le questioni musicali.","publisher":{"@id":"https:\/\/www.musikzeitung.ch\/#organization"},"potentialAction":[{"@type":"SearchAction","target":{"@type":"EntryPoint","urlTemplate":"https:\/\/www.musikzeitung.ch\/?s={search_term_string}"},"query-input":{"@type":"PropertyValueSpecification","valueRequired":true,"valueName":"search_term_string"}}],"inLanguage":"it-IT"},{"@type":"Organization","@id":"https:\/\/www.musikzeitung.ch\/#organization","name":"Giornale musicale svizzero","url":"https:\/\/www.musikzeitung.ch\/","logo":{"@type":"ImageObject","inLanguage":"it-IT","@id":"https:\/\/www.musikzeitung.ch\/#\/schema\/logo\/image\/","url":"https:\/\/www.musikzeitung.ch\/wp-content\/uploads\/2023\/01\/SMZ_Schriftzug_Sprache.png","contentUrl":"https:\/\/www.musikzeitung.ch\/wp-content\/uploads\/2023\/01\/SMZ_Schriftzug_Sprache.png","width":1400,"height":279,"caption":"Schweizer Musikzeitung"},"image":{"@id":"https:\/\/www.musikzeitung.ch\/#\/schema\/logo\/image\/"},"sameAs":["https:\/\/www.facebook.com\/SchweizerMusikzeitung\/","https:\/\/x.com\/smusikzeitung","https:\/\/www.instagram.com\/musikzeitung.ch\/"]},{"@type":"Person","@id":"https:\/\/www.musikzeitung.ch\/#\/schema\/person\/b2fd892c800856270b9dcc6001265712","name":"Redazione Musikzeitung","image":{"@type":"ImageObject","inLanguage":"it-IT","@id":"https:\/\/www.musikzeitung.ch\/wp-content\/uploads\/2022\/05\/usericon_musikzeitung-96x96.jpg","url":"https:\/\/www.musikzeitung.ch\/wp-content\/uploads\/2022\/05\/usericon_musikzeitung-96x96.jpg","contentUrl":"https:\/\/www.musikzeitung.ch\/wp-content\/uploads\/2022\/05\/usericon_musikzeitung-96x96.jpg","caption":"Musikzeitung-Redaktion"},"url":"https:\/\/www.musikzeitung.ch\/it\/author\/admin"}]}},"publishpress_future_workflow_manual_trigger":{"enabledWorkflows":[]},"_links":{"self":[{"href":"https:\/\/www.musikzeitung.ch\/it\/wp-json\/wp\/v2\/posts\/3086","targetHints":{"allow":["GET"]}}],"collection":[{"href":"https:\/\/www.musikzeitung.ch\/it\/wp-json\/wp\/v2\/posts"}],"about":[{"href":"https:\/\/www.musikzeitung.ch\/it\/wp-json\/wp\/v2\/types\/post"}],"author":[{"embeddable":true,"href":"https:\/\/www.musikzeitung.ch\/it\/wp-json\/wp\/v2\/users\/1"}],"replies":[{"embeddable":true,"href":"https:\/\/www.musikzeitung.ch\/it\/wp-json\/wp\/v2\/comments?post=3086"}],"version-history":[{"count":0,"href":"https:\/\/www.musikzeitung.ch\/it\/wp-json\/wp\/v2\/posts\/3086\/revisions"}],"wp:featuredmedia":[{"embeddable":true,"href":"https:\/\/www.musikzeitung.ch\/it\/wp-json\/wp\/v2\/media\/3087"}],"wp:attachment":[{"href":"https:\/\/www.musikzeitung.ch\/it\/wp-json\/wp\/v2\/media?parent=3086"}],"wp:term":[{"taxonomy":"category","embeddable":true,"href":"https:\/\/www.musikzeitung.ch\/it\/wp-json\/wp\/v2\/categories?post=3086"},{"taxonomy":"post_tag","embeddable":true,"href":"https:\/\/www.musikzeitung.ch\/it\/wp-json\/wp\/v2\/tags?post=3086"}],"curies":[{"name":"wp","href":"https:\/\/api.w.org\/{rel}","templated":true}]}}