{"id":3387,"date":"2016-01-25T00:00:00","date_gmt":"2016-01-24T23:00:00","guid":{"rendered":"https:\/\/www.musikzeitung.ch\/allgemein\/wettbewerb-fuer-geigerinnen-und-geiger\/"},"modified":"2016-01-25T00:00:00","modified_gmt":"2016-01-24T23:00:00","slug":"wettbewerb-fuer-geigerinnen-und-geiger","status":"publish","type":"post","link":"https:\/\/www.musikzeitung.ch\/it\/service\/2016\/01\/wettbewerb-fuer-geigerinnen-und-geiger","title":{"rendered":"Concorso per violinisti"},"content":{"rendered":"<figure style=\"width: 1200px\" class=\"wp-caption alignnone\"><img decoding=\"async\" class=\"size-full\" src=\"https:\/\/www.musikzeitung.ch\/wp-content\/uploads\/2023\/01\/va.jpg\" alt=\"\" \/><figcaption class=\"wp-caption-text\">Castello di Murten. Foto: WikimediaCommons\/Roland Zumb\u00fchl\/Picswiss.ch,SMPV<\/figcaption><\/figure>\n<div class='text-section'>\n<p>Solisti, ensemble e orchestre di fama si esibiscono al festival estivo Murten Classics. Il festival si svolge da met\u00e0 agosto all'inizio di settembre nella pittoresca citt\u00e0 di Murten. La sede principale delle esibizioni \u00e8 il cortile del castello medievale. Lo sfondo e la vista sul lago di Murten e sul Mont Vully conferiscono ai concerti un mix unico di cultura e natura. <br \/> La promozione dei giovani musicisti \u00e8 un elemento centrale degli obiettivi artistici di Murten Classics. In collaborazione con Valiant, Murten Classics organizza da 16 anni il Valiantforum, un concorso per giovani artisti. <br \/> In questo contesto, nel 2016 si terr\u00e0 per la seconda volta un concorso per solisti. Il concorso di quest'anno \u00e8 rivolto a giovani violinisti. Consiste in un'eliminatoria interna basata su dossier e registrazioni video, in un concorso parzialmente pubblico in due turni e in un concerto pubblico dei vincitori con orchestra, che si terr\u00e0 nell'ambito di Murten Classics. <\/p>\n<p> I violinisti possono candidarsi con un dossier fino al 19 febbraio. Devono avere la cittadinanza svizzera o essere iscritti a un'universit\u00e0 svizzera delle arti e nati dopo il 31 dicembre 1989. Le eliminatorie si svolgeranno il 30 e 31 marzo 2016 a Murten.<br \/> I tre vincitori del secondo turno saranno invitati a esibirsi ciascuno in una parte del concerto dei vincitori marted\u00ec 30 agosto 2016 alle 20:00 nell'ambito di Murten Classics.Saranno accompagnati dalla Kurpf\u00e4lzisches Kammerorchester Mannheim sotto la direzione di Johannes Schl\u00e4fli. <\/p>\n<p> Verr\u00e0 eseguito uno dei concerti per violino di Mozart KV 207, 211, 216, 218 o 219 e la giuria determiner\u00e0 la graduatoria durante il concerto dei vincitori. <br \/> Il premio in denaro \u00e8 di 5.500 franchi svizzeri. Il vincitore si esibir\u00e0 come solista al Murten Classics Festival nel 2017, sar\u00e0 un artista Valiant per un anno e sar\u00e0 utilizzato negli eventi Valiant ogni volta che sar\u00e0 possibile. <br \/> La giuria pu\u00f2 assegnare ulteriori premi speciali in collaborazione con altri organizzatori di concerti. <\/p>\n<p> I documenti del concorso sono disponibili all'indirizzo <br \/> <a href='http:\/\/www.valiant.ch\/murtenclassics'>www.valiant.ch\/murtenclassics<\/a><\/p>\n<p>o da richiedere a\u00a0<br \/> <a href='mailto:jacqueline.keller@murtenclassics.ch'>jacqueline.keller@murtenclassics.ch <\/a><\/p>\n<p> Ulteriori informazioni sul festival Murten Classics<br \/> <a href='http:\/\/www.murtenclassics.ch'>www.murtenclassics.ch<\/a><\/p>\n<\/div>","protected":false},"excerpt":{"rendered":"<p><strong>La Valiant Bank organizza un concorso per solisti nell'ambito del festival Murten Classics. I giovani violinisti possono candidarsi fino al 19 febbraio.<\/strong><\/p>","protected":false},"author":1,"featured_media":3388,"comment_status":"open","ping_status":"open","sticky":false,"template":"","format":"standard","meta":{"_acf_changed":false,"_relevanssi_hide_post":"","_relevanssi_hide_content":"","_relevanssi_pin_for_all":"","_relevanssi_pin_keywords":"","_relevanssi_unpin_keywords":"","_relevanssi_related_keywords":"","_relevanssi_related_include_ids":"","_relevanssi_related_exclude_ids":"","_relevanssi_related_no_append":"","_relevanssi_related_not_related":"","_relevanssi_related_posts":"","_relevanssi_noindex_reason":"","pgc_sgb_lightbox_settings":"","footnotes":""},"categories":[30],"tags":[],"class_list":["post-3387","post","type-post","status-publish","format-standard","has-post-thumbnail","hentry","category-service"],"acf":{"author":""},"yoast_head":"<!-- This site is optimized with the Yoast SEO plugin v28.4 - https:\/\/yoast.com\/product\/yoast-seo-wordpress\/ -->\n<title>Wettbewerb f\u00fcr Geigerinnen und Geiger - Schweizer Musikzeitung<\/title>\n<meta name=\"robots\" content=\"index, follow, max-snippet:-1, max-image-preview:large, max-video-preview:-1\" \/>\n<link rel=\"canonical\" href=\"https:\/\/www.musikzeitung.ch\/it\/service\/2016\/01\/wettbewerb-fuer-geigerinnen-und-geiger\/\" \/>\n<meta property=\"og:locale\" content=\"it_IT\" \/>\n<meta property=\"og:type\" content=\"article\" \/>\n<meta property=\"og:title\" content=\"Wettbewerb f\u00fcr Geigerinnen und Geiger - Schweizer Musikzeitung\" \/>\n<meta property=\"og:description\" content=\"Im Rahmen des Festivals Murten Classics veranstaltet die Valiant Bank einen Solistenwettbewerb. Junge Violinistinnen und Violinisten k\u00f6nnen sich bis am 19. Februar bewerben.\" \/>\n<meta property=\"og:url\" content=\"https:\/\/www.musikzeitung.ch\/it\/service\/2016\/01\/wettbewerb-fuer-geigerinnen-und-geiger\/\" \/>\n<meta property=\"og:site_name\" content=\"Schweizer Musikzeitung\" \/>\n<meta property=\"article:publisher\" content=\"https:\/\/www.facebook.com\/SchweizerMusikzeitung\/\" \/>\n<meta property=\"article:published_time\" content=\"2016-01-24T23:00:00+00:00\" \/>\n<meta property=\"og:image\" content=\"https:\/\/www.musikzeitung.ch\/wp-content\/uploads\/2023\/01\/va.jpg\" \/>\n\t<meta property=\"og:image:width\" content=\"554\" \/>\n\t<meta property=\"og:image:height\" content=\"366\" \/>\n\t<meta property=\"og:image:type\" content=\"image\/jpeg\" \/>\n<meta name=\"author\" content=\"Musikzeitung-Redaktion\" \/>\n<meta name=\"twitter:card\" content=\"summary_large_image\" \/>\n<meta name=\"twitter:creator\" content=\"@smusikzeitung\" \/>\n<meta name=\"twitter:site\" content=\"@smusikzeitung\" \/>\n<meta name=\"twitter:label1\" content=\"Scritto da\" \/>\n\t<meta name=\"twitter:data1\" content=\"Musikzeitung-Redaktion\" \/>\n\t<meta name=\"twitter:label2\" content=\"Tempo di lettura stimato\" \/>\n\t<meta name=\"twitter:data2\" content=\"2 minuti\" \/>\n<script type=\"application\/ld+json\" class=\"yoast-schema-graph\">{\"@context\":\"https:\\\/\\\/schema.org\",\"@graph\":[{\"@type\":\"Article\",\"@id\":\"https:\\\/\\\/www.musikzeitung.ch\\\/service\\\/2016\\\/01\\\/wettbewerb-fuer-geigerinnen-und-geiger#article\",\"isPartOf\":{\"@id\":\"https:\\\/\\\/www.musikzeitung.ch\\\/service\\\/2016\\\/01\\\/wettbewerb-fuer-geigerinnen-und-geiger\"},\"author\":{\"name\":\"Musikzeitung-Redaktion\",\"@id\":\"https:\\\/\\\/www.musikzeitung.ch\\\/#\\\/schema\\\/person\\\/b2fd892c800856270b9dcc6001265712\"},\"headline\":\"Wettbewerb f\u00fcr Geigerinnen und Geiger\",\"datePublished\":\"2016-01-24T23:00:00+00:00\",\"mainEntityOfPage\":{\"@id\":\"https:\\\/\\\/www.musikzeitung.ch\\\/service\\\/2016\\\/01\\\/wettbewerb-fuer-geigerinnen-und-geiger\"},\"wordCount\":354,\"commentCount\":0,\"publisher\":{\"@id\":\"https:\\\/\\\/www.musikzeitung.ch\\\/#organization\"},\"image\":{\"@id\":\"https:\\\/\\\/www.musikzeitung.ch\\\/service\\\/2016\\\/01\\\/wettbewerb-fuer-geigerinnen-und-geiger#primaryimage\"},\"thumbnailUrl\":\"https:\\\/\\\/www.musikzeitung.ch\\\/wp-content\\\/uploads\\\/2023\\\/01\\\/va.jpg\",\"articleSection\":[\"Service\"],\"inLanguage\":\"it-IT\"},{\"@type\":\"WebPage\",\"@id\":\"https:\\\/\\\/www.musikzeitung.ch\\\/service\\\/2016\\\/01\\\/wettbewerb-fuer-geigerinnen-und-geiger\",\"url\":\"https:\\\/\\\/www.musikzeitung.ch\\\/service\\\/2016\\\/01\\\/wettbewerb-fuer-geigerinnen-und-geiger\",\"name\":\"Wettbewerb f\u00fcr Geigerinnen und Geiger - Schweizer Musikzeitung\",\"isPartOf\":{\"@id\":\"https:\\\/\\\/www.musikzeitung.ch\\\/#website\"},\"primaryImageOfPage\":{\"@id\":\"https:\\\/\\\/www.musikzeitung.ch\\\/service\\\/2016\\\/01\\\/wettbewerb-fuer-geigerinnen-und-geiger#primaryimage\"},\"image\":{\"@id\":\"https:\\\/\\\/www.musikzeitung.ch\\\/service\\\/2016\\\/01\\\/wettbewerb-fuer-geigerinnen-und-geiger#primaryimage\"},\"thumbnailUrl\":\"https:\\\/\\\/www.musikzeitung.ch\\\/wp-content\\\/uploads\\\/2023\\\/01\\\/va.jpg\",\"datePublished\":\"2016-01-24T23:00:00+00:00\",\"breadcrumb\":{\"@id\":\"https:\\\/\\\/www.musikzeitung.ch\\\/service\\\/2016\\\/01\\\/wettbewerb-fuer-geigerinnen-und-geiger#breadcrumb\"},\"inLanguage\":\"it-IT\",\"potentialAction\":[{\"@type\":\"ReadAction\",\"target\":[\"https:\\\/\\\/www.musikzeitung.ch\\\/service\\\/2016\\\/01\\\/wettbewerb-fuer-geigerinnen-und-geiger\"]}]},{\"@type\":\"ImageObject\",\"inLanguage\":\"it-IT\",\"@id\":\"https:\\\/\\\/www.musikzeitung.ch\\\/service\\\/2016\\\/01\\\/wettbewerb-fuer-geigerinnen-und-geiger#primaryimage\",\"url\":\"https:\\\/\\\/www.musikzeitung.ch\\\/wp-content\\\/uploads\\\/2023\\\/01\\\/va.jpg\",\"contentUrl\":\"https:\\\/\\\/www.musikzeitung.ch\\\/wp-content\\\/uploads\\\/2023\\\/01\\\/va.jpg\",\"width\":554,\"height\":366},{\"@type\":\"BreadcrumbList\",\"@id\":\"https:\\\/\\\/www.musikzeitung.ch\\\/service\\\/2016\\\/01\\\/wettbewerb-fuer-geigerinnen-und-geiger#breadcrumb\",\"itemListElement\":[{\"@type\":\"ListItem\",\"position\":1,\"name\":\"Home\",\"item\":\"https:\\\/\\\/www.musikzeitung.ch\\\/\"},{\"@type\":\"ListItem\",\"position\":2,\"name\":\"Wettbewerb f\u00fcr Geigerinnen und Geiger\"}]},{\"@type\":\"WebSite\",\"@id\":\"https:\\\/\\\/www.musikzeitung.ch\\\/#website\",\"url\":\"https:\\\/\\\/www.musikzeitung.ch\\\/\",\"name\":\"Schweizer Musikzeitung\",\"description\":\"Die f\u00fchrende sparten\u00fcbergreifende Monatszeitung in der Schweiz f\u00fcr musikalische Fragen.\",\"publisher\":{\"@id\":\"https:\\\/\\\/www.musikzeitung.ch\\\/#organization\"},\"potentialAction\":[{\"@type\":\"SearchAction\",\"target\":{\"@type\":\"EntryPoint\",\"urlTemplate\":\"https:\\\/\\\/www.musikzeitung.ch\\\/?s={search_term_string}\"},\"query-input\":{\"@type\":\"PropertyValueSpecification\",\"valueRequired\":true,\"valueName\":\"search_term_string\"}}],\"inLanguage\":\"it-IT\"},{\"@type\":\"Organization\",\"@id\":\"https:\\\/\\\/www.musikzeitung.ch\\\/#organization\",\"name\":\"Schweizer Musikzeitung\",\"url\":\"https:\\\/\\\/www.musikzeitung.ch\\\/\",\"logo\":{\"@type\":\"ImageObject\",\"inLanguage\":\"it-IT\",\"@id\":\"https:\\\/\\\/www.musikzeitung.ch\\\/#\\\/schema\\\/logo\\\/image\\\/\",\"url\":\"https:\\\/\\\/www.musikzeitung.ch\\\/wp-content\\\/uploads\\\/2023\\\/01\\\/SMZ_Schriftzug_Sprache.png\",\"contentUrl\":\"https:\\\/\\\/www.musikzeitung.ch\\\/wp-content\\\/uploads\\\/2023\\\/01\\\/SMZ_Schriftzug_Sprache.png\",\"width\":1400,\"height\":279,\"caption\":\"Schweizer Musikzeitung\"},\"image\":{\"@id\":\"https:\\\/\\\/www.musikzeitung.ch\\\/#\\\/schema\\\/logo\\\/image\\\/\"},\"sameAs\":[\"https:\\\/\\\/www.facebook.com\\\/SchweizerMusikzeitung\\\/\",\"https:\\\/\\\/x.com\\\/smusikzeitung\",\"https:\\\/\\\/www.instagram.com\\\/musikzeitung.ch\\\/\"]},{\"@type\":\"Person\",\"@id\":\"https:\\\/\\\/www.musikzeitung.ch\\\/#\\\/schema\\\/person\\\/b2fd892c800856270b9dcc6001265712\",\"name\":\"Musikzeitung-Redaktion\",\"image\":{\"@type\":\"ImageObject\",\"inLanguage\":\"it-IT\",\"@id\":\"https:\\\/\\\/www.musikzeitung.ch\\\/wp-content\\\/uploads\\\/2022\\\/05\\\/usericon_musikzeitung-96x96.jpg\",\"url\":\"https:\\\/\\\/www.musikzeitung.ch\\\/wp-content\\\/uploads\\\/2022\\\/05\\\/usericon_musikzeitung-96x96.jpg\",\"contentUrl\":\"https:\\\/\\\/www.musikzeitung.ch\\\/wp-content\\\/uploads\\\/2022\\\/05\\\/usericon_musikzeitung-96x96.jpg\",\"caption\":\"Musikzeitung-Redaktion\"},\"url\":\"https:\\\/\\\/www.musikzeitung.ch\\\/it\\\/author\\\/admin\"}]}<\/script>\n<!-- \/ Yoast SEO plugin. -->","yoast_head_json":{"title":"Concorso per violinisti - Schweizer Musikzeitung","robots":{"index":"index","follow":"follow","max-snippet":"max-snippet:-1","max-image-preview":"max-image-preview:large","max-video-preview":"max-video-preview:-1"},"canonical":"https:\/\/www.musikzeitung.ch\/it\/service\/2016\/01\/wettbewerb-fuer-geigerinnen-und-geiger\/","og_locale":"it_IT","og_type":"article","og_title":"Wettbewerb f\u00fcr Geigerinnen und Geiger - Schweizer Musikzeitung","og_description":"Im Rahmen des Festivals Murten Classics veranstaltet die Valiant Bank einen Solistenwettbewerb. Junge Violinistinnen und Violinisten k\u00f6nnen sich bis am 19. Februar bewerben.","og_url":"https:\/\/www.musikzeitung.ch\/it\/service\/2016\/01\/wettbewerb-fuer-geigerinnen-und-geiger\/","og_site_name":"Schweizer Musikzeitung","article_publisher":"https:\/\/www.facebook.com\/SchweizerMusikzeitung\/","article_published_time":"2016-01-24T23:00:00+00:00","og_image":[{"width":554,"height":366,"url":"https:\/\/www.musikzeitung.ch\/wp-content\/uploads\/2023\/01\/va.jpg","type":"image\/jpeg"}],"author":"Musikzeitung-Redaktion","twitter_card":"summary_large_image","twitter_creator":"@smusikzeitung","twitter_site":"@smusikzeitung","twitter_misc":{"Scritto da":"Musikzeitung-Redaktion","Tempo di lettura stimato":"2 minuti"},"schema":{"@context":"https:\/\/schema.org","@graph":[{"@type":"Article","@id":"https:\/\/www.musikzeitung.ch\/service\/2016\/01\/wettbewerb-fuer-geigerinnen-und-geiger#article","isPartOf":{"@id":"https:\/\/www.musikzeitung.ch\/service\/2016\/01\/wettbewerb-fuer-geigerinnen-und-geiger"},"author":{"name":"Musikzeitung-Redaktion","@id":"https:\/\/www.musikzeitung.ch\/#\/schema\/person\/b2fd892c800856270b9dcc6001265712"},"headline":"Wettbewerb f\u00fcr Geigerinnen und Geiger","datePublished":"2016-01-24T23:00:00+00:00","mainEntityOfPage":{"@id":"https:\/\/www.musikzeitung.ch\/service\/2016\/01\/wettbewerb-fuer-geigerinnen-und-geiger"},"wordCount":354,"commentCount":0,"publisher":{"@id":"https:\/\/www.musikzeitung.ch\/#organization"},"image":{"@id":"https:\/\/www.musikzeitung.ch\/service\/2016\/01\/wettbewerb-fuer-geigerinnen-und-geiger#primaryimage"},"thumbnailUrl":"https:\/\/www.musikzeitung.ch\/wp-content\/uploads\/2023\/01\/va.jpg","articleSection":["Service"],"inLanguage":"it-IT"},{"@type":"WebPage","@id":"https:\/\/www.musikzeitung.ch\/service\/2016\/01\/wettbewerb-fuer-geigerinnen-und-geiger","url":"https:\/\/www.musikzeitung.ch\/service\/2016\/01\/wettbewerb-fuer-geigerinnen-und-geiger","name":"Concorso per violinisti - Schweizer Musikzeitung","isPartOf":{"@id":"https:\/\/www.musikzeitung.ch\/#website"},"primaryImageOfPage":{"@id":"https:\/\/www.musikzeitung.ch\/service\/2016\/01\/wettbewerb-fuer-geigerinnen-und-geiger#primaryimage"},"image":{"@id":"https:\/\/www.musikzeitung.ch\/service\/2016\/01\/wettbewerb-fuer-geigerinnen-und-geiger#primaryimage"},"thumbnailUrl":"https:\/\/www.musikzeitung.ch\/wp-content\/uploads\/2023\/01\/va.jpg","datePublished":"2016-01-24T23:00:00+00:00","breadcrumb":{"@id":"https:\/\/www.musikzeitung.ch\/service\/2016\/01\/wettbewerb-fuer-geigerinnen-und-geiger#breadcrumb"},"inLanguage":"it-IT","potentialAction":[{"@type":"ReadAction","target":["https:\/\/www.musikzeitung.ch\/service\/2016\/01\/wettbewerb-fuer-geigerinnen-und-geiger"]}]},{"@type":"ImageObject","inLanguage":"it-IT","@id":"https:\/\/www.musikzeitung.ch\/service\/2016\/01\/wettbewerb-fuer-geigerinnen-und-geiger#primaryimage","url":"https:\/\/www.musikzeitung.ch\/wp-content\/uploads\/2023\/01\/va.jpg","contentUrl":"https:\/\/www.musikzeitung.ch\/wp-content\/uploads\/2023\/01\/va.jpg","width":554,"height":366},{"@type":"BreadcrumbList","@id":"https:\/\/www.musikzeitung.ch\/service\/2016\/01\/wettbewerb-fuer-geigerinnen-und-geiger#breadcrumb","itemListElement":[{"@type":"ListItem","position":1,"name":"Home","item":"https:\/\/www.musikzeitung.ch\/"},{"@type":"ListItem","position":2,"name":"Wettbewerb f\u00fcr Geigerinnen und Geiger"}]},{"@type":"WebSite","@id":"https:\/\/www.musikzeitung.ch\/#website","url":"https:\/\/www.musikzeitung.ch\/","name":"Giornale musicale svizzero","description":"Il principale mensile interdisciplinare della Svizzera per le questioni musicali.","publisher":{"@id":"https:\/\/www.musikzeitung.ch\/#organization"},"potentialAction":[{"@type":"SearchAction","target":{"@type":"EntryPoint","urlTemplate":"https:\/\/www.musikzeitung.ch\/?s={search_term_string}"},"query-input":{"@type":"PropertyValueSpecification","valueRequired":true,"valueName":"search_term_string"}}],"inLanguage":"it-IT"},{"@type":"Organization","@id":"https:\/\/www.musikzeitung.ch\/#organization","name":"Giornale musicale svizzero","url":"https:\/\/www.musikzeitung.ch\/","logo":{"@type":"ImageObject","inLanguage":"it-IT","@id":"https:\/\/www.musikzeitung.ch\/#\/schema\/logo\/image\/","url":"https:\/\/www.musikzeitung.ch\/wp-content\/uploads\/2023\/01\/SMZ_Schriftzug_Sprache.png","contentUrl":"https:\/\/www.musikzeitung.ch\/wp-content\/uploads\/2023\/01\/SMZ_Schriftzug_Sprache.png","width":1400,"height":279,"caption":"Schweizer Musikzeitung"},"image":{"@id":"https:\/\/www.musikzeitung.ch\/#\/schema\/logo\/image\/"},"sameAs":["https:\/\/www.facebook.com\/SchweizerMusikzeitung\/","https:\/\/x.com\/smusikzeitung","https:\/\/www.instagram.com\/musikzeitung.ch\/"]},{"@type":"Person","@id":"https:\/\/www.musikzeitung.ch\/#\/schema\/person\/b2fd892c800856270b9dcc6001265712","name":"Redazione Musikzeitung","image":{"@type":"ImageObject","inLanguage":"it-IT","@id":"https:\/\/www.musikzeitung.ch\/wp-content\/uploads\/2022\/05\/usericon_musikzeitung-96x96.jpg","url":"https:\/\/www.musikzeitung.ch\/wp-content\/uploads\/2022\/05\/usericon_musikzeitung-96x96.jpg","contentUrl":"https:\/\/www.musikzeitung.ch\/wp-content\/uploads\/2022\/05\/usericon_musikzeitung-96x96.jpg","caption":"Musikzeitung-Redaktion"},"url":"https:\/\/www.musikzeitung.ch\/it\/author\/admin"}]}},"publishpress_future_workflow_manual_trigger":{"enabledWorkflows":[]},"_links":{"self":[{"href":"https:\/\/www.musikzeitung.ch\/it\/wp-json\/wp\/v2\/posts\/3387","targetHints":{"allow":["GET"]}}],"collection":[{"href":"https:\/\/www.musikzeitung.ch\/it\/wp-json\/wp\/v2\/posts"}],"about":[{"href":"https:\/\/www.musikzeitung.ch\/it\/wp-json\/wp\/v2\/types\/post"}],"author":[{"embeddable":true,"href":"https:\/\/www.musikzeitung.ch\/it\/wp-json\/wp\/v2\/users\/1"}],"replies":[{"embeddable":true,"href":"https:\/\/www.musikzeitung.ch\/it\/wp-json\/wp\/v2\/comments?post=3387"}],"version-history":[{"count":0,"href":"https:\/\/www.musikzeitung.ch\/it\/wp-json\/wp\/v2\/posts\/3387\/revisions"}],"wp:featuredmedia":[{"embeddable":true,"href":"https:\/\/www.musikzeitung.ch\/it\/wp-json\/wp\/v2\/media\/3388"}],"wp:attachment":[{"href":"https:\/\/www.musikzeitung.ch\/it\/wp-json\/wp\/v2\/media?parent=3387"}],"wp:term":[{"taxonomy":"category","embeddable":true,"href":"https:\/\/www.musikzeitung.ch\/it\/wp-json\/wp\/v2\/categories?post=3387"},{"taxonomy":"post_tag","embeddable":true,"href":"https:\/\/www.musikzeitung.ch\/it\/wp-json\/wp\/v2\/tags?post=3387"}],"curies":[{"name":"wp","href":"https:\/\/api.w.org\/{rel}","templated":true}]}}