{"id":3469,"date":"2013-10-14T00:00:00","date_gmt":"2013-10-13T23:00:00","guid":{"rendered":"https:\/\/www.musikzeitung.ch\/allgemein\/spirit-of-music-in-burgdorf\/"},"modified":"2013-10-14T00:00:00","modified_gmt":"2013-10-13T23:00:00","slug":"spirit-of-music-in-burgdorf","status":"publish","type":"post","link":"https:\/\/www.musikzeitung.ch\/it\/service\/2013\/10\/spirit-of-music-in-burgdorf","title":{"rendered":"Spirito della musica a Burgdorf"},"content":{"rendered":"<figure style=\"width: 1200px\" class=\"wp-caption alignnone\"><img decoding=\"async\" class=\"size-full\" src=\"https:\/\/www.musikzeitung.ch\/wp-content\/uploads\/2023\/01\/sm.jpg\" alt=\"\" \/><figcaption class=\"wp-caption-text\">Castello di Burgdorf. Foto: Chris ALO\/WikiCommons,SMPV<\/figcaption><\/figure>\n<div class='text-section'>\n<p>Chiunque sia stato \"incantato\" dalla musica, abbia dimenticato se stesso nell'esperienza musicale e ne sia uscito profondamente commosso, ha compreso uno dei pi\u00f9 grandi segreti della musica: essa ha il potere di trasportarci in altre dimensioni dell'esperienza, pu\u00f2 essere una chiave e un accesso all'esperienza meditativa, mistica, spirituale.<br \/> Quando sperimentiamo la dimensione spirituale della musica, scopriamo la trinit\u00e0 della vita. Il ritmo della vita, la melodia della vita e l'armonia della vita.<br \/> Molti compositori e musicisti occidentali, dal Medioevo ai tempi pi\u00f9 recenti, avevano un orientamento spirituale e hanno commentato questo aspetto, ad esempio Ludwig van Beethoven: \"La musica media tra il mondo spirituale e quello sensoriale\".<\/p>\n<p> Per gli ascoltatori di oggi, la musica classica \u00e8 innanzitutto una meravigliosa occasione per un'esperienza sensuale. Questo \u00e8 un bene. Tuttavia, spesso trascuriamo il fatto che l'impulso per la creazione di molte opere musicali \u00e8 stato di tipo spirituale. Molte persone oggi sentono un rinnovato desiderio di una nuova spiritualit\u00e0 nella loro vita e spesso si rivolgono alle culture orientali. Ma anche la nostra cultura nasconde forti impulsi spirituali che hanno bisogno di essere riscoperti. <br \/> Il compito degli eventi e dei concerti di Spirit of Music a Burgdorf \u00e8 quello di scoprire queste radici e renderle accessibili a tutte le persone interessate. Allo stesso tempo, vorremmo presentare produzioni nate dall'incrocio di culture spirituali. <br \/> Anche l'inclusione dei ritmi naturali delle stagioni, delle forze planetarie e dei segni zodiacali era una cosa ovvia per i compositori ispirati di tutte le epoche della cultura occidentale. Ogni chiave \u00e8 stata riconosciuta come un'entit\u00e0 con un proprio carattere e un effetto specifico sulla psiche umana.<br \/> Vogliamo rendere questo e molto altro tangibile per tutti con tutti i sensi allo Spirit of Music internazionale di Burgdorf.<\/p>\n<p><strong>La musica non si pu\u00f2 toccare, ma \u00e8 lei che tocca te!<\/strong><br \/> Poich\u00e9 noi come persone (personare = suonare attraverso = colui che suona attraverso) possiamo affinare la nostra capacit\u00e0 di risuonare allenando i nostri sensi e la nostra intuizione, apriamo la nostra percezione alle qualit\u00e0 spirituali della musica. <br \/> Ci rivela poi come pu\u00f2 aiutarci a incorporare nella nostra vita quotidiana l'armonia tra cielo e terra, tra spirito e natura, che si esprime nella musica. <br \/> Anche per tutti i grandi compositori la musica \u00e8 prima di tutto una lode a Dio e alla pienezza della VITA (maiuscola = sta per vita infinita). O per dirla con Johann Sebastian Bach: \"Per l'onore di Dio e il lecito diletto della mente\".<br \/> Al giorno d'oggi, siamo diventati cos\u00ec lontani dalle leggi della vita che ci circondano che il medico preventivo e psichiatra americano John Diamond, nel suo libro <em>L'energia vitale nella musica<\/em> scrive: \"Fin dall'inizio, la funzione della musica \u00e8 stata l'edificazione spirituale dell'ascoltatore, il rafforzamento della sua energia vitale. Tutti sappiamo che la musica ha questo potere, eppure raramente ci pensiamo quando facciamo musica, quando andiamo a un concerto o quando compriamo un CD; oppure abbiamo dimenticato la ragione stessa dell'esistenza della musica\".<br \/> Nel mio lavoro professionale di musicista e guaritore naturale, sono sempre accompagnato e sostenuto dal detto di Robert Schumann: \"Mandare luce nelle profondit\u00e0 del cuore umano \u00e8 il mestiere dell'artista\".<br \/> \u00c8 risaputo che la musica ha poteri curativi e favorisce i processi di guarigione a tutti i livelli. Novalis ha scritto sul potere curativo della musica: \"Ogni malattia \u00e8 un problema musicale, la cura una risoluzione musicale\".<\/p>\n<p> Anche la dichiarazione del noto fisico nucleare francese Charon ci ricorda che tutto \u00e8 animato: \"Ogni atomo comunica con ogni altro atomo dell'universo attraverso la sostanza dell'antimateria (spirito)\".<br \/> La fisica moderna conferma ci\u00f2 che gli antichi saggi, guaritori e iniziati sapevano gi\u00e0 migliaia di anni fa: tutto \u00e8 uno e tutto vibra. E ci\u00f2 che vibra suona, anche se non possiamo sentirlo con le nostre orecchie materiali.<\/p>\n<p> Infine, Joseph von Eichendorff dice: \"Se una canzone dorme in tutte le cose che sognano e il mondo comincia a cantare, avete solo colpito la parola magica\".<br \/> Per sperimentare tutto questo e non limitarsi a conoscerlo dai libri, occorre la capacit\u00e0 di ascoltare. L'ascolto attivo della musica promuove la crescita personale e porta sempre a un'espansione della coscienza. Per questo motivo, lo Spirito della Musica di Burgdorf ha anche una missione educativa. Il Dipartimento dell'Educazione del Cantone di Berna ce l'ha suggerita qualche anno fa, e ora abbiamo l'opportunit\u00e0 di realizzarla nuovamente con i nostri due laboratori creativi e le dettagliate conferenze introduttive ai concerti.<\/p>\n<p>Il programma dettagliato (PDF) pu\u00f2 essere <a href='\/de\/service\/treffpunkte\/2013\/10\/spirit-music-burgdorf\/content\/0\/text_files\/file\/document\/Spirr.pdf'><strong>qui<\/strong><strong>r<\/strong><\/a> pu\u00f2 essere scaricato.<br \/> \u00a0<\/p>\n<\/div>\n<div>\n<hr>\n<\/div>\n<div>\n<blockquote class='text-section'>","protected":false},"excerpt":{"rendered":"<p><strong>Nel mondo odierno, dominato dalla razionalit\u00e0, i musicisti classici interessati alla spiritualit\u00e0 si trovano spesso soli. L'associazione Spirit of Music di Burgdorf, di recente costituzione, si propone di dare impulso alla riconnessione tra musica classica e spiritualit\u00e0. I primi workshop e concerti si terranno all'inizio di dicembre.<\/strong><\/p>","protected":false},"author":1,"featured_media":3470,"comment_status":"open","ping_status":"open","sticky":false,"template":"","format":"standard","meta":{"_acf_changed":false,"_relevanssi_hide_post":"","_relevanssi_hide_content":"","_relevanssi_pin_for_all":"","_relevanssi_pin_keywords":"","_relevanssi_unpin_keywords":"","_relevanssi_related_keywords":"","_relevanssi_related_include_ids":"","_relevanssi_related_exclude_ids":"","_relevanssi_related_no_append":"","_relevanssi_related_not_related":"","_relevanssi_related_posts":"","_relevanssi_noindex_reason":"","pgc_sgb_lightbox_settings":"","footnotes":""},"categories":[30],"tags":[],"class_list":["post-3469","post","type-post","status-publish","format-standard","has-post-thumbnail","hentry","category-service"],"acf":[],"yoast_head":"<!-- This site is optimized with the Yoast SEO plugin v27.4 - https:\/\/yoast.com\/product\/yoast-seo-wordpress\/ -->\n<title>Spirit of Music in Burgdorf - Schweizer Musikzeitung<\/title>\n<meta name=\"robots\" content=\"index, follow, max-snippet:-1, max-image-preview:large, max-video-preview:-1\" \/>\n<link rel=\"canonical\" href=\"https:\/\/www.musikzeitung.ch\/it\/service\/2013\/10\/spirit-of-music-in-burgdorf\/\" \/>\n<meta property=\"og:locale\" content=\"it_IT\" \/>\n<meta property=\"og:type\" content=\"article\" \/>\n<meta property=\"og:title\" content=\"Spirit of Music in Burgdorf - Schweizer Musikzeitung\" \/>\n<meta property=\"og:description\" content=\"Klassische Musiker, die sich mit Spiritualit\u00e4t besch\u00e4ftigen, stehen in der heutigen, rational dominierten Zeit oft alleine da. Der neu gegr\u00fcndete Verein Spirit of Music in Burgdorf m\u00f6chte Impulse geben, klassische Musik und Spiritualit\u00e4t wieder zu verkn\u00fcpfen. Erste Workshops und Konzerte finden anfangs Dezember statt.\" \/>\n<meta property=\"og:url\" content=\"https:\/\/www.musikzeitung.ch\/it\/service\/2013\/10\/spirit-of-music-in-burgdorf\/\" \/>\n<meta property=\"og:site_name\" content=\"Schweizer Musikzeitung\" \/>\n<meta property=\"article:publisher\" content=\"https:\/\/www.facebook.com\/SchweizerMusikzeitung\/\" \/>\n<meta property=\"article:published_time\" content=\"2013-10-13T23:00:00+00:00\" \/>\n<meta property=\"og:image\" content=\"https:\/\/www.musikzeitung.ch\/wp-content\/uploads\/2023\/01\/sm.jpg\" \/>\n\t<meta property=\"og:image:width\" content=\"554\" \/>\n\t<meta property=\"og:image:height\" content=\"369\" \/>\n\t<meta property=\"og:image:type\" content=\"image\/jpeg\" \/>\n<meta name=\"author\" content=\"Musikzeitung-Redaktion\" \/>\n<meta name=\"twitter:card\" content=\"summary_large_image\" \/>\n<meta name=\"twitter:creator\" content=\"@smusikzeitung\" \/>\n<meta name=\"twitter:site\" content=\"@smusikzeitung\" \/>\n<meta name=\"twitter:label1\" content=\"Scritto da\" \/>\n\t<meta name=\"twitter:data1\" content=\"Musikzeitung-Redaktion\" \/>\n\t<meta name=\"twitter:label2\" content=\"Tempo di lettura stimato\" \/>\n\t<meta name=\"twitter:data2\" content=\"4 minuti\" \/>\n<script type=\"application\/ld+json\" class=\"yoast-schema-graph\">{\"@context\":\"https:\\\/\\\/schema.org\",\"@graph\":[{\"@type\":\"Article\",\"@id\":\"https:\\\/\\\/www.musikzeitung.ch\\\/service\\\/2013\\\/10\\\/spirit-of-music-in-burgdorf#article\",\"isPartOf\":{\"@id\":\"https:\\\/\\\/www.musikzeitung.ch\\\/service\\\/2013\\\/10\\\/spirit-of-music-in-burgdorf\"},\"author\":{\"name\":\"Musikzeitung-Redaktion\",\"@id\":\"https:\\\/\\\/www.musikzeitung.ch\\\/#\\\/schema\\\/person\\\/b2fd892c800856270b9dcc6001265712\"},\"headline\":\"Spirit of Music in Burgdorf\",\"datePublished\":\"2013-10-13T23:00:00+00:00\",\"mainEntityOfPage\":{\"@id\":\"https:\\\/\\\/www.musikzeitung.ch\\\/service\\\/2013\\\/10\\\/spirit-of-music-in-burgdorf\"},\"wordCount\":819,\"commentCount\":0,\"publisher\":{\"@id\":\"https:\\\/\\\/www.musikzeitung.ch\\\/#organization\"},\"image\":{\"@id\":\"https:\\\/\\\/www.musikzeitung.ch\\\/service\\\/2013\\\/10\\\/spirit-of-music-in-burgdorf#primaryimage\"},\"thumbnailUrl\":\"https:\\\/\\\/www.musikzeitung.ch\\\/wp-content\\\/uploads\\\/2023\\\/01\\\/sm.jpg\",\"articleSection\":[\"Service\"],\"inLanguage\":\"it-IT\"},{\"@type\":\"WebPage\",\"@id\":\"https:\\\/\\\/www.musikzeitung.ch\\\/service\\\/2013\\\/10\\\/spirit-of-music-in-burgdorf\",\"url\":\"https:\\\/\\\/www.musikzeitung.ch\\\/service\\\/2013\\\/10\\\/spirit-of-music-in-burgdorf\",\"name\":\"Spirit of Music in Burgdorf - Schweizer Musikzeitung\",\"isPartOf\":{\"@id\":\"https:\\\/\\\/www.musikzeitung.ch\\\/#website\"},\"primaryImageOfPage\":{\"@id\":\"https:\\\/\\\/www.musikzeitung.ch\\\/service\\\/2013\\\/10\\\/spirit-of-music-in-burgdorf#primaryimage\"},\"image\":{\"@id\":\"https:\\\/\\\/www.musikzeitung.ch\\\/service\\\/2013\\\/10\\\/spirit-of-music-in-burgdorf#primaryimage\"},\"thumbnailUrl\":\"https:\\\/\\\/www.musikzeitung.ch\\\/wp-content\\\/uploads\\\/2023\\\/01\\\/sm.jpg\",\"datePublished\":\"2013-10-13T23:00:00+00:00\",\"breadcrumb\":{\"@id\":\"https:\\\/\\\/www.musikzeitung.ch\\\/service\\\/2013\\\/10\\\/spirit-of-music-in-burgdorf#breadcrumb\"},\"inLanguage\":\"it-IT\",\"potentialAction\":[{\"@type\":\"ReadAction\",\"target\":[\"https:\\\/\\\/www.musikzeitung.ch\\\/service\\\/2013\\\/10\\\/spirit-of-music-in-burgdorf\"]}]},{\"@type\":\"ImageObject\",\"inLanguage\":\"it-IT\",\"@id\":\"https:\\\/\\\/www.musikzeitung.ch\\\/service\\\/2013\\\/10\\\/spirit-of-music-in-burgdorf#primaryimage\",\"url\":\"https:\\\/\\\/www.musikzeitung.ch\\\/wp-content\\\/uploads\\\/2023\\\/01\\\/sm.jpg\",\"contentUrl\":\"https:\\\/\\\/www.musikzeitung.ch\\\/wp-content\\\/uploads\\\/2023\\\/01\\\/sm.jpg\",\"width\":554,\"height\":369},{\"@type\":\"BreadcrumbList\",\"@id\":\"https:\\\/\\\/www.musikzeitung.ch\\\/service\\\/2013\\\/10\\\/spirit-of-music-in-burgdorf#breadcrumb\",\"itemListElement\":[{\"@type\":\"ListItem\",\"position\":1,\"name\":\"Home\",\"item\":\"https:\\\/\\\/www.musikzeitung.ch\\\/\"},{\"@type\":\"ListItem\",\"position\":2,\"name\":\"Spirit of Music in Burgdorf\"}]},{\"@type\":\"WebSite\",\"@id\":\"https:\\\/\\\/www.musikzeitung.ch\\\/#website\",\"url\":\"https:\\\/\\\/www.musikzeitung.ch\\\/\",\"name\":\"Schweizer Musikzeitung\",\"description\":\"Die f\u00fchrende sparten\u00fcbergreifende Monatszeitung in der Schweiz f\u00fcr musikalische Fragen.\",\"publisher\":{\"@id\":\"https:\\\/\\\/www.musikzeitung.ch\\\/#organization\"},\"potentialAction\":[{\"@type\":\"SearchAction\",\"target\":{\"@type\":\"EntryPoint\",\"urlTemplate\":\"https:\\\/\\\/www.musikzeitung.ch\\\/?s={search_term_string}\"},\"query-input\":{\"@type\":\"PropertyValueSpecification\",\"valueRequired\":true,\"valueName\":\"search_term_string\"}}],\"inLanguage\":\"it-IT\"},{\"@type\":\"Organization\",\"@id\":\"https:\\\/\\\/www.musikzeitung.ch\\\/#organization\",\"name\":\"Schweizer Musikzeitung\",\"url\":\"https:\\\/\\\/www.musikzeitung.ch\\\/\",\"logo\":{\"@type\":\"ImageObject\",\"inLanguage\":\"it-IT\",\"@id\":\"https:\\\/\\\/www.musikzeitung.ch\\\/#\\\/schema\\\/logo\\\/image\\\/\",\"url\":\"https:\\\/\\\/www.musikzeitung.ch\\\/wp-content\\\/uploads\\\/2023\\\/01\\\/SMZ_Schriftzug_Sprache.png\",\"contentUrl\":\"https:\\\/\\\/www.musikzeitung.ch\\\/wp-content\\\/uploads\\\/2023\\\/01\\\/SMZ_Schriftzug_Sprache.png\",\"width\":1400,\"height\":279,\"caption\":\"Schweizer Musikzeitung\"},\"image\":{\"@id\":\"https:\\\/\\\/www.musikzeitung.ch\\\/#\\\/schema\\\/logo\\\/image\\\/\"},\"sameAs\":[\"https:\\\/\\\/www.facebook.com\\\/SchweizerMusikzeitung\\\/\",\"https:\\\/\\\/x.com\\\/smusikzeitung\",\"https:\\\/\\\/www.instagram.com\\\/musikzeitung.ch\\\/\"]},{\"@type\":\"Person\",\"@id\":\"https:\\\/\\\/www.musikzeitung.ch\\\/#\\\/schema\\\/person\\\/b2fd892c800856270b9dcc6001265712\",\"name\":\"Musikzeitung-Redaktion\",\"image\":{\"@type\":\"ImageObject\",\"inLanguage\":\"it-IT\",\"@id\":\"https:\\\/\\\/www.musikzeitung.ch\\\/wp-content\\\/uploads\\\/2022\\\/05\\\/usericon_musikzeitung-96x96.jpg\",\"url\":\"https:\\\/\\\/www.musikzeitung.ch\\\/wp-content\\\/uploads\\\/2022\\\/05\\\/usericon_musikzeitung-96x96.jpg\",\"contentUrl\":\"https:\\\/\\\/www.musikzeitung.ch\\\/wp-content\\\/uploads\\\/2022\\\/05\\\/usericon_musikzeitung-96x96.jpg\",\"caption\":\"Musikzeitung-Redaktion\"},\"url\":\"https:\\\/\\\/www.musikzeitung.ch\\\/it\\\/author\\\/admin\"}]}<\/script>\n<!-- \/ Yoast SEO plugin. -->","yoast_head_json":{"title":"Lo spirito della musica a Burgdorf - Schweizer Musikzeitung","robots":{"index":"index","follow":"follow","max-snippet":"max-snippet:-1","max-image-preview":"max-image-preview:large","max-video-preview":"max-video-preview:-1"},"canonical":"https:\/\/www.musikzeitung.ch\/it\/service\/2013\/10\/spirit-of-music-in-burgdorf\/","og_locale":"it_IT","og_type":"article","og_title":"Spirit of Music in Burgdorf - Schweizer Musikzeitung","og_description":"Klassische Musiker, die sich mit Spiritualit\u00e4t besch\u00e4ftigen, stehen in der heutigen, rational dominierten Zeit oft alleine da. Der neu gegr\u00fcndete Verein Spirit of Music in Burgdorf m\u00f6chte Impulse geben, klassische Musik und Spiritualit\u00e4t wieder zu verkn\u00fcpfen. Erste Workshops und Konzerte finden anfangs Dezember statt.","og_url":"https:\/\/www.musikzeitung.ch\/it\/service\/2013\/10\/spirit-of-music-in-burgdorf\/","og_site_name":"Schweizer Musikzeitung","article_publisher":"https:\/\/www.facebook.com\/SchweizerMusikzeitung\/","article_published_time":"2013-10-13T23:00:00+00:00","og_image":[{"width":554,"height":369,"url":"https:\/\/www.musikzeitung.ch\/wp-content\/uploads\/2023\/01\/sm.jpg","type":"image\/jpeg"}],"author":"Musikzeitung-Redaktion","twitter_card":"summary_large_image","twitter_creator":"@smusikzeitung","twitter_site":"@smusikzeitung","twitter_misc":{"Scritto da":"Musikzeitung-Redaktion","Tempo di lettura stimato":"4 minuti"},"schema":{"@context":"https:\/\/schema.org","@graph":[{"@type":"Article","@id":"https:\/\/www.musikzeitung.ch\/service\/2013\/10\/spirit-of-music-in-burgdorf#article","isPartOf":{"@id":"https:\/\/www.musikzeitung.ch\/service\/2013\/10\/spirit-of-music-in-burgdorf"},"author":{"name":"Musikzeitung-Redaktion","@id":"https:\/\/www.musikzeitung.ch\/#\/schema\/person\/b2fd892c800856270b9dcc6001265712"},"headline":"Spirit of Music in Burgdorf","datePublished":"2013-10-13T23:00:00+00:00","mainEntityOfPage":{"@id":"https:\/\/www.musikzeitung.ch\/service\/2013\/10\/spirit-of-music-in-burgdorf"},"wordCount":819,"commentCount":0,"publisher":{"@id":"https:\/\/www.musikzeitung.ch\/#organization"},"image":{"@id":"https:\/\/www.musikzeitung.ch\/service\/2013\/10\/spirit-of-music-in-burgdorf#primaryimage"},"thumbnailUrl":"https:\/\/www.musikzeitung.ch\/wp-content\/uploads\/2023\/01\/sm.jpg","articleSection":["Service"],"inLanguage":"it-IT"},{"@type":"WebPage","@id":"https:\/\/www.musikzeitung.ch\/service\/2013\/10\/spirit-of-music-in-burgdorf","url":"https:\/\/www.musikzeitung.ch\/service\/2013\/10\/spirit-of-music-in-burgdorf","name":"Lo spirito della musica a Burgdorf - Schweizer Musikzeitung","isPartOf":{"@id":"https:\/\/www.musikzeitung.ch\/#website"},"primaryImageOfPage":{"@id":"https:\/\/www.musikzeitung.ch\/service\/2013\/10\/spirit-of-music-in-burgdorf#primaryimage"},"image":{"@id":"https:\/\/www.musikzeitung.ch\/service\/2013\/10\/spirit-of-music-in-burgdorf#primaryimage"},"thumbnailUrl":"https:\/\/www.musikzeitung.ch\/wp-content\/uploads\/2023\/01\/sm.jpg","datePublished":"2013-10-13T23:00:00+00:00","breadcrumb":{"@id":"https:\/\/www.musikzeitung.ch\/service\/2013\/10\/spirit-of-music-in-burgdorf#breadcrumb"},"inLanguage":"it-IT","potentialAction":[{"@type":"ReadAction","target":["https:\/\/www.musikzeitung.ch\/service\/2013\/10\/spirit-of-music-in-burgdorf"]}]},{"@type":"ImageObject","inLanguage":"it-IT","@id":"https:\/\/www.musikzeitung.ch\/service\/2013\/10\/spirit-of-music-in-burgdorf#primaryimage","url":"https:\/\/www.musikzeitung.ch\/wp-content\/uploads\/2023\/01\/sm.jpg","contentUrl":"https:\/\/www.musikzeitung.ch\/wp-content\/uploads\/2023\/01\/sm.jpg","width":554,"height":369},{"@type":"BreadcrumbList","@id":"https:\/\/www.musikzeitung.ch\/service\/2013\/10\/spirit-of-music-in-burgdorf#breadcrumb","itemListElement":[{"@type":"ListItem","position":1,"name":"Home","item":"https:\/\/www.musikzeitung.ch\/"},{"@type":"ListItem","position":2,"name":"Spirit of Music in Burgdorf"}]},{"@type":"WebSite","@id":"https:\/\/www.musikzeitung.ch\/#website","url":"https:\/\/www.musikzeitung.ch\/","name":"Giornale musicale svizzero","description":"Il principale mensile interdisciplinare della Svizzera per le questioni musicali.","publisher":{"@id":"https:\/\/www.musikzeitung.ch\/#organization"},"potentialAction":[{"@type":"SearchAction","target":{"@type":"EntryPoint","urlTemplate":"https:\/\/www.musikzeitung.ch\/?s={search_term_string}"},"query-input":{"@type":"PropertyValueSpecification","valueRequired":true,"valueName":"search_term_string"}}],"inLanguage":"it-IT"},{"@type":"Organization","@id":"https:\/\/www.musikzeitung.ch\/#organization","name":"Giornale musicale svizzero","url":"https:\/\/www.musikzeitung.ch\/","logo":{"@type":"ImageObject","inLanguage":"it-IT","@id":"https:\/\/www.musikzeitung.ch\/#\/schema\/logo\/image\/","url":"https:\/\/www.musikzeitung.ch\/wp-content\/uploads\/2023\/01\/SMZ_Schriftzug_Sprache.png","contentUrl":"https:\/\/www.musikzeitung.ch\/wp-content\/uploads\/2023\/01\/SMZ_Schriftzug_Sprache.png","width":1400,"height":279,"caption":"Schweizer Musikzeitung"},"image":{"@id":"https:\/\/www.musikzeitung.ch\/#\/schema\/logo\/image\/"},"sameAs":["https:\/\/www.facebook.com\/SchweizerMusikzeitung\/","https:\/\/x.com\/smusikzeitung","https:\/\/www.instagram.com\/musikzeitung.ch\/"]},{"@type":"Person","@id":"https:\/\/www.musikzeitung.ch\/#\/schema\/person\/b2fd892c800856270b9dcc6001265712","name":"Redazione Musikzeitung","image":{"@type":"ImageObject","inLanguage":"it-IT","@id":"https:\/\/www.musikzeitung.ch\/wp-content\/uploads\/2022\/05\/usericon_musikzeitung-96x96.jpg","url":"https:\/\/www.musikzeitung.ch\/wp-content\/uploads\/2022\/05\/usericon_musikzeitung-96x96.jpg","contentUrl":"https:\/\/www.musikzeitung.ch\/wp-content\/uploads\/2022\/05\/usericon_musikzeitung-96x96.jpg","caption":"Musikzeitung-Redaktion"},"url":"https:\/\/www.musikzeitung.ch\/it\/author\/admin"}]}},"publishpress_future_workflow_manual_trigger":{"enabledWorkflows":[]},"_links":{"self":[{"href":"https:\/\/www.musikzeitung.ch\/it\/wp-json\/wp\/v2\/posts\/3469","targetHints":{"allow":["GET"]}}],"collection":[{"href":"https:\/\/www.musikzeitung.ch\/it\/wp-json\/wp\/v2\/posts"}],"about":[{"href":"https:\/\/www.musikzeitung.ch\/it\/wp-json\/wp\/v2\/types\/post"}],"author":[{"embeddable":true,"href":"https:\/\/www.musikzeitung.ch\/it\/wp-json\/wp\/v2\/users\/1"}],"replies":[{"embeddable":true,"href":"https:\/\/www.musikzeitung.ch\/it\/wp-json\/wp\/v2\/comments?post=3469"}],"version-history":[{"count":0,"href":"https:\/\/www.musikzeitung.ch\/it\/wp-json\/wp\/v2\/posts\/3469\/revisions"}],"wp:featuredmedia":[{"embeddable":true,"href":"https:\/\/www.musikzeitung.ch\/it\/wp-json\/wp\/v2\/media\/3470"}],"wp:attachment":[{"href":"https:\/\/www.musikzeitung.ch\/it\/wp-json\/wp\/v2\/media?parent=3469"}],"wp:term":[{"taxonomy":"category","embeddable":true,"href":"https:\/\/www.musikzeitung.ch\/it\/wp-json\/wp\/v2\/categories?post=3469"},{"taxonomy":"post_tag","embeddable":true,"href":"https:\/\/www.musikzeitung.ch\/it\/wp-json\/wp\/v2\/tags?post=3469"}],"curies":[{"name":"wp","href":"https:\/\/api.w.org\/{rel}","templated":true}]}}