{"id":3471,"date":"2013-09-05T00:00:00","date_gmt":"2013-09-04T23:00:00","guid":{"rendered":"https:\/\/www.musikzeitung.ch\/allgemein\/arosa-music-academy-gefragter-denn-je\/"},"modified":"2013-09-05T00:00:00","modified_gmt":"2013-09-04T23:00:00","slug":"arosa-music-academy-gefragter-denn-je","status":"publish","type":"post","link":"https:\/\/www.musikzeitung.ch\/it\/service\/2013\/09\/arosa-music-academy-gefragter-denn-je","title":{"rendered":"L'Accademia di Musica di Arosa \u00e8 pi\u00f9 richiesta che mai"},"content":{"rendered":"<figure style=\"width: 1200px\" class=\"wp-caption alignnone\"><img decoding=\"async\" class=\"size-full\" src=\"https:\/\/www.musikzeitung.ch\/wp-content\/uploads\/2023\/01\/ar1.jpg\" alt=\"\" \/><figcaption class=\"wp-caption-text\">Lezioni di violoncello con la pianista Aglaja Sintschenko (Monaco). Foto Homberger,Foto Homberger,SMPV<\/figcaption><\/figure>\n<div class='text-section'>\n<p>Con un'offensiva di qualit\u00e0, il 1987 <a href='http:\/\/www.kulturkreisarosa.ch\/cms\/index.php'>Associazione culturale Arosa<\/a> Le Settimane dei Corsi di Musica di Arosa sono state rafforzate negli ultimi tre anni. Allo stesso tempo, sono state create opportunit\u00e0 per ampliare ulteriormente il programma, importante dal punto di vista culturale e turistico. Gli investimenti, per un totale di oltre mezzo milione di franchi, stanno gi\u00e0 dando i loro frutti. Il numero di partecipanti di quest'estate \u00e8 aumentato di quasi il sei per cento, raggiungendo quota 1.298 rispetto all'anno precedente (1.218 partecipanti), superando di poco il precedente record del 2011, quando 1.286 partecipanti si recarono in pellegrinaggio ad Arosa. A ci\u00f2 si aggiungono oltre 200 insegnanti e almeno 300 familiari, il che significa che almeno 1.800 persone hanno soggiornato ad Arosa quest'estate grazie alle Settimane dei corsi di musica di Arosa, generando un totale di oltre 12.000 pernottamenti.<\/p>\n<p>Arosa Cultura \u00e8 particolarmente soddisfatta dello sviluppo dell'Accademia musicale di Arosa, organizzata per la prima volta nel 2011. Nei primi due anni, circa 50 studenti hanno preso parte a queste masterclass internazionali, offerte nell'arco di due settimane in agosto e settembre, ma quest'anno sono gi\u00e0 80, il che significa che l'obiettivo a medio termine di circa 100 partecipanti fissato al momento del lancio \u00e8 stato quasi raggiunto. Sotto la direzione principale di Markus Fleck (casalQuartett), musicisti come Konstantin Lifschitz (pianoforte), Helge Slaatto e Ingolf Turban (violino), Conradin Brotbek (violoncello) e Christiane Oelze (voce) lavorano intensamente con giovani talenti provenienti da dieci Paesi diversi nel corso di una settimana. L'attenzione internazionale \u00e8 un grande arricchimento anche per i circa 40 partecipanti provenienti dalla Svizzera.<br \/> \u00a0<\/p>\n<\/div>\n<div class='text-section'>\n<dl class='picture media photo large'>\n<dt>          <img class='media photo large' src='https:\/\/www.musikzeitung.ch\/wp-content\/uploads\/2023\/01\/ar2.jpg' alt='Image '><\/dt>\n<dd class='copyright'>Foto Homberger<\/dd>\n<dd class='caption'>Il violinista di Monaco Ingolf Turban insegna ad Andrina D\u00e4ppen (violino) e Lisha Kim.<\/dd>\n<\/dl>\n<\/div>\n<div class='text-section'>\n<p>Arosa Cultura \u00e8 sostenuta nella realizzazione dell'Accademia musicale di Arosa principalmente dall'Agenzia per la promozione culturale dei Grigioni e dall'Ufficio federale della cultura. Entrambe le istituzioni sostengono anche le Settimane dei corsi di musica di Arosa, il cui programma (circa 100 corsi di musica), a differenza dell'Accademia, \u00e8 rivolto principalmente ai dilettanti (bambini, giovani e adulti). Secondo Christian Buxhofer, presidente di Arosa Cultura, anche l'Ufficio federale della cultura sostiene il programma perch\u00e9 Arosa promuove sia l'ampiezza (Settimane dei corsi di musica) sia il vertice (Accademia) dei giovani musicisti.<\/p>\n<p>Per poter giustificare anche in futuro il sostegno cantonale e nazionale, Arosa Cultura continuer\u00e0 a puntare su un'elevata qualit\u00e0 dell'insegnamento e su un'organizzazione professionale. Questi obiettivi devono essere raggiunti attraverso classi piccole, insegnanti di alto livello, le migliori infrastrutture possibili e un supporto amministrativo competente. Secondo Markus Fleck, il concetto dell'Accademia musicale di Arosa, che prevede un'intensa attivit\u00e0 di musica da camera oltre a lezioni individuali in presenza di tutti i partecipanti, ha dimostrato la sua validit\u00e0. Tuttavia, per i prossimi anni \u00e8 prevista un'espansione selettiva. Per evitare di dover respingere altri interessati, oltre ai partecipanti attivi ci sar\u00e0 una categoria di \"ascoltatori\". Studenti che possono assistere alle lezioni ma che non le ricevono direttamente.<\/p>\n<p>Un'altra parte importante dell'Accademia musicale di Arosa sono i concerti dei docenti e i concerti finali degli studenti. Secondo Markus Fleck, gli studenti acquisiscono una preziosa esperienza sia come ascoltatori che come musicisti attivi. Per garantire che tutti i diplomati abbiano l'opportunit\u00e0 di trarne vantaggio, sono stati organizzati quattro concerti finali. <br \/> \u00a0<\/p>\n<\/div>","protected":false},"excerpt":{"rendered":"<p><strong>L'Associazione culturale di Arosa ha stabilito un nuovo record di presenze per le Settimane dei corsi di musica di Arosa e per l'Accademia musicale di Arosa. Rispetto all'anno precedente, l'aumento \u00e8 di oltre il 6%. L'aumento \u00e8 stato ottenuto grazie a un'offensiva di qualit\u00e0 e all'ampliamento del programma.<\/strong><\/p>","protected":false},"author":1,"featured_media":3472,"comment_status":"open","ping_status":"open","sticky":false,"template":"","format":"standard","meta":{"_acf_changed":false,"_relevanssi_hide_post":"","_relevanssi_hide_content":"","_relevanssi_pin_for_all":"","_relevanssi_pin_keywords":"","_relevanssi_unpin_keywords":"","_relevanssi_related_keywords":"","_relevanssi_related_include_ids":"","_relevanssi_related_exclude_ids":"","_relevanssi_related_no_append":"","_relevanssi_related_not_related":"","_relevanssi_related_posts":"","_relevanssi_noindex_reason":"","pgc_sgb_lightbox_settings":"","footnotes":""},"categories":[30],"tags":[],"class_list":["post-3471","post","type-post","status-publish","format-standard","has-post-thumbnail","hentry","category-service"],"acf":[],"yoast_head":"<!-- This site is optimized with the Yoast SEO plugin v27.4 - https:\/\/yoast.com\/product\/yoast-seo-wordpress\/ -->\n<title>Arosa Music Academy gefragter denn je - Schweizer Musikzeitung<\/title>\n<meta name=\"robots\" content=\"index, follow, max-snippet:-1, max-image-preview:large, max-video-preview:-1\" \/>\n<link rel=\"canonical\" href=\"https:\/\/www.musikzeitung.ch\/it\/service\/2013\/09\/arosa-music-academy-gefragter-denn-je\/\" \/>\n<meta property=\"og:locale\" content=\"it_IT\" \/>\n<meta property=\"og:type\" content=\"article\" \/>\n<meta property=\"og:title\" content=\"Arosa Music Academy gefragter denn je - Schweizer Musikzeitung\" \/>\n<meta property=\"og:description\" content=\"Der Verein Arosa Kultur kann bei den Musik-Kurswochen Arosa und bei der Arosa Music Academy einen neuen Teilnehmerrekord verzeichnen. Gegen\u00fcber dem Vorjahr betr\u00e4gt die Steigerung \u00fcber sechs Prozent. Die Zunahme erfolgte dank einer Qualit\u00e4tsoffensive und dank einem Ausbau des Angebots.\" \/>\n<meta property=\"og:url\" content=\"https:\/\/www.musikzeitung.ch\/it\/service\/2013\/09\/arosa-music-academy-gefragter-denn-je\/\" \/>\n<meta property=\"og:site_name\" content=\"Schweizer Musikzeitung\" \/>\n<meta property=\"article:publisher\" content=\"https:\/\/www.facebook.com\/SchweizerMusikzeitung\/\" \/>\n<meta property=\"article:published_time\" content=\"2013-09-04T23:00:00+00:00\" \/>\n<meta property=\"og:image\" content=\"https:\/\/www.musikzeitung.ch\/wp-content\/uploads\/2023\/01\/ar1.jpg\" \/>\n\t<meta property=\"og:image:width\" content=\"554\" \/>\n\t<meta property=\"og:image:height\" content=\"369\" \/>\n\t<meta property=\"og:image:type\" content=\"image\/jpeg\" \/>\n<meta name=\"author\" content=\"Musikzeitung-Redaktion\" \/>\n<meta name=\"twitter:card\" content=\"summary_large_image\" \/>\n<meta name=\"twitter:creator\" content=\"@smusikzeitung\" \/>\n<meta name=\"twitter:site\" content=\"@smusikzeitung\" \/>\n<meta name=\"twitter:label1\" content=\"Scritto da\" \/>\n\t<meta name=\"twitter:data1\" content=\"Musikzeitung-Redaktion\" \/>\n\t<meta name=\"twitter:label2\" content=\"Tempo di lettura stimato\" \/>\n\t<meta name=\"twitter:data2\" content=\"3 minuti\" \/>\n<script type=\"application\/ld+json\" class=\"yoast-schema-graph\">{\"@context\":\"https:\\\/\\\/schema.org\",\"@graph\":[{\"@type\":\"Article\",\"@id\":\"https:\\\/\\\/www.musikzeitung.ch\\\/service\\\/2013\\\/09\\\/arosa-music-academy-gefragter-denn-je#article\",\"isPartOf\":{\"@id\":\"https:\\\/\\\/www.musikzeitung.ch\\\/service\\\/2013\\\/09\\\/arosa-music-academy-gefragter-denn-je\"},\"author\":{\"name\":\"Musikzeitung-Redaktion\",\"@id\":\"https:\\\/\\\/www.musikzeitung.ch\\\/#\\\/schema\\\/person\\\/b2fd892c800856270b9dcc6001265712\"},\"headline\":\"Arosa Music Academy gefragter denn je\",\"datePublished\":\"2013-09-04T23:00:00+00:00\",\"mainEntityOfPage\":{\"@id\":\"https:\\\/\\\/www.musikzeitung.ch\\\/service\\\/2013\\\/09\\\/arosa-music-academy-gefragter-denn-je\"},\"wordCount\":532,\"commentCount\":0,\"publisher\":{\"@id\":\"https:\\\/\\\/www.musikzeitung.ch\\\/#organization\"},\"image\":{\"@id\":\"https:\\\/\\\/www.musikzeitung.ch\\\/service\\\/2013\\\/09\\\/arosa-music-academy-gefragter-denn-je#primaryimage\"},\"thumbnailUrl\":\"https:\\\/\\\/www.musikzeitung.ch\\\/wp-content\\\/uploads\\\/2023\\\/01\\\/ar1.jpg\",\"articleSection\":[\"Service\"],\"inLanguage\":\"it-IT\"},{\"@type\":\"WebPage\",\"@id\":\"https:\\\/\\\/www.musikzeitung.ch\\\/service\\\/2013\\\/09\\\/arosa-music-academy-gefragter-denn-je\",\"url\":\"https:\\\/\\\/www.musikzeitung.ch\\\/service\\\/2013\\\/09\\\/arosa-music-academy-gefragter-denn-je\",\"name\":\"Arosa Music Academy gefragter denn je - Schweizer Musikzeitung\",\"isPartOf\":{\"@id\":\"https:\\\/\\\/www.musikzeitung.ch\\\/#website\"},\"primaryImageOfPage\":{\"@id\":\"https:\\\/\\\/www.musikzeitung.ch\\\/service\\\/2013\\\/09\\\/arosa-music-academy-gefragter-denn-je#primaryimage\"},\"image\":{\"@id\":\"https:\\\/\\\/www.musikzeitung.ch\\\/service\\\/2013\\\/09\\\/arosa-music-academy-gefragter-denn-je#primaryimage\"},\"thumbnailUrl\":\"https:\\\/\\\/www.musikzeitung.ch\\\/wp-content\\\/uploads\\\/2023\\\/01\\\/ar1.jpg\",\"datePublished\":\"2013-09-04T23:00:00+00:00\",\"breadcrumb\":{\"@id\":\"https:\\\/\\\/www.musikzeitung.ch\\\/service\\\/2013\\\/09\\\/arosa-music-academy-gefragter-denn-je#breadcrumb\"},\"inLanguage\":\"it-IT\",\"potentialAction\":[{\"@type\":\"ReadAction\",\"target\":[\"https:\\\/\\\/www.musikzeitung.ch\\\/service\\\/2013\\\/09\\\/arosa-music-academy-gefragter-denn-je\"]}]},{\"@type\":\"ImageObject\",\"inLanguage\":\"it-IT\",\"@id\":\"https:\\\/\\\/www.musikzeitung.ch\\\/service\\\/2013\\\/09\\\/arosa-music-academy-gefragter-denn-je#primaryimage\",\"url\":\"https:\\\/\\\/www.musikzeitung.ch\\\/wp-content\\\/uploads\\\/2023\\\/01\\\/ar1.jpg\",\"contentUrl\":\"https:\\\/\\\/www.musikzeitung.ch\\\/wp-content\\\/uploads\\\/2023\\\/01\\\/ar1.jpg\",\"width\":554,\"height\":369},{\"@type\":\"BreadcrumbList\",\"@id\":\"https:\\\/\\\/www.musikzeitung.ch\\\/service\\\/2013\\\/09\\\/arosa-music-academy-gefragter-denn-je#breadcrumb\",\"itemListElement\":[{\"@type\":\"ListItem\",\"position\":1,\"name\":\"Home\",\"item\":\"https:\\\/\\\/www.musikzeitung.ch\\\/\"},{\"@type\":\"ListItem\",\"position\":2,\"name\":\"Arosa Music Academy gefragter denn je\"}]},{\"@type\":\"WebSite\",\"@id\":\"https:\\\/\\\/www.musikzeitung.ch\\\/#website\",\"url\":\"https:\\\/\\\/www.musikzeitung.ch\\\/\",\"name\":\"Schweizer Musikzeitung\",\"description\":\"Die f\u00fchrende sparten\u00fcbergreifende Monatszeitung in der Schweiz f\u00fcr musikalische Fragen.\",\"publisher\":{\"@id\":\"https:\\\/\\\/www.musikzeitung.ch\\\/#organization\"},\"potentialAction\":[{\"@type\":\"SearchAction\",\"target\":{\"@type\":\"EntryPoint\",\"urlTemplate\":\"https:\\\/\\\/www.musikzeitung.ch\\\/?s={search_term_string}\"},\"query-input\":{\"@type\":\"PropertyValueSpecification\",\"valueRequired\":true,\"valueName\":\"search_term_string\"}}],\"inLanguage\":\"it-IT\"},{\"@type\":\"Organization\",\"@id\":\"https:\\\/\\\/www.musikzeitung.ch\\\/#organization\",\"name\":\"Schweizer Musikzeitung\",\"url\":\"https:\\\/\\\/www.musikzeitung.ch\\\/\",\"logo\":{\"@type\":\"ImageObject\",\"inLanguage\":\"it-IT\",\"@id\":\"https:\\\/\\\/www.musikzeitung.ch\\\/#\\\/schema\\\/logo\\\/image\\\/\",\"url\":\"https:\\\/\\\/www.musikzeitung.ch\\\/wp-content\\\/uploads\\\/2023\\\/01\\\/SMZ_Schriftzug_Sprache.png\",\"contentUrl\":\"https:\\\/\\\/www.musikzeitung.ch\\\/wp-content\\\/uploads\\\/2023\\\/01\\\/SMZ_Schriftzug_Sprache.png\",\"width\":1400,\"height\":279,\"caption\":\"Schweizer Musikzeitung\"},\"image\":{\"@id\":\"https:\\\/\\\/www.musikzeitung.ch\\\/#\\\/schema\\\/logo\\\/image\\\/\"},\"sameAs\":[\"https:\\\/\\\/www.facebook.com\\\/SchweizerMusikzeitung\\\/\",\"https:\\\/\\\/x.com\\\/smusikzeitung\",\"https:\\\/\\\/www.instagram.com\\\/musikzeitung.ch\\\/\"]},{\"@type\":\"Person\",\"@id\":\"https:\\\/\\\/www.musikzeitung.ch\\\/#\\\/schema\\\/person\\\/b2fd892c800856270b9dcc6001265712\",\"name\":\"Musikzeitung-Redaktion\",\"image\":{\"@type\":\"ImageObject\",\"inLanguage\":\"it-IT\",\"@id\":\"https:\\\/\\\/www.musikzeitung.ch\\\/wp-content\\\/uploads\\\/2022\\\/05\\\/usericon_musikzeitung-96x96.jpg\",\"url\":\"https:\\\/\\\/www.musikzeitung.ch\\\/wp-content\\\/uploads\\\/2022\\\/05\\\/usericon_musikzeitung-96x96.jpg\",\"contentUrl\":\"https:\\\/\\\/www.musikzeitung.ch\\\/wp-content\\\/uploads\\\/2022\\\/05\\\/usericon_musikzeitung-96x96.jpg\",\"caption\":\"Musikzeitung-Redaktion\"},\"url\":\"https:\\\/\\\/www.musikzeitung.ch\\\/it\\\/author\\\/admin\"}]}<\/script>\n<!-- \/ Yoast SEO plugin. -->","yoast_head_json":{"title":"L'Accademia di Musica di Arosa \u00e8 pi\u00f9 richiesta che mai - Schweizer Musikzeitung","robots":{"index":"index","follow":"follow","max-snippet":"max-snippet:-1","max-image-preview":"max-image-preview:large","max-video-preview":"max-video-preview:-1"},"canonical":"https:\/\/www.musikzeitung.ch\/it\/service\/2013\/09\/arosa-music-academy-gefragter-denn-je\/","og_locale":"it_IT","og_type":"article","og_title":"Arosa Music Academy gefragter denn je - Schweizer Musikzeitung","og_description":"Der Verein Arosa Kultur kann bei den Musik-Kurswochen Arosa und bei der Arosa Music Academy einen neuen Teilnehmerrekord verzeichnen. Gegen\u00fcber dem Vorjahr betr\u00e4gt die Steigerung \u00fcber sechs Prozent. Die Zunahme erfolgte dank einer Qualit\u00e4tsoffensive und dank einem Ausbau des Angebots.","og_url":"https:\/\/www.musikzeitung.ch\/it\/service\/2013\/09\/arosa-music-academy-gefragter-denn-je\/","og_site_name":"Schweizer Musikzeitung","article_publisher":"https:\/\/www.facebook.com\/SchweizerMusikzeitung\/","article_published_time":"2013-09-04T23:00:00+00:00","og_image":[{"width":554,"height":369,"url":"https:\/\/www.musikzeitung.ch\/wp-content\/uploads\/2023\/01\/ar1.jpg","type":"image\/jpeg"}],"author":"Musikzeitung-Redaktion","twitter_card":"summary_large_image","twitter_creator":"@smusikzeitung","twitter_site":"@smusikzeitung","twitter_misc":{"Scritto da":"Musikzeitung-Redaktion","Tempo di lettura stimato":"3 minuti"},"schema":{"@context":"https:\/\/schema.org","@graph":[{"@type":"Article","@id":"https:\/\/www.musikzeitung.ch\/service\/2013\/09\/arosa-music-academy-gefragter-denn-je#article","isPartOf":{"@id":"https:\/\/www.musikzeitung.ch\/service\/2013\/09\/arosa-music-academy-gefragter-denn-je"},"author":{"name":"Musikzeitung-Redaktion","@id":"https:\/\/www.musikzeitung.ch\/#\/schema\/person\/b2fd892c800856270b9dcc6001265712"},"headline":"Arosa Music Academy gefragter denn je","datePublished":"2013-09-04T23:00:00+00:00","mainEntityOfPage":{"@id":"https:\/\/www.musikzeitung.ch\/service\/2013\/09\/arosa-music-academy-gefragter-denn-je"},"wordCount":532,"commentCount":0,"publisher":{"@id":"https:\/\/www.musikzeitung.ch\/#organization"},"image":{"@id":"https:\/\/www.musikzeitung.ch\/service\/2013\/09\/arosa-music-academy-gefragter-denn-je#primaryimage"},"thumbnailUrl":"https:\/\/www.musikzeitung.ch\/wp-content\/uploads\/2023\/01\/ar1.jpg","articleSection":["Service"],"inLanguage":"it-IT"},{"@type":"WebPage","@id":"https:\/\/www.musikzeitung.ch\/service\/2013\/09\/arosa-music-academy-gefragter-denn-je","url":"https:\/\/www.musikzeitung.ch\/service\/2013\/09\/arosa-music-academy-gefragter-denn-je","name":"L'Accademia di Musica di Arosa \u00e8 pi\u00f9 richiesta che mai - Schweizer Musikzeitung","isPartOf":{"@id":"https:\/\/www.musikzeitung.ch\/#website"},"primaryImageOfPage":{"@id":"https:\/\/www.musikzeitung.ch\/service\/2013\/09\/arosa-music-academy-gefragter-denn-je#primaryimage"},"image":{"@id":"https:\/\/www.musikzeitung.ch\/service\/2013\/09\/arosa-music-academy-gefragter-denn-je#primaryimage"},"thumbnailUrl":"https:\/\/www.musikzeitung.ch\/wp-content\/uploads\/2023\/01\/ar1.jpg","datePublished":"2013-09-04T23:00:00+00:00","breadcrumb":{"@id":"https:\/\/www.musikzeitung.ch\/service\/2013\/09\/arosa-music-academy-gefragter-denn-je#breadcrumb"},"inLanguage":"it-IT","potentialAction":[{"@type":"ReadAction","target":["https:\/\/www.musikzeitung.ch\/service\/2013\/09\/arosa-music-academy-gefragter-denn-je"]}]},{"@type":"ImageObject","inLanguage":"it-IT","@id":"https:\/\/www.musikzeitung.ch\/service\/2013\/09\/arosa-music-academy-gefragter-denn-je#primaryimage","url":"https:\/\/www.musikzeitung.ch\/wp-content\/uploads\/2023\/01\/ar1.jpg","contentUrl":"https:\/\/www.musikzeitung.ch\/wp-content\/uploads\/2023\/01\/ar1.jpg","width":554,"height":369},{"@type":"BreadcrumbList","@id":"https:\/\/www.musikzeitung.ch\/service\/2013\/09\/arosa-music-academy-gefragter-denn-je#breadcrumb","itemListElement":[{"@type":"ListItem","position":1,"name":"Home","item":"https:\/\/www.musikzeitung.ch\/"},{"@type":"ListItem","position":2,"name":"Arosa Music Academy gefragter denn je"}]},{"@type":"WebSite","@id":"https:\/\/www.musikzeitung.ch\/#website","url":"https:\/\/www.musikzeitung.ch\/","name":"Giornale musicale svizzero","description":"Il principale mensile interdisciplinare della Svizzera per le questioni musicali.","publisher":{"@id":"https:\/\/www.musikzeitung.ch\/#organization"},"potentialAction":[{"@type":"SearchAction","target":{"@type":"EntryPoint","urlTemplate":"https:\/\/www.musikzeitung.ch\/?s={search_term_string}"},"query-input":{"@type":"PropertyValueSpecification","valueRequired":true,"valueName":"search_term_string"}}],"inLanguage":"it-IT"},{"@type":"Organization","@id":"https:\/\/www.musikzeitung.ch\/#organization","name":"Giornale musicale svizzero","url":"https:\/\/www.musikzeitung.ch\/","logo":{"@type":"ImageObject","inLanguage":"it-IT","@id":"https:\/\/www.musikzeitung.ch\/#\/schema\/logo\/image\/","url":"https:\/\/www.musikzeitung.ch\/wp-content\/uploads\/2023\/01\/SMZ_Schriftzug_Sprache.png","contentUrl":"https:\/\/www.musikzeitung.ch\/wp-content\/uploads\/2023\/01\/SMZ_Schriftzug_Sprache.png","width":1400,"height":279,"caption":"Schweizer Musikzeitung"},"image":{"@id":"https:\/\/www.musikzeitung.ch\/#\/schema\/logo\/image\/"},"sameAs":["https:\/\/www.facebook.com\/SchweizerMusikzeitung\/","https:\/\/x.com\/smusikzeitung","https:\/\/www.instagram.com\/musikzeitung.ch\/"]},{"@type":"Person","@id":"https:\/\/www.musikzeitung.ch\/#\/schema\/person\/b2fd892c800856270b9dcc6001265712","name":"Redazione Musikzeitung","image":{"@type":"ImageObject","inLanguage":"it-IT","@id":"https:\/\/www.musikzeitung.ch\/wp-content\/uploads\/2022\/05\/usericon_musikzeitung-96x96.jpg","url":"https:\/\/www.musikzeitung.ch\/wp-content\/uploads\/2022\/05\/usericon_musikzeitung-96x96.jpg","contentUrl":"https:\/\/www.musikzeitung.ch\/wp-content\/uploads\/2022\/05\/usericon_musikzeitung-96x96.jpg","caption":"Musikzeitung-Redaktion"},"url":"https:\/\/www.musikzeitung.ch\/it\/author\/admin"}]}},"publishpress_future_workflow_manual_trigger":{"enabledWorkflows":[]},"_links":{"self":[{"href":"https:\/\/www.musikzeitung.ch\/it\/wp-json\/wp\/v2\/posts\/3471","targetHints":{"allow":["GET"]}}],"collection":[{"href":"https:\/\/www.musikzeitung.ch\/it\/wp-json\/wp\/v2\/posts"}],"about":[{"href":"https:\/\/www.musikzeitung.ch\/it\/wp-json\/wp\/v2\/types\/post"}],"author":[{"embeddable":true,"href":"https:\/\/www.musikzeitung.ch\/it\/wp-json\/wp\/v2\/users\/1"}],"replies":[{"embeddable":true,"href":"https:\/\/www.musikzeitung.ch\/it\/wp-json\/wp\/v2\/comments?post=3471"}],"version-history":[{"count":0,"href":"https:\/\/www.musikzeitung.ch\/it\/wp-json\/wp\/v2\/posts\/3471\/revisions"}],"wp:featuredmedia":[{"embeddable":true,"href":"https:\/\/www.musikzeitung.ch\/it\/wp-json\/wp\/v2\/media\/3472"}],"wp:attachment":[{"href":"https:\/\/www.musikzeitung.ch\/it\/wp-json\/wp\/v2\/media?parent=3471"}],"wp:term":[{"taxonomy":"category","embeddable":true,"href":"https:\/\/www.musikzeitung.ch\/it\/wp-json\/wp\/v2\/categories?post=3471"},{"taxonomy":"post_tag","embeddable":true,"href":"https:\/\/www.musikzeitung.ch\/it\/wp-json\/wp\/v2\/tags?post=3471"}],"curies":[{"name":"wp","href":"https:\/\/api.w.org\/{rel}","templated":true}]}}