{"id":40088,"date":"2023-01-23T12:54:10","date_gmt":"2023-01-23T11:54:10","guid":{"rendered":"https:\/\/www.musikzeitung.ch\/?p=40088"},"modified":"2023-01-23T16:24:22","modified_gmt":"2023-01-23T15:24:22","slug":"tod-der-geigerin-michaela-paetsch","status":"publish","type":"post","link":"https:\/\/www.musikzeitung.ch\/it\/news\/2023\/01\/tod-der-geigerin-michaela-paetsch","title":{"rendered":"Morte della violinista Michaela Paetsch"},"content":{"rendered":"<figure id=\"attachment_40089\" aria-describedby=\"caption-attachment-40089\" style=\"width: 427px\" class=\"wp-caption alignnone\"><img loading=\"lazy\" decoding=\"async\" class=\"wp-image-40089\" src=\"https:\/\/www.musikzeitung.ch\/wp-content\/uploads\/2023\/01\/230123paetsch.jpg\" alt=\"\" width=\"427\" height=\"285\" srcset=\"https:\/\/www.musikzeitung.ch\/wp-content\/uploads\/2023\/01\/230123paetsch.jpg 935w, https:\/\/www.musikzeitung.ch\/wp-content\/uploads\/2023\/01\/230123paetsch-300x200.jpg 300w, https:\/\/www.musikzeitung.ch\/wp-content\/uploads\/2023\/01\/230123paetsch-600x400.jpg 600w, https:\/\/www.musikzeitung.ch\/wp-content\/uploads\/2023\/01\/230123paetsch-768x513.jpg 768w, https:\/\/www.musikzeitung.ch\/wp-content\/uploads\/2023\/01\/230123paetsch-262x175.jpg 262w, https:\/\/www.musikzeitung.ch\/wp-content\/uploads\/2023\/01\/230123paetsch-524x350.jpg 524w, https:\/\/www.musikzeitung.ch\/wp-content\/uploads\/2023\/01\/230123paetsch-920x614.jpg 920w\" sizes=\"auto, (max-width: 427px) 100vw, 427px\" \/><figcaption id=\"caption-attachment-40089\" class=\"wp-caption-text\">Michaela Paetsch (Immagine: sito web Michaela Paetsch)<\/figcaption><\/figure>\n<p>Nata a Colorado Springs (USA) nel 1961, Michaela Paetsch ha studiato, tra gli altri, con Szymon Goldberg alla Yale University e al Curtis Institute of Music di Philadelphia. Si \u00e8 esibita come solista con orchestre quali la NHK Symphony Orchestra di Tokyo, l'Orchestra del Gewandhaus di Lipsia, l'Orchestra Sinfonica della Radio di Francoforte, l'Orchestre de la Suisse Romande, l'Orchestra Sinfonica di Berna, l'Orchestra Sinfonica di Basilea e l'Orchestra Svizzera Italiana.<\/p>\n<p>Paetsch \u00e8 stato il vincitore del G. B. Dealy Awards di Dallas, del Concorso Reine Elisabeth di Bruxelles (medaglia di bronzo) e del Concorso Tchaikovsky di Mosca. \u00c8 stata la prima donna al mondo a registrare l'integrale dei Capricci di Paganini.<\/p>","protected":false},"excerpt":{"rendered":"<p>La violinista Michaela Paetsch, che ha vissuto per un certo periodo nel cantone di Berna, \u00e8 morta di cancro all'Inselspital di Berna all'et\u00e0 di 61 anni. \u00c8 diventata famosa nel 1987 con una registrazione di tutti i 24 Capricci di Paganini.  <\/p>","protected":false},"author":30,"featured_media":40089,"comment_status":"closed","ping_status":"closed","sticky":false,"template":"","format":"standard","meta":{"_acf_changed":false,"_relevanssi_hide_post":"","_relevanssi_hide_content":"","_relevanssi_pin_for_all":"","_relevanssi_pin_keywords":"","_relevanssi_unpin_keywords":"","_relevanssi_related_keywords":"","_relevanssi_related_include_ids":"","_relevanssi_related_exclude_ids":"","_relevanssi_related_no_append":"","_relevanssi_related_not_related":"","_relevanssi_related_posts":"","_relevanssi_noindex_reason":"","pgc_sgb_lightbox_settings":"","footnotes":""},"categories":[27,1624],"tags":[1812,1813],"class_list":["post-40088","post","type-post","status-publish","format-standard","has-post-thumbnail","hentry","category-news","category-personen","tag-michaela-paetsch","tag-paganini-capricen"],"acf":[],"yoast_head":"<!-- This site is optimized with the Yoast SEO plugin v27.4 - https:\/\/yoast.com\/product\/yoast-seo-wordpress\/ -->\n<title>Tod der Geigerin Michaela Paetsch - Schweizer Musikzeitung<\/title>\n<meta name=\"robots\" content=\"index, follow, max-snippet:-1, max-image-preview:large, max-video-preview:-1\" \/>\n<link rel=\"canonical\" href=\"https:\/\/www.musikzeitung.ch\/it\/news\/2023\/01\/tod-der-geigerin-michaela-paetsch\/\" \/>\n<meta property=\"og:locale\" content=\"it_IT\" \/>\n<meta property=\"og:type\" content=\"article\" \/>\n<meta property=\"og:title\" content=\"Tod der Geigerin Michaela Paetsch - Schweizer Musikzeitung\" \/>\n<meta property=\"og:description\" content=\"Die zeitweise im Kanton Bern wohnhafte Geigerin Michaela Paetsch ist im Berner Inselspital im Alter von 61 Jahren einem Krebsleiden erlegen. Bekannt wurde sie 1987 mit einer Einspielung aller 24 Paganini-Caprices.\" \/>\n<meta property=\"og:url\" content=\"https:\/\/www.musikzeitung.ch\/it\/news\/2023\/01\/tod-der-geigerin-michaela-paetsch\/\" \/>\n<meta property=\"og:site_name\" content=\"Schweizer Musikzeitung\" \/>\n<meta property=\"article:publisher\" content=\"https:\/\/www.facebook.com\/SchweizerMusikzeitung\/\" \/>\n<meta property=\"article:author\" content=\"https:\/\/www.facebook.com\/wolfgang.bohler.75\" \/>\n<meta property=\"article:published_time\" content=\"2023-01-23T11:54:10+00:00\" \/>\n<meta property=\"article:modified_time\" content=\"2023-01-23T15:24:22+00:00\" \/>\n<meta property=\"og:image\" content=\"https:\/\/www.musikzeitung.ch\/wp-content\/uploads\/2023\/01\/230123paetsch.jpg\" \/>\n\t<meta property=\"og:image:width\" content=\"935\" \/>\n\t<meta property=\"og:image:height\" content=\"624\" \/>\n\t<meta property=\"og:image:type\" content=\"image\/jpeg\" \/>\n<meta name=\"author\" content=\"Wolfgang B\u00f6hler\" \/>\n<meta name=\"twitter:card\" content=\"summary_large_image\" \/>\n<meta name=\"twitter:creator\" content=\"@smusikzeitung\" \/>\n<meta name=\"twitter:site\" content=\"@smusikzeitung\" \/>\n<meta name=\"twitter:label1\" content=\"Scritto da\" \/>\n\t<meta name=\"twitter:data1\" content=\"Wolfgang B\u00f6hler\" \/>\n\t<meta name=\"twitter:label2\" content=\"Tempo di lettura stimato\" \/>\n\t<meta name=\"twitter:data2\" content=\"1 minuto\" \/>\n<script type=\"application\/ld+json\" class=\"yoast-schema-graph\">{\"@context\":\"https:\\\/\\\/schema.org\",\"@graph\":[{\"@type\":\"Article\",\"@id\":\"https:\\\/\\\/www.musikzeitung.ch\\\/news\\\/2023\\\/01\\\/tod-der-geigerin-michaela-paetsch#article\",\"isPartOf\":{\"@id\":\"https:\\\/\\\/www.musikzeitung.ch\\\/news\\\/2023\\\/01\\\/tod-der-geigerin-michaela-paetsch\"},\"author\":{\"name\":\"Wolfgang B\u00f6hler\",\"@id\":\"https:\\\/\\\/www.musikzeitung.ch\\\/#\\\/schema\\\/person\\\/0da4fb82d243f1252850a35d0e87cf0c\"},\"headline\":\"Tod der Geigerin Michaela Paetsch\",\"datePublished\":\"2023-01-23T11:54:10+00:00\",\"dateModified\":\"2023-01-23T15:24:22+00:00\",\"mainEntityOfPage\":{\"@id\":\"https:\\\/\\\/www.musikzeitung.ch\\\/news\\\/2023\\\/01\\\/tod-der-geigerin-michaela-paetsch\"},\"wordCount\":112,\"publisher\":{\"@id\":\"https:\\\/\\\/www.musikzeitung.ch\\\/#organization\"},\"image\":{\"@id\":\"https:\\\/\\\/www.musikzeitung.ch\\\/news\\\/2023\\\/01\\\/tod-der-geigerin-michaela-paetsch#primaryimage\"},\"thumbnailUrl\":\"https:\\\/\\\/www.musikzeitung.ch\\\/wp-content\\\/uploads\\\/2023\\\/01\\\/230123paetsch.jpg\",\"keywords\":[\"Michaela Paetsch\",\"Paganini-Capricen\"],\"articleSection\":[\"News\",\"Personen\"],\"inLanguage\":\"it-IT\"},{\"@type\":\"WebPage\",\"@id\":\"https:\\\/\\\/www.musikzeitung.ch\\\/news\\\/2023\\\/01\\\/tod-der-geigerin-michaela-paetsch\",\"url\":\"https:\\\/\\\/www.musikzeitung.ch\\\/news\\\/2023\\\/01\\\/tod-der-geigerin-michaela-paetsch\",\"name\":\"Tod der Geigerin Michaela Paetsch - Schweizer Musikzeitung\",\"isPartOf\":{\"@id\":\"https:\\\/\\\/www.musikzeitung.ch\\\/#website\"},\"primaryImageOfPage\":{\"@id\":\"https:\\\/\\\/www.musikzeitung.ch\\\/news\\\/2023\\\/01\\\/tod-der-geigerin-michaela-paetsch#primaryimage\"},\"image\":{\"@id\":\"https:\\\/\\\/www.musikzeitung.ch\\\/news\\\/2023\\\/01\\\/tod-der-geigerin-michaela-paetsch#primaryimage\"},\"thumbnailUrl\":\"https:\\\/\\\/www.musikzeitung.ch\\\/wp-content\\\/uploads\\\/2023\\\/01\\\/230123paetsch.jpg\",\"datePublished\":\"2023-01-23T11:54:10+00:00\",\"dateModified\":\"2023-01-23T15:24:22+00:00\",\"breadcrumb\":{\"@id\":\"https:\\\/\\\/www.musikzeitung.ch\\\/news\\\/2023\\\/01\\\/tod-der-geigerin-michaela-paetsch#breadcrumb\"},\"inLanguage\":\"it-IT\",\"potentialAction\":[{\"@type\":\"ReadAction\",\"target\":[\"https:\\\/\\\/www.musikzeitung.ch\\\/news\\\/2023\\\/01\\\/tod-der-geigerin-michaela-paetsch\"]}]},{\"@type\":\"ImageObject\",\"inLanguage\":\"it-IT\",\"@id\":\"https:\\\/\\\/www.musikzeitung.ch\\\/news\\\/2023\\\/01\\\/tod-der-geigerin-michaela-paetsch#primaryimage\",\"url\":\"https:\\\/\\\/www.musikzeitung.ch\\\/wp-content\\\/uploads\\\/2023\\\/01\\\/230123paetsch.jpg\",\"contentUrl\":\"https:\\\/\\\/www.musikzeitung.ch\\\/wp-content\\\/uploads\\\/2023\\\/01\\\/230123paetsch.jpg\",\"width\":935,\"height\":624},{\"@type\":\"BreadcrumbList\",\"@id\":\"https:\\\/\\\/www.musikzeitung.ch\\\/news\\\/2023\\\/01\\\/tod-der-geigerin-michaela-paetsch#breadcrumb\",\"itemListElement\":[{\"@type\":\"ListItem\",\"position\":1,\"name\":\"Home\",\"item\":\"https:\\\/\\\/www.musikzeitung.ch\\\/\"},{\"@type\":\"ListItem\",\"position\":2,\"name\":\"Tod der Geigerin Michaela Paetsch\"}]},{\"@type\":\"WebSite\",\"@id\":\"https:\\\/\\\/www.musikzeitung.ch\\\/#website\",\"url\":\"https:\\\/\\\/www.musikzeitung.ch\\\/\",\"name\":\"Schweizer Musikzeitung\",\"description\":\"Die f\u00fchrende sparten\u00fcbergreifende Monatszeitung in der Schweiz f\u00fcr musikalische Fragen.\",\"publisher\":{\"@id\":\"https:\\\/\\\/www.musikzeitung.ch\\\/#organization\"},\"potentialAction\":[{\"@type\":\"SearchAction\",\"target\":{\"@type\":\"EntryPoint\",\"urlTemplate\":\"https:\\\/\\\/www.musikzeitung.ch\\\/?s={search_term_string}\"},\"query-input\":{\"@type\":\"PropertyValueSpecification\",\"valueRequired\":true,\"valueName\":\"search_term_string\"}}],\"inLanguage\":\"it-IT\"},{\"@type\":\"Organization\",\"@id\":\"https:\\\/\\\/www.musikzeitung.ch\\\/#organization\",\"name\":\"Schweizer Musikzeitung\",\"url\":\"https:\\\/\\\/www.musikzeitung.ch\\\/\",\"logo\":{\"@type\":\"ImageObject\",\"inLanguage\":\"it-IT\",\"@id\":\"https:\\\/\\\/www.musikzeitung.ch\\\/#\\\/schema\\\/logo\\\/image\\\/\",\"url\":\"https:\\\/\\\/www.musikzeitung.ch\\\/wp-content\\\/uploads\\\/2023\\\/01\\\/SMZ_Schriftzug_Sprache.png\",\"contentUrl\":\"https:\\\/\\\/www.musikzeitung.ch\\\/wp-content\\\/uploads\\\/2023\\\/01\\\/SMZ_Schriftzug_Sprache.png\",\"width\":1400,\"height\":279,\"caption\":\"Schweizer Musikzeitung\"},\"image\":{\"@id\":\"https:\\\/\\\/www.musikzeitung.ch\\\/#\\\/schema\\\/logo\\\/image\\\/\"},\"sameAs\":[\"https:\\\/\\\/www.facebook.com\\\/SchweizerMusikzeitung\\\/\",\"https:\\\/\\\/x.com\\\/smusikzeitung\",\"https:\\\/\\\/www.instagram.com\\\/musikzeitung.ch\\\/\"]},{\"@type\":\"Person\",\"@id\":\"https:\\\/\\\/www.musikzeitung.ch\\\/#\\\/schema\\\/person\\\/0da4fb82d243f1252850a35d0e87cf0c\",\"name\":\"Wolfgang B\u00f6hler\",\"image\":{\"@type\":\"ImageObject\",\"inLanguage\":\"it-IT\",\"@id\":\"https:\\\/\\\/www.musikzeitung.ch\\\/wp-content\\\/uploads\\\/2023\\\/01\\\/boehler_portraet_web-e1674139782246-96x96.jpg\",\"url\":\"https:\\\/\\\/www.musikzeitung.ch\\\/wp-content\\\/uploads\\\/2023\\\/01\\\/boehler_portraet_web-e1674139782246-96x96.jpg\",\"contentUrl\":\"https:\\\/\\\/www.musikzeitung.ch\\\/wp-content\\\/uploads\\\/2023\\\/01\\\/boehler_portraet_web-e1674139782246-96x96.jpg\",\"caption\":\"Wolfgang B\u00f6hler\"},\"sameAs\":[\"http:\\\/\\\/www.manacanto.ch\",\"https:\\\/\\\/www.facebook.com\\\/wolfgang.bohler.75\"],\"url\":\"https:\\\/\\\/www.musikzeitung.ch\\\/it\\\/author\\\/wolfgang-boehler\"}]}<\/script>\n<!-- \/ Yoast SEO plugin. -->","yoast_head_json":{"title":"Tod der Geigerin Michaela Paetsch - Schweizer Musikzeitung","robots":{"index":"index","follow":"follow","max-snippet":"max-snippet:-1","max-image-preview":"max-image-preview:large","max-video-preview":"max-video-preview:-1"},"canonical":"https:\/\/www.musikzeitung.ch\/it\/news\/2023\/01\/tod-der-geigerin-michaela-paetsch\/","og_locale":"it_IT","og_type":"article","og_title":"Tod der Geigerin Michaela Paetsch - Schweizer Musikzeitung","og_description":"Die zeitweise im Kanton Bern wohnhafte Geigerin Michaela Paetsch ist im Berner Inselspital im Alter von 61 Jahren einem Krebsleiden erlegen. Bekannt wurde sie 1987 mit einer Einspielung aller 24 Paganini-Caprices.","og_url":"https:\/\/www.musikzeitung.ch\/it\/news\/2023\/01\/tod-der-geigerin-michaela-paetsch\/","og_site_name":"Schweizer Musikzeitung","article_publisher":"https:\/\/www.facebook.com\/SchweizerMusikzeitung\/","article_author":"https:\/\/www.facebook.com\/wolfgang.bohler.75","article_published_time":"2023-01-23T11:54:10+00:00","article_modified_time":"2023-01-23T15:24:22+00:00","og_image":[{"width":935,"height":624,"url":"https:\/\/www.musikzeitung.ch\/wp-content\/uploads\/2023\/01\/230123paetsch.jpg","type":"image\/jpeg"}],"author":"Wolfgang B\u00f6hler","twitter_card":"summary_large_image","twitter_creator":"@smusikzeitung","twitter_site":"@smusikzeitung","twitter_misc":{"Scritto da":"Wolfgang B\u00f6hler","Tempo di lettura stimato":"1 minuto"},"schema":{"@context":"https:\/\/schema.org","@graph":[{"@type":"Article","@id":"https:\/\/www.musikzeitung.ch\/news\/2023\/01\/tod-der-geigerin-michaela-paetsch#article","isPartOf":{"@id":"https:\/\/www.musikzeitung.ch\/news\/2023\/01\/tod-der-geigerin-michaela-paetsch"},"author":{"name":"Wolfgang B\u00f6hler","@id":"https:\/\/www.musikzeitung.ch\/#\/schema\/person\/0da4fb82d243f1252850a35d0e87cf0c"},"headline":"Tod der Geigerin Michaela Paetsch","datePublished":"2023-01-23T11:54:10+00:00","dateModified":"2023-01-23T15:24:22+00:00","mainEntityOfPage":{"@id":"https:\/\/www.musikzeitung.ch\/news\/2023\/01\/tod-der-geigerin-michaela-paetsch"},"wordCount":112,"publisher":{"@id":"https:\/\/www.musikzeitung.ch\/#organization"},"image":{"@id":"https:\/\/www.musikzeitung.ch\/news\/2023\/01\/tod-der-geigerin-michaela-paetsch#primaryimage"},"thumbnailUrl":"https:\/\/www.musikzeitung.ch\/wp-content\/uploads\/2023\/01\/230123paetsch.jpg","keywords":["Michaela Paetsch","Paganini-Capricen"],"articleSection":["News","Personen"],"inLanguage":"it-IT"},{"@type":"WebPage","@id":"https:\/\/www.musikzeitung.ch\/news\/2023\/01\/tod-der-geigerin-michaela-paetsch","url":"https:\/\/www.musikzeitung.ch\/news\/2023\/01\/tod-der-geigerin-michaela-paetsch","name":"Tod der Geigerin Michaela Paetsch - Schweizer Musikzeitung","isPartOf":{"@id":"https:\/\/www.musikzeitung.ch\/#website"},"primaryImageOfPage":{"@id":"https:\/\/www.musikzeitung.ch\/news\/2023\/01\/tod-der-geigerin-michaela-paetsch#primaryimage"},"image":{"@id":"https:\/\/www.musikzeitung.ch\/news\/2023\/01\/tod-der-geigerin-michaela-paetsch#primaryimage"},"thumbnailUrl":"https:\/\/www.musikzeitung.ch\/wp-content\/uploads\/2023\/01\/230123paetsch.jpg","datePublished":"2023-01-23T11:54:10+00:00","dateModified":"2023-01-23T15:24:22+00:00","breadcrumb":{"@id":"https:\/\/www.musikzeitung.ch\/news\/2023\/01\/tod-der-geigerin-michaela-paetsch#breadcrumb"},"inLanguage":"it-IT","potentialAction":[{"@type":"ReadAction","target":["https:\/\/www.musikzeitung.ch\/news\/2023\/01\/tod-der-geigerin-michaela-paetsch"]}]},{"@type":"ImageObject","inLanguage":"it-IT","@id":"https:\/\/www.musikzeitung.ch\/news\/2023\/01\/tod-der-geigerin-michaela-paetsch#primaryimage","url":"https:\/\/www.musikzeitung.ch\/wp-content\/uploads\/2023\/01\/230123paetsch.jpg","contentUrl":"https:\/\/www.musikzeitung.ch\/wp-content\/uploads\/2023\/01\/230123paetsch.jpg","width":935,"height":624},{"@type":"BreadcrumbList","@id":"https:\/\/www.musikzeitung.ch\/news\/2023\/01\/tod-der-geigerin-michaela-paetsch#breadcrumb","itemListElement":[{"@type":"ListItem","position":1,"name":"Home","item":"https:\/\/www.musikzeitung.ch\/"},{"@type":"ListItem","position":2,"name":"Tod der Geigerin Michaela Paetsch"}]},{"@type":"WebSite","@id":"https:\/\/www.musikzeitung.ch\/#website","url":"https:\/\/www.musikzeitung.ch\/","name":"Giornale musicale svizzero","description":"Il principale mensile interdisciplinare della Svizzera per le questioni musicali.","publisher":{"@id":"https:\/\/www.musikzeitung.ch\/#organization"},"potentialAction":[{"@type":"SearchAction","target":{"@type":"EntryPoint","urlTemplate":"https:\/\/www.musikzeitung.ch\/?s={search_term_string}"},"query-input":{"@type":"PropertyValueSpecification","valueRequired":true,"valueName":"search_term_string"}}],"inLanguage":"it-IT"},{"@type":"Organization","@id":"https:\/\/www.musikzeitung.ch\/#organization","name":"Giornale musicale svizzero","url":"https:\/\/www.musikzeitung.ch\/","logo":{"@type":"ImageObject","inLanguage":"it-IT","@id":"https:\/\/www.musikzeitung.ch\/#\/schema\/logo\/image\/","url":"https:\/\/www.musikzeitung.ch\/wp-content\/uploads\/2023\/01\/SMZ_Schriftzug_Sprache.png","contentUrl":"https:\/\/www.musikzeitung.ch\/wp-content\/uploads\/2023\/01\/SMZ_Schriftzug_Sprache.png","width":1400,"height":279,"caption":"Schweizer Musikzeitung"},"image":{"@id":"https:\/\/www.musikzeitung.ch\/#\/schema\/logo\/image\/"},"sameAs":["https:\/\/www.facebook.com\/SchweizerMusikzeitung\/","https:\/\/x.com\/smusikzeitung","https:\/\/www.instagram.com\/musikzeitung.ch\/"]},{"@type":"Person","@id":"https:\/\/www.musikzeitung.ch\/#\/schema\/person\/0da4fb82d243f1252850a35d0e87cf0c","name":"Wolfgang B\u00f6hler","image":{"@type":"ImageObject","inLanguage":"it-IT","@id":"https:\/\/www.musikzeitung.ch\/wp-content\/uploads\/2023\/01\/boehler_portraet_web-e1674139782246-96x96.jpg","url":"https:\/\/www.musikzeitung.ch\/wp-content\/uploads\/2023\/01\/boehler_portraet_web-e1674139782246-96x96.jpg","contentUrl":"https:\/\/www.musikzeitung.ch\/wp-content\/uploads\/2023\/01\/boehler_portraet_web-e1674139782246-96x96.jpg","caption":"Wolfgang B\u00f6hler"},"sameAs":["http:\/\/www.manacanto.ch","https:\/\/www.facebook.com\/wolfgang.bohler.75"],"url":"https:\/\/www.musikzeitung.ch\/it\/author\/wolfgang-boehler"}]}},"publishpress_future_workflow_manual_trigger":{"enabledWorkflows":[]},"_links":{"self":[{"href":"https:\/\/www.musikzeitung.ch\/it\/wp-json\/wp\/v2\/posts\/40088","targetHints":{"allow":["GET"]}}],"collection":[{"href":"https:\/\/www.musikzeitung.ch\/it\/wp-json\/wp\/v2\/posts"}],"about":[{"href":"https:\/\/www.musikzeitung.ch\/it\/wp-json\/wp\/v2\/types\/post"}],"author":[{"embeddable":true,"href":"https:\/\/www.musikzeitung.ch\/it\/wp-json\/wp\/v2\/users\/30"}],"replies":[{"embeddable":true,"href":"https:\/\/www.musikzeitung.ch\/it\/wp-json\/wp\/v2\/comments?post=40088"}],"version-history":[{"count":3,"href":"https:\/\/www.musikzeitung.ch\/it\/wp-json\/wp\/v2\/posts\/40088\/revisions"}],"predecessor-version":[{"id":40096,"href":"https:\/\/www.musikzeitung.ch\/it\/wp-json\/wp\/v2\/posts\/40088\/revisions\/40096"}],"wp:featuredmedia":[{"embeddable":true,"href":"https:\/\/www.musikzeitung.ch\/it\/wp-json\/wp\/v2\/media\/40089"}],"wp:attachment":[{"href":"https:\/\/www.musikzeitung.ch\/it\/wp-json\/wp\/v2\/media?parent=40088"}],"wp:term":[{"taxonomy":"category","embeddable":true,"href":"https:\/\/www.musikzeitung.ch\/it\/wp-json\/wp\/v2\/categories?post=40088"},{"taxonomy":"post_tag","embeddable":true,"href":"https:\/\/www.musikzeitung.ch\/it\/wp-json\/wp\/v2\/tags?post=40088"}],"curies":[{"name":"wp","href":"https:\/\/api.w.org\/{rel}","templated":true}]}}