{"id":40812,"date":"2023-02-07T10:06:34","date_gmt":"2023-02-07T09:06:34","guid":{"rendered":"https:\/\/www.musikzeitung.ch\/?p=40812"},"modified":"2023-02-07T15:12:08","modified_gmt":"2023-02-07T14:12:08","slug":"tod-des-berner-blues-gitarristen-boris-pilleri","status":"publish","type":"post","link":"https:\/\/www.musikzeitung.ch\/it\/news\/2023\/02\/tod-des-berner-blues-gitarristen-boris-pilleri","title":{"rendered":"Morte del chitarrista blues bernese Boris Pilleri"},"content":{"rendered":"<figure id=\"attachment_40833\" aria-describedby=\"caption-attachment-40833\" style=\"width: 5174px\" class=\"wp-caption alignnone\"><img loading=\"lazy\" decoding=\"async\" class=\"wp-image-40833 size-full\" src=\"https:\/\/www.musikzeitung.ch\/wp-content\/uploads\/2023\/02\/Pressefoto1-Boris_Schnitt.jpg\" alt=\"\" width=\"5174\" height=\"3747\" srcset=\"https:\/\/www.musikzeitung.ch\/wp-content\/uploads\/2023\/02\/Pressefoto1-Boris_Schnitt.jpg 1381w, https:\/\/www.musikzeitung.ch\/wp-content\/uploads\/2023\/02\/Pressefoto1-Boris_Schnitt-300x217.jpg 300w, https:\/\/www.musikzeitung.ch\/wp-content\/uploads\/2023\/02\/Pressefoto1-Boris_Schnitt-1024x742.jpg 1024w, https:\/\/www.musikzeitung.ch\/wp-content\/uploads\/2023\/02\/Pressefoto1-Boris_Schnitt-768x556.jpg 768w, https:\/\/www.musikzeitung.ch\/wp-content\/uploads\/2023\/02\/Pressefoto1-Boris_Schnitt-1536x1112.jpg 1536w, https:\/\/www.musikzeitung.ch\/wp-content\/uploads\/2023\/02\/Pressefoto1-Boris_Schnitt-2048x1483.jpg 2048w, https:\/\/www.musikzeitung.ch\/wp-content\/uploads\/2023\/02\/Pressefoto1-Boris_Schnitt-242x175.jpg 242w, https:\/\/www.musikzeitung.ch\/wp-content\/uploads\/2023\/02\/Pressefoto1-Boris_Schnitt-483x350.jpg 483w, https:\/\/www.musikzeitung.ch\/wp-content\/uploads\/2023\/02\/Pressefoto1-Boris_Schnitt-1105x800.jpg 1105w, https:\/\/www.musikzeitung.ch\/wp-content\/uploads\/2023\/02\/Pressefoto1-Boris_Schnitt-920x666.jpg 920w, https:\/\/www.musikzeitung.ch\/wp-content\/uploads\/2023\/02\/Pressefoto1-Boris_Schnitt-1400x1014.jpg 1400w\" sizes=\"auto, (max-width: 5174px) 100vw, 5174px\" \/><figcaption id=\"caption-attachment-40833\" class=\"wp-caption-text\">Boris Pilleri (Foto: Sarah Kim)<\/figcaption><\/figure>\n<p>Negli anni Settanta, Pilleri ha fondato la band Jammin' the Blues, con la quale ha suonato in numerosi programmi di apertura per grandi artisti come Albert Collins, John Mayall ed Eric Burdon. Negli anni Ottanta ha pubblicato i suoi album di maggior successo con la rinomata etichetta Polygram.  L'apice della sua carriera \u00e8 stata l'esibizione al Freedom Festival di Philadelphia nel 1990, davanti a centinaia di migliaia di spettatori, accanto a giganti come Crosby, Stills &amp; Nash, Bo Diddley, The Hooters e Richie Havens.<\/p>\n<p>Pilleri aveva pubblicato l'ultimo album \"The Blues Never Sleeps\" qualche mese fa, con il quale avrebbe dovuto partire in tourn\u00e9e. \u00c8 morto inaspettatamente all'et\u00e0 di 62 anni. Il musicista, che non si \u00e8 mai messo in mostra, era il tipico musicista di un musicista e godeva di grande stima nella scena rock e blues bernese, sia dal punto di vista personale che musicale.<\/p>","protected":false},"excerpt":{"rendered":"<p>La band del chitarrista, cantante e cantautore bernese Boris Pilleri ha annunciato sul proprio sito web la morte del suo bandleader. Nato nel 1960, Pilleri era considerato uno dei migliori musicisti blues della Svizzera.<\/p>","protected":false},"author":30,"featured_media":40833,"comment_status":"closed","ping_status":"closed","sticky":false,"template":"","format":"standard","meta":{"_acf_changed":false,"_relevanssi_hide_post":"","_relevanssi_hide_content":"","_relevanssi_pin_for_all":"","_relevanssi_pin_keywords":"","_relevanssi_unpin_keywords":"","_relevanssi_related_keywords":"","_relevanssi_related_include_ids":"","_relevanssi_related_exclude_ids":"","_relevanssi_related_no_append":"","_relevanssi_related_not_related":"","_relevanssi_related_posts":"","_relevanssi_noindex_reason":"","pgc_sgb_lightbox_settings":"","footnotes":""},"categories":[27],"tags":[1930,1929],"class_list":["post-40812","post","type-post","status-publish","format-standard","has-post-thumbnail","hentry","category-news","tag-blues","tag-boris-pilleri"],"acf":[],"yoast_head":"<!-- This site is optimized with the Yoast SEO plugin v27.4 - https:\/\/yoast.com\/product\/yoast-seo-wordpress\/ -->\n<title>Tod des Berner Blues-Gitarristen Boris Pilleri - Schweizer Musikzeitung<\/title>\n<meta name=\"robots\" content=\"index, follow, max-snippet:-1, max-image-preview:large, max-video-preview:-1\" \/>\n<link rel=\"canonical\" href=\"https:\/\/www.musikzeitung.ch\/it\/news\/2023\/02\/tod-des-berner-blues-gitarristen-boris-pilleri\/\" \/>\n<meta property=\"og:locale\" content=\"it_IT\" \/>\n<meta property=\"og:type\" content=\"article\" \/>\n<meta property=\"og:title\" content=\"Tod des Berner Blues-Gitarristen Boris Pilleri - Schweizer Musikzeitung\" \/>\n<meta property=\"og:description\" content=\"Die Band des Berner Gitarristen, S\u00e4ngers und Songwriter Boris Pilleri vermeldet auf ihrer Webseite den Tod ihres Bandleaders. Der 1960 geborene Pilleri galt als einer der besten Bluesmusiker der Schweiz.\" \/>\n<meta property=\"og:url\" content=\"https:\/\/www.musikzeitung.ch\/it\/news\/2023\/02\/tod-des-berner-blues-gitarristen-boris-pilleri\/\" \/>\n<meta property=\"og:site_name\" content=\"Schweizer Musikzeitung\" \/>\n<meta property=\"article:publisher\" content=\"https:\/\/www.facebook.com\/SchweizerMusikzeitung\/\" \/>\n<meta property=\"article:author\" content=\"https:\/\/www.facebook.com\/wolfgang.bohler.75\" \/>\n<meta property=\"article:published_time\" content=\"2023-02-07T09:06:34+00:00\" \/>\n<meta property=\"article:modified_time\" content=\"2023-02-07T14:12:08+00:00\" \/>\n<meta property=\"og:image\" content=\"https:\/\/www.musikzeitung.ch\/wp-content\/uploads\/2023\/02\/Pressefoto1-Boris_Schnitt.jpg\" \/>\n\t<meta property=\"og:image:width\" content=\"1381\" \/>\n\t<meta property=\"og:image:height\" content=\"1000\" \/>\n\t<meta property=\"og:image:type\" content=\"image\/jpeg\" \/>\n<meta name=\"author\" content=\"Wolfgang B\u00f6hler\" \/>\n<meta name=\"twitter:card\" content=\"summary_large_image\" \/>\n<meta name=\"twitter:creator\" content=\"@smusikzeitung\" \/>\n<meta name=\"twitter:site\" content=\"@smusikzeitung\" \/>\n<meta name=\"twitter:label1\" content=\"Scritto da\" \/>\n\t<meta name=\"twitter:data1\" content=\"Wolfgang B\u00f6hler\" \/>\n\t<meta name=\"twitter:label2\" content=\"Tempo di lettura stimato\" \/>\n\t<meta name=\"twitter:data2\" content=\"1 minuto\" \/>\n<script type=\"application\/ld+json\" class=\"yoast-schema-graph\">{\"@context\":\"https:\\\/\\\/schema.org\",\"@graph\":[{\"@type\":\"Article\",\"@id\":\"https:\\\/\\\/www.musikzeitung.ch\\\/news\\\/2023\\\/02\\\/tod-des-berner-blues-gitarristen-boris-pilleri#article\",\"isPartOf\":{\"@id\":\"https:\\\/\\\/www.musikzeitung.ch\\\/news\\\/2023\\\/02\\\/tod-des-berner-blues-gitarristen-boris-pilleri\"},\"author\":{\"name\":\"Wolfgang B\u00f6hler\",\"@id\":\"https:\\\/\\\/www.musikzeitung.ch\\\/#\\\/schema\\\/person\\\/0da4fb82d243f1252850a35d0e87cf0c\"},\"headline\":\"Tod des Berner Blues-Gitarristen Boris Pilleri\",\"datePublished\":\"2023-02-07T09:06:34+00:00\",\"dateModified\":\"2023-02-07T14:12:08+00:00\",\"mainEntityOfPage\":{\"@id\":\"https:\\\/\\\/www.musikzeitung.ch\\\/news\\\/2023\\\/02\\\/tod-des-berner-blues-gitarristen-boris-pilleri\"},\"wordCount\":155,\"publisher\":{\"@id\":\"https:\\\/\\\/www.musikzeitung.ch\\\/#organization\"},\"image\":{\"@id\":\"https:\\\/\\\/www.musikzeitung.ch\\\/news\\\/2023\\\/02\\\/tod-des-berner-blues-gitarristen-boris-pilleri#primaryimage\"},\"thumbnailUrl\":\"https:\\\/\\\/www.musikzeitung.ch\\\/wp-content\\\/uploads\\\/2023\\\/02\\\/Pressefoto1-Boris_Schnitt.jpg\",\"keywords\":[\"Blues\",\"Boris Pilleri\"],\"articleSection\":[\"News\"],\"inLanguage\":\"it-IT\"},{\"@type\":\"WebPage\",\"@id\":\"https:\\\/\\\/www.musikzeitung.ch\\\/news\\\/2023\\\/02\\\/tod-des-berner-blues-gitarristen-boris-pilleri\",\"url\":\"https:\\\/\\\/www.musikzeitung.ch\\\/news\\\/2023\\\/02\\\/tod-des-berner-blues-gitarristen-boris-pilleri\",\"name\":\"Tod des Berner Blues-Gitarristen Boris Pilleri - Schweizer Musikzeitung\",\"isPartOf\":{\"@id\":\"https:\\\/\\\/www.musikzeitung.ch\\\/#website\"},\"primaryImageOfPage\":{\"@id\":\"https:\\\/\\\/www.musikzeitung.ch\\\/news\\\/2023\\\/02\\\/tod-des-berner-blues-gitarristen-boris-pilleri#primaryimage\"},\"image\":{\"@id\":\"https:\\\/\\\/www.musikzeitung.ch\\\/news\\\/2023\\\/02\\\/tod-des-berner-blues-gitarristen-boris-pilleri#primaryimage\"},\"thumbnailUrl\":\"https:\\\/\\\/www.musikzeitung.ch\\\/wp-content\\\/uploads\\\/2023\\\/02\\\/Pressefoto1-Boris_Schnitt.jpg\",\"datePublished\":\"2023-02-07T09:06:34+00:00\",\"dateModified\":\"2023-02-07T14:12:08+00:00\",\"breadcrumb\":{\"@id\":\"https:\\\/\\\/www.musikzeitung.ch\\\/news\\\/2023\\\/02\\\/tod-des-berner-blues-gitarristen-boris-pilleri#breadcrumb\"},\"inLanguage\":\"it-IT\",\"potentialAction\":[{\"@type\":\"ReadAction\",\"target\":[\"https:\\\/\\\/www.musikzeitung.ch\\\/news\\\/2023\\\/02\\\/tod-des-berner-blues-gitarristen-boris-pilleri\"]}]},{\"@type\":\"ImageObject\",\"inLanguage\":\"it-IT\",\"@id\":\"https:\\\/\\\/www.musikzeitung.ch\\\/news\\\/2023\\\/02\\\/tod-des-berner-blues-gitarristen-boris-pilleri#primaryimage\",\"url\":\"https:\\\/\\\/www.musikzeitung.ch\\\/wp-content\\\/uploads\\\/2023\\\/02\\\/Pressefoto1-Boris_Schnitt.jpg\",\"contentUrl\":\"https:\\\/\\\/www.musikzeitung.ch\\\/wp-content\\\/uploads\\\/2023\\\/02\\\/Pressefoto1-Boris_Schnitt.jpg\",\"width\":1381,\"height\":1000},{\"@type\":\"BreadcrumbList\",\"@id\":\"https:\\\/\\\/www.musikzeitung.ch\\\/news\\\/2023\\\/02\\\/tod-des-berner-blues-gitarristen-boris-pilleri#breadcrumb\",\"itemListElement\":[{\"@type\":\"ListItem\",\"position\":1,\"name\":\"Home\",\"item\":\"https:\\\/\\\/www.musikzeitung.ch\\\/\"},{\"@type\":\"ListItem\",\"position\":2,\"name\":\"Tod des Berner Blues-Gitarristen Boris Pilleri\"}]},{\"@type\":\"WebSite\",\"@id\":\"https:\\\/\\\/www.musikzeitung.ch\\\/#website\",\"url\":\"https:\\\/\\\/www.musikzeitung.ch\\\/\",\"name\":\"Schweizer Musikzeitung\",\"description\":\"Die f\u00fchrende sparten\u00fcbergreifende Monatszeitung in der Schweiz f\u00fcr musikalische Fragen.\",\"publisher\":{\"@id\":\"https:\\\/\\\/www.musikzeitung.ch\\\/#organization\"},\"potentialAction\":[{\"@type\":\"SearchAction\",\"target\":{\"@type\":\"EntryPoint\",\"urlTemplate\":\"https:\\\/\\\/www.musikzeitung.ch\\\/?s={search_term_string}\"},\"query-input\":{\"@type\":\"PropertyValueSpecification\",\"valueRequired\":true,\"valueName\":\"search_term_string\"}}],\"inLanguage\":\"it-IT\"},{\"@type\":\"Organization\",\"@id\":\"https:\\\/\\\/www.musikzeitung.ch\\\/#organization\",\"name\":\"Schweizer Musikzeitung\",\"url\":\"https:\\\/\\\/www.musikzeitung.ch\\\/\",\"logo\":{\"@type\":\"ImageObject\",\"inLanguage\":\"it-IT\",\"@id\":\"https:\\\/\\\/www.musikzeitung.ch\\\/#\\\/schema\\\/logo\\\/image\\\/\",\"url\":\"https:\\\/\\\/www.musikzeitung.ch\\\/wp-content\\\/uploads\\\/2023\\\/01\\\/SMZ_Schriftzug_Sprache.png\",\"contentUrl\":\"https:\\\/\\\/www.musikzeitung.ch\\\/wp-content\\\/uploads\\\/2023\\\/01\\\/SMZ_Schriftzug_Sprache.png\",\"width\":1400,\"height\":279,\"caption\":\"Schweizer Musikzeitung\"},\"image\":{\"@id\":\"https:\\\/\\\/www.musikzeitung.ch\\\/#\\\/schema\\\/logo\\\/image\\\/\"},\"sameAs\":[\"https:\\\/\\\/www.facebook.com\\\/SchweizerMusikzeitung\\\/\",\"https:\\\/\\\/x.com\\\/smusikzeitung\",\"https:\\\/\\\/www.instagram.com\\\/musikzeitung.ch\\\/\"]},{\"@type\":\"Person\",\"@id\":\"https:\\\/\\\/www.musikzeitung.ch\\\/#\\\/schema\\\/person\\\/0da4fb82d243f1252850a35d0e87cf0c\",\"name\":\"Wolfgang B\u00f6hler\",\"image\":{\"@type\":\"ImageObject\",\"inLanguage\":\"it-IT\",\"@id\":\"https:\\\/\\\/www.musikzeitung.ch\\\/wp-content\\\/uploads\\\/2023\\\/01\\\/boehler_portraet_web-e1674139782246-96x96.jpg\",\"url\":\"https:\\\/\\\/www.musikzeitung.ch\\\/wp-content\\\/uploads\\\/2023\\\/01\\\/boehler_portraet_web-e1674139782246-96x96.jpg\",\"contentUrl\":\"https:\\\/\\\/www.musikzeitung.ch\\\/wp-content\\\/uploads\\\/2023\\\/01\\\/boehler_portraet_web-e1674139782246-96x96.jpg\",\"caption\":\"Wolfgang B\u00f6hler\"},\"sameAs\":[\"http:\\\/\\\/www.manacanto.ch\",\"https:\\\/\\\/www.facebook.com\\\/wolfgang.bohler.75\"],\"url\":\"https:\\\/\\\/www.musikzeitung.ch\\\/it\\\/author\\\/wolfgang-boehler\"}]}<\/script>\n<!-- \/ Yoast SEO plugin. -->","yoast_head_json":{"title":"Tod des Berner Blues-Gitarristen Boris Pilleri - Schweizer Musikzeitung","robots":{"index":"index","follow":"follow","max-snippet":"max-snippet:-1","max-image-preview":"max-image-preview:large","max-video-preview":"max-video-preview:-1"},"canonical":"https:\/\/www.musikzeitung.ch\/it\/news\/2023\/02\/tod-des-berner-blues-gitarristen-boris-pilleri\/","og_locale":"it_IT","og_type":"article","og_title":"Tod des Berner Blues-Gitarristen Boris Pilleri - Schweizer Musikzeitung","og_description":"Die Band des Berner Gitarristen, S\u00e4ngers und Songwriter Boris Pilleri vermeldet auf ihrer Webseite den Tod ihres Bandleaders. Der 1960 geborene Pilleri galt als einer der besten Bluesmusiker der Schweiz.","og_url":"https:\/\/www.musikzeitung.ch\/it\/news\/2023\/02\/tod-des-berner-blues-gitarristen-boris-pilleri\/","og_site_name":"Schweizer Musikzeitung","article_publisher":"https:\/\/www.facebook.com\/SchweizerMusikzeitung\/","article_author":"https:\/\/www.facebook.com\/wolfgang.bohler.75","article_published_time":"2023-02-07T09:06:34+00:00","article_modified_time":"2023-02-07T14:12:08+00:00","og_image":[{"width":1381,"height":1000,"url":"https:\/\/www.musikzeitung.ch\/wp-content\/uploads\/2023\/02\/Pressefoto1-Boris_Schnitt.jpg","type":"image\/jpeg"}],"author":"Wolfgang B\u00f6hler","twitter_card":"summary_large_image","twitter_creator":"@smusikzeitung","twitter_site":"@smusikzeitung","twitter_misc":{"Scritto da":"Wolfgang B\u00f6hler","Tempo di lettura stimato":"1 minuto"},"schema":{"@context":"https:\/\/schema.org","@graph":[{"@type":"Article","@id":"https:\/\/www.musikzeitung.ch\/news\/2023\/02\/tod-des-berner-blues-gitarristen-boris-pilleri#article","isPartOf":{"@id":"https:\/\/www.musikzeitung.ch\/news\/2023\/02\/tod-des-berner-blues-gitarristen-boris-pilleri"},"author":{"name":"Wolfgang B\u00f6hler","@id":"https:\/\/www.musikzeitung.ch\/#\/schema\/person\/0da4fb82d243f1252850a35d0e87cf0c"},"headline":"Tod des Berner Blues-Gitarristen Boris Pilleri","datePublished":"2023-02-07T09:06:34+00:00","dateModified":"2023-02-07T14:12:08+00:00","mainEntityOfPage":{"@id":"https:\/\/www.musikzeitung.ch\/news\/2023\/02\/tod-des-berner-blues-gitarristen-boris-pilleri"},"wordCount":155,"publisher":{"@id":"https:\/\/www.musikzeitung.ch\/#organization"},"image":{"@id":"https:\/\/www.musikzeitung.ch\/news\/2023\/02\/tod-des-berner-blues-gitarristen-boris-pilleri#primaryimage"},"thumbnailUrl":"https:\/\/www.musikzeitung.ch\/wp-content\/uploads\/2023\/02\/Pressefoto1-Boris_Schnitt.jpg","keywords":["Blues","Boris Pilleri"],"articleSection":["News"],"inLanguage":"it-IT"},{"@type":"WebPage","@id":"https:\/\/www.musikzeitung.ch\/news\/2023\/02\/tod-des-berner-blues-gitarristen-boris-pilleri","url":"https:\/\/www.musikzeitung.ch\/news\/2023\/02\/tod-des-berner-blues-gitarristen-boris-pilleri","name":"Tod des Berner Blues-Gitarristen Boris Pilleri - Schweizer Musikzeitung","isPartOf":{"@id":"https:\/\/www.musikzeitung.ch\/#website"},"primaryImageOfPage":{"@id":"https:\/\/www.musikzeitung.ch\/news\/2023\/02\/tod-des-berner-blues-gitarristen-boris-pilleri#primaryimage"},"image":{"@id":"https:\/\/www.musikzeitung.ch\/news\/2023\/02\/tod-des-berner-blues-gitarristen-boris-pilleri#primaryimage"},"thumbnailUrl":"https:\/\/www.musikzeitung.ch\/wp-content\/uploads\/2023\/02\/Pressefoto1-Boris_Schnitt.jpg","datePublished":"2023-02-07T09:06:34+00:00","dateModified":"2023-02-07T14:12:08+00:00","breadcrumb":{"@id":"https:\/\/www.musikzeitung.ch\/news\/2023\/02\/tod-des-berner-blues-gitarristen-boris-pilleri#breadcrumb"},"inLanguage":"it-IT","potentialAction":[{"@type":"ReadAction","target":["https:\/\/www.musikzeitung.ch\/news\/2023\/02\/tod-des-berner-blues-gitarristen-boris-pilleri"]}]},{"@type":"ImageObject","inLanguage":"it-IT","@id":"https:\/\/www.musikzeitung.ch\/news\/2023\/02\/tod-des-berner-blues-gitarristen-boris-pilleri#primaryimage","url":"https:\/\/www.musikzeitung.ch\/wp-content\/uploads\/2023\/02\/Pressefoto1-Boris_Schnitt.jpg","contentUrl":"https:\/\/www.musikzeitung.ch\/wp-content\/uploads\/2023\/02\/Pressefoto1-Boris_Schnitt.jpg","width":1381,"height":1000},{"@type":"BreadcrumbList","@id":"https:\/\/www.musikzeitung.ch\/news\/2023\/02\/tod-des-berner-blues-gitarristen-boris-pilleri#breadcrumb","itemListElement":[{"@type":"ListItem","position":1,"name":"Home","item":"https:\/\/www.musikzeitung.ch\/"},{"@type":"ListItem","position":2,"name":"Tod des Berner Blues-Gitarristen Boris Pilleri"}]},{"@type":"WebSite","@id":"https:\/\/www.musikzeitung.ch\/#website","url":"https:\/\/www.musikzeitung.ch\/","name":"Giornale musicale svizzero","description":"Il principale mensile interdisciplinare della Svizzera per le questioni musicali.","publisher":{"@id":"https:\/\/www.musikzeitung.ch\/#organization"},"potentialAction":[{"@type":"SearchAction","target":{"@type":"EntryPoint","urlTemplate":"https:\/\/www.musikzeitung.ch\/?s={search_term_string}"},"query-input":{"@type":"PropertyValueSpecification","valueRequired":true,"valueName":"search_term_string"}}],"inLanguage":"it-IT"},{"@type":"Organization","@id":"https:\/\/www.musikzeitung.ch\/#organization","name":"Giornale musicale svizzero","url":"https:\/\/www.musikzeitung.ch\/","logo":{"@type":"ImageObject","inLanguage":"it-IT","@id":"https:\/\/www.musikzeitung.ch\/#\/schema\/logo\/image\/","url":"https:\/\/www.musikzeitung.ch\/wp-content\/uploads\/2023\/01\/SMZ_Schriftzug_Sprache.png","contentUrl":"https:\/\/www.musikzeitung.ch\/wp-content\/uploads\/2023\/01\/SMZ_Schriftzug_Sprache.png","width":1400,"height":279,"caption":"Schweizer Musikzeitung"},"image":{"@id":"https:\/\/www.musikzeitung.ch\/#\/schema\/logo\/image\/"},"sameAs":["https:\/\/www.facebook.com\/SchweizerMusikzeitung\/","https:\/\/x.com\/smusikzeitung","https:\/\/www.instagram.com\/musikzeitung.ch\/"]},{"@type":"Person","@id":"https:\/\/www.musikzeitung.ch\/#\/schema\/person\/0da4fb82d243f1252850a35d0e87cf0c","name":"Wolfgang B\u00f6hler","image":{"@type":"ImageObject","inLanguage":"it-IT","@id":"https:\/\/www.musikzeitung.ch\/wp-content\/uploads\/2023\/01\/boehler_portraet_web-e1674139782246-96x96.jpg","url":"https:\/\/www.musikzeitung.ch\/wp-content\/uploads\/2023\/01\/boehler_portraet_web-e1674139782246-96x96.jpg","contentUrl":"https:\/\/www.musikzeitung.ch\/wp-content\/uploads\/2023\/01\/boehler_portraet_web-e1674139782246-96x96.jpg","caption":"Wolfgang B\u00f6hler"},"sameAs":["http:\/\/www.manacanto.ch","https:\/\/www.facebook.com\/wolfgang.bohler.75"],"url":"https:\/\/www.musikzeitung.ch\/it\/author\/wolfgang-boehler"}]}},"publishpress_future_workflow_manual_trigger":{"enabledWorkflows":[]},"_links":{"self":[{"href":"https:\/\/www.musikzeitung.ch\/it\/wp-json\/wp\/v2\/posts\/40812","targetHints":{"allow":["GET"]}}],"collection":[{"href":"https:\/\/www.musikzeitung.ch\/it\/wp-json\/wp\/v2\/posts"}],"about":[{"href":"https:\/\/www.musikzeitung.ch\/it\/wp-json\/wp\/v2\/types\/post"}],"author":[{"embeddable":true,"href":"https:\/\/www.musikzeitung.ch\/it\/wp-json\/wp\/v2\/users\/30"}],"replies":[{"embeddable":true,"href":"https:\/\/www.musikzeitung.ch\/it\/wp-json\/wp\/v2\/comments?post=40812"}],"version-history":[{"count":5,"href":"https:\/\/www.musikzeitung.ch\/it\/wp-json\/wp\/v2\/posts\/40812\/revisions"}],"predecessor-version":[{"id":40835,"href":"https:\/\/www.musikzeitung.ch\/it\/wp-json\/wp\/v2\/posts\/40812\/revisions\/40835"}],"wp:featuredmedia":[{"embeddable":true,"href":"https:\/\/www.musikzeitung.ch\/it\/wp-json\/wp\/v2\/media\/40833"}],"wp:attachment":[{"href":"https:\/\/www.musikzeitung.ch\/it\/wp-json\/wp\/v2\/media?parent=40812"}],"wp:term":[{"taxonomy":"category","embeddable":true,"href":"https:\/\/www.musikzeitung.ch\/it\/wp-json\/wp\/v2\/categories?post=40812"},{"taxonomy":"post_tag","embeddable":true,"href":"https:\/\/www.musikzeitung.ch\/it\/wp-json\/wp\/v2\/tags?post=40812"}],"curies":[{"name":"wp","href":"https:\/\/api.w.org\/{rel}","templated":true}]}}