{"id":40958,"date":"2023-02-13T08:49:10","date_gmt":"2023-02-13T07:49:10","guid":{"rendered":"https:\/\/www.musikzeitung.ch\/?p=40958"},"modified":"2023-02-14T15:05:47","modified_gmt":"2023-02-14T14:05:47","slug":"in-lausanne-folgt-cortese-auf-vigier","status":"publish","type":"post","link":"https:\/\/www.musikzeitung.ch\/it\/news\/2023\/02\/in-lausanne-folgt-cortese-auf-vigier","title":{"rendered":"Cortese segue Vigi\u00e9 a Losanna"},"content":{"rendered":"<figure id=\"attachment_40968\" aria-describedby=\"caption-attachment-40968\" style=\"width: 1490px\" class=\"wp-caption alignnone\"><img loading=\"lazy\" decoding=\"async\" class=\"wp-image-40968 size-full\" src=\"https:\/\/www.musikzeitung.ch\/wp-content\/uploads\/2023\/02\/Claude-Cortese.png\" alt=\"\" width=\"1490\" height=\"980\" srcset=\"https:\/\/www.musikzeitung.ch\/wp-content\/uploads\/2023\/02\/Claude-Cortese.png 1400w, https:\/\/www.musikzeitung.ch\/wp-content\/uploads\/2023\/02\/Claude-Cortese-300x197.png 300w, https:\/\/www.musikzeitung.ch\/wp-content\/uploads\/2023\/02\/Claude-Cortese-1024x674.png 1024w, https:\/\/www.musikzeitung.ch\/wp-content\/uploads\/2023\/02\/Claude-Cortese-768x505.png 768w, https:\/\/www.musikzeitung.ch\/wp-content\/uploads\/2023\/02\/Claude-Cortese-266x175.png 266w, https:\/\/www.musikzeitung.ch\/wp-content\/uploads\/2023\/02\/Claude-Cortese-532x350.png 532w, https:\/\/www.musikzeitung.ch\/wp-content\/uploads\/2023\/02\/Claude-Cortese-1216x800.png 1216w, https:\/\/www.musikzeitung.ch\/wp-content\/uploads\/2023\/02\/Claude-Cortese-920x605.png 920w\" sizes=\"auto, (max-width: 1490px) 100vw, 1490px\" \/><figcaption id=\"caption-attachment-40968\" class=\"wp-caption-text\">Claude Cortese. Foto: Carole Parodi<\/figcaption><\/figure>\n<p>A 19 anni Cortese lavorava gi\u00e0 come direttore di scena all'Opera di Losanna. In seguito ha lavorato come regista al Grand Th\u00e9\u00e2tre de Gen\u00e8ve per otto anni. Dal 2003 ha ricoperto vari incarichi di direzione artistica presso l'Op\u00e9ra di Angers Nantes e l'Op\u00e9ra national de Lorraine a Nancy. Attualmente \u00e8 direttore artistico dell'Op\u00e9ra national du Rhin di Strasburgo.<\/p>\n<p>La storia dell'Opera di Losanna risale al 1870. Nel 1931 \u00e8 stato completamente ristrutturato e trasformato da teatro di casin\u00f2 a teatro municipale. Tra il 1975 e il 1976 il palcoscenico fu modernizzato e il numero di posti a sedere ridotto a 960. Nel 2007 il teatro \u00e8 stato chiuso per motivi di sicurezza antincendio. Dal 2005 \u00e8 gestito da Eric Vigi\u00e9. Ha curato la ristrutturazione delle aree tecniche e amministrative dell'edificio, durante la quale gli spettacoli si sono svolti nella Salle M\u00e9tropole e nel Teatro Beaulieu fino alla riapertura nel 2012.<\/p>\n<p>&nbsp;<\/p>","protected":false},"excerpt":{"rendered":"<p>L'Opera di Losanna sar\u00e0 diretta da Claude Cortese a partire dal luglio 2024. Il musicista e manager culturale francese succede a Eric Vigi\u00e9 nell'incarico.<\/p>","protected":false},"author":30,"featured_media":40968,"comment_status":"closed","ping_status":"closed","sticky":false,"template":"","format":"standard","meta":{"_acf_changed":false,"_relevanssi_hide_post":"","_relevanssi_hide_content":"","_relevanssi_pin_for_all":"","_relevanssi_pin_keywords":"","_relevanssi_unpin_keywords":"","_relevanssi_related_keywords":"","_relevanssi_related_include_ids":"","_relevanssi_related_exclude_ids":"","_relevanssi_related_no_append":"","_relevanssi_related_not_related":"","_relevanssi_related_posts":"","_relevanssi_noindex_reason":"","pgc_sgb_lightbox_settings":"","footnotes":""},"categories":[27],"tags":[1963,1966,1961],"class_list":["post-40958","post","type-post","status-publish","format-standard","has-post-thumbnail","hentry","category-news","tag-claude-cortese","tag-eric-vigie","tag-opera-de-lausanne"],"acf":[],"yoast_head":"<!-- This site is optimized with the Yoast SEO plugin v27.4 - https:\/\/yoast.com\/product\/yoast-seo-wordpress\/ -->\n<title>In Lausanne folgt Cortese auf Vigi\u00e9 - Schweizer Musikzeitung<\/title>\n<meta name=\"robots\" content=\"index, follow, max-snippet:-1, max-image-preview:large, max-video-preview:-1\" \/>\n<link rel=\"canonical\" href=\"https:\/\/www.musikzeitung.ch\/it\/news\/2023\/02\/in-lausanne-folgt-cortese-auf-vigier\/\" \/>\n<meta property=\"og:locale\" content=\"it_IT\" \/>\n<meta property=\"og:type\" content=\"article\" \/>\n<meta property=\"og:title\" content=\"In Lausanne folgt Cortese auf Vigi\u00e9 - Schweizer Musikzeitung\" \/>\n<meta property=\"og:description\" content=\"Die Oper Lausanne wird ab Juli 2024 von Claude Cortese geleitet. Der franz\u00f6sische Musiker und Kulturmanager folgt in dem Amt auf Eric Vigi\u00e9.\" \/>\n<meta property=\"og:url\" content=\"https:\/\/www.musikzeitung.ch\/it\/news\/2023\/02\/in-lausanne-folgt-cortese-auf-vigier\/\" \/>\n<meta property=\"og:site_name\" content=\"Schweizer Musikzeitung\" \/>\n<meta property=\"article:publisher\" content=\"https:\/\/www.facebook.com\/SchweizerMusikzeitung\/\" \/>\n<meta property=\"article:author\" content=\"https:\/\/www.facebook.com\/wolfgang.bohler.75\" \/>\n<meta property=\"article:published_time\" content=\"2023-02-13T07:49:10+00:00\" \/>\n<meta property=\"article:modified_time\" content=\"2023-02-14T14:05:47+00:00\" \/>\n<meta property=\"og:image\" content=\"https:\/\/www.musikzeitung.ch\/wp-content\/uploads\/2023\/02\/Claude-Cortese.png\" \/>\n\t<meta property=\"og:image:width\" content=\"1400\" \/>\n\t<meta property=\"og:image:height\" content=\"921\" \/>\n\t<meta property=\"og:image:type\" content=\"image\/png\" \/>\n<meta name=\"author\" content=\"Wolfgang B\u00f6hler\" \/>\n<meta name=\"twitter:card\" content=\"summary_large_image\" \/>\n<meta name=\"twitter:creator\" content=\"@smusikzeitung\" \/>\n<meta name=\"twitter:site\" content=\"@smusikzeitung\" \/>\n<meta name=\"twitter:label1\" content=\"Scritto da\" \/>\n\t<meta name=\"twitter:data1\" content=\"Wolfgang B\u00f6hler\" \/>\n\t<meta name=\"twitter:label2\" content=\"Tempo di lettura stimato\" \/>\n\t<meta name=\"twitter:data2\" content=\"2 minuti\" \/>\n<script type=\"application\/ld+json\" class=\"yoast-schema-graph\">{\"@context\":\"https:\\\/\\\/schema.org\",\"@graph\":[{\"@type\":\"Article\",\"@id\":\"https:\\\/\\\/www.musikzeitung.ch\\\/news\\\/2023\\\/02\\\/in-lausanne-folgt-cortese-auf-vigier#article\",\"isPartOf\":{\"@id\":\"https:\\\/\\\/www.musikzeitung.ch\\\/news\\\/2023\\\/02\\\/in-lausanne-folgt-cortese-auf-vigier\"},\"author\":{\"name\":\"Wolfgang B\u00f6hler\",\"@id\":\"https:\\\/\\\/www.musikzeitung.ch\\\/#\\\/schema\\\/person\\\/0da4fb82d243f1252850a35d0e87cf0c\"},\"headline\":\"In Lausanne folgt Cortese auf Vigi\u00e9\",\"datePublished\":\"2023-02-13T07:49:10+00:00\",\"dateModified\":\"2023-02-14T14:05:47+00:00\",\"mainEntityOfPage\":{\"@id\":\"https:\\\/\\\/www.musikzeitung.ch\\\/news\\\/2023\\\/02\\\/in-lausanne-folgt-cortese-auf-vigier\"},\"wordCount\":171,\"publisher\":{\"@id\":\"https:\\\/\\\/www.musikzeitung.ch\\\/#organization\"},\"image\":{\"@id\":\"https:\\\/\\\/www.musikzeitung.ch\\\/news\\\/2023\\\/02\\\/in-lausanne-folgt-cortese-auf-vigier#primaryimage\"},\"thumbnailUrl\":\"https:\\\/\\\/www.musikzeitung.ch\\\/wp-content\\\/uploads\\\/2023\\\/02\\\/Claude-Cortese.png\",\"keywords\":[\"Claude Cortese\",\"Eric Vigi\u00e9\",\"Opera de Lausanne\"],\"articleSection\":[\"News\"],\"inLanguage\":\"it-IT\"},{\"@type\":\"WebPage\",\"@id\":\"https:\\\/\\\/www.musikzeitung.ch\\\/news\\\/2023\\\/02\\\/in-lausanne-folgt-cortese-auf-vigier\",\"url\":\"https:\\\/\\\/www.musikzeitung.ch\\\/news\\\/2023\\\/02\\\/in-lausanne-folgt-cortese-auf-vigier\",\"name\":\"In Lausanne folgt Cortese auf Vigi\u00e9 - Schweizer Musikzeitung\",\"isPartOf\":{\"@id\":\"https:\\\/\\\/www.musikzeitung.ch\\\/#website\"},\"primaryImageOfPage\":{\"@id\":\"https:\\\/\\\/www.musikzeitung.ch\\\/news\\\/2023\\\/02\\\/in-lausanne-folgt-cortese-auf-vigier#primaryimage\"},\"image\":{\"@id\":\"https:\\\/\\\/www.musikzeitung.ch\\\/news\\\/2023\\\/02\\\/in-lausanne-folgt-cortese-auf-vigier#primaryimage\"},\"thumbnailUrl\":\"https:\\\/\\\/www.musikzeitung.ch\\\/wp-content\\\/uploads\\\/2023\\\/02\\\/Claude-Cortese.png\",\"datePublished\":\"2023-02-13T07:49:10+00:00\",\"dateModified\":\"2023-02-14T14:05:47+00:00\",\"breadcrumb\":{\"@id\":\"https:\\\/\\\/www.musikzeitung.ch\\\/news\\\/2023\\\/02\\\/in-lausanne-folgt-cortese-auf-vigier#breadcrumb\"},\"inLanguage\":\"it-IT\",\"potentialAction\":[{\"@type\":\"ReadAction\",\"target\":[\"https:\\\/\\\/www.musikzeitung.ch\\\/news\\\/2023\\\/02\\\/in-lausanne-folgt-cortese-auf-vigier\"]}]},{\"@type\":\"ImageObject\",\"inLanguage\":\"it-IT\",\"@id\":\"https:\\\/\\\/www.musikzeitung.ch\\\/news\\\/2023\\\/02\\\/in-lausanne-folgt-cortese-auf-vigier#primaryimage\",\"url\":\"https:\\\/\\\/www.musikzeitung.ch\\\/wp-content\\\/uploads\\\/2023\\\/02\\\/Claude-Cortese.png\",\"contentUrl\":\"https:\\\/\\\/www.musikzeitung.ch\\\/wp-content\\\/uploads\\\/2023\\\/02\\\/Claude-Cortese.png\",\"width\":1400,\"height\":921},{\"@type\":\"BreadcrumbList\",\"@id\":\"https:\\\/\\\/www.musikzeitung.ch\\\/news\\\/2023\\\/02\\\/in-lausanne-folgt-cortese-auf-vigier#breadcrumb\",\"itemListElement\":[{\"@type\":\"ListItem\",\"position\":1,\"name\":\"Home\",\"item\":\"https:\\\/\\\/www.musikzeitung.ch\\\/\"},{\"@type\":\"ListItem\",\"position\":2,\"name\":\"In Lausanne folgt Cortese auf Vigi\u00e9\"}]},{\"@type\":\"WebSite\",\"@id\":\"https:\\\/\\\/www.musikzeitung.ch\\\/#website\",\"url\":\"https:\\\/\\\/www.musikzeitung.ch\\\/\",\"name\":\"Schweizer Musikzeitung\",\"description\":\"Die f\u00fchrende sparten\u00fcbergreifende Monatszeitung in der Schweiz f\u00fcr musikalische Fragen.\",\"publisher\":{\"@id\":\"https:\\\/\\\/www.musikzeitung.ch\\\/#organization\"},\"potentialAction\":[{\"@type\":\"SearchAction\",\"target\":{\"@type\":\"EntryPoint\",\"urlTemplate\":\"https:\\\/\\\/www.musikzeitung.ch\\\/?s={search_term_string}\"},\"query-input\":{\"@type\":\"PropertyValueSpecification\",\"valueRequired\":true,\"valueName\":\"search_term_string\"}}],\"inLanguage\":\"it-IT\"},{\"@type\":\"Organization\",\"@id\":\"https:\\\/\\\/www.musikzeitung.ch\\\/#organization\",\"name\":\"Schweizer Musikzeitung\",\"url\":\"https:\\\/\\\/www.musikzeitung.ch\\\/\",\"logo\":{\"@type\":\"ImageObject\",\"inLanguage\":\"it-IT\",\"@id\":\"https:\\\/\\\/www.musikzeitung.ch\\\/#\\\/schema\\\/logo\\\/image\\\/\",\"url\":\"https:\\\/\\\/www.musikzeitung.ch\\\/wp-content\\\/uploads\\\/2023\\\/01\\\/SMZ_Schriftzug_Sprache.png\",\"contentUrl\":\"https:\\\/\\\/www.musikzeitung.ch\\\/wp-content\\\/uploads\\\/2023\\\/01\\\/SMZ_Schriftzug_Sprache.png\",\"width\":1400,\"height\":279,\"caption\":\"Schweizer Musikzeitung\"},\"image\":{\"@id\":\"https:\\\/\\\/www.musikzeitung.ch\\\/#\\\/schema\\\/logo\\\/image\\\/\"},\"sameAs\":[\"https:\\\/\\\/www.facebook.com\\\/SchweizerMusikzeitung\\\/\",\"https:\\\/\\\/x.com\\\/smusikzeitung\",\"https:\\\/\\\/www.instagram.com\\\/musikzeitung.ch\\\/\"]},{\"@type\":\"Person\",\"@id\":\"https:\\\/\\\/www.musikzeitung.ch\\\/#\\\/schema\\\/person\\\/0da4fb82d243f1252850a35d0e87cf0c\",\"name\":\"Wolfgang B\u00f6hler\",\"image\":{\"@type\":\"ImageObject\",\"inLanguage\":\"it-IT\",\"@id\":\"https:\\\/\\\/www.musikzeitung.ch\\\/wp-content\\\/uploads\\\/2023\\\/01\\\/boehler_portraet_web-e1674139782246-96x96.jpg\",\"url\":\"https:\\\/\\\/www.musikzeitung.ch\\\/wp-content\\\/uploads\\\/2023\\\/01\\\/boehler_portraet_web-e1674139782246-96x96.jpg\",\"contentUrl\":\"https:\\\/\\\/www.musikzeitung.ch\\\/wp-content\\\/uploads\\\/2023\\\/01\\\/boehler_portraet_web-e1674139782246-96x96.jpg\",\"caption\":\"Wolfgang B\u00f6hler\"},\"sameAs\":[\"http:\\\/\\\/www.manacanto.ch\",\"https:\\\/\\\/www.facebook.com\\\/wolfgang.bohler.75\"],\"url\":\"https:\\\/\\\/www.musikzeitung.ch\\\/it\\\/author\\\/wolfgang-boehler\"}]}<\/script>\n<!-- \/ Yoast SEO plugin. -->","yoast_head_json":{"title":"In Lausanne folgt Cortese auf Vigi\u00e9 - Schweizer Musikzeitung","robots":{"index":"index","follow":"follow","max-snippet":"max-snippet:-1","max-image-preview":"max-image-preview:large","max-video-preview":"max-video-preview:-1"},"canonical":"https:\/\/www.musikzeitung.ch\/it\/news\/2023\/02\/in-lausanne-folgt-cortese-auf-vigier\/","og_locale":"it_IT","og_type":"article","og_title":"In Lausanne folgt Cortese auf Vigi\u00e9 - Schweizer Musikzeitung","og_description":"Die Oper Lausanne wird ab Juli 2024 von Claude Cortese geleitet. Der franz\u00f6sische Musiker und Kulturmanager folgt in dem Amt auf Eric Vigi\u00e9.","og_url":"https:\/\/www.musikzeitung.ch\/it\/news\/2023\/02\/in-lausanne-folgt-cortese-auf-vigier\/","og_site_name":"Schweizer Musikzeitung","article_publisher":"https:\/\/www.facebook.com\/SchweizerMusikzeitung\/","article_author":"https:\/\/www.facebook.com\/wolfgang.bohler.75","article_published_time":"2023-02-13T07:49:10+00:00","article_modified_time":"2023-02-14T14:05:47+00:00","og_image":[{"width":1400,"height":921,"url":"https:\/\/www.musikzeitung.ch\/wp-content\/uploads\/2023\/02\/Claude-Cortese.png","type":"image\/png"}],"author":"Wolfgang B\u00f6hler","twitter_card":"summary_large_image","twitter_creator":"@smusikzeitung","twitter_site":"@smusikzeitung","twitter_misc":{"Scritto da":"Wolfgang B\u00f6hler","Tempo di lettura stimato":"2 minuti"},"schema":{"@context":"https:\/\/schema.org","@graph":[{"@type":"Article","@id":"https:\/\/www.musikzeitung.ch\/news\/2023\/02\/in-lausanne-folgt-cortese-auf-vigier#article","isPartOf":{"@id":"https:\/\/www.musikzeitung.ch\/news\/2023\/02\/in-lausanne-folgt-cortese-auf-vigier"},"author":{"name":"Wolfgang B\u00f6hler","@id":"https:\/\/www.musikzeitung.ch\/#\/schema\/person\/0da4fb82d243f1252850a35d0e87cf0c"},"headline":"In Lausanne folgt Cortese auf Vigi\u00e9","datePublished":"2023-02-13T07:49:10+00:00","dateModified":"2023-02-14T14:05:47+00:00","mainEntityOfPage":{"@id":"https:\/\/www.musikzeitung.ch\/news\/2023\/02\/in-lausanne-folgt-cortese-auf-vigier"},"wordCount":171,"publisher":{"@id":"https:\/\/www.musikzeitung.ch\/#organization"},"image":{"@id":"https:\/\/www.musikzeitung.ch\/news\/2023\/02\/in-lausanne-folgt-cortese-auf-vigier#primaryimage"},"thumbnailUrl":"https:\/\/www.musikzeitung.ch\/wp-content\/uploads\/2023\/02\/Claude-Cortese.png","keywords":["Claude Cortese","Eric Vigi\u00e9","Opera de Lausanne"],"articleSection":["News"],"inLanguage":"it-IT"},{"@type":"WebPage","@id":"https:\/\/www.musikzeitung.ch\/news\/2023\/02\/in-lausanne-folgt-cortese-auf-vigier","url":"https:\/\/www.musikzeitung.ch\/news\/2023\/02\/in-lausanne-folgt-cortese-auf-vigier","name":"In Lausanne folgt Cortese auf Vigi\u00e9 - Schweizer Musikzeitung","isPartOf":{"@id":"https:\/\/www.musikzeitung.ch\/#website"},"primaryImageOfPage":{"@id":"https:\/\/www.musikzeitung.ch\/news\/2023\/02\/in-lausanne-folgt-cortese-auf-vigier#primaryimage"},"image":{"@id":"https:\/\/www.musikzeitung.ch\/news\/2023\/02\/in-lausanne-folgt-cortese-auf-vigier#primaryimage"},"thumbnailUrl":"https:\/\/www.musikzeitung.ch\/wp-content\/uploads\/2023\/02\/Claude-Cortese.png","datePublished":"2023-02-13T07:49:10+00:00","dateModified":"2023-02-14T14:05:47+00:00","breadcrumb":{"@id":"https:\/\/www.musikzeitung.ch\/news\/2023\/02\/in-lausanne-folgt-cortese-auf-vigier#breadcrumb"},"inLanguage":"it-IT","potentialAction":[{"@type":"ReadAction","target":["https:\/\/www.musikzeitung.ch\/news\/2023\/02\/in-lausanne-folgt-cortese-auf-vigier"]}]},{"@type":"ImageObject","inLanguage":"it-IT","@id":"https:\/\/www.musikzeitung.ch\/news\/2023\/02\/in-lausanne-folgt-cortese-auf-vigier#primaryimage","url":"https:\/\/www.musikzeitung.ch\/wp-content\/uploads\/2023\/02\/Claude-Cortese.png","contentUrl":"https:\/\/www.musikzeitung.ch\/wp-content\/uploads\/2023\/02\/Claude-Cortese.png","width":1400,"height":921},{"@type":"BreadcrumbList","@id":"https:\/\/www.musikzeitung.ch\/news\/2023\/02\/in-lausanne-folgt-cortese-auf-vigier#breadcrumb","itemListElement":[{"@type":"ListItem","position":1,"name":"Home","item":"https:\/\/www.musikzeitung.ch\/"},{"@type":"ListItem","position":2,"name":"In Lausanne folgt Cortese auf Vigi\u00e9"}]},{"@type":"WebSite","@id":"https:\/\/www.musikzeitung.ch\/#website","url":"https:\/\/www.musikzeitung.ch\/","name":"Giornale musicale svizzero","description":"Il principale mensile interdisciplinare della Svizzera per le questioni musicali.","publisher":{"@id":"https:\/\/www.musikzeitung.ch\/#organization"},"potentialAction":[{"@type":"SearchAction","target":{"@type":"EntryPoint","urlTemplate":"https:\/\/www.musikzeitung.ch\/?s={search_term_string}"},"query-input":{"@type":"PropertyValueSpecification","valueRequired":true,"valueName":"search_term_string"}}],"inLanguage":"it-IT"},{"@type":"Organization","@id":"https:\/\/www.musikzeitung.ch\/#organization","name":"Giornale musicale svizzero","url":"https:\/\/www.musikzeitung.ch\/","logo":{"@type":"ImageObject","inLanguage":"it-IT","@id":"https:\/\/www.musikzeitung.ch\/#\/schema\/logo\/image\/","url":"https:\/\/www.musikzeitung.ch\/wp-content\/uploads\/2023\/01\/SMZ_Schriftzug_Sprache.png","contentUrl":"https:\/\/www.musikzeitung.ch\/wp-content\/uploads\/2023\/01\/SMZ_Schriftzug_Sprache.png","width":1400,"height":279,"caption":"Schweizer Musikzeitung"},"image":{"@id":"https:\/\/www.musikzeitung.ch\/#\/schema\/logo\/image\/"},"sameAs":["https:\/\/www.facebook.com\/SchweizerMusikzeitung\/","https:\/\/x.com\/smusikzeitung","https:\/\/www.instagram.com\/musikzeitung.ch\/"]},{"@type":"Person","@id":"https:\/\/www.musikzeitung.ch\/#\/schema\/person\/0da4fb82d243f1252850a35d0e87cf0c","name":"Wolfgang B\u00f6hler","image":{"@type":"ImageObject","inLanguage":"it-IT","@id":"https:\/\/www.musikzeitung.ch\/wp-content\/uploads\/2023\/01\/boehler_portraet_web-e1674139782246-96x96.jpg","url":"https:\/\/www.musikzeitung.ch\/wp-content\/uploads\/2023\/01\/boehler_portraet_web-e1674139782246-96x96.jpg","contentUrl":"https:\/\/www.musikzeitung.ch\/wp-content\/uploads\/2023\/01\/boehler_portraet_web-e1674139782246-96x96.jpg","caption":"Wolfgang B\u00f6hler"},"sameAs":["http:\/\/www.manacanto.ch","https:\/\/www.facebook.com\/wolfgang.bohler.75"],"url":"https:\/\/www.musikzeitung.ch\/it\/author\/wolfgang-boehler"}]}},"publishpress_future_workflow_manual_trigger":{"enabledWorkflows":[]},"_links":{"self":[{"href":"https:\/\/www.musikzeitung.ch\/it\/wp-json\/wp\/v2\/posts\/40958","targetHints":{"allow":["GET"]}}],"collection":[{"href":"https:\/\/www.musikzeitung.ch\/it\/wp-json\/wp\/v2\/posts"}],"about":[{"href":"https:\/\/www.musikzeitung.ch\/it\/wp-json\/wp\/v2\/types\/post"}],"author":[{"embeddable":true,"href":"https:\/\/www.musikzeitung.ch\/it\/wp-json\/wp\/v2\/users\/30"}],"replies":[{"embeddable":true,"href":"https:\/\/www.musikzeitung.ch\/it\/wp-json\/wp\/v2\/comments?post=40958"}],"version-history":[{"count":6,"href":"https:\/\/www.musikzeitung.ch\/it\/wp-json\/wp\/v2\/posts\/40958\/revisions"}],"predecessor-version":[{"id":40971,"href":"https:\/\/www.musikzeitung.ch\/it\/wp-json\/wp\/v2\/posts\/40958\/revisions\/40971"}],"wp:featuredmedia":[{"embeddable":true,"href":"https:\/\/www.musikzeitung.ch\/it\/wp-json\/wp\/v2\/media\/40968"}],"wp:attachment":[{"href":"https:\/\/www.musikzeitung.ch\/it\/wp-json\/wp\/v2\/media?parent=40958"}],"wp:term":[{"taxonomy":"category","embeddable":true,"href":"https:\/\/www.musikzeitung.ch\/it\/wp-json\/wp\/v2\/categories?post=40958"},{"taxonomy":"post_tag","embeddable":true,"href":"https:\/\/www.musikzeitung.ch\/it\/wp-json\/wp\/v2\/tags?post=40958"}],"curies":[{"name":"wp","href":"https:\/\/api.w.org\/{rel}","templated":true}]}}