{"id":40987,"date":"2023-02-14T14:20:28","date_gmt":"2023-02-14T13:20:28","guid":{"rendered":"https:\/\/www.musikzeitung.ch\/?p=40987"},"modified":"2023-02-14T14:42:04","modified_gmt":"2023-02-14T13:42:04","slug":"tod-des-komponisten-friedrich-cerha","status":"publish","type":"post","link":"https:\/\/www.musikzeitung.ch\/it\/news\/2023\/02\/tod-des-komponisten-friedrich-cerha","title":{"rendered":"Morte del compositore Friedrich Cerha"},"content":{"rendered":"<figure id=\"attachment_40988\" aria-describedby=\"caption-attachment-40988\" style=\"width: 456px\" class=\"wp-caption alignnone\"><img loading=\"lazy\" decoding=\"async\" class=\"wp-image-40988\" src=\"https:\/\/www.musikzeitung.ch\/wp-content\/uploads\/2023\/02\/230214cerha.jpg\" alt=\"\" width=\"456\" height=\"342\" srcset=\"https:\/\/www.musikzeitung.ch\/wp-content\/uploads\/2023\/02\/230214cerha.jpg 1333w, https:\/\/www.musikzeitung.ch\/wp-content\/uploads\/2023\/02\/230214cerha-300x225.jpg 300w, https:\/\/www.musikzeitung.ch\/wp-content\/uploads\/2023\/02\/230214cerha-1024x768.jpg 1024w, https:\/\/www.musikzeitung.ch\/wp-content\/uploads\/2023\/02\/230214cerha-768x576.jpg 768w, https:\/\/www.musikzeitung.ch\/wp-content\/uploads\/2023\/02\/230214cerha-1536x1152.jpg 1536w, https:\/\/www.musikzeitung.ch\/wp-content\/uploads\/2023\/02\/230214cerha-233x175.jpg 233w, https:\/\/www.musikzeitung.ch\/wp-content\/uploads\/2023\/02\/230214cerha-467x350.jpg 467w, https:\/\/www.musikzeitung.ch\/wp-content\/uploads\/2023\/02\/230214cerha-1067x800.jpg 1067w, https:\/\/www.musikzeitung.ch\/wp-content\/uploads\/2023\/02\/230214cerha-920x690.jpg 920w, https:\/\/www.musikzeitung.ch\/wp-content\/uploads\/2023\/02\/230214cerha-1400x1050.jpg 1400w\" sizes=\"auto, (max-width: 456px) 100vw, 456px\" \/><figcaption id=\"caption-attachment-40988\" class=\"wp-caption-text\">Friedrich Cerha (Immagine: UE)<\/figcaption><\/figure>\n<p>Cerha studi\u00f2 violino, composizione e didattica della musica all'Accademia di Vienna dal 1946, nonch\u00e9 musicologia, germanistica e filosofia all'Universit\u00e0 di Vienna, dove ottenne il dottorato in filosofia nel 1950 con una tesi sul tema della Turandot nella letteratura tedesca. Mentre la scena musicale pubblica viennese si allontanava dalle nuove tendenze musicali del dopoguerra, egli entr\u00f2 precocemente in contatto con la scena underground d'avanguardia di giovani pittori e scrittori intorno all'Art Club e al Circolo Sch\u00f6nberg della Societ\u00e0 Internazionale per la Nuova Musica (IGNM Austria).<\/p>\n<p>Nel 1958 fonda l'ensemble die reihe insieme a Kurt Schwertsik e alla moglie Gertraud Cerha. Negli anni successivi, questo ensemble avviciner\u00e0 il pubblico viennese e poi internazionale a brani della Scuola viennese, dell'avanguardia e dell'intero periodo classico moderno, ottenendo un riconoscimento internazionale grazie a questo risultato pionieristico.  Dal 1959 ha insegnato all'Universit\u00e0 della Musica di Vienna, dove dal 1976 al 1988 ha ricoperto la cattedra di composizione, notazione e interpretazione della nuova musica. Dal 1994 ha collaborato con il Klangforum Wien, di cui \u00e8 stato presidente fino al 1999.<\/p>\n<p>Oltre all'impegno per la musica contemporanea, l'edizione della musica antica \u00e8 stata una sua grande preoccupazione: si \u00e8 occupato intensamente delle culture musicali medievali e ha pubblicato sonate per violino di Heinrich Schmelzer gi\u00e0 nel 1956.<\/p>","protected":false},"excerpt":{"rendered":"<p>Secondo un annuncio della Universal Edition, il compositore austriaco Friedrich Cerha \u00e8 morto poco prima del suo 97\u00b0 compleanno.<\/p>","protected":false},"author":30,"featured_media":40988,"comment_status":"closed","ping_status":"closed","sticky":false,"template":"","format":"standard","meta":{"_acf_changed":false,"_relevanssi_hide_post":"","_relevanssi_hide_content":"","_relevanssi_pin_for_all":"","_relevanssi_pin_keywords":"","_relevanssi_unpin_keywords":"","_relevanssi_related_keywords":"","_relevanssi_related_include_ids":"","_relevanssi_related_exclude_ids":"","_relevanssi_related_no_append":"","_relevanssi_related_not_related":"","_relevanssi_related_posts":"","_relevanssi_noindex_reason":"","pgc_sgb_lightbox_settings":"","footnotes":""},"categories":[27,1624],"tags":[1965],"class_list":["post-40987","post","type-post","status-publish","format-standard","has-post-thumbnail","hentry","category-news","category-personen","tag-friedrich-cerha"],"acf":[],"yoast_head":"<!-- This site is optimized with the Yoast SEO plugin v27.4 - https:\/\/yoast.com\/product\/yoast-seo-wordpress\/ -->\n<title>Tod des Komponisten Friedrich Cerha - Schweizer Musikzeitung<\/title>\n<meta name=\"robots\" content=\"index, follow, max-snippet:-1, max-image-preview:large, max-video-preview:-1\" \/>\n<link rel=\"canonical\" href=\"https:\/\/www.musikzeitung.ch\/it\/news\/2023\/02\/tod-des-komponisten-friedrich-cerha\/\" \/>\n<meta property=\"og:locale\" content=\"it_IT\" \/>\n<meta property=\"og:type\" content=\"article\" \/>\n<meta property=\"og:title\" content=\"Tod des Komponisten Friedrich Cerha - Schweizer Musikzeitung\" \/>\n<meta property=\"og:description\" content=\"Laut einer Mitteilung der Universal Edition ist der \u00f6sterreichische Komponist Friedrich Cerha kurz vor seinem 97. Geburtstag verstorben.\" \/>\n<meta property=\"og:url\" content=\"https:\/\/www.musikzeitung.ch\/it\/news\/2023\/02\/tod-des-komponisten-friedrich-cerha\/\" \/>\n<meta property=\"og:site_name\" content=\"Schweizer Musikzeitung\" \/>\n<meta property=\"article:publisher\" content=\"https:\/\/www.facebook.com\/SchweizerMusikzeitung\/\" \/>\n<meta property=\"article:author\" content=\"https:\/\/www.facebook.com\/wolfgang.bohler.75\" \/>\n<meta property=\"article:published_time\" content=\"2023-02-14T13:20:28+00:00\" \/>\n<meta property=\"article:modified_time\" content=\"2023-02-14T13:42:04+00:00\" \/>\n<meta property=\"og:image\" content=\"https:\/\/www.musikzeitung.ch\/wp-content\/uploads\/2023\/02\/230214cerha.jpg\" \/>\n\t<meta property=\"og:image:width\" content=\"1333\" \/>\n\t<meta property=\"og:image:height\" content=\"1000\" \/>\n\t<meta property=\"og:image:type\" content=\"image\/jpeg\" \/>\n<meta name=\"author\" content=\"Wolfgang B\u00f6hler\" \/>\n<meta name=\"twitter:card\" content=\"summary_large_image\" \/>\n<meta name=\"twitter:creator\" content=\"@smusikzeitung\" \/>\n<meta name=\"twitter:site\" content=\"@smusikzeitung\" \/>\n<meta name=\"twitter:label1\" content=\"Scritto da\" \/>\n\t<meta name=\"twitter:data1\" content=\"Wolfgang B\u00f6hler\" \/>\n\t<meta name=\"twitter:label2\" content=\"Tempo di lettura stimato\" \/>\n\t<meta name=\"twitter:data2\" content=\"2 minuti\" \/>\n<script type=\"application\/ld+json\" class=\"yoast-schema-graph\">{\"@context\":\"https:\\\/\\\/schema.org\",\"@graph\":[{\"@type\":\"Article\",\"@id\":\"https:\\\/\\\/www.musikzeitung.ch\\\/news\\\/2023\\\/02\\\/tod-des-komponisten-friedrich-cerha#article\",\"isPartOf\":{\"@id\":\"https:\\\/\\\/www.musikzeitung.ch\\\/news\\\/2023\\\/02\\\/tod-des-komponisten-friedrich-cerha\"},\"author\":{\"name\":\"Wolfgang B\u00f6hler\",\"@id\":\"https:\\\/\\\/www.musikzeitung.ch\\\/#\\\/schema\\\/person\\\/0da4fb82d243f1252850a35d0e87cf0c\"},\"headline\":\"Tod des Komponisten Friedrich Cerha\",\"datePublished\":\"2023-02-14T13:20:28+00:00\",\"dateModified\":\"2023-02-14T13:42:04+00:00\",\"mainEntityOfPage\":{\"@id\":\"https:\\\/\\\/www.musikzeitung.ch\\\/news\\\/2023\\\/02\\\/tod-des-komponisten-friedrich-cerha\"},\"wordCount\":231,\"publisher\":{\"@id\":\"https:\\\/\\\/www.musikzeitung.ch\\\/#organization\"},\"image\":{\"@id\":\"https:\\\/\\\/www.musikzeitung.ch\\\/news\\\/2023\\\/02\\\/tod-des-komponisten-friedrich-cerha#primaryimage\"},\"thumbnailUrl\":\"https:\\\/\\\/www.musikzeitung.ch\\\/wp-content\\\/uploads\\\/2023\\\/02\\\/230214cerha.jpg\",\"keywords\":[\"Friedrich Cerha\"],\"articleSection\":[\"News\",\"Personen\"],\"inLanguage\":\"it-IT\"},{\"@type\":\"WebPage\",\"@id\":\"https:\\\/\\\/www.musikzeitung.ch\\\/news\\\/2023\\\/02\\\/tod-des-komponisten-friedrich-cerha\",\"url\":\"https:\\\/\\\/www.musikzeitung.ch\\\/news\\\/2023\\\/02\\\/tod-des-komponisten-friedrich-cerha\",\"name\":\"Tod des Komponisten Friedrich Cerha - Schweizer Musikzeitung\",\"isPartOf\":{\"@id\":\"https:\\\/\\\/www.musikzeitung.ch\\\/#website\"},\"primaryImageOfPage\":{\"@id\":\"https:\\\/\\\/www.musikzeitung.ch\\\/news\\\/2023\\\/02\\\/tod-des-komponisten-friedrich-cerha#primaryimage\"},\"image\":{\"@id\":\"https:\\\/\\\/www.musikzeitung.ch\\\/news\\\/2023\\\/02\\\/tod-des-komponisten-friedrich-cerha#primaryimage\"},\"thumbnailUrl\":\"https:\\\/\\\/www.musikzeitung.ch\\\/wp-content\\\/uploads\\\/2023\\\/02\\\/230214cerha.jpg\",\"datePublished\":\"2023-02-14T13:20:28+00:00\",\"dateModified\":\"2023-02-14T13:42:04+00:00\",\"breadcrumb\":{\"@id\":\"https:\\\/\\\/www.musikzeitung.ch\\\/news\\\/2023\\\/02\\\/tod-des-komponisten-friedrich-cerha#breadcrumb\"},\"inLanguage\":\"it-IT\",\"potentialAction\":[{\"@type\":\"ReadAction\",\"target\":[\"https:\\\/\\\/www.musikzeitung.ch\\\/news\\\/2023\\\/02\\\/tod-des-komponisten-friedrich-cerha\"]}]},{\"@type\":\"ImageObject\",\"inLanguage\":\"it-IT\",\"@id\":\"https:\\\/\\\/www.musikzeitung.ch\\\/news\\\/2023\\\/02\\\/tod-des-komponisten-friedrich-cerha#primaryimage\",\"url\":\"https:\\\/\\\/www.musikzeitung.ch\\\/wp-content\\\/uploads\\\/2023\\\/02\\\/230214cerha.jpg\",\"contentUrl\":\"https:\\\/\\\/www.musikzeitung.ch\\\/wp-content\\\/uploads\\\/2023\\\/02\\\/230214cerha.jpg\",\"width\":1333,\"height\":1000,\"caption\":\"Friedrich Cerha (Bild: UE)\"},{\"@type\":\"BreadcrumbList\",\"@id\":\"https:\\\/\\\/www.musikzeitung.ch\\\/news\\\/2023\\\/02\\\/tod-des-komponisten-friedrich-cerha#breadcrumb\",\"itemListElement\":[{\"@type\":\"ListItem\",\"position\":1,\"name\":\"Home\",\"item\":\"https:\\\/\\\/www.musikzeitung.ch\\\/\"},{\"@type\":\"ListItem\",\"position\":2,\"name\":\"Tod des Komponisten Friedrich Cerha\"}]},{\"@type\":\"WebSite\",\"@id\":\"https:\\\/\\\/www.musikzeitung.ch\\\/#website\",\"url\":\"https:\\\/\\\/www.musikzeitung.ch\\\/\",\"name\":\"Schweizer Musikzeitung\",\"description\":\"Die f\u00fchrende sparten\u00fcbergreifende Monatszeitung in der Schweiz f\u00fcr musikalische Fragen.\",\"publisher\":{\"@id\":\"https:\\\/\\\/www.musikzeitung.ch\\\/#organization\"},\"potentialAction\":[{\"@type\":\"SearchAction\",\"target\":{\"@type\":\"EntryPoint\",\"urlTemplate\":\"https:\\\/\\\/www.musikzeitung.ch\\\/?s={search_term_string}\"},\"query-input\":{\"@type\":\"PropertyValueSpecification\",\"valueRequired\":true,\"valueName\":\"search_term_string\"}}],\"inLanguage\":\"it-IT\"},{\"@type\":\"Organization\",\"@id\":\"https:\\\/\\\/www.musikzeitung.ch\\\/#organization\",\"name\":\"Schweizer Musikzeitung\",\"url\":\"https:\\\/\\\/www.musikzeitung.ch\\\/\",\"logo\":{\"@type\":\"ImageObject\",\"inLanguage\":\"it-IT\",\"@id\":\"https:\\\/\\\/www.musikzeitung.ch\\\/#\\\/schema\\\/logo\\\/image\\\/\",\"url\":\"https:\\\/\\\/www.musikzeitung.ch\\\/wp-content\\\/uploads\\\/2023\\\/01\\\/SMZ_Schriftzug_Sprache.png\",\"contentUrl\":\"https:\\\/\\\/www.musikzeitung.ch\\\/wp-content\\\/uploads\\\/2023\\\/01\\\/SMZ_Schriftzug_Sprache.png\",\"width\":1400,\"height\":279,\"caption\":\"Schweizer Musikzeitung\"},\"image\":{\"@id\":\"https:\\\/\\\/www.musikzeitung.ch\\\/#\\\/schema\\\/logo\\\/image\\\/\"},\"sameAs\":[\"https:\\\/\\\/www.facebook.com\\\/SchweizerMusikzeitung\\\/\",\"https:\\\/\\\/x.com\\\/smusikzeitung\",\"https:\\\/\\\/www.instagram.com\\\/musikzeitung.ch\\\/\"]},{\"@type\":\"Person\",\"@id\":\"https:\\\/\\\/www.musikzeitung.ch\\\/#\\\/schema\\\/person\\\/0da4fb82d243f1252850a35d0e87cf0c\",\"name\":\"Wolfgang B\u00f6hler\",\"image\":{\"@type\":\"ImageObject\",\"inLanguage\":\"it-IT\",\"@id\":\"https:\\\/\\\/www.musikzeitung.ch\\\/wp-content\\\/uploads\\\/2023\\\/01\\\/boehler_portraet_web-e1674139782246-96x96.jpg\",\"url\":\"https:\\\/\\\/www.musikzeitung.ch\\\/wp-content\\\/uploads\\\/2023\\\/01\\\/boehler_portraet_web-e1674139782246-96x96.jpg\",\"contentUrl\":\"https:\\\/\\\/www.musikzeitung.ch\\\/wp-content\\\/uploads\\\/2023\\\/01\\\/boehler_portraet_web-e1674139782246-96x96.jpg\",\"caption\":\"Wolfgang B\u00f6hler\"},\"sameAs\":[\"http:\\\/\\\/www.manacanto.ch\",\"https:\\\/\\\/www.facebook.com\\\/wolfgang.bohler.75\"],\"url\":\"https:\\\/\\\/www.musikzeitung.ch\\\/it\\\/author\\\/wolfgang-boehler\"}]}<\/script>\n<!-- \/ Yoast SEO plugin. -->","yoast_head_json":{"title":"Morte del compositore Friedrich Cerha - Schweizer Musikzeitung","robots":{"index":"index","follow":"follow","max-snippet":"max-snippet:-1","max-image-preview":"max-image-preview:large","max-video-preview":"max-video-preview:-1"},"canonical":"https:\/\/www.musikzeitung.ch\/it\/news\/2023\/02\/tod-des-komponisten-friedrich-cerha\/","og_locale":"it_IT","og_type":"article","og_title":"Tod des Komponisten Friedrich Cerha - Schweizer Musikzeitung","og_description":"Laut einer Mitteilung der Universal Edition ist der \u00f6sterreichische Komponist Friedrich Cerha kurz vor seinem 97. Geburtstag verstorben.","og_url":"https:\/\/www.musikzeitung.ch\/it\/news\/2023\/02\/tod-des-komponisten-friedrich-cerha\/","og_site_name":"Schweizer Musikzeitung","article_publisher":"https:\/\/www.facebook.com\/SchweizerMusikzeitung\/","article_author":"https:\/\/www.facebook.com\/wolfgang.bohler.75","article_published_time":"2023-02-14T13:20:28+00:00","article_modified_time":"2023-02-14T13:42:04+00:00","og_image":[{"width":1333,"height":1000,"url":"https:\/\/www.musikzeitung.ch\/wp-content\/uploads\/2023\/02\/230214cerha.jpg","type":"image\/jpeg"}],"author":"Wolfgang B\u00f6hler","twitter_card":"summary_large_image","twitter_creator":"@smusikzeitung","twitter_site":"@smusikzeitung","twitter_misc":{"Scritto da":"Wolfgang B\u00f6hler","Tempo di lettura stimato":"2 minuti"},"schema":{"@context":"https:\/\/schema.org","@graph":[{"@type":"Article","@id":"https:\/\/www.musikzeitung.ch\/news\/2023\/02\/tod-des-komponisten-friedrich-cerha#article","isPartOf":{"@id":"https:\/\/www.musikzeitung.ch\/news\/2023\/02\/tod-des-komponisten-friedrich-cerha"},"author":{"name":"Wolfgang B\u00f6hler","@id":"https:\/\/www.musikzeitung.ch\/#\/schema\/person\/0da4fb82d243f1252850a35d0e87cf0c"},"headline":"Tod des Komponisten Friedrich Cerha","datePublished":"2023-02-14T13:20:28+00:00","dateModified":"2023-02-14T13:42:04+00:00","mainEntityOfPage":{"@id":"https:\/\/www.musikzeitung.ch\/news\/2023\/02\/tod-des-komponisten-friedrich-cerha"},"wordCount":231,"publisher":{"@id":"https:\/\/www.musikzeitung.ch\/#organization"},"image":{"@id":"https:\/\/www.musikzeitung.ch\/news\/2023\/02\/tod-des-komponisten-friedrich-cerha#primaryimage"},"thumbnailUrl":"https:\/\/www.musikzeitung.ch\/wp-content\/uploads\/2023\/02\/230214cerha.jpg","keywords":["Friedrich Cerha"],"articleSection":["News","Personen"],"inLanguage":"it-IT"},{"@type":"WebPage","@id":"https:\/\/www.musikzeitung.ch\/news\/2023\/02\/tod-des-komponisten-friedrich-cerha","url":"https:\/\/www.musikzeitung.ch\/news\/2023\/02\/tod-des-komponisten-friedrich-cerha","name":"Morte del compositore Friedrich Cerha - Schweizer Musikzeitung","isPartOf":{"@id":"https:\/\/www.musikzeitung.ch\/#website"},"primaryImageOfPage":{"@id":"https:\/\/www.musikzeitung.ch\/news\/2023\/02\/tod-des-komponisten-friedrich-cerha#primaryimage"},"image":{"@id":"https:\/\/www.musikzeitung.ch\/news\/2023\/02\/tod-des-komponisten-friedrich-cerha#primaryimage"},"thumbnailUrl":"https:\/\/www.musikzeitung.ch\/wp-content\/uploads\/2023\/02\/230214cerha.jpg","datePublished":"2023-02-14T13:20:28+00:00","dateModified":"2023-02-14T13:42:04+00:00","breadcrumb":{"@id":"https:\/\/www.musikzeitung.ch\/news\/2023\/02\/tod-des-komponisten-friedrich-cerha#breadcrumb"},"inLanguage":"it-IT","potentialAction":[{"@type":"ReadAction","target":["https:\/\/www.musikzeitung.ch\/news\/2023\/02\/tod-des-komponisten-friedrich-cerha"]}]},{"@type":"ImageObject","inLanguage":"it-IT","@id":"https:\/\/www.musikzeitung.ch\/news\/2023\/02\/tod-des-komponisten-friedrich-cerha#primaryimage","url":"https:\/\/www.musikzeitung.ch\/wp-content\/uploads\/2023\/02\/230214cerha.jpg","contentUrl":"https:\/\/www.musikzeitung.ch\/wp-content\/uploads\/2023\/02\/230214cerha.jpg","width":1333,"height":1000,"caption":"Friedrich Cerha (Bild: UE)"},{"@type":"BreadcrumbList","@id":"https:\/\/www.musikzeitung.ch\/news\/2023\/02\/tod-des-komponisten-friedrich-cerha#breadcrumb","itemListElement":[{"@type":"ListItem","position":1,"name":"Home","item":"https:\/\/www.musikzeitung.ch\/"},{"@type":"ListItem","position":2,"name":"Tod des Komponisten Friedrich Cerha"}]},{"@type":"WebSite","@id":"https:\/\/www.musikzeitung.ch\/#website","url":"https:\/\/www.musikzeitung.ch\/","name":"Giornale musicale svizzero","description":"Il principale mensile interdisciplinare della Svizzera per le questioni musicali.","publisher":{"@id":"https:\/\/www.musikzeitung.ch\/#organization"},"potentialAction":[{"@type":"SearchAction","target":{"@type":"EntryPoint","urlTemplate":"https:\/\/www.musikzeitung.ch\/?s={search_term_string}"},"query-input":{"@type":"PropertyValueSpecification","valueRequired":true,"valueName":"search_term_string"}}],"inLanguage":"it-IT"},{"@type":"Organization","@id":"https:\/\/www.musikzeitung.ch\/#organization","name":"Giornale musicale svizzero","url":"https:\/\/www.musikzeitung.ch\/","logo":{"@type":"ImageObject","inLanguage":"it-IT","@id":"https:\/\/www.musikzeitung.ch\/#\/schema\/logo\/image\/","url":"https:\/\/www.musikzeitung.ch\/wp-content\/uploads\/2023\/01\/SMZ_Schriftzug_Sprache.png","contentUrl":"https:\/\/www.musikzeitung.ch\/wp-content\/uploads\/2023\/01\/SMZ_Schriftzug_Sprache.png","width":1400,"height":279,"caption":"Schweizer Musikzeitung"},"image":{"@id":"https:\/\/www.musikzeitung.ch\/#\/schema\/logo\/image\/"},"sameAs":["https:\/\/www.facebook.com\/SchweizerMusikzeitung\/","https:\/\/x.com\/smusikzeitung","https:\/\/www.instagram.com\/musikzeitung.ch\/"]},{"@type":"Person","@id":"https:\/\/www.musikzeitung.ch\/#\/schema\/person\/0da4fb82d243f1252850a35d0e87cf0c","name":"Wolfgang B\u00f6hler","image":{"@type":"ImageObject","inLanguage":"it-IT","@id":"https:\/\/www.musikzeitung.ch\/wp-content\/uploads\/2023\/01\/boehler_portraet_web-e1674139782246-96x96.jpg","url":"https:\/\/www.musikzeitung.ch\/wp-content\/uploads\/2023\/01\/boehler_portraet_web-e1674139782246-96x96.jpg","contentUrl":"https:\/\/www.musikzeitung.ch\/wp-content\/uploads\/2023\/01\/boehler_portraet_web-e1674139782246-96x96.jpg","caption":"Wolfgang B\u00f6hler"},"sameAs":["http:\/\/www.manacanto.ch","https:\/\/www.facebook.com\/wolfgang.bohler.75"],"url":"https:\/\/www.musikzeitung.ch\/it\/author\/wolfgang-boehler"}]}},"publishpress_future_workflow_manual_trigger":{"enabledWorkflows":[]},"_links":{"self":[{"href":"https:\/\/www.musikzeitung.ch\/it\/wp-json\/wp\/v2\/posts\/40987","targetHints":{"allow":["GET"]}}],"collection":[{"href":"https:\/\/www.musikzeitung.ch\/it\/wp-json\/wp\/v2\/posts"}],"about":[{"href":"https:\/\/www.musikzeitung.ch\/it\/wp-json\/wp\/v2\/types\/post"}],"author":[{"embeddable":true,"href":"https:\/\/www.musikzeitung.ch\/it\/wp-json\/wp\/v2\/users\/30"}],"replies":[{"embeddable":true,"href":"https:\/\/www.musikzeitung.ch\/it\/wp-json\/wp\/v2\/comments?post=40987"}],"version-history":[{"count":1,"href":"https:\/\/www.musikzeitung.ch\/it\/wp-json\/wp\/v2\/posts\/40987\/revisions"}],"predecessor-version":[{"id":40989,"href":"https:\/\/www.musikzeitung.ch\/it\/wp-json\/wp\/v2\/posts\/40987\/revisions\/40989"}],"wp:featuredmedia":[{"embeddable":true,"href":"https:\/\/www.musikzeitung.ch\/it\/wp-json\/wp\/v2\/media\/40988"}],"wp:attachment":[{"href":"https:\/\/www.musikzeitung.ch\/it\/wp-json\/wp\/v2\/media?parent=40987"}],"wp:term":[{"taxonomy":"category","embeddable":true,"href":"https:\/\/www.musikzeitung.ch\/it\/wp-json\/wp\/v2\/categories?post=40987"},{"taxonomy":"post_tag","embeddable":true,"href":"https:\/\/www.musikzeitung.ch\/it\/wp-json\/wp\/v2\/tags?post=40987"}],"curies":[{"name":"wp","href":"https:\/\/api.w.org\/{rel}","templated":true}]}}