{"id":4125,"date":"2014-09-23T00:00:00","date_gmt":"2014-09-22T23:00:00","guid":{"rendered":"https:\/\/www.musikzeitung.ch\/allgemein\/deutscher-buehnenverein-will-navracsics-verhindern\/"},"modified":"2014-09-23T00:00:00","modified_gmt":"2014-09-22T23:00:00","slug":"deutscher-buehnenverein-will-navracsics-verhindern","status":"publish","type":"post","link":"https:\/\/www.musikzeitung.ch\/it\/politik\/2014\/09\/deutscher-buehnenverein-will-navracsics-verhindern","title":{"rendered":"L'Associazione tedesca dei palcoscenici vuole evitare Navracsics"},"content":{"rendered":"<figure style=\"width: 1200px\" class=\"wp-caption alignnone\"><img decoding=\"async\" class=\"size-full\" src=\"https:\/\/www.musikzeitung.ch\/wp-content\/uploads\/2023\/01\/Miniszterelnokvalasztas03.jpg\" alt=\"\" \/><figcaption class=\"wp-caption-text\">Tibor Navracsics (al centro) nel Parlamento ungherese nel 2010. foto: Dodann, wikimedia commons<\/figcaption><\/figure>\n<div class='text-section'>\n<p>\u00c8 inaccettabile che un politico come Navracsics assuma un portafoglio dell'UE che \u00e8 di importanza centrale per il clima intellettuale in Europa\", ha sottolineato il presidente dell'Associazione teatrale tedesca, Klaus Zehelein, a Colonia. Il partito Fidesz, euroscettico e al potere, a cui Navracsics appartiene, \u00e8 favorevole alle restrizioni della libert\u00e0 di stampa e al licenziamento di direttori teatrali scomodi in Ungheria.<\/p>\n<p>L'Europa \u00e8 caratterizzata dalla sua diversit\u00e0 culturale. \u00c8 proprio questa che viene messa in discussione dal partito Fidesz. L'educazione e l'istruzione, soprattutto dei giovani, nello spirito di questa diversit\u00e0 \u00e8 importante per conquistare i giovani all'Europa e per mostrare loro la grande importanza della creativit\u00e0 e dell'immaginazione per lo sviluppo dell'Europa. Secondo Zehelein, \u00e8 anche importante fare della libert\u00e0 di espressione e della libert\u00e0 artistica un punto focale della politica culturale ed educativa europea.<\/p>\n<p>Un Commissario europeo che \u00e8 responsabile della limitazione di queste libert\u00e0 nel proprio Paese non pu\u00f2 trasmettere questo. Zehelein esorta pertanto il Parlamento europeo a respingere la proposta per il portafoglio Istruzione, giovent\u00f9, cultura e societ\u00e0 civile.<\/p>\n<\/div>","protected":false},"excerpt":{"rendered":"<p><strong>La proposta del Presidente della Commissione europea Jean-Claude Juncker di nominare l'attuale Ministro degli Esteri ungherese Tibor Navracsics Commissario europeo per l'Istruzione, la Giovent\u00f9, la Cultura e la Societ\u00e0 Civile \u00e8 stata respinta con forza dall'Associazione teatrale tedesca.<\/strong><\/p>","protected":false},"author":1,"featured_media":4126,"comment_status":"open","ping_status":"open","sticky":false,"template":"","format":"standard","meta":{"_acf_changed":false,"_relevanssi_hide_post":"","_relevanssi_hide_content":"","_relevanssi_pin_for_all":"","_relevanssi_pin_keywords":"","_relevanssi_unpin_keywords":"","_relevanssi_related_keywords":"","_relevanssi_related_include_ids":"","_relevanssi_related_exclude_ids":"","_relevanssi_related_no_append":"","_relevanssi_related_not_related":"","_relevanssi_related_posts":"","_relevanssi_noindex_reason":"","pgc_sgb_lightbox_settings":"","footnotes":""},"categories":[872,767],"tags":[],"class_list":["post-4125","post","type-post","status-publish","format-standard","has-post-thumbnail","hentry","category-international","category-politik"],"acf":[],"yoast_head":"<!-- This site is optimized with the Yoast SEO plugin v27.4 - https:\/\/yoast.com\/product\/yoast-seo-wordpress\/ -->\n<title>Deutscher B\u00fchnenverein will Navracsics verhindern - Schweizer Musikzeitung<\/title>\n<meta name=\"robots\" content=\"index, follow, max-snippet:-1, max-image-preview:large, max-video-preview:-1\" \/>\n<link rel=\"canonical\" href=\"https:\/\/www.musikzeitung.ch\/it\/politik\/2014\/09\/deutscher-buehnenverein-will-navracsics-verhindern\/\" \/>\n<meta property=\"og:locale\" content=\"it_IT\" \/>\n<meta property=\"og:type\" content=\"article\" \/>\n<meta property=\"og:title\" content=\"Deutscher B\u00fchnenverein will Navracsics verhindern - Schweizer Musikzeitung\" \/>\n<meta property=\"og:description\" content=\"Der Vorschlag von EU-Kommissionspr\u00e4sident Jean-Claude Juncker, den jetzigen ungarischen Aussenminister Tibor Navracsics zum EU-Kommissar f\u00fcr Bildung, Jugend, Kultur und B\u00fcrgergesellschaft zu berufen, st\u00f6sst beim Deutschen B\u00fchnenverein auf scharfe Ablehnung.\" \/>\n<meta property=\"og:url\" content=\"https:\/\/www.musikzeitung.ch\/it\/politik\/2014\/09\/deutscher-buehnenverein-will-navracsics-verhindern\/\" \/>\n<meta property=\"og:site_name\" content=\"Schweizer Musikzeitung\" \/>\n<meta property=\"article:publisher\" content=\"https:\/\/www.facebook.com\/SchweizerMusikzeitung\/\" \/>\n<meta property=\"article:published_time\" content=\"2014-09-22T23:00:00+00:00\" \/>\n<meta property=\"og:image\" content=\"https:\/\/www.musikzeitung.ch\/wp-content\/uploads\/2023\/01\/Miniszterelnokvalasztas03.jpg\" \/>\n\t<meta property=\"og:image:width\" content=\"554\" \/>\n\t<meta property=\"og:image:height\" content=\"370\" \/>\n\t<meta property=\"og:image:type\" content=\"image\/jpeg\" \/>\n<meta name=\"author\" content=\"Musikzeitung-Redaktion\" \/>\n<meta name=\"twitter:card\" content=\"summary_large_image\" \/>\n<meta name=\"twitter:creator\" content=\"@smusikzeitung\" \/>\n<meta name=\"twitter:site\" content=\"@smusikzeitung\" \/>\n<meta name=\"twitter:label1\" content=\"Scritto da\" \/>\n\t<meta name=\"twitter:data1\" content=\"Musikzeitung-Redaktion\" \/>\n\t<meta name=\"twitter:label2\" content=\"Tempo di lettura stimato\" \/>\n\t<meta name=\"twitter:data2\" content=\"1 minuto\" \/>\n<script type=\"application\/ld+json\" class=\"yoast-schema-graph\">{\"@context\":\"https:\\\/\\\/schema.org\",\"@graph\":[{\"@type\":\"Article\",\"@id\":\"https:\\\/\\\/www.musikzeitung.ch\\\/politik\\\/2014\\\/09\\\/deutscher-buehnenverein-will-navracsics-verhindern#article\",\"isPartOf\":{\"@id\":\"https:\\\/\\\/www.musikzeitung.ch\\\/politik\\\/2014\\\/09\\\/deutscher-buehnenverein-will-navracsics-verhindern\"},\"author\":{\"name\":\"Musikzeitung-Redaktion\",\"@id\":\"https:\\\/\\\/www.musikzeitung.ch\\\/#\\\/schema\\\/person\\\/b2fd892c800856270b9dcc6001265712\"},\"headline\":\"Deutscher B\u00fchnenverein will Navracsics verhindern\",\"datePublished\":\"2014-09-22T23:00:00+00:00\",\"mainEntityOfPage\":{\"@id\":\"https:\\\/\\\/www.musikzeitung.ch\\\/politik\\\/2014\\\/09\\\/deutscher-buehnenverein-will-navracsics-verhindern\"},\"wordCount\":211,\"commentCount\":0,\"publisher\":{\"@id\":\"https:\\\/\\\/www.musikzeitung.ch\\\/#organization\"},\"image\":{\"@id\":\"https:\\\/\\\/www.musikzeitung.ch\\\/politik\\\/2014\\\/09\\\/deutscher-buehnenverein-will-navracsics-verhindern#primaryimage\"},\"thumbnailUrl\":\"https:\\\/\\\/www.musikzeitung.ch\\\/wp-content\\\/uploads\\\/2023\\\/01\\\/Miniszterelnokvalasztas03.jpg\",\"articleSection\":[\"International\",\"Politik\"],\"inLanguage\":\"it-IT\"},{\"@type\":\"WebPage\",\"@id\":\"https:\\\/\\\/www.musikzeitung.ch\\\/politik\\\/2014\\\/09\\\/deutscher-buehnenverein-will-navracsics-verhindern\",\"url\":\"https:\\\/\\\/www.musikzeitung.ch\\\/politik\\\/2014\\\/09\\\/deutscher-buehnenverein-will-navracsics-verhindern\",\"name\":\"Deutscher B\u00fchnenverein will Navracsics verhindern - Schweizer Musikzeitung\",\"isPartOf\":{\"@id\":\"https:\\\/\\\/www.musikzeitung.ch\\\/#website\"},\"primaryImageOfPage\":{\"@id\":\"https:\\\/\\\/www.musikzeitung.ch\\\/politik\\\/2014\\\/09\\\/deutscher-buehnenverein-will-navracsics-verhindern#primaryimage\"},\"image\":{\"@id\":\"https:\\\/\\\/www.musikzeitung.ch\\\/politik\\\/2014\\\/09\\\/deutscher-buehnenverein-will-navracsics-verhindern#primaryimage\"},\"thumbnailUrl\":\"https:\\\/\\\/www.musikzeitung.ch\\\/wp-content\\\/uploads\\\/2023\\\/01\\\/Miniszterelnokvalasztas03.jpg\",\"datePublished\":\"2014-09-22T23:00:00+00:00\",\"breadcrumb\":{\"@id\":\"https:\\\/\\\/www.musikzeitung.ch\\\/politik\\\/2014\\\/09\\\/deutscher-buehnenverein-will-navracsics-verhindern#breadcrumb\"},\"inLanguage\":\"it-IT\",\"potentialAction\":[{\"@type\":\"ReadAction\",\"target\":[\"https:\\\/\\\/www.musikzeitung.ch\\\/politik\\\/2014\\\/09\\\/deutscher-buehnenverein-will-navracsics-verhindern\"]}]},{\"@type\":\"ImageObject\",\"inLanguage\":\"it-IT\",\"@id\":\"https:\\\/\\\/www.musikzeitung.ch\\\/politik\\\/2014\\\/09\\\/deutscher-buehnenverein-will-navracsics-verhindern#primaryimage\",\"url\":\"https:\\\/\\\/www.musikzeitung.ch\\\/wp-content\\\/uploads\\\/2023\\\/01\\\/Miniszterelnokvalasztas03.jpg\",\"contentUrl\":\"https:\\\/\\\/www.musikzeitung.ch\\\/wp-content\\\/uploads\\\/2023\\\/01\\\/Miniszterelnokvalasztas03.jpg\",\"width\":554,\"height\":370},{\"@type\":\"BreadcrumbList\",\"@id\":\"https:\\\/\\\/www.musikzeitung.ch\\\/politik\\\/2014\\\/09\\\/deutscher-buehnenverein-will-navracsics-verhindern#breadcrumb\",\"itemListElement\":[{\"@type\":\"ListItem\",\"position\":1,\"name\":\"Home\",\"item\":\"https:\\\/\\\/www.musikzeitung.ch\\\/\"},{\"@type\":\"ListItem\",\"position\":2,\"name\":\"Deutscher B\u00fchnenverein will Navracsics verhindern\"}]},{\"@type\":\"WebSite\",\"@id\":\"https:\\\/\\\/www.musikzeitung.ch\\\/#website\",\"url\":\"https:\\\/\\\/www.musikzeitung.ch\\\/\",\"name\":\"Schweizer Musikzeitung\",\"description\":\"Die f\u00fchrende sparten\u00fcbergreifende Monatszeitung in der Schweiz f\u00fcr musikalische Fragen.\",\"publisher\":{\"@id\":\"https:\\\/\\\/www.musikzeitung.ch\\\/#organization\"},\"potentialAction\":[{\"@type\":\"SearchAction\",\"target\":{\"@type\":\"EntryPoint\",\"urlTemplate\":\"https:\\\/\\\/www.musikzeitung.ch\\\/?s={search_term_string}\"},\"query-input\":{\"@type\":\"PropertyValueSpecification\",\"valueRequired\":true,\"valueName\":\"search_term_string\"}}],\"inLanguage\":\"it-IT\"},{\"@type\":\"Organization\",\"@id\":\"https:\\\/\\\/www.musikzeitung.ch\\\/#organization\",\"name\":\"Schweizer Musikzeitung\",\"url\":\"https:\\\/\\\/www.musikzeitung.ch\\\/\",\"logo\":{\"@type\":\"ImageObject\",\"inLanguage\":\"it-IT\",\"@id\":\"https:\\\/\\\/www.musikzeitung.ch\\\/#\\\/schema\\\/logo\\\/image\\\/\",\"url\":\"https:\\\/\\\/www.musikzeitung.ch\\\/wp-content\\\/uploads\\\/2023\\\/01\\\/SMZ_Schriftzug_Sprache.png\",\"contentUrl\":\"https:\\\/\\\/www.musikzeitung.ch\\\/wp-content\\\/uploads\\\/2023\\\/01\\\/SMZ_Schriftzug_Sprache.png\",\"width\":1400,\"height\":279,\"caption\":\"Schweizer Musikzeitung\"},\"image\":{\"@id\":\"https:\\\/\\\/www.musikzeitung.ch\\\/#\\\/schema\\\/logo\\\/image\\\/\"},\"sameAs\":[\"https:\\\/\\\/www.facebook.com\\\/SchweizerMusikzeitung\\\/\",\"https:\\\/\\\/x.com\\\/smusikzeitung\",\"https:\\\/\\\/www.instagram.com\\\/musikzeitung.ch\\\/\"]},{\"@type\":\"Person\",\"@id\":\"https:\\\/\\\/www.musikzeitung.ch\\\/#\\\/schema\\\/person\\\/b2fd892c800856270b9dcc6001265712\",\"name\":\"Musikzeitung-Redaktion\",\"image\":{\"@type\":\"ImageObject\",\"inLanguage\":\"it-IT\",\"@id\":\"https:\\\/\\\/www.musikzeitung.ch\\\/wp-content\\\/uploads\\\/2022\\\/05\\\/usericon_musikzeitung-96x96.jpg\",\"url\":\"https:\\\/\\\/www.musikzeitung.ch\\\/wp-content\\\/uploads\\\/2022\\\/05\\\/usericon_musikzeitung-96x96.jpg\",\"contentUrl\":\"https:\\\/\\\/www.musikzeitung.ch\\\/wp-content\\\/uploads\\\/2022\\\/05\\\/usericon_musikzeitung-96x96.jpg\",\"caption\":\"Musikzeitung-Redaktion\"},\"url\":\"https:\\\/\\\/www.musikzeitung.ch\\\/it\\\/author\\\/admin\"}]}<\/script>\n<!-- \/ Yoast SEO plugin. -->","yoast_head_json":{"title":"L'Associazione tedesca dei palcoscenici vuole impedire Navracsics - Schweizer Musikzeitung","robots":{"index":"index","follow":"follow","max-snippet":"max-snippet:-1","max-image-preview":"max-image-preview:large","max-video-preview":"max-video-preview:-1"},"canonical":"https:\/\/www.musikzeitung.ch\/it\/politik\/2014\/09\/deutscher-buehnenverein-will-navracsics-verhindern\/","og_locale":"it_IT","og_type":"article","og_title":"Deutscher B\u00fchnenverein will Navracsics verhindern - Schweizer Musikzeitung","og_description":"Der Vorschlag von EU-Kommissionspr\u00e4sident Jean-Claude Juncker, den jetzigen ungarischen Aussenminister Tibor Navracsics zum EU-Kommissar f\u00fcr Bildung, Jugend, Kultur und B\u00fcrgergesellschaft zu berufen, st\u00f6sst beim Deutschen B\u00fchnenverein auf scharfe Ablehnung.","og_url":"https:\/\/www.musikzeitung.ch\/it\/politik\/2014\/09\/deutscher-buehnenverein-will-navracsics-verhindern\/","og_site_name":"Schweizer Musikzeitung","article_publisher":"https:\/\/www.facebook.com\/SchweizerMusikzeitung\/","article_published_time":"2014-09-22T23:00:00+00:00","og_image":[{"width":554,"height":370,"url":"https:\/\/www.musikzeitung.ch\/wp-content\/uploads\/2023\/01\/Miniszterelnokvalasztas03.jpg","type":"image\/jpeg"}],"author":"Musikzeitung-Redaktion","twitter_card":"summary_large_image","twitter_creator":"@smusikzeitung","twitter_site":"@smusikzeitung","twitter_misc":{"Scritto da":"Musikzeitung-Redaktion","Tempo di lettura stimato":"1 minuto"},"schema":{"@context":"https:\/\/schema.org","@graph":[{"@type":"Article","@id":"https:\/\/www.musikzeitung.ch\/politik\/2014\/09\/deutscher-buehnenverein-will-navracsics-verhindern#article","isPartOf":{"@id":"https:\/\/www.musikzeitung.ch\/politik\/2014\/09\/deutscher-buehnenverein-will-navracsics-verhindern"},"author":{"name":"Musikzeitung-Redaktion","@id":"https:\/\/www.musikzeitung.ch\/#\/schema\/person\/b2fd892c800856270b9dcc6001265712"},"headline":"Deutscher B\u00fchnenverein will Navracsics verhindern","datePublished":"2014-09-22T23:00:00+00:00","mainEntityOfPage":{"@id":"https:\/\/www.musikzeitung.ch\/politik\/2014\/09\/deutscher-buehnenverein-will-navracsics-verhindern"},"wordCount":211,"commentCount":0,"publisher":{"@id":"https:\/\/www.musikzeitung.ch\/#organization"},"image":{"@id":"https:\/\/www.musikzeitung.ch\/politik\/2014\/09\/deutscher-buehnenverein-will-navracsics-verhindern#primaryimage"},"thumbnailUrl":"https:\/\/www.musikzeitung.ch\/wp-content\/uploads\/2023\/01\/Miniszterelnokvalasztas03.jpg","articleSection":["International","Politik"],"inLanguage":"it-IT"},{"@type":"WebPage","@id":"https:\/\/www.musikzeitung.ch\/politik\/2014\/09\/deutscher-buehnenverein-will-navracsics-verhindern","url":"https:\/\/www.musikzeitung.ch\/politik\/2014\/09\/deutscher-buehnenverein-will-navracsics-verhindern","name":"L'Associazione tedesca dei palcoscenici vuole impedire Navracsics - Schweizer Musikzeitung","isPartOf":{"@id":"https:\/\/www.musikzeitung.ch\/#website"},"primaryImageOfPage":{"@id":"https:\/\/www.musikzeitung.ch\/politik\/2014\/09\/deutscher-buehnenverein-will-navracsics-verhindern#primaryimage"},"image":{"@id":"https:\/\/www.musikzeitung.ch\/politik\/2014\/09\/deutscher-buehnenverein-will-navracsics-verhindern#primaryimage"},"thumbnailUrl":"https:\/\/www.musikzeitung.ch\/wp-content\/uploads\/2023\/01\/Miniszterelnokvalasztas03.jpg","datePublished":"2014-09-22T23:00:00+00:00","breadcrumb":{"@id":"https:\/\/www.musikzeitung.ch\/politik\/2014\/09\/deutscher-buehnenverein-will-navracsics-verhindern#breadcrumb"},"inLanguage":"it-IT","potentialAction":[{"@type":"ReadAction","target":["https:\/\/www.musikzeitung.ch\/politik\/2014\/09\/deutscher-buehnenverein-will-navracsics-verhindern"]}]},{"@type":"ImageObject","inLanguage":"it-IT","@id":"https:\/\/www.musikzeitung.ch\/politik\/2014\/09\/deutscher-buehnenverein-will-navracsics-verhindern#primaryimage","url":"https:\/\/www.musikzeitung.ch\/wp-content\/uploads\/2023\/01\/Miniszterelnokvalasztas03.jpg","contentUrl":"https:\/\/www.musikzeitung.ch\/wp-content\/uploads\/2023\/01\/Miniszterelnokvalasztas03.jpg","width":554,"height":370},{"@type":"BreadcrumbList","@id":"https:\/\/www.musikzeitung.ch\/politik\/2014\/09\/deutscher-buehnenverein-will-navracsics-verhindern#breadcrumb","itemListElement":[{"@type":"ListItem","position":1,"name":"Home","item":"https:\/\/www.musikzeitung.ch\/"},{"@type":"ListItem","position":2,"name":"Deutscher B\u00fchnenverein will Navracsics verhindern"}]},{"@type":"WebSite","@id":"https:\/\/www.musikzeitung.ch\/#website","url":"https:\/\/www.musikzeitung.ch\/","name":"Giornale musicale svizzero","description":"Il principale mensile interdisciplinare della Svizzera per le questioni musicali.","publisher":{"@id":"https:\/\/www.musikzeitung.ch\/#organization"},"potentialAction":[{"@type":"SearchAction","target":{"@type":"EntryPoint","urlTemplate":"https:\/\/www.musikzeitung.ch\/?s={search_term_string}"},"query-input":{"@type":"PropertyValueSpecification","valueRequired":true,"valueName":"search_term_string"}}],"inLanguage":"it-IT"},{"@type":"Organization","@id":"https:\/\/www.musikzeitung.ch\/#organization","name":"Giornale musicale svizzero","url":"https:\/\/www.musikzeitung.ch\/","logo":{"@type":"ImageObject","inLanguage":"it-IT","@id":"https:\/\/www.musikzeitung.ch\/#\/schema\/logo\/image\/","url":"https:\/\/www.musikzeitung.ch\/wp-content\/uploads\/2023\/01\/SMZ_Schriftzug_Sprache.png","contentUrl":"https:\/\/www.musikzeitung.ch\/wp-content\/uploads\/2023\/01\/SMZ_Schriftzug_Sprache.png","width":1400,"height":279,"caption":"Schweizer Musikzeitung"},"image":{"@id":"https:\/\/www.musikzeitung.ch\/#\/schema\/logo\/image\/"},"sameAs":["https:\/\/www.facebook.com\/SchweizerMusikzeitung\/","https:\/\/x.com\/smusikzeitung","https:\/\/www.instagram.com\/musikzeitung.ch\/"]},{"@type":"Person","@id":"https:\/\/www.musikzeitung.ch\/#\/schema\/person\/b2fd892c800856270b9dcc6001265712","name":"Redazione Musikzeitung","image":{"@type":"ImageObject","inLanguage":"it-IT","@id":"https:\/\/www.musikzeitung.ch\/wp-content\/uploads\/2022\/05\/usericon_musikzeitung-96x96.jpg","url":"https:\/\/www.musikzeitung.ch\/wp-content\/uploads\/2022\/05\/usericon_musikzeitung-96x96.jpg","contentUrl":"https:\/\/www.musikzeitung.ch\/wp-content\/uploads\/2022\/05\/usericon_musikzeitung-96x96.jpg","caption":"Musikzeitung-Redaktion"},"url":"https:\/\/www.musikzeitung.ch\/it\/author\/admin"}]}},"publishpress_future_workflow_manual_trigger":{"enabledWorkflows":[]},"_links":{"self":[{"href":"https:\/\/www.musikzeitung.ch\/it\/wp-json\/wp\/v2\/posts\/4125","targetHints":{"allow":["GET"]}}],"collection":[{"href":"https:\/\/www.musikzeitung.ch\/it\/wp-json\/wp\/v2\/posts"}],"about":[{"href":"https:\/\/www.musikzeitung.ch\/it\/wp-json\/wp\/v2\/types\/post"}],"author":[{"embeddable":true,"href":"https:\/\/www.musikzeitung.ch\/it\/wp-json\/wp\/v2\/users\/1"}],"replies":[{"embeddable":true,"href":"https:\/\/www.musikzeitung.ch\/it\/wp-json\/wp\/v2\/comments?post=4125"}],"version-history":[{"count":0,"href":"https:\/\/www.musikzeitung.ch\/it\/wp-json\/wp\/v2\/posts\/4125\/revisions"}],"wp:featuredmedia":[{"embeddable":true,"href":"https:\/\/www.musikzeitung.ch\/it\/wp-json\/wp\/v2\/media\/4126"}],"wp:attachment":[{"href":"https:\/\/www.musikzeitung.ch\/it\/wp-json\/wp\/v2\/media?parent=4125"}],"wp:term":[{"taxonomy":"category","embeddable":true,"href":"https:\/\/www.musikzeitung.ch\/it\/wp-json\/wp\/v2\/categories?post=4125"},{"taxonomy":"post_tag","embeddable":true,"href":"https:\/\/www.musikzeitung.ch\/it\/wp-json\/wp\/v2\/tags?post=4125"}],"curies":[{"name":"wp","href":"https:\/\/api.w.org\/{rel}","templated":true}]}}