{"id":4127,"date":"2014-09-10T00:00:00","date_gmt":"2014-09-09T23:00:00","guid":{"rendered":"https:\/\/www.musikzeitung.ch\/allgemein\/eine-lobby-fuer-die-deutsche-schulmusik\/"},"modified":"2014-09-10T00:00:00","modified_gmt":"2014-09-09T23:00:00","slug":"eine-lobby-fuer-die-deutsche-schulmusik","status":"publish","type":"post","link":"https:\/\/www.musikzeitung.ch\/it\/politik\/2014\/09\/eine-lobby-fuer-die-deutsche-schulmusik","title":{"rendered":"Una lobby per la musica scolastica tedesca"},"content":{"rendered":"<figure style=\"width: 1200px\" class=\"wp-caption alignnone\"><img decoding=\"async\" class=\"size-full\" src=\"https:\/\/www.musikzeitung.ch\/wp-content\/uploads\/2023\/01\/Universitaet_Leipzig_-_Neues_Augusteum_und_Paulinum_April_2014.jpg\" alt=\"\" \/><figcaption class=\"wp-caption-text\">Universit\u00e0 di Lipsia, Neues Augusteum, una delle sedi della conferenza. Foto: Thomas W. Fiege, wikimedia commons<\/figcaption><\/figure>\n<div class='text-section'>\n<p>Un \"lungo processo di cooperazione collegiale\" tra AfS e VDS, sostenuto da una collaborazione sempre pi\u00f9 intensa a livello statale e nazionale, ha portato al primo congresso nazionale sull'educazione musicale organizzato congiuntamente a Weimar nel 2012 ed \u00e8 ora culminato nella fusione.<\/p>\n<p>La nuova associazione \"organizzer\u00e0 concorsi di educazione musicale, assegner\u00e0 premi e pubblicher\u00e0 pubblicazioni\" e promuover\u00e0 la formazione qualificata e l'aggiornamento degli insegnanti di musica. Il rafforzamento del tema della musica e dei suoi insegnanti, l'aumento della sua visibilit\u00e0 pubblica e il mantenimento dei contatti con la politica educativa negli Stati federali, a livello federale e con i Paesi europei limitrofi dovrebbero \"riuscire ancora meglio di prima con un'associazione potente, professionalmente posizionata e forte di membri\". <br \/> \u00a0<\/p>\n<\/div>","protected":false},"excerpt":{"rendered":"<p><strong>A Lipsia, nell'ambito del Congresso federale sull'educazione musicale, viene fondata l'Associazione federale tedesca per l'educazione musicale, un'associazione professionale per l'educazione musicale in cui alla fine dell'anno confluiranno l'Arbeitskreis f\u00fcr Schulmusik (AfS) e il Verband deutscher Schulmusiker (VDS).<\/strong><\/p>","protected":false},"author":1,"featured_media":4128,"comment_status":"open","ping_status":"open","sticky":false,"template":"","format":"standard","meta":{"_acf_changed":false,"_relevanssi_hide_post":"","_relevanssi_hide_content":"","_relevanssi_pin_for_all":"","_relevanssi_pin_keywords":"","_relevanssi_unpin_keywords":"","_relevanssi_related_keywords":"","_relevanssi_related_include_ids":"","_relevanssi_related_exclude_ids":"","_relevanssi_related_no_append":"","_relevanssi_related_not_related":"","_relevanssi_related_posts":"","_relevanssi_noindex_reason":"","pgc_sgb_lightbox_settings":"","footnotes":""},"categories":[872,767],"tags":[],"class_list":["post-4127","post","type-post","status-publish","format-standard","has-post-thumbnail","hentry","category-international","category-politik"],"acf":[],"yoast_head":"<!-- This site is optimized with the Yoast SEO plugin v27.4 - https:\/\/yoast.com\/product\/yoast-seo-wordpress\/ -->\n<title>Eine Lobby f\u00fcr die deutsche Schulmusik - Schweizer Musikzeitung<\/title>\n<meta name=\"robots\" content=\"index, follow, max-snippet:-1, max-image-preview:large, max-video-preview:-1\" \/>\n<link rel=\"canonical\" href=\"https:\/\/www.musikzeitung.ch\/it\/politik\/2014\/09\/eine-lobby-fuer-die-deutsche-schulmusik\/\" \/>\n<meta property=\"og:locale\" content=\"it_IT\" \/>\n<meta property=\"og:type\" content=\"article\" \/>\n<meta property=\"og:title\" content=\"Eine Lobby f\u00fcr die deutsche Schulmusik - Schweizer Musikzeitung\" \/>\n<meta property=\"og:description\" content=\"Im Rahmen eines Bundeskongresses Musikunterricht wird in Leipzig ein deutscher Bundesverband Musikunterricht gegr\u00fcndet, ein Fachverband f\u00fcr den Musikunterricht, in den der Arbeitskreis f\u00fcr Schulmusik (AfS) und der Verband deutscher Schulmusiker (VDS) zum Jahresende \u00fcbergehen werden.\" \/>\n<meta property=\"og:url\" content=\"https:\/\/www.musikzeitung.ch\/it\/politik\/2014\/09\/eine-lobby-fuer-die-deutsche-schulmusik\/\" \/>\n<meta property=\"og:site_name\" content=\"Schweizer Musikzeitung\" \/>\n<meta property=\"article:publisher\" content=\"https:\/\/www.facebook.com\/SchweizerMusikzeitung\/\" \/>\n<meta property=\"article:published_time\" content=\"2014-09-09T23:00:00+00:00\" \/>\n<meta property=\"og:image\" content=\"https:\/\/www.musikzeitung.ch\/wp-content\/uploads\/2023\/01\/Universitaet_Leipzig_-_Neues_Augusteum_und_Paulinum_April_2014.jpg\" \/>\n\t<meta property=\"og:image:width\" content=\"554\" \/>\n\t<meta property=\"og:image:height\" content=\"311\" \/>\n\t<meta property=\"og:image:type\" content=\"image\/jpeg\" \/>\n<meta name=\"author\" content=\"Musikzeitung-Redaktion\" \/>\n<meta name=\"twitter:card\" content=\"summary_large_image\" \/>\n<meta name=\"twitter:creator\" content=\"@smusikzeitung\" \/>\n<meta name=\"twitter:site\" content=\"@smusikzeitung\" \/>\n<meta name=\"twitter:label1\" content=\"Scritto da\" \/>\n\t<meta name=\"twitter:data1\" content=\"Musikzeitung-Redaktion\" \/>\n\t<meta name=\"twitter:label2\" content=\"Tempo di lettura stimato\" \/>\n\t<meta name=\"twitter:data2\" content=\"1 minuto\" \/>\n<script type=\"application\/ld+json\" class=\"yoast-schema-graph\">{\"@context\":\"https:\\\/\\\/schema.org\",\"@graph\":[{\"@type\":\"Article\",\"@id\":\"https:\\\/\\\/www.musikzeitung.ch\\\/politik\\\/2014\\\/09\\\/eine-lobby-fuer-die-deutsche-schulmusik#article\",\"isPartOf\":{\"@id\":\"https:\\\/\\\/www.musikzeitung.ch\\\/politik\\\/2014\\\/09\\\/eine-lobby-fuer-die-deutsche-schulmusik\"},\"author\":{\"name\":\"Musikzeitung-Redaktion\",\"@id\":\"https:\\\/\\\/www.musikzeitung.ch\\\/#\\\/schema\\\/person\\\/b2fd892c800856270b9dcc6001265712\"},\"headline\":\"Eine Lobby f\u00fcr die deutsche Schulmusik\",\"datePublished\":\"2014-09-09T23:00:00+00:00\",\"mainEntityOfPage\":{\"@id\":\"https:\\\/\\\/www.musikzeitung.ch\\\/politik\\\/2014\\\/09\\\/eine-lobby-fuer-die-deutsche-schulmusik\"},\"wordCount\":137,\"commentCount\":0,\"publisher\":{\"@id\":\"https:\\\/\\\/www.musikzeitung.ch\\\/#organization\"},\"image\":{\"@id\":\"https:\\\/\\\/www.musikzeitung.ch\\\/politik\\\/2014\\\/09\\\/eine-lobby-fuer-die-deutsche-schulmusik#primaryimage\"},\"thumbnailUrl\":\"https:\\\/\\\/www.musikzeitung.ch\\\/wp-content\\\/uploads\\\/2023\\\/01\\\/Universitaet_Leipzig_-_Neues_Augusteum_und_Paulinum_April_2014.jpg\",\"articleSection\":[\"International\",\"Politik\"],\"inLanguage\":\"it-IT\"},{\"@type\":\"WebPage\",\"@id\":\"https:\\\/\\\/www.musikzeitung.ch\\\/politik\\\/2014\\\/09\\\/eine-lobby-fuer-die-deutsche-schulmusik\",\"url\":\"https:\\\/\\\/www.musikzeitung.ch\\\/politik\\\/2014\\\/09\\\/eine-lobby-fuer-die-deutsche-schulmusik\",\"name\":\"Eine Lobby f\u00fcr die deutsche Schulmusik - Schweizer Musikzeitung\",\"isPartOf\":{\"@id\":\"https:\\\/\\\/www.musikzeitung.ch\\\/#website\"},\"primaryImageOfPage\":{\"@id\":\"https:\\\/\\\/www.musikzeitung.ch\\\/politik\\\/2014\\\/09\\\/eine-lobby-fuer-die-deutsche-schulmusik#primaryimage\"},\"image\":{\"@id\":\"https:\\\/\\\/www.musikzeitung.ch\\\/politik\\\/2014\\\/09\\\/eine-lobby-fuer-die-deutsche-schulmusik#primaryimage\"},\"thumbnailUrl\":\"https:\\\/\\\/www.musikzeitung.ch\\\/wp-content\\\/uploads\\\/2023\\\/01\\\/Universitaet_Leipzig_-_Neues_Augusteum_und_Paulinum_April_2014.jpg\",\"datePublished\":\"2014-09-09T23:00:00+00:00\",\"breadcrumb\":{\"@id\":\"https:\\\/\\\/www.musikzeitung.ch\\\/politik\\\/2014\\\/09\\\/eine-lobby-fuer-die-deutsche-schulmusik#breadcrumb\"},\"inLanguage\":\"it-IT\",\"potentialAction\":[{\"@type\":\"ReadAction\",\"target\":[\"https:\\\/\\\/www.musikzeitung.ch\\\/politik\\\/2014\\\/09\\\/eine-lobby-fuer-die-deutsche-schulmusik\"]}]},{\"@type\":\"ImageObject\",\"inLanguage\":\"it-IT\",\"@id\":\"https:\\\/\\\/www.musikzeitung.ch\\\/politik\\\/2014\\\/09\\\/eine-lobby-fuer-die-deutsche-schulmusik#primaryimage\",\"url\":\"https:\\\/\\\/www.musikzeitung.ch\\\/wp-content\\\/uploads\\\/2023\\\/01\\\/Universitaet_Leipzig_-_Neues_Augusteum_und_Paulinum_April_2014.jpg\",\"contentUrl\":\"https:\\\/\\\/www.musikzeitung.ch\\\/wp-content\\\/uploads\\\/2023\\\/01\\\/Universitaet_Leipzig_-_Neues_Augusteum_und_Paulinum_April_2014.jpg\",\"width\":554,\"height\":311},{\"@type\":\"BreadcrumbList\",\"@id\":\"https:\\\/\\\/www.musikzeitung.ch\\\/politik\\\/2014\\\/09\\\/eine-lobby-fuer-die-deutsche-schulmusik#breadcrumb\",\"itemListElement\":[{\"@type\":\"ListItem\",\"position\":1,\"name\":\"Home\",\"item\":\"https:\\\/\\\/www.musikzeitung.ch\\\/\"},{\"@type\":\"ListItem\",\"position\":2,\"name\":\"Eine Lobby f\u00fcr die deutsche Schulmusik\"}]},{\"@type\":\"WebSite\",\"@id\":\"https:\\\/\\\/www.musikzeitung.ch\\\/#website\",\"url\":\"https:\\\/\\\/www.musikzeitung.ch\\\/\",\"name\":\"Schweizer Musikzeitung\",\"description\":\"Die f\u00fchrende sparten\u00fcbergreifende Monatszeitung in der Schweiz f\u00fcr musikalische Fragen.\",\"publisher\":{\"@id\":\"https:\\\/\\\/www.musikzeitung.ch\\\/#organization\"},\"potentialAction\":[{\"@type\":\"SearchAction\",\"target\":{\"@type\":\"EntryPoint\",\"urlTemplate\":\"https:\\\/\\\/www.musikzeitung.ch\\\/?s={search_term_string}\"},\"query-input\":{\"@type\":\"PropertyValueSpecification\",\"valueRequired\":true,\"valueName\":\"search_term_string\"}}],\"inLanguage\":\"it-IT\"},{\"@type\":\"Organization\",\"@id\":\"https:\\\/\\\/www.musikzeitung.ch\\\/#organization\",\"name\":\"Schweizer Musikzeitung\",\"url\":\"https:\\\/\\\/www.musikzeitung.ch\\\/\",\"logo\":{\"@type\":\"ImageObject\",\"inLanguage\":\"it-IT\",\"@id\":\"https:\\\/\\\/www.musikzeitung.ch\\\/#\\\/schema\\\/logo\\\/image\\\/\",\"url\":\"https:\\\/\\\/www.musikzeitung.ch\\\/wp-content\\\/uploads\\\/2023\\\/01\\\/SMZ_Schriftzug_Sprache.png\",\"contentUrl\":\"https:\\\/\\\/www.musikzeitung.ch\\\/wp-content\\\/uploads\\\/2023\\\/01\\\/SMZ_Schriftzug_Sprache.png\",\"width\":1400,\"height\":279,\"caption\":\"Schweizer Musikzeitung\"},\"image\":{\"@id\":\"https:\\\/\\\/www.musikzeitung.ch\\\/#\\\/schema\\\/logo\\\/image\\\/\"},\"sameAs\":[\"https:\\\/\\\/www.facebook.com\\\/SchweizerMusikzeitung\\\/\",\"https:\\\/\\\/x.com\\\/smusikzeitung\",\"https:\\\/\\\/www.instagram.com\\\/musikzeitung.ch\\\/\"]},{\"@type\":\"Person\",\"@id\":\"https:\\\/\\\/www.musikzeitung.ch\\\/#\\\/schema\\\/person\\\/b2fd892c800856270b9dcc6001265712\",\"name\":\"Musikzeitung-Redaktion\",\"image\":{\"@type\":\"ImageObject\",\"inLanguage\":\"it-IT\",\"@id\":\"https:\\\/\\\/www.musikzeitung.ch\\\/wp-content\\\/uploads\\\/2022\\\/05\\\/usericon_musikzeitung-96x96.jpg\",\"url\":\"https:\\\/\\\/www.musikzeitung.ch\\\/wp-content\\\/uploads\\\/2022\\\/05\\\/usericon_musikzeitung-96x96.jpg\",\"contentUrl\":\"https:\\\/\\\/www.musikzeitung.ch\\\/wp-content\\\/uploads\\\/2022\\\/05\\\/usericon_musikzeitung-96x96.jpg\",\"caption\":\"Musikzeitung-Redaktion\"},\"url\":\"https:\\\/\\\/www.musikzeitung.ch\\\/it\\\/author\\\/admin\"}]}<\/script>\n<!-- \/ Yoast SEO plugin. -->","yoast_head_json":{"title":"Una lobby per la musica scolastica tedesca - Schweizer Musikzeitung","robots":{"index":"index","follow":"follow","max-snippet":"max-snippet:-1","max-image-preview":"max-image-preview:large","max-video-preview":"max-video-preview:-1"},"canonical":"https:\/\/www.musikzeitung.ch\/it\/politik\/2014\/09\/eine-lobby-fuer-die-deutsche-schulmusik\/","og_locale":"it_IT","og_type":"article","og_title":"Eine Lobby f\u00fcr die deutsche Schulmusik - Schweizer Musikzeitung","og_description":"Im Rahmen eines Bundeskongresses Musikunterricht wird in Leipzig ein deutscher Bundesverband Musikunterricht gegr\u00fcndet, ein Fachverband f\u00fcr den Musikunterricht, in den der Arbeitskreis f\u00fcr Schulmusik (AfS) und der Verband deutscher Schulmusiker (VDS) zum Jahresende \u00fcbergehen werden.","og_url":"https:\/\/www.musikzeitung.ch\/it\/politik\/2014\/09\/eine-lobby-fuer-die-deutsche-schulmusik\/","og_site_name":"Schweizer Musikzeitung","article_publisher":"https:\/\/www.facebook.com\/SchweizerMusikzeitung\/","article_published_time":"2014-09-09T23:00:00+00:00","og_image":[{"width":554,"height":311,"url":"https:\/\/www.musikzeitung.ch\/wp-content\/uploads\/2023\/01\/Universitaet_Leipzig_-_Neues_Augusteum_und_Paulinum_April_2014.jpg","type":"image\/jpeg"}],"author":"Musikzeitung-Redaktion","twitter_card":"summary_large_image","twitter_creator":"@smusikzeitung","twitter_site":"@smusikzeitung","twitter_misc":{"Scritto da":"Musikzeitung-Redaktion","Tempo di lettura stimato":"1 minuto"},"schema":{"@context":"https:\/\/schema.org","@graph":[{"@type":"Article","@id":"https:\/\/www.musikzeitung.ch\/politik\/2014\/09\/eine-lobby-fuer-die-deutsche-schulmusik#article","isPartOf":{"@id":"https:\/\/www.musikzeitung.ch\/politik\/2014\/09\/eine-lobby-fuer-die-deutsche-schulmusik"},"author":{"name":"Musikzeitung-Redaktion","@id":"https:\/\/www.musikzeitung.ch\/#\/schema\/person\/b2fd892c800856270b9dcc6001265712"},"headline":"Eine Lobby f\u00fcr die deutsche Schulmusik","datePublished":"2014-09-09T23:00:00+00:00","mainEntityOfPage":{"@id":"https:\/\/www.musikzeitung.ch\/politik\/2014\/09\/eine-lobby-fuer-die-deutsche-schulmusik"},"wordCount":137,"commentCount":0,"publisher":{"@id":"https:\/\/www.musikzeitung.ch\/#organization"},"image":{"@id":"https:\/\/www.musikzeitung.ch\/politik\/2014\/09\/eine-lobby-fuer-die-deutsche-schulmusik#primaryimage"},"thumbnailUrl":"https:\/\/www.musikzeitung.ch\/wp-content\/uploads\/2023\/01\/Universitaet_Leipzig_-_Neues_Augusteum_und_Paulinum_April_2014.jpg","articleSection":["International","Politik"],"inLanguage":"it-IT"},{"@type":"WebPage","@id":"https:\/\/www.musikzeitung.ch\/politik\/2014\/09\/eine-lobby-fuer-die-deutsche-schulmusik","url":"https:\/\/www.musikzeitung.ch\/politik\/2014\/09\/eine-lobby-fuer-die-deutsche-schulmusik","name":"Una lobby per la musica scolastica tedesca - Schweizer Musikzeitung","isPartOf":{"@id":"https:\/\/www.musikzeitung.ch\/#website"},"primaryImageOfPage":{"@id":"https:\/\/www.musikzeitung.ch\/politik\/2014\/09\/eine-lobby-fuer-die-deutsche-schulmusik#primaryimage"},"image":{"@id":"https:\/\/www.musikzeitung.ch\/politik\/2014\/09\/eine-lobby-fuer-die-deutsche-schulmusik#primaryimage"},"thumbnailUrl":"https:\/\/www.musikzeitung.ch\/wp-content\/uploads\/2023\/01\/Universitaet_Leipzig_-_Neues_Augusteum_und_Paulinum_April_2014.jpg","datePublished":"2014-09-09T23:00:00+00:00","breadcrumb":{"@id":"https:\/\/www.musikzeitung.ch\/politik\/2014\/09\/eine-lobby-fuer-die-deutsche-schulmusik#breadcrumb"},"inLanguage":"it-IT","potentialAction":[{"@type":"ReadAction","target":["https:\/\/www.musikzeitung.ch\/politik\/2014\/09\/eine-lobby-fuer-die-deutsche-schulmusik"]}]},{"@type":"ImageObject","inLanguage":"it-IT","@id":"https:\/\/www.musikzeitung.ch\/politik\/2014\/09\/eine-lobby-fuer-die-deutsche-schulmusik#primaryimage","url":"https:\/\/www.musikzeitung.ch\/wp-content\/uploads\/2023\/01\/Universitaet_Leipzig_-_Neues_Augusteum_und_Paulinum_April_2014.jpg","contentUrl":"https:\/\/www.musikzeitung.ch\/wp-content\/uploads\/2023\/01\/Universitaet_Leipzig_-_Neues_Augusteum_und_Paulinum_April_2014.jpg","width":554,"height":311},{"@type":"BreadcrumbList","@id":"https:\/\/www.musikzeitung.ch\/politik\/2014\/09\/eine-lobby-fuer-die-deutsche-schulmusik#breadcrumb","itemListElement":[{"@type":"ListItem","position":1,"name":"Home","item":"https:\/\/www.musikzeitung.ch\/"},{"@type":"ListItem","position":2,"name":"Eine Lobby f\u00fcr die deutsche Schulmusik"}]},{"@type":"WebSite","@id":"https:\/\/www.musikzeitung.ch\/#website","url":"https:\/\/www.musikzeitung.ch\/","name":"Giornale musicale svizzero","description":"Il principale mensile interdisciplinare della Svizzera per le questioni musicali.","publisher":{"@id":"https:\/\/www.musikzeitung.ch\/#organization"},"potentialAction":[{"@type":"SearchAction","target":{"@type":"EntryPoint","urlTemplate":"https:\/\/www.musikzeitung.ch\/?s={search_term_string}"},"query-input":{"@type":"PropertyValueSpecification","valueRequired":true,"valueName":"search_term_string"}}],"inLanguage":"it-IT"},{"@type":"Organization","@id":"https:\/\/www.musikzeitung.ch\/#organization","name":"Giornale musicale svizzero","url":"https:\/\/www.musikzeitung.ch\/","logo":{"@type":"ImageObject","inLanguage":"it-IT","@id":"https:\/\/www.musikzeitung.ch\/#\/schema\/logo\/image\/","url":"https:\/\/www.musikzeitung.ch\/wp-content\/uploads\/2023\/01\/SMZ_Schriftzug_Sprache.png","contentUrl":"https:\/\/www.musikzeitung.ch\/wp-content\/uploads\/2023\/01\/SMZ_Schriftzug_Sprache.png","width":1400,"height":279,"caption":"Schweizer Musikzeitung"},"image":{"@id":"https:\/\/www.musikzeitung.ch\/#\/schema\/logo\/image\/"},"sameAs":["https:\/\/www.facebook.com\/SchweizerMusikzeitung\/","https:\/\/x.com\/smusikzeitung","https:\/\/www.instagram.com\/musikzeitung.ch\/"]},{"@type":"Person","@id":"https:\/\/www.musikzeitung.ch\/#\/schema\/person\/b2fd892c800856270b9dcc6001265712","name":"Redazione Musikzeitung","image":{"@type":"ImageObject","inLanguage":"it-IT","@id":"https:\/\/www.musikzeitung.ch\/wp-content\/uploads\/2022\/05\/usericon_musikzeitung-96x96.jpg","url":"https:\/\/www.musikzeitung.ch\/wp-content\/uploads\/2022\/05\/usericon_musikzeitung-96x96.jpg","contentUrl":"https:\/\/www.musikzeitung.ch\/wp-content\/uploads\/2022\/05\/usericon_musikzeitung-96x96.jpg","caption":"Musikzeitung-Redaktion"},"url":"https:\/\/www.musikzeitung.ch\/it\/author\/admin"}]}},"publishpress_future_workflow_manual_trigger":{"enabledWorkflows":[]},"_links":{"self":[{"href":"https:\/\/www.musikzeitung.ch\/it\/wp-json\/wp\/v2\/posts\/4127","targetHints":{"allow":["GET"]}}],"collection":[{"href":"https:\/\/www.musikzeitung.ch\/it\/wp-json\/wp\/v2\/posts"}],"about":[{"href":"https:\/\/www.musikzeitung.ch\/it\/wp-json\/wp\/v2\/types\/post"}],"author":[{"embeddable":true,"href":"https:\/\/www.musikzeitung.ch\/it\/wp-json\/wp\/v2\/users\/1"}],"replies":[{"embeddable":true,"href":"https:\/\/www.musikzeitung.ch\/it\/wp-json\/wp\/v2\/comments?post=4127"}],"version-history":[{"count":0,"href":"https:\/\/www.musikzeitung.ch\/it\/wp-json\/wp\/v2\/posts\/4127\/revisions"}],"wp:featuredmedia":[{"embeddable":true,"href":"https:\/\/www.musikzeitung.ch\/it\/wp-json\/wp\/v2\/media\/4128"}],"wp:attachment":[{"href":"https:\/\/www.musikzeitung.ch\/it\/wp-json\/wp\/v2\/media?parent=4127"}],"wp:term":[{"taxonomy":"category","embeddable":true,"href":"https:\/\/www.musikzeitung.ch\/it\/wp-json\/wp\/v2\/categories?post=4127"},{"taxonomy":"post_tag","embeddable":true,"href":"https:\/\/www.musikzeitung.ch\/it\/wp-json\/wp\/v2\/tags?post=4127"}],"curies":[{"name":"wp","href":"https:\/\/api.w.org\/{rel}","templated":true}]}}