{"id":41563,"date":"2023-02-23T06:35:35","date_gmt":"2023-02-23T05:35:35","guid":{"rendered":"https:\/\/www.musikzeitung.ch\/?p=41563"},"modified":"2023-02-23T15:28:18","modified_gmt":"2023-02-23T14:28:18","slug":"tod-des-hackbrettspieler-karl-rechsteiner","status":"publish","type":"post","link":"https:\/\/www.musikzeitung.ch\/it\/news\/2023\/02\/tod-des-hackbrettspieler-karl-rechsteiner","title":{"rendered":"Morte del suonatore di dulcimer Karl Rechsteiner"},"content":{"rendered":"<figure id=\"attachment_41564\" aria-describedby=\"caption-attachment-41564\" style=\"width: 504px\" class=\"wp-caption aligncenter\"><img loading=\"lazy\" decoding=\"async\" class=\"wp-image-41564\" src=\"https:\/\/www.musikzeitung.ch\/wp-content\/uploads\/2023\/02\/230223rechsteiner.jpg\" alt=\"\" width=\"504\" height=\"355\" srcset=\"https:\/\/www.musikzeitung.ch\/wp-content\/uploads\/2023\/02\/230223rechsteiner.jpg 1148w, https:\/\/www.musikzeitung.ch\/wp-content\/uploads\/2023\/02\/230223rechsteiner-300x211.jpg 300w, https:\/\/www.musikzeitung.ch\/wp-content\/uploads\/2023\/02\/230223rechsteiner-1024x721.jpg 1024w, https:\/\/www.musikzeitung.ch\/wp-content\/uploads\/2023\/02\/230223rechsteiner-768x541.jpg 768w, https:\/\/www.musikzeitung.ch\/wp-content\/uploads\/2023\/02\/230223rechsteiner-249x175.jpg 249w, https:\/\/www.musikzeitung.ch\/wp-content\/uploads\/2023\/02\/230223rechsteiner-497x350.jpg 497w, https:\/\/www.musikzeitung.ch\/wp-content\/uploads\/2023\/02\/230223rechsteiner-1137x800.jpg 1137w, https:\/\/www.musikzeitung.ch\/wp-content\/uploads\/2023\/02\/230223rechsteiner-920x648.jpg 920w\" sizes=\"auto, (max-width: 504px) 100vw, 504px\" \/><figcaption id=\"caption-attachment-41564\" class=\"wp-caption-text\">Karl Rechsteiner (Immagine: zVg)<\/figcaption><\/figure>\n<p>Karl Rechsteiner ha acquistato un dulcimer Appenzell solo all'et\u00e0 di 50 anni e ha imparato a suonare da solo lo strumento dei suoi sogni. Dopo essere andato in pensione come macchinista delle FFS, inizi\u00f2 una seconda carriera come direttore di vari cori e come musicista. Ha arricchito il repertorio dello Stubemusig con composizioni proprie.<\/p>\n<p>\u00c8 diventato famoso quando il suo Stubemusig ha creato la colonna sonora del film svizzero di successo \"Herbstzeitlosen\" con Stephanie Glaser e Heidi Maria Gl\u00f6ssner. I momenti salienti delle sue apparizioni sono stati la prima del film \"Herbstzeitlosen\" con la sua musica in Piazza Grande a Locarno, l'intervista televisiva con Kurt Aeschbacher e l'esibizione con Gustav, Marc Sway e l'ex Consigliere federale Evelyn Widmer-Schlumpf in occasione dei festeggiamenti per il 100\u00b0 anniversario di Pro Senectute nella Festhalle di Berna.<\/p>","protected":false},"excerpt":{"rendered":"<p>Karl Rechsteiner, suonatore di dulcimer conosciuto ben oltre la regione di Berna, \u00e8 morto all'et\u00e0 di 98 anni. Era noto soprattutto per la musica del suo Stubemusig Rechsteiner nel film di successo \"Die Herbstzeitlosen\".<\/p>","protected":false},"author":30,"featured_media":41564,"comment_status":"closed","ping_status":"closed","sticky":false,"template":"","format":"standard","meta":{"_acf_changed":false,"_relevanssi_hide_post":"","_relevanssi_hide_content":"","_relevanssi_pin_for_all":"","_relevanssi_pin_keywords":"","_relevanssi_unpin_keywords":"","_relevanssi_related_keywords":"","_relevanssi_related_include_ids":"","_relevanssi_related_exclude_ids":"","_relevanssi_related_no_append":"","_relevanssi_related_not_related":"","_relevanssi_related_posts":"","_relevanssi_noindex_reason":"","pgc_sgb_lightbox_settings":"","footnotes":""},"categories":[27],"tags":[2073,2072],"class_list":["post-41563","post","type-post","status-publish","format-standard","has-post-thumbnail","hentry","category-news","tag-appenzeller-hackbrett","tag-karl-rechsteiner"],"acf":[],"yoast_head":"<!-- This site is optimized with the Yoast SEO plugin v27.4 - https:\/\/yoast.com\/product\/yoast-seo-wordpress\/ -->\n<title>Tod des Hackbrettspielers Karl Rechsteiner - Schweizer Musikzeitung<\/title>\n<meta name=\"robots\" content=\"index, follow, max-snippet:-1, max-image-preview:large, max-video-preview:-1\" \/>\n<link rel=\"canonical\" href=\"https:\/\/www.musikzeitung.ch\/it\/news\/2023\/02\/tod-des-hackbrettspieler-karl-rechsteiner\/\" \/>\n<meta property=\"og:locale\" content=\"it_IT\" \/>\n<meta property=\"og:type\" content=\"article\" \/>\n<meta property=\"og:title\" content=\"Tod des Hackbrettspielers Karl Rechsteiner - Schweizer Musikzeitung\" \/>\n<meta property=\"og:description\" content=\"Der weit \u00fcber die Region Bern hinaus bekannte Hackbrettspieler Karl Rechsteiner ist im Alter von 98 Jahren gestorben. Bekannt wurde er vor allem durch die Musik seiner Stubemusig Rechsteiner im Erfolgsfilm \u00abDie Herbstzeitlosen\u00bb.\" \/>\n<meta property=\"og:url\" content=\"https:\/\/www.musikzeitung.ch\/it\/news\/2023\/02\/tod-des-hackbrettspieler-karl-rechsteiner\/\" \/>\n<meta property=\"og:site_name\" content=\"Schweizer Musikzeitung\" \/>\n<meta property=\"article:publisher\" content=\"https:\/\/www.facebook.com\/SchweizerMusikzeitung\/\" \/>\n<meta property=\"article:author\" content=\"https:\/\/www.facebook.com\/wolfgang.bohler.75\" \/>\n<meta property=\"article:published_time\" content=\"2023-02-23T05:35:35+00:00\" \/>\n<meta property=\"article:modified_time\" content=\"2023-02-23T14:28:18+00:00\" \/>\n<meta property=\"og:image\" content=\"https:\/\/www.musikzeitung.ch\/wp-content\/uploads\/2023\/02\/230223rechsteiner.jpg\" \/>\n\t<meta property=\"og:image:width\" content=\"1148\" \/>\n\t<meta property=\"og:image:height\" content=\"808\" \/>\n\t<meta property=\"og:image:type\" content=\"image\/jpeg\" \/>\n<meta name=\"author\" content=\"Wolfgang B\u00f6hler\" \/>\n<meta name=\"twitter:card\" content=\"summary_large_image\" \/>\n<meta name=\"twitter:creator\" content=\"@smusikzeitung\" \/>\n<meta name=\"twitter:site\" content=\"@smusikzeitung\" \/>\n<meta name=\"twitter:label1\" content=\"Scritto da\" \/>\n\t<meta name=\"twitter:data1\" content=\"Wolfgang B\u00f6hler\" \/>\n\t<meta name=\"twitter:label2\" content=\"Tempo di lettura stimato\" \/>\n\t<meta name=\"twitter:data2\" content=\"1 minuto\" \/>\n<script type=\"application\/ld+json\" class=\"yoast-schema-graph\">{\"@context\":\"https:\\\/\\\/schema.org\",\"@graph\":[{\"@type\":\"Article\",\"@id\":\"https:\\\/\\\/www.musikzeitung.ch\\\/news\\\/2023\\\/02\\\/tod-des-hackbrettspieler-karl-rechsteiner#article\",\"isPartOf\":{\"@id\":\"https:\\\/\\\/www.musikzeitung.ch\\\/news\\\/2023\\\/02\\\/tod-des-hackbrettspieler-karl-rechsteiner\"},\"author\":{\"name\":\"Wolfgang B\u00f6hler\",\"@id\":\"https:\\\/\\\/www.musikzeitung.ch\\\/#\\\/schema\\\/person\\\/0da4fb82d243f1252850a35d0e87cf0c\"},\"headline\":\"Tod des Hackbrettspielers Karl Rechsteiner\",\"datePublished\":\"2023-02-23T05:35:35+00:00\",\"dateModified\":\"2023-02-23T14:28:18+00:00\",\"mainEntityOfPage\":{\"@id\":\"https:\\\/\\\/www.musikzeitung.ch\\\/news\\\/2023\\\/02\\\/tod-des-hackbrettspieler-karl-rechsteiner\"},\"wordCount\":130,\"publisher\":{\"@id\":\"https:\\\/\\\/www.musikzeitung.ch\\\/#organization\"},\"image\":{\"@id\":\"https:\\\/\\\/www.musikzeitung.ch\\\/news\\\/2023\\\/02\\\/tod-des-hackbrettspieler-karl-rechsteiner#primaryimage\"},\"thumbnailUrl\":\"https:\\\/\\\/www.musikzeitung.ch\\\/wp-content\\\/uploads\\\/2023\\\/02\\\/230223rechsteiner.jpg\",\"keywords\":[\"Appenzeller Hackbrett\",\"Karl Rechsteiner\"],\"articleSection\":[\"News\"],\"inLanguage\":\"it-IT\"},{\"@type\":\"WebPage\",\"@id\":\"https:\\\/\\\/www.musikzeitung.ch\\\/news\\\/2023\\\/02\\\/tod-des-hackbrettspieler-karl-rechsteiner\",\"url\":\"https:\\\/\\\/www.musikzeitung.ch\\\/news\\\/2023\\\/02\\\/tod-des-hackbrettspieler-karl-rechsteiner\",\"name\":\"Tod des Hackbrettspielers Karl Rechsteiner - Schweizer Musikzeitung\",\"isPartOf\":{\"@id\":\"https:\\\/\\\/www.musikzeitung.ch\\\/#website\"},\"primaryImageOfPage\":{\"@id\":\"https:\\\/\\\/www.musikzeitung.ch\\\/news\\\/2023\\\/02\\\/tod-des-hackbrettspieler-karl-rechsteiner#primaryimage\"},\"image\":{\"@id\":\"https:\\\/\\\/www.musikzeitung.ch\\\/news\\\/2023\\\/02\\\/tod-des-hackbrettspieler-karl-rechsteiner#primaryimage\"},\"thumbnailUrl\":\"https:\\\/\\\/www.musikzeitung.ch\\\/wp-content\\\/uploads\\\/2023\\\/02\\\/230223rechsteiner.jpg\",\"datePublished\":\"2023-02-23T05:35:35+00:00\",\"dateModified\":\"2023-02-23T14:28:18+00:00\",\"breadcrumb\":{\"@id\":\"https:\\\/\\\/www.musikzeitung.ch\\\/news\\\/2023\\\/02\\\/tod-des-hackbrettspieler-karl-rechsteiner#breadcrumb\"},\"inLanguage\":\"it-IT\",\"potentialAction\":[{\"@type\":\"ReadAction\",\"target\":[\"https:\\\/\\\/www.musikzeitung.ch\\\/news\\\/2023\\\/02\\\/tod-des-hackbrettspieler-karl-rechsteiner\"]}]},{\"@type\":\"ImageObject\",\"inLanguage\":\"it-IT\",\"@id\":\"https:\\\/\\\/www.musikzeitung.ch\\\/news\\\/2023\\\/02\\\/tod-des-hackbrettspieler-karl-rechsteiner#primaryimage\",\"url\":\"https:\\\/\\\/www.musikzeitung.ch\\\/wp-content\\\/uploads\\\/2023\\\/02\\\/230223rechsteiner.jpg\",\"contentUrl\":\"https:\\\/\\\/www.musikzeitung.ch\\\/wp-content\\\/uploads\\\/2023\\\/02\\\/230223rechsteiner.jpg\",\"width\":1148,\"height\":808,\"caption\":\"Kari Rechsteiner (Bild: zVg)\"},{\"@type\":\"BreadcrumbList\",\"@id\":\"https:\\\/\\\/www.musikzeitung.ch\\\/news\\\/2023\\\/02\\\/tod-des-hackbrettspieler-karl-rechsteiner#breadcrumb\",\"itemListElement\":[{\"@type\":\"ListItem\",\"position\":1,\"name\":\"Home\",\"item\":\"https:\\\/\\\/www.musikzeitung.ch\\\/\"},{\"@type\":\"ListItem\",\"position\":2,\"name\":\"Tod des Hackbrettspielers Karl Rechsteiner\"}]},{\"@type\":\"WebSite\",\"@id\":\"https:\\\/\\\/www.musikzeitung.ch\\\/#website\",\"url\":\"https:\\\/\\\/www.musikzeitung.ch\\\/\",\"name\":\"Schweizer Musikzeitung\",\"description\":\"Die f\u00fchrende sparten\u00fcbergreifende Monatszeitung in der Schweiz f\u00fcr musikalische Fragen.\",\"publisher\":{\"@id\":\"https:\\\/\\\/www.musikzeitung.ch\\\/#organization\"},\"potentialAction\":[{\"@type\":\"SearchAction\",\"target\":{\"@type\":\"EntryPoint\",\"urlTemplate\":\"https:\\\/\\\/www.musikzeitung.ch\\\/?s={search_term_string}\"},\"query-input\":{\"@type\":\"PropertyValueSpecification\",\"valueRequired\":true,\"valueName\":\"search_term_string\"}}],\"inLanguage\":\"it-IT\"},{\"@type\":\"Organization\",\"@id\":\"https:\\\/\\\/www.musikzeitung.ch\\\/#organization\",\"name\":\"Schweizer Musikzeitung\",\"url\":\"https:\\\/\\\/www.musikzeitung.ch\\\/\",\"logo\":{\"@type\":\"ImageObject\",\"inLanguage\":\"it-IT\",\"@id\":\"https:\\\/\\\/www.musikzeitung.ch\\\/#\\\/schema\\\/logo\\\/image\\\/\",\"url\":\"https:\\\/\\\/www.musikzeitung.ch\\\/wp-content\\\/uploads\\\/2023\\\/01\\\/SMZ_Schriftzug_Sprache.png\",\"contentUrl\":\"https:\\\/\\\/www.musikzeitung.ch\\\/wp-content\\\/uploads\\\/2023\\\/01\\\/SMZ_Schriftzug_Sprache.png\",\"width\":1400,\"height\":279,\"caption\":\"Schweizer Musikzeitung\"},\"image\":{\"@id\":\"https:\\\/\\\/www.musikzeitung.ch\\\/#\\\/schema\\\/logo\\\/image\\\/\"},\"sameAs\":[\"https:\\\/\\\/www.facebook.com\\\/SchweizerMusikzeitung\\\/\",\"https:\\\/\\\/x.com\\\/smusikzeitung\",\"https:\\\/\\\/www.instagram.com\\\/musikzeitung.ch\\\/\"]},{\"@type\":\"Person\",\"@id\":\"https:\\\/\\\/www.musikzeitung.ch\\\/#\\\/schema\\\/person\\\/0da4fb82d243f1252850a35d0e87cf0c\",\"name\":\"Wolfgang B\u00f6hler\",\"image\":{\"@type\":\"ImageObject\",\"inLanguage\":\"it-IT\",\"@id\":\"https:\\\/\\\/www.musikzeitung.ch\\\/wp-content\\\/uploads\\\/2023\\\/01\\\/boehler_portraet_web-e1674139782246-96x96.jpg\",\"url\":\"https:\\\/\\\/www.musikzeitung.ch\\\/wp-content\\\/uploads\\\/2023\\\/01\\\/boehler_portraet_web-e1674139782246-96x96.jpg\",\"contentUrl\":\"https:\\\/\\\/www.musikzeitung.ch\\\/wp-content\\\/uploads\\\/2023\\\/01\\\/boehler_portraet_web-e1674139782246-96x96.jpg\",\"caption\":\"Wolfgang B\u00f6hler\"},\"sameAs\":[\"http:\\\/\\\/www.manacanto.ch\",\"https:\\\/\\\/www.facebook.com\\\/wolfgang.bohler.75\"],\"url\":\"https:\\\/\\\/www.musikzeitung.ch\\\/it\\\/author\\\/wolfgang-boehler\"}]}<\/script>\n<!-- \/ Yoast SEO plugin. -->","yoast_head_json":{"title":"Tod des Hackbrettspielers Karl Rechsteiner - Schweizer Musikzeitung","robots":{"index":"index","follow":"follow","max-snippet":"max-snippet:-1","max-image-preview":"max-image-preview:large","max-video-preview":"max-video-preview:-1"},"canonical":"https:\/\/www.musikzeitung.ch\/it\/news\/2023\/02\/tod-des-hackbrettspieler-karl-rechsteiner\/","og_locale":"it_IT","og_type":"article","og_title":"Tod des Hackbrettspielers Karl Rechsteiner - Schweizer Musikzeitung","og_description":"Der weit \u00fcber die Region Bern hinaus bekannte Hackbrettspieler Karl Rechsteiner ist im Alter von 98 Jahren gestorben. Bekannt wurde er vor allem durch die Musik seiner Stubemusig Rechsteiner im Erfolgsfilm \u00abDie Herbstzeitlosen\u00bb.","og_url":"https:\/\/www.musikzeitung.ch\/it\/news\/2023\/02\/tod-des-hackbrettspieler-karl-rechsteiner\/","og_site_name":"Schweizer Musikzeitung","article_publisher":"https:\/\/www.facebook.com\/SchweizerMusikzeitung\/","article_author":"https:\/\/www.facebook.com\/wolfgang.bohler.75","article_published_time":"2023-02-23T05:35:35+00:00","article_modified_time":"2023-02-23T14:28:18+00:00","og_image":[{"width":1148,"height":808,"url":"https:\/\/www.musikzeitung.ch\/wp-content\/uploads\/2023\/02\/230223rechsteiner.jpg","type":"image\/jpeg"}],"author":"Wolfgang B\u00f6hler","twitter_card":"summary_large_image","twitter_creator":"@smusikzeitung","twitter_site":"@smusikzeitung","twitter_misc":{"Scritto da":"Wolfgang B\u00f6hler","Tempo di lettura stimato":"1 minuto"},"schema":{"@context":"https:\/\/schema.org","@graph":[{"@type":"Article","@id":"https:\/\/www.musikzeitung.ch\/news\/2023\/02\/tod-des-hackbrettspieler-karl-rechsteiner#article","isPartOf":{"@id":"https:\/\/www.musikzeitung.ch\/news\/2023\/02\/tod-des-hackbrettspieler-karl-rechsteiner"},"author":{"name":"Wolfgang B\u00f6hler","@id":"https:\/\/www.musikzeitung.ch\/#\/schema\/person\/0da4fb82d243f1252850a35d0e87cf0c"},"headline":"Tod des Hackbrettspielers Karl Rechsteiner","datePublished":"2023-02-23T05:35:35+00:00","dateModified":"2023-02-23T14:28:18+00:00","mainEntityOfPage":{"@id":"https:\/\/www.musikzeitung.ch\/news\/2023\/02\/tod-des-hackbrettspieler-karl-rechsteiner"},"wordCount":130,"publisher":{"@id":"https:\/\/www.musikzeitung.ch\/#organization"},"image":{"@id":"https:\/\/www.musikzeitung.ch\/news\/2023\/02\/tod-des-hackbrettspieler-karl-rechsteiner#primaryimage"},"thumbnailUrl":"https:\/\/www.musikzeitung.ch\/wp-content\/uploads\/2023\/02\/230223rechsteiner.jpg","keywords":["Appenzeller Hackbrett","Karl Rechsteiner"],"articleSection":["News"],"inLanguage":"it-IT"},{"@type":"WebPage","@id":"https:\/\/www.musikzeitung.ch\/news\/2023\/02\/tod-des-hackbrettspieler-karl-rechsteiner","url":"https:\/\/www.musikzeitung.ch\/news\/2023\/02\/tod-des-hackbrettspieler-karl-rechsteiner","name":"Tod des Hackbrettspielers Karl Rechsteiner - Schweizer Musikzeitung","isPartOf":{"@id":"https:\/\/www.musikzeitung.ch\/#website"},"primaryImageOfPage":{"@id":"https:\/\/www.musikzeitung.ch\/news\/2023\/02\/tod-des-hackbrettspieler-karl-rechsteiner#primaryimage"},"image":{"@id":"https:\/\/www.musikzeitung.ch\/news\/2023\/02\/tod-des-hackbrettspieler-karl-rechsteiner#primaryimage"},"thumbnailUrl":"https:\/\/www.musikzeitung.ch\/wp-content\/uploads\/2023\/02\/230223rechsteiner.jpg","datePublished":"2023-02-23T05:35:35+00:00","dateModified":"2023-02-23T14:28:18+00:00","breadcrumb":{"@id":"https:\/\/www.musikzeitung.ch\/news\/2023\/02\/tod-des-hackbrettspieler-karl-rechsteiner#breadcrumb"},"inLanguage":"it-IT","potentialAction":[{"@type":"ReadAction","target":["https:\/\/www.musikzeitung.ch\/news\/2023\/02\/tod-des-hackbrettspieler-karl-rechsteiner"]}]},{"@type":"ImageObject","inLanguage":"it-IT","@id":"https:\/\/www.musikzeitung.ch\/news\/2023\/02\/tod-des-hackbrettspieler-karl-rechsteiner#primaryimage","url":"https:\/\/www.musikzeitung.ch\/wp-content\/uploads\/2023\/02\/230223rechsteiner.jpg","contentUrl":"https:\/\/www.musikzeitung.ch\/wp-content\/uploads\/2023\/02\/230223rechsteiner.jpg","width":1148,"height":808,"caption":"Kari Rechsteiner (Bild: zVg)"},{"@type":"BreadcrumbList","@id":"https:\/\/www.musikzeitung.ch\/news\/2023\/02\/tod-des-hackbrettspieler-karl-rechsteiner#breadcrumb","itemListElement":[{"@type":"ListItem","position":1,"name":"Home","item":"https:\/\/www.musikzeitung.ch\/"},{"@type":"ListItem","position":2,"name":"Tod des Hackbrettspielers Karl Rechsteiner"}]},{"@type":"WebSite","@id":"https:\/\/www.musikzeitung.ch\/#website","url":"https:\/\/www.musikzeitung.ch\/","name":"Giornale musicale svizzero","description":"Il principale mensile interdisciplinare della Svizzera per le questioni musicali.","publisher":{"@id":"https:\/\/www.musikzeitung.ch\/#organization"},"potentialAction":[{"@type":"SearchAction","target":{"@type":"EntryPoint","urlTemplate":"https:\/\/www.musikzeitung.ch\/?s={search_term_string}"},"query-input":{"@type":"PropertyValueSpecification","valueRequired":true,"valueName":"search_term_string"}}],"inLanguage":"it-IT"},{"@type":"Organization","@id":"https:\/\/www.musikzeitung.ch\/#organization","name":"Giornale musicale svizzero","url":"https:\/\/www.musikzeitung.ch\/","logo":{"@type":"ImageObject","inLanguage":"it-IT","@id":"https:\/\/www.musikzeitung.ch\/#\/schema\/logo\/image\/","url":"https:\/\/www.musikzeitung.ch\/wp-content\/uploads\/2023\/01\/SMZ_Schriftzug_Sprache.png","contentUrl":"https:\/\/www.musikzeitung.ch\/wp-content\/uploads\/2023\/01\/SMZ_Schriftzug_Sprache.png","width":1400,"height":279,"caption":"Schweizer Musikzeitung"},"image":{"@id":"https:\/\/www.musikzeitung.ch\/#\/schema\/logo\/image\/"},"sameAs":["https:\/\/www.facebook.com\/SchweizerMusikzeitung\/","https:\/\/x.com\/smusikzeitung","https:\/\/www.instagram.com\/musikzeitung.ch\/"]},{"@type":"Person","@id":"https:\/\/www.musikzeitung.ch\/#\/schema\/person\/0da4fb82d243f1252850a35d0e87cf0c","name":"Wolfgang B\u00f6hler","image":{"@type":"ImageObject","inLanguage":"it-IT","@id":"https:\/\/www.musikzeitung.ch\/wp-content\/uploads\/2023\/01\/boehler_portraet_web-e1674139782246-96x96.jpg","url":"https:\/\/www.musikzeitung.ch\/wp-content\/uploads\/2023\/01\/boehler_portraet_web-e1674139782246-96x96.jpg","contentUrl":"https:\/\/www.musikzeitung.ch\/wp-content\/uploads\/2023\/01\/boehler_portraet_web-e1674139782246-96x96.jpg","caption":"Wolfgang B\u00f6hler"},"sameAs":["http:\/\/www.manacanto.ch","https:\/\/www.facebook.com\/wolfgang.bohler.75"],"url":"https:\/\/www.musikzeitung.ch\/it\/author\/wolfgang-boehler"}]}},"publishpress_future_workflow_manual_trigger":{"enabledWorkflows":[]},"_links":{"self":[{"href":"https:\/\/www.musikzeitung.ch\/it\/wp-json\/wp\/v2\/posts\/41563","targetHints":{"allow":["GET"]}}],"collection":[{"href":"https:\/\/www.musikzeitung.ch\/it\/wp-json\/wp\/v2\/posts"}],"about":[{"href":"https:\/\/www.musikzeitung.ch\/it\/wp-json\/wp\/v2\/types\/post"}],"author":[{"embeddable":true,"href":"https:\/\/www.musikzeitung.ch\/it\/wp-json\/wp\/v2\/users\/30"}],"replies":[{"embeddable":true,"href":"https:\/\/www.musikzeitung.ch\/it\/wp-json\/wp\/v2\/comments?post=41563"}],"version-history":[{"count":2,"href":"https:\/\/www.musikzeitung.ch\/it\/wp-json\/wp\/v2\/posts\/41563\/revisions"}],"predecessor-version":[{"id":41566,"href":"https:\/\/www.musikzeitung.ch\/it\/wp-json\/wp\/v2\/posts\/41563\/revisions\/41566"}],"wp:featuredmedia":[{"embeddable":true,"href":"https:\/\/www.musikzeitung.ch\/it\/wp-json\/wp\/v2\/media\/41564"}],"wp:attachment":[{"href":"https:\/\/www.musikzeitung.ch\/it\/wp-json\/wp\/v2\/media?parent=41563"}],"wp:term":[{"taxonomy":"category","embeddable":true,"href":"https:\/\/www.musikzeitung.ch\/it\/wp-json\/wp\/v2\/categories?post=41563"},{"taxonomy":"post_tag","embeddable":true,"href":"https:\/\/www.musikzeitung.ch\/it\/wp-json\/wp\/v2\/tags?post=41563"}],"curies":[{"name":"wp","href":"https:\/\/api.w.org\/{rel}","templated":true}]}}