{"id":42810,"date":"2023-03-07T09:08:06","date_gmt":"2023-03-07T08:08:06","guid":{"rendered":"https:\/\/www.musikzeitung.ch\/?p=42810"},"modified":"2023-03-07T10:12:35","modified_gmt":"2023-03-07T09:12:35","slug":"epileptiker-koennen-nicht-auf-mozart-hoffen","status":"publish","type":"post","link":"https:\/\/www.musikzeitung.ch\/it\/news\/2023\/03\/epileptiker-koennen-nicht-auf-mozart-hoffen","title":{"rendered":"Gli epilettici non possono sperare in Mozart"},"content":{"rendered":"<figure id=\"attachment_42818\" aria-describedby=\"caption-attachment-42818\" style=\"width: 3371px\" class=\"wp-caption alignnone\"><img loading=\"lazy\" decoding=\"async\" class=\"wp-image-42818 size-full\" src=\"https:\/\/www.musikzeitung.ch\/wp-content\/uploads\/2023\/03\/Depositphotos_133807516_XL.jpg\" alt=\"\" width=\"3371\" height=\"2245\" srcset=\"https:\/\/www.musikzeitung.ch\/wp-content\/uploads\/2023\/03\/Depositphotos_133807516_XL.jpg 1400w, https:\/\/www.musikzeitung.ch\/wp-content\/uploads\/2023\/03\/Depositphotos_133807516_XL-300x200.jpg 300w, https:\/\/www.musikzeitung.ch\/wp-content\/uploads\/2023\/03\/Depositphotos_133807516_XL-1024x682.jpg 1024w, https:\/\/www.musikzeitung.ch\/wp-content\/uploads\/2023\/03\/Depositphotos_133807516_XL-600x400.jpg 600w, https:\/\/www.musikzeitung.ch\/wp-content\/uploads\/2023\/03\/Depositphotos_133807516_XL-768x511.jpg 768w, https:\/\/www.musikzeitung.ch\/wp-content\/uploads\/2023\/03\/Depositphotos_133807516_XL-1536x1023.jpg 1536w, https:\/\/www.musikzeitung.ch\/wp-content\/uploads\/2023\/03\/Depositphotos_133807516_XL-2048x1364.jpg 2048w, https:\/\/www.musikzeitung.ch\/wp-content\/uploads\/2023\/03\/Depositphotos_133807516_XL-263x175.jpg 263w, https:\/\/www.musikzeitung.ch\/wp-content\/uploads\/2023\/03\/Depositphotos_133807516_XL-526x350.jpg 526w, https:\/\/www.musikzeitung.ch\/wp-content\/uploads\/2023\/03\/Depositphotos_133807516_XL-1201x800.jpg 1201w, https:\/\/www.musikzeitung.ch\/wp-content\/uploads\/2023\/03\/Depositphotos_133807516_XL-920x613.jpg 920w\" sizes=\"auto, (max-width: 3371px) 100vw, 3371px\" \/><figcaption id=\"caption-attachment-42818\" class=\"wp-caption-text\">Monumento a Mozart a Salisburgo. Foto: Elenarts\/depositphotos.com<\/figcaption><\/figure>\n<p>Le notizie sui possibili effetti positivi dell'ascolto della Sonata K448 di Mozart sui sintomi dell'epilessia hanno ricevuto una grande attenzione da parte dei media. Tuttavia, l'affidabilit\u00e0 empirica dei risultati \u00e8 rimasta tuttora poco chiara. Ora, la psicologa Sandra Oberleiter e lo psicologo Jakob Pietschnig dell'Universit\u00e0 di Vienna hanno dimostrato in uno studio pubblicato sulla rivista <em>Natura Rapporti scientifici<\/em>che non \u00e8 stato dimostrato un effetto positivo della melodia di Mozart sull'epilessia.<\/p>\n<p>Il presunto effetto Mozart pu\u00f2 essere attribuito a rapporti selettivi, campioni troppo piccoli e pratiche di ricerca inadeguate in questo corpus di letteratura, scrive l'Universit\u00e0 di Vienna.<\/p>\n<p>Pubblicazione originale:<br \/>\nOberleiter, S., &amp; Pietschnig, J. (2023). Autorit\u00e0 infondate, studi sottoalimentati e rapporti non trasparenti perpetuano il mito dell'effetto Mozart: una meta-analisi multiverso. Nature Scientific Reports. DOI: 10.1038\/s41598-023-30206-w<\/p>","protected":false},"excerpt":{"rendered":"<p>Un nuovo studio dell'Universit\u00e0 di Vienna dimostra che non esistono prove scientifiche del presunto effetto positivo della Sonata K448 di Mozart sull'epilessia.<\/p>","protected":false},"author":30,"featured_media":42818,"comment_status":"closed","ping_status":"closed","sticky":false,"template":"","format":"standard","meta":{"_acf_changed":false,"_relevanssi_hide_post":"","_relevanssi_hide_content":"","_relevanssi_pin_for_all":"","_relevanssi_pin_keywords":"","_relevanssi_unpin_keywords":"","_relevanssi_related_keywords":"","_relevanssi_related_include_ids":"","_relevanssi_related_exclude_ids":"","_relevanssi_related_no_append":"","_relevanssi_related_not_related":"","_relevanssi_related_posts":"","_relevanssi_noindex_reason":"","pgc_sgb_lightbox_settings":"","footnotes":""},"categories":[27],"tags":[2110,2109,2111],"class_list":["post-42810","post","type-post","status-publish","format-standard","has-post-thumbnail","hentry","category-news","tag-epilepsie","tag-mozart-effekt","tag-universitaet-wien"],"acf":[],"yoast_head":"<!-- This site is optimized with the Yoast SEO plugin v27.4 - https:\/\/yoast.com\/product\/yoast-seo-wordpress\/ -->\n<title>Epileptiker k\u00f6nnen nicht auf Mozart hoffen - Schweizer Musikzeitung<\/title>\n<meta name=\"robots\" content=\"index, follow, max-snippet:-1, max-image-preview:large, max-video-preview:-1\" \/>\n<link rel=\"canonical\" href=\"https:\/\/www.musikzeitung.ch\/it\/news\/2023\/03\/epileptiker-koennen-nicht-auf-mozart-hoffen\/\" \/>\n<meta property=\"og:locale\" content=\"it_IT\" \/>\n<meta property=\"og:type\" content=\"article\" \/>\n<meta property=\"og:title\" content=\"Epileptiker k\u00f6nnen nicht auf Mozart hoffen - Schweizer Musikzeitung\" \/>\n<meta property=\"og:description\" content=\"Eine neue Studie der Universit\u00e4t Wien zeigt, dass es keine wissenschaftlichen Beweise f\u00fcr die angeblich positive Wirkung von Mozarts Sonate KV448 auf Epilepsie gibt.\" \/>\n<meta property=\"og:url\" content=\"https:\/\/www.musikzeitung.ch\/it\/news\/2023\/03\/epileptiker-koennen-nicht-auf-mozart-hoffen\/\" \/>\n<meta property=\"og:site_name\" content=\"Schweizer Musikzeitung\" \/>\n<meta property=\"article:publisher\" content=\"https:\/\/www.facebook.com\/SchweizerMusikzeitung\/\" \/>\n<meta property=\"article:author\" content=\"https:\/\/www.facebook.com\/wolfgang.bohler.75\" \/>\n<meta property=\"article:published_time\" content=\"2023-03-07T08:08:06+00:00\" \/>\n<meta property=\"article:modified_time\" content=\"2023-03-07T09:12:35+00:00\" \/>\n<meta property=\"og:image\" content=\"https:\/\/www.musikzeitung.ch\/wp-content\/uploads\/2023\/03\/Depositphotos_133807516_XL.jpg\" \/>\n\t<meta property=\"og:image:width\" content=\"1400\" \/>\n\t<meta property=\"og:image:height\" content=\"932\" \/>\n\t<meta property=\"og:image:type\" content=\"image\/jpeg\" \/>\n<meta name=\"author\" content=\"Wolfgang B\u00f6hler\" \/>\n<meta name=\"twitter:card\" content=\"summary_large_image\" \/>\n<meta name=\"twitter:creator\" content=\"@smusikzeitung\" \/>\n<meta name=\"twitter:site\" content=\"@smusikzeitung\" \/>\n<meta name=\"twitter:label1\" content=\"Scritto da\" \/>\n\t<meta name=\"twitter:data1\" content=\"Wolfgang B\u00f6hler\" \/>\n\t<meta name=\"twitter:label2\" content=\"Tempo di lettura stimato\" \/>\n\t<meta name=\"twitter:data2\" content=\"1 minuto\" \/>\n<script type=\"application\/ld+json\" class=\"yoast-schema-graph\">{\"@context\":\"https:\\\/\\\/schema.org\",\"@graph\":[{\"@type\":\"Article\",\"@id\":\"https:\\\/\\\/www.musikzeitung.ch\\\/news\\\/2023\\\/03\\\/epileptiker-koennen-nicht-auf-mozart-hoffen#article\",\"isPartOf\":{\"@id\":\"https:\\\/\\\/www.musikzeitung.ch\\\/news\\\/2023\\\/03\\\/epileptiker-koennen-nicht-auf-mozart-hoffen\"},\"author\":{\"name\":\"Wolfgang B\u00f6hler\",\"@id\":\"https:\\\/\\\/www.musikzeitung.ch\\\/#\\\/schema\\\/person\\\/0da4fb82d243f1252850a35d0e87cf0c\"},\"headline\":\"Epileptiker k\u00f6nnen nicht auf Mozart hoffen\",\"datePublished\":\"2023-03-07T08:08:06+00:00\",\"dateModified\":\"2023-03-07T09:12:35+00:00\",\"mainEntityOfPage\":{\"@id\":\"https:\\\/\\\/www.musikzeitung.ch\\\/news\\\/2023\\\/03\\\/epileptiker-koennen-nicht-auf-mozart-hoffen\"},\"wordCount\":141,\"publisher\":{\"@id\":\"https:\\\/\\\/www.musikzeitung.ch\\\/#organization\"},\"image\":{\"@id\":\"https:\\\/\\\/www.musikzeitung.ch\\\/news\\\/2023\\\/03\\\/epileptiker-koennen-nicht-auf-mozart-hoffen#primaryimage\"},\"thumbnailUrl\":\"https:\\\/\\\/www.musikzeitung.ch\\\/wp-content\\\/uploads\\\/2023\\\/03\\\/Depositphotos_133807516_XL.jpg\",\"keywords\":[\"Epilepsie\",\"Mozart-Effekt\",\"Universit\u00e4t Wien\"],\"articleSection\":[\"News\"],\"inLanguage\":\"it-IT\"},{\"@type\":\"WebPage\",\"@id\":\"https:\\\/\\\/www.musikzeitung.ch\\\/news\\\/2023\\\/03\\\/epileptiker-koennen-nicht-auf-mozart-hoffen\",\"url\":\"https:\\\/\\\/www.musikzeitung.ch\\\/news\\\/2023\\\/03\\\/epileptiker-koennen-nicht-auf-mozart-hoffen\",\"name\":\"Epileptiker k\u00f6nnen nicht auf Mozart hoffen - Schweizer Musikzeitung\",\"isPartOf\":{\"@id\":\"https:\\\/\\\/www.musikzeitung.ch\\\/#website\"},\"primaryImageOfPage\":{\"@id\":\"https:\\\/\\\/www.musikzeitung.ch\\\/news\\\/2023\\\/03\\\/epileptiker-koennen-nicht-auf-mozart-hoffen#primaryimage\"},\"image\":{\"@id\":\"https:\\\/\\\/www.musikzeitung.ch\\\/news\\\/2023\\\/03\\\/epileptiker-koennen-nicht-auf-mozart-hoffen#primaryimage\"},\"thumbnailUrl\":\"https:\\\/\\\/www.musikzeitung.ch\\\/wp-content\\\/uploads\\\/2023\\\/03\\\/Depositphotos_133807516_XL.jpg\",\"datePublished\":\"2023-03-07T08:08:06+00:00\",\"dateModified\":\"2023-03-07T09:12:35+00:00\",\"breadcrumb\":{\"@id\":\"https:\\\/\\\/www.musikzeitung.ch\\\/news\\\/2023\\\/03\\\/epileptiker-koennen-nicht-auf-mozart-hoffen#breadcrumb\"},\"inLanguage\":\"it-IT\",\"potentialAction\":[{\"@type\":\"ReadAction\",\"target\":[\"https:\\\/\\\/www.musikzeitung.ch\\\/news\\\/2023\\\/03\\\/epileptiker-koennen-nicht-auf-mozart-hoffen\"]}]},{\"@type\":\"ImageObject\",\"inLanguage\":\"it-IT\",\"@id\":\"https:\\\/\\\/www.musikzeitung.ch\\\/news\\\/2023\\\/03\\\/epileptiker-koennen-nicht-auf-mozart-hoffen#primaryimage\",\"url\":\"https:\\\/\\\/www.musikzeitung.ch\\\/wp-content\\\/uploads\\\/2023\\\/03\\\/Depositphotos_133807516_XL.jpg\",\"contentUrl\":\"https:\\\/\\\/www.musikzeitung.ch\\\/wp-content\\\/uploads\\\/2023\\\/03\\\/Depositphotos_133807516_XL.jpg\",\"width\":1400,\"height\":932,\"caption\":\"Mozart statue on Mozart Square, Mozartplatz, in Salzburg by night, Austria, HDR\"},{\"@type\":\"BreadcrumbList\",\"@id\":\"https:\\\/\\\/www.musikzeitung.ch\\\/news\\\/2023\\\/03\\\/epileptiker-koennen-nicht-auf-mozart-hoffen#breadcrumb\",\"itemListElement\":[{\"@type\":\"ListItem\",\"position\":1,\"name\":\"Home\",\"item\":\"https:\\\/\\\/www.musikzeitung.ch\\\/\"},{\"@type\":\"ListItem\",\"position\":2,\"name\":\"Epileptiker k\u00f6nnen nicht auf Mozart hoffen\"}]},{\"@type\":\"WebSite\",\"@id\":\"https:\\\/\\\/www.musikzeitung.ch\\\/#website\",\"url\":\"https:\\\/\\\/www.musikzeitung.ch\\\/\",\"name\":\"Schweizer Musikzeitung\",\"description\":\"Die f\u00fchrende sparten\u00fcbergreifende Monatszeitung in der Schweiz f\u00fcr musikalische Fragen.\",\"publisher\":{\"@id\":\"https:\\\/\\\/www.musikzeitung.ch\\\/#organization\"},\"potentialAction\":[{\"@type\":\"SearchAction\",\"target\":{\"@type\":\"EntryPoint\",\"urlTemplate\":\"https:\\\/\\\/www.musikzeitung.ch\\\/?s={search_term_string}\"},\"query-input\":{\"@type\":\"PropertyValueSpecification\",\"valueRequired\":true,\"valueName\":\"search_term_string\"}}],\"inLanguage\":\"it-IT\"},{\"@type\":\"Organization\",\"@id\":\"https:\\\/\\\/www.musikzeitung.ch\\\/#organization\",\"name\":\"Schweizer Musikzeitung\",\"url\":\"https:\\\/\\\/www.musikzeitung.ch\\\/\",\"logo\":{\"@type\":\"ImageObject\",\"inLanguage\":\"it-IT\",\"@id\":\"https:\\\/\\\/www.musikzeitung.ch\\\/#\\\/schema\\\/logo\\\/image\\\/\",\"url\":\"https:\\\/\\\/www.musikzeitung.ch\\\/wp-content\\\/uploads\\\/2023\\\/01\\\/SMZ_Schriftzug_Sprache.png\",\"contentUrl\":\"https:\\\/\\\/www.musikzeitung.ch\\\/wp-content\\\/uploads\\\/2023\\\/01\\\/SMZ_Schriftzug_Sprache.png\",\"width\":1400,\"height\":279,\"caption\":\"Schweizer Musikzeitung\"},\"image\":{\"@id\":\"https:\\\/\\\/www.musikzeitung.ch\\\/#\\\/schema\\\/logo\\\/image\\\/\"},\"sameAs\":[\"https:\\\/\\\/www.facebook.com\\\/SchweizerMusikzeitung\\\/\",\"https:\\\/\\\/x.com\\\/smusikzeitung\",\"https:\\\/\\\/www.instagram.com\\\/musikzeitung.ch\\\/\"]},{\"@type\":\"Person\",\"@id\":\"https:\\\/\\\/www.musikzeitung.ch\\\/#\\\/schema\\\/person\\\/0da4fb82d243f1252850a35d0e87cf0c\",\"name\":\"Wolfgang B\u00f6hler\",\"image\":{\"@type\":\"ImageObject\",\"inLanguage\":\"it-IT\",\"@id\":\"https:\\\/\\\/www.musikzeitung.ch\\\/wp-content\\\/uploads\\\/2023\\\/01\\\/boehler_portraet_web-e1674139782246-96x96.jpg\",\"url\":\"https:\\\/\\\/www.musikzeitung.ch\\\/wp-content\\\/uploads\\\/2023\\\/01\\\/boehler_portraet_web-e1674139782246-96x96.jpg\",\"contentUrl\":\"https:\\\/\\\/www.musikzeitung.ch\\\/wp-content\\\/uploads\\\/2023\\\/01\\\/boehler_portraet_web-e1674139782246-96x96.jpg\",\"caption\":\"Wolfgang B\u00f6hler\"},\"sameAs\":[\"http:\\\/\\\/www.manacanto.ch\",\"https:\\\/\\\/www.facebook.com\\\/wolfgang.bohler.75\"],\"url\":\"https:\\\/\\\/www.musikzeitung.ch\\\/it\\\/author\\\/wolfgang-boehler\"}]}<\/script>\n<!-- \/ Yoast SEO plugin. -->","yoast_head_json":{"title":"Gli epilettici non possono sperare in Mozart - Schweizer Musikzeitung","robots":{"index":"index","follow":"follow","max-snippet":"max-snippet:-1","max-image-preview":"max-image-preview:large","max-video-preview":"max-video-preview:-1"},"canonical":"https:\/\/www.musikzeitung.ch\/it\/news\/2023\/03\/epileptiker-koennen-nicht-auf-mozart-hoffen\/","og_locale":"it_IT","og_type":"article","og_title":"Epileptiker k\u00f6nnen nicht auf Mozart hoffen - Schweizer Musikzeitung","og_description":"Eine neue Studie der Universit\u00e4t Wien zeigt, dass es keine wissenschaftlichen Beweise f\u00fcr die angeblich positive Wirkung von Mozarts Sonate KV448 auf Epilepsie gibt.","og_url":"https:\/\/www.musikzeitung.ch\/it\/news\/2023\/03\/epileptiker-koennen-nicht-auf-mozart-hoffen\/","og_site_name":"Schweizer Musikzeitung","article_publisher":"https:\/\/www.facebook.com\/SchweizerMusikzeitung\/","article_author":"https:\/\/www.facebook.com\/wolfgang.bohler.75","article_published_time":"2023-03-07T08:08:06+00:00","article_modified_time":"2023-03-07T09:12:35+00:00","og_image":[{"width":1400,"height":932,"url":"https:\/\/www.musikzeitung.ch\/wp-content\/uploads\/2023\/03\/Depositphotos_133807516_XL.jpg","type":"image\/jpeg"}],"author":"Wolfgang B\u00f6hler","twitter_card":"summary_large_image","twitter_creator":"@smusikzeitung","twitter_site":"@smusikzeitung","twitter_misc":{"Scritto da":"Wolfgang B\u00f6hler","Tempo di lettura stimato":"1 minuto"},"schema":{"@context":"https:\/\/schema.org","@graph":[{"@type":"Article","@id":"https:\/\/www.musikzeitung.ch\/news\/2023\/03\/epileptiker-koennen-nicht-auf-mozart-hoffen#article","isPartOf":{"@id":"https:\/\/www.musikzeitung.ch\/news\/2023\/03\/epileptiker-koennen-nicht-auf-mozart-hoffen"},"author":{"name":"Wolfgang B\u00f6hler","@id":"https:\/\/www.musikzeitung.ch\/#\/schema\/person\/0da4fb82d243f1252850a35d0e87cf0c"},"headline":"Epileptiker k\u00f6nnen nicht auf Mozart hoffen","datePublished":"2023-03-07T08:08:06+00:00","dateModified":"2023-03-07T09:12:35+00:00","mainEntityOfPage":{"@id":"https:\/\/www.musikzeitung.ch\/news\/2023\/03\/epileptiker-koennen-nicht-auf-mozart-hoffen"},"wordCount":141,"publisher":{"@id":"https:\/\/www.musikzeitung.ch\/#organization"},"image":{"@id":"https:\/\/www.musikzeitung.ch\/news\/2023\/03\/epileptiker-koennen-nicht-auf-mozart-hoffen#primaryimage"},"thumbnailUrl":"https:\/\/www.musikzeitung.ch\/wp-content\/uploads\/2023\/03\/Depositphotos_133807516_XL.jpg","keywords":["Epilepsie","Mozart-Effekt","Universit\u00e4t Wien"],"articleSection":["News"],"inLanguage":"it-IT"},{"@type":"WebPage","@id":"https:\/\/www.musikzeitung.ch\/news\/2023\/03\/epileptiker-koennen-nicht-auf-mozart-hoffen","url":"https:\/\/www.musikzeitung.ch\/news\/2023\/03\/epileptiker-koennen-nicht-auf-mozart-hoffen","name":"Gli epilettici non possono sperare in Mozart - Schweizer Musikzeitung","isPartOf":{"@id":"https:\/\/www.musikzeitung.ch\/#website"},"primaryImageOfPage":{"@id":"https:\/\/www.musikzeitung.ch\/news\/2023\/03\/epileptiker-koennen-nicht-auf-mozart-hoffen#primaryimage"},"image":{"@id":"https:\/\/www.musikzeitung.ch\/news\/2023\/03\/epileptiker-koennen-nicht-auf-mozart-hoffen#primaryimage"},"thumbnailUrl":"https:\/\/www.musikzeitung.ch\/wp-content\/uploads\/2023\/03\/Depositphotos_133807516_XL.jpg","datePublished":"2023-03-07T08:08:06+00:00","dateModified":"2023-03-07T09:12:35+00:00","breadcrumb":{"@id":"https:\/\/www.musikzeitung.ch\/news\/2023\/03\/epileptiker-koennen-nicht-auf-mozart-hoffen#breadcrumb"},"inLanguage":"it-IT","potentialAction":[{"@type":"ReadAction","target":["https:\/\/www.musikzeitung.ch\/news\/2023\/03\/epileptiker-koennen-nicht-auf-mozart-hoffen"]}]},{"@type":"ImageObject","inLanguage":"it-IT","@id":"https:\/\/www.musikzeitung.ch\/news\/2023\/03\/epileptiker-koennen-nicht-auf-mozart-hoffen#primaryimage","url":"https:\/\/www.musikzeitung.ch\/wp-content\/uploads\/2023\/03\/Depositphotos_133807516_XL.jpg","contentUrl":"https:\/\/www.musikzeitung.ch\/wp-content\/uploads\/2023\/03\/Depositphotos_133807516_XL.jpg","width":1400,"height":932,"caption":"Mozart statue on Mozart Square, Mozartplatz, in Salzburg by night, Austria, HDR"},{"@type":"BreadcrumbList","@id":"https:\/\/www.musikzeitung.ch\/news\/2023\/03\/epileptiker-koennen-nicht-auf-mozart-hoffen#breadcrumb","itemListElement":[{"@type":"ListItem","position":1,"name":"Home","item":"https:\/\/www.musikzeitung.ch\/"},{"@type":"ListItem","position":2,"name":"Epileptiker k\u00f6nnen nicht auf Mozart hoffen"}]},{"@type":"WebSite","@id":"https:\/\/www.musikzeitung.ch\/#website","url":"https:\/\/www.musikzeitung.ch\/","name":"Giornale musicale svizzero","description":"Il principale mensile interdisciplinare della Svizzera per le questioni musicali.","publisher":{"@id":"https:\/\/www.musikzeitung.ch\/#organization"},"potentialAction":[{"@type":"SearchAction","target":{"@type":"EntryPoint","urlTemplate":"https:\/\/www.musikzeitung.ch\/?s={search_term_string}"},"query-input":{"@type":"PropertyValueSpecification","valueRequired":true,"valueName":"search_term_string"}}],"inLanguage":"it-IT"},{"@type":"Organization","@id":"https:\/\/www.musikzeitung.ch\/#organization","name":"Giornale musicale svizzero","url":"https:\/\/www.musikzeitung.ch\/","logo":{"@type":"ImageObject","inLanguage":"it-IT","@id":"https:\/\/www.musikzeitung.ch\/#\/schema\/logo\/image\/","url":"https:\/\/www.musikzeitung.ch\/wp-content\/uploads\/2023\/01\/SMZ_Schriftzug_Sprache.png","contentUrl":"https:\/\/www.musikzeitung.ch\/wp-content\/uploads\/2023\/01\/SMZ_Schriftzug_Sprache.png","width":1400,"height":279,"caption":"Schweizer Musikzeitung"},"image":{"@id":"https:\/\/www.musikzeitung.ch\/#\/schema\/logo\/image\/"},"sameAs":["https:\/\/www.facebook.com\/SchweizerMusikzeitung\/","https:\/\/x.com\/smusikzeitung","https:\/\/www.instagram.com\/musikzeitung.ch\/"]},{"@type":"Person","@id":"https:\/\/www.musikzeitung.ch\/#\/schema\/person\/0da4fb82d243f1252850a35d0e87cf0c","name":"Wolfgang B\u00f6hler","image":{"@type":"ImageObject","inLanguage":"it-IT","@id":"https:\/\/www.musikzeitung.ch\/wp-content\/uploads\/2023\/01\/boehler_portraet_web-e1674139782246-96x96.jpg","url":"https:\/\/www.musikzeitung.ch\/wp-content\/uploads\/2023\/01\/boehler_portraet_web-e1674139782246-96x96.jpg","contentUrl":"https:\/\/www.musikzeitung.ch\/wp-content\/uploads\/2023\/01\/boehler_portraet_web-e1674139782246-96x96.jpg","caption":"Wolfgang B\u00f6hler"},"sameAs":["http:\/\/www.manacanto.ch","https:\/\/www.facebook.com\/wolfgang.bohler.75"],"url":"https:\/\/www.musikzeitung.ch\/it\/author\/wolfgang-boehler"}]}},"publishpress_future_workflow_manual_trigger":{"enabledWorkflows":[]},"_links":{"self":[{"href":"https:\/\/www.musikzeitung.ch\/it\/wp-json\/wp\/v2\/posts\/42810","targetHints":{"allow":["GET"]}}],"collection":[{"href":"https:\/\/www.musikzeitung.ch\/it\/wp-json\/wp\/v2\/posts"}],"about":[{"href":"https:\/\/www.musikzeitung.ch\/it\/wp-json\/wp\/v2\/types\/post"}],"author":[{"embeddable":true,"href":"https:\/\/www.musikzeitung.ch\/it\/wp-json\/wp\/v2\/users\/30"}],"replies":[{"embeddable":true,"href":"https:\/\/www.musikzeitung.ch\/it\/wp-json\/wp\/v2\/comments?post=42810"}],"version-history":[{"count":3,"href":"https:\/\/www.musikzeitung.ch\/it\/wp-json\/wp\/v2\/posts\/42810\/revisions"}],"predecessor-version":[{"id":42820,"href":"https:\/\/www.musikzeitung.ch\/it\/wp-json\/wp\/v2\/posts\/42810\/revisions\/42820"}],"wp:featuredmedia":[{"embeddable":true,"href":"https:\/\/www.musikzeitung.ch\/it\/wp-json\/wp\/v2\/media\/42818"}],"wp:attachment":[{"href":"https:\/\/www.musikzeitung.ch\/it\/wp-json\/wp\/v2\/media?parent=42810"}],"wp:term":[{"taxonomy":"category","embeddable":true,"href":"https:\/\/www.musikzeitung.ch\/it\/wp-json\/wp\/v2\/categories?post=42810"},{"taxonomy":"post_tag","embeddable":true,"href":"https:\/\/www.musikzeitung.ch\/it\/wp-json\/wp\/v2\/tags?post=42810"}],"curies":[{"name":"wp","href":"https:\/\/api.w.org\/{rel}","templated":true}]}}