{"id":42927,"date":"2023-03-13T10:29:50","date_gmt":"2023-03-13T09:29:50","guid":{"rendered":"https:\/\/www.musikzeitung.ch\/?p=42927"},"modified":"2023-03-13T11:11:27","modified_gmt":"2023-03-13T10:11:27","slug":"nikolaus-harnoncourt-zentrum","status":"publish","type":"post","link":"https:\/\/www.musikzeitung.ch\/it\/news\/2023\/03\/nikolaus-harnoncourt-zentrum","title":{"rendered":"Un centro per la propriet\u00e0 di Nikolaus Harnoncourt"},"content":{"rendered":"<figure id=\"attachment_42929\" aria-describedby=\"caption-attachment-42929\" style=\"width: 524px\" class=\"wp-caption alignnone\"><img loading=\"lazy\" decoding=\"async\" class=\"wp-image-42929\" src=\"https:\/\/www.musikzeitung.ch\/wp-content\/uploads\/2023\/03\/230313linz.jpg\" alt=\"\" width=\"524\" height=\"348\" srcset=\"https:\/\/www.musikzeitung.ch\/wp-content\/uploads\/2023\/03\/230313linz.jpg 999w, https:\/\/www.musikzeitung.ch\/wp-content\/uploads\/2023\/03\/230313linz-300x199.jpg 300w, https:\/\/www.musikzeitung.ch\/wp-content\/uploads\/2023\/03\/230313linz-600x400.jpg 600w, https:\/\/www.musikzeitung.ch\/wp-content\/uploads\/2023\/03\/230313linz-768x510.jpg 768w, https:\/\/www.musikzeitung.ch\/wp-content\/uploads\/2023\/03\/230313linz-264x175.jpg 264w, https:\/\/www.musikzeitung.ch\/wp-content\/uploads\/2023\/03\/230313linz-527x350.jpg 527w, https:\/\/www.musikzeitung.ch\/wp-content\/uploads\/2023\/03\/230313linz-920x611.jpg 920w\" sizes=\"auto, (max-width: 524px) 100vw, 524px\" \/><figcaption id=\"caption-attachment-42929\" class=\"wp-caption-text\">Da sinistra a destra: la direttrice culturale Margot Nazzal, il governatore Thomas Stelzer, Franz Harnoncourt, il rettore Martin Rummel (Foto: Provincia dell'Alta Austria \/ Max Mayrhofer)<\/figcaption><\/figure>\n<p>Il patrimonio di Nikolaus Harnoncourt \u00e8 costituito da supporti audiovisivi, circa cinquanta metri di spartiti e quasi due metri cubi di corrispondenza, saggi, appunti sulle opere e sulla prassi esecutiva, manoscritti di conferenze e materiale relativo ai suoi molti anni di insegnamento universitario.<\/p>\n<p>Il patrimonio \u00e8 gi\u00e0 stato visionato e sono state valutate le questioni organizzative, contenutistiche, legali, tecniche ed economiche relative all'archiviazione digitale e all'uso archivistico del materiale. Come risultato di questo lavoro preparatorio, il Centro Nikolaus Harnoncourt sar\u00e0 ora ufficialmente fondato presso l'Universit\u00e0 privata Anton Bruckner.<\/p>\n<p>Il patrimonio sar\u00e0 trattato scientificamente e digitalizzato presso il centro. Il centro servir\u00e0 anche come \"think tank culturale-filosofico con eventi a St. Georgen\". Il budget del Centro Nikolaus Harnoncourt \u00e8 messo a disposizione dell'Universit\u00e0 privata Anton Bruckner con fondi della provincia dell'Alta Austria e ammonta a circa 460.000 euro all'anno.<\/p>\n<p><a href=\"https:\/\/www.bruckneruni.at\/de\/news-presse\/news\/news-detail\/gruendung-des-nikolaus-harnoncourt-zentrums-an-der-anton-bruckner-privatuniversitaet\" target=\"_blank\" rel=\"noopener\">Pi\u00f9 informazioni<\/a><\/p>\n<p>&nbsp;<\/p>\n<p>&nbsp;<\/p>","protected":false},"excerpt":{"rendered":"<p>L'Universit\u00e0 privata Anton Bruckner dell'Alta Austria e la famiglia Harnoncourt hanno fondato un centro dedicato a Nikolaus Harnoncourt. L'obiettivo \u00e8 garantire \"che la vita e l'opera di Nikolaus Harnoncourt continuino ad avere un impatto\".<\/p>","protected":false},"author":30,"featured_media":42929,"comment_status":"closed","ping_status":"closed","sticky":false,"template":"","format":"standard","meta":{"_acf_changed":false,"_relevanssi_hide_post":"","_relevanssi_hide_content":"","_relevanssi_pin_for_all":"","_relevanssi_pin_keywords":"","_relevanssi_unpin_keywords":"","_relevanssi_related_keywords":"","_relevanssi_related_include_ids":"","_relevanssi_related_exclude_ids":"","_relevanssi_related_no_append":"","_relevanssi_related_not_related":"","_relevanssi_related_posts":"","_relevanssi_noindex_reason":"","pgc_sgb_lightbox_settings":"","footnotes":""},"categories":[27],"tags":[2138,2137],"class_list":["post-42927","post","type-post","status-publish","format-standard","has-post-thumbnail","hentry","category-news","tag-anton-bruckner-privatuniversitaet","tag-nikolaus-harnoncourt"],"acf":[],"yoast_head":"<!-- This site is optimized with the Yoast SEO plugin v27.4 - https:\/\/yoast.com\/product\/yoast-seo-wordpress\/ -->\n<title>Ein Zentrum f\u00fcr Nikolaus Harnoncourts Nachlass - Schweizer Musikzeitung<\/title>\n<meta name=\"description\" content=\"Die Ober\u00f6sterreichische Anton Bruckner Privatuniversit\u00e4t und die Familie Harnoncourt haben ein Nikolaus Harnoncourt gewidmetes Zentrums gegr\u00fcndet.\" \/>\n<meta name=\"robots\" content=\"index, follow, max-snippet:-1, max-image-preview:large, max-video-preview:-1\" \/>\n<link rel=\"canonical\" href=\"https:\/\/www.musikzeitung.ch\/it\/news\/2023\/03\/nikolaus-harnoncourt-zentrum\/\" \/>\n<meta property=\"og:locale\" content=\"it_IT\" \/>\n<meta property=\"og:type\" content=\"article\" \/>\n<meta property=\"og:title\" content=\"Ein Zentrum f\u00fcr Nikolaus Harnoncourts Nachlass - Schweizer Musikzeitung\" \/>\n<meta property=\"og:description\" content=\"Die Ober\u00f6sterreichische Anton Bruckner Privatuniversit\u00e4t und die Familie Harnoncourt haben ein Nikolaus Harnoncourt gewidmetes Zentrums gegr\u00fcndet.\" \/>\n<meta property=\"og:url\" content=\"https:\/\/www.musikzeitung.ch\/it\/news\/2023\/03\/nikolaus-harnoncourt-zentrum\/\" \/>\n<meta property=\"og:site_name\" content=\"Schweizer Musikzeitung\" \/>\n<meta property=\"article:publisher\" content=\"https:\/\/www.facebook.com\/SchweizerMusikzeitung\/\" \/>\n<meta property=\"article:author\" content=\"https:\/\/www.facebook.com\/wolfgang.bohler.75\" \/>\n<meta property=\"article:published_time\" content=\"2023-03-13T09:29:50+00:00\" \/>\n<meta property=\"article:modified_time\" content=\"2023-03-13T10:11:27+00:00\" \/>\n<meta property=\"og:image\" content=\"https:\/\/www.musikzeitung.ch\/wp-content\/uploads\/2023\/03\/230313linz.jpg\" \/>\n\t<meta property=\"og:image:width\" content=\"999\" \/>\n\t<meta property=\"og:image:height\" content=\"663\" \/>\n\t<meta property=\"og:image:type\" content=\"image\/jpeg\" \/>\n<meta name=\"author\" content=\"Wolfgang B\u00f6hler\" \/>\n<meta name=\"twitter:card\" content=\"summary_large_image\" \/>\n<meta name=\"twitter:creator\" content=\"@smusikzeitung\" \/>\n<meta name=\"twitter:site\" content=\"@smusikzeitung\" \/>\n<meta name=\"twitter:label1\" content=\"Scritto da\" \/>\n\t<meta name=\"twitter:data1\" content=\"Wolfgang B\u00f6hler\" \/>\n\t<meta name=\"twitter:label2\" content=\"Tempo di lettura stimato\" \/>\n\t<meta name=\"twitter:data2\" content=\"2 minuti\" \/>\n<script type=\"application\/ld+json\" class=\"yoast-schema-graph\">{\"@context\":\"https:\\\/\\\/schema.org\",\"@graph\":[{\"@type\":\"Article\",\"@id\":\"https:\\\/\\\/www.musikzeitung.ch\\\/news\\\/2023\\\/03\\\/nikolaus-harnoncourt-zentrum#article\",\"isPartOf\":{\"@id\":\"https:\\\/\\\/www.musikzeitung.ch\\\/news\\\/2023\\\/03\\\/nikolaus-harnoncourt-zentrum\"},\"author\":{\"name\":\"Wolfgang B\u00f6hler\",\"@id\":\"https:\\\/\\\/www.musikzeitung.ch\\\/#\\\/schema\\\/person\\\/0da4fb82d243f1252850a35d0e87cf0c\"},\"headline\":\"Ein Zentrum f\u00fcr Nikolaus Harnoncourts Nachlass\",\"datePublished\":\"2023-03-13T09:29:50+00:00\",\"dateModified\":\"2023-03-13T10:11:27+00:00\",\"mainEntityOfPage\":{\"@id\":\"https:\\\/\\\/www.musikzeitung.ch\\\/news\\\/2023\\\/03\\\/nikolaus-harnoncourt-zentrum\"},\"wordCount\":170,\"publisher\":{\"@id\":\"https:\\\/\\\/www.musikzeitung.ch\\\/#organization\"},\"image\":{\"@id\":\"https:\\\/\\\/www.musikzeitung.ch\\\/news\\\/2023\\\/03\\\/nikolaus-harnoncourt-zentrum#primaryimage\"},\"thumbnailUrl\":\"https:\\\/\\\/www.musikzeitung.ch\\\/wp-content\\\/uploads\\\/2023\\\/03\\\/230313linz.jpg\",\"keywords\":[\"Anton Bruckner Privatuniversit\u00e4t\",\"Nikolaus Harnoncourt\"],\"articleSection\":[\"News\"],\"inLanguage\":\"it-IT\"},{\"@type\":\"WebPage\",\"@id\":\"https:\\\/\\\/www.musikzeitung.ch\\\/news\\\/2023\\\/03\\\/nikolaus-harnoncourt-zentrum\",\"url\":\"https:\\\/\\\/www.musikzeitung.ch\\\/news\\\/2023\\\/03\\\/nikolaus-harnoncourt-zentrum\",\"name\":\"Ein Zentrum f\u00fcr Nikolaus Harnoncourts Nachlass - Schweizer Musikzeitung\",\"isPartOf\":{\"@id\":\"https:\\\/\\\/www.musikzeitung.ch\\\/#website\"},\"primaryImageOfPage\":{\"@id\":\"https:\\\/\\\/www.musikzeitung.ch\\\/news\\\/2023\\\/03\\\/nikolaus-harnoncourt-zentrum#primaryimage\"},\"image\":{\"@id\":\"https:\\\/\\\/www.musikzeitung.ch\\\/news\\\/2023\\\/03\\\/nikolaus-harnoncourt-zentrum#primaryimage\"},\"thumbnailUrl\":\"https:\\\/\\\/www.musikzeitung.ch\\\/wp-content\\\/uploads\\\/2023\\\/03\\\/230313linz.jpg\",\"datePublished\":\"2023-03-13T09:29:50+00:00\",\"dateModified\":\"2023-03-13T10:11:27+00:00\",\"description\":\"Die Ober\u00f6sterreichische Anton Bruckner Privatuniversit\u00e4t und die Familie Harnoncourt haben ein Nikolaus Harnoncourt gewidmetes Zentrums gegr\u00fcndet.\",\"breadcrumb\":{\"@id\":\"https:\\\/\\\/www.musikzeitung.ch\\\/news\\\/2023\\\/03\\\/nikolaus-harnoncourt-zentrum#breadcrumb\"},\"inLanguage\":\"it-IT\",\"potentialAction\":[{\"@type\":\"ReadAction\",\"target\":[\"https:\\\/\\\/www.musikzeitung.ch\\\/news\\\/2023\\\/03\\\/nikolaus-harnoncourt-zentrum\"]}]},{\"@type\":\"ImageObject\",\"inLanguage\":\"it-IT\",\"@id\":\"https:\\\/\\\/www.musikzeitung.ch\\\/news\\\/2023\\\/03\\\/nikolaus-harnoncourt-zentrum#primaryimage\",\"url\":\"https:\\\/\\\/www.musikzeitung.ch\\\/wp-content\\\/uploads\\\/2023\\\/03\\\/230313linz.jpg\",\"contentUrl\":\"https:\\\/\\\/www.musikzeitung.ch\\\/wp-content\\\/uploads\\\/2023\\\/03\\\/230313linz.jpg\",\"width\":999,\"height\":663,\"caption\":\"v.l.n.r.: Kulturdirektorin Margot Nazzal, Landeshauptmann Thomas Stelzer, Franz Harnoncourt, Rektor Martin Rummel (Bild: Land Ober\u00f6sterreich \\\/Max Mayrhofer)\"},{\"@type\":\"BreadcrumbList\",\"@id\":\"https:\\\/\\\/www.musikzeitung.ch\\\/news\\\/2023\\\/03\\\/nikolaus-harnoncourt-zentrum#breadcrumb\",\"itemListElement\":[{\"@type\":\"ListItem\",\"position\":1,\"name\":\"Home\",\"item\":\"https:\\\/\\\/www.musikzeitung.ch\\\/\"},{\"@type\":\"ListItem\",\"position\":2,\"name\":\"Ein Zentrum f\u00fcr Nikolaus Harnoncourts Nachlass\"}]},{\"@type\":\"WebSite\",\"@id\":\"https:\\\/\\\/www.musikzeitung.ch\\\/#website\",\"url\":\"https:\\\/\\\/www.musikzeitung.ch\\\/\",\"name\":\"Schweizer Musikzeitung\",\"description\":\"Die f\u00fchrende sparten\u00fcbergreifende Monatszeitung in der Schweiz f\u00fcr musikalische Fragen.\",\"publisher\":{\"@id\":\"https:\\\/\\\/www.musikzeitung.ch\\\/#organization\"},\"potentialAction\":[{\"@type\":\"SearchAction\",\"target\":{\"@type\":\"EntryPoint\",\"urlTemplate\":\"https:\\\/\\\/www.musikzeitung.ch\\\/?s={search_term_string}\"},\"query-input\":{\"@type\":\"PropertyValueSpecification\",\"valueRequired\":true,\"valueName\":\"search_term_string\"}}],\"inLanguage\":\"it-IT\"},{\"@type\":\"Organization\",\"@id\":\"https:\\\/\\\/www.musikzeitung.ch\\\/#organization\",\"name\":\"Schweizer Musikzeitung\",\"url\":\"https:\\\/\\\/www.musikzeitung.ch\\\/\",\"logo\":{\"@type\":\"ImageObject\",\"inLanguage\":\"it-IT\",\"@id\":\"https:\\\/\\\/www.musikzeitung.ch\\\/#\\\/schema\\\/logo\\\/image\\\/\",\"url\":\"https:\\\/\\\/www.musikzeitung.ch\\\/wp-content\\\/uploads\\\/2023\\\/01\\\/SMZ_Schriftzug_Sprache.png\",\"contentUrl\":\"https:\\\/\\\/www.musikzeitung.ch\\\/wp-content\\\/uploads\\\/2023\\\/01\\\/SMZ_Schriftzug_Sprache.png\",\"width\":1400,\"height\":279,\"caption\":\"Schweizer Musikzeitung\"},\"image\":{\"@id\":\"https:\\\/\\\/www.musikzeitung.ch\\\/#\\\/schema\\\/logo\\\/image\\\/\"},\"sameAs\":[\"https:\\\/\\\/www.facebook.com\\\/SchweizerMusikzeitung\\\/\",\"https:\\\/\\\/x.com\\\/smusikzeitung\",\"https:\\\/\\\/www.instagram.com\\\/musikzeitung.ch\\\/\"]},{\"@type\":\"Person\",\"@id\":\"https:\\\/\\\/www.musikzeitung.ch\\\/#\\\/schema\\\/person\\\/0da4fb82d243f1252850a35d0e87cf0c\",\"name\":\"Wolfgang B\u00f6hler\",\"image\":{\"@type\":\"ImageObject\",\"inLanguage\":\"it-IT\",\"@id\":\"https:\\\/\\\/www.musikzeitung.ch\\\/wp-content\\\/uploads\\\/2023\\\/01\\\/boehler_portraet_web-e1674139782246-96x96.jpg\",\"url\":\"https:\\\/\\\/www.musikzeitung.ch\\\/wp-content\\\/uploads\\\/2023\\\/01\\\/boehler_portraet_web-e1674139782246-96x96.jpg\",\"contentUrl\":\"https:\\\/\\\/www.musikzeitung.ch\\\/wp-content\\\/uploads\\\/2023\\\/01\\\/boehler_portraet_web-e1674139782246-96x96.jpg\",\"caption\":\"Wolfgang B\u00f6hler\"},\"sameAs\":[\"http:\\\/\\\/www.manacanto.ch\",\"https:\\\/\\\/www.facebook.com\\\/wolfgang.bohler.75\"],\"url\":\"https:\\\/\\\/www.musikzeitung.ch\\\/it\\\/author\\\/wolfgang-boehler\"}]}<\/script>\n<!-- \/ Yoast SEO plugin. -->","yoast_head_json":{"title":"Ein Zentrum f\u00fcr Nikolaus Harnoncourts Nachlass - Schweizer Musikzeitung","description":"Die Ober\u00f6sterreichische Anton Bruckner Privatuniversit\u00e4t und die Familie Harnoncourt haben ein Nikolaus Harnoncourt gewidmetes Zentrums gegr\u00fcndet.","robots":{"index":"index","follow":"follow","max-snippet":"max-snippet:-1","max-image-preview":"max-image-preview:large","max-video-preview":"max-video-preview:-1"},"canonical":"https:\/\/www.musikzeitung.ch\/it\/news\/2023\/03\/nikolaus-harnoncourt-zentrum\/","og_locale":"it_IT","og_type":"article","og_title":"Ein Zentrum f\u00fcr Nikolaus Harnoncourts Nachlass - Schweizer Musikzeitung","og_description":"Die Ober\u00f6sterreichische Anton Bruckner Privatuniversit\u00e4t und die Familie Harnoncourt haben ein Nikolaus Harnoncourt gewidmetes Zentrums gegr\u00fcndet.","og_url":"https:\/\/www.musikzeitung.ch\/it\/news\/2023\/03\/nikolaus-harnoncourt-zentrum\/","og_site_name":"Schweizer Musikzeitung","article_publisher":"https:\/\/www.facebook.com\/SchweizerMusikzeitung\/","article_author":"https:\/\/www.facebook.com\/wolfgang.bohler.75","article_published_time":"2023-03-13T09:29:50+00:00","article_modified_time":"2023-03-13T10:11:27+00:00","og_image":[{"width":999,"height":663,"url":"https:\/\/www.musikzeitung.ch\/wp-content\/uploads\/2023\/03\/230313linz.jpg","type":"image\/jpeg"}],"author":"Wolfgang B\u00f6hler","twitter_card":"summary_large_image","twitter_creator":"@smusikzeitung","twitter_site":"@smusikzeitung","twitter_misc":{"Scritto da":"Wolfgang B\u00f6hler","Tempo di lettura stimato":"2 minuti"},"schema":{"@context":"https:\/\/schema.org","@graph":[{"@type":"Article","@id":"https:\/\/www.musikzeitung.ch\/news\/2023\/03\/nikolaus-harnoncourt-zentrum#article","isPartOf":{"@id":"https:\/\/www.musikzeitung.ch\/news\/2023\/03\/nikolaus-harnoncourt-zentrum"},"author":{"name":"Wolfgang B\u00f6hler","@id":"https:\/\/www.musikzeitung.ch\/#\/schema\/person\/0da4fb82d243f1252850a35d0e87cf0c"},"headline":"Ein Zentrum f\u00fcr Nikolaus Harnoncourts Nachlass","datePublished":"2023-03-13T09:29:50+00:00","dateModified":"2023-03-13T10:11:27+00:00","mainEntityOfPage":{"@id":"https:\/\/www.musikzeitung.ch\/news\/2023\/03\/nikolaus-harnoncourt-zentrum"},"wordCount":170,"publisher":{"@id":"https:\/\/www.musikzeitung.ch\/#organization"},"image":{"@id":"https:\/\/www.musikzeitung.ch\/news\/2023\/03\/nikolaus-harnoncourt-zentrum#primaryimage"},"thumbnailUrl":"https:\/\/www.musikzeitung.ch\/wp-content\/uploads\/2023\/03\/230313linz.jpg","keywords":["Anton Bruckner Privatuniversit\u00e4t","Nikolaus Harnoncourt"],"articleSection":["News"],"inLanguage":"it-IT"},{"@type":"WebPage","@id":"https:\/\/www.musikzeitung.ch\/news\/2023\/03\/nikolaus-harnoncourt-zentrum","url":"https:\/\/www.musikzeitung.ch\/news\/2023\/03\/nikolaus-harnoncourt-zentrum","name":"Ein Zentrum f\u00fcr Nikolaus Harnoncourts Nachlass - Schweizer Musikzeitung","isPartOf":{"@id":"https:\/\/www.musikzeitung.ch\/#website"},"primaryImageOfPage":{"@id":"https:\/\/www.musikzeitung.ch\/news\/2023\/03\/nikolaus-harnoncourt-zentrum#primaryimage"},"image":{"@id":"https:\/\/www.musikzeitung.ch\/news\/2023\/03\/nikolaus-harnoncourt-zentrum#primaryimage"},"thumbnailUrl":"https:\/\/www.musikzeitung.ch\/wp-content\/uploads\/2023\/03\/230313linz.jpg","datePublished":"2023-03-13T09:29:50+00:00","dateModified":"2023-03-13T10:11:27+00:00","description":"Die Ober\u00f6sterreichische Anton Bruckner Privatuniversit\u00e4t und die Familie Harnoncourt haben ein Nikolaus Harnoncourt gewidmetes Zentrums gegr\u00fcndet.","breadcrumb":{"@id":"https:\/\/www.musikzeitung.ch\/news\/2023\/03\/nikolaus-harnoncourt-zentrum#breadcrumb"},"inLanguage":"it-IT","potentialAction":[{"@type":"ReadAction","target":["https:\/\/www.musikzeitung.ch\/news\/2023\/03\/nikolaus-harnoncourt-zentrum"]}]},{"@type":"ImageObject","inLanguage":"it-IT","@id":"https:\/\/www.musikzeitung.ch\/news\/2023\/03\/nikolaus-harnoncourt-zentrum#primaryimage","url":"https:\/\/www.musikzeitung.ch\/wp-content\/uploads\/2023\/03\/230313linz.jpg","contentUrl":"https:\/\/www.musikzeitung.ch\/wp-content\/uploads\/2023\/03\/230313linz.jpg","width":999,"height":663,"caption":"v.l.n.r.: Kulturdirektorin Margot Nazzal, Landeshauptmann Thomas Stelzer, Franz Harnoncourt, Rektor Martin Rummel (Bild: Land Ober\u00f6sterreich \/Max Mayrhofer)"},{"@type":"BreadcrumbList","@id":"https:\/\/www.musikzeitung.ch\/news\/2023\/03\/nikolaus-harnoncourt-zentrum#breadcrumb","itemListElement":[{"@type":"ListItem","position":1,"name":"Home","item":"https:\/\/www.musikzeitung.ch\/"},{"@type":"ListItem","position":2,"name":"Ein Zentrum f\u00fcr Nikolaus Harnoncourts Nachlass"}]},{"@type":"WebSite","@id":"https:\/\/www.musikzeitung.ch\/#website","url":"https:\/\/www.musikzeitung.ch\/","name":"Giornale musicale svizzero","description":"Il principale mensile interdisciplinare della Svizzera per le questioni musicali.","publisher":{"@id":"https:\/\/www.musikzeitung.ch\/#organization"},"potentialAction":[{"@type":"SearchAction","target":{"@type":"EntryPoint","urlTemplate":"https:\/\/www.musikzeitung.ch\/?s={search_term_string}"},"query-input":{"@type":"PropertyValueSpecification","valueRequired":true,"valueName":"search_term_string"}}],"inLanguage":"it-IT"},{"@type":"Organization","@id":"https:\/\/www.musikzeitung.ch\/#organization","name":"Giornale musicale svizzero","url":"https:\/\/www.musikzeitung.ch\/","logo":{"@type":"ImageObject","inLanguage":"it-IT","@id":"https:\/\/www.musikzeitung.ch\/#\/schema\/logo\/image\/","url":"https:\/\/www.musikzeitung.ch\/wp-content\/uploads\/2023\/01\/SMZ_Schriftzug_Sprache.png","contentUrl":"https:\/\/www.musikzeitung.ch\/wp-content\/uploads\/2023\/01\/SMZ_Schriftzug_Sprache.png","width":1400,"height":279,"caption":"Schweizer Musikzeitung"},"image":{"@id":"https:\/\/www.musikzeitung.ch\/#\/schema\/logo\/image\/"},"sameAs":["https:\/\/www.facebook.com\/SchweizerMusikzeitung\/","https:\/\/x.com\/smusikzeitung","https:\/\/www.instagram.com\/musikzeitung.ch\/"]},{"@type":"Person","@id":"https:\/\/www.musikzeitung.ch\/#\/schema\/person\/0da4fb82d243f1252850a35d0e87cf0c","name":"Wolfgang B\u00f6hler","image":{"@type":"ImageObject","inLanguage":"it-IT","@id":"https:\/\/www.musikzeitung.ch\/wp-content\/uploads\/2023\/01\/boehler_portraet_web-e1674139782246-96x96.jpg","url":"https:\/\/www.musikzeitung.ch\/wp-content\/uploads\/2023\/01\/boehler_portraet_web-e1674139782246-96x96.jpg","contentUrl":"https:\/\/www.musikzeitung.ch\/wp-content\/uploads\/2023\/01\/boehler_portraet_web-e1674139782246-96x96.jpg","caption":"Wolfgang B\u00f6hler"},"sameAs":["http:\/\/www.manacanto.ch","https:\/\/www.facebook.com\/wolfgang.bohler.75"],"url":"https:\/\/www.musikzeitung.ch\/it\/author\/wolfgang-boehler"}]}},"publishpress_future_workflow_manual_trigger":{"enabledWorkflows":[]},"_links":{"self":[{"href":"https:\/\/www.musikzeitung.ch\/it\/wp-json\/wp\/v2\/posts\/42927","targetHints":{"allow":["GET"]}}],"collection":[{"href":"https:\/\/www.musikzeitung.ch\/it\/wp-json\/wp\/v2\/posts"}],"about":[{"href":"https:\/\/www.musikzeitung.ch\/it\/wp-json\/wp\/v2\/types\/post"}],"author":[{"embeddable":true,"href":"https:\/\/www.musikzeitung.ch\/it\/wp-json\/wp\/v2\/users\/30"}],"replies":[{"embeddable":true,"href":"https:\/\/www.musikzeitung.ch\/it\/wp-json\/wp\/v2\/comments?post=42927"}],"version-history":[{"count":6,"href":"https:\/\/www.musikzeitung.ch\/it\/wp-json\/wp\/v2\/posts\/42927\/revisions"}],"predecessor-version":[{"id":42934,"href":"https:\/\/www.musikzeitung.ch\/it\/wp-json\/wp\/v2\/posts\/42927\/revisions\/42934"}],"wp:featuredmedia":[{"embeddable":true,"href":"https:\/\/www.musikzeitung.ch\/it\/wp-json\/wp\/v2\/media\/42929"}],"wp:attachment":[{"href":"https:\/\/www.musikzeitung.ch\/it\/wp-json\/wp\/v2\/media?parent=42927"}],"wp:term":[{"taxonomy":"category","embeddable":true,"href":"https:\/\/www.musikzeitung.ch\/it\/wp-json\/wp\/v2\/categories?post=42927"},{"taxonomy":"post_tag","embeddable":true,"href":"https:\/\/www.musikzeitung.ch\/it\/wp-json\/wp\/v2\/tags?post=42927"}],"curies":[{"name":"wp","href":"https:\/\/api.w.org\/{rel}","templated":true}]}}