{"id":43134,"date":"2023-03-22T07:06:01","date_gmt":"2023-03-22T06:06:01","guid":{"rendered":"https:\/\/www.musikzeitung.ch\/?p=43134"},"modified":"2023-03-22T07:06:01","modified_gmt":"2023-03-22T06:06:01","slug":"ariel-lanyi-mit-prix-serdang-ausgezeichnet","status":"publish","type":"post","link":"https:\/\/www.musikzeitung.ch\/it\/news\/2023\/03\/ariel-lanyi-mit-prix-serdang-ausgezeichnet","title":{"rendered":"Ariel Lanyi premiato con il Prix Serdang"},"content":{"rendered":"<figure id=\"attachment_43135\" aria-describedby=\"caption-attachment-43135\" style=\"width: 589px\" class=\"wp-caption aligncenter\"><img loading=\"lazy\" decoding=\"async\" class=\"wp-image-43135\" src=\"https:\/\/www.musikzeitung.ch\/wp-content\/uploads\/2023\/03\/230322serdang.jpg\" alt=\"\" width=\"589\" height=\"440\" srcset=\"https:\/\/www.musikzeitung.ch\/wp-content\/uploads\/2023\/03\/230322serdang.jpg 983w, https:\/\/www.musikzeitung.ch\/wp-content\/uploads\/2023\/03\/230322serdang-300x224.jpg 300w, https:\/\/www.musikzeitung.ch\/wp-content\/uploads\/2023\/03\/230322serdang-768x573.jpg 768w, https:\/\/www.musikzeitung.ch\/wp-content\/uploads\/2023\/03\/230322serdang-234x175.jpg 234w, https:\/\/www.musikzeitung.ch\/wp-content\/uploads\/2023\/03\/230322serdang-469x350.jpg 469w, https:\/\/www.musikzeitung.ch\/wp-content\/uploads\/2023\/03\/230322serdang-920x687.jpg 920w\" sizes=\"auto, (max-width: 589px) 100vw, 589px\" \/><figcaption id=\"caption-attachment-43135\" class=\"wp-caption-text\">Ariel Lanyi (Immagine: ycat)<\/figcaption><\/figure>\n<p>Dopo una lunga ricerca, Ariel Lanyi ha attirato l'attenzione di Rudolf Buchbinder come uno dei vincitori delle Olimpiadi pianistiche di Kissingen, scrivono gli organizzatori. L'artista \u00e8 rimasto particolarmente colpito dalla sua interpretazione della Sonata Hammerklavier di Beethoven.<\/p>\n<p>Ariel Lanyi \u00e8 nato a Gerusalemme. Vive a Londra e si \u00e8 diplomato alla Royal Academy of Music con Hamish Milne e lan Fountain. Nel 2021, Ariel ha vinto il terzo premio (la Roslyn Lyons Bronze Medal) al Leeds International Piano Competition e ha suonato il Concerto n. 2 di Brahms in finale con la Royal Liverpool Philharmonic Orchestra diretta da Andrew Manze. Nel 2022 ha intrapreso una tourn\u00e9e da solista in Argentina.<\/p>\n<p>L'idea del \"Prix Serdang\" \u00e8 nata durante la pandemia e serve a \"promuovere e preservare la creazione artistica\". Viene assegnato annualmente dal 2022. Il curatore Rudolf Buchbinder raccomanda un massimo di tre giovani talenti. La scelta spetta infine all'iniziatore Adrian Flury e al manager culturale Thomas Pfiffner.<\/p>\n<p>&nbsp;<\/p>","protected":false},"excerpt":{"rendered":"<p>Il pianista israeliano Ariel Lanyi \u00e8 il secondo vincitore del \"Prix Serdang\" di Soletta, istituito nel 2022. I vincitori del premio sono curati dal pianista Rudolf Buchbinder. Il premio \u00e8 dotato di 50.000 franchi.<\/p>","protected":false},"author":30,"featured_media":43135,"comment_status":"closed","ping_status":"closed","sticky":false,"template":"","format":"standard","meta":{"_acf_changed":false,"_relevanssi_hide_post":"","_relevanssi_hide_content":"","_relevanssi_pin_for_all":"","_relevanssi_pin_keywords":"","_relevanssi_unpin_keywords":"","_relevanssi_related_keywords":"","_relevanssi_related_include_ids":"","_relevanssi_related_exclude_ids":"","_relevanssi_related_no_append":"","_relevanssi_related_not_related":"","_relevanssi_related_posts":"","_relevanssi_noindex_reason":"","pgc_sgb_lightbox_settings":"","footnotes":""},"categories":[27],"tags":[2167,2168],"class_list":["post-43134","post","type-post","status-publish","format-standard","has-post-thumbnail","hentry","category-news","tag-ariel-lanyi","tag-prix-serdang"],"acf":[],"yoast_head":"<!-- This site is optimized with the Yoast SEO plugin v27.4 - https:\/\/yoast.com\/product\/yoast-seo-wordpress\/ -->\n<title>Ariel Lanyi mit Prix Serdang ausgezeichnet - Schweizer Musikzeitung<\/title>\n<meta name=\"robots\" content=\"index, follow, max-snippet:-1, max-image-preview:large, max-video-preview:-1\" \/>\n<link rel=\"canonical\" href=\"https:\/\/www.musikzeitung.ch\/it\/news\/2023\/03\/ariel-lanyi-mit-prix-serdang-ausgezeichnet\/\" \/>\n<meta property=\"og:locale\" content=\"it_IT\" \/>\n<meta property=\"og:type\" content=\"article\" \/>\n<meta property=\"og:title\" content=\"Ariel Lanyi mit Prix Serdang ausgezeichnet - Schweizer Musikzeitung\" \/>\n<meta property=\"og:description\" content=\"Der israelische Pianist Ariel Lanyi ist der zweite Tr\u00e4ger des 2022 ins Leben gerufenen Solothurner \u00abPrix Serdang\u00bb. .Die Ausgezeichneten werden vom Pianisten Rudolf Buchbinder kuratiert. Der Preis ist mit 50&#039;000 Franken dotiert.\" \/>\n<meta property=\"og:url\" content=\"https:\/\/www.musikzeitung.ch\/it\/news\/2023\/03\/ariel-lanyi-mit-prix-serdang-ausgezeichnet\/\" \/>\n<meta property=\"og:site_name\" content=\"Schweizer Musikzeitung\" \/>\n<meta property=\"article:publisher\" content=\"https:\/\/www.facebook.com\/SchweizerMusikzeitung\/\" \/>\n<meta property=\"article:author\" content=\"https:\/\/www.facebook.com\/wolfgang.bohler.75\" \/>\n<meta property=\"article:published_time\" content=\"2023-03-22T06:06:01+00:00\" \/>\n<meta property=\"og:image\" content=\"https:\/\/www.musikzeitung.ch\/wp-content\/uploads\/2023\/03\/230322serdang.jpg\" \/>\n\t<meta property=\"og:image:width\" content=\"983\" \/>\n\t<meta property=\"og:image:height\" content=\"734\" \/>\n\t<meta property=\"og:image:type\" content=\"image\/jpeg\" \/>\n<meta name=\"author\" content=\"Wolfgang B\u00f6hler\" \/>\n<meta name=\"twitter:card\" content=\"summary_large_image\" \/>\n<meta name=\"twitter:creator\" content=\"@smusikzeitung\" \/>\n<meta name=\"twitter:site\" content=\"@smusikzeitung\" \/>\n<meta name=\"twitter:label1\" content=\"Scritto da\" \/>\n\t<meta name=\"twitter:data1\" content=\"Wolfgang B\u00f6hler\" \/>\n\t<meta name=\"twitter:label2\" content=\"Tempo di lettura stimato\" \/>\n\t<meta name=\"twitter:data2\" content=\"2 minuti\" \/>\n<script type=\"application\/ld+json\" class=\"yoast-schema-graph\">{\"@context\":\"https:\\\/\\\/schema.org\",\"@graph\":[{\"@type\":\"Article\",\"@id\":\"https:\\\/\\\/www.musikzeitung.ch\\\/news\\\/2023\\\/03\\\/ariel-lanyi-mit-prix-serdang-ausgezeichnet#article\",\"isPartOf\":{\"@id\":\"https:\\\/\\\/www.musikzeitung.ch\\\/news\\\/2023\\\/03\\\/ariel-lanyi-mit-prix-serdang-ausgezeichnet\"},\"author\":{\"name\":\"Wolfgang B\u00f6hler\",\"@id\":\"https:\\\/\\\/www.musikzeitung.ch\\\/#\\\/schema\\\/person\\\/0da4fb82d243f1252850a35d0e87cf0c\"},\"headline\":\"Ariel Lanyi mit Prix Serdang ausgezeichnet\",\"datePublished\":\"2023-03-22T06:06:01+00:00\",\"mainEntityOfPage\":{\"@id\":\"https:\\\/\\\/www.musikzeitung.ch\\\/news\\\/2023\\\/03\\\/ariel-lanyi-mit-prix-serdang-ausgezeichnet\"},\"wordCount\":165,\"publisher\":{\"@id\":\"https:\\\/\\\/www.musikzeitung.ch\\\/#organization\"},\"image\":{\"@id\":\"https:\\\/\\\/www.musikzeitung.ch\\\/news\\\/2023\\\/03\\\/ariel-lanyi-mit-prix-serdang-ausgezeichnet#primaryimage\"},\"thumbnailUrl\":\"https:\\\/\\\/www.musikzeitung.ch\\\/wp-content\\\/uploads\\\/2023\\\/03\\\/230322serdang.jpg\",\"keywords\":[\"Ariel Lanyi\",\"Prix Serdang\"],\"articleSection\":[\"News\"],\"inLanguage\":\"it-IT\"},{\"@type\":\"WebPage\",\"@id\":\"https:\\\/\\\/www.musikzeitung.ch\\\/news\\\/2023\\\/03\\\/ariel-lanyi-mit-prix-serdang-ausgezeichnet\",\"url\":\"https:\\\/\\\/www.musikzeitung.ch\\\/news\\\/2023\\\/03\\\/ariel-lanyi-mit-prix-serdang-ausgezeichnet\",\"name\":\"Ariel Lanyi mit Prix Serdang ausgezeichnet - Schweizer Musikzeitung\",\"isPartOf\":{\"@id\":\"https:\\\/\\\/www.musikzeitung.ch\\\/#website\"},\"primaryImageOfPage\":{\"@id\":\"https:\\\/\\\/www.musikzeitung.ch\\\/news\\\/2023\\\/03\\\/ariel-lanyi-mit-prix-serdang-ausgezeichnet#primaryimage\"},\"image\":{\"@id\":\"https:\\\/\\\/www.musikzeitung.ch\\\/news\\\/2023\\\/03\\\/ariel-lanyi-mit-prix-serdang-ausgezeichnet#primaryimage\"},\"thumbnailUrl\":\"https:\\\/\\\/www.musikzeitung.ch\\\/wp-content\\\/uploads\\\/2023\\\/03\\\/230322serdang.jpg\",\"datePublished\":\"2023-03-22T06:06:01+00:00\",\"breadcrumb\":{\"@id\":\"https:\\\/\\\/www.musikzeitung.ch\\\/news\\\/2023\\\/03\\\/ariel-lanyi-mit-prix-serdang-ausgezeichnet#breadcrumb\"},\"inLanguage\":\"it-IT\",\"potentialAction\":[{\"@type\":\"ReadAction\",\"target\":[\"https:\\\/\\\/www.musikzeitung.ch\\\/news\\\/2023\\\/03\\\/ariel-lanyi-mit-prix-serdang-ausgezeichnet\"]}]},{\"@type\":\"ImageObject\",\"inLanguage\":\"it-IT\",\"@id\":\"https:\\\/\\\/www.musikzeitung.ch\\\/news\\\/2023\\\/03\\\/ariel-lanyi-mit-prix-serdang-ausgezeichnet#primaryimage\",\"url\":\"https:\\\/\\\/www.musikzeitung.ch\\\/wp-content\\\/uploads\\\/2023\\\/03\\\/230322serdang.jpg\",\"contentUrl\":\"https:\\\/\\\/www.musikzeitung.ch\\\/wp-content\\\/uploads\\\/2023\\\/03\\\/230322serdang.jpg\",\"width\":983,\"height\":734,\"caption\":\"Ariel Lanyi (Bild: ycat)\"},{\"@type\":\"BreadcrumbList\",\"@id\":\"https:\\\/\\\/www.musikzeitung.ch\\\/news\\\/2023\\\/03\\\/ariel-lanyi-mit-prix-serdang-ausgezeichnet#breadcrumb\",\"itemListElement\":[{\"@type\":\"ListItem\",\"position\":1,\"name\":\"Home\",\"item\":\"https:\\\/\\\/www.musikzeitung.ch\\\/\"},{\"@type\":\"ListItem\",\"position\":2,\"name\":\"Ariel Lanyi mit Prix Serdang ausgezeichnet\"}]},{\"@type\":\"WebSite\",\"@id\":\"https:\\\/\\\/www.musikzeitung.ch\\\/#website\",\"url\":\"https:\\\/\\\/www.musikzeitung.ch\\\/\",\"name\":\"Schweizer Musikzeitung\",\"description\":\"Die f\u00fchrende sparten\u00fcbergreifende Monatszeitung in der Schweiz f\u00fcr musikalische Fragen.\",\"publisher\":{\"@id\":\"https:\\\/\\\/www.musikzeitung.ch\\\/#organization\"},\"potentialAction\":[{\"@type\":\"SearchAction\",\"target\":{\"@type\":\"EntryPoint\",\"urlTemplate\":\"https:\\\/\\\/www.musikzeitung.ch\\\/?s={search_term_string}\"},\"query-input\":{\"@type\":\"PropertyValueSpecification\",\"valueRequired\":true,\"valueName\":\"search_term_string\"}}],\"inLanguage\":\"it-IT\"},{\"@type\":\"Organization\",\"@id\":\"https:\\\/\\\/www.musikzeitung.ch\\\/#organization\",\"name\":\"Schweizer Musikzeitung\",\"url\":\"https:\\\/\\\/www.musikzeitung.ch\\\/\",\"logo\":{\"@type\":\"ImageObject\",\"inLanguage\":\"it-IT\",\"@id\":\"https:\\\/\\\/www.musikzeitung.ch\\\/#\\\/schema\\\/logo\\\/image\\\/\",\"url\":\"https:\\\/\\\/www.musikzeitung.ch\\\/wp-content\\\/uploads\\\/2023\\\/01\\\/SMZ_Schriftzug_Sprache.png\",\"contentUrl\":\"https:\\\/\\\/www.musikzeitung.ch\\\/wp-content\\\/uploads\\\/2023\\\/01\\\/SMZ_Schriftzug_Sprache.png\",\"width\":1400,\"height\":279,\"caption\":\"Schweizer Musikzeitung\"},\"image\":{\"@id\":\"https:\\\/\\\/www.musikzeitung.ch\\\/#\\\/schema\\\/logo\\\/image\\\/\"},\"sameAs\":[\"https:\\\/\\\/www.facebook.com\\\/SchweizerMusikzeitung\\\/\",\"https:\\\/\\\/x.com\\\/smusikzeitung\",\"https:\\\/\\\/www.instagram.com\\\/musikzeitung.ch\\\/\"]},{\"@type\":\"Person\",\"@id\":\"https:\\\/\\\/www.musikzeitung.ch\\\/#\\\/schema\\\/person\\\/0da4fb82d243f1252850a35d0e87cf0c\",\"name\":\"Wolfgang B\u00f6hler\",\"image\":{\"@type\":\"ImageObject\",\"inLanguage\":\"it-IT\",\"@id\":\"https:\\\/\\\/www.musikzeitung.ch\\\/wp-content\\\/uploads\\\/2023\\\/01\\\/boehler_portraet_web-e1674139782246-96x96.jpg\",\"url\":\"https:\\\/\\\/www.musikzeitung.ch\\\/wp-content\\\/uploads\\\/2023\\\/01\\\/boehler_portraet_web-e1674139782246-96x96.jpg\",\"contentUrl\":\"https:\\\/\\\/www.musikzeitung.ch\\\/wp-content\\\/uploads\\\/2023\\\/01\\\/boehler_portraet_web-e1674139782246-96x96.jpg\",\"caption\":\"Wolfgang B\u00f6hler\"},\"sameAs\":[\"http:\\\/\\\/www.manacanto.ch\",\"https:\\\/\\\/www.facebook.com\\\/wolfgang.bohler.75\"],\"url\":\"https:\\\/\\\/www.musikzeitung.ch\\\/it\\\/author\\\/wolfgang-boehler\"}]}<\/script>\n<!-- \/ Yoast SEO plugin. -->","yoast_head_json":{"title":"Ariel Lanyi mit Prix Serdang ausgezeichnet - Schweizer Musikzeitung","robots":{"index":"index","follow":"follow","max-snippet":"max-snippet:-1","max-image-preview":"max-image-preview:large","max-video-preview":"max-video-preview:-1"},"canonical":"https:\/\/www.musikzeitung.ch\/it\/news\/2023\/03\/ariel-lanyi-mit-prix-serdang-ausgezeichnet\/","og_locale":"it_IT","og_type":"article","og_title":"Ariel Lanyi mit Prix Serdang ausgezeichnet - Schweizer Musikzeitung","og_description":"Der israelische Pianist Ariel Lanyi ist der zweite Tr\u00e4ger des 2022 ins Leben gerufenen Solothurner \u00abPrix Serdang\u00bb. .Die Ausgezeichneten werden vom Pianisten Rudolf Buchbinder kuratiert. Der Preis ist mit 50'000 Franken dotiert.","og_url":"https:\/\/www.musikzeitung.ch\/it\/news\/2023\/03\/ariel-lanyi-mit-prix-serdang-ausgezeichnet\/","og_site_name":"Schweizer Musikzeitung","article_publisher":"https:\/\/www.facebook.com\/SchweizerMusikzeitung\/","article_author":"https:\/\/www.facebook.com\/wolfgang.bohler.75","article_published_time":"2023-03-22T06:06:01+00:00","og_image":[{"width":983,"height":734,"url":"https:\/\/www.musikzeitung.ch\/wp-content\/uploads\/2023\/03\/230322serdang.jpg","type":"image\/jpeg"}],"author":"Wolfgang B\u00f6hler","twitter_card":"summary_large_image","twitter_creator":"@smusikzeitung","twitter_site":"@smusikzeitung","twitter_misc":{"Scritto da":"Wolfgang B\u00f6hler","Tempo di lettura stimato":"2 minuti"},"schema":{"@context":"https:\/\/schema.org","@graph":[{"@type":"Article","@id":"https:\/\/www.musikzeitung.ch\/news\/2023\/03\/ariel-lanyi-mit-prix-serdang-ausgezeichnet#article","isPartOf":{"@id":"https:\/\/www.musikzeitung.ch\/news\/2023\/03\/ariel-lanyi-mit-prix-serdang-ausgezeichnet"},"author":{"name":"Wolfgang B\u00f6hler","@id":"https:\/\/www.musikzeitung.ch\/#\/schema\/person\/0da4fb82d243f1252850a35d0e87cf0c"},"headline":"Ariel Lanyi mit Prix Serdang ausgezeichnet","datePublished":"2023-03-22T06:06:01+00:00","mainEntityOfPage":{"@id":"https:\/\/www.musikzeitung.ch\/news\/2023\/03\/ariel-lanyi-mit-prix-serdang-ausgezeichnet"},"wordCount":165,"publisher":{"@id":"https:\/\/www.musikzeitung.ch\/#organization"},"image":{"@id":"https:\/\/www.musikzeitung.ch\/news\/2023\/03\/ariel-lanyi-mit-prix-serdang-ausgezeichnet#primaryimage"},"thumbnailUrl":"https:\/\/www.musikzeitung.ch\/wp-content\/uploads\/2023\/03\/230322serdang.jpg","keywords":["Ariel Lanyi","Prix Serdang"],"articleSection":["News"],"inLanguage":"it-IT"},{"@type":"WebPage","@id":"https:\/\/www.musikzeitung.ch\/news\/2023\/03\/ariel-lanyi-mit-prix-serdang-ausgezeichnet","url":"https:\/\/www.musikzeitung.ch\/news\/2023\/03\/ariel-lanyi-mit-prix-serdang-ausgezeichnet","name":"Ariel Lanyi mit Prix Serdang ausgezeichnet - Schweizer Musikzeitung","isPartOf":{"@id":"https:\/\/www.musikzeitung.ch\/#website"},"primaryImageOfPage":{"@id":"https:\/\/www.musikzeitung.ch\/news\/2023\/03\/ariel-lanyi-mit-prix-serdang-ausgezeichnet#primaryimage"},"image":{"@id":"https:\/\/www.musikzeitung.ch\/news\/2023\/03\/ariel-lanyi-mit-prix-serdang-ausgezeichnet#primaryimage"},"thumbnailUrl":"https:\/\/www.musikzeitung.ch\/wp-content\/uploads\/2023\/03\/230322serdang.jpg","datePublished":"2023-03-22T06:06:01+00:00","breadcrumb":{"@id":"https:\/\/www.musikzeitung.ch\/news\/2023\/03\/ariel-lanyi-mit-prix-serdang-ausgezeichnet#breadcrumb"},"inLanguage":"it-IT","potentialAction":[{"@type":"ReadAction","target":["https:\/\/www.musikzeitung.ch\/news\/2023\/03\/ariel-lanyi-mit-prix-serdang-ausgezeichnet"]}]},{"@type":"ImageObject","inLanguage":"it-IT","@id":"https:\/\/www.musikzeitung.ch\/news\/2023\/03\/ariel-lanyi-mit-prix-serdang-ausgezeichnet#primaryimage","url":"https:\/\/www.musikzeitung.ch\/wp-content\/uploads\/2023\/03\/230322serdang.jpg","contentUrl":"https:\/\/www.musikzeitung.ch\/wp-content\/uploads\/2023\/03\/230322serdang.jpg","width":983,"height":734,"caption":"Ariel Lanyi (Bild: ycat)"},{"@type":"BreadcrumbList","@id":"https:\/\/www.musikzeitung.ch\/news\/2023\/03\/ariel-lanyi-mit-prix-serdang-ausgezeichnet#breadcrumb","itemListElement":[{"@type":"ListItem","position":1,"name":"Home","item":"https:\/\/www.musikzeitung.ch\/"},{"@type":"ListItem","position":2,"name":"Ariel Lanyi mit Prix Serdang ausgezeichnet"}]},{"@type":"WebSite","@id":"https:\/\/www.musikzeitung.ch\/#website","url":"https:\/\/www.musikzeitung.ch\/","name":"Giornale musicale svizzero","description":"Il principale mensile interdisciplinare della Svizzera per le questioni musicali.","publisher":{"@id":"https:\/\/www.musikzeitung.ch\/#organization"},"potentialAction":[{"@type":"SearchAction","target":{"@type":"EntryPoint","urlTemplate":"https:\/\/www.musikzeitung.ch\/?s={search_term_string}"},"query-input":{"@type":"PropertyValueSpecification","valueRequired":true,"valueName":"search_term_string"}}],"inLanguage":"it-IT"},{"@type":"Organization","@id":"https:\/\/www.musikzeitung.ch\/#organization","name":"Giornale musicale svizzero","url":"https:\/\/www.musikzeitung.ch\/","logo":{"@type":"ImageObject","inLanguage":"it-IT","@id":"https:\/\/www.musikzeitung.ch\/#\/schema\/logo\/image\/","url":"https:\/\/www.musikzeitung.ch\/wp-content\/uploads\/2023\/01\/SMZ_Schriftzug_Sprache.png","contentUrl":"https:\/\/www.musikzeitung.ch\/wp-content\/uploads\/2023\/01\/SMZ_Schriftzug_Sprache.png","width":1400,"height":279,"caption":"Schweizer Musikzeitung"},"image":{"@id":"https:\/\/www.musikzeitung.ch\/#\/schema\/logo\/image\/"},"sameAs":["https:\/\/www.facebook.com\/SchweizerMusikzeitung\/","https:\/\/x.com\/smusikzeitung","https:\/\/www.instagram.com\/musikzeitung.ch\/"]},{"@type":"Person","@id":"https:\/\/www.musikzeitung.ch\/#\/schema\/person\/0da4fb82d243f1252850a35d0e87cf0c","name":"Wolfgang B\u00f6hler","image":{"@type":"ImageObject","inLanguage":"it-IT","@id":"https:\/\/www.musikzeitung.ch\/wp-content\/uploads\/2023\/01\/boehler_portraet_web-e1674139782246-96x96.jpg","url":"https:\/\/www.musikzeitung.ch\/wp-content\/uploads\/2023\/01\/boehler_portraet_web-e1674139782246-96x96.jpg","contentUrl":"https:\/\/www.musikzeitung.ch\/wp-content\/uploads\/2023\/01\/boehler_portraet_web-e1674139782246-96x96.jpg","caption":"Wolfgang B\u00f6hler"},"sameAs":["http:\/\/www.manacanto.ch","https:\/\/www.facebook.com\/wolfgang.bohler.75"],"url":"https:\/\/www.musikzeitung.ch\/it\/author\/wolfgang-boehler"}]}},"publishpress_future_workflow_manual_trigger":{"enabledWorkflows":[]},"_links":{"self":[{"href":"https:\/\/www.musikzeitung.ch\/it\/wp-json\/wp\/v2\/posts\/43134","targetHints":{"allow":["GET"]}}],"collection":[{"href":"https:\/\/www.musikzeitung.ch\/it\/wp-json\/wp\/v2\/posts"}],"about":[{"href":"https:\/\/www.musikzeitung.ch\/it\/wp-json\/wp\/v2\/types\/post"}],"author":[{"embeddable":true,"href":"https:\/\/www.musikzeitung.ch\/it\/wp-json\/wp\/v2\/users\/30"}],"replies":[{"embeddable":true,"href":"https:\/\/www.musikzeitung.ch\/it\/wp-json\/wp\/v2\/comments?post=43134"}],"version-history":[{"count":1,"href":"https:\/\/www.musikzeitung.ch\/it\/wp-json\/wp\/v2\/posts\/43134\/revisions"}],"predecessor-version":[{"id":43136,"href":"https:\/\/www.musikzeitung.ch\/it\/wp-json\/wp\/v2\/posts\/43134\/revisions\/43136"}],"wp:featuredmedia":[{"embeddable":true,"href":"https:\/\/www.musikzeitung.ch\/it\/wp-json\/wp\/v2\/media\/43135"}],"wp:attachment":[{"href":"https:\/\/www.musikzeitung.ch\/it\/wp-json\/wp\/v2\/media?parent=43134"}],"wp:term":[{"taxonomy":"category","embeddable":true,"href":"https:\/\/www.musikzeitung.ch\/it\/wp-json\/wp\/v2\/categories?post=43134"},{"taxonomy":"post_tag","embeddable":true,"href":"https:\/\/www.musikzeitung.ch\/it\/wp-json\/wp\/v2\/tags?post=43134"}],"curies":[{"name":"wp","href":"https:\/\/api.w.org\/{rel}","templated":true}]}}