{"id":43623,"date":"2023-04-03T07:01:28","date_gmt":"2023-04-03T05:01:28","guid":{"rendered":"https:\/\/www.musikzeitung.ch\/?p=43623"},"modified":"2023-04-03T07:01:28","modified_gmt":"2023-04-03T05:01:28","slug":"deutsche-forschungsgemeinschaft-foerdert-musikinformatik","status":"publish","type":"post","link":"https:\/\/www.musikzeitung.ch\/it\/news\/2023\/04\/deutsche-forschungsgemeinschaft-foerdert-musikinformatik","title":{"rendered":"La Fondazione tedesca per la ricerca finanzia l'informatica musicale"},"content":{"rendered":"<p>,<\/p>\n<figure id=\"attachment_43624\" aria-describedby=\"caption-attachment-43624\" style=\"width: 508px\" class=\"wp-caption aligncenter\"><img loading=\"lazy\" decoding=\"async\" class=\"wp-image-43624\" src=\"https:\/\/www.musikzeitung.ch\/wp-content\/uploads\/2023\/04\/230403mi.jpg\" alt=\"\" width=\"508\" height=\"350\" srcset=\"https:\/\/www.musikzeitung.ch\/wp-content\/uploads\/2023\/04\/230403mi.jpg 1169w, https:\/\/www.musikzeitung.ch\/wp-content\/uploads\/2023\/04\/230403mi-300x207.jpg 300w, https:\/\/www.musikzeitung.ch\/wp-content\/uploads\/2023\/04\/230403mi-1024x705.jpg 1024w, https:\/\/www.musikzeitung.ch\/wp-content\/uploads\/2023\/04\/230403mi-768x529.jpg 768w, https:\/\/www.musikzeitung.ch\/wp-content\/uploads\/2023\/04\/230403mi-254x175.jpg 254w, https:\/\/www.musikzeitung.ch\/wp-content\/uploads\/2023\/04\/230403mi-508x350.jpg 508w, https:\/\/www.musikzeitung.ch\/wp-content\/uploads\/2023\/04\/230403mi-1162x800.jpg 1162w, https:\/\/www.musikzeitung.ch\/wp-content\/uploads\/2023\/04\/230403mi-920x634.jpg 920w\" sizes=\"auto, (max-width: 508px) 100vw, 508px\" \/><figcaption id=\"caption-attachment-43624\" class=\"wp-caption-text\">Meinrad M\u00fcller (Immagine: FAU\/Georg P\u00f6hlein)<\/figcaption><\/figure>\n<p>Il sostegno consentir\u00e0 all'informatico musicale Meinard M\u00fcller, con sede a Erlangen, di sviluppare ulteriormente le tecnologie di apprendimento profondo che estraggono caratteristiche complesse e relazioni nascoste direttamente dai segnali musicali. Come nel caso dell'analisi dei dati delle immagini, questo comporta il riconoscimento di modelli - altezze, accordi e ritmo, ma anche testi vocali. A questo scopo vengono utilizzati, ad esempio, algoritmi in grado di trovare la canzone giusta sulla base di una melodia pre-mixata o di suggerire canzoni con un ritmo simile.<\/p>\n<p>Dal 2012 Meinard M\u00fcller \u00e8 professore di elaborazione semantica del segnale audio presso gli International Audio Laboratories Erlangen, in breve AudioLabs. AudioLabs \u00e8 un progetto congiunto della Friedrich-Alexander-Universit\u00e4t Erlangen-N\u00fcrnberg (FAU) e del Fraunhofer Institute for Integrated Circuits IIS, nel quale \u00e8 stato sviluppato il formato MP3.<\/p>\n<p><strong>Per saperne di pi\u00f9:<\/strong><br \/>\n<a href=\"https:\/\/www.fau.de\/2023\/03\/news\/leute\/musikinformatiker-der-fau-erhaelt-dfg-foerderung-von-125-millionen-euro\/\">https:\/\/www.fau.de\/2023\/03\/news\/leute\/musikinformatiker-der-fau-erhaelt-dfg-foerderung-von-125-millionen-euro\/<\/a><\/p>","protected":false},"excerpt":{"rendered":"<p>La Fondazione tedesca per la ricerca (DFG) finanzia con 1,25 milioni di euro strumenti di intelligenza artificiale per decifrare caratteristiche complesse e relazioni nascoste nella musica. <\/p>","protected":false},"author":30,"featured_media":43624,"comment_status":"closed","ping_status":"closed","sticky":false,"template":"","format":"standard","meta":{"_acf_changed":false,"_relevanssi_hide_post":"","_relevanssi_hide_content":"","_relevanssi_pin_for_all":"","_relevanssi_pin_keywords":"","_relevanssi_unpin_keywords":"","_relevanssi_related_keywords":"","_relevanssi_related_include_ids":"","_relevanssi_related_exclude_ids":"","_relevanssi_related_no_append":"","_relevanssi_related_not_related":"","_relevanssi_related_posts":"","_relevanssi_noindex_reason":"","pgc_sgb_lightbox_settings":"","footnotes":""},"categories":[27],"tags":[2237,2238,2236],"class_list":["post-43623","post","type-post","status-publish","format-standard","has-post-thumbnail","hentry","category-news","tag-deutsche-forschungsgemeinschaft","tag-meinard-mueller","tag-musikinformatik"],"acf":[],"yoast_head":"<!-- This site is optimized with the Yoast SEO plugin v27.4 - https:\/\/yoast.com\/product\/yoast-seo-wordpress\/ -->\n<title>Deutsche Forschungsgemeinschaft f\u00f6rdert Musikinformatik - Schweizer Musikzeitung<\/title>\n<meta name=\"robots\" content=\"index, follow, max-snippet:-1, max-image-preview:large, max-video-preview:-1\" \/>\n<link rel=\"canonical\" href=\"https:\/\/www.musikzeitung.ch\/it\/news\/2023\/04\/deutsche-forschungsgemeinschaft-foerdert-musikinformatik\/\" \/>\n<meta property=\"og:locale\" content=\"it_IT\" \/>\n<meta property=\"og:type\" content=\"article\" \/>\n<meta property=\"og:title\" content=\"Deutsche Forschungsgemeinschaft f\u00f6rdert Musikinformatik - Schweizer Musikzeitung\" \/>\n<meta property=\"og:description\" content=\"Die Deutsche Forschungsgemeinschaft (DFG) f\u00f6rdert mit 1,25 Millionen Euro Instrumente der k\u00fcnstlichen Intelligenz zur Entschl\u00fcsselung komplexe Merkmale und verborgener Beziehungen in der Musik.\" \/>\n<meta property=\"og:url\" content=\"https:\/\/www.musikzeitung.ch\/it\/news\/2023\/04\/deutsche-forschungsgemeinschaft-foerdert-musikinformatik\/\" \/>\n<meta property=\"og:site_name\" content=\"Schweizer Musikzeitung\" \/>\n<meta property=\"article:publisher\" content=\"https:\/\/www.facebook.com\/SchweizerMusikzeitung\/\" \/>\n<meta property=\"article:author\" content=\"https:\/\/www.facebook.com\/wolfgang.bohler.75\" \/>\n<meta property=\"article:published_time\" content=\"2023-04-03T05:01:28+00:00\" \/>\n<meta property=\"og:image\" content=\"https:\/\/www.musikzeitung.ch\/wp-content\/uploads\/2023\/04\/230403mi.jpg\" \/>\n\t<meta property=\"og:image:width\" content=\"1169\" \/>\n\t<meta property=\"og:image:height\" content=\"805\" \/>\n\t<meta property=\"og:image:type\" content=\"image\/jpeg\" \/>\n<meta name=\"author\" content=\"Wolfgang B\u00f6hler\" \/>\n<meta name=\"twitter:card\" content=\"summary_large_image\" \/>\n<meta name=\"twitter:creator\" content=\"@smusikzeitung\" \/>\n<meta name=\"twitter:site\" content=\"@smusikzeitung\" \/>\n<meta name=\"twitter:label1\" content=\"Scritto da\" \/>\n\t<meta name=\"twitter:data1\" content=\"Wolfgang B\u00f6hler\" \/>\n\t<meta name=\"twitter:label2\" content=\"Tempo di lettura stimato\" \/>\n\t<meta name=\"twitter:data2\" content=\"1 minuto\" \/>\n<script type=\"application\/ld+json\" class=\"yoast-schema-graph\">{\"@context\":\"https:\\\/\\\/schema.org\",\"@graph\":[{\"@type\":\"Article\",\"@id\":\"https:\\\/\\\/www.musikzeitung.ch\\\/news\\\/2023\\\/04\\\/deutsche-forschungsgemeinschaft-foerdert-musikinformatik#article\",\"isPartOf\":{\"@id\":\"https:\\\/\\\/www.musikzeitung.ch\\\/news\\\/2023\\\/04\\\/deutsche-forschungsgemeinschaft-foerdert-musikinformatik\"},\"author\":{\"name\":\"Wolfgang B\u00f6hler\",\"@id\":\"https:\\\/\\\/www.musikzeitung.ch\\\/#\\\/schema\\\/person\\\/0da4fb82d243f1252850a35d0e87cf0c\"},\"headline\":\"Deutsche Forschungsgemeinschaft f\u00f6rdert Musikinformatik\",\"datePublished\":\"2023-04-03T05:01:28+00:00\",\"mainEntityOfPage\":{\"@id\":\"https:\\\/\\\/www.musikzeitung.ch\\\/news\\\/2023\\\/04\\\/deutsche-forschungsgemeinschaft-foerdert-musikinformatik\"},\"wordCount\":150,\"publisher\":{\"@id\":\"https:\\\/\\\/www.musikzeitung.ch\\\/#organization\"},\"image\":{\"@id\":\"https:\\\/\\\/www.musikzeitung.ch\\\/news\\\/2023\\\/04\\\/deutsche-forschungsgemeinschaft-foerdert-musikinformatik#primaryimage\"},\"thumbnailUrl\":\"https:\\\/\\\/www.musikzeitung.ch\\\/wp-content\\\/uploads\\\/2023\\\/04\\\/230403mi.jpg\",\"keywords\":[\"Deutsche Forschungsgemeinschaft\",\"Meinard M\u00fcller\",\"Musikinformatik\"],\"articleSection\":[\"News\"],\"inLanguage\":\"it-IT\"},{\"@type\":\"WebPage\",\"@id\":\"https:\\\/\\\/www.musikzeitung.ch\\\/news\\\/2023\\\/04\\\/deutsche-forschungsgemeinschaft-foerdert-musikinformatik\",\"url\":\"https:\\\/\\\/www.musikzeitung.ch\\\/news\\\/2023\\\/04\\\/deutsche-forschungsgemeinschaft-foerdert-musikinformatik\",\"name\":\"Deutsche Forschungsgemeinschaft f\u00f6rdert Musikinformatik - Schweizer Musikzeitung\",\"isPartOf\":{\"@id\":\"https:\\\/\\\/www.musikzeitung.ch\\\/#website\"},\"primaryImageOfPage\":{\"@id\":\"https:\\\/\\\/www.musikzeitung.ch\\\/news\\\/2023\\\/04\\\/deutsche-forschungsgemeinschaft-foerdert-musikinformatik#primaryimage\"},\"image\":{\"@id\":\"https:\\\/\\\/www.musikzeitung.ch\\\/news\\\/2023\\\/04\\\/deutsche-forschungsgemeinschaft-foerdert-musikinformatik#primaryimage\"},\"thumbnailUrl\":\"https:\\\/\\\/www.musikzeitung.ch\\\/wp-content\\\/uploads\\\/2023\\\/04\\\/230403mi.jpg\",\"datePublished\":\"2023-04-03T05:01:28+00:00\",\"breadcrumb\":{\"@id\":\"https:\\\/\\\/www.musikzeitung.ch\\\/news\\\/2023\\\/04\\\/deutsche-forschungsgemeinschaft-foerdert-musikinformatik#breadcrumb\"},\"inLanguage\":\"it-IT\",\"potentialAction\":[{\"@type\":\"ReadAction\",\"target\":[\"https:\\\/\\\/www.musikzeitung.ch\\\/news\\\/2023\\\/04\\\/deutsche-forschungsgemeinschaft-foerdert-musikinformatik\"]}]},{\"@type\":\"ImageObject\",\"inLanguage\":\"it-IT\",\"@id\":\"https:\\\/\\\/www.musikzeitung.ch\\\/news\\\/2023\\\/04\\\/deutsche-forschungsgemeinschaft-foerdert-musikinformatik#primaryimage\",\"url\":\"https:\\\/\\\/www.musikzeitung.ch\\\/wp-content\\\/uploads\\\/2023\\\/04\\\/230403mi.jpg\",\"contentUrl\":\"https:\\\/\\\/www.musikzeitung.ch\\\/wp-content\\\/uploads\\\/2023\\\/04\\\/230403mi.jpg\",\"width\":1169,\"height\":805,\"caption\":\"Meinrad M\u00fcller (Bild: FAU\\\/Georg P\u00f6hlein)\"},{\"@type\":\"BreadcrumbList\",\"@id\":\"https:\\\/\\\/www.musikzeitung.ch\\\/news\\\/2023\\\/04\\\/deutsche-forschungsgemeinschaft-foerdert-musikinformatik#breadcrumb\",\"itemListElement\":[{\"@type\":\"ListItem\",\"position\":1,\"name\":\"Home\",\"item\":\"https:\\\/\\\/www.musikzeitung.ch\\\/\"},{\"@type\":\"ListItem\",\"position\":2,\"name\":\"Deutsche Forschungsgemeinschaft f\u00f6rdert Musikinformatik\"}]},{\"@type\":\"WebSite\",\"@id\":\"https:\\\/\\\/www.musikzeitung.ch\\\/#website\",\"url\":\"https:\\\/\\\/www.musikzeitung.ch\\\/\",\"name\":\"Schweizer Musikzeitung\",\"description\":\"Die f\u00fchrende sparten\u00fcbergreifende Monatszeitung in der Schweiz f\u00fcr musikalische Fragen.\",\"publisher\":{\"@id\":\"https:\\\/\\\/www.musikzeitung.ch\\\/#organization\"},\"potentialAction\":[{\"@type\":\"SearchAction\",\"target\":{\"@type\":\"EntryPoint\",\"urlTemplate\":\"https:\\\/\\\/www.musikzeitung.ch\\\/?s={search_term_string}\"},\"query-input\":{\"@type\":\"PropertyValueSpecification\",\"valueRequired\":true,\"valueName\":\"search_term_string\"}}],\"inLanguage\":\"it-IT\"},{\"@type\":\"Organization\",\"@id\":\"https:\\\/\\\/www.musikzeitung.ch\\\/#organization\",\"name\":\"Schweizer Musikzeitung\",\"url\":\"https:\\\/\\\/www.musikzeitung.ch\\\/\",\"logo\":{\"@type\":\"ImageObject\",\"inLanguage\":\"it-IT\",\"@id\":\"https:\\\/\\\/www.musikzeitung.ch\\\/#\\\/schema\\\/logo\\\/image\\\/\",\"url\":\"https:\\\/\\\/www.musikzeitung.ch\\\/wp-content\\\/uploads\\\/2023\\\/01\\\/SMZ_Schriftzug_Sprache.png\",\"contentUrl\":\"https:\\\/\\\/www.musikzeitung.ch\\\/wp-content\\\/uploads\\\/2023\\\/01\\\/SMZ_Schriftzug_Sprache.png\",\"width\":1400,\"height\":279,\"caption\":\"Schweizer Musikzeitung\"},\"image\":{\"@id\":\"https:\\\/\\\/www.musikzeitung.ch\\\/#\\\/schema\\\/logo\\\/image\\\/\"},\"sameAs\":[\"https:\\\/\\\/www.facebook.com\\\/SchweizerMusikzeitung\\\/\",\"https:\\\/\\\/x.com\\\/smusikzeitung\",\"https:\\\/\\\/www.instagram.com\\\/musikzeitung.ch\\\/\"]},{\"@type\":\"Person\",\"@id\":\"https:\\\/\\\/www.musikzeitung.ch\\\/#\\\/schema\\\/person\\\/0da4fb82d243f1252850a35d0e87cf0c\",\"name\":\"Wolfgang B\u00f6hler\",\"image\":{\"@type\":\"ImageObject\",\"inLanguage\":\"it-IT\",\"@id\":\"https:\\\/\\\/www.musikzeitung.ch\\\/wp-content\\\/uploads\\\/2023\\\/01\\\/boehler_portraet_web-e1674139782246-96x96.jpg\",\"url\":\"https:\\\/\\\/www.musikzeitung.ch\\\/wp-content\\\/uploads\\\/2023\\\/01\\\/boehler_portraet_web-e1674139782246-96x96.jpg\",\"contentUrl\":\"https:\\\/\\\/www.musikzeitung.ch\\\/wp-content\\\/uploads\\\/2023\\\/01\\\/boehler_portraet_web-e1674139782246-96x96.jpg\",\"caption\":\"Wolfgang B\u00f6hler\"},\"sameAs\":[\"http:\\\/\\\/www.manacanto.ch\",\"https:\\\/\\\/www.facebook.com\\\/wolfgang.bohler.75\"],\"url\":\"https:\\\/\\\/www.musikzeitung.ch\\\/it\\\/author\\\/wolfgang-boehler\"}]}<\/script>\n<!-- \/ Yoast SEO plugin. -->","yoast_head_json":{"title":"Deutsche Forschungsgemeinschaft f\u00f6rdert Musikinformatik - Schweizer Musikzeitung","robots":{"index":"index","follow":"follow","max-snippet":"max-snippet:-1","max-image-preview":"max-image-preview:large","max-video-preview":"max-video-preview:-1"},"canonical":"https:\/\/www.musikzeitung.ch\/it\/news\/2023\/04\/deutsche-forschungsgemeinschaft-foerdert-musikinformatik\/","og_locale":"it_IT","og_type":"article","og_title":"Deutsche Forschungsgemeinschaft f\u00f6rdert Musikinformatik - Schweizer Musikzeitung","og_description":"Die Deutsche Forschungsgemeinschaft (DFG) f\u00f6rdert mit 1,25 Millionen Euro Instrumente der k\u00fcnstlichen Intelligenz zur Entschl\u00fcsselung komplexe Merkmale und verborgener Beziehungen in der Musik.","og_url":"https:\/\/www.musikzeitung.ch\/it\/news\/2023\/04\/deutsche-forschungsgemeinschaft-foerdert-musikinformatik\/","og_site_name":"Schweizer Musikzeitung","article_publisher":"https:\/\/www.facebook.com\/SchweizerMusikzeitung\/","article_author":"https:\/\/www.facebook.com\/wolfgang.bohler.75","article_published_time":"2023-04-03T05:01:28+00:00","og_image":[{"width":1169,"height":805,"url":"https:\/\/www.musikzeitung.ch\/wp-content\/uploads\/2023\/04\/230403mi.jpg","type":"image\/jpeg"}],"author":"Wolfgang B\u00f6hler","twitter_card":"summary_large_image","twitter_creator":"@smusikzeitung","twitter_site":"@smusikzeitung","twitter_misc":{"Scritto da":"Wolfgang B\u00f6hler","Tempo di lettura stimato":"1 minuto"},"schema":{"@context":"https:\/\/schema.org","@graph":[{"@type":"Article","@id":"https:\/\/www.musikzeitung.ch\/news\/2023\/04\/deutsche-forschungsgemeinschaft-foerdert-musikinformatik#article","isPartOf":{"@id":"https:\/\/www.musikzeitung.ch\/news\/2023\/04\/deutsche-forschungsgemeinschaft-foerdert-musikinformatik"},"author":{"name":"Wolfgang B\u00f6hler","@id":"https:\/\/www.musikzeitung.ch\/#\/schema\/person\/0da4fb82d243f1252850a35d0e87cf0c"},"headline":"Deutsche Forschungsgemeinschaft f\u00f6rdert Musikinformatik","datePublished":"2023-04-03T05:01:28+00:00","mainEntityOfPage":{"@id":"https:\/\/www.musikzeitung.ch\/news\/2023\/04\/deutsche-forschungsgemeinschaft-foerdert-musikinformatik"},"wordCount":150,"publisher":{"@id":"https:\/\/www.musikzeitung.ch\/#organization"},"image":{"@id":"https:\/\/www.musikzeitung.ch\/news\/2023\/04\/deutsche-forschungsgemeinschaft-foerdert-musikinformatik#primaryimage"},"thumbnailUrl":"https:\/\/www.musikzeitung.ch\/wp-content\/uploads\/2023\/04\/230403mi.jpg","keywords":["Deutsche Forschungsgemeinschaft","Meinard M\u00fcller","Musikinformatik"],"articleSection":["News"],"inLanguage":"it-IT"},{"@type":"WebPage","@id":"https:\/\/www.musikzeitung.ch\/news\/2023\/04\/deutsche-forschungsgemeinschaft-foerdert-musikinformatik","url":"https:\/\/www.musikzeitung.ch\/news\/2023\/04\/deutsche-forschungsgemeinschaft-foerdert-musikinformatik","name":"Deutsche Forschungsgemeinschaft f\u00f6rdert Musikinformatik - Schweizer Musikzeitung","isPartOf":{"@id":"https:\/\/www.musikzeitung.ch\/#website"},"primaryImageOfPage":{"@id":"https:\/\/www.musikzeitung.ch\/news\/2023\/04\/deutsche-forschungsgemeinschaft-foerdert-musikinformatik#primaryimage"},"image":{"@id":"https:\/\/www.musikzeitung.ch\/news\/2023\/04\/deutsche-forschungsgemeinschaft-foerdert-musikinformatik#primaryimage"},"thumbnailUrl":"https:\/\/www.musikzeitung.ch\/wp-content\/uploads\/2023\/04\/230403mi.jpg","datePublished":"2023-04-03T05:01:28+00:00","breadcrumb":{"@id":"https:\/\/www.musikzeitung.ch\/news\/2023\/04\/deutsche-forschungsgemeinschaft-foerdert-musikinformatik#breadcrumb"},"inLanguage":"it-IT","potentialAction":[{"@type":"ReadAction","target":["https:\/\/www.musikzeitung.ch\/news\/2023\/04\/deutsche-forschungsgemeinschaft-foerdert-musikinformatik"]}]},{"@type":"ImageObject","inLanguage":"it-IT","@id":"https:\/\/www.musikzeitung.ch\/news\/2023\/04\/deutsche-forschungsgemeinschaft-foerdert-musikinformatik#primaryimage","url":"https:\/\/www.musikzeitung.ch\/wp-content\/uploads\/2023\/04\/230403mi.jpg","contentUrl":"https:\/\/www.musikzeitung.ch\/wp-content\/uploads\/2023\/04\/230403mi.jpg","width":1169,"height":805,"caption":"Meinrad M\u00fcller (Bild: FAU\/Georg P\u00f6hlein)"},{"@type":"BreadcrumbList","@id":"https:\/\/www.musikzeitung.ch\/news\/2023\/04\/deutsche-forschungsgemeinschaft-foerdert-musikinformatik#breadcrumb","itemListElement":[{"@type":"ListItem","position":1,"name":"Home","item":"https:\/\/www.musikzeitung.ch\/"},{"@type":"ListItem","position":2,"name":"Deutsche Forschungsgemeinschaft f\u00f6rdert Musikinformatik"}]},{"@type":"WebSite","@id":"https:\/\/www.musikzeitung.ch\/#website","url":"https:\/\/www.musikzeitung.ch\/","name":"Giornale musicale svizzero","description":"Il principale mensile interdisciplinare della Svizzera per le questioni musicali.","publisher":{"@id":"https:\/\/www.musikzeitung.ch\/#organization"},"potentialAction":[{"@type":"SearchAction","target":{"@type":"EntryPoint","urlTemplate":"https:\/\/www.musikzeitung.ch\/?s={search_term_string}"},"query-input":{"@type":"PropertyValueSpecification","valueRequired":true,"valueName":"search_term_string"}}],"inLanguage":"it-IT"},{"@type":"Organization","@id":"https:\/\/www.musikzeitung.ch\/#organization","name":"Giornale musicale svizzero","url":"https:\/\/www.musikzeitung.ch\/","logo":{"@type":"ImageObject","inLanguage":"it-IT","@id":"https:\/\/www.musikzeitung.ch\/#\/schema\/logo\/image\/","url":"https:\/\/www.musikzeitung.ch\/wp-content\/uploads\/2023\/01\/SMZ_Schriftzug_Sprache.png","contentUrl":"https:\/\/www.musikzeitung.ch\/wp-content\/uploads\/2023\/01\/SMZ_Schriftzug_Sprache.png","width":1400,"height":279,"caption":"Schweizer Musikzeitung"},"image":{"@id":"https:\/\/www.musikzeitung.ch\/#\/schema\/logo\/image\/"},"sameAs":["https:\/\/www.facebook.com\/SchweizerMusikzeitung\/","https:\/\/x.com\/smusikzeitung","https:\/\/www.instagram.com\/musikzeitung.ch\/"]},{"@type":"Person","@id":"https:\/\/www.musikzeitung.ch\/#\/schema\/person\/0da4fb82d243f1252850a35d0e87cf0c","name":"Wolfgang B\u00f6hler","image":{"@type":"ImageObject","inLanguage":"it-IT","@id":"https:\/\/www.musikzeitung.ch\/wp-content\/uploads\/2023\/01\/boehler_portraet_web-e1674139782246-96x96.jpg","url":"https:\/\/www.musikzeitung.ch\/wp-content\/uploads\/2023\/01\/boehler_portraet_web-e1674139782246-96x96.jpg","contentUrl":"https:\/\/www.musikzeitung.ch\/wp-content\/uploads\/2023\/01\/boehler_portraet_web-e1674139782246-96x96.jpg","caption":"Wolfgang B\u00f6hler"},"sameAs":["http:\/\/www.manacanto.ch","https:\/\/www.facebook.com\/wolfgang.bohler.75"],"url":"https:\/\/www.musikzeitung.ch\/it\/author\/wolfgang-boehler"}]}},"publishpress_future_workflow_manual_trigger":{"enabledWorkflows":[]},"_links":{"self":[{"href":"https:\/\/www.musikzeitung.ch\/it\/wp-json\/wp\/v2\/posts\/43623","targetHints":{"allow":["GET"]}}],"collection":[{"href":"https:\/\/www.musikzeitung.ch\/it\/wp-json\/wp\/v2\/posts"}],"about":[{"href":"https:\/\/www.musikzeitung.ch\/it\/wp-json\/wp\/v2\/types\/post"}],"author":[{"embeddable":true,"href":"https:\/\/www.musikzeitung.ch\/it\/wp-json\/wp\/v2\/users\/30"}],"replies":[{"embeddable":true,"href":"https:\/\/www.musikzeitung.ch\/it\/wp-json\/wp\/v2\/comments?post=43623"}],"version-history":[{"count":1,"href":"https:\/\/www.musikzeitung.ch\/it\/wp-json\/wp\/v2\/posts\/43623\/revisions"}],"predecessor-version":[{"id":43625,"href":"https:\/\/www.musikzeitung.ch\/it\/wp-json\/wp\/v2\/posts\/43623\/revisions\/43625"}],"wp:featuredmedia":[{"embeddable":true,"href":"https:\/\/www.musikzeitung.ch\/it\/wp-json\/wp\/v2\/media\/43624"}],"wp:attachment":[{"href":"https:\/\/www.musikzeitung.ch\/it\/wp-json\/wp\/v2\/media?parent=43623"}],"wp:term":[{"taxonomy":"category","embeddable":true,"href":"https:\/\/www.musikzeitung.ch\/it\/wp-json\/wp\/v2\/categories?post=43623"},{"taxonomy":"post_tag","embeddable":true,"href":"https:\/\/www.musikzeitung.ch\/it\/wp-json\/wp\/v2\/tags?post=43623"}],"curies":[{"name":"wp","href":"https:\/\/api.w.org\/{rel}","templated":true}]}}