{"id":43980,"date":"2023-04-25T12:19:00","date_gmt":"2023-04-25T10:19:00","guid":{"rendered":"https:\/\/www.musikzeitung.ch\/?p=43980"},"modified":"2023-04-27T10:45:55","modified_gmt":"2023-04-27T08:45:55","slug":"ensemble-astera-in-kopenhagen-ausgezeichnet","status":"publish","type":"post","link":"https:\/\/www.musikzeitung.ch\/it\/news\/2023\/04\/ensemble-astera-in-kopenhagen-ausgezeichnet","title":{"rendered":"L'Ensemble Astera premiato a Copenhagen"},"content":{"rendered":"<figure id=\"attachment_43981\" aria-describedby=\"caption-attachment-43981\" style=\"width: 3543px\" class=\"wp-caption alignnone\"><img loading=\"lazy\" decoding=\"async\" class=\"wp-image-43981 size-full\" src=\"https:\/\/www.musikzeitung.ch\/wp-content\/uploads\/2023\/04\/Ensemble-Astera-photo-DR-Agnete-Schlichtkrull.jpeg\" alt=\"\" width=\"3543\" height=\"2362\" srcset=\"https:\/\/www.musikzeitung.ch\/wp-content\/uploads\/2023\/04\/Ensemble-Astera-photo-DR-Agnete-Schlichtkrull.jpeg 1400w, https:\/\/www.musikzeitung.ch\/wp-content\/uploads\/2023\/04\/Ensemble-Astera-photo-DR-Agnete-Schlichtkrull-300x200.jpeg 300w, https:\/\/www.musikzeitung.ch\/wp-content\/uploads\/2023\/04\/Ensemble-Astera-photo-DR-Agnete-Schlichtkrull-1024x683.jpeg 1024w, https:\/\/www.musikzeitung.ch\/wp-content\/uploads\/2023\/04\/Ensemble-Astera-photo-DR-Agnete-Schlichtkrull-600x400.jpeg 600w, https:\/\/www.musikzeitung.ch\/wp-content\/uploads\/2023\/04\/Ensemble-Astera-photo-DR-Agnete-Schlichtkrull-768x512.jpeg 768w, https:\/\/www.musikzeitung.ch\/wp-content\/uploads\/2023\/04\/Ensemble-Astera-photo-DR-Agnete-Schlichtkrull-1536x1024.jpeg 1536w, https:\/\/www.musikzeitung.ch\/wp-content\/uploads\/2023\/04\/Ensemble-Astera-photo-DR-Agnete-Schlichtkrull-2048x1365.jpeg 2048w, https:\/\/www.musikzeitung.ch\/wp-content\/uploads\/2023\/04\/Ensemble-Astera-photo-DR-Agnete-Schlichtkrull-263x175.jpeg 263w, https:\/\/www.musikzeitung.ch\/wp-content\/uploads\/2023\/04\/Ensemble-Astera-photo-DR-Agnete-Schlichtkrull-525x350.jpeg 525w, https:\/\/www.musikzeitung.ch\/wp-content\/uploads\/2023\/04\/Ensemble-Astera-photo-DR-Agnete-Schlichtkrull-1200x800.jpeg 1200w, https:\/\/www.musikzeitung.ch\/wp-content\/uploads\/2023\/04\/Ensemble-Astera-photo-DR-Agnete-Schlichtkrull-920x613.jpeg 920w\" sizes=\"auto, (max-width: 3543px) 100vw, 3543px\" \/><figcaption id=\"caption-attachment-43981\" class=\"wp-caption-text\">Il quintetto di fiati Astera alla cerimonia di premiazione. Foto: Agnete Schlichtkrull<\/figcaption><\/figure>\n<p>Lo svizzero-francese <a href=\"https:\/\/ensembleastera.webflow.io\" target=\"_blank\" rel=\"noopener\">Ensemble di fiati Astera<\/a> \u00e8 composto da Coline Richard (flauto), Yann Thenet (oboe), Gabriel Potier (corno), Moritz Roelcke (clarinetto) e Jeremy Bager (fagotto), tutti ex studenti della Haute Ecole de Musique de Lausanne. Subito dopo il diploma, si sono riuniti da tutta Europa per formare questo ensemble e coltivare la loro comune passione per la musica da camera. Le loro diverse esperienze personali hanno arricchito la loro coesione, il loro suono e la loro affinit\u00e0 musicale all'interno del quintetto di fiati.<\/p>\n<p>Sono membri o collaborano con orchestre rinomate come l'Orchestra della Tonhalle di Zurigo, l'Orchestre National de Lille, l'Orchestre de Chambre de Lausanne, l'Orchestra del Gewandhaus di Lipsia o l'Orchestre de la Suisse Romande.<\/p>\n<p>Secondo Andreas Sund\u00e9n, presidente della giuria e clarinettista principale dell'Orchestra della Radio Svedese, \"il suono di questo ensemble \u00e8 raffinato e preciso. Con un'energia equilibrata, convincente sia come gruppo che individualmente, il loro modo di suonare \u00e8 caratterizzato dalla riflessione e da una profonda espressione per il compositore.\"<\/p>\n<p>Si tiene ogni quattro anni, il <a href=\"https:\/\/carlnielseninternational.dk\" target=\"_blank\" rel=\"noopener\">Concorso di musica da camera Carl Nielsen<\/a> \u00e8 rivolto a giovani quartetti d'archi e quintetti di fiati. Dopo una preselezione video, si passa a tre turni; da un ampio repertorio, gli ensemble presentano anche un lavoro commissionato e composto appositamente per il concorso.<\/p>","protected":false},"excerpt":{"rendered":"<p>L'ensemble vince il primo premio e il premio speciale per la migliore interpretazione della prima mondiale al rinomato Carl Nielsen International Chamber Music Competition.<\/p>","protected":false},"author":29,"featured_media":43981,"comment_status":"closed","ping_status":"closed","sticky":false,"template":"","format":"standard","meta":{"_acf_changed":false,"_relevanssi_hide_post":"","_relevanssi_hide_content":"","_relevanssi_pin_for_all":"","_relevanssi_pin_keywords":"","_relevanssi_unpin_keywords":"","_relevanssi_related_keywords":"","_relevanssi_related_include_ids":"","_relevanssi_related_exclude_ids":"","_relevanssi_related_no_append":"","_relevanssi_related_not_related":"","_relevanssi_related_posts":"","_relevanssi_noindex_reason":"","pgc_sgb_lightbox_settings":"","footnotes":""},"categories":[27,1624],"tags":[2345,2344],"class_list":["post-43980","post","type-post","status-publish","format-standard","has-post-thumbnail","hentry","category-news","category-personen","tag-carl-nielsen-kammermusikwettbewerb","tag-ensemble-astera"],"acf":[],"yoast_head":"<!-- This site is optimized with the Yoast SEO plugin v27.4 - https:\/\/yoast.com\/product\/yoast-seo-wordpress\/ -->\n<title>Ensemble Astera in Kopenhagen ausgezeichnet - Schweizer Musikzeitung<\/title>\n<meta name=\"description\" content=\"Das Ensemble gewinnt den ersten Preis sowie den Sonderpreis f\u00fcr die beste Interpretation der Urauff\u00fchrung beim Carl-Nielsen-Kammermusikwettbewerb.\" \/>\n<meta name=\"robots\" content=\"index, follow, max-snippet:-1, max-image-preview:large, max-video-preview:-1\" \/>\n<link rel=\"canonical\" href=\"https:\/\/www.musikzeitung.ch\/it\/news\/2023\/04\/ensemble-astera-in-kopenhagen-ausgezeichnet\/\" \/>\n<meta property=\"og:locale\" content=\"it_IT\" \/>\n<meta property=\"og:type\" content=\"article\" \/>\n<meta property=\"og:title\" content=\"Ensemble Astera in Kopenhagen ausgezeichnet - Schweizer Musikzeitung\" \/>\n<meta property=\"og:description\" content=\"Das Ensemble gewinnt den ersten Preis sowie den Sonderpreis f\u00fcr die beste Interpretation der Urauff\u00fchrung beim Carl-Nielsen-Kammermusikwettbewerb.\" \/>\n<meta property=\"og:url\" content=\"https:\/\/www.musikzeitung.ch\/it\/news\/2023\/04\/ensemble-astera-in-kopenhagen-ausgezeichnet\/\" \/>\n<meta property=\"og:site_name\" content=\"Schweizer Musikzeitung\" \/>\n<meta property=\"article:publisher\" content=\"https:\/\/www.facebook.com\/SchweizerMusikzeitung\/\" \/>\n<meta property=\"article:published_time\" content=\"2023-04-25T10:19:00+00:00\" \/>\n<meta property=\"article:modified_time\" content=\"2023-04-27T08:45:55+00:00\" \/>\n<meta property=\"og:image\" content=\"https:\/\/www.musikzeitung.ch\/wp-content\/uploads\/2023\/04\/Ensemble-Astera-photo-DR-Agnete-Schlichtkrull.jpeg\" \/>\n\t<meta property=\"og:image:width\" content=\"1400\" \/>\n\t<meta property=\"og:image:height\" content=\"933\" \/>\n\t<meta property=\"og:image:type\" content=\"image\/jpeg\" \/>\n<meta name=\"author\" content=\"pia.schwab\" \/>\n<meta name=\"twitter:card\" content=\"summary_large_image\" \/>\n<meta name=\"twitter:creator\" content=\"@smusikzeitung\" \/>\n<meta name=\"twitter:site\" content=\"@smusikzeitung\" \/>\n<meta name=\"twitter:label1\" content=\"Scritto da\" \/>\n\t<meta name=\"twitter:data1\" content=\"pia.schwab\" \/>\n\t<meta name=\"twitter:label2\" content=\"Tempo di lettura stimato\" \/>\n\t<meta name=\"twitter:data2\" content=\"2 minuti\" \/>\n<script type=\"application\/ld+json\" class=\"yoast-schema-graph\">{\"@context\":\"https:\\\/\\\/schema.org\",\"@graph\":[{\"@type\":\"Article\",\"@id\":\"https:\\\/\\\/www.musikzeitung.ch\\\/news\\\/2023\\\/04\\\/ensemble-astera-in-kopenhagen-ausgezeichnet#article\",\"isPartOf\":{\"@id\":\"https:\\\/\\\/www.musikzeitung.ch\\\/news\\\/2023\\\/04\\\/ensemble-astera-in-kopenhagen-ausgezeichnet\"},\"author\":{\"name\":\"pia.schwab\",\"@id\":\"https:\\\/\\\/www.musikzeitung.ch\\\/#\\\/schema\\\/person\\\/ea3d7b86bd7157c78c7ddd37f2f82b5b\"},\"headline\":\"Ensemble Astera in Kopenhagen ausgezeichnet\",\"datePublished\":\"2023-04-25T10:19:00+00:00\",\"dateModified\":\"2023-04-27T08:45:55+00:00\",\"mainEntityOfPage\":{\"@id\":\"https:\\\/\\\/www.musikzeitung.ch\\\/news\\\/2023\\\/04\\\/ensemble-astera-in-kopenhagen-ausgezeichnet\"},\"wordCount\":233,\"publisher\":{\"@id\":\"https:\\\/\\\/www.musikzeitung.ch\\\/#organization\"},\"image\":{\"@id\":\"https:\\\/\\\/www.musikzeitung.ch\\\/news\\\/2023\\\/04\\\/ensemble-astera-in-kopenhagen-ausgezeichnet#primaryimage\"},\"thumbnailUrl\":\"https:\\\/\\\/www.musikzeitung.ch\\\/wp-content\\\/uploads\\\/2023\\\/04\\\/Ensemble-Astera-photo-DR-Agnete-Schlichtkrull.jpeg\",\"keywords\":[\"Carl-Nielsen-Kammermusikwettbewerb\",\"Ensemble Astera\"],\"articleSection\":[\"News\",\"Personen\"],\"inLanguage\":\"it-IT\"},{\"@type\":\"WebPage\",\"@id\":\"https:\\\/\\\/www.musikzeitung.ch\\\/news\\\/2023\\\/04\\\/ensemble-astera-in-kopenhagen-ausgezeichnet\",\"url\":\"https:\\\/\\\/www.musikzeitung.ch\\\/news\\\/2023\\\/04\\\/ensemble-astera-in-kopenhagen-ausgezeichnet\",\"name\":\"Ensemble Astera in Kopenhagen ausgezeichnet - Schweizer Musikzeitung\",\"isPartOf\":{\"@id\":\"https:\\\/\\\/www.musikzeitung.ch\\\/#website\"},\"primaryImageOfPage\":{\"@id\":\"https:\\\/\\\/www.musikzeitung.ch\\\/news\\\/2023\\\/04\\\/ensemble-astera-in-kopenhagen-ausgezeichnet#primaryimage\"},\"image\":{\"@id\":\"https:\\\/\\\/www.musikzeitung.ch\\\/news\\\/2023\\\/04\\\/ensemble-astera-in-kopenhagen-ausgezeichnet#primaryimage\"},\"thumbnailUrl\":\"https:\\\/\\\/www.musikzeitung.ch\\\/wp-content\\\/uploads\\\/2023\\\/04\\\/Ensemble-Astera-photo-DR-Agnete-Schlichtkrull.jpeg\",\"datePublished\":\"2023-04-25T10:19:00+00:00\",\"dateModified\":\"2023-04-27T08:45:55+00:00\",\"description\":\"Das Ensemble gewinnt den ersten Preis sowie den Sonderpreis f\u00fcr die beste Interpretation der Urauff\u00fchrung beim Carl-Nielsen-Kammermusikwettbewerb.\",\"breadcrumb\":{\"@id\":\"https:\\\/\\\/www.musikzeitung.ch\\\/news\\\/2023\\\/04\\\/ensemble-astera-in-kopenhagen-ausgezeichnet#breadcrumb\"},\"inLanguage\":\"it-IT\",\"potentialAction\":[{\"@type\":\"ReadAction\",\"target\":[\"https:\\\/\\\/www.musikzeitung.ch\\\/news\\\/2023\\\/04\\\/ensemble-astera-in-kopenhagen-ausgezeichnet\"]}]},{\"@type\":\"ImageObject\",\"inLanguage\":\"it-IT\",\"@id\":\"https:\\\/\\\/www.musikzeitung.ch\\\/news\\\/2023\\\/04\\\/ensemble-astera-in-kopenhagen-ausgezeichnet#primaryimage\",\"url\":\"https:\\\/\\\/www.musikzeitung.ch\\\/wp-content\\\/uploads\\\/2023\\\/04\\\/Ensemble-Astera-photo-DR-Agnete-Schlichtkrull.jpeg\",\"contentUrl\":\"https:\\\/\\\/www.musikzeitung.ch\\\/wp-content\\\/uploads\\\/2023\\\/04\\\/Ensemble-Astera-photo-DR-Agnete-Schlichtkrull.jpeg\",\"width\":1400,\"height\":933},{\"@type\":\"BreadcrumbList\",\"@id\":\"https:\\\/\\\/www.musikzeitung.ch\\\/news\\\/2023\\\/04\\\/ensemble-astera-in-kopenhagen-ausgezeichnet#breadcrumb\",\"itemListElement\":[{\"@type\":\"ListItem\",\"position\":1,\"name\":\"Home\",\"item\":\"https:\\\/\\\/www.musikzeitung.ch\\\/\"},{\"@type\":\"ListItem\",\"position\":2,\"name\":\"Ensemble Astera in Kopenhagen ausgezeichnet\"}]},{\"@type\":\"WebSite\",\"@id\":\"https:\\\/\\\/www.musikzeitung.ch\\\/#website\",\"url\":\"https:\\\/\\\/www.musikzeitung.ch\\\/\",\"name\":\"Schweizer Musikzeitung\",\"description\":\"Die f\u00fchrende sparten\u00fcbergreifende Monatszeitung in der Schweiz f\u00fcr musikalische Fragen.\",\"publisher\":{\"@id\":\"https:\\\/\\\/www.musikzeitung.ch\\\/#organization\"},\"potentialAction\":[{\"@type\":\"SearchAction\",\"target\":{\"@type\":\"EntryPoint\",\"urlTemplate\":\"https:\\\/\\\/www.musikzeitung.ch\\\/?s={search_term_string}\"},\"query-input\":{\"@type\":\"PropertyValueSpecification\",\"valueRequired\":true,\"valueName\":\"search_term_string\"}}],\"inLanguage\":\"it-IT\"},{\"@type\":\"Organization\",\"@id\":\"https:\\\/\\\/www.musikzeitung.ch\\\/#organization\",\"name\":\"Schweizer Musikzeitung\",\"url\":\"https:\\\/\\\/www.musikzeitung.ch\\\/\",\"logo\":{\"@type\":\"ImageObject\",\"inLanguage\":\"it-IT\",\"@id\":\"https:\\\/\\\/www.musikzeitung.ch\\\/#\\\/schema\\\/logo\\\/image\\\/\",\"url\":\"https:\\\/\\\/www.musikzeitung.ch\\\/wp-content\\\/uploads\\\/2023\\\/01\\\/SMZ_Schriftzug_Sprache.png\",\"contentUrl\":\"https:\\\/\\\/www.musikzeitung.ch\\\/wp-content\\\/uploads\\\/2023\\\/01\\\/SMZ_Schriftzug_Sprache.png\",\"width\":1400,\"height\":279,\"caption\":\"Schweizer Musikzeitung\"},\"image\":{\"@id\":\"https:\\\/\\\/www.musikzeitung.ch\\\/#\\\/schema\\\/logo\\\/image\\\/\"},\"sameAs\":[\"https:\\\/\\\/www.facebook.com\\\/SchweizerMusikzeitung\\\/\",\"https:\\\/\\\/x.com\\\/smusikzeitung\",\"https:\\\/\\\/www.instagram.com\\\/musikzeitung.ch\\\/\"]},{\"@type\":\"Person\",\"@id\":\"https:\\\/\\\/www.musikzeitung.ch\\\/#\\\/schema\\\/person\\\/ea3d7b86bd7157c78c7ddd37f2f82b5b\",\"name\":\"pia.schwab\",\"image\":{\"@type\":\"ImageObject\",\"inLanguage\":\"it-IT\",\"@id\":\"https:\\\/\\\/secure.gravatar.com\\\/avatar\\\/d39d170de4c2d07e897fbc26cf9d890fc046285c742207b86d8ebabe5fcde2c4?s=96&d=mm&r=g\",\"url\":\"https:\\\/\\\/secure.gravatar.com\\\/avatar\\\/d39d170de4c2d07e897fbc26cf9d890fc046285c742207b86d8ebabe5fcde2c4?s=96&d=mm&r=g\",\"contentUrl\":\"https:\\\/\\\/secure.gravatar.com\\\/avatar\\\/d39d170de4c2d07e897fbc26cf9d890fc046285c742207b86d8ebabe5fcde2c4?s=96&d=mm&r=g\",\"caption\":\"pia.schwab\"},\"url\":\"https:\\\/\\\/www.musikzeitung.ch\\\/it\\\/author\\\/pia-schwab\"}]}<\/script>\n<!-- \/ Yoast SEO plugin. -->","yoast_head_json":{"title":"Ensemble Astera in Kopenhagen ausgezeichnet - Schweizer Musikzeitung","description":"Das Ensemble gewinnt den ersten Preis sowie den Sonderpreis f\u00fcr die beste Interpretation der Urauff\u00fchrung beim Carl-Nielsen-Kammermusikwettbewerb.","robots":{"index":"index","follow":"follow","max-snippet":"max-snippet:-1","max-image-preview":"max-image-preview:large","max-video-preview":"max-video-preview:-1"},"canonical":"https:\/\/www.musikzeitung.ch\/it\/news\/2023\/04\/ensemble-astera-in-kopenhagen-ausgezeichnet\/","og_locale":"it_IT","og_type":"article","og_title":"Ensemble Astera in Kopenhagen ausgezeichnet - Schweizer Musikzeitung","og_description":"Das Ensemble gewinnt den ersten Preis sowie den Sonderpreis f\u00fcr die beste Interpretation der Urauff\u00fchrung beim Carl-Nielsen-Kammermusikwettbewerb.","og_url":"https:\/\/www.musikzeitung.ch\/it\/news\/2023\/04\/ensemble-astera-in-kopenhagen-ausgezeichnet\/","og_site_name":"Schweizer Musikzeitung","article_publisher":"https:\/\/www.facebook.com\/SchweizerMusikzeitung\/","article_published_time":"2023-04-25T10:19:00+00:00","article_modified_time":"2023-04-27T08:45:55+00:00","og_image":[{"width":1400,"height":933,"url":"https:\/\/www.musikzeitung.ch\/wp-content\/uploads\/2023\/04\/Ensemble-Astera-photo-DR-Agnete-Schlichtkrull.jpeg","type":"image\/jpeg"}],"author":"pia.schwab","twitter_card":"summary_large_image","twitter_creator":"@smusikzeitung","twitter_site":"@smusikzeitung","twitter_misc":{"Scritto da":"pia.schwab","Tempo di lettura stimato":"2 minuti"},"schema":{"@context":"https:\/\/schema.org","@graph":[{"@type":"Article","@id":"https:\/\/www.musikzeitung.ch\/news\/2023\/04\/ensemble-astera-in-kopenhagen-ausgezeichnet#article","isPartOf":{"@id":"https:\/\/www.musikzeitung.ch\/news\/2023\/04\/ensemble-astera-in-kopenhagen-ausgezeichnet"},"author":{"name":"pia.schwab","@id":"https:\/\/www.musikzeitung.ch\/#\/schema\/person\/ea3d7b86bd7157c78c7ddd37f2f82b5b"},"headline":"Ensemble Astera in Kopenhagen ausgezeichnet","datePublished":"2023-04-25T10:19:00+00:00","dateModified":"2023-04-27T08:45:55+00:00","mainEntityOfPage":{"@id":"https:\/\/www.musikzeitung.ch\/news\/2023\/04\/ensemble-astera-in-kopenhagen-ausgezeichnet"},"wordCount":233,"publisher":{"@id":"https:\/\/www.musikzeitung.ch\/#organization"},"image":{"@id":"https:\/\/www.musikzeitung.ch\/news\/2023\/04\/ensemble-astera-in-kopenhagen-ausgezeichnet#primaryimage"},"thumbnailUrl":"https:\/\/www.musikzeitung.ch\/wp-content\/uploads\/2023\/04\/Ensemble-Astera-photo-DR-Agnete-Schlichtkrull.jpeg","keywords":["Carl-Nielsen-Kammermusikwettbewerb","Ensemble Astera"],"articleSection":["News","Personen"],"inLanguage":"it-IT"},{"@type":"WebPage","@id":"https:\/\/www.musikzeitung.ch\/news\/2023\/04\/ensemble-astera-in-kopenhagen-ausgezeichnet","url":"https:\/\/www.musikzeitung.ch\/news\/2023\/04\/ensemble-astera-in-kopenhagen-ausgezeichnet","name":"Ensemble Astera in Kopenhagen ausgezeichnet - Schweizer Musikzeitung","isPartOf":{"@id":"https:\/\/www.musikzeitung.ch\/#website"},"primaryImageOfPage":{"@id":"https:\/\/www.musikzeitung.ch\/news\/2023\/04\/ensemble-astera-in-kopenhagen-ausgezeichnet#primaryimage"},"image":{"@id":"https:\/\/www.musikzeitung.ch\/news\/2023\/04\/ensemble-astera-in-kopenhagen-ausgezeichnet#primaryimage"},"thumbnailUrl":"https:\/\/www.musikzeitung.ch\/wp-content\/uploads\/2023\/04\/Ensemble-Astera-photo-DR-Agnete-Schlichtkrull.jpeg","datePublished":"2023-04-25T10:19:00+00:00","dateModified":"2023-04-27T08:45:55+00:00","description":"Das Ensemble gewinnt den ersten Preis sowie den Sonderpreis f\u00fcr die beste Interpretation der Urauff\u00fchrung beim Carl-Nielsen-Kammermusikwettbewerb.","breadcrumb":{"@id":"https:\/\/www.musikzeitung.ch\/news\/2023\/04\/ensemble-astera-in-kopenhagen-ausgezeichnet#breadcrumb"},"inLanguage":"it-IT","potentialAction":[{"@type":"ReadAction","target":["https:\/\/www.musikzeitung.ch\/news\/2023\/04\/ensemble-astera-in-kopenhagen-ausgezeichnet"]}]},{"@type":"ImageObject","inLanguage":"it-IT","@id":"https:\/\/www.musikzeitung.ch\/news\/2023\/04\/ensemble-astera-in-kopenhagen-ausgezeichnet#primaryimage","url":"https:\/\/www.musikzeitung.ch\/wp-content\/uploads\/2023\/04\/Ensemble-Astera-photo-DR-Agnete-Schlichtkrull.jpeg","contentUrl":"https:\/\/www.musikzeitung.ch\/wp-content\/uploads\/2023\/04\/Ensemble-Astera-photo-DR-Agnete-Schlichtkrull.jpeg","width":1400,"height":933},{"@type":"BreadcrumbList","@id":"https:\/\/www.musikzeitung.ch\/news\/2023\/04\/ensemble-astera-in-kopenhagen-ausgezeichnet#breadcrumb","itemListElement":[{"@type":"ListItem","position":1,"name":"Home","item":"https:\/\/www.musikzeitung.ch\/"},{"@type":"ListItem","position":2,"name":"Ensemble Astera in Kopenhagen ausgezeichnet"}]},{"@type":"WebSite","@id":"https:\/\/www.musikzeitung.ch\/#website","url":"https:\/\/www.musikzeitung.ch\/","name":"Giornale musicale svizzero","description":"Il principale mensile interdisciplinare della Svizzera per le questioni musicali.","publisher":{"@id":"https:\/\/www.musikzeitung.ch\/#organization"},"potentialAction":[{"@type":"SearchAction","target":{"@type":"EntryPoint","urlTemplate":"https:\/\/www.musikzeitung.ch\/?s={search_term_string}"},"query-input":{"@type":"PropertyValueSpecification","valueRequired":true,"valueName":"search_term_string"}}],"inLanguage":"it-IT"},{"@type":"Organization","@id":"https:\/\/www.musikzeitung.ch\/#organization","name":"Giornale musicale svizzero","url":"https:\/\/www.musikzeitung.ch\/","logo":{"@type":"ImageObject","inLanguage":"it-IT","@id":"https:\/\/www.musikzeitung.ch\/#\/schema\/logo\/image\/","url":"https:\/\/www.musikzeitung.ch\/wp-content\/uploads\/2023\/01\/SMZ_Schriftzug_Sprache.png","contentUrl":"https:\/\/www.musikzeitung.ch\/wp-content\/uploads\/2023\/01\/SMZ_Schriftzug_Sprache.png","width":1400,"height":279,"caption":"Schweizer Musikzeitung"},"image":{"@id":"https:\/\/www.musikzeitung.ch\/#\/schema\/logo\/image\/"},"sameAs":["https:\/\/www.facebook.com\/SchweizerMusikzeitung\/","https:\/\/x.com\/smusikzeitung","https:\/\/www.instagram.com\/musikzeitung.ch\/"]},{"@type":"Person","@id":"https:\/\/www.musikzeitung.ch\/#\/schema\/person\/ea3d7b86bd7157c78c7ddd37f2f82b5b","name":"pia.schwab","image":{"@type":"ImageObject","inLanguage":"it-IT","@id":"https:\/\/secure.gravatar.com\/avatar\/d39d170de4c2d07e897fbc26cf9d890fc046285c742207b86d8ebabe5fcde2c4?s=96&d=mm&r=g","url":"https:\/\/secure.gravatar.com\/avatar\/d39d170de4c2d07e897fbc26cf9d890fc046285c742207b86d8ebabe5fcde2c4?s=96&d=mm&r=g","contentUrl":"https:\/\/secure.gravatar.com\/avatar\/d39d170de4c2d07e897fbc26cf9d890fc046285c742207b86d8ebabe5fcde2c4?s=96&d=mm&r=g","caption":"pia.schwab"},"url":"https:\/\/www.musikzeitung.ch\/it\/author\/pia-schwab"}]}},"publishpress_future_workflow_manual_trigger":{"enabledWorkflows":[]},"_links":{"self":[{"href":"https:\/\/www.musikzeitung.ch\/it\/wp-json\/wp\/v2\/posts\/43980","targetHints":{"allow":["GET"]}}],"collection":[{"href":"https:\/\/www.musikzeitung.ch\/it\/wp-json\/wp\/v2\/posts"}],"about":[{"href":"https:\/\/www.musikzeitung.ch\/it\/wp-json\/wp\/v2\/types\/post"}],"author":[{"embeddable":true,"href":"https:\/\/www.musikzeitung.ch\/it\/wp-json\/wp\/v2\/users\/29"}],"replies":[{"embeddable":true,"href":"https:\/\/www.musikzeitung.ch\/it\/wp-json\/wp\/v2\/comments?post=43980"}],"version-history":[{"count":4,"href":"https:\/\/www.musikzeitung.ch\/it\/wp-json\/wp\/v2\/posts\/43980\/revisions"}],"predecessor-version":[{"id":44286,"href":"https:\/\/www.musikzeitung.ch\/it\/wp-json\/wp\/v2\/posts\/43980\/revisions\/44286"}],"wp:featuredmedia":[{"embeddable":true,"href":"https:\/\/www.musikzeitung.ch\/it\/wp-json\/wp\/v2\/media\/43981"}],"wp:attachment":[{"href":"https:\/\/www.musikzeitung.ch\/it\/wp-json\/wp\/v2\/media?parent=43980"}],"wp:term":[{"taxonomy":"category","embeddable":true,"href":"https:\/\/www.musikzeitung.ch\/it\/wp-json\/wp\/v2\/categories?post=43980"},{"taxonomy":"post_tag","embeddable":true,"href":"https:\/\/www.musikzeitung.ch\/it\/wp-json\/wp\/v2\/tags?post=43980"}],"curies":[{"name":"wp","href":"https:\/\/api.w.org\/{rel}","templated":true}]}}