{"id":44276,"date":"2023-04-27T06:24:52","date_gmt":"2023-04-27T04:24:52","guid":{"rendered":"https:\/\/www.musikzeitung.ch\/?p=44276"},"modified":"2023-04-27T06:32:02","modified_gmt":"2023-04-27T04:32:02","slug":"popstars-werden-immer-leiser","status":"publish","type":"post","link":"https:\/\/www.musikzeitung.ch\/it\/news\/2023\/04\/popstars-werden-immer-leiser","title":{"rendered":"Le pop star sono sempre pi\u00f9 silenziose"},"content":{"rendered":"<figure id=\"attachment_44279\" aria-describedby=\"caption-attachment-44279\" style=\"width: 617px\" class=\"wp-caption aligncenter\"><img loading=\"lazy\" decoding=\"async\" class=\"wp-image-44279\" src=\"https:\/\/www.musikzeitung.ch\/wp-content\/uploads\/2023\/04\/230427clarkson.jpg\" alt=\"\" width=\"617\" height=\"411\" srcset=\"https:\/\/www.musikzeitung.ch\/wp-content\/uploads\/2023\/04\/230427clarkson.jpg 939w, https:\/\/www.musikzeitung.ch\/wp-content\/uploads\/2023\/04\/230427clarkson-300x200.jpg 300w, https:\/\/www.musikzeitung.ch\/wp-content\/uploads\/2023\/04\/230427clarkson-600x400.jpg 600w, https:\/\/www.musikzeitung.ch\/wp-content\/uploads\/2023\/04\/230427clarkson-768x511.jpg 768w, https:\/\/www.musikzeitung.ch\/wp-content\/uploads\/2023\/04\/230427clarkson-263x175.jpg 263w, https:\/\/www.musikzeitung.ch\/wp-content\/uploads\/2023\/04\/230427clarkson-526x350.jpg 526w, https:\/\/www.musikzeitung.ch\/wp-content\/uploads\/2023\/04\/230427clarkson-920x612.jpg 920w\" sizes=\"auto, (max-width: 617px) 100vw, 617px\" \/><figcaption id=\"caption-attachment-44279\" class=\"wp-caption-text\">La cantante pop Kelly Clarkson (Foto: (U.S. Air Force Photo by Senior Airman Dennis Hoffman)<\/figcaption><\/figure>\n<p>Secondo il team di Oldenburg, da una prospettiva generale, si possono distinguere due ipotesi sul ruolo dell'intonazione vocale nella produzione musicale: In primo luogo, l'intonazione vocale potrebbe essere stata fissata nel corso della storia della musica popolare per garantire l'intelligibilit\u00e0 dei testi e l'udibilit\u00e0 della melodia principale da un lato e l'udibilit\u00e0 dell'accompagnamento dall'altro. In secondo luogo, si potrebbe ipotizzare che l'intonazione vocale venga utilizzata in modo pi\u00f9 flessibile in seguito allo sviluppo della tecnologia musicale, al fine di trasmettere determinate scelte e intenzioni artistiche durante la produzione musicale.<\/p>\n<p>L'obiettivo dello studio \u00e8 stato quello di verificare empiricamente queste ipotesi utilizzando un ampio set di dati composto da oltre 700 canzoni. Il team ha quantificato il rapporto tra voce solista e accompagnamento (LAR) in una selezione rappresentativa di canzoni famose tratte da registrazioni di musica popolare che abbracciano diversi decenni e l'evoluzione del LAR per le quattro canzoni in cima alla classifica Billboard Hot 100 dal 1946.<\/p>\n<p>Sono state osservate due fasi diverse: Il LAR medio \u00e8 diminuito da circa 5 dB a 1 dB fino al 1975 circa, per poi rimanere costante. Confrontando il LAR tra i diversi generi musicali, sono stati riscontrati valori positivi per il country, il rap e il pop, valori intorno allo zero per il rock e valori negativi per il metal. Gli artisti solisti hanno mostrato valori LAR pi\u00f9 elevati rispetto ai gruppi musicali. Questi risultati costituiscono una base per un aspetto centrale del mix musicale.<\/p>\n<p><strong>Articolo originale:<\/strong><br \/>\n<a href=\"https:\/\/pubs.aip.org\/asa\/jel\/article\/3\/4\/043201\/2885300\/Lead-vocal-level-in-recordings-of-popular-music?\">https:\/\/pubs.aip.org\/asa\/jel\/article\/3\/4\/043201\/2885300\/Lead-vocal-level-in-recordings-of-popular-music?<\/a><\/p>","protected":false},"excerpt":{"rendered":"<p>Un team di Oldenburg ha analizzato il rapporto tra voce principale e musica di accompagnamento nelle produzioni pop nel corso dei decenni e ha scoperto alcune cose sorprendenti.<\/p>","protected":false},"author":30,"featured_media":44279,"comment_status":"closed","ping_status":"closed","sticky":false,"template":"","format":"standard","meta":{"_acf_changed":false,"_relevanssi_hide_post":"","_relevanssi_hide_content":"","_relevanssi_pin_for_all":"","_relevanssi_pin_keywords":"","_relevanssi_unpin_keywords":"","_relevanssi_related_keywords":"","_relevanssi_related_include_ids":"","_relevanssi_related_exclude_ids":"","_relevanssi_related_no_append":"","_relevanssi_related_not_related":"","_relevanssi_related_posts":"","_relevanssi_noindex_reason":"","pgc_sgb_lightbox_settings":"","footnotes":""},"categories":[27],"tags":[2371],"class_list":["post-44276","post","type-post","status-publish","format-standard","has-post-thumbnail","hentry","category-news","tag-lead-vocal-to-accompaniment-level-ratio"],"acf":[],"yoast_head":"<!-- This site is optimized with the Yoast SEO plugin v27.4 - https:\/\/yoast.com\/product\/yoast-seo-wordpress\/ -->\n<title>Popstars werden immer leiser - Schweizer Musikzeitung<\/title>\n<meta name=\"robots\" content=\"index, follow, max-snippet:-1, max-image-preview:large, max-video-preview:-1\" \/>\n<link rel=\"canonical\" href=\"https:\/\/www.musikzeitung.ch\/it\/news\/2023\/04\/popstars-werden-immer-leiser\/\" \/>\n<meta property=\"og:locale\" content=\"it_IT\" \/>\n<meta property=\"og:type\" content=\"article\" \/>\n<meta property=\"og:title\" content=\"Popstars werden immer leiser - Schweizer Musikzeitung\" \/>\n<meta property=\"og:description\" content=\"Ein Oldenburger Team hat das Verh\u00e4ltnis von Lead-Gesang zu Begleitmusik in Popproduktionen \u00fcber Jahrzehnte untersucht und dabei \u00dcberraschendes entdeckt.\" \/>\n<meta property=\"og:url\" content=\"https:\/\/www.musikzeitung.ch\/it\/news\/2023\/04\/popstars-werden-immer-leiser\/\" \/>\n<meta property=\"og:site_name\" content=\"Schweizer Musikzeitung\" \/>\n<meta property=\"article:publisher\" content=\"https:\/\/www.facebook.com\/SchweizerMusikzeitung\/\" \/>\n<meta property=\"article:author\" content=\"https:\/\/www.facebook.com\/wolfgang.bohler.75\" \/>\n<meta property=\"article:published_time\" content=\"2023-04-27T04:24:52+00:00\" \/>\n<meta property=\"article:modified_time\" content=\"2023-04-27T04:32:02+00:00\" \/>\n<meta property=\"og:image\" content=\"https:\/\/www.musikzeitung.ch\/wp-content\/uploads\/2023\/04\/230427clarkson.jpg\" \/>\n\t<meta property=\"og:image:width\" content=\"939\" \/>\n\t<meta property=\"og:image:height\" content=\"625\" \/>\n\t<meta property=\"og:image:type\" content=\"image\/jpeg\" \/>\n<meta name=\"author\" content=\"Wolfgang B\u00f6hler\" \/>\n<meta name=\"twitter:card\" content=\"summary_large_image\" \/>\n<meta name=\"twitter:creator\" content=\"@smusikzeitung\" \/>\n<meta name=\"twitter:site\" content=\"@smusikzeitung\" \/>\n<meta name=\"twitter:label1\" content=\"Scritto da\" \/>\n\t<meta name=\"twitter:data1\" content=\"Wolfgang B\u00f6hler\" \/>\n\t<meta name=\"twitter:label2\" content=\"Tempo di lettura stimato\" \/>\n\t<meta name=\"twitter:data2\" content=\"2 minuti\" \/>\n<script type=\"application\/ld+json\" class=\"yoast-schema-graph\">{\"@context\":\"https:\\\/\\\/schema.org\",\"@graph\":[{\"@type\":\"Article\",\"@id\":\"https:\\\/\\\/www.musikzeitung.ch\\\/news\\\/2023\\\/04\\\/popstars-werden-immer-leiser#article\",\"isPartOf\":{\"@id\":\"https:\\\/\\\/www.musikzeitung.ch\\\/news\\\/2023\\\/04\\\/popstars-werden-immer-leiser\"},\"author\":{\"name\":\"Wolfgang B\u00f6hler\",\"@id\":\"https:\\\/\\\/www.musikzeitung.ch\\\/#\\\/schema\\\/person\\\/0da4fb82d243f1252850a35d0e87cf0c\"},\"headline\":\"Popstars werden immer leiser\",\"datePublished\":\"2023-04-27T04:24:52+00:00\",\"dateModified\":\"2023-04-27T04:32:02+00:00\",\"mainEntityOfPage\":{\"@id\":\"https:\\\/\\\/www.musikzeitung.ch\\\/news\\\/2023\\\/04\\\/popstars-werden-immer-leiser\"},\"wordCount\":269,\"publisher\":{\"@id\":\"https:\\\/\\\/www.musikzeitung.ch\\\/#organization\"},\"image\":{\"@id\":\"https:\\\/\\\/www.musikzeitung.ch\\\/news\\\/2023\\\/04\\\/popstars-werden-immer-leiser#primaryimage\"},\"thumbnailUrl\":\"https:\\\/\\\/www.musikzeitung.ch\\\/wp-content\\\/uploads\\\/2023\\\/04\\\/230427clarkson.jpg\",\"keywords\":[\"lead-vocal-to-accompaniment level ratio\"],\"articleSection\":[\"News\"],\"inLanguage\":\"it-IT\"},{\"@type\":\"WebPage\",\"@id\":\"https:\\\/\\\/www.musikzeitung.ch\\\/news\\\/2023\\\/04\\\/popstars-werden-immer-leiser\",\"url\":\"https:\\\/\\\/www.musikzeitung.ch\\\/news\\\/2023\\\/04\\\/popstars-werden-immer-leiser\",\"name\":\"Popstars werden immer leiser - Schweizer Musikzeitung\",\"isPartOf\":{\"@id\":\"https:\\\/\\\/www.musikzeitung.ch\\\/#website\"},\"primaryImageOfPage\":{\"@id\":\"https:\\\/\\\/www.musikzeitung.ch\\\/news\\\/2023\\\/04\\\/popstars-werden-immer-leiser#primaryimage\"},\"image\":{\"@id\":\"https:\\\/\\\/www.musikzeitung.ch\\\/news\\\/2023\\\/04\\\/popstars-werden-immer-leiser#primaryimage\"},\"thumbnailUrl\":\"https:\\\/\\\/www.musikzeitung.ch\\\/wp-content\\\/uploads\\\/2023\\\/04\\\/230427clarkson.jpg\",\"datePublished\":\"2023-04-27T04:24:52+00:00\",\"dateModified\":\"2023-04-27T04:32:02+00:00\",\"breadcrumb\":{\"@id\":\"https:\\\/\\\/www.musikzeitung.ch\\\/news\\\/2023\\\/04\\\/popstars-werden-immer-leiser#breadcrumb\"},\"inLanguage\":\"it-IT\",\"potentialAction\":[{\"@type\":\"ReadAction\",\"target\":[\"https:\\\/\\\/www.musikzeitung.ch\\\/news\\\/2023\\\/04\\\/popstars-werden-immer-leiser\"]}]},{\"@type\":\"ImageObject\",\"inLanguage\":\"it-IT\",\"@id\":\"https:\\\/\\\/www.musikzeitung.ch\\\/news\\\/2023\\\/04\\\/popstars-werden-immer-leiser#primaryimage\",\"url\":\"https:\\\/\\\/www.musikzeitung.ch\\\/wp-content\\\/uploads\\\/2023\\\/04\\\/230427clarkson.jpg\",\"contentUrl\":\"https:\\\/\\\/www.musikzeitung.ch\\\/wp-content\\\/uploads\\\/2023\\\/04\\\/230427clarkson.jpg\",\"width\":939,\"height\":625,\"caption\":\"Pops\u00e4ngerin Kelly Clarkson (Bild: (U.S. Air Force Photo by Senior Airman Dennis Hoffman)\"},{\"@type\":\"BreadcrumbList\",\"@id\":\"https:\\\/\\\/www.musikzeitung.ch\\\/news\\\/2023\\\/04\\\/popstars-werden-immer-leiser#breadcrumb\",\"itemListElement\":[{\"@type\":\"ListItem\",\"position\":1,\"name\":\"Home\",\"item\":\"https:\\\/\\\/www.musikzeitung.ch\\\/\"},{\"@type\":\"ListItem\",\"position\":2,\"name\":\"Popstars werden immer leiser\"}]},{\"@type\":\"WebSite\",\"@id\":\"https:\\\/\\\/www.musikzeitung.ch\\\/#website\",\"url\":\"https:\\\/\\\/www.musikzeitung.ch\\\/\",\"name\":\"Schweizer Musikzeitung\",\"description\":\"Die f\u00fchrende sparten\u00fcbergreifende Monatszeitung in der Schweiz f\u00fcr musikalische Fragen.\",\"publisher\":{\"@id\":\"https:\\\/\\\/www.musikzeitung.ch\\\/#organization\"},\"potentialAction\":[{\"@type\":\"SearchAction\",\"target\":{\"@type\":\"EntryPoint\",\"urlTemplate\":\"https:\\\/\\\/www.musikzeitung.ch\\\/?s={search_term_string}\"},\"query-input\":{\"@type\":\"PropertyValueSpecification\",\"valueRequired\":true,\"valueName\":\"search_term_string\"}}],\"inLanguage\":\"it-IT\"},{\"@type\":\"Organization\",\"@id\":\"https:\\\/\\\/www.musikzeitung.ch\\\/#organization\",\"name\":\"Schweizer Musikzeitung\",\"url\":\"https:\\\/\\\/www.musikzeitung.ch\\\/\",\"logo\":{\"@type\":\"ImageObject\",\"inLanguage\":\"it-IT\",\"@id\":\"https:\\\/\\\/www.musikzeitung.ch\\\/#\\\/schema\\\/logo\\\/image\\\/\",\"url\":\"https:\\\/\\\/www.musikzeitung.ch\\\/wp-content\\\/uploads\\\/2023\\\/01\\\/SMZ_Schriftzug_Sprache.png\",\"contentUrl\":\"https:\\\/\\\/www.musikzeitung.ch\\\/wp-content\\\/uploads\\\/2023\\\/01\\\/SMZ_Schriftzug_Sprache.png\",\"width\":1400,\"height\":279,\"caption\":\"Schweizer Musikzeitung\"},\"image\":{\"@id\":\"https:\\\/\\\/www.musikzeitung.ch\\\/#\\\/schema\\\/logo\\\/image\\\/\"},\"sameAs\":[\"https:\\\/\\\/www.facebook.com\\\/SchweizerMusikzeitung\\\/\",\"https:\\\/\\\/x.com\\\/smusikzeitung\",\"https:\\\/\\\/www.instagram.com\\\/musikzeitung.ch\\\/\"]},{\"@type\":\"Person\",\"@id\":\"https:\\\/\\\/www.musikzeitung.ch\\\/#\\\/schema\\\/person\\\/0da4fb82d243f1252850a35d0e87cf0c\",\"name\":\"Wolfgang B\u00f6hler\",\"image\":{\"@type\":\"ImageObject\",\"inLanguage\":\"it-IT\",\"@id\":\"https:\\\/\\\/www.musikzeitung.ch\\\/wp-content\\\/uploads\\\/2023\\\/01\\\/boehler_portraet_web-e1674139782246-96x96.jpg\",\"url\":\"https:\\\/\\\/www.musikzeitung.ch\\\/wp-content\\\/uploads\\\/2023\\\/01\\\/boehler_portraet_web-e1674139782246-96x96.jpg\",\"contentUrl\":\"https:\\\/\\\/www.musikzeitung.ch\\\/wp-content\\\/uploads\\\/2023\\\/01\\\/boehler_portraet_web-e1674139782246-96x96.jpg\",\"caption\":\"Wolfgang B\u00f6hler\"},\"sameAs\":[\"http:\\\/\\\/www.manacanto.ch\",\"https:\\\/\\\/www.facebook.com\\\/wolfgang.bohler.75\"],\"url\":\"https:\\\/\\\/www.musikzeitung.ch\\\/it\\\/author\\\/wolfgang-boehler\"}]}<\/script>\n<!-- \/ Yoast SEO plugin. -->","yoast_head_json":{"title":"Le popstar sono sempre pi\u00f9 silenziose - Schweizer Musikzeitung","robots":{"index":"index","follow":"follow","max-snippet":"max-snippet:-1","max-image-preview":"max-image-preview:large","max-video-preview":"max-video-preview:-1"},"canonical":"https:\/\/www.musikzeitung.ch\/it\/news\/2023\/04\/popstars-werden-immer-leiser\/","og_locale":"it_IT","og_type":"article","og_title":"Popstars werden immer leiser - Schweizer Musikzeitung","og_description":"Ein Oldenburger Team hat das Verh\u00e4ltnis von Lead-Gesang zu Begleitmusik in Popproduktionen \u00fcber Jahrzehnte untersucht und dabei \u00dcberraschendes entdeckt.","og_url":"https:\/\/www.musikzeitung.ch\/it\/news\/2023\/04\/popstars-werden-immer-leiser\/","og_site_name":"Schweizer Musikzeitung","article_publisher":"https:\/\/www.facebook.com\/SchweizerMusikzeitung\/","article_author":"https:\/\/www.facebook.com\/wolfgang.bohler.75","article_published_time":"2023-04-27T04:24:52+00:00","article_modified_time":"2023-04-27T04:32:02+00:00","og_image":[{"width":939,"height":625,"url":"https:\/\/www.musikzeitung.ch\/wp-content\/uploads\/2023\/04\/230427clarkson.jpg","type":"image\/jpeg"}],"author":"Wolfgang B\u00f6hler","twitter_card":"summary_large_image","twitter_creator":"@smusikzeitung","twitter_site":"@smusikzeitung","twitter_misc":{"Scritto da":"Wolfgang B\u00f6hler","Tempo di lettura stimato":"2 minuti"},"schema":{"@context":"https:\/\/schema.org","@graph":[{"@type":"Article","@id":"https:\/\/www.musikzeitung.ch\/news\/2023\/04\/popstars-werden-immer-leiser#article","isPartOf":{"@id":"https:\/\/www.musikzeitung.ch\/news\/2023\/04\/popstars-werden-immer-leiser"},"author":{"name":"Wolfgang B\u00f6hler","@id":"https:\/\/www.musikzeitung.ch\/#\/schema\/person\/0da4fb82d243f1252850a35d0e87cf0c"},"headline":"Popstars werden immer leiser","datePublished":"2023-04-27T04:24:52+00:00","dateModified":"2023-04-27T04:32:02+00:00","mainEntityOfPage":{"@id":"https:\/\/www.musikzeitung.ch\/news\/2023\/04\/popstars-werden-immer-leiser"},"wordCount":269,"publisher":{"@id":"https:\/\/www.musikzeitung.ch\/#organization"},"image":{"@id":"https:\/\/www.musikzeitung.ch\/news\/2023\/04\/popstars-werden-immer-leiser#primaryimage"},"thumbnailUrl":"https:\/\/www.musikzeitung.ch\/wp-content\/uploads\/2023\/04\/230427clarkson.jpg","keywords":["lead-vocal-to-accompaniment level ratio"],"articleSection":["News"],"inLanguage":"it-IT"},{"@type":"WebPage","@id":"https:\/\/www.musikzeitung.ch\/news\/2023\/04\/popstars-werden-immer-leiser","url":"https:\/\/www.musikzeitung.ch\/news\/2023\/04\/popstars-werden-immer-leiser","name":"Le popstar sono sempre pi\u00f9 silenziose - Schweizer Musikzeitung","isPartOf":{"@id":"https:\/\/www.musikzeitung.ch\/#website"},"primaryImageOfPage":{"@id":"https:\/\/www.musikzeitung.ch\/news\/2023\/04\/popstars-werden-immer-leiser#primaryimage"},"image":{"@id":"https:\/\/www.musikzeitung.ch\/news\/2023\/04\/popstars-werden-immer-leiser#primaryimage"},"thumbnailUrl":"https:\/\/www.musikzeitung.ch\/wp-content\/uploads\/2023\/04\/230427clarkson.jpg","datePublished":"2023-04-27T04:24:52+00:00","dateModified":"2023-04-27T04:32:02+00:00","breadcrumb":{"@id":"https:\/\/www.musikzeitung.ch\/news\/2023\/04\/popstars-werden-immer-leiser#breadcrumb"},"inLanguage":"it-IT","potentialAction":[{"@type":"ReadAction","target":["https:\/\/www.musikzeitung.ch\/news\/2023\/04\/popstars-werden-immer-leiser"]}]},{"@type":"ImageObject","inLanguage":"it-IT","@id":"https:\/\/www.musikzeitung.ch\/news\/2023\/04\/popstars-werden-immer-leiser#primaryimage","url":"https:\/\/www.musikzeitung.ch\/wp-content\/uploads\/2023\/04\/230427clarkson.jpg","contentUrl":"https:\/\/www.musikzeitung.ch\/wp-content\/uploads\/2023\/04\/230427clarkson.jpg","width":939,"height":625,"caption":"Pops\u00e4ngerin Kelly Clarkson (Bild: (U.S. Air Force Photo by Senior Airman Dennis Hoffman)"},{"@type":"BreadcrumbList","@id":"https:\/\/www.musikzeitung.ch\/news\/2023\/04\/popstars-werden-immer-leiser#breadcrumb","itemListElement":[{"@type":"ListItem","position":1,"name":"Home","item":"https:\/\/www.musikzeitung.ch\/"},{"@type":"ListItem","position":2,"name":"Popstars werden immer leiser"}]},{"@type":"WebSite","@id":"https:\/\/www.musikzeitung.ch\/#website","url":"https:\/\/www.musikzeitung.ch\/","name":"Giornale musicale svizzero","description":"Il principale mensile interdisciplinare della Svizzera per le questioni musicali.","publisher":{"@id":"https:\/\/www.musikzeitung.ch\/#organization"},"potentialAction":[{"@type":"SearchAction","target":{"@type":"EntryPoint","urlTemplate":"https:\/\/www.musikzeitung.ch\/?s={search_term_string}"},"query-input":{"@type":"PropertyValueSpecification","valueRequired":true,"valueName":"search_term_string"}}],"inLanguage":"it-IT"},{"@type":"Organization","@id":"https:\/\/www.musikzeitung.ch\/#organization","name":"Giornale musicale svizzero","url":"https:\/\/www.musikzeitung.ch\/","logo":{"@type":"ImageObject","inLanguage":"it-IT","@id":"https:\/\/www.musikzeitung.ch\/#\/schema\/logo\/image\/","url":"https:\/\/www.musikzeitung.ch\/wp-content\/uploads\/2023\/01\/SMZ_Schriftzug_Sprache.png","contentUrl":"https:\/\/www.musikzeitung.ch\/wp-content\/uploads\/2023\/01\/SMZ_Schriftzug_Sprache.png","width":1400,"height":279,"caption":"Schweizer Musikzeitung"},"image":{"@id":"https:\/\/www.musikzeitung.ch\/#\/schema\/logo\/image\/"},"sameAs":["https:\/\/www.facebook.com\/SchweizerMusikzeitung\/","https:\/\/x.com\/smusikzeitung","https:\/\/www.instagram.com\/musikzeitung.ch\/"]},{"@type":"Person","@id":"https:\/\/www.musikzeitung.ch\/#\/schema\/person\/0da4fb82d243f1252850a35d0e87cf0c","name":"Wolfgang B\u00f6hler","image":{"@type":"ImageObject","inLanguage":"it-IT","@id":"https:\/\/www.musikzeitung.ch\/wp-content\/uploads\/2023\/01\/boehler_portraet_web-e1674139782246-96x96.jpg","url":"https:\/\/www.musikzeitung.ch\/wp-content\/uploads\/2023\/01\/boehler_portraet_web-e1674139782246-96x96.jpg","contentUrl":"https:\/\/www.musikzeitung.ch\/wp-content\/uploads\/2023\/01\/boehler_portraet_web-e1674139782246-96x96.jpg","caption":"Wolfgang B\u00f6hler"},"sameAs":["http:\/\/www.manacanto.ch","https:\/\/www.facebook.com\/wolfgang.bohler.75"],"url":"https:\/\/www.musikzeitung.ch\/it\/author\/wolfgang-boehler"}]}},"publishpress_future_workflow_manual_trigger":{"enabledWorkflows":[]},"_links":{"self":[{"href":"https:\/\/www.musikzeitung.ch\/it\/wp-json\/wp\/v2\/posts\/44276","targetHints":{"allow":["GET"]}}],"collection":[{"href":"https:\/\/www.musikzeitung.ch\/it\/wp-json\/wp\/v2\/posts"}],"about":[{"href":"https:\/\/www.musikzeitung.ch\/it\/wp-json\/wp\/v2\/types\/post"}],"author":[{"embeddable":true,"href":"https:\/\/www.musikzeitung.ch\/it\/wp-json\/wp\/v2\/users\/30"}],"replies":[{"embeddable":true,"href":"https:\/\/www.musikzeitung.ch\/it\/wp-json\/wp\/v2\/comments?post=44276"}],"version-history":[{"count":6,"href":"https:\/\/www.musikzeitung.ch\/it\/wp-json\/wp\/v2\/posts\/44276\/revisions"}],"predecessor-version":[{"id":44283,"href":"https:\/\/www.musikzeitung.ch\/it\/wp-json\/wp\/v2\/posts\/44276\/revisions\/44283"}],"wp:featuredmedia":[{"embeddable":true,"href":"https:\/\/www.musikzeitung.ch\/it\/wp-json\/wp\/v2\/media\/44279"}],"wp:attachment":[{"href":"https:\/\/www.musikzeitung.ch\/it\/wp-json\/wp\/v2\/media?parent=44276"}],"wp:term":[{"taxonomy":"category","embeddable":true,"href":"https:\/\/www.musikzeitung.ch\/it\/wp-json\/wp\/v2\/categories?post=44276"},{"taxonomy":"post_tag","embeddable":true,"href":"https:\/\/www.musikzeitung.ch\/it\/wp-json\/wp\/v2\/tags?post=44276"}],"curies":[{"name":"wp","href":"https:\/\/api.w.org\/{rel}","templated":true}]}}