{"id":44371,"date":"2023-05-02T14:46:41","date_gmt":"2023-05-02T12:46:41","guid":{"rendered":"https:\/\/www.musikzeitung.ch\/?p=44371"},"modified":"2023-05-01T15:01:52","modified_gmt":"2023-05-01T13:01:52","slug":"harfenschule-fuer-kinder","status":"publish","type":"post","link":"https:\/\/www.musikzeitung.ch\/it\/rezensionen\/noten-rezensionen\/2023\/05\/harfenschule-fuer-kinder","title":{"rendered":"Una colorata scuola d'arpa per bambini"},"content":{"rendered":"<figure id=\"attachment_44372\" aria-describedby=\"caption-attachment-44372\" style=\"width: 1163px\" class=\"wp-caption alignnone\"><img loading=\"lazy\" decoding=\"async\" class=\"wp-image-44372 size-full\" src=\"https:\/\/www.musikzeitung.ch\/wp-content\/uploads\/2023\/05\/Harfenschule-Auschnitt.jpg\" alt=\"\" width=\"1163\" height=\"874\" srcset=\"https:\/\/www.musikzeitung.ch\/wp-content\/uploads\/2023\/05\/Harfenschule-Auschnitt.jpg 1163w, https:\/\/www.musikzeitung.ch\/wp-content\/uploads\/2023\/05\/Harfenschule-Auschnitt-300x225.jpg 300w, https:\/\/www.musikzeitung.ch\/wp-content\/uploads\/2023\/05\/Harfenschule-Auschnitt-1024x770.jpg 1024w, https:\/\/www.musikzeitung.ch\/wp-content\/uploads\/2023\/05\/Harfenschule-Auschnitt-768x577.jpg 768w, https:\/\/www.musikzeitung.ch\/wp-content\/uploads\/2023\/05\/Harfenschule-Auschnitt-233x175.jpg 233w, https:\/\/www.musikzeitung.ch\/wp-content\/uploads\/2023\/05\/Harfenschule-Auschnitt-466x350.jpg 466w, https:\/\/www.musikzeitung.ch\/wp-content\/uploads\/2023\/05\/Harfenschule-Auschnitt-1065x800.jpg 1065w, https:\/\/www.musikzeitung.ch\/wp-content\/uploads\/2023\/05\/Harfenschule-Auschnitt-920x691.jpg 920w\" sizes=\"auto, (max-width: 1163px) 100vw, 1163px\" \/><figcaption id=\"caption-attachment-44372\" class=\"wp-caption-text\">Estratto dalla copertina. Disegno di Ruth Cortinas<\/figcaption><\/figure>\n<p>Davanti a me c'\u00e8 una bella cartella illustrata con sei libretti colorati e disegnati con umorismo che invitano i bambini a scoprirli. Le due arpiste Franziska Brunner e Sabine Moser sono insegnanti esperte. La loro scuola incoraggia l'esplorazione attiva dell'arpa e crea un collegamento tra musica e vita. Le autrici sono riuscite a creare una struttura estremamente ben congegnata, che non si limita a introdurre la tecnica dell'arpa, ma incorpora allo stesso tempo tutti gli aspetti della musica. Ci sono suggerimenti per l'improvvisazione, le immagini ispirano la narrazione, gli esercizi sono combinati con le associazioni, la teoria musicale \u00e8 introdotta in modo molto giocoso, c'\u00e8 molto spazio per l'immaginazione e infine ci sono bellissime canzoni accuratamente selezionate. Un sussidio didattico ricco di idee speciali - un arcobaleno di possibilit\u00e0.<\/p>\n<p>L'attenzione al bambino e al suo mondo di esperienze ha portato anche all'idea di allineare la scuola d'arpa al ciclo annuale. Ogni libretto, suddiviso in unit\u00e0 didattiche di sei-otto settimane, ha un focus stagionale, che si riflette nelle improvvisazioni e nella scelta dei brani. Se un bambino inizia a suonare l'arpa nel nuovo anno scolastico, passer\u00e0 attraverso l'estate, l'autunno, l'inverno e la primavera e dovrebbe essere in grado di padroneggiare i primi quattro o cinque libretti entro un anno. I libretti sono costituiti da sole otto pagine e possono quindi essere padroneggiati abbastanza rapidamente. Questo ha un effetto molto motivante sui bambini, che hanno l'impressione di progredire rapidamente.<\/p>\n<p>Mi colpisce l'ariosit\u00e0 delle pagine, che non sono affatto sovraffollate, eppure c'\u00e8 spazio per tutto ci\u00f2 che \u00e8 essenziale.<\/p>\n<p>Gli insegnanti possono usare questo sussidio didattico come fonte di ispirazione varia per lezioni pi\u00f9 libere, mentre allo stesso tempo soddisfa gli obiettivi del Curriculum 21. Poich\u00e9 la teoria musicale \u00e8 costantemente integrata, \u00e8 anche il punto di partenza per giochi, scoperte e creazioni. \u00c8 stata presa la decisione consapevole di non riempire il materiale didattico con molti brani. In questo modo i bambini e gli insegnanti hanno la possibilit\u00e0 di aggiungere o sostituire i brani da soli, a seconda delle necessit\u00e0. Se il concetto di libretto stagionale fosse un ostacolo per i bambini pi\u00f9 lenti, l'insegnante dovrebbe naturalmente essere pi\u00f9 libero con la scuola. La scuola si rivolge principalmente ai bambini tra la prima e la quarta elementare.<\/p>\n<p>\u00c8 molto piacevole che, dopo l'enorme risposta al primo volume, venga presto pubblicato un seguito con altri sette libretti. Ancora una volta, il progetto \u00e8 stato sperimentato dagli insegnanti di arpa durante le lezioni per un lungo periodo di tempo e sono stati incorporati cambiamenti e suggerimenti. Anche questo futuro sussidio didattico \u00e8 uno sforzo congiunto sotto molti aspetti con i seguenti contenuti: grandi canzoni, intervalli e triadi comprese le loro inversioni, arpeggi, scale, armonici, terzine e sedicesimi, improvvisazione su toniche e dominanti, lettura estesa delle note, chiavi e parti.<\/p>\n<p><img loading=\"lazy\" decoding=\"async\" class=\"aligncenter wp-image-44368 size-medium\" src=\"https:\/\/www.musikzeitung.ch\/wp-content\/uploads\/2023\/05\/05_crit_note_Harfe-217x300.jpg\" alt=\"\" width=\"217\" height=\"300\" srcset=\"https:\/\/www.musikzeitung.ch\/wp-content\/uploads\/2023\/05\/05_crit_note_Harfe-217x300.jpg 217w, https:\/\/www.musikzeitung.ch\/wp-content\/uploads\/2023\/05\/05_crit_note_Harfe-742x1024.jpg 742w, https:\/\/www.musikzeitung.ch\/wp-content\/uploads\/2023\/05\/05_crit_note_Harfe-768x1061.jpg 768w, https:\/\/www.musikzeitung.ch\/wp-content\/uploads\/2023\/05\/05_crit_note_Harfe-1112x1536.jpg 1112w, https:\/\/www.musikzeitung.ch\/wp-content\/uploads\/2023\/05\/05_crit_note_Harfe-127x175.jpg 127w, https:\/\/www.musikzeitung.ch\/wp-content\/uploads\/2023\/05\/05_crit_note_Harfe-253x350.jpg 253w, https:\/\/www.musikzeitung.ch\/wp-content\/uploads\/2023\/05\/05_crit_note_Harfe-579x800.jpg 579w, https:\/\/www.musikzeitung.ch\/wp-content\/uploads\/2023\/05\/05_crit_note_Harfe-920x1270.jpg 920w, https:\/\/www.musikzeitung.ch\/wp-content\/uploads\/2023\/05\/05_crit_note_Harfe-300x414.jpg 300w, https:\/\/www.musikzeitung.ch\/wp-content\/uploads\/2023\/05\/05_crit_note_Harfe.jpg 724w\" sizes=\"auto, (max-width: 217px) 100vw, 217px\" \/>Il <em>Scuola d'arpa Arcobaleno<\/em> \u00e8 un arricchimento contemporaneo ed educativo che posso solo raccomandare.<\/p>\n<p><em>Franziska Brunner e Sabine Moser: Scuola d'arpa Arcobaleno, libretti 1-6, illustrati da Ruth Cortinas, 80 pagine, materiale aggiuntivo online, Fr. 34.80, <\/em><a href=\"mailto:kontakt@cordialharfenspiel.ch\"><em>kontakt@cordialharfenspiel.ch<\/em><\/a><em>, <\/em><em>ISBN 978-3-7252-1045-9<\/em><\/p>","protected":false},"excerpt":{"rendered":"<p>La \"Scuola d'arpa arcobaleno\" di Franziska Brunner e Sabine Moser, che ha un ampio respiro educativo, avr\u00e0 presto un seguito. <\/p>","protected":false},"author":29,"featured_media":44372,"comment_status":"closed","ping_status":"closed","sticky":false,"template":"","format":"standard","meta":{"_acf_changed":false,"_relevanssi_hide_post":"","_relevanssi_hide_content":"","_relevanssi_pin_for_all":"","_relevanssi_pin_keywords":"","_relevanssi_unpin_keywords":"","_relevanssi_related_keywords":"","_relevanssi_related_include_ids":"","_relevanssi_related_exclude_ids":"","_relevanssi_related_no_append":"","_relevanssi_related_not_related":"","_relevanssi_related_posts":"","_relevanssi_noindex_reason":"","pgc_sgb_lightbox_settings":"","footnotes":""},"categories":[1316,29],"tags":[2398,2397,2399,2400],"class_list":["post-44371","post","type-post","status-publish","format-standard","has-post-thumbnail","hentry","category-noten-rezensionen","category-rezensionen","tag-franziska-brunner","tag-harfenschule","tag-sabine-moser","tag-xenia-schindler"],"acf":[],"yoast_head":"<!-- This site is optimized with the Yoast SEO plugin v27.4 - https:\/\/yoast.com\/product\/yoast-seo-wordpress\/ -->\n<title>Eine bunte Harfenschule f\u00fcr Kinder - Schweizer Musikzeitung<\/title>\n<meta name=\"robots\" content=\"index, follow, max-snippet:-1, max-image-preview:large, max-video-preview:-1\" \/>\n<link rel=\"canonical\" href=\"https:\/\/www.musikzeitung.ch\/it\/rezensionen\/noten-rezensionen\/2023\/05\/harfenschule-fuer-kinder\/\" \/>\n<meta property=\"og:locale\" content=\"it_IT\" \/>\n<meta property=\"og:type\" content=\"article\" \/>\n<meta property=\"og:title\" content=\"Eine bunte Harfenschule f\u00fcr Kinder - Schweizer Musikzeitung\" \/>\n<meta property=\"og:description\" content=\"Die p\u00e4dagogisch breit abgest\u00fctzte \u00abHarfenschule Regenbogen\u00bb von Franziska Brunner und Sabine Moser bekommt demn\u00e4chst eine Fortsetzung.\" \/>\n<meta property=\"og:url\" content=\"https:\/\/www.musikzeitung.ch\/it\/rezensionen\/noten-rezensionen\/2023\/05\/harfenschule-fuer-kinder\/\" \/>\n<meta property=\"og:site_name\" content=\"Schweizer Musikzeitung\" \/>\n<meta property=\"article:publisher\" content=\"https:\/\/www.facebook.com\/SchweizerMusikzeitung\/\" \/>\n<meta property=\"article:published_time\" content=\"2023-05-02T12:46:41+00:00\" \/>\n<meta property=\"og:image\" content=\"https:\/\/www.musikzeitung.ch\/wp-content\/uploads\/2023\/05\/Harfenschule-Auschnitt.jpg\" \/>\n\t<meta property=\"og:image:width\" content=\"1163\" \/>\n\t<meta property=\"og:image:height\" content=\"874\" \/>\n\t<meta property=\"og:image:type\" content=\"image\/jpeg\" \/>\n<meta name=\"author\" content=\"pia.schwab\" \/>\n<meta name=\"twitter:card\" content=\"summary_large_image\" \/>\n<meta name=\"twitter:creator\" content=\"@smusikzeitung\" \/>\n<meta name=\"twitter:site\" content=\"@smusikzeitung\" \/>\n<meta name=\"twitter:label1\" content=\"Scritto da\" \/>\n\t<meta name=\"twitter:data1\" content=\"pia.schwab\" \/>\n\t<meta name=\"twitter:label2\" content=\"Tempo di lettura stimato\" \/>\n\t<meta name=\"twitter:data2\" content=\"3 minuti\" \/>\n<script type=\"application\/ld+json\" class=\"yoast-schema-graph\">{\"@context\":\"https:\\\/\\\/schema.org\",\"@graph\":[{\"@type\":\"Article\",\"@id\":\"https:\\\/\\\/www.musikzeitung.ch\\\/rezensionen\\\/noten-rezensionen\\\/2023\\\/05\\\/harfenschule-fuer-kinder#article\",\"isPartOf\":{\"@id\":\"https:\\\/\\\/www.musikzeitung.ch\\\/rezensionen\\\/noten-rezensionen\\\/2023\\\/05\\\/harfenschule-fuer-kinder\"},\"author\":{\"name\":\"pia.schwab\",\"@id\":\"https:\\\/\\\/www.musikzeitung.ch\\\/#\\\/schema\\\/person\\\/ea3d7b86bd7157c78c7ddd37f2f82b5b\"},\"headline\":\"Eine bunte Harfenschule f\u00fcr Kinder\",\"datePublished\":\"2023-05-02T12:46:41+00:00\",\"mainEntityOfPage\":{\"@id\":\"https:\\\/\\\/www.musikzeitung.ch\\\/rezensionen\\\/noten-rezensionen\\\/2023\\\/05\\\/harfenschule-fuer-kinder\"},\"wordCount\":504,\"publisher\":{\"@id\":\"https:\\\/\\\/www.musikzeitung.ch\\\/#organization\"},\"image\":{\"@id\":\"https:\\\/\\\/www.musikzeitung.ch\\\/rezensionen\\\/noten-rezensionen\\\/2023\\\/05\\\/harfenschule-fuer-kinder#primaryimage\"},\"thumbnailUrl\":\"https:\\\/\\\/www.musikzeitung.ch\\\/wp-content\\\/uploads\\\/2023\\\/05\\\/Harfenschule-Auschnitt.jpg\",\"keywords\":[\"Franziska Brunner\",\"Harfenschule\",\"Sabine Moser\",\"Xenia Schindler\"],\"articleSection\":[\"Noten\",\"Rezensionen\"],\"inLanguage\":\"it-IT\"},{\"@type\":\"WebPage\",\"@id\":\"https:\\\/\\\/www.musikzeitung.ch\\\/rezensionen\\\/noten-rezensionen\\\/2023\\\/05\\\/harfenschule-fuer-kinder\",\"url\":\"https:\\\/\\\/www.musikzeitung.ch\\\/rezensionen\\\/noten-rezensionen\\\/2023\\\/05\\\/harfenschule-fuer-kinder\",\"name\":\"Eine bunte Harfenschule f\u00fcr Kinder - Schweizer Musikzeitung\",\"isPartOf\":{\"@id\":\"https:\\\/\\\/www.musikzeitung.ch\\\/#website\"},\"primaryImageOfPage\":{\"@id\":\"https:\\\/\\\/www.musikzeitung.ch\\\/rezensionen\\\/noten-rezensionen\\\/2023\\\/05\\\/harfenschule-fuer-kinder#primaryimage\"},\"image\":{\"@id\":\"https:\\\/\\\/www.musikzeitung.ch\\\/rezensionen\\\/noten-rezensionen\\\/2023\\\/05\\\/harfenschule-fuer-kinder#primaryimage\"},\"thumbnailUrl\":\"https:\\\/\\\/www.musikzeitung.ch\\\/wp-content\\\/uploads\\\/2023\\\/05\\\/Harfenschule-Auschnitt.jpg\",\"datePublished\":\"2023-05-02T12:46:41+00:00\",\"breadcrumb\":{\"@id\":\"https:\\\/\\\/www.musikzeitung.ch\\\/rezensionen\\\/noten-rezensionen\\\/2023\\\/05\\\/harfenschule-fuer-kinder#breadcrumb\"},\"inLanguage\":\"it-IT\",\"potentialAction\":[{\"@type\":\"ReadAction\",\"target\":[\"https:\\\/\\\/www.musikzeitung.ch\\\/rezensionen\\\/noten-rezensionen\\\/2023\\\/05\\\/harfenschule-fuer-kinder\"]}]},{\"@type\":\"ImageObject\",\"inLanguage\":\"it-IT\",\"@id\":\"https:\\\/\\\/www.musikzeitung.ch\\\/rezensionen\\\/noten-rezensionen\\\/2023\\\/05\\\/harfenschule-fuer-kinder#primaryimage\",\"url\":\"https:\\\/\\\/www.musikzeitung.ch\\\/wp-content\\\/uploads\\\/2023\\\/05\\\/Harfenschule-Auschnitt.jpg\",\"contentUrl\":\"https:\\\/\\\/www.musikzeitung.ch\\\/wp-content\\\/uploads\\\/2023\\\/05\\\/Harfenschule-Auschnitt.jpg\",\"width\":1163,\"height\":874},{\"@type\":\"BreadcrumbList\",\"@id\":\"https:\\\/\\\/www.musikzeitung.ch\\\/rezensionen\\\/noten-rezensionen\\\/2023\\\/05\\\/harfenschule-fuer-kinder#breadcrumb\",\"itemListElement\":[{\"@type\":\"ListItem\",\"position\":1,\"name\":\"Home\",\"item\":\"https:\\\/\\\/www.musikzeitung.ch\\\/\"},{\"@type\":\"ListItem\",\"position\":2,\"name\":\"Eine bunte Harfenschule f\u00fcr Kinder\"}]},{\"@type\":\"WebSite\",\"@id\":\"https:\\\/\\\/www.musikzeitung.ch\\\/#website\",\"url\":\"https:\\\/\\\/www.musikzeitung.ch\\\/\",\"name\":\"Schweizer Musikzeitung\",\"description\":\"Die f\u00fchrende sparten\u00fcbergreifende Monatszeitung in der Schweiz f\u00fcr musikalische Fragen.\",\"publisher\":{\"@id\":\"https:\\\/\\\/www.musikzeitung.ch\\\/#organization\"},\"potentialAction\":[{\"@type\":\"SearchAction\",\"target\":{\"@type\":\"EntryPoint\",\"urlTemplate\":\"https:\\\/\\\/www.musikzeitung.ch\\\/?s={search_term_string}\"},\"query-input\":{\"@type\":\"PropertyValueSpecification\",\"valueRequired\":true,\"valueName\":\"search_term_string\"}}],\"inLanguage\":\"it-IT\"},{\"@type\":\"Organization\",\"@id\":\"https:\\\/\\\/www.musikzeitung.ch\\\/#organization\",\"name\":\"Schweizer Musikzeitung\",\"url\":\"https:\\\/\\\/www.musikzeitung.ch\\\/\",\"logo\":{\"@type\":\"ImageObject\",\"inLanguage\":\"it-IT\",\"@id\":\"https:\\\/\\\/www.musikzeitung.ch\\\/#\\\/schema\\\/logo\\\/image\\\/\",\"url\":\"https:\\\/\\\/www.musikzeitung.ch\\\/wp-content\\\/uploads\\\/2023\\\/01\\\/SMZ_Schriftzug_Sprache.png\",\"contentUrl\":\"https:\\\/\\\/www.musikzeitung.ch\\\/wp-content\\\/uploads\\\/2023\\\/01\\\/SMZ_Schriftzug_Sprache.png\",\"width\":1400,\"height\":279,\"caption\":\"Schweizer Musikzeitung\"},\"image\":{\"@id\":\"https:\\\/\\\/www.musikzeitung.ch\\\/#\\\/schema\\\/logo\\\/image\\\/\"},\"sameAs\":[\"https:\\\/\\\/www.facebook.com\\\/SchweizerMusikzeitung\\\/\",\"https:\\\/\\\/x.com\\\/smusikzeitung\",\"https:\\\/\\\/www.instagram.com\\\/musikzeitung.ch\\\/\"]},{\"@type\":\"Person\",\"@id\":\"https:\\\/\\\/www.musikzeitung.ch\\\/#\\\/schema\\\/person\\\/ea3d7b86bd7157c78c7ddd37f2f82b5b\",\"name\":\"pia.schwab\",\"image\":{\"@type\":\"ImageObject\",\"inLanguage\":\"it-IT\",\"@id\":\"https:\\\/\\\/secure.gravatar.com\\\/avatar\\\/d39d170de4c2d07e897fbc26cf9d890fc046285c742207b86d8ebabe5fcde2c4?s=96&d=mm&r=g\",\"url\":\"https:\\\/\\\/secure.gravatar.com\\\/avatar\\\/d39d170de4c2d07e897fbc26cf9d890fc046285c742207b86d8ebabe5fcde2c4?s=96&d=mm&r=g\",\"contentUrl\":\"https:\\\/\\\/secure.gravatar.com\\\/avatar\\\/d39d170de4c2d07e897fbc26cf9d890fc046285c742207b86d8ebabe5fcde2c4?s=96&d=mm&r=g\",\"caption\":\"pia.schwab\"},\"url\":\"https:\\\/\\\/www.musikzeitung.ch\\\/it\\\/author\\\/pia-schwab\"}]}<\/script>\n<!-- \/ Yoast SEO plugin. -->","yoast_head_json":{"title":"Una colorata scuola d'arpa per bambini - Schweizer Musikzeitung","robots":{"index":"index","follow":"follow","max-snippet":"max-snippet:-1","max-image-preview":"max-image-preview:large","max-video-preview":"max-video-preview:-1"},"canonical":"https:\/\/www.musikzeitung.ch\/it\/rezensionen\/noten-rezensionen\/2023\/05\/harfenschule-fuer-kinder\/","og_locale":"it_IT","og_type":"article","og_title":"Eine bunte Harfenschule f\u00fcr Kinder - Schweizer Musikzeitung","og_description":"Die p\u00e4dagogisch breit abgest\u00fctzte \u00abHarfenschule Regenbogen\u00bb von Franziska Brunner und Sabine Moser bekommt demn\u00e4chst eine Fortsetzung.","og_url":"https:\/\/www.musikzeitung.ch\/it\/rezensionen\/noten-rezensionen\/2023\/05\/harfenschule-fuer-kinder\/","og_site_name":"Schweizer Musikzeitung","article_publisher":"https:\/\/www.facebook.com\/SchweizerMusikzeitung\/","article_published_time":"2023-05-02T12:46:41+00:00","og_image":[{"width":1163,"height":874,"url":"https:\/\/www.musikzeitung.ch\/wp-content\/uploads\/2023\/05\/Harfenschule-Auschnitt.jpg","type":"image\/jpeg"}],"author":"pia.schwab","twitter_card":"summary_large_image","twitter_creator":"@smusikzeitung","twitter_site":"@smusikzeitung","twitter_misc":{"Scritto da":"pia.schwab","Tempo di lettura stimato":"3 minuti"},"schema":{"@context":"https:\/\/schema.org","@graph":[{"@type":"Article","@id":"https:\/\/www.musikzeitung.ch\/rezensionen\/noten-rezensionen\/2023\/05\/harfenschule-fuer-kinder#article","isPartOf":{"@id":"https:\/\/www.musikzeitung.ch\/rezensionen\/noten-rezensionen\/2023\/05\/harfenschule-fuer-kinder"},"author":{"name":"pia.schwab","@id":"https:\/\/www.musikzeitung.ch\/#\/schema\/person\/ea3d7b86bd7157c78c7ddd37f2f82b5b"},"headline":"Eine bunte Harfenschule f\u00fcr Kinder","datePublished":"2023-05-02T12:46:41+00:00","mainEntityOfPage":{"@id":"https:\/\/www.musikzeitung.ch\/rezensionen\/noten-rezensionen\/2023\/05\/harfenschule-fuer-kinder"},"wordCount":504,"publisher":{"@id":"https:\/\/www.musikzeitung.ch\/#organization"},"image":{"@id":"https:\/\/www.musikzeitung.ch\/rezensionen\/noten-rezensionen\/2023\/05\/harfenschule-fuer-kinder#primaryimage"},"thumbnailUrl":"https:\/\/www.musikzeitung.ch\/wp-content\/uploads\/2023\/05\/Harfenschule-Auschnitt.jpg","keywords":["Franziska Brunner","Harfenschule","Sabine Moser","Xenia Schindler"],"articleSection":["Noten","Rezensionen"],"inLanguage":"it-IT"},{"@type":"WebPage","@id":"https:\/\/www.musikzeitung.ch\/rezensionen\/noten-rezensionen\/2023\/05\/harfenschule-fuer-kinder","url":"https:\/\/www.musikzeitung.ch\/rezensionen\/noten-rezensionen\/2023\/05\/harfenschule-fuer-kinder","name":"Una colorata scuola d'arpa per bambini - Schweizer Musikzeitung","isPartOf":{"@id":"https:\/\/www.musikzeitung.ch\/#website"},"primaryImageOfPage":{"@id":"https:\/\/www.musikzeitung.ch\/rezensionen\/noten-rezensionen\/2023\/05\/harfenschule-fuer-kinder#primaryimage"},"image":{"@id":"https:\/\/www.musikzeitung.ch\/rezensionen\/noten-rezensionen\/2023\/05\/harfenschule-fuer-kinder#primaryimage"},"thumbnailUrl":"https:\/\/www.musikzeitung.ch\/wp-content\/uploads\/2023\/05\/Harfenschule-Auschnitt.jpg","datePublished":"2023-05-02T12:46:41+00:00","breadcrumb":{"@id":"https:\/\/www.musikzeitung.ch\/rezensionen\/noten-rezensionen\/2023\/05\/harfenschule-fuer-kinder#breadcrumb"},"inLanguage":"it-IT","potentialAction":[{"@type":"ReadAction","target":["https:\/\/www.musikzeitung.ch\/rezensionen\/noten-rezensionen\/2023\/05\/harfenschule-fuer-kinder"]}]},{"@type":"ImageObject","inLanguage":"it-IT","@id":"https:\/\/www.musikzeitung.ch\/rezensionen\/noten-rezensionen\/2023\/05\/harfenschule-fuer-kinder#primaryimage","url":"https:\/\/www.musikzeitung.ch\/wp-content\/uploads\/2023\/05\/Harfenschule-Auschnitt.jpg","contentUrl":"https:\/\/www.musikzeitung.ch\/wp-content\/uploads\/2023\/05\/Harfenschule-Auschnitt.jpg","width":1163,"height":874},{"@type":"BreadcrumbList","@id":"https:\/\/www.musikzeitung.ch\/rezensionen\/noten-rezensionen\/2023\/05\/harfenschule-fuer-kinder#breadcrumb","itemListElement":[{"@type":"ListItem","position":1,"name":"Home","item":"https:\/\/www.musikzeitung.ch\/"},{"@type":"ListItem","position":2,"name":"Eine bunte Harfenschule f\u00fcr Kinder"}]},{"@type":"WebSite","@id":"https:\/\/www.musikzeitung.ch\/#website","url":"https:\/\/www.musikzeitung.ch\/","name":"Giornale musicale svizzero","description":"Il principale mensile interdisciplinare della Svizzera per le questioni musicali.","publisher":{"@id":"https:\/\/www.musikzeitung.ch\/#organization"},"potentialAction":[{"@type":"SearchAction","target":{"@type":"EntryPoint","urlTemplate":"https:\/\/www.musikzeitung.ch\/?s={search_term_string}"},"query-input":{"@type":"PropertyValueSpecification","valueRequired":true,"valueName":"search_term_string"}}],"inLanguage":"it-IT"},{"@type":"Organization","@id":"https:\/\/www.musikzeitung.ch\/#organization","name":"Giornale musicale svizzero","url":"https:\/\/www.musikzeitung.ch\/","logo":{"@type":"ImageObject","inLanguage":"it-IT","@id":"https:\/\/www.musikzeitung.ch\/#\/schema\/logo\/image\/","url":"https:\/\/www.musikzeitung.ch\/wp-content\/uploads\/2023\/01\/SMZ_Schriftzug_Sprache.png","contentUrl":"https:\/\/www.musikzeitung.ch\/wp-content\/uploads\/2023\/01\/SMZ_Schriftzug_Sprache.png","width":1400,"height":279,"caption":"Schweizer Musikzeitung"},"image":{"@id":"https:\/\/www.musikzeitung.ch\/#\/schema\/logo\/image\/"},"sameAs":["https:\/\/www.facebook.com\/SchweizerMusikzeitung\/","https:\/\/x.com\/smusikzeitung","https:\/\/www.instagram.com\/musikzeitung.ch\/"]},{"@type":"Person","@id":"https:\/\/www.musikzeitung.ch\/#\/schema\/person\/ea3d7b86bd7157c78c7ddd37f2f82b5b","name":"pia.schwab","image":{"@type":"ImageObject","inLanguage":"it-IT","@id":"https:\/\/secure.gravatar.com\/avatar\/d39d170de4c2d07e897fbc26cf9d890fc046285c742207b86d8ebabe5fcde2c4?s=96&d=mm&r=g","url":"https:\/\/secure.gravatar.com\/avatar\/d39d170de4c2d07e897fbc26cf9d890fc046285c742207b86d8ebabe5fcde2c4?s=96&d=mm&r=g","contentUrl":"https:\/\/secure.gravatar.com\/avatar\/d39d170de4c2d07e897fbc26cf9d890fc046285c742207b86d8ebabe5fcde2c4?s=96&d=mm&r=g","caption":"pia.schwab"},"url":"https:\/\/www.musikzeitung.ch\/it\/author\/pia-schwab"}]}},"publishpress_future_workflow_manual_trigger":{"enabledWorkflows":[]},"_links":{"self":[{"href":"https:\/\/www.musikzeitung.ch\/it\/wp-json\/wp\/v2\/posts\/44371","targetHints":{"allow":["GET"]}}],"collection":[{"href":"https:\/\/www.musikzeitung.ch\/it\/wp-json\/wp\/v2\/posts"}],"about":[{"href":"https:\/\/www.musikzeitung.ch\/it\/wp-json\/wp\/v2\/types\/post"}],"author":[{"embeddable":true,"href":"https:\/\/www.musikzeitung.ch\/it\/wp-json\/wp\/v2\/users\/29"}],"replies":[{"embeddable":true,"href":"https:\/\/www.musikzeitung.ch\/it\/wp-json\/wp\/v2\/comments?post=44371"}],"version-history":[{"count":1,"href":"https:\/\/www.musikzeitung.ch\/it\/wp-json\/wp\/v2\/posts\/44371\/revisions"}],"predecessor-version":[{"id":44374,"href":"https:\/\/www.musikzeitung.ch\/it\/wp-json\/wp\/v2\/posts\/44371\/revisions\/44374"}],"wp:featuredmedia":[{"embeddable":true,"href":"https:\/\/www.musikzeitung.ch\/it\/wp-json\/wp\/v2\/media\/44372"}],"wp:attachment":[{"href":"https:\/\/www.musikzeitung.ch\/it\/wp-json\/wp\/v2\/media?parent=44371"}],"wp:term":[{"taxonomy":"category","embeddable":true,"href":"https:\/\/www.musikzeitung.ch\/it\/wp-json\/wp\/v2\/categories?post=44371"},{"taxonomy":"post_tag","embeddable":true,"href":"https:\/\/www.musikzeitung.ch\/it\/wp-json\/wp\/v2\/tags?post=44371"}],"curies":[{"name":"wp","href":"https:\/\/api.w.org\/{rel}","templated":true}]}}