{"id":44405,"date":"2023-05-03T06:25:07","date_gmt":"2023-05-03T04:25:07","guid":{"rendered":"https:\/\/www.musikzeitung.ch\/?p=44405"},"modified":"2023-05-08T13:10:51","modified_gmt":"2023-05-08T11:10:51","slug":"uni-kassel-fuehrt-master-musikverlagswesen-ein","status":"publish","type":"post","link":"https:\/\/www.musikzeitung.ch\/it\/news\/2023\/05\/uni-kassel-fuehrt-master-musikverlagswesen-ein","title":{"rendered":"L'Universit\u00e0 di Kassel introduce il Master in Editoria musicale"},"content":{"rendered":"<figure id=\"attachment_44406\" aria-describedby=\"caption-attachment-44406\" style=\"width: 541px\" class=\"wp-caption aligncenter\"><img loading=\"lazy\" decoding=\"async\" class=\"wp-image-44406\" src=\"https:\/\/www.musikzeitung.ch\/wp-content\/uploads\/2023\/05\/230503noten.jpg\" alt=\"\" width=\"541\" height=\"303\" srcset=\"https:\/\/www.musikzeitung.ch\/wp-content\/uploads\/2023\/05\/230503noten.jpg 1196w, https:\/\/www.musikzeitung.ch\/wp-content\/uploads\/2023\/05\/230503noten-300x168.jpg 300w, https:\/\/www.musikzeitung.ch\/wp-content\/uploads\/2023\/05\/230503noten-1024x574.jpg 1024w, https:\/\/www.musikzeitung.ch\/wp-content\/uploads\/2023\/05\/230503noten-768x430.jpg 768w, https:\/\/www.musikzeitung.ch\/wp-content\/uploads\/2023\/05\/230503noten-312x175.jpg 312w, https:\/\/www.musikzeitung.ch\/wp-content\/uploads\/2023\/05\/230503noten-625x350.jpg 625w, https:\/\/www.musikzeitung.ch\/wp-content\/uploads\/2023\/05\/230503noten-920x515.jpg 920w\" sizes=\"auto, (max-width: 541px) 100vw, 541px\" \/><figcaption id=\"caption-attachment-44406\" class=\"wp-caption-text\">(Immagine: zVg)<\/figcaption><\/figure>\n<p>Al giorno d'oggi, l'editoria musicale non significa pi\u00f9 solo la tradizionale stampa di spartiti e libri, ma anche la distribuzione digitale e la gestione delle licenze, scrive l'Universit\u00e0 di Kassel. Quasi ogni volta che la musica viene riprodotta su YouTube o nelle sale da concerto, i diritti d'autore devono essere pagati ai detentori dei diritti, e gli editori musicali agiscono molto spesso come luoghi di gestione delle licenze. Il corso di laurea a Kassel \u00e8 particolarmente pratico perch\u00e9 le case editrici con sede nella regione sono state saldamente integrate nel corso.<\/p>\n<p>Oltre ai corsi tipici di musicologia storica e sistematica e di educazione\/mediazione musicale, il corso di laurea \u00e8 caratterizzato da numerosi corsi pratici e orientati al futuro. Tra questi, le basi dell'impaginazione e della notazione musicale, l'amministrazione aziendale e la legge sul diritto d'autore, oltre a corsi sul marketing della musica digitale, sui cambiamenti strutturali nell'editoria musicale e una serie di conferenze sui nuovi modelli di business.<\/p>\n<p>All'interno dell'Universit\u00e0 di Kassel esiste una cooperazione con l'Istituto di diritto commerciale. Inoltre, \u00e8 stata concordata una cooperazione con l'Universit\u00e0 di Musica di Detmold. Infine, ma non meno importante, il nuovo corso di laurea promuove la creazione di reti tra l'universit\u00e0 e la regione e rimane un punto di forza unico: nessun'altra universit\u00e0 di lingua tedesca offre un corso del genere.<\/p>\n<p><strong>Per saperne di pi\u00f9:<\/strong> <a href=\"https:\/\/www.uni-kassel.de\/uni\/studium\/musikverlagswesen-master\">https:\/\/www.uni-kassel.de\/uni\/studium\/musikverlagswesen-master<\/a><\/p>","protected":false},"excerpt":{"rendered":"<p>Kassel \u00e8 la sede di numerosi editori musicali di fama internazionale. L'Universit\u00e0 di Kassel offre ora un Master in Editoria musicale.<\/p>","protected":false},"author":30,"featured_media":44406,"comment_status":"closed","ping_status":"closed","sticky":false,"template":"","format":"standard","meta":{"_acf_changed":false,"_relevanssi_hide_post":"","_relevanssi_hide_content":"","_relevanssi_pin_for_all":"","_relevanssi_pin_keywords":"","_relevanssi_unpin_keywords":"","_relevanssi_related_keywords":"","_relevanssi_related_include_ids":"","_relevanssi_related_exclude_ids":"","_relevanssi_related_no_append":"","_relevanssi_related_not_related":"","_relevanssi_related_posts":"","_relevanssi_noindex_reason":"","pgc_sgb_lightbox_settings":"","footnotes":""},"categories":[27],"tags":[2407,2406],"class_list":["post-44405","post","type-post","status-publish","format-standard","has-post-thumbnail","hentry","category-news","tag-musikverlagswesen","tag-universitaet-kassel"],"acf":[],"yoast_head":"<!-- This site is optimized with the Yoast SEO plugin v27.4 - https:\/\/yoast.com\/product\/yoast-seo-wordpress\/ -->\n<title>Uni Kassel f\u00fchrt Master Musikverlagswesen ein - Schweizer Musikzeitung<\/title>\n<meta name=\"robots\" content=\"index, follow, max-snippet:-1, max-image-preview:large, max-video-preview:-1\" \/>\n<link rel=\"canonical\" href=\"https:\/\/www.musikzeitung.ch\/it\/news\/2023\/05\/uni-kassel-fuehrt-master-musikverlagswesen-ein\/\" \/>\n<meta property=\"og:locale\" content=\"it_IT\" \/>\n<meta property=\"og:type\" content=\"article\" \/>\n<meta property=\"og:title\" content=\"Uni Kassel f\u00fchrt Master Musikverlagswesen ein - Schweizer Musikzeitung\" \/>\n<meta property=\"og:description\" content=\"Kassel ist Sitz mehrerer international renommierter Musikverlage. Nun bietet die Universit\u00e4t Kassel dazu passend einen Masterstudiengang Musikverlagswesen an.\" \/>\n<meta property=\"og:url\" content=\"https:\/\/www.musikzeitung.ch\/it\/news\/2023\/05\/uni-kassel-fuehrt-master-musikverlagswesen-ein\/\" \/>\n<meta property=\"og:site_name\" content=\"Schweizer Musikzeitung\" \/>\n<meta property=\"article:publisher\" content=\"https:\/\/www.facebook.com\/SchweizerMusikzeitung\/\" \/>\n<meta property=\"article:author\" content=\"https:\/\/www.facebook.com\/wolfgang.bohler.75\" \/>\n<meta property=\"article:published_time\" content=\"2023-05-03T04:25:07+00:00\" \/>\n<meta property=\"article:modified_time\" content=\"2023-05-08T11:10:51+00:00\" \/>\n<meta property=\"og:image\" content=\"https:\/\/www.musikzeitung.ch\/wp-content\/uploads\/2023\/05\/230503noten.jpg\" \/>\n\t<meta property=\"og:image:width\" content=\"1196\" \/>\n\t<meta property=\"og:image:height\" content=\"670\" \/>\n\t<meta property=\"og:image:type\" content=\"image\/jpeg\" \/>\n<meta name=\"author\" content=\"Wolfgang B\u00f6hler\" \/>\n<meta name=\"twitter:card\" content=\"summary_large_image\" \/>\n<meta name=\"twitter:creator\" content=\"@smusikzeitung\" \/>\n<meta name=\"twitter:site\" content=\"@smusikzeitung\" \/>\n<meta name=\"twitter:label1\" content=\"Scritto da\" \/>\n\t<meta name=\"twitter:data1\" content=\"Wolfgang B\u00f6hler\" \/>\n\t<meta name=\"twitter:label2\" content=\"Tempo di lettura stimato\" \/>\n\t<meta name=\"twitter:data2\" content=\"2 minuti\" \/>\n<script type=\"application\/ld+json\" class=\"yoast-schema-graph\">{\"@context\":\"https:\\\/\\\/schema.org\",\"@graph\":[{\"@type\":\"Article\",\"@id\":\"https:\\\/\\\/www.musikzeitung.ch\\\/news\\\/2023\\\/05\\\/uni-kassel-fuehrt-master-musikverlagswesen-ein#article\",\"isPartOf\":{\"@id\":\"https:\\\/\\\/www.musikzeitung.ch\\\/news\\\/2023\\\/05\\\/uni-kassel-fuehrt-master-musikverlagswesen-ein\"},\"author\":{\"name\":\"Wolfgang B\u00f6hler\",\"@id\":\"https:\\\/\\\/www.musikzeitung.ch\\\/#\\\/schema\\\/person\\\/0da4fb82d243f1252850a35d0e87cf0c\"},\"headline\":\"Uni Kassel f\u00fchrt Master Musikverlagswesen ein\",\"datePublished\":\"2023-05-03T04:25:07+00:00\",\"dateModified\":\"2023-05-08T11:10:51+00:00\",\"mainEntityOfPage\":{\"@id\":\"https:\\\/\\\/www.musikzeitung.ch\\\/news\\\/2023\\\/05\\\/uni-kassel-fuehrt-master-musikverlagswesen-ein\"},\"wordCount\":217,\"publisher\":{\"@id\":\"https:\\\/\\\/www.musikzeitung.ch\\\/#organization\"},\"image\":{\"@id\":\"https:\\\/\\\/www.musikzeitung.ch\\\/news\\\/2023\\\/05\\\/uni-kassel-fuehrt-master-musikverlagswesen-ein#primaryimage\"},\"thumbnailUrl\":\"https:\\\/\\\/www.musikzeitung.ch\\\/wp-content\\\/uploads\\\/2023\\\/05\\\/230503noten.jpg\",\"keywords\":[\"Musikverlagswesen\",\"Universit\u00e4t Kassel\"],\"articleSection\":[\"News\"],\"inLanguage\":\"it-IT\"},{\"@type\":\"WebPage\",\"@id\":\"https:\\\/\\\/www.musikzeitung.ch\\\/news\\\/2023\\\/05\\\/uni-kassel-fuehrt-master-musikverlagswesen-ein\",\"url\":\"https:\\\/\\\/www.musikzeitung.ch\\\/news\\\/2023\\\/05\\\/uni-kassel-fuehrt-master-musikverlagswesen-ein\",\"name\":\"Uni Kassel f\u00fchrt Master Musikverlagswesen ein - Schweizer Musikzeitung\",\"isPartOf\":{\"@id\":\"https:\\\/\\\/www.musikzeitung.ch\\\/#website\"},\"primaryImageOfPage\":{\"@id\":\"https:\\\/\\\/www.musikzeitung.ch\\\/news\\\/2023\\\/05\\\/uni-kassel-fuehrt-master-musikverlagswesen-ein#primaryimage\"},\"image\":{\"@id\":\"https:\\\/\\\/www.musikzeitung.ch\\\/news\\\/2023\\\/05\\\/uni-kassel-fuehrt-master-musikverlagswesen-ein#primaryimage\"},\"thumbnailUrl\":\"https:\\\/\\\/www.musikzeitung.ch\\\/wp-content\\\/uploads\\\/2023\\\/05\\\/230503noten.jpg\",\"datePublished\":\"2023-05-03T04:25:07+00:00\",\"dateModified\":\"2023-05-08T11:10:51+00:00\",\"breadcrumb\":{\"@id\":\"https:\\\/\\\/www.musikzeitung.ch\\\/news\\\/2023\\\/05\\\/uni-kassel-fuehrt-master-musikverlagswesen-ein#breadcrumb\"},\"inLanguage\":\"it-IT\",\"potentialAction\":[{\"@type\":\"ReadAction\",\"target\":[\"https:\\\/\\\/www.musikzeitung.ch\\\/news\\\/2023\\\/05\\\/uni-kassel-fuehrt-master-musikverlagswesen-ein\"]}]},{\"@type\":\"ImageObject\",\"inLanguage\":\"it-IT\",\"@id\":\"https:\\\/\\\/www.musikzeitung.ch\\\/news\\\/2023\\\/05\\\/uni-kassel-fuehrt-master-musikverlagswesen-ein#primaryimage\",\"url\":\"https:\\\/\\\/www.musikzeitung.ch\\\/wp-content\\\/uploads\\\/2023\\\/05\\\/230503noten.jpg\",\"contentUrl\":\"https:\\\/\\\/www.musikzeitung.ch\\\/wp-content\\\/uploads\\\/2023\\\/05\\\/230503noten.jpg\",\"width\":1196,\"height\":670,\"caption\":\"(Bild: zVg)\"},{\"@type\":\"BreadcrumbList\",\"@id\":\"https:\\\/\\\/www.musikzeitung.ch\\\/news\\\/2023\\\/05\\\/uni-kassel-fuehrt-master-musikverlagswesen-ein#breadcrumb\",\"itemListElement\":[{\"@type\":\"ListItem\",\"position\":1,\"name\":\"Home\",\"item\":\"https:\\\/\\\/www.musikzeitung.ch\\\/\"},{\"@type\":\"ListItem\",\"position\":2,\"name\":\"Uni Kassel f\u00fchrt Master Musikverlagswesen ein\"}]},{\"@type\":\"WebSite\",\"@id\":\"https:\\\/\\\/www.musikzeitung.ch\\\/#website\",\"url\":\"https:\\\/\\\/www.musikzeitung.ch\\\/\",\"name\":\"Schweizer Musikzeitung\",\"description\":\"Die f\u00fchrende sparten\u00fcbergreifende Monatszeitung in der Schweiz f\u00fcr musikalische Fragen.\",\"publisher\":{\"@id\":\"https:\\\/\\\/www.musikzeitung.ch\\\/#organization\"},\"potentialAction\":[{\"@type\":\"SearchAction\",\"target\":{\"@type\":\"EntryPoint\",\"urlTemplate\":\"https:\\\/\\\/www.musikzeitung.ch\\\/?s={search_term_string}\"},\"query-input\":{\"@type\":\"PropertyValueSpecification\",\"valueRequired\":true,\"valueName\":\"search_term_string\"}}],\"inLanguage\":\"it-IT\"},{\"@type\":\"Organization\",\"@id\":\"https:\\\/\\\/www.musikzeitung.ch\\\/#organization\",\"name\":\"Schweizer Musikzeitung\",\"url\":\"https:\\\/\\\/www.musikzeitung.ch\\\/\",\"logo\":{\"@type\":\"ImageObject\",\"inLanguage\":\"it-IT\",\"@id\":\"https:\\\/\\\/www.musikzeitung.ch\\\/#\\\/schema\\\/logo\\\/image\\\/\",\"url\":\"https:\\\/\\\/www.musikzeitung.ch\\\/wp-content\\\/uploads\\\/2023\\\/01\\\/SMZ_Schriftzug_Sprache.png\",\"contentUrl\":\"https:\\\/\\\/www.musikzeitung.ch\\\/wp-content\\\/uploads\\\/2023\\\/01\\\/SMZ_Schriftzug_Sprache.png\",\"width\":1400,\"height\":279,\"caption\":\"Schweizer Musikzeitung\"},\"image\":{\"@id\":\"https:\\\/\\\/www.musikzeitung.ch\\\/#\\\/schema\\\/logo\\\/image\\\/\"},\"sameAs\":[\"https:\\\/\\\/www.facebook.com\\\/SchweizerMusikzeitung\\\/\",\"https:\\\/\\\/x.com\\\/smusikzeitung\",\"https:\\\/\\\/www.instagram.com\\\/musikzeitung.ch\\\/\"]},{\"@type\":\"Person\",\"@id\":\"https:\\\/\\\/www.musikzeitung.ch\\\/#\\\/schema\\\/person\\\/0da4fb82d243f1252850a35d0e87cf0c\",\"name\":\"Wolfgang B\u00f6hler\",\"image\":{\"@type\":\"ImageObject\",\"inLanguage\":\"it-IT\",\"@id\":\"https:\\\/\\\/www.musikzeitung.ch\\\/wp-content\\\/uploads\\\/2023\\\/01\\\/boehler_portraet_web-e1674139782246-96x96.jpg\",\"url\":\"https:\\\/\\\/www.musikzeitung.ch\\\/wp-content\\\/uploads\\\/2023\\\/01\\\/boehler_portraet_web-e1674139782246-96x96.jpg\",\"contentUrl\":\"https:\\\/\\\/www.musikzeitung.ch\\\/wp-content\\\/uploads\\\/2023\\\/01\\\/boehler_portraet_web-e1674139782246-96x96.jpg\",\"caption\":\"Wolfgang B\u00f6hler\"},\"sameAs\":[\"http:\\\/\\\/www.manacanto.ch\",\"https:\\\/\\\/www.facebook.com\\\/wolfgang.bohler.75\"],\"url\":\"https:\\\/\\\/www.musikzeitung.ch\\\/it\\\/author\\\/wolfgang-boehler\"}]}<\/script>\n<!-- \/ Yoast SEO plugin. -->","yoast_head_json":{"title":"Uni Kassel f\u00fchrt Master Musikverlagswesen ein - Schweizer Musikzeitung","robots":{"index":"index","follow":"follow","max-snippet":"max-snippet:-1","max-image-preview":"max-image-preview:large","max-video-preview":"max-video-preview:-1"},"canonical":"https:\/\/www.musikzeitung.ch\/it\/news\/2023\/05\/uni-kassel-fuehrt-master-musikverlagswesen-ein\/","og_locale":"it_IT","og_type":"article","og_title":"Uni Kassel f\u00fchrt Master Musikverlagswesen ein - Schweizer Musikzeitung","og_description":"Kassel ist Sitz mehrerer international renommierter Musikverlage. Nun bietet die Universit\u00e4t Kassel dazu passend einen Masterstudiengang Musikverlagswesen an.","og_url":"https:\/\/www.musikzeitung.ch\/it\/news\/2023\/05\/uni-kassel-fuehrt-master-musikverlagswesen-ein\/","og_site_name":"Schweizer Musikzeitung","article_publisher":"https:\/\/www.facebook.com\/SchweizerMusikzeitung\/","article_author":"https:\/\/www.facebook.com\/wolfgang.bohler.75","article_published_time":"2023-05-03T04:25:07+00:00","article_modified_time":"2023-05-08T11:10:51+00:00","og_image":[{"width":1196,"height":670,"url":"https:\/\/www.musikzeitung.ch\/wp-content\/uploads\/2023\/05\/230503noten.jpg","type":"image\/jpeg"}],"author":"Wolfgang B\u00f6hler","twitter_card":"summary_large_image","twitter_creator":"@smusikzeitung","twitter_site":"@smusikzeitung","twitter_misc":{"Scritto da":"Wolfgang B\u00f6hler","Tempo di lettura stimato":"2 minuti"},"schema":{"@context":"https:\/\/schema.org","@graph":[{"@type":"Article","@id":"https:\/\/www.musikzeitung.ch\/news\/2023\/05\/uni-kassel-fuehrt-master-musikverlagswesen-ein#article","isPartOf":{"@id":"https:\/\/www.musikzeitung.ch\/news\/2023\/05\/uni-kassel-fuehrt-master-musikverlagswesen-ein"},"author":{"name":"Wolfgang B\u00f6hler","@id":"https:\/\/www.musikzeitung.ch\/#\/schema\/person\/0da4fb82d243f1252850a35d0e87cf0c"},"headline":"Uni Kassel f\u00fchrt Master Musikverlagswesen ein","datePublished":"2023-05-03T04:25:07+00:00","dateModified":"2023-05-08T11:10:51+00:00","mainEntityOfPage":{"@id":"https:\/\/www.musikzeitung.ch\/news\/2023\/05\/uni-kassel-fuehrt-master-musikverlagswesen-ein"},"wordCount":217,"publisher":{"@id":"https:\/\/www.musikzeitung.ch\/#organization"},"image":{"@id":"https:\/\/www.musikzeitung.ch\/news\/2023\/05\/uni-kassel-fuehrt-master-musikverlagswesen-ein#primaryimage"},"thumbnailUrl":"https:\/\/www.musikzeitung.ch\/wp-content\/uploads\/2023\/05\/230503noten.jpg","keywords":["Musikverlagswesen","Universit\u00e4t Kassel"],"articleSection":["News"],"inLanguage":"it-IT"},{"@type":"WebPage","@id":"https:\/\/www.musikzeitung.ch\/news\/2023\/05\/uni-kassel-fuehrt-master-musikverlagswesen-ein","url":"https:\/\/www.musikzeitung.ch\/news\/2023\/05\/uni-kassel-fuehrt-master-musikverlagswesen-ein","name":"Uni Kassel f\u00fchrt Master Musikverlagswesen ein - Schweizer Musikzeitung","isPartOf":{"@id":"https:\/\/www.musikzeitung.ch\/#website"},"primaryImageOfPage":{"@id":"https:\/\/www.musikzeitung.ch\/news\/2023\/05\/uni-kassel-fuehrt-master-musikverlagswesen-ein#primaryimage"},"image":{"@id":"https:\/\/www.musikzeitung.ch\/news\/2023\/05\/uni-kassel-fuehrt-master-musikverlagswesen-ein#primaryimage"},"thumbnailUrl":"https:\/\/www.musikzeitung.ch\/wp-content\/uploads\/2023\/05\/230503noten.jpg","datePublished":"2023-05-03T04:25:07+00:00","dateModified":"2023-05-08T11:10:51+00:00","breadcrumb":{"@id":"https:\/\/www.musikzeitung.ch\/news\/2023\/05\/uni-kassel-fuehrt-master-musikverlagswesen-ein#breadcrumb"},"inLanguage":"it-IT","potentialAction":[{"@type":"ReadAction","target":["https:\/\/www.musikzeitung.ch\/news\/2023\/05\/uni-kassel-fuehrt-master-musikverlagswesen-ein"]}]},{"@type":"ImageObject","inLanguage":"it-IT","@id":"https:\/\/www.musikzeitung.ch\/news\/2023\/05\/uni-kassel-fuehrt-master-musikverlagswesen-ein#primaryimage","url":"https:\/\/www.musikzeitung.ch\/wp-content\/uploads\/2023\/05\/230503noten.jpg","contentUrl":"https:\/\/www.musikzeitung.ch\/wp-content\/uploads\/2023\/05\/230503noten.jpg","width":1196,"height":670,"caption":"(Bild: zVg)"},{"@type":"BreadcrumbList","@id":"https:\/\/www.musikzeitung.ch\/news\/2023\/05\/uni-kassel-fuehrt-master-musikverlagswesen-ein#breadcrumb","itemListElement":[{"@type":"ListItem","position":1,"name":"Home","item":"https:\/\/www.musikzeitung.ch\/"},{"@type":"ListItem","position":2,"name":"Uni Kassel f\u00fchrt Master Musikverlagswesen ein"}]},{"@type":"WebSite","@id":"https:\/\/www.musikzeitung.ch\/#website","url":"https:\/\/www.musikzeitung.ch\/","name":"Giornale musicale svizzero","description":"Il principale mensile interdisciplinare della Svizzera per le questioni musicali.","publisher":{"@id":"https:\/\/www.musikzeitung.ch\/#organization"},"potentialAction":[{"@type":"SearchAction","target":{"@type":"EntryPoint","urlTemplate":"https:\/\/www.musikzeitung.ch\/?s={search_term_string}"},"query-input":{"@type":"PropertyValueSpecification","valueRequired":true,"valueName":"search_term_string"}}],"inLanguage":"it-IT"},{"@type":"Organization","@id":"https:\/\/www.musikzeitung.ch\/#organization","name":"Giornale musicale svizzero","url":"https:\/\/www.musikzeitung.ch\/","logo":{"@type":"ImageObject","inLanguage":"it-IT","@id":"https:\/\/www.musikzeitung.ch\/#\/schema\/logo\/image\/","url":"https:\/\/www.musikzeitung.ch\/wp-content\/uploads\/2023\/01\/SMZ_Schriftzug_Sprache.png","contentUrl":"https:\/\/www.musikzeitung.ch\/wp-content\/uploads\/2023\/01\/SMZ_Schriftzug_Sprache.png","width":1400,"height":279,"caption":"Schweizer Musikzeitung"},"image":{"@id":"https:\/\/www.musikzeitung.ch\/#\/schema\/logo\/image\/"},"sameAs":["https:\/\/www.facebook.com\/SchweizerMusikzeitung\/","https:\/\/x.com\/smusikzeitung","https:\/\/www.instagram.com\/musikzeitung.ch\/"]},{"@type":"Person","@id":"https:\/\/www.musikzeitung.ch\/#\/schema\/person\/0da4fb82d243f1252850a35d0e87cf0c","name":"Wolfgang B\u00f6hler","image":{"@type":"ImageObject","inLanguage":"it-IT","@id":"https:\/\/www.musikzeitung.ch\/wp-content\/uploads\/2023\/01\/boehler_portraet_web-e1674139782246-96x96.jpg","url":"https:\/\/www.musikzeitung.ch\/wp-content\/uploads\/2023\/01\/boehler_portraet_web-e1674139782246-96x96.jpg","contentUrl":"https:\/\/www.musikzeitung.ch\/wp-content\/uploads\/2023\/01\/boehler_portraet_web-e1674139782246-96x96.jpg","caption":"Wolfgang B\u00f6hler"},"sameAs":["http:\/\/www.manacanto.ch","https:\/\/www.facebook.com\/wolfgang.bohler.75"],"url":"https:\/\/www.musikzeitung.ch\/it\/author\/wolfgang-boehler"}]}},"publishpress_future_workflow_manual_trigger":{"enabledWorkflows":[]},"_links":{"self":[{"href":"https:\/\/www.musikzeitung.ch\/it\/wp-json\/wp\/v2\/posts\/44405","targetHints":{"allow":["GET"]}}],"collection":[{"href":"https:\/\/www.musikzeitung.ch\/it\/wp-json\/wp\/v2\/posts"}],"about":[{"href":"https:\/\/www.musikzeitung.ch\/it\/wp-json\/wp\/v2\/types\/post"}],"author":[{"embeddable":true,"href":"https:\/\/www.musikzeitung.ch\/it\/wp-json\/wp\/v2\/users\/30"}],"replies":[{"embeddable":true,"href":"https:\/\/www.musikzeitung.ch\/it\/wp-json\/wp\/v2\/comments?post=44405"}],"version-history":[{"count":1,"href":"https:\/\/www.musikzeitung.ch\/it\/wp-json\/wp\/v2\/posts\/44405\/revisions"}],"predecessor-version":[{"id":44407,"href":"https:\/\/www.musikzeitung.ch\/it\/wp-json\/wp\/v2\/posts\/44405\/revisions\/44407"}],"wp:featuredmedia":[{"embeddable":true,"href":"https:\/\/www.musikzeitung.ch\/it\/wp-json\/wp\/v2\/media\/44406"}],"wp:attachment":[{"href":"https:\/\/www.musikzeitung.ch\/it\/wp-json\/wp\/v2\/media?parent=44405"}],"wp:term":[{"taxonomy":"category","embeddable":true,"href":"https:\/\/www.musikzeitung.ch\/it\/wp-json\/wp\/v2\/categories?post=44405"},{"taxonomy":"post_tag","embeddable":true,"href":"https:\/\/www.musikzeitung.ch\/it\/wp-json\/wp\/v2\/tags?post=44405"}],"curies":[{"name":"wp","href":"https:\/\/api.w.org\/{rel}","templated":true}]}}