{"id":4477,"date":"2013-07-05T00:00:00","date_gmt":"2013-07-04T23:00:00","guid":{"rendered":"https:\/\/www.musikzeitung.ch\/allgemein\/weko-eroeffnet-untersuchung-im-bereich-saiteninstrumente\/"},"modified":"2013-07-05T00:00:00","modified_gmt":"2013-07-04T23:00:00","slug":"weko-eroeffnet-untersuchung-im-bereich-saiteninstrumente","status":"publish","type":"post","link":"https:\/\/www.musikzeitung.ch\/it\/politik\/2013\/07\/weko-eroeffnet-untersuchung-im-bereich-saiteninstrumente","title":{"rendered":"WEKO apre un'indagine sugli strumenti a corda"},"content":{"rendered":"<figure style=\"width: 1200px\" class=\"wp-caption alignnone\"><img decoding=\"async\" class=\"size-full\" src=\"https:\/\/www.musikzeitung.ch\/wp-content\/uploads\/2023\/01\/541515_web_R_by_Djscho-Joachim-Frewert-_pixelio.de_.jpg\" alt=\"\" \/><figcaption class=\"wp-caption-text\">Foto: Djscho (Joachim Frewert) - Pixelio.de<\/figcaption><\/figure>\n<div class='text-section'>\n<p>Per quanto riguarda la vendita di strumenti a corda, le autorit\u00e0 garanti della concorrenza dispongono di informazioni concrete che indicano l'esistenza di accordi su prezzi minimi o fissi (la cosiddetta fissazione dei prezzi dell'usato), scrive l'Amministrazione federale. In particolare, sono interessate chitarre, bassi e accessori dei marchi Ibanez, Martin e Fulltone.<\/p>\n<p>Secondo queste informazioni, Musik Olar AG esercitava sistematicamente pressioni sui suoi rivenditori, principalmente influenzando direttamente le loro politiche di prezzi e sconti.<\/p>\n<p>Vi sono inoltre indicazioni che la fissazione dei prezzi dell'usato sia stata realizzata con il coinvolgimento di altri operatori del mercato. L'obiettivo dell'indagine \u00e8 quello di verificare l'esistenza di accordi illegali in materia di concorrenza nel senso indicato.<\/p>\n<\/div>","protected":false},"excerpt":{"rendered":"<p><strong>La Commissione per la Concorrenza (COMCO) ha aperto un'indagine sul rivenditore di strumenti Musik Olar AG di Zofingen. \u00c8 stata effettuata una perquisizione nei locali dell'azienda a causa di indizi concreti dell'esistenza di accordi di concorrenza illegali ai sensi della legge sui cartelli.<\/strong><\/p>","protected":false},"author":1,"featured_media":4478,"comment_status":"open","ping_status":"open","sticky":false,"template":"","format":"standard","meta":{"_acf_changed":false,"_relevanssi_hide_post":"","_relevanssi_hide_content":"","_relevanssi_pin_for_all":"","_relevanssi_pin_keywords":"","_relevanssi_unpin_keywords":"","_relevanssi_related_keywords":"","_relevanssi_related_include_ids":"","_relevanssi_related_exclude_ids":"","_relevanssi_related_no_append":"","_relevanssi_related_not_related":"","_relevanssi_related_posts":"","_relevanssi_noindex_reason":"","pgc_sgb_lightbox_settings":"","footnotes":""},"categories":[983,767],"tags":[],"class_list":["post-4477","post","type-post","status-publish","format-standard","has-post-thumbnail","hentry","category-national","category-politik"],"acf":[],"yoast_head":"<!-- This site is optimized with the Yoast SEO plugin v27.5 - https:\/\/yoast.com\/product\/yoast-seo-wordpress\/ -->\n<title>WEKO er\u00f6ffnet Untersuchung im Bereich Saiteninstrumente - Schweizer Musikzeitung<\/title>\n<meta name=\"robots\" content=\"index, follow, max-snippet:-1, max-image-preview:large, max-video-preview:-1\" \/>\n<link rel=\"canonical\" href=\"https:\/\/www.musikzeitung.ch\/it\/politik\/2013\/07\/weko-eroeffnet-untersuchung-im-bereich-saiteninstrumente\/\" \/>\n<meta property=\"og:locale\" content=\"it_IT\" \/>\n<meta property=\"og:type\" content=\"article\" \/>\n<meta property=\"og:title\" content=\"WEKO er\u00f6ffnet Untersuchung im Bereich Saiteninstrumente - Schweizer Musikzeitung\" \/>\n<meta property=\"og:description\" content=\"Die Wettbewerbskommission (WEKO) hat eine Untersuchung gegen die Zofinger Instrumentenh\u00e4ndlerin Musik Olar AG er\u00f6ffnet. Wegen konkreter Anhaltspunkte f\u00fcr das Vorliegen von kartellrechtlich unzul\u00e4ssigen Wettbewerbsabreden ist eine Hausdurchsuchung durchgef\u00fchrt worden.\" \/>\n<meta property=\"og:url\" content=\"https:\/\/www.musikzeitung.ch\/it\/politik\/2013\/07\/weko-eroeffnet-untersuchung-im-bereich-saiteninstrumente\/\" \/>\n<meta property=\"og:site_name\" content=\"Schweizer Musikzeitung\" \/>\n<meta property=\"article:publisher\" content=\"https:\/\/www.facebook.com\/SchweizerMusikzeitung\/\" \/>\n<meta property=\"article:published_time\" content=\"2013-07-04T23:00:00+00:00\" \/>\n<meta property=\"og:image\" content=\"https:\/\/www.musikzeitung.ch\/wp-content\/uploads\/2023\/01\/541515_web_R_by_Djscho-Joachim-Frewert-_pixelio.de_.jpg\" \/>\n\t<meta property=\"og:image:width\" content=\"554\" \/>\n\t<meta property=\"og:image:height\" content=\"353\" \/>\n\t<meta property=\"og:image:type\" content=\"image\/jpeg\" \/>\n<meta name=\"author\" content=\"Musikzeitung-Redaktion\" \/>\n<meta name=\"twitter:card\" content=\"summary_large_image\" \/>\n<meta name=\"twitter:creator\" content=\"@smusikzeitung\" \/>\n<meta name=\"twitter:site\" content=\"@smusikzeitung\" \/>\n<meta name=\"twitter:label1\" content=\"Scritto da\" \/>\n\t<meta name=\"twitter:data1\" content=\"Musikzeitung-Redaktion\" \/>\n\t<meta name=\"twitter:label2\" content=\"Tempo di lettura stimato\" \/>\n\t<meta name=\"twitter:data2\" content=\"1 minuto\" \/>\n<script type=\"application\/ld+json\" class=\"yoast-schema-graph\">{\"@context\":\"https:\\\/\\\/schema.org\",\"@graph\":[{\"@type\":\"Article\",\"@id\":\"https:\\\/\\\/www.musikzeitung.ch\\\/politik\\\/2013\\\/07\\\/weko-eroeffnet-untersuchung-im-bereich-saiteninstrumente#article\",\"isPartOf\":{\"@id\":\"https:\\\/\\\/www.musikzeitung.ch\\\/politik\\\/2013\\\/07\\\/weko-eroeffnet-untersuchung-im-bereich-saiteninstrumente\"},\"author\":{\"name\":\"Musikzeitung-Redaktion\",\"@id\":\"https:\\\/\\\/www.musikzeitung.ch\\\/#\\\/schema\\\/person\\\/b2fd892c800856270b9dcc6001265712\"},\"headline\":\"WEKO er\u00f6ffnet Untersuchung im Bereich Saiteninstrumente\",\"datePublished\":\"2013-07-04T23:00:00+00:00\",\"mainEntityOfPage\":{\"@id\":\"https:\\\/\\\/www.musikzeitung.ch\\\/politik\\\/2013\\\/07\\\/weko-eroeffnet-untersuchung-im-bereich-saiteninstrumente\"},\"wordCount\":131,\"commentCount\":0,\"publisher\":{\"@id\":\"https:\\\/\\\/www.musikzeitung.ch\\\/#organization\"},\"image\":{\"@id\":\"https:\\\/\\\/www.musikzeitung.ch\\\/politik\\\/2013\\\/07\\\/weko-eroeffnet-untersuchung-im-bereich-saiteninstrumente#primaryimage\"},\"thumbnailUrl\":\"https:\\\/\\\/www.musikzeitung.ch\\\/wp-content\\\/uploads\\\/2023\\\/01\\\/541515_web_R_by_Djscho-Joachim-Frewert-_pixelio.de_.jpg\",\"articleSection\":[\"National\",\"Politik\"],\"inLanguage\":\"it-IT\"},{\"@type\":\"WebPage\",\"@id\":\"https:\\\/\\\/www.musikzeitung.ch\\\/politik\\\/2013\\\/07\\\/weko-eroeffnet-untersuchung-im-bereich-saiteninstrumente\",\"url\":\"https:\\\/\\\/www.musikzeitung.ch\\\/politik\\\/2013\\\/07\\\/weko-eroeffnet-untersuchung-im-bereich-saiteninstrumente\",\"name\":\"WEKO er\u00f6ffnet Untersuchung im Bereich Saiteninstrumente - Schweizer Musikzeitung\",\"isPartOf\":{\"@id\":\"https:\\\/\\\/www.musikzeitung.ch\\\/#website\"},\"primaryImageOfPage\":{\"@id\":\"https:\\\/\\\/www.musikzeitung.ch\\\/politik\\\/2013\\\/07\\\/weko-eroeffnet-untersuchung-im-bereich-saiteninstrumente#primaryimage\"},\"image\":{\"@id\":\"https:\\\/\\\/www.musikzeitung.ch\\\/politik\\\/2013\\\/07\\\/weko-eroeffnet-untersuchung-im-bereich-saiteninstrumente#primaryimage\"},\"thumbnailUrl\":\"https:\\\/\\\/www.musikzeitung.ch\\\/wp-content\\\/uploads\\\/2023\\\/01\\\/541515_web_R_by_Djscho-Joachim-Frewert-_pixelio.de_.jpg\",\"datePublished\":\"2013-07-04T23:00:00+00:00\",\"breadcrumb\":{\"@id\":\"https:\\\/\\\/www.musikzeitung.ch\\\/politik\\\/2013\\\/07\\\/weko-eroeffnet-untersuchung-im-bereich-saiteninstrumente#breadcrumb\"},\"inLanguage\":\"it-IT\",\"potentialAction\":[{\"@type\":\"ReadAction\",\"target\":[\"https:\\\/\\\/www.musikzeitung.ch\\\/politik\\\/2013\\\/07\\\/weko-eroeffnet-untersuchung-im-bereich-saiteninstrumente\"]}]},{\"@type\":\"ImageObject\",\"inLanguage\":\"it-IT\",\"@id\":\"https:\\\/\\\/www.musikzeitung.ch\\\/politik\\\/2013\\\/07\\\/weko-eroeffnet-untersuchung-im-bereich-saiteninstrumente#primaryimage\",\"url\":\"https:\\\/\\\/www.musikzeitung.ch\\\/wp-content\\\/uploads\\\/2023\\\/01\\\/541515_web_R_by_Djscho-Joachim-Frewert-_pixelio.de_.jpg\",\"contentUrl\":\"https:\\\/\\\/www.musikzeitung.ch\\\/wp-content\\\/uploads\\\/2023\\\/01\\\/541515_web_R_by_Djscho-Joachim-Frewert-_pixelio.de_.jpg\",\"width\":554,\"height\":353},{\"@type\":\"BreadcrumbList\",\"@id\":\"https:\\\/\\\/www.musikzeitung.ch\\\/politik\\\/2013\\\/07\\\/weko-eroeffnet-untersuchung-im-bereich-saiteninstrumente#breadcrumb\",\"itemListElement\":[{\"@type\":\"ListItem\",\"position\":1,\"name\":\"Home\",\"item\":\"https:\\\/\\\/www.musikzeitung.ch\\\/\"},{\"@type\":\"ListItem\",\"position\":2,\"name\":\"WEKO er\u00f6ffnet Untersuchung im Bereich Saiteninstrumente\"}]},{\"@type\":\"WebSite\",\"@id\":\"https:\\\/\\\/www.musikzeitung.ch\\\/#website\",\"url\":\"https:\\\/\\\/www.musikzeitung.ch\\\/\",\"name\":\"Schweizer Musikzeitung\",\"description\":\"Die f\u00fchrende sparten\u00fcbergreifende Monatszeitung in der Schweiz f\u00fcr musikalische Fragen.\",\"publisher\":{\"@id\":\"https:\\\/\\\/www.musikzeitung.ch\\\/#organization\"},\"potentialAction\":[{\"@type\":\"SearchAction\",\"target\":{\"@type\":\"EntryPoint\",\"urlTemplate\":\"https:\\\/\\\/www.musikzeitung.ch\\\/?s={search_term_string}\"},\"query-input\":{\"@type\":\"PropertyValueSpecification\",\"valueRequired\":true,\"valueName\":\"search_term_string\"}}],\"inLanguage\":\"it-IT\"},{\"@type\":\"Organization\",\"@id\":\"https:\\\/\\\/www.musikzeitung.ch\\\/#organization\",\"name\":\"Schweizer Musikzeitung\",\"url\":\"https:\\\/\\\/www.musikzeitung.ch\\\/\",\"logo\":{\"@type\":\"ImageObject\",\"inLanguage\":\"it-IT\",\"@id\":\"https:\\\/\\\/www.musikzeitung.ch\\\/#\\\/schema\\\/logo\\\/image\\\/\",\"url\":\"https:\\\/\\\/www.musikzeitung.ch\\\/wp-content\\\/uploads\\\/2023\\\/01\\\/SMZ_Schriftzug_Sprache.png\",\"contentUrl\":\"https:\\\/\\\/www.musikzeitung.ch\\\/wp-content\\\/uploads\\\/2023\\\/01\\\/SMZ_Schriftzug_Sprache.png\",\"width\":1400,\"height\":279,\"caption\":\"Schweizer Musikzeitung\"},\"image\":{\"@id\":\"https:\\\/\\\/www.musikzeitung.ch\\\/#\\\/schema\\\/logo\\\/image\\\/\"},\"sameAs\":[\"https:\\\/\\\/www.facebook.com\\\/SchweizerMusikzeitung\\\/\",\"https:\\\/\\\/x.com\\\/smusikzeitung\",\"https:\\\/\\\/www.instagram.com\\\/musikzeitung.ch\\\/\"]},{\"@type\":\"Person\",\"@id\":\"https:\\\/\\\/www.musikzeitung.ch\\\/#\\\/schema\\\/person\\\/b2fd892c800856270b9dcc6001265712\",\"name\":\"Musikzeitung-Redaktion\",\"image\":{\"@type\":\"ImageObject\",\"inLanguage\":\"it-IT\",\"@id\":\"https:\\\/\\\/www.musikzeitung.ch\\\/wp-content\\\/uploads\\\/2022\\\/05\\\/usericon_musikzeitung-96x96.jpg\",\"url\":\"https:\\\/\\\/www.musikzeitung.ch\\\/wp-content\\\/uploads\\\/2022\\\/05\\\/usericon_musikzeitung-96x96.jpg\",\"contentUrl\":\"https:\\\/\\\/www.musikzeitung.ch\\\/wp-content\\\/uploads\\\/2022\\\/05\\\/usericon_musikzeitung-96x96.jpg\",\"caption\":\"Musikzeitung-Redaktion\"},\"url\":\"https:\\\/\\\/www.musikzeitung.ch\\\/it\\\/author\\\/admin\"}]}<\/script>\n<!-- \/ Yoast SEO plugin. -->","yoast_head_json":{"title":"La WEKO apre un'indagine sugli strumenti a corda - Schweizer Musikzeitung","robots":{"index":"index","follow":"follow","max-snippet":"max-snippet:-1","max-image-preview":"max-image-preview:large","max-video-preview":"max-video-preview:-1"},"canonical":"https:\/\/www.musikzeitung.ch\/it\/politik\/2013\/07\/weko-eroeffnet-untersuchung-im-bereich-saiteninstrumente\/","og_locale":"it_IT","og_type":"article","og_title":"WEKO er\u00f6ffnet Untersuchung im Bereich Saiteninstrumente - Schweizer Musikzeitung","og_description":"Die Wettbewerbskommission (WEKO) hat eine Untersuchung gegen die Zofinger Instrumentenh\u00e4ndlerin Musik Olar AG er\u00f6ffnet. Wegen konkreter Anhaltspunkte f\u00fcr das Vorliegen von kartellrechtlich unzul\u00e4ssigen Wettbewerbsabreden ist eine Hausdurchsuchung durchgef\u00fchrt worden.","og_url":"https:\/\/www.musikzeitung.ch\/it\/politik\/2013\/07\/weko-eroeffnet-untersuchung-im-bereich-saiteninstrumente\/","og_site_name":"Schweizer Musikzeitung","article_publisher":"https:\/\/www.facebook.com\/SchweizerMusikzeitung\/","article_published_time":"2013-07-04T23:00:00+00:00","og_image":[{"width":554,"height":353,"url":"https:\/\/www.musikzeitung.ch\/wp-content\/uploads\/2023\/01\/541515_web_R_by_Djscho-Joachim-Frewert-_pixelio.de_.jpg","type":"image\/jpeg"}],"author":"Musikzeitung-Redaktion","twitter_card":"summary_large_image","twitter_creator":"@smusikzeitung","twitter_site":"@smusikzeitung","twitter_misc":{"Scritto da":"Musikzeitung-Redaktion","Tempo di lettura stimato":"1 minuto"},"schema":{"@context":"https:\/\/schema.org","@graph":[{"@type":"Article","@id":"https:\/\/www.musikzeitung.ch\/politik\/2013\/07\/weko-eroeffnet-untersuchung-im-bereich-saiteninstrumente#article","isPartOf":{"@id":"https:\/\/www.musikzeitung.ch\/politik\/2013\/07\/weko-eroeffnet-untersuchung-im-bereich-saiteninstrumente"},"author":{"name":"Musikzeitung-Redaktion","@id":"https:\/\/www.musikzeitung.ch\/#\/schema\/person\/b2fd892c800856270b9dcc6001265712"},"headline":"WEKO er\u00f6ffnet Untersuchung im Bereich Saiteninstrumente","datePublished":"2013-07-04T23:00:00+00:00","mainEntityOfPage":{"@id":"https:\/\/www.musikzeitung.ch\/politik\/2013\/07\/weko-eroeffnet-untersuchung-im-bereich-saiteninstrumente"},"wordCount":131,"commentCount":0,"publisher":{"@id":"https:\/\/www.musikzeitung.ch\/#organization"},"image":{"@id":"https:\/\/www.musikzeitung.ch\/politik\/2013\/07\/weko-eroeffnet-untersuchung-im-bereich-saiteninstrumente#primaryimage"},"thumbnailUrl":"https:\/\/www.musikzeitung.ch\/wp-content\/uploads\/2023\/01\/541515_web_R_by_Djscho-Joachim-Frewert-_pixelio.de_.jpg","articleSection":["National","Politik"],"inLanguage":"it-IT"},{"@type":"WebPage","@id":"https:\/\/www.musikzeitung.ch\/politik\/2013\/07\/weko-eroeffnet-untersuchung-im-bereich-saiteninstrumente","url":"https:\/\/www.musikzeitung.ch\/politik\/2013\/07\/weko-eroeffnet-untersuchung-im-bereich-saiteninstrumente","name":"La WEKO apre un'indagine sugli strumenti a corda - Schweizer Musikzeitung","isPartOf":{"@id":"https:\/\/www.musikzeitung.ch\/#website"},"primaryImageOfPage":{"@id":"https:\/\/www.musikzeitung.ch\/politik\/2013\/07\/weko-eroeffnet-untersuchung-im-bereich-saiteninstrumente#primaryimage"},"image":{"@id":"https:\/\/www.musikzeitung.ch\/politik\/2013\/07\/weko-eroeffnet-untersuchung-im-bereich-saiteninstrumente#primaryimage"},"thumbnailUrl":"https:\/\/www.musikzeitung.ch\/wp-content\/uploads\/2023\/01\/541515_web_R_by_Djscho-Joachim-Frewert-_pixelio.de_.jpg","datePublished":"2013-07-04T23:00:00+00:00","breadcrumb":{"@id":"https:\/\/www.musikzeitung.ch\/politik\/2013\/07\/weko-eroeffnet-untersuchung-im-bereich-saiteninstrumente#breadcrumb"},"inLanguage":"it-IT","potentialAction":[{"@type":"ReadAction","target":["https:\/\/www.musikzeitung.ch\/politik\/2013\/07\/weko-eroeffnet-untersuchung-im-bereich-saiteninstrumente"]}]},{"@type":"ImageObject","inLanguage":"it-IT","@id":"https:\/\/www.musikzeitung.ch\/politik\/2013\/07\/weko-eroeffnet-untersuchung-im-bereich-saiteninstrumente#primaryimage","url":"https:\/\/www.musikzeitung.ch\/wp-content\/uploads\/2023\/01\/541515_web_R_by_Djscho-Joachim-Frewert-_pixelio.de_.jpg","contentUrl":"https:\/\/www.musikzeitung.ch\/wp-content\/uploads\/2023\/01\/541515_web_R_by_Djscho-Joachim-Frewert-_pixelio.de_.jpg","width":554,"height":353},{"@type":"BreadcrumbList","@id":"https:\/\/www.musikzeitung.ch\/politik\/2013\/07\/weko-eroeffnet-untersuchung-im-bereich-saiteninstrumente#breadcrumb","itemListElement":[{"@type":"ListItem","position":1,"name":"Home","item":"https:\/\/www.musikzeitung.ch\/"},{"@type":"ListItem","position":2,"name":"WEKO er\u00f6ffnet Untersuchung im Bereich Saiteninstrumente"}]},{"@type":"WebSite","@id":"https:\/\/www.musikzeitung.ch\/#website","url":"https:\/\/www.musikzeitung.ch\/","name":"Giornale musicale svizzero","description":"Il principale mensile interdisciplinare della Svizzera per le questioni musicali.","publisher":{"@id":"https:\/\/www.musikzeitung.ch\/#organization"},"potentialAction":[{"@type":"SearchAction","target":{"@type":"EntryPoint","urlTemplate":"https:\/\/www.musikzeitung.ch\/?s={search_term_string}"},"query-input":{"@type":"PropertyValueSpecification","valueRequired":true,"valueName":"search_term_string"}}],"inLanguage":"it-IT"},{"@type":"Organization","@id":"https:\/\/www.musikzeitung.ch\/#organization","name":"Giornale musicale svizzero","url":"https:\/\/www.musikzeitung.ch\/","logo":{"@type":"ImageObject","inLanguage":"it-IT","@id":"https:\/\/www.musikzeitung.ch\/#\/schema\/logo\/image\/","url":"https:\/\/www.musikzeitung.ch\/wp-content\/uploads\/2023\/01\/SMZ_Schriftzug_Sprache.png","contentUrl":"https:\/\/www.musikzeitung.ch\/wp-content\/uploads\/2023\/01\/SMZ_Schriftzug_Sprache.png","width":1400,"height":279,"caption":"Schweizer Musikzeitung"},"image":{"@id":"https:\/\/www.musikzeitung.ch\/#\/schema\/logo\/image\/"},"sameAs":["https:\/\/www.facebook.com\/SchweizerMusikzeitung\/","https:\/\/x.com\/smusikzeitung","https:\/\/www.instagram.com\/musikzeitung.ch\/"]},{"@type":"Person","@id":"https:\/\/www.musikzeitung.ch\/#\/schema\/person\/b2fd892c800856270b9dcc6001265712","name":"Redazione Musikzeitung","image":{"@type":"ImageObject","inLanguage":"it-IT","@id":"https:\/\/www.musikzeitung.ch\/wp-content\/uploads\/2022\/05\/usericon_musikzeitung-96x96.jpg","url":"https:\/\/www.musikzeitung.ch\/wp-content\/uploads\/2022\/05\/usericon_musikzeitung-96x96.jpg","contentUrl":"https:\/\/www.musikzeitung.ch\/wp-content\/uploads\/2022\/05\/usericon_musikzeitung-96x96.jpg","caption":"Musikzeitung-Redaktion"},"url":"https:\/\/www.musikzeitung.ch\/it\/author\/admin"}]}},"publishpress_future_workflow_manual_trigger":{"enabledWorkflows":[]},"_links":{"self":[{"href":"https:\/\/www.musikzeitung.ch\/it\/wp-json\/wp\/v2\/posts\/4477","targetHints":{"allow":["GET"]}}],"collection":[{"href":"https:\/\/www.musikzeitung.ch\/it\/wp-json\/wp\/v2\/posts"}],"about":[{"href":"https:\/\/www.musikzeitung.ch\/it\/wp-json\/wp\/v2\/types\/post"}],"author":[{"embeddable":true,"href":"https:\/\/www.musikzeitung.ch\/it\/wp-json\/wp\/v2\/users\/1"}],"replies":[{"embeddable":true,"href":"https:\/\/www.musikzeitung.ch\/it\/wp-json\/wp\/v2\/comments?post=4477"}],"version-history":[{"count":0,"href":"https:\/\/www.musikzeitung.ch\/it\/wp-json\/wp\/v2\/posts\/4477\/revisions"}],"wp:featuredmedia":[{"embeddable":true,"href":"https:\/\/www.musikzeitung.ch\/it\/wp-json\/wp\/v2\/media\/4478"}],"wp:attachment":[{"href":"https:\/\/www.musikzeitung.ch\/it\/wp-json\/wp\/v2\/media?parent=4477"}],"wp:term":[{"taxonomy":"category","embeddable":true,"href":"https:\/\/www.musikzeitung.ch\/it\/wp-json\/wp\/v2\/categories?post=4477"},{"taxonomy":"post_tag","embeddable":true,"href":"https:\/\/www.musikzeitung.ch\/it\/wp-json\/wp\/v2\/tags?post=4477"}],"curies":[{"name":"wp","href":"https:\/\/api.w.org\/{rel}","templated":true}]}}