{"id":44927,"date":"2023-05-30T06:04:05","date_gmt":"2023-05-30T04:04:05","guid":{"rendered":"https:\/\/www.musikzeitung.ch\/?p=44927"},"modified":"2023-05-30T06:04:55","modified_gmt":"2023-05-30T04:04:55","slug":"auf-dem-weg-zu-saiten-einer-neuen-generation","status":"publish","type":"post","link":"https:\/\/www.musikzeitung.ch\/it\/news\/2023\/05\/auf-dem-weg-zu-saiten-einer-neuen-generation","title":{"rendered":"In cammino verso le corde di una nuova generazione"},"content":{"rendered":"<figure id=\"attachment_44928\" aria-describedby=\"caption-attachment-44928\" style=\"width: 506px\" class=\"wp-caption aligncenter\"><img loading=\"lazy\" decoding=\"async\" class=\"wp-image-44928\" src=\"https:\/\/www.musikzeitung.ch\/wp-content\/uploads\/2023\/05\/230530saiten.jpg\" alt=\"\" width=\"506\" height=\"345\" srcset=\"https:\/\/www.musikzeitung.ch\/wp-content\/uploads\/2023\/05\/230530saiten.jpg 825w, https:\/\/www.musikzeitung.ch\/wp-content\/uploads\/2023\/05\/230530saiten-300x204.jpg 300w, https:\/\/www.musikzeitung.ch\/wp-content\/uploads\/2023\/05\/230530saiten-768x523.jpg 768w, https:\/\/www.musikzeitung.ch\/wp-content\/uploads\/2023\/05\/230530saiten-257x175.jpg 257w, https:\/\/www.musikzeitung.ch\/wp-content\/uploads\/2023\/05\/230530saiten-514x350.jpg 514w\" sizes=\"auto, (max-width: 506px) 100vw, 506px\" \/><figcaption id=\"caption-attachment-44928\" class=\"wp-caption-text\">Il team di ricerca (da sinistra a destra): Jonathan Morgenstern, Clemens Wegener, Martin Hesselmeier e Max Neupert. (Immagine: Universit\u00e0 Bauhaus di Weimar)<\/figcaption><\/figure>\n<p>Secondo la Bauhaus-Universit\u00e4t Weimar, la nuova corda converte le vibrazioni direttamente in un segnale elettrico: La corda diventa il proprio pick-up ed \u00e8 un microfono per le vibrazioni e il tocco lungo tutta la sua lunghezza. Il merito \u00e8 di uno speciale strato funzionale costituito da un polimero con le cosiddette propriet\u00e0 piezoelettriche. La piezoelettricit\u00e0 \u00e8 un fenomeno che genera tensione elettrica quando la pressione sul materiale viene modificata. Quando la corda viene suonata, la variazione oscillante della vibrazione crea una tensione meccanica che consente di ottenere un segnale chiaro del rispettivo tono.<\/p>\n<p>Le caratteristiche colorazioni sonore prodotte in precedenza dal corpo risonante possono ora essere simulate e aggiunte elettronicamente. Sia il corpo sonoro che il riverbero nella stanza possono essere modificati digitalmente in qualsiasi momento. Secondo l'universit\u00e0, ci\u00f2 consente un'ampia gamma di opzioni di progettazione che sono predeterminate e non modificabili con gli strumenti tradizionali.<\/p>\n<p><strong>Articolo originale:<\/strong><br \/>\n<a href=\"https:\/\/www.uni-weimar.de\/de\/medieninformationen\/titel\/musikinstrumente-mit-neuartigen-saiten-funktionieren-ohne-resonanzkoerper-und-tonabnehmer\/\">https:\/\/www.uni-weimar.de\/de\/medieninformationen\/titel\/musikinstrumente-mit-neuartigen-saiten-funktionieren-ohne-resonanzkoerper-und-tonabnehmer\/<\/a><\/p>","protected":false},"excerpt":{"rendered":"<p>Nell'ambito di un progetto di ricerca finanziato dal Ministero Federale Tedesco per gli Affari Economici e la Protezione del Clima, presso la Bauhaus-Universit\u00e4t di Weimar si stanno sviluppando tipi di corde per strumenti musicali completamente nuovi. <\/p>","protected":false},"author":30,"featured_media":44928,"comment_status":"closed","ping_status":"closed","sticky":false,"template":"","format":"standard","meta":{"_acf_changed":false,"_relevanssi_hide_post":"","_relevanssi_hide_content":"","_relevanssi_pin_for_all":"","_relevanssi_pin_keywords":"","_relevanssi_unpin_keywords":"","_relevanssi_related_keywords":"","_relevanssi_related_include_ids":"","_relevanssi_related_exclude_ids":"","_relevanssi_related_no_append":"","_relevanssi_related_not_related":"","_relevanssi_related_posts":"","_relevanssi_noindex_reason":"","pgc_sgb_lightbox_settings":"","footnotes":""},"categories":[27],"tags":[2491,2490,2492],"class_list":["post-44927","post","type-post","status-publish","format-standard","has-post-thumbnail","hentry","category-news","tag-bauhaus-universitaet-weimar","tag-piezoelektrizitaet","tag-saiten"],"acf":[],"yoast_head":"<!-- This site is optimized with the Yoast SEO plugin v27.4 - https:\/\/yoast.com\/product\/yoast-seo-wordpress\/ -->\n<title>Auf dem Weg zu Saiten einer neuen Generation - Schweizer Musikzeitung<\/title>\n<meta name=\"robots\" content=\"index, follow, max-snippet:-1, max-image-preview:large, max-video-preview:-1\" \/>\n<link rel=\"canonical\" href=\"https:\/\/www.musikzeitung.ch\/it\/news\/2023\/05\/auf-dem-weg-zu-saiten-einer-neuen-generation\/\" \/>\n<meta property=\"og:locale\" content=\"it_IT\" \/>\n<meta property=\"og:type\" content=\"article\" \/>\n<meta property=\"og:title\" content=\"Auf dem Weg zu Saiten einer neuen Generation - Schweizer Musikzeitung\" \/>\n<meta property=\"og:description\" content=\"In einem vom deutschen Bundesministerium f\u00fcr Wirtschaft und Klimaschutz gef\u00f6rderten Forschungsprojekt werden an der Bauhaus-Universit\u00e4t Weimar derzeit v\u00f6llig neuartige Musikinstrumentensaiten entwickelt.\" \/>\n<meta property=\"og:url\" content=\"https:\/\/www.musikzeitung.ch\/it\/news\/2023\/05\/auf-dem-weg-zu-saiten-einer-neuen-generation\/\" \/>\n<meta property=\"og:site_name\" content=\"Schweizer Musikzeitung\" \/>\n<meta property=\"article:publisher\" content=\"https:\/\/www.facebook.com\/SchweizerMusikzeitung\/\" \/>\n<meta property=\"article:author\" content=\"https:\/\/www.facebook.com\/wolfgang.bohler.75\" \/>\n<meta property=\"article:published_time\" content=\"2023-05-30T04:04:05+00:00\" \/>\n<meta property=\"article:modified_time\" content=\"2023-05-30T04:04:55+00:00\" \/>\n<meta property=\"og:image\" content=\"https:\/\/www.musikzeitung.ch\/wp-content\/uploads\/2023\/05\/230530saiten.jpg\" \/>\n\t<meta property=\"og:image:width\" content=\"825\" \/>\n\t<meta property=\"og:image:height\" content=\"562\" \/>\n\t<meta property=\"og:image:type\" content=\"image\/jpeg\" \/>\n<meta name=\"author\" content=\"Wolfgang B\u00f6hler\" \/>\n<meta name=\"twitter:card\" content=\"summary_large_image\" \/>\n<meta name=\"twitter:creator\" content=\"@smusikzeitung\" \/>\n<meta name=\"twitter:site\" content=\"@smusikzeitung\" \/>\n<meta name=\"twitter:label1\" content=\"Scritto da\" \/>\n\t<meta name=\"twitter:data1\" content=\"Wolfgang B\u00f6hler\" \/>\n\t<meta name=\"twitter:label2\" content=\"Tempo di lettura stimato\" \/>\n\t<meta name=\"twitter:data2\" content=\"2 minuti\" \/>\n<script type=\"application\/ld+json\" class=\"yoast-schema-graph\">{\"@context\":\"https:\\\/\\\/schema.org\",\"@graph\":[{\"@type\":\"Article\",\"@id\":\"https:\\\/\\\/www.musikzeitung.ch\\\/news\\\/2023\\\/05\\\/auf-dem-weg-zu-saiten-einer-neuen-generation#article\",\"isPartOf\":{\"@id\":\"https:\\\/\\\/www.musikzeitung.ch\\\/news\\\/2023\\\/05\\\/auf-dem-weg-zu-saiten-einer-neuen-generation\"},\"author\":{\"name\":\"Wolfgang B\u00f6hler\",\"@id\":\"https:\\\/\\\/www.musikzeitung.ch\\\/#\\\/schema\\\/person\\\/0da4fb82d243f1252850a35d0e87cf0c\"},\"headline\":\"Auf dem Weg zu Saiten einer neuen Generation\",\"datePublished\":\"2023-05-30T04:04:05+00:00\",\"dateModified\":\"2023-05-30T04:04:55+00:00\",\"mainEntityOfPage\":{\"@id\":\"https:\\\/\\\/www.musikzeitung.ch\\\/news\\\/2023\\\/05\\\/auf-dem-weg-zu-saiten-einer-neuen-generation\"},\"wordCount\":196,\"publisher\":{\"@id\":\"https:\\\/\\\/www.musikzeitung.ch\\\/#organization\"},\"image\":{\"@id\":\"https:\\\/\\\/www.musikzeitung.ch\\\/news\\\/2023\\\/05\\\/auf-dem-weg-zu-saiten-einer-neuen-generation#primaryimage\"},\"thumbnailUrl\":\"https:\\\/\\\/www.musikzeitung.ch\\\/wp-content\\\/uploads\\\/2023\\\/05\\\/230530saiten.jpg\",\"keywords\":[\"Bauhaus-Universit\u00e4t Weimar\",\"Piezoelektrizit\u00e4t\",\"Saiten\"],\"articleSection\":[\"News\"],\"inLanguage\":\"it-IT\"},{\"@type\":\"WebPage\",\"@id\":\"https:\\\/\\\/www.musikzeitung.ch\\\/news\\\/2023\\\/05\\\/auf-dem-weg-zu-saiten-einer-neuen-generation\",\"url\":\"https:\\\/\\\/www.musikzeitung.ch\\\/news\\\/2023\\\/05\\\/auf-dem-weg-zu-saiten-einer-neuen-generation\",\"name\":\"Auf dem Weg zu Saiten einer neuen Generation - Schweizer Musikzeitung\",\"isPartOf\":{\"@id\":\"https:\\\/\\\/www.musikzeitung.ch\\\/#website\"},\"primaryImageOfPage\":{\"@id\":\"https:\\\/\\\/www.musikzeitung.ch\\\/news\\\/2023\\\/05\\\/auf-dem-weg-zu-saiten-einer-neuen-generation#primaryimage\"},\"image\":{\"@id\":\"https:\\\/\\\/www.musikzeitung.ch\\\/news\\\/2023\\\/05\\\/auf-dem-weg-zu-saiten-einer-neuen-generation#primaryimage\"},\"thumbnailUrl\":\"https:\\\/\\\/www.musikzeitung.ch\\\/wp-content\\\/uploads\\\/2023\\\/05\\\/230530saiten.jpg\",\"datePublished\":\"2023-05-30T04:04:05+00:00\",\"dateModified\":\"2023-05-30T04:04:55+00:00\",\"breadcrumb\":{\"@id\":\"https:\\\/\\\/www.musikzeitung.ch\\\/news\\\/2023\\\/05\\\/auf-dem-weg-zu-saiten-einer-neuen-generation#breadcrumb\"},\"inLanguage\":\"it-IT\",\"potentialAction\":[{\"@type\":\"ReadAction\",\"target\":[\"https:\\\/\\\/www.musikzeitung.ch\\\/news\\\/2023\\\/05\\\/auf-dem-weg-zu-saiten-einer-neuen-generation\"]}]},{\"@type\":\"ImageObject\",\"inLanguage\":\"it-IT\",\"@id\":\"https:\\\/\\\/www.musikzeitung.ch\\\/news\\\/2023\\\/05\\\/auf-dem-weg-zu-saiten-einer-neuen-generation#primaryimage\",\"url\":\"https:\\\/\\\/www.musikzeitung.ch\\\/wp-content\\\/uploads\\\/2023\\\/05\\\/230530saiten.jpg\",\"contentUrl\":\"https:\\\/\\\/www.musikzeitung.ch\\\/wp-content\\\/uploads\\\/2023\\\/05\\\/230530saiten.jpg\",\"width\":825,\"height\":562,\"caption\":\"Das Forschungsteam (v.l.n.r.).: Jonathan Morgenstern, Clemens Wegener, Martin Hesselmeier und Max Neupert. (Bild: Bauhaus-Uni Weimar)\"},{\"@type\":\"BreadcrumbList\",\"@id\":\"https:\\\/\\\/www.musikzeitung.ch\\\/news\\\/2023\\\/05\\\/auf-dem-weg-zu-saiten-einer-neuen-generation#breadcrumb\",\"itemListElement\":[{\"@type\":\"ListItem\",\"position\":1,\"name\":\"Home\",\"item\":\"https:\\\/\\\/www.musikzeitung.ch\\\/\"},{\"@type\":\"ListItem\",\"position\":2,\"name\":\"Auf dem Weg zu Saiten einer neuen Generation\"}]},{\"@type\":\"WebSite\",\"@id\":\"https:\\\/\\\/www.musikzeitung.ch\\\/#website\",\"url\":\"https:\\\/\\\/www.musikzeitung.ch\\\/\",\"name\":\"Schweizer Musikzeitung\",\"description\":\"Die f\u00fchrende sparten\u00fcbergreifende Monatszeitung in der Schweiz f\u00fcr musikalische Fragen.\",\"publisher\":{\"@id\":\"https:\\\/\\\/www.musikzeitung.ch\\\/#organization\"},\"potentialAction\":[{\"@type\":\"SearchAction\",\"target\":{\"@type\":\"EntryPoint\",\"urlTemplate\":\"https:\\\/\\\/www.musikzeitung.ch\\\/?s={search_term_string}\"},\"query-input\":{\"@type\":\"PropertyValueSpecification\",\"valueRequired\":true,\"valueName\":\"search_term_string\"}}],\"inLanguage\":\"it-IT\"},{\"@type\":\"Organization\",\"@id\":\"https:\\\/\\\/www.musikzeitung.ch\\\/#organization\",\"name\":\"Schweizer Musikzeitung\",\"url\":\"https:\\\/\\\/www.musikzeitung.ch\\\/\",\"logo\":{\"@type\":\"ImageObject\",\"inLanguage\":\"it-IT\",\"@id\":\"https:\\\/\\\/www.musikzeitung.ch\\\/#\\\/schema\\\/logo\\\/image\\\/\",\"url\":\"https:\\\/\\\/www.musikzeitung.ch\\\/wp-content\\\/uploads\\\/2023\\\/01\\\/SMZ_Schriftzug_Sprache.png\",\"contentUrl\":\"https:\\\/\\\/www.musikzeitung.ch\\\/wp-content\\\/uploads\\\/2023\\\/01\\\/SMZ_Schriftzug_Sprache.png\",\"width\":1400,\"height\":279,\"caption\":\"Schweizer Musikzeitung\"},\"image\":{\"@id\":\"https:\\\/\\\/www.musikzeitung.ch\\\/#\\\/schema\\\/logo\\\/image\\\/\"},\"sameAs\":[\"https:\\\/\\\/www.facebook.com\\\/SchweizerMusikzeitung\\\/\",\"https:\\\/\\\/x.com\\\/smusikzeitung\",\"https:\\\/\\\/www.instagram.com\\\/musikzeitung.ch\\\/\"]},{\"@type\":\"Person\",\"@id\":\"https:\\\/\\\/www.musikzeitung.ch\\\/#\\\/schema\\\/person\\\/0da4fb82d243f1252850a35d0e87cf0c\",\"name\":\"Wolfgang B\u00f6hler\",\"image\":{\"@type\":\"ImageObject\",\"inLanguage\":\"it-IT\",\"@id\":\"https:\\\/\\\/www.musikzeitung.ch\\\/wp-content\\\/uploads\\\/2023\\\/01\\\/boehler_portraet_web-e1674139782246-96x96.jpg\",\"url\":\"https:\\\/\\\/www.musikzeitung.ch\\\/wp-content\\\/uploads\\\/2023\\\/01\\\/boehler_portraet_web-e1674139782246-96x96.jpg\",\"contentUrl\":\"https:\\\/\\\/www.musikzeitung.ch\\\/wp-content\\\/uploads\\\/2023\\\/01\\\/boehler_portraet_web-e1674139782246-96x96.jpg\",\"caption\":\"Wolfgang B\u00f6hler\"},\"sameAs\":[\"http:\\\/\\\/www.manacanto.ch\",\"https:\\\/\\\/www.facebook.com\\\/wolfgang.bohler.75\"],\"url\":\"https:\\\/\\\/www.musikzeitung.ch\\\/it\\\/author\\\/wolfgang-boehler\"}]}<\/script>\n<!-- \/ Yoast SEO plugin. -->","yoast_head_json":{"title":"Auf dem Weg zu Saiten einer neuen Generation - Schweizer Musikzeitung","robots":{"index":"index","follow":"follow","max-snippet":"max-snippet:-1","max-image-preview":"max-image-preview:large","max-video-preview":"max-video-preview:-1"},"canonical":"https:\/\/www.musikzeitung.ch\/it\/news\/2023\/05\/auf-dem-weg-zu-saiten-einer-neuen-generation\/","og_locale":"it_IT","og_type":"article","og_title":"Auf dem Weg zu Saiten einer neuen Generation - Schweizer Musikzeitung","og_description":"In einem vom deutschen Bundesministerium f\u00fcr Wirtschaft und Klimaschutz gef\u00f6rderten Forschungsprojekt werden an der Bauhaus-Universit\u00e4t Weimar derzeit v\u00f6llig neuartige Musikinstrumentensaiten entwickelt.","og_url":"https:\/\/www.musikzeitung.ch\/it\/news\/2023\/05\/auf-dem-weg-zu-saiten-einer-neuen-generation\/","og_site_name":"Schweizer Musikzeitung","article_publisher":"https:\/\/www.facebook.com\/SchweizerMusikzeitung\/","article_author":"https:\/\/www.facebook.com\/wolfgang.bohler.75","article_published_time":"2023-05-30T04:04:05+00:00","article_modified_time":"2023-05-30T04:04:55+00:00","og_image":[{"width":825,"height":562,"url":"https:\/\/www.musikzeitung.ch\/wp-content\/uploads\/2023\/05\/230530saiten.jpg","type":"image\/jpeg"}],"author":"Wolfgang B\u00f6hler","twitter_card":"summary_large_image","twitter_creator":"@smusikzeitung","twitter_site":"@smusikzeitung","twitter_misc":{"Scritto da":"Wolfgang B\u00f6hler","Tempo di lettura stimato":"2 minuti"},"schema":{"@context":"https:\/\/schema.org","@graph":[{"@type":"Article","@id":"https:\/\/www.musikzeitung.ch\/news\/2023\/05\/auf-dem-weg-zu-saiten-einer-neuen-generation#article","isPartOf":{"@id":"https:\/\/www.musikzeitung.ch\/news\/2023\/05\/auf-dem-weg-zu-saiten-einer-neuen-generation"},"author":{"name":"Wolfgang B\u00f6hler","@id":"https:\/\/www.musikzeitung.ch\/#\/schema\/person\/0da4fb82d243f1252850a35d0e87cf0c"},"headline":"Auf dem Weg zu Saiten einer neuen Generation","datePublished":"2023-05-30T04:04:05+00:00","dateModified":"2023-05-30T04:04:55+00:00","mainEntityOfPage":{"@id":"https:\/\/www.musikzeitung.ch\/news\/2023\/05\/auf-dem-weg-zu-saiten-einer-neuen-generation"},"wordCount":196,"publisher":{"@id":"https:\/\/www.musikzeitung.ch\/#organization"},"image":{"@id":"https:\/\/www.musikzeitung.ch\/news\/2023\/05\/auf-dem-weg-zu-saiten-einer-neuen-generation#primaryimage"},"thumbnailUrl":"https:\/\/www.musikzeitung.ch\/wp-content\/uploads\/2023\/05\/230530saiten.jpg","keywords":["Bauhaus-Universit\u00e4t Weimar","Piezoelektrizit\u00e4t","Saiten"],"articleSection":["News"],"inLanguage":"it-IT"},{"@type":"WebPage","@id":"https:\/\/www.musikzeitung.ch\/news\/2023\/05\/auf-dem-weg-zu-saiten-einer-neuen-generation","url":"https:\/\/www.musikzeitung.ch\/news\/2023\/05\/auf-dem-weg-zu-saiten-einer-neuen-generation","name":"Auf dem Weg zu Saiten einer neuen Generation - Schweizer Musikzeitung","isPartOf":{"@id":"https:\/\/www.musikzeitung.ch\/#website"},"primaryImageOfPage":{"@id":"https:\/\/www.musikzeitung.ch\/news\/2023\/05\/auf-dem-weg-zu-saiten-einer-neuen-generation#primaryimage"},"image":{"@id":"https:\/\/www.musikzeitung.ch\/news\/2023\/05\/auf-dem-weg-zu-saiten-einer-neuen-generation#primaryimage"},"thumbnailUrl":"https:\/\/www.musikzeitung.ch\/wp-content\/uploads\/2023\/05\/230530saiten.jpg","datePublished":"2023-05-30T04:04:05+00:00","dateModified":"2023-05-30T04:04:55+00:00","breadcrumb":{"@id":"https:\/\/www.musikzeitung.ch\/news\/2023\/05\/auf-dem-weg-zu-saiten-einer-neuen-generation#breadcrumb"},"inLanguage":"it-IT","potentialAction":[{"@type":"ReadAction","target":["https:\/\/www.musikzeitung.ch\/news\/2023\/05\/auf-dem-weg-zu-saiten-einer-neuen-generation"]}]},{"@type":"ImageObject","inLanguage":"it-IT","@id":"https:\/\/www.musikzeitung.ch\/news\/2023\/05\/auf-dem-weg-zu-saiten-einer-neuen-generation#primaryimage","url":"https:\/\/www.musikzeitung.ch\/wp-content\/uploads\/2023\/05\/230530saiten.jpg","contentUrl":"https:\/\/www.musikzeitung.ch\/wp-content\/uploads\/2023\/05\/230530saiten.jpg","width":825,"height":562,"caption":"Das Forschungsteam (v.l.n.r.).: Jonathan Morgenstern, Clemens Wegener, Martin Hesselmeier und Max Neupert. (Bild: Bauhaus-Uni Weimar)"},{"@type":"BreadcrumbList","@id":"https:\/\/www.musikzeitung.ch\/news\/2023\/05\/auf-dem-weg-zu-saiten-einer-neuen-generation#breadcrumb","itemListElement":[{"@type":"ListItem","position":1,"name":"Home","item":"https:\/\/www.musikzeitung.ch\/"},{"@type":"ListItem","position":2,"name":"Auf dem Weg zu Saiten einer neuen Generation"}]},{"@type":"WebSite","@id":"https:\/\/www.musikzeitung.ch\/#website","url":"https:\/\/www.musikzeitung.ch\/","name":"Giornale musicale svizzero","description":"Il principale mensile interdisciplinare della Svizzera per le questioni musicali.","publisher":{"@id":"https:\/\/www.musikzeitung.ch\/#organization"},"potentialAction":[{"@type":"SearchAction","target":{"@type":"EntryPoint","urlTemplate":"https:\/\/www.musikzeitung.ch\/?s={search_term_string}"},"query-input":{"@type":"PropertyValueSpecification","valueRequired":true,"valueName":"search_term_string"}}],"inLanguage":"it-IT"},{"@type":"Organization","@id":"https:\/\/www.musikzeitung.ch\/#organization","name":"Giornale musicale svizzero","url":"https:\/\/www.musikzeitung.ch\/","logo":{"@type":"ImageObject","inLanguage":"it-IT","@id":"https:\/\/www.musikzeitung.ch\/#\/schema\/logo\/image\/","url":"https:\/\/www.musikzeitung.ch\/wp-content\/uploads\/2023\/01\/SMZ_Schriftzug_Sprache.png","contentUrl":"https:\/\/www.musikzeitung.ch\/wp-content\/uploads\/2023\/01\/SMZ_Schriftzug_Sprache.png","width":1400,"height":279,"caption":"Schweizer Musikzeitung"},"image":{"@id":"https:\/\/www.musikzeitung.ch\/#\/schema\/logo\/image\/"},"sameAs":["https:\/\/www.facebook.com\/SchweizerMusikzeitung\/","https:\/\/x.com\/smusikzeitung","https:\/\/www.instagram.com\/musikzeitung.ch\/"]},{"@type":"Person","@id":"https:\/\/www.musikzeitung.ch\/#\/schema\/person\/0da4fb82d243f1252850a35d0e87cf0c","name":"Wolfgang B\u00f6hler","image":{"@type":"ImageObject","inLanguage":"it-IT","@id":"https:\/\/www.musikzeitung.ch\/wp-content\/uploads\/2023\/01\/boehler_portraet_web-e1674139782246-96x96.jpg","url":"https:\/\/www.musikzeitung.ch\/wp-content\/uploads\/2023\/01\/boehler_portraet_web-e1674139782246-96x96.jpg","contentUrl":"https:\/\/www.musikzeitung.ch\/wp-content\/uploads\/2023\/01\/boehler_portraet_web-e1674139782246-96x96.jpg","caption":"Wolfgang B\u00f6hler"},"sameAs":["http:\/\/www.manacanto.ch","https:\/\/www.facebook.com\/wolfgang.bohler.75"],"url":"https:\/\/www.musikzeitung.ch\/it\/author\/wolfgang-boehler"}]}},"publishpress_future_workflow_manual_trigger":{"enabledWorkflows":[]},"_links":{"self":[{"href":"https:\/\/www.musikzeitung.ch\/it\/wp-json\/wp\/v2\/posts\/44927","targetHints":{"allow":["GET"]}}],"collection":[{"href":"https:\/\/www.musikzeitung.ch\/it\/wp-json\/wp\/v2\/posts"}],"about":[{"href":"https:\/\/www.musikzeitung.ch\/it\/wp-json\/wp\/v2\/types\/post"}],"author":[{"embeddable":true,"href":"https:\/\/www.musikzeitung.ch\/it\/wp-json\/wp\/v2\/users\/30"}],"replies":[{"embeddable":true,"href":"https:\/\/www.musikzeitung.ch\/it\/wp-json\/wp\/v2\/comments?post=44927"}],"version-history":[{"count":2,"href":"https:\/\/www.musikzeitung.ch\/it\/wp-json\/wp\/v2\/posts\/44927\/revisions"}],"predecessor-version":[{"id":44930,"href":"https:\/\/www.musikzeitung.ch\/it\/wp-json\/wp\/v2\/posts\/44927\/revisions\/44930"}],"wp:featuredmedia":[{"embeddable":true,"href":"https:\/\/www.musikzeitung.ch\/it\/wp-json\/wp\/v2\/media\/44928"}],"wp:attachment":[{"href":"https:\/\/www.musikzeitung.ch\/it\/wp-json\/wp\/v2\/media?parent=44927"}],"wp:term":[{"taxonomy":"category","embeddable":true,"href":"https:\/\/www.musikzeitung.ch\/it\/wp-json\/wp\/v2\/categories?post=44927"},{"taxonomy":"post_tag","embeddable":true,"href":"https:\/\/www.musikzeitung.ch\/it\/wp-json\/wp\/v2\/tags?post=44927"}],"curies":[{"name":"wp","href":"https:\/\/api.w.org\/{rel}","templated":true}]}}