{"id":45302,"date":"2023-06-03T16:16:06","date_gmt":"2023-06-03T14:16:06","guid":{"rendered":"https:\/\/www.musikzeitung.ch\/?p=45302"},"modified":"2023-06-03T16:18:28","modified_gmt":"2023-06-03T14:18:28","slug":"stephan-maerki-verlaengert-cottbuser-vertrag-nicht","status":"publish","type":"post","link":"https:\/\/www.musikzeitung.ch\/it\/news\/2023\/06\/stephan-maerki-verlaengert-cottbuser-vertrag-nicht","title":{"rendered":"Stephan M\u00e4rki non prolunga il contratto con il Cottbus"},"content":{"rendered":"<figure id=\"attachment_45303\" aria-describedby=\"caption-attachment-45303\" style=\"width: 476px\" class=\"wp-caption aligncenter\"><img loading=\"lazy\" decoding=\"async\" class=\"wp-image-45303\" src=\"https:\/\/www.musikzeitung.ch\/wp-content\/uploads\/2023\/06\/230603maerki.jpg\" alt=\"\" width=\"476\" height=\"316\" srcset=\"https:\/\/www.musikzeitung.ch\/wp-content\/uploads\/2023\/06\/230603maerki.jpg 986w, https:\/\/www.musikzeitung.ch\/wp-content\/uploads\/2023\/06\/230603maerki-300x199.jpg 300w, https:\/\/www.musikzeitung.ch\/wp-content\/uploads\/2023\/06\/230603maerki-600x400.jpg 600w, https:\/\/www.musikzeitung.ch\/wp-content\/uploads\/2023\/06\/230603maerki-768x510.jpg 768w, https:\/\/www.musikzeitung.ch\/wp-content\/uploads\/2023\/06\/230603maerki-263x175.jpg 263w, https:\/\/www.musikzeitung.ch\/wp-content\/uploads\/2023\/06\/230603maerki-527x350.jpg 527w, https:\/\/www.musikzeitung.ch\/wp-content\/uploads\/2023\/06\/230603maerki-920x611.jpg 920w\" sizes=\"auto, (max-width: 476px) 100vw, 476px\" \/><figcaption id=\"caption-attachment-45303\" class=\"wp-caption-text\">Stephan M\u00e4rki (Immagine: Teatro di Stato\/Marlies Kross)<\/figcaption><\/figure>\n<p>M\u00e4rki ha assunto la direzione artistica del Teatro di Stato di Cottbus in qualit\u00e0 di direttore artistico e direttore dell'opera all'inizio della stagione 2020\/21. Lo Staatstheater \u00e8 l'unico teatro multigenere dello Stato di Brandeburgo. Con le sue produzioni artistiche nei settori del teatro musicale, del dramma, del balletto e dei concerti, \u00e8 riconosciuto anche al di fuori della regione.<\/p>\n<p>Nato a Berna nel 1955, Stephan M\u00e4rki \u00e8 diventato direttore del Teatro Hans Otto di Potsdam nel 1993. Nel 2000 si \u00e8 trasferito al Teatro Nazionale Tedesco e all'Orchestra di Stato (DNT) di Weimar come direttore generale. Nel 2011 e nel 2012 ha unito l'Orchestra Sinfonica di Berna e lo Stadttheater Bern per formare il Konzert Theater Bern, un teatro di quattro generi. Nel 2012 ha assunto la direzione del Konzert Theater Bern fino alle sue immediate dimissioni nel 2018. Le sue dimissioni sono state il risultato di una relazione con il responsabile della comunicazione del teatro, incompatibile con la governance del teatro.<\/p>\n<p>&nbsp;<\/p>","protected":false},"excerpt":{"rendered":"<p>Stephan M\u00e4rki, direttore artistico dello Staatstheater Cottbus dalla stagione 2020\/21, non prolungher\u00e0 il suo contratto presso l'unico teatro multigenere del Brandeburgo, che scade nell'estate del 2025, su sua richiesta.<\/p>","protected":false},"author":30,"featured_media":45303,"comment_status":"closed","ping_status":"closed","sticky":false,"template":"","format":"standard","meta":{"_acf_changed":false,"_relevanssi_hide_post":"","_relevanssi_hide_content":"","_relevanssi_pin_for_all":"","_relevanssi_pin_keywords":"","_relevanssi_unpin_keywords":"","_relevanssi_related_keywords":"","_relevanssi_related_include_ids":"","_relevanssi_related_exclude_ids":"","_relevanssi_related_no_append":"","_relevanssi_related_not_related":"","_relevanssi_related_posts":"","_relevanssi_noindex_reason":"","pgc_sgb_lightbox_settings":"","footnotes":""},"categories":[27],"tags":[2530,2529],"class_list":["post-45302","post","type-post","status-publish","format-standard","has-post-thumbnail","hentry","category-news","tag-staatstheater-cottbus","tag-stephan-maerki"],"acf":[],"yoast_head":"<!-- This site is optimized with the Yoast SEO plugin v27.4 - https:\/\/yoast.com\/product\/yoast-seo-wordpress\/ -->\n<title>Stephan M\u00e4rki verl\u00e4ngert Cottbuser Vertrag nicht - Schweizer Musikzeitung<\/title>\n<meta name=\"robots\" content=\"index, follow, max-snippet:-1, max-image-preview:large, max-video-preview:-1\" \/>\n<link rel=\"canonical\" href=\"https:\/\/www.musikzeitung.ch\/it\/news\/2023\/06\/stephan-maerki-verlaengert-cottbuser-vertrag-nicht\/\" \/>\n<meta property=\"og:locale\" content=\"it_IT\" \/>\n<meta property=\"og:type\" content=\"article\" \/>\n<meta property=\"og:title\" content=\"Stephan M\u00e4rki verl\u00e4ngert Cottbuser Vertrag nicht - Schweizer Musikzeitung\" \/>\n<meta property=\"og:description\" content=\"Stephan M\u00e4rki, Intendant des Staatstheater Cottbus seit der Spielzeit 2020\/21, wird seinen im Sommer 2025 auslaufenden Vertrag an Brandenburgs einzigem Mehrspartenhaus auf eigenen Wunsch nicht verl\u00e4ngern.\" \/>\n<meta property=\"og:url\" content=\"https:\/\/www.musikzeitung.ch\/it\/news\/2023\/06\/stephan-maerki-verlaengert-cottbuser-vertrag-nicht\/\" \/>\n<meta property=\"og:site_name\" content=\"Schweizer Musikzeitung\" \/>\n<meta property=\"article:publisher\" content=\"https:\/\/www.facebook.com\/SchweizerMusikzeitung\/\" \/>\n<meta property=\"article:author\" content=\"https:\/\/www.facebook.com\/wolfgang.bohler.75\" \/>\n<meta property=\"article:published_time\" content=\"2023-06-03T14:16:06+00:00\" \/>\n<meta property=\"article:modified_time\" content=\"2023-06-03T14:18:28+00:00\" \/>\n<meta property=\"og:image\" content=\"https:\/\/www.musikzeitung.ch\/wp-content\/uploads\/2023\/06\/230603maerki.jpg\" \/>\n\t<meta property=\"og:image:width\" content=\"986\" \/>\n\t<meta property=\"og:image:height\" content=\"655\" \/>\n\t<meta property=\"og:image:type\" content=\"image\/jpeg\" \/>\n<meta name=\"author\" content=\"Wolfgang B\u00f6hler\" \/>\n<meta name=\"twitter:card\" content=\"summary_large_image\" \/>\n<meta name=\"twitter:creator\" content=\"@smusikzeitung\" \/>\n<meta name=\"twitter:site\" content=\"@smusikzeitung\" \/>\n<meta name=\"twitter:label1\" content=\"Scritto da\" \/>\n\t<meta name=\"twitter:data1\" content=\"Wolfgang B\u00f6hler\" \/>\n\t<meta name=\"twitter:label2\" content=\"Tempo di lettura stimato\" \/>\n\t<meta name=\"twitter:data2\" content=\"1 minuto\" \/>\n<script type=\"application\/ld+json\" class=\"yoast-schema-graph\">{\"@context\":\"https:\\\/\\\/schema.org\",\"@graph\":[{\"@type\":\"Article\",\"@id\":\"https:\\\/\\\/www.musikzeitung.ch\\\/news\\\/2023\\\/06\\\/stephan-maerki-verlaengert-cottbuser-vertrag-nicht#article\",\"isPartOf\":{\"@id\":\"https:\\\/\\\/www.musikzeitung.ch\\\/news\\\/2023\\\/06\\\/stephan-maerki-verlaengert-cottbuser-vertrag-nicht\"},\"author\":{\"name\":\"Wolfgang B\u00f6hler\",\"@id\":\"https:\\\/\\\/www.musikzeitung.ch\\\/#\\\/schema\\\/person\\\/0da4fb82d243f1252850a35d0e87cf0c\"},\"headline\":\"Stephan M\u00e4rki verl\u00e4ngert Cottbuser Vertrag nicht\",\"datePublished\":\"2023-06-03T14:16:06+00:00\",\"dateModified\":\"2023-06-03T14:18:28+00:00\",\"mainEntityOfPage\":{\"@id\":\"https:\\\/\\\/www.musikzeitung.ch\\\/news\\\/2023\\\/06\\\/stephan-maerki-verlaengert-cottbuser-vertrag-nicht\"},\"wordCount\":153,\"publisher\":{\"@id\":\"https:\\\/\\\/www.musikzeitung.ch\\\/#organization\"},\"image\":{\"@id\":\"https:\\\/\\\/www.musikzeitung.ch\\\/news\\\/2023\\\/06\\\/stephan-maerki-verlaengert-cottbuser-vertrag-nicht#primaryimage\"},\"thumbnailUrl\":\"https:\\\/\\\/www.musikzeitung.ch\\\/wp-content\\\/uploads\\\/2023\\\/06\\\/230603maerki.jpg\",\"keywords\":[\"Staatstheater Cottbus\",\"Stephan M\u00e4rki\"],\"articleSection\":[\"News\"],\"inLanguage\":\"it-IT\"},{\"@type\":\"WebPage\",\"@id\":\"https:\\\/\\\/www.musikzeitung.ch\\\/news\\\/2023\\\/06\\\/stephan-maerki-verlaengert-cottbuser-vertrag-nicht\",\"url\":\"https:\\\/\\\/www.musikzeitung.ch\\\/news\\\/2023\\\/06\\\/stephan-maerki-verlaengert-cottbuser-vertrag-nicht\",\"name\":\"Stephan M\u00e4rki verl\u00e4ngert Cottbuser Vertrag nicht - Schweizer Musikzeitung\",\"isPartOf\":{\"@id\":\"https:\\\/\\\/www.musikzeitung.ch\\\/#website\"},\"primaryImageOfPage\":{\"@id\":\"https:\\\/\\\/www.musikzeitung.ch\\\/news\\\/2023\\\/06\\\/stephan-maerki-verlaengert-cottbuser-vertrag-nicht#primaryimage\"},\"image\":{\"@id\":\"https:\\\/\\\/www.musikzeitung.ch\\\/news\\\/2023\\\/06\\\/stephan-maerki-verlaengert-cottbuser-vertrag-nicht#primaryimage\"},\"thumbnailUrl\":\"https:\\\/\\\/www.musikzeitung.ch\\\/wp-content\\\/uploads\\\/2023\\\/06\\\/230603maerki.jpg\",\"datePublished\":\"2023-06-03T14:16:06+00:00\",\"dateModified\":\"2023-06-03T14:18:28+00:00\",\"breadcrumb\":{\"@id\":\"https:\\\/\\\/www.musikzeitung.ch\\\/news\\\/2023\\\/06\\\/stephan-maerki-verlaengert-cottbuser-vertrag-nicht#breadcrumb\"},\"inLanguage\":\"it-IT\",\"potentialAction\":[{\"@type\":\"ReadAction\",\"target\":[\"https:\\\/\\\/www.musikzeitung.ch\\\/news\\\/2023\\\/06\\\/stephan-maerki-verlaengert-cottbuser-vertrag-nicht\"]}]},{\"@type\":\"ImageObject\",\"inLanguage\":\"it-IT\",\"@id\":\"https:\\\/\\\/www.musikzeitung.ch\\\/news\\\/2023\\\/06\\\/stephan-maerki-verlaengert-cottbuser-vertrag-nicht#primaryimage\",\"url\":\"https:\\\/\\\/www.musikzeitung.ch\\\/wp-content\\\/uploads\\\/2023\\\/06\\\/230603maerki.jpg\",\"contentUrl\":\"https:\\\/\\\/www.musikzeitung.ch\\\/wp-content\\\/uploads\\\/2023\\\/06\\\/230603maerki.jpg\",\"width\":986,\"height\":655,\"caption\":\"Stephan M\u00e4rki (Bild: Staatstheater\\\/Marlies Kross)\"},{\"@type\":\"BreadcrumbList\",\"@id\":\"https:\\\/\\\/www.musikzeitung.ch\\\/news\\\/2023\\\/06\\\/stephan-maerki-verlaengert-cottbuser-vertrag-nicht#breadcrumb\",\"itemListElement\":[{\"@type\":\"ListItem\",\"position\":1,\"name\":\"Home\",\"item\":\"https:\\\/\\\/www.musikzeitung.ch\\\/\"},{\"@type\":\"ListItem\",\"position\":2,\"name\":\"Stephan M\u00e4rki verl\u00e4ngert Cottbuser Vertrag nicht\"}]},{\"@type\":\"WebSite\",\"@id\":\"https:\\\/\\\/www.musikzeitung.ch\\\/#website\",\"url\":\"https:\\\/\\\/www.musikzeitung.ch\\\/\",\"name\":\"Schweizer Musikzeitung\",\"description\":\"Die f\u00fchrende sparten\u00fcbergreifende Monatszeitung in der Schweiz f\u00fcr musikalische Fragen.\",\"publisher\":{\"@id\":\"https:\\\/\\\/www.musikzeitung.ch\\\/#organization\"},\"potentialAction\":[{\"@type\":\"SearchAction\",\"target\":{\"@type\":\"EntryPoint\",\"urlTemplate\":\"https:\\\/\\\/www.musikzeitung.ch\\\/?s={search_term_string}\"},\"query-input\":{\"@type\":\"PropertyValueSpecification\",\"valueRequired\":true,\"valueName\":\"search_term_string\"}}],\"inLanguage\":\"it-IT\"},{\"@type\":\"Organization\",\"@id\":\"https:\\\/\\\/www.musikzeitung.ch\\\/#organization\",\"name\":\"Schweizer Musikzeitung\",\"url\":\"https:\\\/\\\/www.musikzeitung.ch\\\/\",\"logo\":{\"@type\":\"ImageObject\",\"inLanguage\":\"it-IT\",\"@id\":\"https:\\\/\\\/www.musikzeitung.ch\\\/#\\\/schema\\\/logo\\\/image\\\/\",\"url\":\"https:\\\/\\\/www.musikzeitung.ch\\\/wp-content\\\/uploads\\\/2023\\\/01\\\/SMZ_Schriftzug_Sprache.png\",\"contentUrl\":\"https:\\\/\\\/www.musikzeitung.ch\\\/wp-content\\\/uploads\\\/2023\\\/01\\\/SMZ_Schriftzug_Sprache.png\",\"width\":1400,\"height\":279,\"caption\":\"Schweizer Musikzeitung\"},\"image\":{\"@id\":\"https:\\\/\\\/www.musikzeitung.ch\\\/#\\\/schema\\\/logo\\\/image\\\/\"},\"sameAs\":[\"https:\\\/\\\/www.facebook.com\\\/SchweizerMusikzeitung\\\/\",\"https:\\\/\\\/x.com\\\/smusikzeitung\",\"https:\\\/\\\/www.instagram.com\\\/musikzeitung.ch\\\/\"]},{\"@type\":\"Person\",\"@id\":\"https:\\\/\\\/www.musikzeitung.ch\\\/#\\\/schema\\\/person\\\/0da4fb82d243f1252850a35d0e87cf0c\",\"name\":\"Wolfgang B\u00f6hler\",\"image\":{\"@type\":\"ImageObject\",\"inLanguage\":\"it-IT\",\"@id\":\"https:\\\/\\\/www.musikzeitung.ch\\\/wp-content\\\/uploads\\\/2023\\\/01\\\/boehler_portraet_web-e1674139782246-96x96.jpg\",\"url\":\"https:\\\/\\\/www.musikzeitung.ch\\\/wp-content\\\/uploads\\\/2023\\\/01\\\/boehler_portraet_web-e1674139782246-96x96.jpg\",\"contentUrl\":\"https:\\\/\\\/www.musikzeitung.ch\\\/wp-content\\\/uploads\\\/2023\\\/01\\\/boehler_portraet_web-e1674139782246-96x96.jpg\",\"caption\":\"Wolfgang B\u00f6hler\"},\"sameAs\":[\"http:\\\/\\\/www.manacanto.ch\",\"https:\\\/\\\/www.facebook.com\\\/wolfgang.bohler.75\"],\"url\":\"https:\\\/\\\/www.musikzeitung.ch\\\/it\\\/author\\\/wolfgang-boehler\"}]}<\/script>\n<!-- \/ Yoast SEO plugin. -->","yoast_head_json":{"title":"Stephan M\u00e4rki verl\u00e4ngert Cottbuser Vertrag nicht - Schweizer Musikzeitung","robots":{"index":"index","follow":"follow","max-snippet":"max-snippet:-1","max-image-preview":"max-image-preview:large","max-video-preview":"max-video-preview:-1"},"canonical":"https:\/\/www.musikzeitung.ch\/it\/news\/2023\/06\/stephan-maerki-verlaengert-cottbuser-vertrag-nicht\/","og_locale":"it_IT","og_type":"article","og_title":"Stephan M\u00e4rki verl\u00e4ngert Cottbuser Vertrag nicht - Schweizer Musikzeitung","og_description":"Stephan M\u00e4rki, Intendant des Staatstheater Cottbus seit der Spielzeit 2020\/21, wird seinen im Sommer 2025 auslaufenden Vertrag an Brandenburgs einzigem Mehrspartenhaus auf eigenen Wunsch nicht verl\u00e4ngern.","og_url":"https:\/\/www.musikzeitung.ch\/it\/news\/2023\/06\/stephan-maerki-verlaengert-cottbuser-vertrag-nicht\/","og_site_name":"Schweizer Musikzeitung","article_publisher":"https:\/\/www.facebook.com\/SchweizerMusikzeitung\/","article_author":"https:\/\/www.facebook.com\/wolfgang.bohler.75","article_published_time":"2023-06-03T14:16:06+00:00","article_modified_time":"2023-06-03T14:18:28+00:00","og_image":[{"width":986,"height":655,"url":"https:\/\/www.musikzeitung.ch\/wp-content\/uploads\/2023\/06\/230603maerki.jpg","type":"image\/jpeg"}],"author":"Wolfgang B\u00f6hler","twitter_card":"summary_large_image","twitter_creator":"@smusikzeitung","twitter_site":"@smusikzeitung","twitter_misc":{"Scritto da":"Wolfgang B\u00f6hler","Tempo di lettura stimato":"1 minuto"},"schema":{"@context":"https:\/\/schema.org","@graph":[{"@type":"Article","@id":"https:\/\/www.musikzeitung.ch\/news\/2023\/06\/stephan-maerki-verlaengert-cottbuser-vertrag-nicht#article","isPartOf":{"@id":"https:\/\/www.musikzeitung.ch\/news\/2023\/06\/stephan-maerki-verlaengert-cottbuser-vertrag-nicht"},"author":{"name":"Wolfgang B\u00f6hler","@id":"https:\/\/www.musikzeitung.ch\/#\/schema\/person\/0da4fb82d243f1252850a35d0e87cf0c"},"headline":"Stephan M\u00e4rki verl\u00e4ngert Cottbuser Vertrag nicht","datePublished":"2023-06-03T14:16:06+00:00","dateModified":"2023-06-03T14:18:28+00:00","mainEntityOfPage":{"@id":"https:\/\/www.musikzeitung.ch\/news\/2023\/06\/stephan-maerki-verlaengert-cottbuser-vertrag-nicht"},"wordCount":153,"publisher":{"@id":"https:\/\/www.musikzeitung.ch\/#organization"},"image":{"@id":"https:\/\/www.musikzeitung.ch\/news\/2023\/06\/stephan-maerki-verlaengert-cottbuser-vertrag-nicht#primaryimage"},"thumbnailUrl":"https:\/\/www.musikzeitung.ch\/wp-content\/uploads\/2023\/06\/230603maerki.jpg","keywords":["Staatstheater Cottbus","Stephan M\u00e4rki"],"articleSection":["News"],"inLanguage":"it-IT"},{"@type":"WebPage","@id":"https:\/\/www.musikzeitung.ch\/news\/2023\/06\/stephan-maerki-verlaengert-cottbuser-vertrag-nicht","url":"https:\/\/www.musikzeitung.ch\/news\/2023\/06\/stephan-maerki-verlaengert-cottbuser-vertrag-nicht","name":"Stephan M\u00e4rki verl\u00e4ngert Cottbuser Vertrag nicht - Schweizer Musikzeitung","isPartOf":{"@id":"https:\/\/www.musikzeitung.ch\/#website"},"primaryImageOfPage":{"@id":"https:\/\/www.musikzeitung.ch\/news\/2023\/06\/stephan-maerki-verlaengert-cottbuser-vertrag-nicht#primaryimage"},"image":{"@id":"https:\/\/www.musikzeitung.ch\/news\/2023\/06\/stephan-maerki-verlaengert-cottbuser-vertrag-nicht#primaryimage"},"thumbnailUrl":"https:\/\/www.musikzeitung.ch\/wp-content\/uploads\/2023\/06\/230603maerki.jpg","datePublished":"2023-06-03T14:16:06+00:00","dateModified":"2023-06-03T14:18:28+00:00","breadcrumb":{"@id":"https:\/\/www.musikzeitung.ch\/news\/2023\/06\/stephan-maerki-verlaengert-cottbuser-vertrag-nicht#breadcrumb"},"inLanguage":"it-IT","potentialAction":[{"@type":"ReadAction","target":["https:\/\/www.musikzeitung.ch\/news\/2023\/06\/stephan-maerki-verlaengert-cottbuser-vertrag-nicht"]}]},{"@type":"ImageObject","inLanguage":"it-IT","@id":"https:\/\/www.musikzeitung.ch\/news\/2023\/06\/stephan-maerki-verlaengert-cottbuser-vertrag-nicht#primaryimage","url":"https:\/\/www.musikzeitung.ch\/wp-content\/uploads\/2023\/06\/230603maerki.jpg","contentUrl":"https:\/\/www.musikzeitung.ch\/wp-content\/uploads\/2023\/06\/230603maerki.jpg","width":986,"height":655,"caption":"Stephan M\u00e4rki (Bild: Staatstheater\/Marlies Kross)"},{"@type":"BreadcrumbList","@id":"https:\/\/www.musikzeitung.ch\/news\/2023\/06\/stephan-maerki-verlaengert-cottbuser-vertrag-nicht#breadcrumb","itemListElement":[{"@type":"ListItem","position":1,"name":"Home","item":"https:\/\/www.musikzeitung.ch\/"},{"@type":"ListItem","position":2,"name":"Stephan M\u00e4rki verl\u00e4ngert Cottbuser Vertrag nicht"}]},{"@type":"WebSite","@id":"https:\/\/www.musikzeitung.ch\/#website","url":"https:\/\/www.musikzeitung.ch\/","name":"Giornale musicale svizzero","description":"Il principale mensile interdisciplinare della Svizzera per le questioni musicali.","publisher":{"@id":"https:\/\/www.musikzeitung.ch\/#organization"},"potentialAction":[{"@type":"SearchAction","target":{"@type":"EntryPoint","urlTemplate":"https:\/\/www.musikzeitung.ch\/?s={search_term_string}"},"query-input":{"@type":"PropertyValueSpecification","valueRequired":true,"valueName":"search_term_string"}}],"inLanguage":"it-IT"},{"@type":"Organization","@id":"https:\/\/www.musikzeitung.ch\/#organization","name":"Giornale musicale svizzero","url":"https:\/\/www.musikzeitung.ch\/","logo":{"@type":"ImageObject","inLanguage":"it-IT","@id":"https:\/\/www.musikzeitung.ch\/#\/schema\/logo\/image\/","url":"https:\/\/www.musikzeitung.ch\/wp-content\/uploads\/2023\/01\/SMZ_Schriftzug_Sprache.png","contentUrl":"https:\/\/www.musikzeitung.ch\/wp-content\/uploads\/2023\/01\/SMZ_Schriftzug_Sprache.png","width":1400,"height":279,"caption":"Schweizer Musikzeitung"},"image":{"@id":"https:\/\/www.musikzeitung.ch\/#\/schema\/logo\/image\/"},"sameAs":["https:\/\/www.facebook.com\/SchweizerMusikzeitung\/","https:\/\/x.com\/smusikzeitung","https:\/\/www.instagram.com\/musikzeitung.ch\/"]},{"@type":"Person","@id":"https:\/\/www.musikzeitung.ch\/#\/schema\/person\/0da4fb82d243f1252850a35d0e87cf0c","name":"Wolfgang B\u00f6hler","image":{"@type":"ImageObject","inLanguage":"it-IT","@id":"https:\/\/www.musikzeitung.ch\/wp-content\/uploads\/2023\/01\/boehler_portraet_web-e1674139782246-96x96.jpg","url":"https:\/\/www.musikzeitung.ch\/wp-content\/uploads\/2023\/01\/boehler_portraet_web-e1674139782246-96x96.jpg","contentUrl":"https:\/\/www.musikzeitung.ch\/wp-content\/uploads\/2023\/01\/boehler_portraet_web-e1674139782246-96x96.jpg","caption":"Wolfgang B\u00f6hler"},"sameAs":["http:\/\/www.manacanto.ch","https:\/\/www.facebook.com\/wolfgang.bohler.75"],"url":"https:\/\/www.musikzeitung.ch\/it\/author\/wolfgang-boehler"}]}},"publishpress_future_workflow_manual_trigger":{"enabledWorkflows":[]},"_links":{"self":[{"href":"https:\/\/www.musikzeitung.ch\/it\/wp-json\/wp\/v2\/posts\/45302","targetHints":{"allow":["GET"]}}],"collection":[{"href":"https:\/\/www.musikzeitung.ch\/it\/wp-json\/wp\/v2\/posts"}],"about":[{"href":"https:\/\/www.musikzeitung.ch\/it\/wp-json\/wp\/v2\/types\/post"}],"author":[{"embeddable":true,"href":"https:\/\/www.musikzeitung.ch\/it\/wp-json\/wp\/v2\/users\/30"}],"replies":[{"embeddable":true,"href":"https:\/\/www.musikzeitung.ch\/it\/wp-json\/wp\/v2\/comments?post=45302"}],"version-history":[{"count":3,"href":"https:\/\/www.musikzeitung.ch\/it\/wp-json\/wp\/v2\/posts\/45302\/revisions"}],"predecessor-version":[{"id":45306,"href":"https:\/\/www.musikzeitung.ch\/it\/wp-json\/wp\/v2\/posts\/45302\/revisions\/45306"}],"wp:featuredmedia":[{"embeddable":true,"href":"https:\/\/www.musikzeitung.ch\/it\/wp-json\/wp\/v2\/media\/45303"}],"wp:attachment":[{"href":"https:\/\/www.musikzeitung.ch\/it\/wp-json\/wp\/v2\/media?parent=45302"}],"wp:term":[{"taxonomy":"category","embeddable":true,"href":"https:\/\/www.musikzeitung.ch\/it\/wp-json\/wp\/v2\/categories?post=45302"},{"taxonomy":"post_tag","embeddable":true,"href":"https:\/\/www.musikzeitung.ch\/it\/wp-json\/wp\/v2\/tags?post=45302"}],"curies":[{"name":"wp","href":"https:\/\/api.w.org\/{rel}","templated":true}]}}