{"id":45440,"date":"2023-06-09T14:40:57","date_gmt":"2023-06-09T12:40:57","guid":{"rendered":"https:\/\/www.musikzeitung.ch\/?p=45440"},"modified":"2023-06-09T14:40:57","modified_gmt":"2023-06-09T12:40:57","slug":"bundesrat-lanciert-die-diskussion-ueber-die-kulturfoerderung-ab-2025","status":"publish","type":"post","link":"https:\/\/www.musikzeitung.ch\/it\/news\/2023\/06\/bundesrat-lanciert-die-diskussion-ueber-die-kulturfoerderung-ab-2025","title":{"rendered":"Il Consiglio federale avvia la discussione sul finanziamento della cultura a partire dal 2025"},"content":{"rendered":"<figure id=\"attachment_45441\" aria-describedby=\"caption-attachment-45441\" style=\"width: 532px\" class=\"wp-caption aligncenter\"><img loading=\"lazy\" decoding=\"async\" class=\"wp-image-45441\" src=\"https:\/\/www.musikzeitung.ch\/wp-content\/uploads\/2023\/06\/230609bundeshaus.jpg\" alt=\"\" width=\"532\" height=\"349\" srcset=\"https:\/\/www.musikzeitung.ch\/wp-content\/uploads\/2023\/06\/230609bundeshaus.jpg 940w, https:\/\/www.musikzeitung.ch\/wp-content\/uploads\/2023\/06\/230609bundeshaus-300x197.jpg 300w, https:\/\/www.musikzeitung.ch\/wp-content\/uploads\/2023\/06\/230609bundeshaus-768x504.jpg 768w, https:\/\/www.musikzeitung.ch\/wp-content\/uploads\/2023\/06\/230609bundeshaus-267x175.jpg 267w, https:\/\/www.musikzeitung.ch\/wp-content\/uploads\/2023\/06\/230609bundeshaus-533x350.jpg 533w, https:\/\/www.musikzeitung.ch\/wp-content\/uploads\/2023\/06\/230609bundeshaus-920x604.jpg 920w\" sizes=\"auto, (max-width: 532px) 100vw, 532px\" \/><figcaption id=\"caption-attachment-45441\" class=\"wp-caption-text\">Spettacolo di luci a Palazzo federale (Immagine: Adrian Senn)<\/figcaption><\/figure>\n<p>La Confederazione ha colto l'occasione della crisi di Covid per analizzare le sfide che attendono la cultura in Svizzera, coinvolgendo i Cantoni, le citt\u00e0, i Comuni e le associazioni culturali di tutti i settori. Sulla base di questa analisi, l'Ufficio federale della cultura (UFC), Pro Helvetia e il Museo nazionale svizzero stanno riorientando il focus delle loro attivit\u00e0 nel nuovo messaggio culturale, secondo il comunicato stampa. A tal fine, hanno definito sei campi d'azione:<\/p>\n<ul>\n<li>La cultura come mondo del lavoro: la Confederazione contribuir\u00e0 a garantire un'adeguata retribuzione e sicurezza sociale ai lavoratori professionali della cultura e a sostenere condizioni quadro eque e pari opportunit\u00e0 nel settore culturale.<\/li>\n<li>Aggiornamento della promozione culturale: il governo federale si concentra maggiormente sulle fasi di lavoro che precedono e seguono la produzione.<\/li>\n<li>Trasformazione digitale nella cultura: il governo federale tiene conto dei nuovi formati digitali e ibridi di produzione, diffusione e comunicazione nelle sue attivit\u00e0 di finanziamento.<\/li>\n<li>La cultura come dimensione della sostenibilit\u00e0: la Confederazione continua a sviluppare la strategia per un alto livello di Baukultur e contribuisce ad affrontare il cambiamento climatico, a proteggere la biodiversit\u00e0 e a promuovere le energie rinnovabili. Adotta misure a sostegno della sostenibilit\u00e0 nel settore culturale e promuove la coesione sociale attraverso un ampio accesso alla cultura, sia attraverso la promozione dell'inclusione, di nuove forme di partecipazione culturale o del rafforzamento della cultura amatoriale.<\/li>\n<li>Il patrimonio culturale come memoria vivente: la Confederazione \u00e8 favorevole a un'iniziativa a livello nazionale per valorizzare e comunicare il patrimonio culturale tangibile, intangibile e digitale della Svizzera. Questo impegno comprende anche la promozione di una gestione professionale ed etica del patrimonio culturale di rilevanza storica in Svizzera.<\/li>\n<li>Governance nel settore culturale: la Confederazione si impegna per una maggiore cooperazione e coordinamento nel settore culturale e con altri settori, si impegna per una forte presenza svizzera nella politica culturale internazionale e sta sviluppando un sistema di monitoraggio con figure chiave del settore culturale.<\/li>\n<\/ul>\n<p><strong>Per saperne di pi\u00f9:<\/strong><br \/>\n<a href=\"https:\/\/www.admin.ch\/gov\/de\/start\/dokumentation\/medienmitteilungen.msg-id-95623.html\">https:\/\/www.admin.ch\/gov\/de\/start\/dokumentation\/medienmitteilungen.msg-id-95623.html<\/a><\/p>","protected":false},"excerpt":{"rendered":"<p>Il Consiglio federale intende riorganizzare la promozione della cultura. A tal fine, nel suo messaggio sulla promozione della cultura per il periodo 2025-2028 ha definito sei aree d'azione.<\/p>","protected":false},"author":30,"featured_media":45441,"comment_status":"closed","ping_status":"closed","sticky":false,"template":"","format":"standard","meta":{"_acf_changed":false,"_relevanssi_hide_post":"","_relevanssi_hide_content":"","_relevanssi_pin_for_all":"","_relevanssi_pin_keywords":"","_relevanssi_unpin_keywords":"","_relevanssi_related_keywords":"","_relevanssi_related_include_ids":"","_relevanssi_related_exclude_ids":"","_relevanssi_related_no_append":"","_relevanssi_related_not_related":"","_relevanssi_related_posts":"","_relevanssi_noindex_reason":"","pgc_sgb_lightbox_settings":"","footnotes":""},"categories":[27],"tags":[2568],"class_list":["post-45440","post","type-post","status-publish","format-standard","has-post-thumbnail","hentry","category-news","tag-nationale-kulturfoerderung"],"acf":[],"yoast_head":"<!-- This site is optimized with the Yoast SEO plugin v27.4 - https:\/\/yoast.com\/product\/yoast-seo-wordpress\/ -->\n<title>Bundesrat lanciert die Diskussion \u00fcber die Kulturf\u00f6rderung ab 2025 - Schweizer Musikzeitung<\/title>\n<meta name=\"robots\" content=\"index, follow, max-snippet:-1, max-image-preview:large, max-video-preview:-1\" \/>\n<link rel=\"canonical\" href=\"https:\/\/www.musikzeitung.ch\/it\/news\/2023\/06\/bundesrat-lanciert-die-diskussion-ueber-die-kulturfoerderung-ab-2025\/\" \/>\n<meta property=\"og:locale\" content=\"it_IT\" \/>\n<meta property=\"og:type\" content=\"article\" \/>\n<meta property=\"og:title\" content=\"Bundesrat lanciert die Diskussion \u00fcber die Kulturf\u00f6rderung ab 2025 - Schweizer Musikzeitung\" \/>\n<meta property=\"og:description\" content=\"Der Bundesrat will die Kulturf\u00f6rderung neu ausrichten. Er definiert dazu in der Botschaft \u00fcber die F\u00f6rderung der Kultur f\u00fcr die Periode 2025\u20132028 sechs Handlungsfelder.\" \/>\n<meta property=\"og:url\" content=\"https:\/\/www.musikzeitung.ch\/it\/news\/2023\/06\/bundesrat-lanciert-die-diskussion-ueber-die-kulturfoerderung-ab-2025\/\" \/>\n<meta property=\"og:site_name\" content=\"Schweizer Musikzeitung\" \/>\n<meta property=\"article:publisher\" content=\"https:\/\/www.facebook.com\/SchweizerMusikzeitung\/\" \/>\n<meta property=\"article:author\" content=\"https:\/\/www.facebook.com\/wolfgang.bohler.75\" \/>\n<meta property=\"article:published_time\" content=\"2023-06-09T12:40:57+00:00\" \/>\n<meta property=\"og:image\" content=\"https:\/\/www.musikzeitung.ch\/wp-content\/uploads\/2023\/06\/230609bundeshaus.jpg\" \/>\n\t<meta property=\"og:image:width\" content=\"940\" \/>\n\t<meta property=\"og:image:height\" content=\"617\" \/>\n\t<meta property=\"og:image:type\" content=\"image\/jpeg\" \/>\n<meta name=\"author\" content=\"Wolfgang B\u00f6hler\" \/>\n<meta name=\"twitter:card\" content=\"summary_large_image\" \/>\n<meta name=\"twitter:creator\" content=\"@smusikzeitung\" \/>\n<meta name=\"twitter:site\" content=\"@smusikzeitung\" \/>\n<meta name=\"twitter:label1\" content=\"Scritto da\" \/>\n\t<meta name=\"twitter:data1\" content=\"Wolfgang B\u00f6hler\" \/>\n\t<meta name=\"twitter:label2\" content=\"Tempo di lettura stimato\" \/>\n\t<meta name=\"twitter:data2\" content=\"2 minuti\" \/>\n<script type=\"application\/ld+json\" class=\"yoast-schema-graph\">{\"@context\":\"https:\\\/\\\/schema.org\",\"@graph\":[{\"@type\":\"Article\",\"@id\":\"https:\\\/\\\/www.musikzeitung.ch\\\/news\\\/2023\\\/06\\\/bundesrat-lanciert-die-diskussion-ueber-die-kulturfoerderung-ab-2025#article\",\"isPartOf\":{\"@id\":\"https:\\\/\\\/www.musikzeitung.ch\\\/news\\\/2023\\\/06\\\/bundesrat-lanciert-die-diskussion-ueber-die-kulturfoerderung-ab-2025\"},\"author\":{\"name\":\"Wolfgang B\u00f6hler\",\"@id\":\"https:\\\/\\\/www.musikzeitung.ch\\\/#\\\/schema\\\/person\\\/0da4fb82d243f1252850a35d0e87cf0c\"},\"headline\":\"Bundesrat lanciert die Diskussion \u00fcber die Kulturf\u00f6rderung ab 2025\",\"datePublished\":\"2023-06-09T12:40:57+00:00\",\"mainEntityOfPage\":{\"@id\":\"https:\\\/\\\/www.musikzeitung.ch\\\/news\\\/2023\\\/06\\\/bundesrat-lanciert-die-diskussion-ueber-die-kulturfoerderung-ab-2025\"},\"wordCount\":347,\"publisher\":{\"@id\":\"https:\\\/\\\/www.musikzeitung.ch\\\/#organization\"},\"image\":{\"@id\":\"https:\\\/\\\/www.musikzeitung.ch\\\/news\\\/2023\\\/06\\\/bundesrat-lanciert-die-diskussion-ueber-die-kulturfoerderung-ab-2025#primaryimage\"},\"thumbnailUrl\":\"https:\\\/\\\/www.musikzeitung.ch\\\/wp-content\\\/uploads\\\/2023\\\/06\\\/230609bundeshaus.jpg\",\"keywords\":[\"Nationale Kulturf\u00f6rderung\"],\"articleSection\":[\"News\"],\"inLanguage\":\"it-IT\"},{\"@type\":\"WebPage\",\"@id\":\"https:\\\/\\\/www.musikzeitung.ch\\\/news\\\/2023\\\/06\\\/bundesrat-lanciert-die-diskussion-ueber-die-kulturfoerderung-ab-2025\",\"url\":\"https:\\\/\\\/www.musikzeitung.ch\\\/news\\\/2023\\\/06\\\/bundesrat-lanciert-die-diskussion-ueber-die-kulturfoerderung-ab-2025\",\"name\":\"Bundesrat lanciert die Diskussion \u00fcber die Kulturf\u00f6rderung ab 2025 - Schweizer Musikzeitung\",\"isPartOf\":{\"@id\":\"https:\\\/\\\/www.musikzeitung.ch\\\/#website\"},\"primaryImageOfPage\":{\"@id\":\"https:\\\/\\\/www.musikzeitung.ch\\\/news\\\/2023\\\/06\\\/bundesrat-lanciert-die-diskussion-ueber-die-kulturfoerderung-ab-2025#primaryimage\"},\"image\":{\"@id\":\"https:\\\/\\\/www.musikzeitung.ch\\\/news\\\/2023\\\/06\\\/bundesrat-lanciert-die-diskussion-ueber-die-kulturfoerderung-ab-2025#primaryimage\"},\"thumbnailUrl\":\"https:\\\/\\\/www.musikzeitung.ch\\\/wp-content\\\/uploads\\\/2023\\\/06\\\/230609bundeshaus.jpg\",\"datePublished\":\"2023-06-09T12:40:57+00:00\",\"breadcrumb\":{\"@id\":\"https:\\\/\\\/www.musikzeitung.ch\\\/news\\\/2023\\\/06\\\/bundesrat-lanciert-die-diskussion-ueber-die-kulturfoerderung-ab-2025#breadcrumb\"},\"inLanguage\":\"it-IT\",\"potentialAction\":[{\"@type\":\"ReadAction\",\"target\":[\"https:\\\/\\\/www.musikzeitung.ch\\\/news\\\/2023\\\/06\\\/bundesrat-lanciert-die-diskussion-ueber-die-kulturfoerderung-ab-2025\"]}]},{\"@type\":\"ImageObject\",\"inLanguage\":\"it-IT\",\"@id\":\"https:\\\/\\\/www.musikzeitung.ch\\\/news\\\/2023\\\/06\\\/bundesrat-lanciert-die-diskussion-ueber-die-kulturfoerderung-ab-2025#primaryimage\",\"url\":\"https:\\\/\\\/www.musikzeitung.ch\\\/wp-content\\\/uploads\\\/2023\\\/06\\\/230609bundeshaus.jpg\",\"contentUrl\":\"https:\\\/\\\/www.musikzeitung.ch\\\/wp-content\\\/uploads\\\/2023\\\/06\\\/230609bundeshaus.jpg\",\"width\":940,\"height\":617,\"caption\":\"Lichtshow am Bundeshaus (Bild: Adrian Senn)\"},{\"@type\":\"BreadcrumbList\",\"@id\":\"https:\\\/\\\/www.musikzeitung.ch\\\/news\\\/2023\\\/06\\\/bundesrat-lanciert-die-diskussion-ueber-die-kulturfoerderung-ab-2025#breadcrumb\",\"itemListElement\":[{\"@type\":\"ListItem\",\"position\":1,\"name\":\"Home\",\"item\":\"https:\\\/\\\/www.musikzeitung.ch\\\/\"},{\"@type\":\"ListItem\",\"position\":2,\"name\":\"Bundesrat lanciert die Diskussion \u00fcber die Kulturf\u00f6rderung ab 2025\"}]},{\"@type\":\"WebSite\",\"@id\":\"https:\\\/\\\/www.musikzeitung.ch\\\/#website\",\"url\":\"https:\\\/\\\/www.musikzeitung.ch\\\/\",\"name\":\"Schweizer Musikzeitung\",\"description\":\"Die f\u00fchrende sparten\u00fcbergreifende Monatszeitung in der Schweiz f\u00fcr musikalische Fragen.\",\"publisher\":{\"@id\":\"https:\\\/\\\/www.musikzeitung.ch\\\/#organization\"},\"potentialAction\":[{\"@type\":\"SearchAction\",\"target\":{\"@type\":\"EntryPoint\",\"urlTemplate\":\"https:\\\/\\\/www.musikzeitung.ch\\\/?s={search_term_string}\"},\"query-input\":{\"@type\":\"PropertyValueSpecification\",\"valueRequired\":true,\"valueName\":\"search_term_string\"}}],\"inLanguage\":\"it-IT\"},{\"@type\":\"Organization\",\"@id\":\"https:\\\/\\\/www.musikzeitung.ch\\\/#organization\",\"name\":\"Schweizer Musikzeitung\",\"url\":\"https:\\\/\\\/www.musikzeitung.ch\\\/\",\"logo\":{\"@type\":\"ImageObject\",\"inLanguage\":\"it-IT\",\"@id\":\"https:\\\/\\\/www.musikzeitung.ch\\\/#\\\/schema\\\/logo\\\/image\\\/\",\"url\":\"https:\\\/\\\/www.musikzeitung.ch\\\/wp-content\\\/uploads\\\/2023\\\/01\\\/SMZ_Schriftzug_Sprache.png\",\"contentUrl\":\"https:\\\/\\\/www.musikzeitung.ch\\\/wp-content\\\/uploads\\\/2023\\\/01\\\/SMZ_Schriftzug_Sprache.png\",\"width\":1400,\"height\":279,\"caption\":\"Schweizer Musikzeitung\"},\"image\":{\"@id\":\"https:\\\/\\\/www.musikzeitung.ch\\\/#\\\/schema\\\/logo\\\/image\\\/\"},\"sameAs\":[\"https:\\\/\\\/www.facebook.com\\\/SchweizerMusikzeitung\\\/\",\"https:\\\/\\\/x.com\\\/smusikzeitung\",\"https:\\\/\\\/www.instagram.com\\\/musikzeitung.ch\\\/\"]},{\"@type\":\"Person\",\"@id\":\"https:\\\/\\\/www.musikzeitung.ch\\\/#\\\/schema\\\/person\\\/0da4fb82d243f1252850a35d0e87cf0c\",\"name\":\"Wolfgang B\u00f6hler\",\"image\":{\"@type\":\"ImageObject\",\"inLanguage\":\"it-IT\",\"@id\":\"https:\\\/\\\/www.musikzeitung.ch\\\/wp-content\\\/uploads\\\/2023\\\/01\\\/boehler_portraet_web-e1674139782246-96x96.jpg\",\"url\":\"https:\\\/\\\/www.musikzeitung.ch\\\/wp-content\\\/uploads\\\/2023\\\/01\\\/boehler_portraet_web-e1674139782246-96x96.jpg\",\"contentUrl\":\"https:\\\/\\\/www.musikzeitung.ch\\\/wp-content\\\/uploads\\\/2023\\\/01\\\/boehler_portraet_web-e1674139782246-96x96.jpg\",\"caption\":\"Wolfgang B\u00f6hler\"},\"sameAs\":[\"http:\\\/\\\/www.manacanto.ch\",\"https:\\\/\\\/www.facebook.com\\\/wolfgang.bohler.75\"],\"url\":\"https:\\\/\\\/www.musikzeitung.ch\\\/it\\\/author\\\/wolfgang-boehler\"}]}<\/script>\n<!-- \/ Yoast SEO plugin. -->","yoast_head_json":{"title":"Bundesrat lanciert die Diskussion \u00fcber die Kulturf\u00f6rderung ab 2025 - Schweizer Musikzeitung","robots":{"index":"index","follow":"follow","max-snippet":"max-snippet:-1","max-image-preview":"max-image-preview:large","max-video-preview":"max-video-preview:-1"},"canonical":"https:\/\/www.musikzeitung.ch\/it\/news\/2023\/06\/bundesrat-lanciert-die-diskussion-ueber-die-kulturfoerderung-ab-2025\/","og_locale":"it_IT","og_type":"article","og_title":"Bundesrat lanciert die Diskussion \u00fcber die Kulturf\u00f6rderung ab 2025 - Schweizer Musikzeitung","og_description":"Der Bundesrat will die Kulturf\u00f6rderung neu ausrichten. Er definiert dazu in der Botschaft \u00fcber die F\u00f6rderung der Kultur f\u00fcr die Periode 2025\u20132028 sechs Handlungsfelder.","og_url":"https:\/\/www.musikzeitung.ch\/it\/news\/2023\/06\/bundesrat-lanciert-die-diskussion-ueber-die-kulturfoerderung-ab-2025\/","og_site_name":"Schweizer Musikzeitung","article_publisher":"https:\/\/www.facebook.com\/SchweizerMusikzeitung\/","article_author":"https:\/\/www.facebook.com\/wolfgang.bohler.75","article_published_time":"2023-06-09T12:40:57+00:00","og_image":[{"width":940,"height":617,"url":"https:\/\/www.musikzeitung.ch\/wp-content\/uploads\/2023\/06\/230609bundeshaus.jpg","type":"image\/jpeg"}],"author":"Wolfgang B\u00f6hler","twitter_card":"summary_large_image","twitter_creator":"@smusikzeitung","twitter_site":"@smusikzeitung","twitter_misc":{"Scritto da":"Wolfgang B\u00f6hler","Tempo di lettura stimato":"2 minuti"},"schema":{"@context":"https:\/\/schema.org","@graph":[{"@type":"Article","@id":"https:\/\/www.musikzeitung.ch\/news\/2023\/06\/bundesrat-lanciert-die-diskussion-ueber-die-kulturfoerderung-ab-2025#article","isPartOf":{"@id":"https:\/\/www.musikzeitung.ch\/news\/2023\/06\/bundesrat-lanciert-die-diskussion-ueber-die-kulturfoerderung-ab-2025"},"author":{"name":"Wolfgang B\u00f6hler","@id":"https:\/\/www.musikzeitung.ch\/#\/schema\/person\/0da4fb82d243f1252850a35d0e87cf0c"},"headline":"Bundesrat lanciert die Diskussion \u00fcber die Kulturf\u00f6rderung ab 2025","datePublished":"2023-06-09T12:40:57+00:00","mainEntityOfPage":{"@id":"https:\/\/www.musikzeitung.ch\/news\/2023\/06\/bundesrat-lanciert-die-diskussion-ueber-die-kulturfoerderung-ab-2025"},"wordCount":347,"publisher":{"@id":"https:\/\/www.musikzeitung.ch\/#organization"},"image":{"@id":"https:\/\/www.musikzeitung.ch\/news\/2023\/06\/bundesrat-lanciert-die-diskussion-ueber-die-kulturfoerderung-ab-2025#primaryimage"},"thumbnailUrl":"https:\/\/www.musikzeitung.ch\/wp-content\/uploads\/2023\/06\/230609bundeshaus.jpg","keywords":["Nationale Kulturf\u00f6rderung"],"articleSection":["News"],"inLanguage":"it-IT"},{"@type":"WebPage","@id":"https:\/\/www.musikzeitung.ch\/news\/2023\/06\/bundesrat-lanciert-die-diskussion-ueber-die-kulturfoerderung-ab-2025","url":"https:\/\/www.musikzeitung.ch\/news\/2023\/06\/bundesrat-lanciert-die-diskussion-ueber-die-kulturfoerderung-ab-2025","name":"Bundesrat lanciert die Diskussion \u00fcber die Kulturf\u00f6rderung ab 2025 - Schweizer Musikzeitung","isPartOf":{"@id":"https:\/\/www.musikzeitung.ch\/#website"},"primaryImageOfPage":{"@id":"https:\/\/www.musikzeitung.ch\/news\/2023\/06\/bundesrat-lanciert-die-diskussion-ueber-die-kulturfoerderung-ab-2025#primaryimage"},"image":{"@id":"https:\/\/www.musikzeitung.ch\/news\/2023\/06\/bundesrat-lanciert-die-diskussion-ueber-die-kulturfoerderung-ab-2025#primaryimage"},"thumbnailUrl":"https:\/\/www.musikzeitung.ch\/wp-content\/uploads\/2023\/06\/230609bundeshaus.jpg","datePublished":"2023-06-09T12:40:57+00:00","breadcrumb":{"@id":"https:\/\/www.musikzeitung.ch\/news\/2023\/06\/bundesrat-lanciert-die-diskussion-ueber-die-kulturfoerderung-ab-2025#breadcrumb"},"inLanguage":"it-IT","potentialAction":[{"@type":"ReadAction","target":["https:\/\/www.musikzeitung.ch\/news\/2023\/06\/bundesrat-lanciert-die-diskussion-ueber-die-kulturfoerderung-ab-2025"]}]},{"@type":"ImageObject","inLanguage":"it-IT","@id":"https:\/\/www.musikzeitung.ch\/news\/2023\/06\/bundesrat-lanciert-die-diskussion-ueber-die-kulturfoerderung-ab-2025#primaryimage","url":"https:\/\/www.musikzeitung.ch\/wp-content\/uploads\/2023\/06\/230609bundeshaus.jpg","contentUrl":"https:\/\/www.musikzeitung.ch\/wp-content\/uploads\/2023\/06\/230609bundeshaus.jpg","width":940,"height":617,"caption":"Lichtshow am Bundeshaus (Bild: Adrian Senn)"},{"@type":"BreadcrumbList","@id":"https:\/\/www.musikzeitung.ch\/news\/2023\/06\/bundesrat-lanciert-die-diskussion-ueber-die-kulturfoerderung-ab-2025#breadcrumb","itemListElement":[{"@type":"ListItem","position":1,"name":"Home","item":"https:\/\/www.musikzeitung.ch\/"},{"@type":"ListItem","position":2,"name":"Bundesrat lanciert die Diskussion \u00fcber die Kulturf\u00f6rderung ab 2025"}]},{"@type":"WebSite","@id":"https:\/\/www.musikzeitung.ch\/#website","url":"https:\/\/www.musikzeitung.ch\/","name":"Giornale musicale svizzero","description":"Il principale mensile interdisciplinare della Svizzera per le questioni musicali.","publisher":{"@id":"https:\/\/www.musikzeitung.ch\/#organization"},"potentialAction":[{"@type":"SearchAction","target":{"@type":"EntryPoint","urlTemplate":"https:\/\/www.musikzeitung.ch\/?s={search_term_string}"},"query-input":{"@type":"PropertyValueSpecification","valueRequired":true,"valueName":"search_term_string"}}],"inLanguage":"it-IT"},{"@type":"Organization","@id":"https:\/\/www.musikzeitung.ch\/#organization","name":"Giornale musicale svizzero","url":"https:\/\/www.musikzeitung.ch\/","logo":{"@type":"ImageObject","inLanguage":"it-IT","@id":"https:\/\/www.musikzeitung.ch\/#\/schema\/logo\/image\/","url":"https:\/\/www.musikzeitung.ch\/wp-content\/uploads\/2023\/01\/SMZ_Schriftzug_Sprache.png","contentUrl":"https:\/\/www.musikzeitung.ch\/wp-content\/uploads\/2023\/01\/SMZ_Schriftzug_Sprache.png","width":1400,"height":279,"caption":"Schweizer Musikzeitung"},"image":{"@id":"https:\/\/www.musikzeitung.ch\/#\/schema\/logo\/image\/"},"sameAs":["https:\/\/www.facebook.com\/SchweizerMusikzeitung\/","https:\/\/x.com\/smusikzeitung","https:\/\/www.instagram.com\/musikzeitung.ch\/"]},{"@type":"Person","@id":"https:\/\/www.musikzeitung.ch\/#\/schema\/person\/0da4fb82d243f1252850a35d0e87cf0c","name":"Wolfgang B\u00f6hler","image":{"@type":"ImageObject","inLanguage":"it-IT","@id":"https:\/\/www.musikzeitung.ch\/wp-content\/uploads\/2023\/01\/boehler_portraet_web-e1674139782246-96x96.jpg","url":"https:\/\/www.musikzeitung.ch\/wp-content\/uploads\/2023\/01\/boehler_portraet_web-e1674139782246-96x96.jpg","contentUrl":"https:\/\/www.musikzeitung.ch\/wp-content\/uploads\/2023\/01\/boehler_portraet_web-e1674139782246-96x96.jpg","caption":"Wolfgang B\u00f6hler"},"sameAs":["http:\/\/www.manacanto.ch","https:\/\/www.facebook.com\/wolfgang.bohler.75"],"url":"https:\/\/www.musikzeitung.ch\/it\/author\/wolfgang-boehler"}]}},"publishpress_future_workflow_manual_trigger":{"enabledWorkflows":[]},"_links":{"self":[{"href":"https:\/\/www.musikzeitung.ch\/it\/wp-json\/wp\/v2\/posts\/45440","targetHints":{"allow":["GET"]}}],"collection":[{"href":"https:\/\/www.musikzeitung.ch\/it\/wp-json\/wp\/v2\/posts"}],"about":[{"href":"https:\/\/www.musikzeitung.ch\/it\/wp-json\/wp\/v2\/types\/post"}],"author":[{"embeddable":true,"href":"https:\/\/www.musikzeitung.ch\/it\/wp-json\/wp\/v2\/users\/30"}],"replies":[{"embeddable":true,"href":"https:\/\/www.musikzeitung.ch\/it\/wp-json\/wp\/v2\/comments?post=45440"}],"version-history":[{"count":1,"href":"https:\/\/www.musikzeitung.ch\/it\/wp-json\/wp\/v2\/posts\/45440\/revisions"}],"predecessor-version":[{"id":45442,"href":"https:\/\/www.musikzeitung.ch\/it\/wp-json\/wp\/v2\/posts\/45440\/revisions\/45442"}],"wp:featuredmedia":[{"embeddable":true,"href":"https:\/\/www.musikzeitung.ch\/it\/wp-json\/wp\/v2\/media\/45441"}],"wp:attachment":[{"href":"https:\/\/www.musikzeitung.ch\/it\/wp-json\/wp\/v2\/media?parent=45440"}],"wp:term":[{"taxonomy":"category","embeddable":true,"href":"https:\/\/www.musikzeitung.ch\/it\/wp-json\/wp\/v2\/categories?post=45440"},{"taxonomy":"post_tag","embeddable":true,"href":"https:\/\/www.musikzeitung.ch\/it\/wp-json\/wp\/v2\/tags?post=45440"}],"curies":[{"name":"wp","href":"https:\/\/api.w.org\/{rel}","templated":true}]}}