{"id":45522,"date":"2023-06-15T10:22:32","date_gmt":"2023-06-15T08:22:32","guid":{"rendered":"https:\/\/www.musikzeitung.ch\/?p=45522"},"modified":"2023-06-27T11:05:24","modified_gmt":"2023-06-27T09:05:24","slug":"filigranes-an-den-lucerne-guitar-concerts","status":"publish","type":"post","link":"https:\/\/www.musikzeitung.ch\/it\/berichte\/2023\/06\/filigranes-an-den-lucerne-guitar-concerts","title":{"rendered":"Filigrana ai concerti di chitarra di Lucerna"},"content":{"rendered":"<figure id=\"attachment_45523\" aria-describedby=\"caption-attachment-45523\" style=\"width: 1333px\" class=\"wp-caption alignnone\"><img loading=\"lazy\" decoding=\"async\" class=\"size-full wp-image-45523\" src=\"https:\/\/www.musikzeitung.ch\/wp-content\/uploads\/2023\/06\/07_08_Echo_Gitarrentage1.jpg\" alt=\"\" width=\"1333\" height=\"1000\" srcset=\"https:\/\/www.musikzeitung.ch\/wp-content\/uploads\/2023\/06\/07_08_Echo_Gitarrentage1.jpg 1333w, https:\/\/www.musikzeitung.ch\/wp-content\/uploads\/2023\/06\/07_08_Echo_Gitarrentage1-300x225.jpg 300w, https:\/\/www.musikzeitung.ch\/wp-content\/uploads\/2023\/06\/07_08_Echo_Gitarrentage1-1024x768.jpg 1024w, https:\/\/www.musikzeitung.ch\/wp-content\/uploads\/2023\/06\/07_08_Echo_Gitarrentage1-768x576.jpg 768w, https:\/\/www.musikzeitung.ch\/wp-content\/uploads\/2023\/06\/07_08_Echo_Gitarrentage1-1536x1152.jpg 1536w, https:\/\/www.musikzeitung.ch\/wp-content\/uploads\/2023\/06\/07_08_Echo_Gitarrentage1-2048x1536.jpg 2048w, https:\/\/www.musikzeitung.ch\/wp-content\/uploads\/2023\/06\/07_08_Echo_Gitarrentage1-233x175.jpg 233w, https:\/\/www.musikzeitung.ch\/wp-content\/uploads\/2023\/06\/07_08_Echo_Gitarrentage1-467x350.jpg 467w, https:\/\/www.musikzeitung.ch\/wp-content\/uploads\/2023\/06\/07_08_Echo_Gitarrentage1-1067x800.jpg 1067w, https:\/\/www.musikzeitung.ch\/wp-content\/uploads\/2023\/06\/07_08_Echo_Gitarrentage1-920x690.jpg 920w, https:\/\/www.musikzeitung.ch\/wp-content\/uploads\/2023\/06\/07_08_Echo_Gitarrentage1-1400x1050.jpg 1400w\" sizes=\"auto, (max-width: 1333px) 100vw, 1333px\" \/><figcaption id=\"caption-attachment-45523\" class=\"wp-caption-text\">sixty1strings ai concerti di chitarra di Lucerna nel Neubad. Foto: Gregor Eisenhuth<\/figcaption><\/figure>\n<p>La chitarra da concerto sembra essere caduta fuori dal tempo. Nel XX secolo \u00e8 stata sinonimo di movimenti come la musica popolare, la convivialit\u00e0 intorno al fuoco, i recital intimi in piccoli gruppi e gli stili che navigavano sotto l'etichetta di \"world music\": Flamenco, bossa nova, jazz manouche. Tempeste di protesta, come quelle vissute dal futuro premio Nobel Bob Dylan quando elettrific\u00f2 la sua chitarra folk, sono oggi inimmaginabili. La produzione musicale attuale \u00e8 sempre pi\u00f9 digitalizzata e si svolge sempre pi\u00f9 in mondi artificiali in cui il fare musica diventa sempre pi\u00f9 disincarnato.<\/p>\n<p>La chitarra acustica si \u00e8 quasi trasformata in un simbolo di resistenza. In Svizzera, iniziative come il F\u00f6rderverein klassische Gitarre Z\u00fcrich, gli Amici della chitarra ticinesi e l'associazione <a href=\"https:\/\/www.lucerneguitarconcerts.com\/%C3%BCber-uns\" target=\"_blank\" rel=\"noopener\">Associazione Lucerna Guitar Focus<\/a> alto. Quest'ultimo ha organizzato quattro concerti di chitarra classica all'anno dal 2009 e li ha riuniti in un festival annuale durante la pandemia, in cui la chitarra viene presentata sempre pi\u00f9 spesso in combinazione con la musica da camera.<\/p>\n<p>Il programma di quest'anno comprendeva un trio di chitarra, arpa e mandolino, un duo clarinetto-chitarra, un duo di chitarra pura e un duo violino-liuto, oltre a concerti solisti, laboratori e un palco aperto. L'organizzazione ha anche ideato qualcosa di speciale per promuovere i giovani talenti: I concerti al Neubad di Lucerna sono sempre stati introdotti da brevi esibizioni di studenti. \u00c8 un'idea che vale la pena imitare.<\/p>\n<h3>Spennare alla potenza di tre<\/h3>\n<p>Di solito ci vuole un attimo per abituare le orecchie ai delicati paesaggi sonori della chitarra da concerto. Ma una volta che ci si \u00e8 lasciati trascinare dai suoni in filigrana, ci si pu\u00f2 trovare di fronte a una sorpresa. Negli ultimi anni, il brasiliano Hamilton de Holanda e l'israeliano Avi Avital hanno aperto le orecchie a un parente dello strumento a pizzico, il mandolino. Xavier de Maistre ha messo sotto i riflettori il \"tipico strumento femminile\", l'arpa.<\/p>\n<p>Il trio <a href=\"http:\/\/www.sixty1strings.de\/home\/\" target=\"_blank\" rel=\"noopener\">sessanta1corde<\/a> hanno dimostrato a Lucerna che il \"man-splucking\" non \u00e8 necessario per dare a questi strumenti il rispetto che meritano. Il motivo per cui \u00e8 stato fondato il trio \u00e8 stato lo studio di una delle poche composizioni originali per questa strumentazione: l'opera di Hans Werner Henze <em>Carillon, Recitatif, Masque<\/em>. Henze, che \u00e8 nato con la <em>Musica reale d'inverno<\/em> che ha dato un contributo singolare al repertorio chitarristico del XX secolo, conosce bene le possibilit\u00e0 dello strumento e dimostra anche qui una mano felice.<\/p>\n<p>Il chitarrista Negin Habibi, l'arpista Konstanze Kuss e la mandolinista Ekaterina Solovey, tra gli altri, hanno suonato anche il <em>Acquario<\/em> da Saint-Sa\u00ebns <em>Carnevale degli animali<\/em> e permettono alla piccola opera altamente poetica di apparire in una luce completamente nuova. Sarebbe difficile ascoltare la versione originale dopo questa straordinaria esperienza senza ricordare questi suoni in filigrana perfettamente adattati.<\/p>\n<h3>Un po' di spirito popolare<\/h3>\n<p>Qualcosa dello spirito del movimento folk traspariva dal duo. <a href=\"https:\/\/www.zareksilberschmidt.com\/\" target=\"_blank\" rel=\"noopener\">Zarek Silberschmidt<\/a> e George Ricci. Prima la storia della scoperta del chitarrista neozelandese da parte dell'organizzatrice del festival Elise Tricoteaux: lo aveva sentito suonare nella mensa dell'Accademia musicale di Basilea ed era rimasta entusiasta del suo virtuosismo e della sua creativit\u00e0. Silberschmidt padroneggia infatti una variet\u00e0 di stili come il jazz manouche, il flamenco, il blues, il country e il folk e riesce a dare la sua impronta senza diluirne l'autenticit\u00e0. Utilizza inoltre tutti gli elementi dello strumento per creare gli effetti percussivi pi\u00f9 sorprendenti. Ricci lo completa al clarinetto basso con linee alla Johnny Cash. Al clarinetto in Sib ha contribuito, tra l'altro, con una versione estremamente sensibile e atmosfericamente di prim'ordine di Kosmas. <em>Foglie morte<\/em> con.<\/p>\n<figure id=\"attachment_45524\" aria-describedby=\"caption-attachment-45524\" style=\"width: 5038px\" class=\"wp-caption alignnone\"><img loading=\"lazy\" decoding=\"async\" class=\"size-full wp-image-45524\" src=\"https:\/\/www.musikzeitung.ch\/wp-content\/uploads\/2023\/06\/07_08_Echo_Gitarrentage2.jpg\" alt=\"\" width=\"5038\" height=\"3779\" srcset=\"https:\/\/www.musikzeitung.ch\/wp-content\/uploads\/2023\/06\/07_08_Echo_Gitarrentage2.jpg 1333w, https:\/\/www.musikzeitung.ch\/wp-content\/uploads\/2023\/06\/07_08_Echo_Gitarrentage2-300x225.jpg 300w, https:\/\/www.musikzeitung.ch\/wp-content\/uploads\/2023\/06\/07_08_Echo_Gitarrentage2-1024x768.jpg 1024w, https:\/\/www.musikzeitung.ch\/wp-content\/uploads\/2023\/06\/07_08_Echo_Gitarrentage2-768x576.jpg 768w, https:\/\/www.musikzeitung.ch\/wp-content\/uploads\/2023\/06\/07_08_Echo_Gitarrentage2-1536x1152.jpg 1536w, https:\/\/www.musikzeitung.ch\/wp-content\/uploads\/2023\/06\/07_08_Echo_Gitarrentage2-2048x1536.jpg 2048w, https:\/\/www.musikzeitung.ch\/wp-content\/uploads\/2023\/06\/07_08_Echo_Gitarrentage2-233x175.jpg 233w, https:\/\/www.musikzeitung.ch\/wp-content\/uploads\/2023\/06\/07_08_Echo_Gitarrentage2-467x350.jpg 467w, https:\/\/www.musikzeitung.ch\/wp-content\/uploads\/2023\/06\/07_08_Echo_Gitarrentage2-1067x800.jpg 1067w, https:\/\/www.musikzeitung.ch\/wp-content\/uploads\/2023\/06\/07_08_Echo_Gitarrentage2-920x690.jpg 920w, https:\/\/www.musikzeitung.ch\/wp-content\/uploads\/2023\/06\/07_08_Echo_Gitarrentage2-1400x1050.jpg 1400w\" sizes=\"auto, (max-width: 5038px) 100vw, 5038px\" \/><figcaption id=\"caption-attachment-45524\" class=\"wp-caption-text\">Duo Zarek Silberschmidt &amp; George Ricci. Foto: Gregor Eisenhuth<\/figcaption><\/figure>\n<p><em>Il\u00a0 <a href=\"https:\/\/www.lucerneguitarconcerts.com\/\" target=\"_blank\" rel=\"noopener\">Concerti di chitarra a Lucerna<\/a> sono organizzati da Elise Tricoteaux e Raoul Morat.\u00a0<\/em><\/p>","protected":false},"excerpt":{"rendered":"<p>I delicati mondi sonori della chitarra analogica da concerto e dei suoi compagni di musica da camera sono stati celebrati a Lucerna dal 18 al 21 maggio.<\/p>","protected":false},"author":23,"featured_media":45523,"comment_status":"closed","ping_status":"closed","sticky":false,"template":"","format":"standard","meta":{"_acf_changed":false,"_relevanssi_hide_post":"","_relevanssi_hide_content":"","_relevanssi_pin_for_all":"","_relevanssi_pin_keywords":"","_relevanssi_unpin_keywords":"","_relevanssi_related_keywords":"","_relevanssi_related_include_ids":"","_relevanssi_related_exclude_ids":"","_relevanssi_related_no_append":"","_relevanssi_related_not_related":"","_relevanssi_related_posts":"","_relevanssi_noindex_reason":"","pgc_sgb_lightbox_settings":"","footnotes":""},"categories":[1531,28],"tags":[2590,2593,2592,2589,2595,2591,2594],"class_list":["post-45522","post","type-post","status-publish","format-standard","has-post-thumbnail","hentry","category-auffuehrungen","category-berichte","tag-duo-zarek-silberschmidt-george-ricci","tag-elise-tricoteaux","tag-konzertgitarre","tag-lucerne-guitar-concerts","tag-raoul-morat","tag-sixty1strings","tag-verein-fokus-gitarre"],"acf":[],"yoast_head":"<!-- This site is optimized with the Yoast SEO plugin v27.5 - https:\/\/yoast.com\/product\/yoast-seo-wordpress\/ -->\n<title>Filigranes an den Lucerne Guitar Concerts - Schweizer Musikzeitung<\/title>\n<meta name=\"description\" content=\"Die delikaten Tonwelten der analogen Konzertgitarre und ihrer kammermusikalischen Spielkameraden wurden in Luzern gefeiert\" \/>\n<meta name=\"robots\" content=\"index, follow, max-snippet:-1, max-image-preview:large, max-video-preview:-1\" \/>\n<link rel=\"canonical\" href=\"https:\/\/www.musikzeitung.ch\/it\/berichte\/2023\/06\/filigranes-an-den-lucerne-guitar-concerts\/\" \/>\n<meta property=\"og:locale\" content=\"it_IT\" \/>\n<meta property=\"og:type\" content=\"article\" \/>\n<meta property=\"og:title\" content=\"Filigranes an den Lucerne Guitar Concerts - Schweizer Musikzeitung\" \/>\n<meta property=\"og:description\" content=\"Die delikaten Tonwelten der analogen Konzertgitarre und ihrer kammermusikalischen Spielkameraden wurden in Luzern gefeiert\" \/>\n<meta property=\"og:url\" content=\"https:\/\/www.musikzeitung.ch\/it\/berichte\/2023\/06\/filigranes-an-den-lucerne-guitar-concerts\/\" \/>\n<meta property=\"og:site_name\" content=\"Schweizer Musikzeitung\" \/>\n<meta property=\"article:publisher\" content=\"https:\/\/www.facebook.com\/SchweizerMusikzeitung\/\" \/>\n<meta property=\"article:published_time\" content=\"2023-06-15T08:22:32+00:00\" \/>\n<meta property=\"article:modified_time\" content=\"2023-06-27T09:05:24+00:00\" \/>\n<meta property=\"og:image\" content=\"https:\/\/www.musikzeitung.ch\/wp-content\/uploads\/2023\/06\/07_08_Echo_Gitarrentage1.jpg\" \/>\n\t<meta property=\"og:image:width\" content=\"1333\" \/>\n\t<meta property=\"og:image:height\" content=\"1000\" \/>\n\t<meta property=\"og:image:type\" content=\"image\/jpeg\" \/>\n<meta name=\"author\" content=\"Katrin Spelinova\" \/>\n<meta name=\"twitter:card\" content=\"summary_large_image\" \/>\n<meta name=\"twitter:creator\" content=\"@testredaktor\" \/>\n<meta name=\"twitter:site\" content=\"@smusikzeitung\" \/>\n<meta name=\"twitter:label1\" content=\"Scritto da\" \/>\n\t<meta name=\"twitter:data1\" content=\"Katrin Spelinova\" \/>\n\t<meta name=\"twitter:label2\" content=\"Tempo di lettura stimato\" \/>\n\t<meta name=\"twitter:data2\" content=\"4 minuti\" \/>\n<script type=\"application\/ld+json\" class=\"yoast-schema-graph\">{\"@context\":\"https:\\\/\\\/schema.org\",\"@graph\":[{\"@type\":\"Article\",\"@id\":\"https:\\\/\\\/www.musikzeitung.ch\\\/berichte\\\/2023\\\/06\\\/filigranes-an-den-lucerne-guitar-concerts#article\",\"isPartOf\":{\"@id\":\"https:\\\/\\\/www.musikzeitung.ch\\\/berichte\\\/2023\\\/06\\\/filigranes-an-den-lucerne-guitar-concerts\"},\"author\":{\"name\":\"Katrin Spelinova\",\"@id\":\"https:\\\/\\\/www.musikzeitung.ch\\\/#\\\/schema\\\/person\\\/dce7e5b820812d9af4db2f787d1bec92\"},\"headline\":\"Filigranes an den Lucerne Guitar Concerts\",\"datePublished\":\"2023-06-15T08:22:32+00:00\",\"dateModified\":\"2023-06-27T09:05:24+00:00\",\"mainEntityOfPage\":{\"@id\":\"https:\\\/\\\/www.musikzeitung.ch\\\/berichte\\\/2023\\\/06\\\/filigranes-an-den-lucerne-guitar-concerts\"},\"wordCount\":621,\"publisher\":{\"@id\":\"https:\\\/\\\/www.musikzeitung.ch\\\/#organization\"},\"image\":{\"@id\":\"https:\\\/\\\/www.musikzeitung.ch\\\/berichte\\\/2023\\\/06\\\/filigranes-an-den-lucerne-guitar-concerts#primaryimage\"},\"thumbnailUrl\":\"https:\\\/\\\/www.musikzeitung.ch\\\/wp-content\\\/uploads\\\/2023\\\/06\\\/07_08_Echo_Gitarrentage1.jpg\",\"keywords\":[\"Duo Zarek Silberschmidt &amp; George Ricci\",\"Elise Tricoteaux\",\"Konzertgitarre\",\"Lucerne Guitar Concerts\",\"Raoul Morat\",\"sixty1strings\",\"Verein Fokus Gitarre\"],\"articleSection\":[\"Auff\u00fchrungen\",\"Berichte\"],\"inLanguage\":\"it-IT\"},{\"@type\":\"WebPage\",\"@id\":\"https:\\\/\\\/www.musikzeitung.ch\\\/berichte\\\/2023\\\/06\\\/filigranes-an-den-lucerne-guitar-concerts\",\"url\":\"https:\\\/\\\/www.musikzeitung.ch\\\/berichte\\\/2023\\\/06\\\/filigranes-an-den-lucerne-guitar-concerts\",\"name\":\"Filigranes an den Lucerne Guitar Concerts - Schweizer Musikzeitung\",\"isPartOf\":{\"@id\":\"https:\\\/\\\/www.musikzeitung.ch\\\/#website\"},\"primaryImageOfPage\":{\"@id\":\"https:\\\/\\\/www.musikzeitung.ch\\\/berichte\\\/2023\\\/06\\\/filigranes-an-den-lucerne-guitar-concerts#primaryimage\"},\"image\":{\"@id\":\"https:\\\/\\\/www.musikzeitung.ch\\\/berichte\\\/2023\\\/06\\\/filigranes-an-den-lucerne-guitar-concerts#primaryimage\"},\"thumbnailUrl\":\"https:\\\/\\\/www.musikzeitung.ch\\\/wp-content\\\/uploads\\\/2023\\\/06\\\/07_08_Echo_Gitarrentage1.jpg\",\"datePublished\":\"2023-06-15T08:22:32+00:00\",\"dateModified\":\"2023-06-27T09:05:24+00:00\",\"description\":\"Die delikaten Tonwelten der analogen Konzertgitarre und ihrer kammermusikalischen Spielkameraden wurden in Luzern gefeiert\",\"breadcrumb\":{\"@id\":\"https:\\\/\\\/www.musikzeitung.ch\\\/berichte\\\/2023\\\/06\\\/filigranes-an-den-lucerne-guitar-concerts#breadcrumb\"},\"inLanguage\":\"it-IT\",\"potentialAction\":[{\"@type\":\"ReadAction\",\"target\":[\"https:\\\/\\\/www.musikzeitung.ch\\\/berichte\\\/2023\\\/06\\\/filigranes-an-den-lucerne-guitar-concerts\"]}]},{\"@type\":\"ImageObject\",\"inLanguage\":\"it-IT\",\"@id\":\"https:\\\/\\\/www.musikzeitung.ch\\\/berichte\\\/2023\\\/06\\\/filigranes-an-den-lucerne-guitar-concerts#primaryimage\",\"url\":\"https:\\\/\\\/www.musikzeitung.ch\\\/wp-content\\\/uploads\\\/2023\\\/06\\\/07_08_Echo_Gitarrentage1.jpg\",\"contentUrl\":\"https:\\\/\\\/www.musikzeitung.ch\\\/wp-content\\\/uploads\\\/2023\\\/06\\\/07_08_Echo_Gitarrentage1.jpg\",\"width\":1333,\"height\":1000,\"caption\":\"sixty1strings an den Lucerne Guitar Concerts im Neubad. Foto: Gregor Eisenhuth\"},{\"@type\":\"BreadcrumbList\",\"@id\":\"https:\\\/\\\/www.musikzeitung.ch\\\/berichte\\\/2023\\\/06\\\/filigranes-an-den-lucerne-guitar-concerts#breadcrumb\",\"itemListElement\":[{\"@type\":\"ListItem\",\"position\":1,\"name\":\"Home\",\"item\":\"https:\\\/\\\/www.musikzeitung.ch\\\/\"},{\"@type\":\"ListItem\",\"position\":2,\"name\":\"Filigranes an den Lucerne Guitar Concerts\"}]},{\"@type\":\"WebSite\",\"@id\":\"https:\\\/\\\/www.musikzeitung.ch\\\/#website\",\"url\":\"https:\\\/\\\/www.musikzeitung.ch\\\/\",\"name\":\"Schweizer Musikzeitung\",\"description\":\"Die f\u00fchrende sparten\u00fcbergreifende Monatszeitung in der Schweiz f\u00fcr musikalische Fragen.\",\"publisher\":{\"@id\":\"https:\\\/\\\/www.musikzeitung.ch\\\/#organization\"},\"potentialAction\":[{\"@type\":\"SearchAction\",\"target\":{\"@type\":\"EntryPoint\",\"urlTemplate\":\"https:\\\/\\\/www.musikzeitung.ch\\\/?s={search_term_string}\"},\"query-input\":{\"@type\":\"PropertyValueSpecification\",\"valueRequired\":true,\"valueName\":\"search_term_string\"}}],\"inLanguage\":\"it-IT\"},{\"@type\":\"Organization\",\"@id\":\"https:\\\/\\\/www.musikzeitung.ch\\\/#organization\",\"name\":\"Schweizer Musikzeitung\",\"url\":\"https:\\\/\\\/www.musikzeitung.ch\\\/\",\"logo\":{\"@type\":\"ImageObject\",\"inLanguage\":\"it-IT\",\"@id\":\"https:\\\/\\\/www.musikzeitung.ch\\\/#\\\/schema\\\/logo\\\/image\\\/\",\"url\":\"https:\\\/\\\/www.musikzeitung.ch\\\/wp-content\\\/uploads\\\/2023\\\/01\\\/SMZ_Schriftzug_Sprache.png\",\"contentUrl\":\"https:\\\/\\\/www.musikzeitung.ch\\\/wp-content\\\/uploads\\\/2023\\\/01\\\/SMZ_Schriftzug_Sprache.png\",\"width\":1400,\"height\":279,\"caption\":\"Schweizer Musikzeitung\"},\"image\":{\"@id\":\"https:\\\/\\\/www.musikzeitung.ch\\\/#\\\/schema\\\/logo\\\/image\\\/\"},\"sameAs\":[\"https:\\\/\\\/www.facebook.com\\\/SchweizerMusikzeitung\\\/\",\"https:\\\/\\\/x.com\\\/smusikzeitung\",\"https:\\\/\\\/www.instagram.com\\\/musikzeitung.ch\\\/\"]},{\"@type\":\"Person\",\"@id\":\"https:\\\/\\\/www.musikzeitung.ch\\\/#\\\/schema\\\/person\\\/dce7e5b820812d9af4db2f787d1bec92\",\"name\":\"Katrin Spelinova\",\"image\":{\"@type\":\"ImageObject\",\"inLanguage\":\"it-IT\",\"@id\":\"https:\\\/\\\/secure.gravatar.com\\\/avatar\\\/2a2c2956e074ebca9bf65620496cd2e317d90b8c76450e9dd04d7cebf95eeada?s=96&d=mm&r=g\",\"url\":\"https:\\\/\\\/secure.gravatar.com\\\/avatar\\\/2a2c2956e074ebca9bf65620496cd2e317d90b8c76450e9dd04d7cebf95eeada?s=96&d=mm&r=g\",\"contentUrl\":\"https:\\\/\\\/secure.gravatar.com\\\/avatar\\\/2a2c2956e074ebca9bf65620496cd2e317d90b8c76450e9dd04d7cebf95eeada?s=96&d=mm&r=g\",\"caption\":\"Katrin Spelinova\"},\"sameAs\":[\"https:\\\/\\\/x.com\\\/testredaktor\"],\"url\":\"https:\\\/\\\/www.musikzeitung.ch\\\/it\\\/author\\\/spelkat\"}]}<\/script>\n<!-- \/ Yoast SEO plugin. -->","yoast_head_json":{"title":"Filigrana ai concerti di chitarra di Lucerna - Schweizer Musikzeitung","description":"I delicati mondi sonori della chitarra da concerto analogica e dei suoi compagni di musica da camera sono stati celebrati a Lucerna","robots":{"index":"index","follow":"follow","max-snippet":"max-snippet:-1","max-image-preview":"max-image-preview:large","max-video-preview":"max-video-preview:-1"},"canonical":"https:\/\/www.musikzeitung.ch\/it\/berichte\/2023\/06\/filigranes-an-den-lucerne-guitar-concerts\/","og_locale":"it_IT","og_type":"article","og_title":"Filigranes an den Lucerne Guitar Concerts - Schweizer Musikzeitung","og_description":"Die delikaten Tonwelten der analogen Konzertgitarre und ihrer kammermusikalischen Spielkameraden wurden in Luzern gefeiert","og_url":"https:\/\/www.musikzeitung.ch\/it\/berichte\/2023\/06\/filigranes-an-den-lucerne-guitar-concerts\/","og_site_name":"Schweizer Musikzeitung","article_publisher":"https:\/\/www.facebook.com\/SchweizerMusikzeitung\/","article_published_time":"2023-06-15T08:22:32+00:00","article_modified_time":"2023-06-27T09:05:24+00:00","og_image":[{"width":1333,"height":1000,"url":"https:\/\/www.musikzeitung.ch\/wp-content\/uploads\/2023\/06\/07_08_Echo_Gitarrentage1.jpg","type":"image\/jpeg"}],"author":"Katrin Spelinova","twitter_card":"summary_large_image","twitter_creator":"@testredaktor","twitter_site":"@smusikzeitung","twitter_misc":{"Scritto da":"Katrin Spelinova","Tempo di lettura stimato":"4 minuti"},"schema":{"@context":"https:\/\/schema.org","@graph":[{"@type":"Article","@id":"https:\/\/www.musikzeitung.ch\/berichte\/2023\/06\/filigranes-an-den-lucerne-guitar-concerts#article","isPartOf":{"@id":"https:\/\/www.musikzeitung.ch\/berichte\/2023\/06\/filigranes-an-den-lucerne-guitar-concerts"},"author":{"name":"Katrin Spelinova","@id":"https:\/\/www.musikzeitung.ch\/#\/schema\/person\/dce7e5b820812d9af4db2f787d1bec92"},"headline":"Filigranes an den Lucerne Guitar Concerts","datePublished":"2023-06-15T08:22:32+00:00","dateModified":"2023-06-27T09:05:24+00:00","mainEntityOfPage":{"@id":"https:\/\/www.musikzeitung.ch\/berichte\/2023\/06\/filigranes-an-den-lucerne-guitar-concerts"},"wordCount":621,"publisher":{"@id":"https:\/\/www.musikzeitung.ch\/#organization"},"image":{"@id":"https:\/\/www.musikzeitung.ch\/berichte\/2023\/06\/filigranes-an-den-lucerne-guitar-concerts#primaryimage"},"thumbnailUrl":"https:\/\/www.musikzeitung.ch\/wp-content\/uploads\/2023\/06\/07_08_Echo_Gitarrentage1.jpg","keywords":["Duo Zarek Silberschmidt &amp; George Ricci","Elise Tricoteaux","Konzertgitarre","Lucerne Guitar Concerts","Raoul Morat","sixty1strings","Verein Fokus Gitarre"],"articleSection":["Auff\u00fchrungen","Berichte"],"inLanguage":"it-IT"},{"@type":"WebPage","@id":"https:\/\/www.musikzeitung.ch\/berichte\/2023\/06\/filigranes-an-den-lucerne-guitar-concerts","url":"https:\/\/www.musikzeitung.ch\/berichte\/2023\/06\/filigranes-an-den-lucerne-guitar-concerts","name":"Filigrana ai concerti di chitarra di Lucerna - Schweizer Musikzeitung","isPartOf":{"@id":"https:\/\/www.musikzeitung.ch\/#website"},"primaryImageOfPage":{"@id":"https:\/\/www.musikzeitung.ch\/berichte\/2023\/06\/filigranes-an-den-lucerne-guitar-concerts#primaryimage"},"image":{"@id":"https:\/\/www.musikzeitung.ch\/berichte\/2023\/06\/filigranes-an-den-lucerne-guitar-concerts#primaryimage"},"thumbnailUrl":"https:\/\/www.musikzeitung.ch\/wp-content\/uploads\/2023\/06\/07_08_Echo_Gitarrentage1.jpg","datePublished":"2023-06-15T08:22:32+00:00","dateModified":"2023-06-27T09:05:24+00:00","description":"I delicati mondi sonori della chitarra da concerto analogica e dei suoi compagni di musica da camera sono stati celebrati a Lucerna","breadcrumb":{"@id":"https:\/\/www.musikzeitung.ch\/berichte\/2023\/06\/filigranes-an-den-lucerne-guitar-concerts#breadcrumb"},"inLanguage":"it-IT","potentialAction":[{"@type":"ReadAction","target":["https:\/\/www.musikzeitung.ch\/berichte\/2023\/06\/filigranes-an-den-lucerne-guitar-concerts"]}]},{"@type":"ImageObject","inLanguage":"it-IT","@id":"https:\/\/www.musikzeitung.ch\/berichte\/2023\/06\/filigranes-an-den-lucerne-guitar-concerts#primaryimage","url":"https:\/\/www.musikzeitung.ch\/wp-content\/uploads\/2023\/06\/07_08_Echo_Gitarrentage1.jpg","contentUrl":"https:\/\/www.musikzeitung.ch\/wp-content\/uploads\/2023\/06\/07_08_Echo_Gitarrentage1.jpg","width":1333,"height":1000,"caption":"sixty1strings an den Lucerne Guitar Concerts im Neubad. Foto: Gregor Eisenhuth"},{"@type":"BreadcrumbList","@id":"https:\/\/www.musikzeitung.ch\/berichte\/2023\/06\/filigranes-an-den-lucerne-guitar-concerts#breadcrumb","itemListElement":[{"@type":"ListItem","position":1,"name":"Home","item":"https:\/\/www.musikzeitung.ch\/"},{"@type":"ListItem","position":2,"name":"Filigranes an den Lucerne Guitar Concerts"}]},{"@type":"WebSite","@id":"https:\/\/www.musikzeitung.ch\/#website","url":"https:\/\/www.musikzeitung.ch\/","name":"Giornale musicale svizzero","description":"Il principale mensile interdisciplinare della Svizzera per le questioni musicali.","publisher":{"@id":"https:\/\/www.musikzeitung.ch\/#organization"},"potentialAction":[{"@type":"SearchAction","target":{"@type":"EntryPoint","urlTemplate":"https:\/\/www.musikzeitung.ch\/?s={search_term_string}"},"query-input":{"@type":"PropertyValueSpecification","valueRequired":true,"valueName":"search_term_string"}}],"inLanguage":"it-IT"},{"@type":"Organization","@id":"https:\/\/www.musikzeitung.ch\/#organization","name":"Giornale musicale svizzero","url":"https:\/\/www.musikzeitung.ch\/","logo":{"@type":"ImageObject","inLanguage":"it-IT","@id":"https:\/\/www.musikzeitung.ch\/#\/schema\/logo\/image\/","url":"https:\/\/www.musikzeitung.ch\/wp-content\/uploads\/2023\/01\/SMZ_Schriftzug_Sprache.png","contentUrl":"https:\/\/www.musikzeitung.ch\/wp-content\/uploads\/2023\/01\/SMZ_Schriftzug_Sprache.png","width":1400,"height":279,"caption":"Schweizer Musikzeitung"},"image":{"@id":"https:\/\/www.musikzeitung.ch\/#\/schema\/logo\/image\/"},"sameAs":["https:\/\/www.facebook.com\/SchweizerMusikzeitung\/","https:\/\/x.com\/smusikzeitung","https:\/\/www.instagram.com\/musikzeitung.ch\/"]},{"@type":"Person","@id":"https:\/\/www.musikzeitung.ch\/#\/schema\/person\/dce7e5b820812d9af4db2f787d1bec92","name":"Katrin Spelinova","image":{"@type":"ImageObject","inLanguage":"it-IT","@id":"https:\/\/secure.gravatar.com\/avatar\/2a2c2956e074ebca9bf65620496cd2e317d90b8c76450e9dd04d7cebf95eeada?s=96&d=mm&r=g","url":"https:\/\/secure.gravatar.com\/avatar\/2a2c2956e074ebca9bf65620496cd2e317d90b8c76450e9dd04d7cebf95eeada?s=96&d=mm&r=g","contentUrl":"https:\/\/secure.gravatar.com\/avatar\/2a2c2956e074ebca9bf65620496cd2e317d90b8c76450e9dd04d7cebf95eeada?s=96&d=mm&r=g","caption":"Katrin Spelinova"},"sameAs":["https:\/\/x.com\/testredaktor"],"url":"https:\/\/www.musikzeitung.ch\/it\/author\/spelkat"}]}},"publishpress_future_workflow_manual_trigger":{"enabledWorkflows":[]},"_links":{"self":[{"href":"https:\/\/www.musikzeitung.ch\/it\/wp-json\/wp\/v2\/posts\/45522","targetHints":{"allow":["GET"]}}],"collection":[{"href":"https:\/\/www.musikzeitung.ch\/it\/wp-json\/wp\/v2\/posts"}],"about":[{"href":"https:\/\/www.musikzeitung.ch\/it\/wp-json\/wp\/v2\/types\/post"}],"author":[{"embeddable":true,"href":"https:\/\/www.musikzeitung.ch\/it\/wp-json\/wp\/v2\/users\/23"}],"replies":[{"embeddable":true,"href":"https:\/\/www.musikzeitung.ch\/it\/wp-json\/wp\/v2\/comments?post=45522"}],"version-history":[{"count":3,"href":"https:\/\/www.musikzeitung.ch\/it\/wp-json\/wp\/v2\/posts\/45522\/revisions"}],"predecessor-version":[{"id":45527,"href":"https:\/\/www.musikzeitung.ch\/it\/wp-json\/wp\/v2\/posts\/45522\/revisions\/45527"}],"wp:featuredmedia":[{"embeddable":true,"href":"https:\/\/www.musikzeitung.ch\/it\/wp-json\/wp\/v2\/media\/45523"}],"wp:attachment":[{"href":"https:\/\/www.musikzeitung.ch\/it\/wp-json\/wp\/v2\/media?parent=45522"}],"wp:term":[{"taxonomy":"category","embeddable":true,"href":"https:\/\/www.musikzeitung.ch\/it\/wp-json\/wp\/v2\/categories?post=45522"},{"taxonomy":"post_tag","embeddable":true,"href":"https:\/\/www.musikzeitung.ch\/it\/wp-json\/wp\/v2\/tags?post=45522"}],"curies":[{"name":"wp","href":"https:\/\/api.w.org\/{rel}","templated":true}]}}