{"id":45693,"date":"2023-06-27T14:45:37","date_gmt":"2023-06-27T12:45:37","guid":{"rendered":"https:\/\/www.musikzeitung.ch\/?p=45693"},"modified":"2023-06-27T14:48:04","modified_gmt":"2023-06-27T12:48:04","slug":"st-galler-kunstpreis-fuer-priya-ragu","status":"publish","type":"post","link":"https:\/\/www.musikzeitung.ch\/it\/news\/2023\/06\/st-galler-kunstpreis-fuer-priya-ragu","title":{"rendered":"Premio d'arte di San Gallo per Priya Ragu"},"content":{"rendered":"<figure id=\"attachment_45694\" aria-describedby=\"caption-attachment-45694\" style=\"width: 509px\" class=\"wp-caption aligncenter\"><img loading=\"lazy\" decoding=\"async\" class=\"wp-image-45694\" src=\"https:\/\/www.musikzeitung.ch\/wp-content\/uploads\/2023\/06\/230627priya.jpg\" alt=\"\" width=\"509\" height=\"340\" srcset=\"https:\/\/www.musikzeitung.ch\/wp-content\/uploads\/2023\/06\/230627priya.jpg 841w, https:\/\/www.musikzeitung.ch\/wp-content\/uploads\/2023\/06\/230627priya-300x200.jpg 300w, https:\/\/www.musikzeitung.ch\/wp-content\/uploads\/2023\/06\/230627priya-600x400.jpg 600w, https:\/\/www.musikzeitung.ch\/wp-content\/uploads\/2023\/06\/230627priya-768x513.jpg 768w, https:\/\/www.musikzeitung.ch\/wp-content\/uploads\/2023\/06\/230627priya-262x175.jpg 262w, https:\/\/www.musikzeitung.ch\/wp-content\/uploads\/2023\/06\/230627priya-524x350.jpg 524w\" sizes=\"auto, (max-width: 509px) 100vw, 509px\" \/><figcaption id=\"caption-attachment-45694\" class=\"wp-caption-text\">Priya Ragu (Bld: Youtube-Screeenshot)<\/figcaption><\/figure>\n<p>Il cantante della citt\u00e0 di San Gallo \u00e8 noto da tempo agli addetti ai lavori. Ragu ispira \"con un mix di rhythm and blues, soul, hip hop e musica tradizionale tamil\", scrive il Cantone di San Gallo. Nel 2021 ha suonato al Montreux Jazz Festival e si \u00e8 esibita all'Open Air St.Gallen. Secondo Ragu, le sue canzoni vogliono sfidare gli stereotipi secondo cui gli srilankesi sono essenzialmente tutti cuochi, addetti alle pulizie o venditori. Persone che vengono guardate dall'alto in basso. Persone che raramente sono invidiate o desiderate. Lei \u00e8 orgogliosa di ci\u00f2 che \u00e8. E la sua musica lo celebra.<\/p>\n<p>Peter Surber \u00e8 stato per quattro decenni \"l'emblema del giornalista culturale\" nel Cantone di San Gallo e nei cantoni limitrofi, scrive ancora il Cantone. Con \"recensioni, commenti e interventi precisi, onesti e fondati\", ha dato un contributo significativo alla vita culturale.<\/p>\n<p>La Fondazione culturale di San Gallo ha rivisto e ridisegnato il proprio regolamento di fondazione e anche l'assegnazione dei premi. I premi di sponsorizzazione vengono ora assegnati annualmente in base a categorie preselezionate. Il premio per la cultura \u00e8 ora chiamato premio per l'arte, \u00e8 dotato di 25.000 franchi svizzeri e continua a onorare i risultati speciali di artisti di tutte le discipline.<\/p>\n<p>Articolo originale:<br \/>\n<a href=\"https:\/\/www.sg.ch\/news\/sgch_allgemein\/2023\/06\/kunst--und-anerkennungspreis-fuer-priya-ragu-und-peter-surber-.html\">Premio Arte e Riconoscimento per Priya Ragu e Peter Surber<\/a><\/p>","protected":false},"excerpt":{"rendered":"<p>Il Premio d'arte della Fondazione culturale di San Gallo di quest'anno va alla musicista Priya Ragu. Un premio di riconoscimento \u00e8 stato assegnato al giornalista culturale Peter Surber. <\/p>","protected":false},"author":30,"featured_media":45694,"comment_status":"closed","ping_status":"closed","sticky":false,"template":"","format":"standard","meta":{"_acf_changed":false,"_relevanssi_hide_post":"","_relevanssi_hide_content":"","_relevanssi_pin_for_all":"","_relevanssi_pin_keywords":"","_relevanssi_unpin_keywords":"","_relevanssi_related_keywords":"","_relevanssi_related_include_ids":"","_relevanssi_related_exclude_ids":"","_relevanssi_related_no_append":"","_relevanssi_related_not_related":"","_relevanssi_related_posts":"","_relevanssi_noindex_reason":"","pgc_sgb_lightbox_settings":"","footnotes":""},"categories":[27],"tags":[2634,2633,2632],"class_list":["post-45693","post","type-post","status-publish","format-standard","has-post-thumbnail","hentry","category-news","tag-peter-surber","tag-priya-ragu","tag-st-galler-kunstpreis"],"acf":[],"yoast_head":"<!-- This site is optimized with the Yoast SEO plugin v27.4 - https:\/\/yoast.com\/product\/yoast-seo-wordpress\/ -->\n<title>St. Galler Kunstpreis f\u00fcr Priya Ragu - Schweizer Musikzeitung<\/title>\n<meta name=\"description\" content=\"Der Kunstpreis 2023 der St.Gallischen Kulturstiftung geht an die Musikerin Priya Ragu, ein Anerkennungspreis an den Kulturjournalisten Peter Surber.\" \/>\n<meta name=\"robots\" content=\"index, follow, max-snippet:-1, max-image-preview:large, max-video-preview:-1\" \/>\n<link rel=\"canonical\" href=\"https:\/\/www.musikzeitung.ch\/it\/news\/2023\/06\/st-galler-kunstpreis-fuer-priya-ragu\/\" \/>\n<meta property=\"og:locale\" content=\"it_IT\" \/>\n<meta property=\"og:type\" content=\"article\" \/>\n<meta property=\"og:title\" content=\"St. Galler Kunstpreis f\u00fcr Priya Ragu - Schweizer Musikzeitung\" \/>\n<meta property=\"og:description\" content=\"Der Kunstpreis 2023 der St.Gallischen Kulturstiftung geht an die Musikerin Priya Ragu, ein Anerkennungspreis an den Kulturjournalisten Peter Surber.\" \/>\n<meta property=\"og:url\" content=\"https:\/\/www.musikzeitung.ch\/it\/news\/2023\/06\/st-galler-kunstpreis-fuer-priya-ragu\/\" \/>\n<meta property=\"og:site_name\" content=\"Schweizer Musikzeitung\" \/>\n<meta property=\"article:publisher\" content=\"https:\/\/www.facebook.com\/SchweizerMusikzeitung\/\" \/>\n<meta property=\"article:author\" content=\"https:\/\/www.facebook.com\/wolfgang.bohler.75\" \/>\n<meta property=\"article:published_time\" content=\"2023-06-27T12:45:37+00:00\" \/>\n<meta property=\"article:modified_time\" content=\"2023-06-27T12:48:04+00:00\" \/>\n<meta property=\"og:image\" content=\"https:\/\/www.musikzeitung.ch\/wp-content\/uploads\/2023\/06\/230627priya.jpg\" \/>\n\t<meta property=\"og:image:width\" content=\"841\" \/>\n\t<meta property=\"og:image:height\" content=\"562\" \/>\n\t<meta property=\"og:image:type\" content=\"image\/jpeg\" \/>\n<meta name=\"author\" content=\"Wolfgang B\u00f6hler\" \/>\n<meta name=\"twitter:card\" content=\"summary_large_image\" \/>\n<meta name=\"twitter:creator\" content=\"@smusikzeitung\" \/>\n<meta name=\"twitter:site\" content=\"@smusikzeitung\" \/>\n<meta name=\"twitter:label1\" content=\"Scritto da\" \/>\n\t<meta name=\"twitter:data1\" content=\"Wolfgang B\u00f6hler\" \/>\n\t<meta name=\"twitter:label2\" content=\"Tempo di lettura stimato\" \/>\n\t<meta name=\"twitter:data2\" content=\"2 minuti\" \/>\n<script type=\"application\/ld+json\" class=\"yoast-schema-graph\">{\"@context\":\"https:\\\/\\\/schema.org\",\"@graph\":[{\"@type\":\"Article\",\"@id\":\"https:\\\/\\\/www.musikzeitung.ch\\\/news\\\/2023\\\/06\\\/st-galler-kunstpreis-fuer-priya-ragu#article\",\"isPartOf\":{\"@id\":\"https:\\\/\\\/www.musikzeitung.ch\\\/news\\\/2023\\\/06\\\/st-galler-kunstpreis-fuer-priya-ragu\"},\"author\":{\"name\":\"Wolfgang B\u00f6hler\",\"@id\":\"https:\\\/\\\/www.musikzeitung.ch\\\/#\\\/schema\\\/person\\\/0da4fb82d243f1252850a35d0e87cf0c\"},\"headline\":\"St. Galler Kunstpreis f\u00fcr Priya Ragu\",\"datePublished\":\"2023-06-27T12:45:37+00:00\",\"dateModified\":\"2023-06-27T12:48:04+00:00\",\"mainEntityOfPage\":{\"@id\":\"https:\\\/\\\/www.musikzeitung.ch\\\/news\\\/2023\\\/06\\\/st-galler-kunstpreis-fuer-priya-ragu\"},\"wordCount\":227,\"publisher\":{\"@id\":\"https:\\\/\\\/www.musikzeitung.ch\\\/#organization\"},\"image\":{\"@id\":\"https:\\\/\\\/www.musikzeitung.ch\\\/news\\\/2023\\\/06\\\/st-galler-kunstpreis-fuer-priya-ragu#primaryimage\"},\"thumbnailUrl\":\"https:\\\/\\\/www.musikzeitung.ch\\\/wp-content\\\/uploads\\\/2023\\\/06\\\/230627priya.jpg\",\"keywords\":[\"Peter Surber\",\"Priya Ragu\",\"St. Galler Kunstpreis\"],\"articleSection\":[\"News\"],\"inLanguage\":\"it-IT\"},{\"@type\":\"WebPage\",\"@id\":\"https:\\\/\\\/www.musikzeitung.ch\\\/news\\\/2023\\\/06\\\/st-galler-kunstpreis-fuer-priya-ragu\",\"url\":\"https:\\\/\\\/www.musikzeitung.ch\\\/news\\\/2023\\\/06\\\/st-galler-kunstpreis-fuer-priya-ragu\",\"name\":\"St. Galler Kunstpreis f\u00fcr Priya Ragu - Schweizer Musikzeitung\",\"isPartOf\":{\"@id\":\"https:\\\/\\\/www.musikzeitung.ch\\\/#website\"},\"primaryImageOfPage\":{\"@id\":\"https:\\\/\\\/www.musikzeitung.ch\\\/news\\\/2023\\\/06\\\/st-galler-kunstpreis-fuer-priya-ragu#primaryimage\"},\"image\":{\"@id\":\"https:\\\/\\\/www.musikzeitung.ch\\\/news\\\/2023\\\/06\\\/st-galler-kunstpreis-fuer-priya-ragu#primaryimage\"},\"thumbnailUrl\":\"https:\\\/\\\/www.musikzeitung.ch\\\/wp-content\\\/uploads\\\/2023\\\/06\\\/230627priya.jpg\",\"datePublished\":\"2023-06-27T12:45:37+00:00\",\"dateModified\":\"2023-06-27T12:48:04+00:00\",\"description\":\"Der Kunstpreis 2023 der St.Gallischen Kulturstiftung geht an die Musikerin Priya Ragu, ein Anerkennungspreis an den Kulturjournalisten Peter Surber.\",\"breadcrumb\":{\"@id\":\"https:\\\/\\\/www.musikzeitung.ch\\\/news\\\/2023\\\/06\\\/st-galler-kunstpreis-fuer-priya-ragu#breadcrumb\"},\"inLanguage\":\"it-IT\",\"potentialAction\":[{\"@type\":\"ReadAction\",\"target\":[\"https:\\\/\\\/www.musikzeitung.ch\\\/news\\\/2023\\\/06\\\/st-galler-kunstpreis-fuer-priya-ragu\"]}]},{\"@type\":\"ImageObject\",\"inLanguage\":\"it-IT\",\"@id\":\"https:\\\/\\\/www.musikzeitung.ch\\\/news\\\/2023\\\/06\\\/st-galler-kunstpreis-fuer-priya-ragu#primaryimage\",\"url\":\"https:\\\/\\\/www.musikzeitung.ch\\\/wp-content\\\/uploads\\\/2023\\\/06\\\/230627priya.jpg\",\"contentUrl\":\"https:\\\/\\\/www.musikzeitung.ch\\\/wp-content\\\/uploads\\\/2023\\\/06\\\/230627priya.jpg\",\"width\":841,\"height\":562,\"caption\":\"Priya Ragu (Bld: Youtube-Screeenshot)\"},{\"@type\":\"BreadcrumbList\",\"@id\":\"https:\\\/\\\/www.musikzeitung.ch\\\/news\\\/2023\\\/06\\\/st-galler-kunstpreis-fuer-priya-ragu#breadcrumb\",\"itemListElement\":[{\"@type\":\"ListItem\",\"position\":1,\"name\":\"Home\",\"item\":\"https:\\\/\\\/www.musikzeitung.ch\\\/\"},{\"@type\":\"ListItem\",\"position\":2,\"name\":\"St. Galler Kunstpreis f\u00fcr Priya Ragu\"}]},{\"@type\":\"WebSite\",\"@id\":\"https:\\\/\\\/www.musikzeitung.ch\\\/#website\",\"url\":\"https:\\\/\\\/www.musikzeitung.ch\\\/\",\"name\":\"Schweizer Musikzeitung\",\"description\":\"Die f\u00fchrende sparten\u00fcbergreifende Monatszeitung in der Schweiz f\u00fcr musikalische Fragen.\",\"publisher\":{\"@id\":\"https:\\\/\\\/www.musikzeitung.ch\\\/#organization\"},\"potentialAction\":[{\"@type\":\"SearchAction\",\"target\":{\"@type\":\"EntryPoint\",\"urlTemplate\":\"https:\\\/\\\/www.musikzeitung.ch\\\/?s={search_term_string}\"},\"query-input\":{\"@type\":\"PropertyValueSpecification\",\"valueRequired\":true,\"valueName\":\"search_term_string\"}}],\"inLanguage\":\"it-IT\"},{\"@type\":\"Organization\",\"@id\":\"https:\\\/\\\/www.musikzeitung.ch\\\/#organization\",\"name\":\"Schweizer Musikzeitung\",\"url\":\"https:\\\/\\\/www.musikzeitung.ch\\\/\",\"logo\":{\"@type\":\"ImageObject\",\"inLanguage\":\"it-IT\",\"@id\":\"https:\\\/\\\/www.musikzeitung.ch\\\/#\\\/schema\\\/logo\\\/image\\\/\",\"url\":\"https:\\\/\\\/www.musikzeitung.ch\\\/wp-content\\\/uploads\\\/2023\\\/01\\\/SMZ_Schriftzug_Sprache.png\",\"contentUrl\":\"https:\\\/\\\/www.musikzeitung.ch\\\/wp-content\\\/uploads\\\/2023\\\/01\\\/SMZ_Schriftzug_Sprache.png\",\"width\":1400,\"height\":279,\"caption\":\"Schweizer Musikzeitung\"},\"image\":{\"@id\":\"https:\\\/\\\/www.musikzeitung.ch\\\/#\\\/schema\\\/logo\\\/image\\\/\"},\"sameAs\":[\"https:\\\/\\\/www.facebook.com\\\/SchweizerMusikzeitung\\\/\",\"https:\\\/\\\/x.com\\\/smusikzeitung\",\"https:\\\/\\\/www.instagram.com\\\/musikzeitung.ch\\\/\"]},{\"@type\":\"Person\",\"@id\":\"https:\\\/\\\/www.musikzeitung.ch\\\/#\\\/schema\\\/person\\\/0da4fb82d243f1252850a35d0e87cf0c\",\"name\":\"Wolfgang B\u00f6hler\",\"image\":{\"@type\":\"ImageObject\",\"inLanguage\":\"it-IT\",\"@id\":\"https:\\\/\\\/www.musikzeitung.ch\\\/wp-content\\\/uploads\\\/2023\\\/01\\\/boehler_portraet_web-e1674139782246-96x96.jpg\",\"url\":\"https:\\\/\\\/www.musikzeitung.ch\\\/wp-content\\\/uploads\\\/2023\\\/01\\\/boehler_portraet_web-e1674139782246-96x96.jpg\",\"contentUrl\":\"https:\\\/\\\/www.musikzeitung.ch\\\/wp-content\\\/uploads\\\/2023\\\/01\\\/boehler_portraet_web-e1674139782246-96x96.jpg\",\"caption\":\"Wolfgang B\u00f6hler\"},\"sameAs\":[\"http:\\\/\\\/www.manacanto.ch\",\"https:\\\/\\\/www.facebook.com\\\/wolfgang.bohler.75\"],\"url\":\"https:\\\/\\\/www.musikzeitung.ch\\\/it\\\/author\\\/wolfgang-boehler\"}]}<\/script>\n<!-- \/ Yoast SEO plugin. -->","yoast_head_json":{"title":"St. Galler Kunstpreis f\u00fcr Priya Ragu - Schweizer Musikzeitung","description":"Der Kunstpreis 2023 der St.Gallischen Kulturstiftung geht an die Musikerin Priya Ragu, ein Anerkennungspreis an den Kulturjournalisten Peter Surber.","robots":{"index":"index","follow":"follow","max-snippet":"max-snippet:-1","max-image-preview":"max-image-preview:large","max-video-preview":"max-video-preview:-1"},"canonical":"https:\/\/www.musikzeitung.ch\/it\/news\/2023\/06\/st-galler-kunstpreis-fuer-priya-ragu\/","og_locale":"it_IT","og_type":"article","og_title":"St. Galler Kunstpreis f\u00fcr Priya Ragu - Schweizer Musikzeitung","og_description":"Der Kunstpreis 2023 der St.Gallischen Kulturstiftung geht an die Musikerin Priya Ragu, ein Anerkennungspreis an den Kulturjournalisten Peter Surber.","og_url":"https:\/\/www.musikzeitung.ch\/it\/news\/2023\/06\/st-galler-kunstpreis-fuer-priya-ragu\/","og_site_name":"Schweizer Musikzeitung","article_publisher":"https:\/\/www.facebook.com\/SchweizerMusikzeitung\/","article_author":"https:\/\/www.facebook.com\/wolfgang.bohler.75","article_published_time":"2023-06-27T12:45:37+00:00","article_modified_time":"2023-06-27T12:48:04+00:00","og_image":[{"width":841,"height":562,"url":"https:\/\/www.musikzeitung.ch\/wp-content\/uploads\/2023\/06\/230627priya.jpg","type":"image\/jpeg"}],"author":"Wolfgang B\u00f6hler","twitter_card":"summary_large_image","twitter_creator":"@smusikzeitung","twitter_site":"@smusikzeitung","twitter_misc":{"Scritto da":"Wolfgang B\u00f6hler","Tempo di lettura stimato":"2 minuti"},"schema":{"@context":"https:\/\/schema.org","@graph":[{"@type":"Article","@id":"https:\/\/www.musikzeitung.ch\/news\/2023\/06\/st-galler-kunstpreis-fuer-priya-ragu#article","isPartOf":{"@id":"https:\/\/www.musikzeitung.ch\/news\/2023\/06\/st-galler-kunstpreis-fuer-priya-ragu"},"author":{"name":"Wolfgang B\u00f6hler","@id":"https:\/\/www.musikzeitung.ch\/#\/schema\/person\/0da4fb82d243f1252850a35d0e87cf0c"},"headline":"St. Galler Kunstpreis f\u00fcr Priya Ragu","datePublished":"2023-06-27T12:45:37+00:00","dateModified":"2023-06-27T12:48:04+00:00","mainEntityOfPage":{"@id":"https:\/\/www.musikzeitung.ch\/news\/2023\/06\/st-galler-kunstpreis-fuer-priya-ragu"},"wordCount":227,"publisher":{"@id":"https:\/\/www.musikzeitung.ch\/#organization"},"image":{"@id":"https:\/\/www.musikzeitung.ch\/news\/2023\/06\/st-galler-kunstpreis-fuer-priya-ragu#primaryimage"},"thumbnailUrl":"https:\/\/www.musikzeitung.ch\/wp-content\/uploads\/2023\/06\/230627priya.jpg","keywords":["Peter Surber","Priya Ragu","St. Galler Kunstpreis"],"articleSection":["News"],"inLanguage":"it-IT"},{"@type":"WebPage","@id":"https:\/\/www.musikzeitung.ch\/news\/2023\/06\/st-galler-kunstpreis-fuer-priya-ragu","url":"https:\/\/www.musikzeitung.ch\/news\/2023\/06\/st-galler-kunstpreis-fuer-priya-ragu","name":"St. Galler Kunstpreis f\u00fcr Priya Ragu - Schweizer Musikzeitung","isPartOf":{"@id":"https:\/\/www.musikzeitung.ch\/#website"},"primaryImageOfPage":{"@id":"https:\/\/www.musikzeitung.ch\/news\/2023\/06\/st-galler-kunstpreis-fuer-priya-ragu#primaryimage"},"image":{"@id":"https:\/\/www.musikzeitung.ch\/news\/2023\/06\/st-galler-kunstpreis-fuer-priya-ragu#primaryimage"},"thumbnailUrl":"https:\/\/www.musikzeitung.ch\/wp-content\/uploads\/2023\/06\/230627priya.jpg","datePublished":"2023-06-27T12:45:37+00:00","dateModified":"2023-06-27T12:48:04+00:00","description":"Der Kunstpreis 2023 der St.Gallischen Kulturstiftung geht an die Musikerin Priya Ragu, ein Anerkennungspreis an den Kulturjournalisten Peter Surber.","breadcrumb":{"@id":"https:\/\/www.musikzeitung.ch\/news\/2023\/06\/st-galler-kunstpreis-fuer-priya-ragu#breadcrumb"},"inLanguage":"it-IT","potentialAction":[{"@type":"ReadAction","target":["https:\/\/www.musikzeitung.ch\/news\/2023\/06\/st-galler-kunstpreis-fuer-priya-ragu"]}]},{"@type":"ImageObject","inLanguage":"it-IT","@id":"https:\/\/www.musikzeitung.ch\/news\/2023\/06\/st-galler-kunstpreis-fuer-priya-ragu#primaryimage","url":"https:\/\/www.musikzeitung.ch\/wp-content\/uploads\/2023\/06\/230627priya.jpg","contentUrl":"https:\/\/www.musikzeitung.ch\/wp-content\/uploads\/2023\/06\/230627priya.jpg","width":841,"height":562,"caption":"Priya Ragu (Bld: Youtube-Screeenshot)"},{"@type":"BreadcrumbList","@id":"https:\/\/www.musikzeitung.ch\/news\/2023\/06\/st-galler-kunstpreis-fuer-priya-ragu#breadcrumb","itemListElement":[{"@type":"ListItem","position":1,"name":"Home","item":"https:\/\/www.musikzeitung.ch\/"},{"@type":"ListItem","position":2,"name":"St. Galler Kunstpreis f\u00fcr Priya Ragu"}]},{"@type":"WebSite","@id":"https:\/\/www.musikzeitung.ch\/#website","url":"https:\/\/www.musikzeitung.ch\/","name":"Giornale musicale svizzero","description":"Il principale mensile interdisciplinare della Svizzera per le questioni musicali.","publisher":{"@id":"https:\/\/www.musikzeitung.ch\/#organization"},"potentialAction":[{"@type":"SearchAction","target":{"@type":"EntryPoint","urlTemplate":"https:\/\/www.musikzeitung.ch\/?s={search_term_string}"},"query-input":{"@type":"PropertyValueSpecification","valueRequired":true,"valueName":"search_term_string"}}],"inLanguage":"it-IT"},{"@type":"Organization","@id":"https:\/\/www.musikzeitung.ch\/#organization","name":"Giornale musicale svizzero","url":"https:\/\/www.musikzeitung.ch\/","logo":{"@type":"ImageObject","inLanguage":"it-IT","@id":"https:\/\/www.musikzeitung.ch\/#\/schema\/logo\/image\/","url":"https:\/\/www.musikzeitung.ch\/wp-content\/uploads\/2023\/01\/SMZ_Schriftzug_Sprache.png","contentUrl":"https:\/\/www.musikzeitung.ch\/wp-content\/uploads\/2023\/01\/SMZ_Schriftzug_Sprache.png","width":1400,"height":279,"caption":"Schweizer Musikzeitung"},"image":{"@id":"https:\/\/www.musikzeitung.ch\/#\/schema\/logo\/image\/"},"sameAs":["https:\/\/www.facebook.com\/SchweizerMusikzeitung\/","https:\/\/x.com\/smusikzeitung","https:\/\/www.instagram.com\/musikzeitung.ch\/"]},{"@type":"Person","@id":"https:\/\/www.musikzeitung.ch\/#\/schema\/person\/0da4fb82d243f1252850a35d0e87cf0c","name":"Wolfgang B\u00f6hler","image":{"@type":"ImageObject","inLanguage":"it-IT","@id":"https:\/\/www.musikzeitung.ch\/wp-content\/uploads\/2023\/01\/boehler_portraet_web-e1674139782246-96x96.jpg","url":"https:\/\/www.musikzeitung.ch\/wp-content\/uploads\/2023\/01\/boehler_portraet_web-e1674139782246-96x96.jpg","contentUrl":"https:\/\/www.musikzeitung.ch\/wp-content\/uploads\/2023\/01\/boehler_portraet_web-e1674139782246-96x96.jpg","caption":"Wolfgang B\u00f6hler"},"sameAs":["http:\/\/www.manacanto.ch","https:\/\/www.facebook.com\/wolfgang.bohler.75"],"url":"https:\/\/www.musikzeitung.ch\/it\/author\/wolfgang-boehler"}]}},"publishpress_future_workflow_manual_trigger":{"enabledWorkflows":[]},"_links":{"self":[{"href":"https:\/\/www.musikzeitung.ch\/it\/wp-json\/wp\/v2\/posts\/45693","targetHints":{"allow":["GET"]}}],"collection":[{"href":"https:\/\/www.musikzeitung.ch\/it\/wp-json\/wp\/v2\/posts"}],"about":[{"href":"https:\/\/www.musikzeitung.ch\/it\/wp-json\/wp\/v2\/types\/post"}],"author":[{"embeddable":true,"href":"https:\/\/www.musikzeitung.ch\/it\/wp-json\/wp\/v2\/users\/30"}],"replies":[{"embeddable":true,"href":"https:\/\/www.musikzeitung.ch\/it\/wp-json\/wp\/v2\/comments?post=45693"}],"version-history":[{"count":2,"href":"https:\/\/www.musikzeitung.ch\/it\/wp-json\/wp\/v2\/posts\/45693\/revisions"}],"predecessor-version":[{"id":45696,"href":"https:\/\/www.musikzeitung.ch\/it\/wp-json\/wp\/v2\/posts\/45693\/revisions\/45696"}],"wp:featuredmedia":[{"embeddable":true,"href":"https:\/\/www.musikzeitung.ch\/it\/wp-json\/wp\/v2\/media\/45694"}],"wp:attachment":[{"href":"https:\/\/www.musikzeitung.ch\/it\/wp-json\/wp\/v2\/media?parent=45693"}],"wp:term":[{"taxonomy":"category","embeddable":true,"href":"https:\/\/www.musikzeitung.ch\/it\/wp-json\/wp\/v2\/categories?post=45693"},{"taxonomy":"post_tag","embeddable":true,"href":"https:\/\/www.musikzeitung.ch\/it\/wp-json\/wp\/v2\/tags?post=45693"}],"curies":[{"name":"wp","href":"https:\/\/api.w.org\/{rel}","templated":true}]}}