{"id":45727,"date":"2023-07-02T11:04:30","date_gmt":"2023-07-02T09:04:30","guid":{"rendered":"https:\/\/www.musikzeitung.ch\/?p=45727"},"modified":"2023-06-27T11:18:53","modified_gmt":"2023-06-27T09:18:53","slug":"curschellas","status":"publish","type":"post","link":"https:\/\/www.musikzeitung.ch\/it\/rezensionen\/tontraeger-rezensionen\/2023\/07\/curschellas","title":{"rendered":"Dai Grigioni al mondo e ritorno"},"content":{"rendered":"<figure id=\"attachment_45728\" aria-describedby=\"caption-attachment-45728\" style=\"width: 8136px\" class=\"wp-caption alignnone\"><img loading=\"lazy\" decoding=\"async\" class=\"wp-image-45728 size-full\" src=\"https:\/\/www.musikzeitung.ch\/wp-content\/uploads\/2023\/06\/Corin-Curschellas-Daniel-Infanger.jpg\" alt=\"\" width=\"8136\" height=\"5429\" srcset=\"https:\/\/www.musikzeitung.ch\/wp-content\/uploads\/2023\/06\/Corin-Curschellas-Daniel-Infanger.jpg 1400w, https:\/\/www.musikzeitung.ch\/wp-content\/uploads\/2023\/06\/Corin-Curschellas-Daniel-Infanger-300x200.jpg 300w, https:\/\/www.musikzeitung.ch\/wp-content\/uploads\/2023\/06\/Corin-Curschellas-Daniel-Infanger-1024x683.jpg 1024w, https:\/\/www.musikzeitung.ch\/wp-content\/uploads\/2023\/06\/Corin-Curschellas-Daniel-Infanger-600x400.jpg 600w, https:\/\/www.musikzeitung.ch\/wp-content\/uploads\/2023\/06\/Corin-Curschellas-Daniel-Infanger-768x512.jpg 768w, https:\/\/www.musikzeitung.ch\/wp-content\/uploads\/2023\/06\/Corin-Curschellas-Daniel-Infanger-1536x1025.jpg 1536w, https:\/\/www.musikzeitung.ch\/wp-content\/uploads\/2023\/06\/Corin-Curschellas-Daniel-Infanger-2048x1367.jpg 2048w, https:\/\/www.musikzeitung.ch\/wp-content\/uploads\/2023\/06\/Corin-Curschellas-Daniel-Infanger-262x175.jpg 262w, https:\/\/www.musikzeitung.ch\/wp-content\/uploads\/2023\/06\/Corin-Curschellas-Daniel-Infanger-525x350.jpg 525w, https:\/\/www.musikzeitung.ch\/wp-content\/uploads\/2023\/06\/Corin-Curschellas-Daniel-Infanger-1199x800.jpg 1199w, https:\/\/www.musikzeitung.ch\/wp-content\/uploads\/2023\/06\/Corin-Curschellas-Daniel-Infanger-920x614.jpg 920w\" sizes=\"auto, (max-width: 8136px) 100vw, 8136px\" \/><figcaption id=\"caption-attachment-45728\" class=\"wp-caption-text\">Corin Curschellas. Foto: Daniel Infanger<\/figcaption><\/figure>\n<p>Nonostante la sua lunga e fortunata carriera internazionale, Corin Curschellas \u00e8 rimasta sorprendentemente sconosciuta in Svizzera; probabilmente \u00e8 sempre stata troppo idiosincratica e ingombrante per il gusto della massa locale. Inoltre, non ha mai cercato l'attenzione del pubblico: per lei la musica \u00e8 sempre stata pi\u00f9 importante del successo. La grande dama della scena musicale svizzera festeggia ora i suoi 50 anni di carriera con un cofanetto che interesser\u00e0 non solo i vecchi fan ma anche un nuovo pubblico. I compact disc possono gi\u00e0 essere un formato storico, ma la bella scatola di cartone con quattro CD e due libri \u00e8 un oggetto affascinante che va oltre la musica. I CD hanno ancora un senso perch\u00e9 il cofanetto contiene molte informazioni che vale la pena leggere: tutti i testi, quelli in retoromancio anche con traduzione, gli interpreti e i parolieri coinvolti, una discografia completa e brevi testi di Corin, compagni e compagni di viaggio, che forniscono impressioni coerenti sulla persona e sull'opera. I libri hanno una veste grafica estremamente accattivante e sono integrati da un ricco materiale fotografico. Questo vale da solo l'acquisto.<\/p>\n<p>I sessanta brani contenuti nei quattro CD provengono dagli album solisti di Curschella dal 1990 al 2010, integrati da nuove registrazioni del 2022. Fortunatamente, i vecchi album non sono stati semplicemente ristampati, ma le canzoni sono state accuratamente selezionate e riunite in un nuovo ordine. Di conseguenza, appaiono in un contesto diverso e, anche se le conoscete gi\u00e0, le sentite improvvisamente in un modo completamente nuovo. Due sono le cose che emergono: da un lato, la versatilit\u00e0 linguistica e musicale dell'autore. I testi sono scritti in rumantsch, dialetto, tedesco, inglese e francese e Corin pu\u00f2 cantare in tutte le lingue. Dall'altro lato, il viaggio della sua vita si riflette magnificamente nei luoghi di registrazione: dai Grigioni a Zurigo, Berlino, Vienna, Parigi, Londra, New York e di nuovo alla Surselva.<\/p>\n<p>Un'altra caratteristica del lavoro di Curschella \u00e8 il suo dono di fare rete con le persone migliori, sia per i testi che per le registrazioni. L'elenco dei parolieri e dei musicisti \u00e8 impressionante: in Svizzera - tra i tanti - Heiri K\u00e4nzig, Christy Doran, Max L\u00e4sser e Co Streiff, a Vienna la Vienna Art Orchestra con Mathias R\u00fcegg, a Parigi No\u00ebl Akchot\u00e9 e Steve Arg\u00fcelles, a New York Marc Ribot, Robert Quine, J. T. Lewis e Greg Cohen, tutti rinomati grandi del loro settore. Stilisticamente, i brani oscillano tra jazz, sperimentazione, world music e chanson. Tuttavia, Curschellas non si perde in questa incredibile versatilit\u00e0, ma riesce sempre a dare alle sue canzoni un tocco unico e personale.<\/p>\n<p>Negli ultimi 15 anni, Corin si \u00e8 concentrata principalmente sulla canzone popolare retoromanza, che ha avuto un'ottima accoglienza da parte del pubblico e della stampa. Il fatto che abbia avuto anche una grande carriera internazionale e che abbia portato la Svizzera nel mondo - e il mondo in Svizzera - \u00e8 stato un po' dimenticato. Questo splendido cofanetto lo dimostra chiaramente.<img loading=\"lazy\" decoding=\"async\" class=\"alignnone size-full wp-image-45730\" src=\"https:\/\/www.musikzeitung.ch\/wp-content\/uploads\/2023\/06\/Curschellas_Collecziuns_1990\u201420102022_HER_SONGS_Photo_03_Laurent_Ziegler_web.jpg\" alt=\"\" width=\"2122\" height=\"1364\" srcset=\"https:\/\/www.musikzeitung.ch\/wp-content\/uploads\/2023\/06\/Curschellas_Collecziuns_1990\u201420102022_HER_SONGS_Photo_03_Laurent_Ziegler_web.jpg 1400w, https:\/\/www.musikzeitung.ch\/wp-content\/uploads\/2023\/06\/Curschellas_Collecziuns_1990\u201420102022_HER_SONGS_Photo_03_Laurent_Ziegler_web-300x193.jpg 300w, https:\/\/www.musikzeitung.ch\/wp-content\/uploads\/2023\/06\/Curschellas_Collecziuns_1990\u201420102022_HER_SONGS_Photo_03_Laurent_Ziegler_web-1024x658.jpg 1024w, https:\/\/www.musikzeitung.ch\/wp-content\/uploads\/2023\/06\/Curschellas_Collecziuns_1990\u201420102022_HER_SONGS_Photo_03_Laurent_Ziegler_web-768x494.jpg 768w, https:\/\/www.musikzeitung.ch\/wp-content\/uploads\/2023\/06\/Curschellas_Collecziuns_1990\u201420102022_HER_SONGS_Photo_03_Laurent_Ziegler_web-1536x987.jpg 1536w, https:\/\/www.musikzeitung.ch\/wp-content\/uploads\/2023\/06\/Curschellas_Collecziuns_1990\u201420102022_HER_SONGS_Photo_03_Laurent_Ziegler_web-2048x1316.jpg 2048w, https:\/\/www.musikzeitung.ch\/wp-content\/uploads\/2023\/06\/Curschellas_Collecziuns_1990\u201420102022_HER_SONGS_Photo_03_Laurent_Ziegler_web-272x175.jpg 272w, https:\/\/www.musikzeitung.ch\/wp-content\/uploads\/2023\/06\/Curschellas_Collecziuns_1990\u201420102022_HER_SONGS_Photo_03_Laurent_Ziegler_web-545x350.jpg 545w, https:\/\/www.musikzeitung.ch\/wp-content\/uploads\/2023\/06\/Curschellas_Collecziuns_1990\u201420102022_HER_SONGS_Photo_03_Laurent_Ziegler_web-1245x800.jpg 1245w, https:\/\/www.musikzeitung.ch\/wp-content\/uploads\/2023\/06\/Curschellas_Collecziuns_1990\u201420102022_HER_SONGS_Photo_03_Laurent_Ziegler_web-920x591.jpg 920w\" sizes=\"auto, (max-width: 2122px) 100vw, 2122px\" \/><em>Corin Curschellas: Collecziuns 1990-2010 + 2022 canzoni, Tourbo Music TOURBO068<\/em><\/p>","protected":false},"excerpt":{"rendered":"<p>Corin Curschellas festeggia il suo 50\u00b0 anniversario di carriera con un cofanetto speciale: quattro CD e due libri. <\/p>","protected":false},"author":29,"featured_media":45728,"comment_status":"closed","ping_status":"closed","sticky":false,"template":"","format":"standard","meta":{"_acf_changed":false,"_relevanssi_hide_post":"","_relevanssi_hide_content":"","_relevanssi_pin_for_all":"","_relevanssi_pin_keywords":"","_relevanssi_unpin_keywords":"","_relevanssi_related_keywords":"","_relevanssi_related_include_ids":"","_relevanssi_related_exclude_ids":"","_relevanssi_related_no_append":"","_relevanssi_related_not_related":"","_relevanssi_related_posts":"","_relevanssi_noindex_reason":"","pgc_sgb_lightbox_settings":"","footnotes":""},"categories":[1214,29,1420],"tags":[2661,2660,2659],"class_list":["post-45727","post","type-post","status-publish","format-standard","has-post-thumbnail","hentry","category-buecher-rezensionen","category-rezensionen","category-tontraeger-rezensionen","tag-buehnenjubilaeum","tag-collecziuns-1990-2010-2022","tag-corin-curschellas"],"acf":[],"yoast_head":"<!-- This site is optimized with the Yoast SEO plugin v27.4 - https:\/\/yoast.com\/product\/yoast-seo-wordpress\/ -->\n<title>Vom B\u00fcndnerland in die Welt und zur\u00fcck - Schweizer Musikzeitung<\/title>\n<meta name=\"robots\" content=\"index, follow, max-snippet:-1, max-image-preview:large, max-video-preview:-1\" \/>\n<link rel=\"canonical\" href=\"https:\/\/www.musikzeitung.ch\/it\/rezensionen\/tontraeger-rezensionen\/2023\/07\/curschellas\/\" \/>\n<meta property=\"og:locale\" content=\"it_IT\" \/>\n<meta property=\"og:type\" content=\"article\" \/>\n<meta property=\"og:title\" content=\"Vom B\u00fcndnerland in die Welt und zur\u00fcck - Schweizer Musikzeitung\" \/>\n<meta property=\"og:description\" content=\"Corin Curschellas feiert ihr 50-j\u00e4hriges B\u00fchnenjubil\u00e4um mit einer speziellen Box: vier CDs und zwei B\u00fccher.\" \/>\n<meta property=\"og:url\" content=\"https:\/\/www.musikzeitung.ch\/it\/rezensionen\/tontraeger-rezensionen\/2023\/07\/curschellas\/\" \/>\n<meta property=\"og:site_name\" content=\"Schweizer Musikzeitung\" \/>\n<meta property=\"article:publisher\" content=\"https:\/\/www.facebook.com\/SchweizerMusikzeitung\/\" \/>\n<meta property=\"article:published_time\" content=\"2023-07-02T09:04:30+00:00\" \/>\n<meta property=\"og:image\" content=\"https:\/\/www.musikzeitung.ch\/wp-content\/uploads\/2023\/06\/Corin-Curschellas-Daniel-Infanger.jpg\" \/>\n\t<meta property=\"og:image:width\" content=\"1400\" \/>\n\t<meta property=\"og:image:height\" content=\"934\" \/>\n\t<meta property=\"og:image:type\" content=\"image\/jpeg\" \/>\n<meta name=\"author\" content=\"pia.schwab\" \/>\n<meta name=\"twitter:card\" content=\"summary_large_image\" \/>\n<meta name=\"twitter:creator\" content=\"@smusikzeitung\" \/>\n<meta name=\"twitter:site\" content=\"@smusikzeitung\" \/>\n<meta name=\"twitter:label1\" content=\"Scritto da\" \/>\n\t<meta name=\"twitter:data1\" content=\"pia.schwab\" \/>\n\t<meta name=\"twitter:label2\" content=\"Tempo di lettura stimato\" \/>\n\t<meta name=\"twitter:data2\" content=\"4 minuti\" \/>\n<script type=\"application\/ld+json\" class=\"yoast-schema-graph\">{\"@context\":\"https:\\\/\\\/schema.org\",\"@graph\":[{\"@type\":\"Article\",\"@id\":\"https:\\\/\\\/www.musikzeitung.ch\\\/rezensionen\\\/tontraeger-rezensionen\\\/2023\\\/07\\\/curschellas#article\",\"isPartOf\":{\"@id\":\"https:\\\/\\\/www.musikzeitung.ch\\\/rezensionen\\\/tontraeger-rezensionen\\\/2023\\\/07\\\/curschellas\"},\"author\":{\"name\":\"pia.schwab\",\"@id\":\"https:\\\/\\\/www.musikzeitung.ch\\\/#\\\/schema\\\/person\\\/ea3d7b86bd7157c78c7ddd37f2f82b5b\"},\"headline\":\"Vom B\u00fcndnerland in die Welt und zur\u00fcck\",\"datePublished\":\"2023-07-02T09:04:30+00:00\",\"mainEntityOfPage\":{\"@id\":\"https:\\\/\\\/www.musikzeitung.ch\\\/rezensionen\\\/tontraeger-rezensionen\\\/2023\\\/07\\\/curschellas\"},\"wordCount\":535,\"publisher\":{\"@id\":\"https:\\\/\\\/www.musikzeitung.ch\\\/#organization\"},\"image\":{\"@id\":\"https:\\\/\\\/www.musikzeitung.ch\\\/rezensionen\\\/tontraeger-rezensionen\\\/2023\\\/07\\\/curschellas#primaryimage\"},\"thumbnailUrl\":\"https:\\\/\\\/www.musikzeitung.ch\\\/wp-content\\\/uploads\\\/2023\\\/06\\\/Corin-Curschellas-Daniel-Infanger.jpg\",\"keywords\":[\"B\u00fchnenjubil\u00e4um\",\"Collecziuns 1990\u20132010 + 2022\",\"Corin Curschellas\"],\"articleSection\":[\"B\u00fccher\",\"Rezensionen\",\"Tontr\u00e4ger\"],\"inLanguage\":\"it-IT\"},{\"@type\":\"WebPage\",\"@id\":\"https:\\\/\\\/www.musikzeitung.ch\\\/rezensionen\\\/tontraeger-rezensionen\\\/2023\\\/07\\\/curschellas\",\"url\":\"https:\\\/\\\/www.musikzeitung.ch\\\/rezensionen\\\/tontraeger-rezensionen\\\/2023\\\/07\\\/curschellas\",\"name\":\"Vom B\u00fcndnerland in die Welt und zur\u00fcck - Schweizer Musikzeitung\",\"isPartOf\":{\"@id\":\"https:\\\/\\\/www.musikzeitung.ch\\\/#website\"},\"primaryImageOfPage\":{\"@id\":\"https:\\\/\\\/www.musikzeitung.ch\\\/rezensionen\\\/tontraeger-rezensionen\\\/2023\\\/07\\\/curschellas#primaryimage\"},\"image\":{\"@id\":\"https:\\\/\\\/www.musikzeitung.ch\\\/rezensionen\\\/tontraeger-rezensionen\\\/2023\\\/07\\\/curschellas#primaryimage\"},\"thumbnailUrl\":\"https:\\\/\\\/www.musikzeitung.ch\\\/wp-content\\\/uploads\\\/2023\\\/06\\\/Corin-Curschellas-Daniel-Infanger.jpg\",\"datePublished\":\"2023-07-02T09:04:30+00:00\",\"breadcrumb\":{\"@id\":\"https:\\\/\\\/www.musikzeitung.ch\\\/rezensionen\\\/tontraeger-rezensionen\\\/2023\\\/07\\\/curschellas#breadcrumb\"},\"inLanguage\":\"it-IT\",\"potentialAction\":[{\"@type\":\"ReadAction\",\"target\":[\"https:\\\/\\\/www.musikzeitung.ch\\\/rezensionen\\\/tontraeger-rezensionen\\\/2023\\\/07\\\/curschellas\"]}]},{\"@type\":\"ImageObject\",\"inLanguage\":\"it-IT\",\"@id\":\"https:\\\/\\\/www.musikzeitung.ch\\\/rezensionen\\\/tontraeger-rezensionen\\\/2023\\\/07\\\/curschellas#primaryimage\",\"url\":\"https:\\\/\\\/www.musikzeitung.ch\\\/wp-content\\\/uploads\\\/2023\\\/06\\\/Corin-Curschellas-Daniel-Infanger.jpg\",\"contentUrl\":\"https:\\\/\\\/www.musikzeitung.ch\\\/wp-content\\\/uploads\\\/2023\\\/06\\\/Corin-Curschellas-Daniel-Infanger.jpg\",\"width\":1400,\"height\":934},{\"@type\":\"BreadcrumbList\",\"@id\":\"https:\\\/\\\/www.musikzeitung.ch\\\/rezensionen\\\/tontraeger-rezensionen\\\/2023\\\/07\\\/curschellas#breadcrumb\",\"itemListElement\":[{\"@type\":\"ListItem\",\"position\":1,\"name\":\"Home\",\"item\":\"https:\\\/\\\/www.musikzeitung.ch\\\/\"},{\"@type\":\"ListItem\",\"position\":2,\"name\":\"Vom B\u00fcndnerland in die Welt und zur\u00fcck\"}]},{\"@type\":\"WebSite\",\"@id\":\"https:\\\/\\\/www.musikzeitung.ch\\\/#website\",\"url\":\"https:\\\/\\\/www.musikzeitung.ch\\\/\",\"name\":\"Schweizer Musikzeitung\",\"description\":\"Die f\u00fchrende sparten\u00fcbergreifende Monatszeitung in der Schweiz f\u00fcr musikalische Fragen.\",\"publisher\":{\"@id\":\"https:\\\/\\\/www.musikzeitung.ch\\\/#organization\"},\"potentialAction\":[{\"@type\":\"SearchAction\",\"target\":{\"@type\":\"EntryPoint\",\"urlTemplate\":\"https:\\\/\\\/www.musikzeitung.ch\\\/?s={search_term_string}\"},\"query-input\":{\"@type\":\"PropertyValueSpecification\",\"valueRequired\":true,\"valueName\":\"search_term_string\"}}],\"inLanguage\":\"it-IT\"},{\"@type\":\"Organization\",\"@id\":\"https:\\\/\\\/www.musikzeitung.ch\\\/#organization\",\"name\":\"Schweizer Musikzeitung\",\"url\":\"https:\\\/\\\/www.musikzeitung.ch\\\/\",\"logo\":{\"@type\":\"ImageObject\",\"inLanguage\":\"it-IT\",\"@id\":\"https:\\\/\\\/www.musikzeitung.ch\\\/#\\\/schema\\\/logo\\\/image\\\/\",\"url\":\"https:\\\/\\\/www.musikzeitung.ch\\\/wp-content\\\/uploads\\\/2023\\\/01\\\/SMZ_Schriftzug_Sprache.png\",\"contentUrl\":\"https:\\\/\\\/www.musikzeitung.ch\\\/wp-content\\\/uploads\\\/2023\\\/01\\\/SMZ_Schriftzug_Sprache.png\",\"width\":1400,\"height\":279,\"caption\":\"Schweizer Musikzeitung\"},\"image\":{\"@id\":\"https:\\\/\\\/www.musikzeitung.ch\\\/#\\\/schema\\\/logo\\\/image\\\/\"},\"sameAs\":[\"https:\\\/\\\/www.facebook.com\\\/SchweizerMusikzeitung\\\/\",\"https:\\\/\\\/x.com\\\/smusikzeitung\",\"https:\\\/\\\/www.instagram.com\\\/musikzeitung.ch\\\/\"]},{\"@type\":\"Person\",\"@id\":\"https:\\\/\\\/www.musikzeitung.ch\\\/#\\\/schema\\\/person\\\/ea3d7b86bd7157c78c7ddd37f2f82b5b\",\"name\":\"pia.schwab\",\"image\":{\"@type\":\"ImageObject\",\"inLanguage\":\"it-IT\",\"@id\":\"https:\\\/\\\/secure.gravatar.com\\\/avatar\\\/d39d170de4c2d07e897fbc26cf9d890fc046285c742207b86d8ebabe5fcde2c4?s=96&d=mm&r=g\",\"url\":\"https:\\\/\\\/secure.gravatar.com\\\/avatar\\\/d39d170de4c2d07e897fbc26cf9d890fc046285c742207b86d8ebabe5fcde2c4?s=96&d=mm&r=g\",\"contentUrl\":\"https:\\\/\\\/secure.gravatar.com\\\/avatar\\\/d39d170de4c2d07e897fbc26cf9d890fc046285c742207b86d8ebabe5fcde2c4?s=96&d=mm&r=g\",\"caption\":\"pia.schwab\"},\"url\":\"https:\\\/\\\/www.musikzeitung.ch\\\/it\\\/author\\\/pia-schwab\"}]}<\/script>\n<!-- \/ Yoast SEO plugin. -->","yoast_head_json":{"title":"Dai Grigioni al mondo e ritorno - Schweizer Musikzeitung","robots":{"index":"index","follow":"follow","max-snippet":"max-snippet:-1","max-image-preview":"max-image-preview:large","max-video-preview":"max-video-preview:-1"},"canonical":"https:\/\/www.musikzeitung.ch\/it\/rezensionen\/tontraeger-rezensionen\/2023\/07\/curschellas\/","og_locale":"it_IT","og_type":"article","og_title":"Vom B\u00fcndnerland in die Welt und zur\u00fcck - Schweizer Musikzeitung","og_description":"Corin Curschellas feiert ihr 50-j\u00e4hriges B\u00fchnenjubil\u00e4um mit einer speziellen Box: vier CDs und zwei B\u00fccher.","og_url":"https:\/\/www.musikzeitung.ch\/it\/rezensionen\/tontraeger-rezensionen\/2023\/07\/curschellas\/","og_site_name":"Schweizer Musikzeitung","article_publisher":"https:\/\/www.facebook.com\/SchweizerMusikzeitung\/","article_published_time":"2023-07-02T09:04:30+00:00","og_image":[{"width":1400,"height":934,"url":"https:\/\/www.musikzeitung.ch\/wp-content\/uploads\/2023\/06\/Corin-Curschellas-Daniel-Infanger.jpg","type":"image\/jpeg"}],"author":"pia.schwab","twitter_card":"summary_large_image","twitter_creator":"@smusikzeitung","twitter_site":"@smusikzeitung","twitter_misc":{"Scritto da":"pia.schwab","Tempo di lettura stimato":"4 minuti"},"schema":{"@context":"https:\/\/schema.org","@graph":[{"@type":"Article","@id":"https:\/\/www.musikzeitung.ch\/rezensionen\/tontraeger-rezensionen\/2023\/07\/curschellas#article","isPartOf":{"@id":"https:\/\/www.musikzeitung.ch\/rezensionen\/tontraeger-rezensionen\/2023\/07\/curschellas"},"author":{"name":"pia.schwab","@id":"https:\/\/www.musikzeitung.ch\/#\/schema\/person\/ea3d7b86bd7157c78c7ddd37f2f82b5b"},"headline":"Vom B\u00fcndnerland in die Welt und zur\u00fcck","datePublished":"2023-07-02T09:04:30+00:00","mainEntityOfPage":{"@id":"https:\/\/www.musikzeitung.ch\/rezensionen\/tontraeger-rezensionen\/2023\/07\/curschellas"},"wordCount":535,"publisher":{"@id":"https:\/\/www.musikzeitung.ch\/#organization"},"image":{"@id":"https:\/\/www.musikzeitung.ch\/rezensionen\/tontraeger-rezensionen\/2023\/07\/curschellas#primaryimage"},"thumbnailUrl":"https:\/\/www.musikzeitung.ch\/wp-content\/uploads\/2023\/06\/Corin-Curschellas-Daniel-Infanger.jpg","keywords":["B\u00fchnenjubil\u00e4um","Collecziuns 1990\u20132010 + 2022","Corin Curschellas"],"articleSection":["B\u00fccher","Rezensionen","Tontr\u00e4ger"],"inLanguage":"it-IT"},{"@type":"WebPage","@id":"https:\/\/www.musikzeitung.ch\/rezensionen\/tontraeger-rezensionen\/2023\/07\/curschellas","url":"https:\/\/www.musikzeitung.ch\/rezensionen\/tontraeger-rezensionen\/2023\/07\/curschellas","name":"Dai Grigioni al mondo e ritorno - Schweizer Musikzeitung","isPartOf":{"@id":"https:\/\/www.musikzeitung.ch\/#website"},"primaryImageOfPage":{"@id":"https:\/\/www.musikzeitung.ch\/rezensionen\/tontraeger-rezensionen\/2023\/07\/curschellas#primaryimage"},"image":{"@id":"https:\/\/www.musikzeitung.ch\/rezensionen\/tontraeger-rezensionen\/2023\/07\/curschellas#primaryimage"},"thumbnailUrl":"https:\/\/www.musikzeitung.ch\/wp-content\/uploads\/2023\/06\/Corin-Curschellas-Daniel-Infanger.jpg","datePublished":"2023-07-02T09:04:30+00:00","breadcrumb":{"@id":"https:\/\/www.musikzeitung.ch\/rezensionen\/tontraeger-rezensionen\/2023\/07\/curschellas#breadcrumb"},"inLanguage":"it-IT","potentialAction":[{"@type":"ReadAction","target":["https:\/\/www.musikzeitung.ch\/rezensionen\/tontraeger-rezensionen\/2023\/07\/curschellas"]}]},{"@type":"ImageObject","inLanguage":"it-IT","@id":"https:\/\/www.musikzeitung.ch\/rezensionen\/tontraeger-rezensionen\/2023\/07\/curschellas#primaryimage","url":"https:\/\/www.musikzeitung.ch\/wp-content\/uploads\/2023\/06\/Corin-Curschellas-Daniel-Infanger.jpg","contentUrl":"https:\/\/www.musikzeitung.ch\/wp-content\/uploads\/2023\/06\/Corin-Curschellas-Daniel-Infanger.jpg","width":1400,"height":934},{"@type":"BreadcrumbList","@id":"https:\/\/www.musikzeitung.ch\/rezensionen\/tontraeger-rezensionen\/2023\/07\/curschellas#breadcrumb","itemListElement":[{"@type":"ListItem","position":1,"name":"Home","item":"https:\/\/www.musikzeitung.ch\/"},{"@type":"ListItem","position":2,"name":"Vom B\u00fcndnerland in die Welt und zur\u00fcck"}]},{"@type":"WebSite","@id":"https:\/\/www.musikzeitung.ch\/#website","url":"https:\/\/www.musikzeitung.ch\/","name":"Giornale musicale svizzero","description":"Il principale mensile interdisciplinare della Svizzera per le questioni musicali.","publisher":{"@id":"https:\/\/www.musikzeitung.ch\/#organization"},"potentialAction":[{"@type":"SearchAction","target":{"@type":"EntryPoint","urlTemplate":"https:\/\/www.musikzeitung.ch\/?s={search_term_string}"},"query-input":{"@type":"PropertyValueSpecification","valueRequired":true,"valueName":"search_term_string"}}],"inLanguage":"it-IT"},{"@type":"Organization","@id":"https:\/\/www.musikzeitung.ch\/#organization","name":"Giornale musicale svizzero","url":"https:\/\/www.musikzeitung.ch\/","logo":{"@type":"ImageObject","inLanguage":"it-IT","@id":"https:\/\/www.musikzeitung.ch\/#\/schema\/logo\/image\/","url":"https:\/\/www.musikzeitung.ch\/wp-content\/uploads\/2023\/01\/SMZ_Schriftzug_Sprache.png","contentUrl":"https:\/\/www.musikzeitung.ch\/wp-content\/uploads\/2023\/01\/SMZ_Schriftzug_Sprache.png","width":1400,"height":279,"caption":"Schweizer Musikzeitung"},"image":{"@id":"https:\/\/www.musikzeitung.ch\/#\/schema\/logo\/image\/"},"sameAs":["https:\/\/www.facebook.com\/SchweizerMusikzeitung\/","https:\/\/x.com\/smusikzeitung","https:\/\/www.instagram.com\/musikzeitung.ch\/"]},{"@type":"Person","@id":"https:\/\/www.musikzeitung.ch\/#\/schema\/person\/ea3d7b86bd7157c78c7ddd37f2f82b5b","name":"pia.schwab","image":{"@type":"ImageObject","inLanguage":"it-IT","@id":"https:\/\/secure.gravatar.com\/avatar\/d39d170de4c2d07e897fbc26cf9d890fc046285c742207b86d8ebabe5fcde2c4?s=96&d=mm&r=g","url":"https:\/\/secure.gravatar.com\/avatar\/d39d170de4c2d07e897fbc26cf9d890fc046285c742207b86d8ebabe5fcde2c4?s=96&d=mm&r=g","contentUrl":"https:\/\/secure.gravatar.com\/avatar\/d39d170de4c2d07e897fbc26cf9d890fc046285c742207b86d8ebabe5fcde2c4?s=96&d=mm&r=g","caption":"pia.schwab"},"url":"https:\/\/www.musikzeitung.ch\/it\/author\/pia-schwab"}]}},"publishpress_future_workflow_manual_trigger":{"enabledWorkflows":[]},"_links":{"self":[{"href":"https:\/\/www.musikzeitung.ch\/it\/wp-json\/wp\/v2\/posts\/45727","targetHints":{"allow":["GET"]}}],"collection":[{"href":"https:\/\/www.musikzeitung.ch\/it\/wp-json\/wp\/v2\/posts"}],"about":[{"href":"https:\/\/www.musikzeitung.ch\/it\/wp-json\/wp\/v2\/types\/post"}],"author":[{"embeddable":true,"href":"https:\/\/www.musikzeitung.ch\/it\/wp-json\/wp\/v2\/users\/29"}],"replies":[{"embeddable":true,"href":"https:\/\/www.musikzeitung.ch\/it\/wp-json\/wp\/v2\/comments?post=45727"}],"version-history":[{"count":2,"href":"https:\/\/www.musikzeitung.ch\/it\/wp-json\/wp\/v2\/posts\/45727\/revisions"}],"predecessor-version":[{"id":45732,"href":"https:\/\/www.musikzeitung.ch\/it\/wp-json\/wp\/v2\/posts\/45727\/revisions\/45732"}],"wp:featuredmedia":[{"embeddable":true,"href":"https:\/\/www.musikzeitung.ch\/it\/wp-json\/wp\/v2\/media\/45728"}],"wp:attachment":[{"href":"https:\/\/www.musikzeitung.ch\/it\/wp-json\/wp\/v2\/media?parent=45727"}],"wp:term":[{"taxonomy":"category","embeddable":true,"href":"https:\/\/www.musikzeitung.ch\/it\/wp-json\/wp\/v2\/categories?post=45727"},{"taxonomy":"post_tag","embeddable":true,"href":"https:\/\/www.musikzeitung.ch\/it\/wp-json\/wp\/v2\/tags?post=45727"}],"curies":[{"name":"wp","href":"https:\/\/api.w.org\/{rel}","templated":true}]}}