{"id":45932,"date":"2023-07-04T12:02:48","date_gmt":"2023-07-04T10:02:48","guid":{"rendered":"https:\/\/www.musikzeitung.ch\/?p=45932"},"modified":"2023-07-04T12:02:48","modified_gmt":"2023-07-04T10:02:48","slug":"theater-st-gallen-ist-bezugsbereit","status":"publish","type":"post","link":"https:\/\/www.musikzeitung.ch\/it\/news\/2023\/07\/theater-st-gallen-ist-bezugsbereit","title":{"rendered":"Il Teatro di San Gallo \u00e8 pronto per l'occupazione"},"content":{"rendered":"<figure id=\"attachment_45933\" aria-describedby=\"caption-attachment-45933\" style=\"width: 667px\" class=\"wp-caption aligncenter\"><img loading=\"lazy\" decoding=\"async\" class=\"wp-image-45933\" src=\"https:\/\/www.musikzeitung.ch\/wp-content\/uploads\/2023\/07\/230704sg.jpg\" alt=\"\" width=\"667\" height=\"386\" srcset=\"https:\/\/www.musikzeitung.ch\/wp-content\/uploads\/2023\/07\/230704sg.jpg 821w, https:\/\/www.musikzeitung.ch\/wp-content\/uploads\/2023\/07\/230704sg-300x174.jpg 300w, https:\/\/www.musikzeitung.ch\/wp-content\/uploads\/2023\/07\/230704sg-768x444.jpg 768w, https:\/\/www.musikzeitung.ch\/wp-content\/uploads\/2023\/07\/230704sg-302x175.jpg 302w, https:\/\/www.musikzeitung.ch\/wp-content\/uploads\/2023\/07\/230704sg-605x350.jpg 605w\" sizes=\"auto, (max-width: 667px) 100vw, 667px\" \/><figcaption id=\"caption-attachment-45933\" class=\"wp-caption-text\">Teatro di San Gallo (Immagine: Cantone di San Gallo)<\/figcaption><\/figure>\n<p>Secondo il comunicato stampa del Cantone, l'ufficio costruzioni ha completato la ristrutturazione del teatro alla fine di giugno, dopo un periodo di costruzione di quasi tre anni. Il Konzert e il Theater St.Gallen si trasferiranno nei nuovi locali dopo la pausa estiva e si prepareranno per la stagione 2023\/2024 nel teatro rinnovato. La prima di \"Lili Elbe\" avr\u00e0 luogo la sera del 22 ottobre 2023. Al mattino, il pubblico avr\u00e0 l'opportunit\u00e0 di esplorare il teatro durante una giornata di porte aperte.<\/p>\n<p>Il teatro \u00e8 stato inaugurato nel 1968. L'edificio, progettato dall'architetto zurighese Claude Paillard, \u00e8 considerato un capolavoro dell'architettura teatrale moderna. Il dipartimento di costruzione dell'edificio ha modernizzato la tecnologia costruttiva e gran parte della tecnologia operativa. Sono state eliminate le carenze energetiche. Inoltre, la ristrutturazione e l'ampliamento hanno creato le condizioni quadro per le operazioni teatrali contemporanee, senza perdere gli elementi architettonici che le caratterizzano. Il progetto \u00e8 iniziato nel marzo 2020 con la costruzione dell'edificio temporaneo. I lavori di trasformazione sono poi iniziati nell'autunno 2020.<\/p>","protected":false},"excerpt":{"rendered":"<p>Il Cantone di San Gallo ha completato i lavori di ristrutturazione del Teatro di San Gallo. La Cooperativa concerti e teatro di San Gallo si sta trasferendo nei locali e si sta preparando per la stagione 2023\/2024. <\/p>","protected":false},"author":30,"featured_media":45933,"comment_status":"closed","ping_status":"closed","sticky":false,"template":"","format":"standard","meta":{"_acf_changed":false,"_relevanssi_hide_post":"","_relevanssi_hide_content":"","_relevanssi_pin_for_all":"","_relevanssi_pin_keywords":"","_relevanssi_unpin_keywords":"","_relevanssi_related_keywords":"","_relevanssi_related_include_ids":"","_relevanssi_related_exclude_ids":"","_relevanssi_related_no_append":"","_relevanssi_related_not_related":"","_relevanssi_related_posts":"","_relevanssi_noindex_reason":"","pgc_sgb_lightbox_settings":"","footnotes":""},"categories":[27],"tags":[2699],"class_list":["post-45932","post","type-post","status-publish","format-standard","has-post-thumbnail","hentry","category-news","tag-theater-st-gallen"],"acf":[],"yoast_head":"<!-- This site is optimized with the Yoast SEO plugin v27.4 - https:\/\/yoast.com\/product\/yoast-seo-wordpress\/ -->\n<title>Theater St. Gallen ist bezugsbereit - Schweizer Musikzeitung<\/title>\n<meta name=\"robots\" content=\"index, follow, max-snippet:-1, max-image-preview:large, max-video-preview:-1\" \/>\n<link rel=\"canonical\" href=\"https:\/\/www.musikzeitung.ch\/it\/news\/2023\/07\/theater-st-gallen-ist-bezugsbereit\/\" \/>\n<meta property=\"og:locale\" content=\"it_IT\" \/>\n<meta property=\"og:type\" content=\"article\" \/>\n<meta property=\"og:title\" content=\"Theater St. Gallen ist bezugsbereit - Schweizer Musikzeitung\" \/>\n<meta property=\"og:description\" content=\"Der Kanton St. Gallen hat die Sanierungsarbeiten am Theater St.Gallen abgeschlossen. Die Genossenschaft Konzert und Theater St.Gallen bezieht die R\u00e4umlichkeiten und bereitet die Saison 2023\/2024 vor.\" \/>\n<meta property=\"og:url\" content=\"https:\/\/www.musikzeitung.ch\/it\/news\/2023\/07\/theater-st-gallen-ist-bezugsbereit\/\" \/>\n<meta property=\"og:site_name\" content=\"Schweizer Musikzeitung\" \/>\n<meta property=\"article:publisher\" content=\"https:\/\/www.facebook.com\/SchweizerMusikzeitung\/\" \/>\n<meta property=\"article:author\" content=\"https:\/\/www.facebook.com\/wolfgang.bohler.75\" \/>\n<meta property=\"article:published_time\" content=\"2023-07-04T10:02:48+00:00\" \/>\n<meta property=\"og:image\" content=\"https:\/\/www.musikzeitung.ch\/wp-content\/uploads\/2023\/07\/230704sg.jpg\" \/>\n\t<meta property=\"og:image:width\" content=\"821\" \/>\n\t<meta property=\"og:image:height\" content=\"475\" \/>\n\t<meta property=\"og:image:type\" content=\"image\/jpeg\" \/>\n<meta name=\"author\" content=\"Wolfgang B\u00f6hler\" \/>\n<meta name=\"twitter:card\" content=\"summary_large_image\" \/>\n<meta name=\"twitter:creator\" content=\"@smusikzeitung\" \/>\n<meta name=\"twitter:site\" content=\"@smusikzeitung\" \/>\n<meta name=\"twitter:label1\" content=\"Scritto da\" \/>\n\t<meta name=\"twitter:data1\" content=\"Wolfgang B\u00f6hler\" \/>\n\t<meta name=\"twitter:label2\" content=\"Tempo di lettura stimato\" \/>\n\t<meta name=\"twitter:data2\" content=\"2 minuti\" \/>\n<script type=\"application\/ld+json\" class=\"yoast-schema-graph\">{\"@context\":\"https:\\\/\\\/schema.org\",\"@graph\":[{\"@type\":\"Article\",\"@id\":\"https:\\\/\\\/www.musikzeitung.ch\\\/news\\\/2023\\\/07\\\/theater-st-gallen-ist-bezugsbereit#article\",\"isPartOf\":{\"@id\":\"https:\\\/\\\/www.musikzeitung.ch\\\/news\\\/2023\\\/07\\\/theater-st-gallen-ist-bezugsbereit\"},\"author\":{\"name\":\"Wolfgang B\u00f6hler\",\"@id\":\"https:\\\/\\\/www.musikzeitung.ch\\\/#\\\/schema\\\/person\\\/0da4fb82d243f1252850a35d0e87cf0c\"},\"headline\":\"Theater St. Gallen ist bezugsbereit\",\"datePublished\":\"2023-07-04T10:02:48+00:00\",\"mainEntityOfPage\":{\"@id\":\"https:\\\/\\\/www.musikzeitung.ch\\\/news\\\/2023\\\/07\\\/theater-st-gallen-ist-bezugsbereit\"},\"wordCount\":167,\"publisher\":{\"@id\":\"https:\\\/\\\/www.musikzeitung.ch\\\/#organization\"},\"image\":{\"@id\":\"https:\\\/\\\/www.musikzeitung.ch\\\/news\\\/2023\\\/07\\\/theater-st-gallen-ist-bezugsbereit#primaryimage\"},\"thumbnailUrl\":\"https:\\\/\\\/www.musikzeitung.ch\\\/wp-content\\\/uploads\\\/2023\\\/07\\\/230704sg.jpg\",\"keywords\":[\"Theater St. Gallen\"],\"articleSection\":[\"News\"],\"inLanguage\":\"it-IT\"},{\"@type\":\"WebPage\",\"@id\":\"https:\\\/\\\/www.musikzeitung.ch\\\/news\\\/2023\\\/07\\\/theater-st-gallen-ist-bezugsbereit\",\"url\":\"https:\\\/\\\/www.musikzeitung.ch\\\/news\\\/2023\\\/07\\\/theater-st-gallen-ist-bezugsbereit\",\"name\":\"Theater St. Gallen ist bezugsbereit - Schweizer Musikzeitung\",\"isPartOf\":{\"@id\":\"https:\\\/\\\/www.musikzeitung.ch\\\/#website\"},\"primaryImageOfPage\":{\"@id\":\"https:\\\/\\\/www.musikzeitung.ch\\\/news\\\/2023\\\/07\\\/theater-st-gallen-ist-bezugsbereit#primaryimage\"},\"image\":{\"@id\":\"https:\\\/\\\/www.musikzeitung.ch\\\/news\\\/2023\\\/07\\\/theater-st-gallen-ist-bezugsbereit#primaryimage\"},\"thumbnailUrl\":\"https:\\\/\\\/www.musikzeitung.ch\\\/wp-content\\\/uploads\\\/2023\\\/07\\\/230704sg.jpg\",\"datePublished\":\"2023-07-04T10:02:48+00:00\",\"breadcrumb\":{\"@id\":\"https:\\\/\\\/www.musikzeitung.ch\\\/news\\\/2023\\\/07\\\/theater-st-gallen-ist-bezugsbereit#breadcrumb\"},\"inLanguage\":\"it-IT\",\"potentialAction\":[{\"@type\":\"ReadAction\",\"target\":[\"https:\\\/\\\/www.musikzeitung.ch\\\/news\\\/2023\\\/07\\\/theater-st-gallen-ist-bezugsbereit\"]}]},{\"@type\":\"ImageObject\",\"inLanguage\":\"it-IT\",\"@id\":\"https:\\\/\\\/www.musikzeitung.ch\\\/news\\\/2023\\\/07\\\/theater-st-gallen-ist-bezugsbereit#primaryimage\",\"url\":\"https:\\\/\\\/www.musikzeitung.ch\\\/wp-content\\\/uploads\\\/2023\\\/07\\\/230704sg.jpg\",\"contentUrl\":\"https:\\\/\\\/www.musikzeitung.ch\\\/wp-content\\\/uploads\\\/2023\\\/07\\\/230704sg.jpg\",\"width\":821,\"height\":475,\"caption\":\"TheaterSt. Gallen (Bild: Kanton St. Gallen)\"},{\"@type\":\"BreadcrumbList\",\"@id\":\"https:\\\/\\\/www.musikzeitung.ch\\\/news\\\/2023\\\/07\\\/theater-st-gallen-ist-bezugsbereit#breadcrumb\",\"itemListElement\":[{\"@type\":\"ListItem\",\"position\":1,\"name\":\"Home\",\"item\":\"https:\\\/\\\/www.musikzeitung.ch\\\/\"},{\"@type\":\"ListItem\",\"position\":2,\"name\":\"Theater St. Gallen ist bezugsbereit\"}]},{\"@type\":\"WebSite\",\"@id\":\"https:\\\/\\\/www.musikzeitung.ch\\\/#website\",\"url\":\"https:\\\/\\\/www.musikzeitung.ch\\\/\",\"name\":\"Schweizer Musikzeitung\",\"description\":\"Die f\u00fchrende sparten\u00fcbergreifende Monatszeitung in der Schweiz f\u00fcr musikalische Fragen.\",\"publisher\":{\"@id\":\"https:\\\/\\\/www.musikzeitung.ch\\\/#organization\"},\"potentialAction\":[{\"@type\":\"SearchAction\",\"target\":{\"@type\":\"EntryPoint\",\"urlTemplate\":\"https:\\\/\\\/www.musikzeitung.ch\\\/?s={search_term_string}\"},\"query-input\":{\"@type\":\"PropertyValueSpecification\",\"valueRequired\":true,\"valueName\":\"search_term_string\"}}],\"inLanguage\":\"it-IT\"},{\"@type\":\"Organization\",\"@id\":\"https:\\\/\\\/www.musikzeitung.ch\\\/#organization\",\"name\":\"Schweizer Musikzeitung\",\"url\":\"https:\\\/\\\/www.musikzeitung.ch\\\/\",\"logo\":{\"@type\":\"ImageObject\",\"inLanguage\":\"it-IT\",\"@id\":\"https:\\\/\\\/www.musikzeitung.ch\\\/#\\\/schema\\\/logo\\\/image\\\/\",\"url\":\"https:\\\/\\\/www.musikzeitung.ch\\\/wp-content\\\/uploads\\\/2023\\\/01\\\/SMZ_Schriftzug_Sprache.png\",\"contentUrl\":\"https:\\\/\\\/www.musikzeitung.ch\\\/wp-content\\\/uploads\\\/2023\\\/01\\\/SMZ_Schriftzug_Sprache.png\",\"width\":1400,\"height\":279,\"caption\":\"Schweizer Musikzeitung\"},\"image\":{\"@id\":\"https:\\\/\\\/www.musikzeitung.ch\\\/#\\\/schema\\\/logo\\\/image\\\/\"},\"sameAs\":[\"https:\\\/\\\/www.facebook.com\\\/SchweizerMusikzeitung\\\/\",\"https:\\\/\\\/x.com\\\/smusikzeitung\",\"https:\\\/\\\/www.instagram.com\\\/musikzeitung.ch\\\/\"]},{\"@type\":\"Person\",\"@id\":\"https:\\\/\\\/www.musikzeitung.ch\\\/#\\\/schema\\\/person\\\/0da4fb82d243f1252850a35d0e87cf0c\",\"name\":\"Wolfgang B\u00f6hler\",\"image\":{\"@type\":\"ImageObject\",\"inLanguage\":\"it-IT\",\"@id\":\"https:\\\/\\\/www.musikzeitung.ch\\\/wp-content\\\/uploads\\\/2023\\\/01\\\/boehler_portraet_web-e1674139782246-96x96.jpg\",\"url\":\"https:\\\/\\\/www.musikzeitung.ch\\\/wp-content\\\/uploads\\\/2023\\\/01\\\/boehler_portraet_web-e1674139782246-96x96.jpg\",\"contentUrl\":\"https:\\\/\\\/www.musikzeitung.ch\\\/wp-content\\\/uploads\\\/2023\\\/01\\\/boehler_portraet_web-e1674139782246-96x96.jpg\",\"caption\":\"Wolfgang B\u00f6hler\"},\"sameAs\":[\"http:\\\/\\\/www.manacanto.ch\",\"https:\\\/\\\/www.facebook.com\\\/wolfgang.bohler.75\"],\"url\":\"https:\\\/\\\/www.musikzeitung.ch\\\/it\\\/author\\\/wolfgang-boehler\"}]}<\/script>\n<!-- \/ Yoast SEO plugin. -->","yoast_head_json":{"title":"Theater St. Gallen ist bezugsbereit - Schweizer Musikzeitung","robots":{"index":"index","follow":"follow","max-snippet":"max-snippet:-1","max-image-preview":"max-image-preview:large","max-video-preview":"max-video-preview:-1"},"canonical":"https:\/\/www.musikzeitung.ch\/it\/news\/2023\/07\/theater-st-gallen-ist-bezugsbereit\/","og_locale":"it_IT","og_type":"article","og_title":"Theater St. Gallen ist bezugsbereit - Schweizer Musikzeitung","og_description":"Der Kanton St. Gallen hat die Sanierungsarbeiten am Theater St.Gallen abgeschlossen. Die Genossenschaft Konzert und Theater St.Gallen bezieht die R\u00e4umlichkeiten und bereitet die Saison 2023\/2024 vor.","og_url":"https:\/\/www.musikzeitung.ch\/it\/news\/2023\/07\/theater-st-gallen-ist-bezugsbereit\/","og_site_name":"Schweizer Musikzeitung","article_publisher":"https:\/\/www.facebook.com\/SchweizerMusikzeitung\/","article_author":"https:\/\/www.facebook.com\/wolfgang.bohler.75","article_published_time":"2023-07-04T10:02:48+00:00","og_image":[{"width":821,"height":475,"url":"https:\/\/www.musikzeitung.ch\/wp-content\/uploads\/2023\/07\/230704sg.jpg","type":"image\/jpeg"}],"author":"Wolfgang B\u00f6hler","twitter_card":"summary_large_image","twitter_creator":"@smusikzeitung","twitter_site":"@smusikzeitung","twitter_misc":{"Scritto da":"Wolfgang B\u00f6hler","Tempo di lettura stimato":"2 minuti"},"schema":{"@context":"https:\/\/schema.org","@graph":[{"@type":"Article","@id":"https:\/\/www.musikzeitung.ch\/news\/2023\/07\/theater-st-gallen-ist-bezugsbereit#article","isPartOf":{"@id":"https:\/\/www.musikzeitung.ch\/news\/2023\/07\/theater-st-gallen-ist-bezugsbereit"},"author":{"name":"Wolfgang B\u00f6hler","@id":"https:\/\/www.musikzeitung.ch\/#\/schema\/person\/0da4fb82d243f1252850a35d0e87cf0c"},"headline":"Theater St. Gallen ist bezugsbereit","datePublished":"2023-07-04T10:02:48+00:00","mainEntityOfPage":{"@id":"https:\/\/www.musikzeitung.ch\/news\/2023\/07\/theater-st-gallen-ist-bezugsbereit"},"wordCount":167,"publisher":{"@id":"https:\/\/www.musikzeitung.ch\/#organization"},"image":{"@id":"https:\/\/www.musikzeitung.ch\/news\/2023\/07\/theater-st-gallen-ist-bezugsbereit#primaryimage"},"thumbnailUrl":"https:\/\/www.musikzeitung.ch\/wp-content\/uploads\/2023\/07\/230704sg.jpg","keywords":["Theater St. Gallen"],"articleSection":["News"],"inLanguage":"it-IT"},{"@type":"WebPage","@id":"https:\/\/www.musikzeitung.ch\/news\/2023\/07\/theater-st-gallen-ist-bezugsbereit","url":"https:\/\/www.musikzeitung.ch\/news\/2023\/07\/theater-st-gallen-ist-bezugsbereit","name":"Theater St. Gallen ist bezugsbereit - Schweizer Musikzeitung","isPartOf":{"@id":"https:\/\/www.musikzeitung.ch\/#website"},"primaryImageOfPage":{"@id":"https:\/\/www.musikzeitung.ch\/news\/2023\/07\/theater-st-gallen-ist-bezugsbereit#primaryimage"},"image":{"@id":"https:\/\/www.musikzeitung.ch\/news\/2023\/07\/theater-st-gallen-ist-bezugsbereit#primaryimage"},"thumbnailUrl":"https:\/\/www.musikzeitung.ch\/wp-content\/uploads\/2023\/07\/230704sg.jpg","datePublished":"2023-07-04T10:02:48+00:00","breadcrumb":{"@id":"https:\/\/www.musikzeitung.ch\/news\/2023\/07\/theater-st-gallen-ist-bezugsbereit#breadcrumb"},"inLanguage":"it-IT","potentialAction":[{"@type":"ReadAction","target":["https:\/\/www.musikzeitung.ch\/news\/2023\/07\/theater-st-gallen-ist-bezugsbereit"]}]},{"@type":"ImageObject","inLanguage":"it-IT","@id":"https:\/\/www.musikzeitung.ch\/news\/2023\/07\/theater-st-gallen-ist-bezugsbereit#primaryimage","url":"https:\/\/www.musikzeitung.ch\/wp-content\/uploads\/2023\/07\/230704sg.jpg","contentUrl":"https:\/\/www.musikzeitung.ch\/wp-content\/uploads\/2023\/07\/230704sg.jpg","width":821,"height":475,"caption":"TheaterSt. Gallen (Bild: Kanton St. Gallen)"},{"@type":"BreadcrumbList","@id":"https:\/\/www.musikzeitung.ch\/news\/2023\/07\/theater-st-gallen-ist-bezugsbereit#breadcrumb","itemListElement":[{"@type":"ListItem","position":1,"name":"Home","item":"https:\/\/www.musikzeitung.ch\/"},{"@type":"ListItem","position":2,"name":"Theater St. Gallen ist bezugsbereit"}]},{"@type":"WebSite","@id":"https:\/\/www.musikzeitung.ch\/#website","url":"https:\/\/www.musikzeitung.ch\/","name":"Giornale musicale svizzero","description":"Il principale mensile interdisciplinare della Svizzera per le questioni musicali.","publisher":{"@id":"https:\/\/www.musikzeitung.ch\/#organization"},"potentialAction":[{"@type":"SearchAction","target":{"@type":"EntryPoint","urlTemplate":"https:\/\/www.musikzeitung.ch\/?s={search_term_string}"},"query-input":{"@type":"PropertyValueSpecification","valueRequired":true,"valueName":"search_term_string"}}],"inLanguage":"it-IT"},{"@type":"Organization","@id":"https:\/\/www.musikzeitung.ch\/#organization","name":"Giornale musicale svizzero","url":"https:\/\/www.musikzeitung.ch\/","logo":{"@type":"ImageObject","inLanguage":"it-IT","@id":"https:\/\/www.musikzeitung.ch\/#\/schema\/logo\/image\/","url":"https:\/\/www.musikzeitung.ch\/wp-content\/uploads\/2023\/01\/SMZ_Schriftzug_Sprache.png","contentUrl":"https:\/\/www.musikzeitung.ch\/wp-content\/uploads\/2023\/01\/SMZ_Schriftzug_Sprache.png","width":1400,"height":279,"caption":"Schweizer Musikzeitung"},"image":{"@id":"https:\/\/www.musikzeitung.ch\/#\/schema\/logo\/image\/"},"sameAs":["https:\/\/www.facebook.com\/SchweizerMusikzeitung\/","https:\/\/x.com\/smusikzeitung","https:\/\/www.instagram.com\/musikzeitung.ch\/"]},{"@type":"Person","@id":"https:\/\/www.musikzeitung.ch\/#\/schema\/person\/0da4fb82d243f1252850a35d0e87cf0c","name":"Wolfgang B\u00f6hler","image":{"@type":"ImageObject","inLanguage":"it-IT","@id":"https:\/\/www.musikzeitung.ch\/wp-content\/uploads\/2023\/01\/boehler_portraet_web-e1674139782246-96x96.jpg","url":"https:\/\/www.musikzeitung.ch\/wp-content\/uploads\/2023\/01\/boehler_portraet_web-e1674139782246-96x96.jpg","contentUrl":"https:\/\/www.musikzeitung.ch\/wp-content\/uploads\/2023\/01\/boehler_portraet_web-e1674139782246-96x96.jpg","caption":"Wolfgang B\u00f6hler"},"sameAs":["http:\/\/www.manacanto.ch","https:\/\/www.facebook.com\/wolfgang.bohler.75"],"url":"https:\/\/www.musikzeitung.ch\/it\/author\/wolfgang-boehler"}]}},"publishpress_future_workflow_manual_trigger":{"enabledWorkflows":[]},"_links":{"self":[{"href":"https:\/\/www.musikzeitung.ch\/it\/wp-json\/wp\/v2\/posts\/45932","targetHints":{"allow":["GET"]}}],"collection":[{"href":"https:\/\/www.musikzeitung.ch\/it\/wp-json\/wp\/v2\/posts"}],"about":[{"href":"https:\/\/www.musikzeitung.ch\/it\/wp-json\/wp\/v2\/types\/post"}],"author":[{"embeddable":true,"href":"https:\/\/www.musikzeitung.ch\/it\/wp-json\/wp\/v2\/users\/30"}],"replies":[{"embeddable":true,"href":"https:\/\/www.musikzeitung.ch\/it\/wp-json\/wp\/v2\/comments?post=45932"}],"version-history":[{"count":1,"href":"https:\/\/www.musikzeitung.ch\/it\/wp-json\/wp\/v2\/posts\/45932\/revisions"}],"predecessor-version":[{"id":45934,"href":"https:\/\/www.musikzeitung.ch\/it\/wp-json\/wp\/v2\/posts\/45932\/revisions\/45934"}],"wp:featuredmedia":[{"embeddable":true,"href":"https:\/\/www.musikzeitung.ch\/it\/wp-json\/wp\/v2\/media\/45933"}],"wp:attachment":[{"href":"https:\/\/www.musikzeitung.ch\/it\/wp-json\/wp\/v2\/media?parent=45932"}],"wp:term":[{"taxonomy":"category","embeddable":true,"href":"https:\/\/www.musikzeitung.ch\/it\/wp-json\/wp\/v2\/categories?post=45932"},{"taxonomy":"post_tag","embeddable":true,"href":"https:\/\/www.musikzeitung.ch\/it\/wp-json\/wp\/v2\/tags?post=45932"}],"curies":[{"name":"wp","href":"https:\/\/api.w.org\/{rel}","templated":true}]}}