{"id":45982,"date":"2023-07-07T13:54:34","date_gmt":"2023-07-07T11:54:34","guid":{"rendered":"https:\/\/www.musikzeitung.ch\/?p=45982"},"modified":"2023-07-07T13:54:34","modified_gmt":"2023-07-07T11:54:34","slug":"architekturwettbewerb-neues-luzerner-theater-abgeschlossen","status":"publish","type":"post","link":"https:\/\/www.musikzeitung.ch\/it\/news\/2023\/07\/architekturwettbewerb-neues-luzerner-theater-abgeschlossen","title":{"rendered":"Concluso il concorso di architettura per il nuovo Teatro Lucerna"},"content":{"rendered":"<figure id=\"attachment_45983\" aria-describedby=\"caption-attachment-45983\" style=\"width: 572px\" class=\"wp-caption aligncenter\"><img loading=\"lazy\" decoding=\"async\" class=\"wp-image-45983\" src=\"https:\/\/www.musikzeitung.ch\/wp-content\/uploads\/2023\/07\/230707lt.jpg\" alt=\"\" width=\"572\" height=\"347\" srcset=\"https:\/\/www.musikzeitung.ch\/wp-content\/uploads\/2023\/07\/230707lt.jpg 995w, https:\/\/www.musikzeitung.ch\/wp-content\/uploads\/2023\/07\/230707lt-300x182.jpg 300w, https:\/\/www.musikzeitung.ch\/wp-content\/uploads\/2023\/07\/230707lt-768x466.jpg 768w, https:\/\/www.musikzeitung.ch\/wp-content\/uploads\/2023\/07\/230707lt-288x175.jpg 288w, https:\/\/www.musikzeitung.ch\/wp-content\/uploads\/2023\/07\/230707lt-577x350.jpg 577w, https:\/\/www.musikzeitung.ch\/wp-content\/uploads\/2023\/07\/230707lt-920x558.jpg 920w\" sizes=\"auto, (max-width: 572px) 100vw, 572px\" \/><figcaption id=\"caption-attachment-45983\" class=\"wp-caption-text\">(Immagine: visualizzazione, Citt\u00e0 di Lucerna)<\/figcaption><\/figure>\n<p>Con la sentenza del 9 maggio 2023, il Tribunale cantonale ha respinto tutti i ricorsi contro il concorso e la procedura di aggiudicazione per il nuovo teatro di Lucerna. Il sito web del Tribunale cantonale riporta ora che questa sentenza \u00e8 giuridicamente vincolante. Il concorso si \u00e8 quindi concluso con il progetto vincitore \"\u00fcberall\" dello studio Ilg Santer Architekten di Zurigo. Il progetto ha prevalso su altri 127 progetti. \u00c8 quindi possibile versare il premio in denaro per i sei progetti pi\u00f9 votati e il risarcimento per tutti i 12 progetti valutati nella seconda fase del concorso.<\/p>\n<p>La revisione del progetto pu\u00f2 quindi iniziare immediatamente. Il documento include diversi punti di critica emersi dal processo della giuria. Sono stati inclusi anche i punti che hanno fortemente caratterizzato il dibattito pubblico. Il processo di revisione dovrebbe durare circa sei mesi. Si prevede poi di presentare il risultato in un disegno di legge parlamentare e di sottoporlo al Consiglio comunale insieme alla richiesta di prestito per il progetto.<\/p>","protected":false},"excerpt":{"rendered":"<p>La sentenza di rigetto dei reclami contro il concorso e la procedura di aggiudicazione per il nuovo teatro di Lucerna \u00e8 giuridicamente vincolante. Il concorso si conclude quindi con il progetto vincitore \"\u00fcberall\". <\/p>","protected":false},"author":30,"featured_media":45983,"comment_status":"closed","ping_status":"closed","sticky":false,"template":"","format":"standard","meta":{"_acf_changed":false,"_relevanssi_hide_post":"","_relevanssi_hide_content":"","_relevanssi_pin_for_all":"","_relevanssi_pin_keywords":"","_relevanssi_unpin_keywords":"","_relevanssi_related_keywords":"","_relevanssi_related_include_ids":"","_relevanssi_related_exclude_ids":"","_relevanssi_related_no_append":"","_relevanssi_related_not_related":"","_relevanssi_related_posts":"","_relevanssi_noindex_reason":"","pgc_sgb_lightbox_settings":"","footnotes":""},"categories":[27],"tags":[2721],"class_list":["post-45982","post","type-post","status-publish","format-standard","has-post-thumbnail","hentry","category-news","tag-luzener-theater"],"acf":[],"yoast_head":"<!-- This site is optimized with the Yoast SEO plugin v27.4 - https:\/\/yoast.com\/product\/yoast-seo-wordpress\/ -->\n<title>Architekturwettbewerb Neues Luzerner Theater abgeschlossen - Schweizer Musikzeitung<\/title>\n<meta name=\"robots\" content=\"index, follow, max-snippet:-1, max-image-preview:large, max-video-preview:-1\" \/>\n<link rel=\"canonical\" href=\"https:\/\/www.musikzeitung.ch\/it\/news\/2023\/07\/architekturwettbewerb-neues-luzerner-theater-abgeschlossen\/\" \/>\n<meta property=\"og:locale\" content=\"it_IT\" \/>\n<meta property=\"og:type\" content=\"article\" \/>\n<meta property=\"og:title\" content=\"Architekturwettbewerb Neues Luzerner Theater abgeschlossen - Schweizer Musikzeitung\" \/>\n<meta property=\"og:description\" content=\"Das abweisende Urteil im Zusammenhang mit den Beschwerden gegen das Wettbewerbs- und Jurierungsverfahren f\u00fcr ein Neues Luzerner Theater ist rechtskr\u00e4ftig. Der Wettbewerb ist somit mit dem Siegerprojekt \u00ab\u00fcberall\u00bb abgeschlossen.\" \/>\n<meta property=\"og:url\" content=\"https:\/\/www.musikzeitung.ch\/it\/news\/2023\/07\/architekturwettbewerb-neues-luzerner-theater-abgeschlossen\/\" \/>\n<meta property=\"og:site_name\" content=\"Schweizer Musikzeitung\" \/>\n<meta property=\"article:publisher\" content=\"https:\/\/www.facebook.com\/SchweizerMusikzeitung\/\" \/>\n<meta property=\"article:author\" content=\"https:\/\/www.facebook.com\/wolfgang.bohler.75\" \/>\n<meta property=\"article:published_time\" content=\"2023-07-07T11:54:34+00:00\" \/>\n<meta property=\"og:image\" content=\"https:\/\/www.musikzeitung.ch\/wp-content\/uploads\/2023\/07\/230707lt.jpg\" \/>\n\t<meta property=\"og:image:width\" content=\"995\" \/>\n\t<meta property=\"og:image:height\" content=\"604\" \/>\n\t<meta property=\"og:image:type\" content=\"image\/jpeg\" \/>\n<meta name=\"author\" content=\"Wolfgang B\u00f6hler\" \/>\n<meta name=\"twitter:card\" content=\"summary_large_image\" \/>\n<meta name=\"twitter:creator\" content=\"@smusikzeitung\" \/>\n<meta name=\"twitter:site\" content=\"@smusikzeitung\" \/>\n<meta name=\"twitter:label1\" content=\"Scritto da\" \/>\n\t<meta name=\"twitter:data1\" content=\"Wolfgang B\u00f6hler\" \/>\n\t<meta name=\"twitter:label2\" content=\"Tempo di lettura stimato\" \/>\n\t<meta name=\"twitter:data2\" content=\"2 minuti\" \/>\n<script type=\"application\/ld+json\" class=\"yoast-schema-graph\">{\"@context\":\"https:\\\/\\\/schema.org\",\"@graph\":[{\"@type\":\"Article\",\"@id\":\"https:\\\/\\\/www.musikzeitung.ch\\\/news\\\/2023\\\/07\\\/architekturwettbewerb-neues-luzerner-theater-abgeschlossen#article\",\"isPartOf\":{\"@id\":\"https:\\\/\\\/www.musikzeitung.ch\\\/news\\\/2023\\\/07\\\/architekturwettbewerb-neues-luzerner-theater-abgeschlossen\"},\"author\":{\"name\":\"Wolfgang B\u00f6hler\",\"@id\":\"https:\\\/\\\/www.musikzeitung.ch\\\/#\\\/schema\\\/person\\\/0da4fb82d243f1252850a35d0e87cf0c\"},\"headline\":\"Architekturwettbewerb Neues Luzerner Theater abgeschlossen\",\"datePublished\":\"2023-07-07T11:54:34+00:00\",\"mainEntityOfPage\":{\"@id\":\"https:\\\/\\\/www.musikzeitung.ch\\\/news\\\/2023\\\/07\\\/architekturwettbewerb-neues-luzerner-theater-abgeschlossen\"},\"wordCount\":170,\"publisher\":{\"@id\":\"https:\\\/\\\/www.musikzeitung.ch\\\/#organization\"},\"image\":{\"@id\":\"https:\\\/\\\/www.musikzeitung.ch\\\/news\\\/2023\\\/07\\\/architekturwettbewerb-neues-luzerner-theater-abgeschlossen#primaryimage\"},\"thumbnailUrl\":\"https:\\\/\\\/www.musikzeitung.ch\\\/wp-content\\\/uploads\\\/2023\\\/07\\\/230707lt.jpg\",\"keywords\":[\"Luzener Theater\"],\"articleSection\":[\"News\"],\"inLanguage\":\"it-IT\"},{\"@type\":\"WebPage\",\"@id\":\"https:\\\/\\\/www.musikzeitung.ch\\\/news\\\/2023\\\/07\\\/architekturwettbewerb-neues-luzerner-theater-abgeschlossen\",\"url\":\"https:\\\/\\\/www.musikzeitung.ch\\\/news\\\/2023\\\/07\\\/architekturwettbewerb-neues-luzerner-theater-abgeschlossen\",\"name\":\"Architekturwettbewerb Neues Luzerner Theater abgeschlossen - Schweizer Musikzeitung\",\"isPartOf\":{\"@id\":\"https:\\\/\\\/www.musikzeitung.ch\\\/#website\"},\"primaryImageOfPage\":{\"@id\":\"https:\\\/\\\/www.musikzeitung.ch\\\/news\\\/2023\\\/07\\\/architekturwettbewerb-neues-luzerner-theater-abgeschlossen#primaryimage\"},\"image\":{\"@id\":\"https:\\\/\\\/www.musikzeitung.ch\\\/news\\\/2023\\\/07\\\/architekturwettbewerb-neues-luzerner-theater-abgeschlossen#primaryimage\"},\"thumbnailUrl\":\"https:\\\/\\\/www.musikzeitung.ch\\\/wp-content\\\/uploads\\\/2023\\\/07\\\/230707lt.jpg\",\"datePublished\":\"2023-07-07T11:54:34+00:00\",\"breadcrumb\":{\"@id\":\"https:\\\/\\\/www.musikzeitung.ch\\\/news\\\/2023\\\/07\\\/architekturwettbewerb-neues-luzerner-theater-abgeschlossen#breadcrumb\"},\"inLanguage\":\"it-IT\",\"potentialAction\":[{\"@type\":\"ReadAction\",\"target\":[\"https:\\\/\\\/www.musikzeitung.ch\\\/news\\\/2023\\\/07\\\/architekturwettbewerb-neues-luzerner-theater-abgeschlossen\"]}]},{\"@type\":\"ImageObject\",\"inLanguage\":\"it-IT\",\"@id\":\"https:\\\/\\\/www.musikzeitung.ch\\\/news\\\/2023\\\/07\\\/architekturwettbewerb-neues-luzerner-theater-abgeschlossen#primaryimage\",\"url\":\"https:\\\/\\\/www.musikzeitung.ch\\\/wp-content\\\/uploads\\\/2023\\\/07\\\/230707lt.jpg\",\"contentUrl\":\"https:\\\/\\\/www.musikzeitung.ch\\\/wp-content\\\/uploads\\\/2023\\\/07\\\/230707lt.jpg\",\"width\":995,\"height\":604,\"caption\":\"(Bild: Visualisierung, Stadt Luzern)\"},{\"@type\":\"BreadcrumbList\",\"@id\":\"https:\\\/\\\/www.musikzeitung.ch\\\/news\\\/2023\\\/07\\\/architekturwettbewerb-neues-luzerner-theater-abgeschlossen#breadcrumb\",\"itemListElement\":[{\"@type\":\"ListItem\",\"position\":1,\"name\":\"Home\",\"item\":\"https:\\\/\\\/www.musikzeitung.ch\\\/\"},{\"@type\":\"ListItem\",\"position\":2,\"name\":\"Architekturwettbewerb Neues Luzerner Theater abgeschlossen\"}]},{\"@type\":\"WebSite\",\"@id\":\"https:\\\/\\\/www.musikzeitung.ch\\\/#website\",\"url\":\"https:\\\/\\\/www.musikzeitung.ch\\\/\",\"name\":\"Schweizer Musikzeitung\",\"description\":\"Die f\u00fchrende sparten\u00fcbergreifende Monatszeitung in der Schweiz f\u00fcr musikalische Fragen.\",\"publisher\":{\"@id\":\"https:\\\/\\\/www.musikzeitung.ch\\\/#organization\"},\"potentialAction\":[{\"@type\":\"SearchAction\",\"target\":{\"@type\":\"EntryPoint\",\"urlTemplate\":\"https:\\\/\\\/www.musikzeitung.ch\\\/?s={search_term_string}\"},\"query-input\":{\"@type\":\"PropertyValueSpecification\",\"valueRequired\":true,\"valueName\":\"search_term_string\"}}],\"inLanguage\":\"it-IT\"},{\"@type\":\"Organization\",\"@id\":\"https:\\\/\\\/www.musikzeitung.ch\\\/#organization\",\"name\":\"Schweizer Musikzeitung\",\"url\":\"https:\\\/\\\/www.musikzeitung.ch\\\/\",\"logo\":{\"@type\":\"ImageObject\",\"inLanguage\":\"it-IT\",\"@id\":\"https:\\\/\\\/www.musikzeitung.ch\\\/#\\\/schema\\\/logo\\\/image\\\/\",\"url\":\"https:\\\/\\\/www.musikzeitung.ch\\\/wp-content\\\/uploads\\\/2023\\\/01\\\/SMZ_Schriftzug_Sprache.png\",\"contentUrl\":\"https:\\\/\\\/www.musikzeitung.ch\\\/wp-content\\\/uploads\\\/2023\\\/01\\\/SMZ_Schriftzug_Sprache.png\",\"width\":1400,\"height\":279,\"caption\":\"Schweizer Musikzeitung\"},\"image\":{\"@id\":\"https:\\\/\\\/www.musikzeitung.ch\\\/#\\\/schema\\\/logo\\\/image\\\/\"},\"sameAs\":[\"https:\\\/\\\/www.facebook.com\\\/SchweizerMusikzeitung\\\/\",\"https:\\\/\\\/x.com\\\/smusikzeitung\",\"https:\\\/\\\/www.instagram.com\\\/musikzeitung.ch\\\/\"]},{\"@type\":\"Person\",\"@id\":\"https:\\\/\\\/www.musikzeitung.ch\\\/#\\\/schema\\\/person\\\/0da4fb82d243f1252850a35d0e87cf0c\",\"name\":\"Wolfgang B\u00f6hler\",\"image\":{\"@type\":\"ImageObject\",\"inLanguage\":\"it-IT\",\"@id\":\"https:\\\/\\\/www.musikzeitung.ch\\\/wp-content\\\/uploads\\\/2023\\\/01\\\/boehler_portraet_web-e1674139782246-96x96.jpg\",\"url\":\"https:\\\/\\\/www.musikzeitung.ch\\\/wp-content\\\/uploads\\\/2023\\\/01\\\/boehler_portraet_web-e1674139782246-96x96.jpg\",\"contentUrl\":\"https:\\\/\\\/www.musikzeitung.ch\\\/wp-content\\\/uploads\\\/2023\\\/01\\\/boehler_portraet_web-e1674139782246-96x96.jpg\",\"caption\":\"Wolfgang B\u00f6hler\"},\"sameAs\":[\"http:\\\/\\\/www.manacanto.ch\",\"https:\\\/\\\/www.facebook.com\\\/wolfgang.bohler.75\"],\"url\":\"https:\\\/\\\/www.musikzeitung.ch\\\/it\\\/author\\\/wolfgang-boehler\"}]}<\/script>\n<!-- \/ Yoast SEO plugin. -->","yoast_head_json":{"title":"Architekturwettbewerb Neues Luzerner Theater abgeschlossen - Schweizer Musikzeitung","robots":{"index":"index","follow":"follow","max-snippet":"max-snippet:-1","max-image-preview":"max-image-preview:large","max-video-preview":"max-video-preview:-1"},"canonical":"https:\/\/www.musikzeitung.ch\/it\/news\/2023\/07\/architekturwettbewerb-neues-luzerner-theater-abgeschlossen\/","og_locale":"it_IT","og_type":"article","og_title":"Architekturwettbewerb Neues Luzerner Theater abgeschlossen - Schweizer Musikzeitung","og_description":"Das abweisende Urteil im Zusammenhang mit den Beschwerden gegen das Wettbewerbs- und Jurierungsverfahren f\u00fcr ein Neues Luzerner Theater ist rechtskr\u00e4ftig. Der Wettbewerb ist somit mit dem Siegerprojekt \u00ab\u00fcberall\u00bb abgeschlossen.","og_url":"https:\/\/www.musikzeitung.ch\/it\/news\/2023\/07\/architekturwettbewerb-neues-luzerner-theater-abgeschlossen\/","og_site_name":"Schweizer Musikzeitung","article_publisher":"https:\/\/www.facebook.com\/SchweizerMusikzeitung\/","article_author":"https:\/\/www.facebook.com\/wolfgang.bohler.75","article_published_time":"2023-07-07T11:54:34+00:00","og_image":[{"width":995,"height":604,"url":"https:\/\/www.musikzeitung.ch\/wp-content\/uploads\/2023\/07\/230707lt.jpg","type":"image\/jpeg"}],"author":"Wolfgang B\u00f6hler","twitter_card":"summary_large_image","twitter_creator":"@smusikzeitung","twitter_site":"@smusikzeitung","twitter_misc":{"Scritto da":"Wolfgang B\u00f6hler","Tempo di lettura stimato":"2 minuti"},"schema":{"@context":"https:\/\/schema.org","@graph":[{"@type":"Article","@id":"https:\/\/www.musikzeitung.ch\/news\/2023\/07\/architekturwettbewerb-neues-luzerner-theater-abgeschlossen#article","isPartOf":{"@id":"https:\/\/www.musikzeitung.ch\/news\/2023\/07\/architekturwettbewerb-neues-luzerner-theater-abgeschlossen"},"author":{"name":"Wolfgang B\u00f6hler","@id":"https:\/\/www.musikzeitung.ch\/#\/schema\/person\/0da4fb82d243f1252850a35d0e87cf0c"},"headline":"Architekturwettbewerb Neues Luzerner Theater abgeschlossen","datePublished":"2023-07-07T11:54:34+00:00","mainEntityOfPage":{"@id":"https:\/\/www.musikzeitung.ch\/news\/2023\/07\/architekturwettbewerb-neues-luzerner-theater-abgeschlossen"},"wordCount":170,"publisher":{"@id":"https:\/\/www.musikzeitung.ch\/#organization"},"image":{"@id":"https:\/\/www.musikzeitung.ch\/news\/2023\/07\/architekturwettbewerb-neues-luzerner-theater-abgeschlossen#primaryimage"},"thumbnailUrl":"https:\/\/www.musikzeitung.ch\/wp-content\/uploads\/2023\/07\/230707lt.jpg","keywords":["Luzener Theater"],"articleSection":["News"],"inLanguage":"it-IT"},{"@type":"WebPage","@id":"https:\/\/www.musikzeitung.ch\/news\/2023\/07\/architekturwettbewerb-neues-luzerner-theater-abgeschlossen","url":"https:\/\/www.musikzeitung.ch\/news\/2023\/07\/architekturwettbewerb-neues-luzerner-theater-abgeschlossen","name":"Architekturwettbewerb Neues Luzerner Theater abgeschlossen - Schweizer Musikzeitung","isPartOf":{"@id":"https:\/\/www.musikzeitung.ch\/#website"},"primaryImageOfPage":{"@id":"https:\/\/www.musikzeitung.ch\/news\/2023\/07\/architekturwettbewerb-neues-luzerner-theater-abgeschlossen#primaryimage"},"image":{"@id":"https:\/\/www.musikzeitung.ch\/news\/2023\/07\/architekturwettbewerb-neues-luzerner-theater-abgeschlossen#primaryimage"},"thumbnailUrl":"https:\/\/www.musikzeitung.ch\/wp-content\/uploads\/2023\/07\/230707lt.jpg","datePublished":"2023-07-07T11:54:34+00:00","breadcrumb":{"@id":"https:\/\/www.musikzeitung.ch\/news\/2023\/07\/architekturwettbewerb-neues-luzerner-theater-abgeschlossen#breadcrumb"},"inLanguage":"it-IT","potentialAction":[{"@type":"ReadAction","target":["https:\/\/www.musikzeitung.ch\/news\/2023\/07\/architekturwettbewerb-neues-luzerner-theater-abgeschlossen"]}]},{"@type":"ImageObject","inLanguage":"it-IT","@id":"https:\/\/www.musikzeitung.ch\/news\/2023\/07\/architekturwettbewerb-neues-luzerner-theater-abgeschlossen#primaryimage","url":"https:\/\/www.musikzeitung.ch\/wp-content\/uploads\/2023\/07\/230707lt.jpg","contentUrl":"https:\/\/www.musikzeitung.ch\/wp-content\/uploads\/2023\/07\/230707lt.jpg","width":995,"height":604,"caption":"(Bild: Visualisierung, Stadt Luzern)"},{"@type":"BreadcrumbList","@id":"https:\/\/www.musikzeitung.ch\/news\/2023\/07\/architekturwettbewerb-neues-luzerner-theater-abgeschlossen#breadcrumb","itemListElement":[{"@type":"ListItem","position":1,"name":"Home","item":"https:\/\/www.musikzeitung.ch\/"},{"@type":"ListItem","position":2,"name":"Architekturwettbewerb Neues Luzerner Theater abgeschlossen"}]},{"@type":"WebSite","@id":"https:\/\/www.musikzeitung.ch\/#website","url":"https:\/\/www.musikzeitung.ch\/","name":"Giornale musicale svizzero","description":"Il principale mensile interdisciplinare della Svizzera per le questioni musicali.","publisher":{"@id":"https:\/\/www.musikzeitung.ch\/#organization"},"potentialAction":[{"@type":"SearchAction","target":{"@type":"EntryPoint","urlTemplate":"https:\/\/www.musikzeitung.ch\/?s={search_term_string}"},"query-input":{"@type":"PropertyValueSpecification","valueRequired":true,"valueName":"search_term_string"}}],"inLanguage":"it-IT"},{"@type":"Organization","@id":"https:\/\/www.musikzeitung.ch\/#organization","name":"Giornale musicale svizzero","url":"https:\/\/www.musikzeitung.ch\/","logo":{"@type":"ImageObject","inLanguage":"it-IT","@id":"https:\/\/www.musikzeitung.ch\/#\/schema\/logo\/image\/","url":"https:\/\/www.musikzeitung.ch\/wp-content\/uploads\/2023\/01\/SMZ_Schriftzug_Sprache.png","contentUrl":"https:\/\/www.musikzeitung.ch\/wp-content\/uploads\/2023\/01\/SMZ_Schriftzug_Sprache.png","width":1400,"height":279,"caption":"Schweizer Musikzeitung"},"image":{"@id":"https:\/\/www.musikzeitung.ch\/#\/schema\/logo\/image\/"},"sameAs":["https:\/\/www.facebook.com\/SchweizerMusikzeitung\/","https:\/\/x.com\/smusikzeitung","https:\/\/www.instagram.com\/musikzeitung.ch\/"]},{"@type":"Person","@id":"https:\/\/www.musikzeitung.ch\/#\/schema\/person\/0da4fb82d243f1252850a35d0e87cf0c","name":"Wolfgang B\u00f6hler","image":{"@type":"ImageObject","inLanguage":"it-IT","@id":"https:\/\/www.musikzeitung.ch\/wp-content\/uploads\/2023\/01\/boehler_portraet_web-e1674139782246-96x96.jpg","url":"https:\/\/www.musikzeitung.ch\/wp-content\/uploads\/2023\/01\/boehler_portraet_web-e1674139782246-96x96.jpg","contentUrl":"https:\/\/www.musikzeitung.ch\/wp-content\/uploads\/2023\/01\/boehler_portraet_web-e1674139782246-96x96.jpg","caption":"Wolfgang B\u00f6hler"},"sameAs":["http:\/\/www.manacanto.ch","https:\/\/www.facebook.com\/wolfgang.bohler.75"],"url":"https:\/\/www.musikzeitung.ch\/it\/author\/wolfgang-boehler"}]}},"publishpress_future_workflow_manual_trigger":{"enabledWorkflows":[]},"_links":{"self":[{"href":"https:\/\/www.musikzeitung.ch\/it\/wp-json\/wp\/v2\/posts\/45982","targetHints":{"allow":["GET"]}}],"collection":[{"href":"https:\/\/www.musikzeitung.ch\/it\/wp-json\/wp\/v2\/posts"}],"about":[{"href":"https:\/\/www.musikzeitung.ch\/it\/wp-json\/wp\/v2\/types\/post"}],"author":[{"embeddable":true,"href":"https:\/\/www.musikzeitung.ch\/it\/wp-json\/wp\/v2\/users\/30"}],"replies":[{"embeddable":true,"href":"https:\/\/www.musikzeitung.ch\/it\/wp-json\/wp\/v2\/comments?post=45982"}],"version-history":[{"count":1,"href":"https:\/\/www.musikzeitung.ch\/it\/wp-json\/wp\/v2\/posts\/45982\/revisions"}],"predecessor-version":[{"id":45984,"href":"https:\/\/www.musikzeitung.ch\/it\/wp-json\/wp\/v2\/posts\/45982\/revisions\/45984"}],"wp:featuredmedia":[{"embeddable":true,"href":"https:\/\/www.musikzeitung.ch\/it\/wp-json\/wp\/v2\/media\/45983"}],"wp:attachment":[{"href":"https:\/\/www.musikzeitung.ch\/it\/wp-json\/wp\/v2\/media?parent=45982"}],"wp:term":[{"taxonomy":"category","embeddable":true,"href":"https:\/\/www.musikzeitung.ch\/it\/wp-json\/wp\/v2\/categories?post=45982"},{"taxonomy":"post_tag","embeddable":true,"href":"https:\/\/www.musikzeitung.ch\/it\/wp-json\/wp\/v2\/tags?post=45982"}],"curies":[{"name":"wp","href":"https:\/\/api.w.org\/{rel}","templated":true}]}}