{"id":46437,"date":"2023-08-07T13:54:30","date_gmt":"2023-08-07T11:54:30","guid":{"rendered":"https:\/\/www.musikzeitung.ch\/?p=46437"},"modified":"2023-08-07T13:56:00","modified_gmt":"2023-08-07T11:56:00","slug":"hankyeol-yoon-gewinnt-young-conductors-award","status":"publish","type":"post","link":"https:\/\/www.musikzeitung.ch\/it\/news\/2023\/08\/hankyeol-yoon-gewinnt-young-conductors-award","title":{"rendered":"Hankyeol Yoon vince il premio per i giovani direttori d'orchestra"},"content":{"rendered":"<figure id=\"attachment_46438\" aria-describedby=\"caption-attachment-46438\" style=\"width: 688px\" class=\"wp-caption aligncenter\"><img loading=\"lazy\" decoding=\"async\" class=\"wp-image-46438\" src=\"https:\/\/www.musikzeitung.ch\/wp-content\/uploads\/2023\/08\/230807salzburg.jpg\" alt=\"\" width=\"688\" height=\"456\" srcset=\"https:\/\/www.musikzeitung.ch\/wp-content\/uploads\/2023\/08\/230807salzburg.jpg 1048w, https:\/\/www.musikzeitung.ch\/wp-content\/uploads\/2023\/08\/230807salzburg-300x199.jpg 300w, https:\/\/www.musikzeitung.ch\/wp-content\/uploads\/2023\/08\/230807salzburg-1024x678.jpg 1024w, https:\/\/www.musikzeitung.ch\/wp-content\/uploads\/2023\/08\/230807salzburg-768x509.jpg 768w, https:\/\/www.musikzeitung.ch\/wp-content\/uploads\/2023\/08\/230807salzburg-264x175.jpg 264w, https:\/\/www.musikzeitung.ch\/wp-content\/uploads\/2023\/08\/230807salzburg-529x350.jpg 529w, https:\/\/www.musikzeitung.ch\/wp-content\/uploads\/2023\/08\/230807salzburg-920x609.jpg 920w\" sizes=\"auto, (max-width: 688px) 100vw, 688px\" \/><figcaption id=\"caption-attachment-46438\" class=\"wp-caption-text\">Presentazione del Premio per giovani direttori d'orchestra 2023: Manfred Honeck, Hankyeol Yoon<br \/>(Immagine: SF\/Marco Borrelli)<\/figcaption><\/figure>\n<p>Hankyeol Yoon ha ricevuto il Premio Neeme J\u00e4rvi nel 2019 come pi\u00f9 giovane vincitore del Festival Menuhin di Gstaad e ha ricevuto inviti dalla Basel Chamber Orchestra e dalle orchestre sinfoniche di Basilea e Berna. Nel 2022\/23 ha debuttato con l'Orchestra Sinfonica di Berna e l'Orchestra Filarmonica di Busan e ha assistito Simon Rattle in un tour europeo dell'Orchestra Sinfonica della Radio Bavarese.<\/p>\n<p>\u00c8 stato assunto come direttore assistente al Grand Th\u00e9\u00e2tre de Gen\u00e8ve e ha lavorato come borsista sotto Daniel Harding e Thomas Ad\u00e8s. \u00c8 stato anche premiato come compositore. Ha fatto parte del programma di tutoraggio della Fondazione E\u00f6tv\u00f6s per la musica contemporanea di Budapest ed \u00e8 stato supervisionato artisticamente da George Benjamin, mentre Peter E\u00f6tv\u00f6s eseguiva le sue composizioni. Ha debuttato come direttore e compositore sotto la guida di Unsuk Chin al Tongyeong International Music Festival. Il suo lavoro pi\u00f9 recente, Grande Hipab, \u00e8 stato eseguito in prima assoluta dall'Ensemble Modern nel 2021.<\/p>","protected":false},"excerpt":{"rendered":"<p>Il direttore d'orchestra sudcoreano Hankyeol Yoon ha vinto il Premio Herbert von Karajan per giovani direttori d'orchestra 2023 al Festival di Salisburgo.<\/p>","protected":false},"author":30,"featured_media":46438,"comment_status":"closed","ping_status":"closed","sticky":false,"template":"","format":"standard","meta":{"_acf_changed":false,"_relevanssi_hide_post":"","_relevanssi_hide_content":"","_relevanssi_pin_for_all":"","_relevanssi_pin_keywords":"","_relevanssi_unpin_keywords":"","_relevanssi_related_keywords":"","_relevanssi_related_include_ids":"","_relevanssi_related_exclude_ids":"","_relevanssi_related_no_append":"","_relevanssi_related_not_related":"","_relevanssi_related_posts":"","_relevanssi_noindex_reason":"","pgc_sgb_lightbox_settings":"","footnotes":""},"categories":[27],"tags":[2795,2796],"class_list":["post-46437","post","type-post","status-publish","format-standard","has-post-thumbnail","hentry","category-news","tag-hankyeol-yoon","tag-karajan-young-conductors-award"],"acf":[],"yoast_head":"<!-- This site is optimized with the Yoast SEO plugin v27.4 - https:\/\/yoast.com\/product\/yoast-seo-wordpress\/ -->\n<title>Hankyeol Yoon gewinnt Young Conductors Award - Schweizer Musikzeitung<\/title>\n<meta name=\"robots\" content=\"index, follow, max-snippet:-1, max-image-preview:large, max-video-preview:-1\" \/>\n<link rel=\"canonical\" href=\"https:\/\/www.musikzeitung.ch\/it\/news\/2023\/08\/hankyeol-yoon-gewinnt-young-conductors-award\/\" \/>\n<meta property=\"og:locale\" content=\"it_IT\" \/>\n<meta property=\"og:type\" content=\"article\" \/>\n<meta property=\"og:title\" content=\"Hankyeol Yoon gewinnt Young Conductors Award - Schweizer Musikzeitung\" \/>\n<meta property=\"og:description\" content=\"Der s\u00fcdkoreanische Dirigent Hankyeol Yoon hat im Rahmen der Salzburger Festspiele den Herbert von Karajan Young Conductors Award 2023 gewonnen.\" \/>\n<meta property=\"og:url\" content=\"https:\/\/www.musikzeitung.ch\/it\/news\/2023\/08\/hankyeol-yoon-gewinnt-young-conductors-award\/\" \/>\n<meta property=\"og:site_name\" content=\"Schweizer Musikzeitung\" \/>\n<meta property=\"article:publisher\" content=\"https:\/\/www.facebook.com\/SchweizerMusikzeitung\/\" \/>\n<meta property=\"article:author\" content=\"https:\/\/www.facebook.com\/wolfgang.bohler.75\" \/>\n<meta property=\"article:published_time\" content=\"2023-08-07T11:54:30+00:00\" \/>\n<meta property=\"article:modified_time\" content=\"2023-08-07T11:56:00+00:00\" \/>\n<meta property=\"og:image\" content=\"https:\/\/www.musikzeitung.ch\/wp-content\/uploads\/2023\/08\/230807salzburg.jpg\" \/>\n\t<meta property=\"og:image:width\" content=\"1048\" \/>\n\t<meta property=\"og:image:height\" content=\"694\" \/>\n\t<meta property=\"og:image:type\" content=\"image\/jpeg\" \/>\n<meta name=\"author\" content=\"Wolfgang B\u00f6hler\" \/>\n<meta name=\"twitter:card\" content=\"summary_large_image\" \/>\n<meta name=\"twitter:creator\" content=\"@smusikzeitung\" \/>\n<meta name=\"twitter:site\" content=\"@smusikzeitung\" \/>\n<meta name=\"twitter:label1\" content=\"Scritto da\" \/>\n\t<meta name=\"twitter:data1\" content=\"Wolfgang B\u00f6hler\" \/>\n\t<meta name=\"twitter:label2\" content=\"Tempo di lettura stimato\" \/>\n\t<meta name=\"twitter:data2\" content=\"2 minuti\" \/>\n<script type=\"application\/ld+json\" class=\"yoast-schema-graph\">{\"@context\":\"https:\\\/\\\/schema.org\",\"@graph\":[{\"@type\":\"Article\",\"@id\":\"https:\\\/\\\/www.musikzeitung.ch\\\/news\\\/2023\\\/08\\\/hankyeol-yoon-gewinnt-young-conductors-award#article\",\"isPartOf\":{\"@id\":\"https:\\\/\\\/www.musikzeitung.ch\\\/news\\\/2023\\\/08\\\/hankyeol-yoon-gewinnt-young-conductors-award\"},\"author\":{\"name\":\"Wolfgang B\u00f6hler\",\"@id\":\"https:\\\/\\\/www.musikzeitung.ch\\\/#\\\/schema\\\/person\\\/0da4fb82d243f1252850a35d0e87cf0c\"},\"headline\":\"Hankyeol Yoon gewinnt Young Conductors Award\",\"datePublished\":\"2023-08-07T11:54:30+00:00\",\"dateModified\":\"2023-08-07T11:56:00+00:00\",\"mainEntityOfPage\":{\"@id\":\"https:\\\/\\\/www.musikzeitung.ch\\\/news\\\/2023\\\/08\\\/hankyeol-yoon-gewinnt-young-conductors-award\"},\"wordCount\":175,\"publisher\":{\"@id\":\"https:\\\/\\\/www.musikzeitung.ch\\\/#organization\"},\"image\":{\"@id\":\"https:\\\/\\\/www.musikzeitung.ch\\\/news\\\/2023\\\/08\\\/hankyeol-yoon-gewinnt-young-conductors-award#primaryimage\"},\"thumbnailUrl\":\"https:\\\/\\\/www.musikzeitung.ch\\\/wp-content\\\/uploads\\\/2023\\\/08\\\/230807salzburg.jpg\",\"keywords\":[\"Hankyeol Yoon\",\"Karajan Young Conductors Award\"],\"articleSection\":[\"News\"],\"inLanguage\":\"it-IT\"},{\"@type\":\"WebPage\",\"@id\":\"https:\\\/\\\/www.musikzeitung.ch\\\/news\\\/2023\\\/08\\\/hankyeol-yoon-gewinnt-young-conductors-award\",\"url\":\"https:\\\/\\\/www.musikzeitung.ch\\\/news\\\/2023\\\/08\\\/hankyeol-yoon-gewinnt-young-conductors-award\",\"name\":\"Hankyeol Yoon gewinnt Young Conductors Award - Schweizer Musikzeitung\",\"isPartOf\":{\"@id\":\"https:\\\/\\\/www.musikzeitung.ch\\\/#website\"},\"primaryImageOfPage\":{\"@id\":\"https:\\\/\\\/www.musikzeitung.ch\\\/news\\\/2023\\\/08\\\/hankyeol-yoon-gewinnt-young-conductors-award#primaryimage\"},\"image\":{\"@id\":\"https:\\\/\\\/www.musikzeitung.ch\\\/news\\\/2023\\\/08\\\/hankyeol-yoon-gewinnt-young-conductors-award#primaryimage\"},\"thumbnailUrl\":\"https:\\\/\\\/www.musikzeitung.ch\\\/wp-content\\\/uploads\\\/2023\\\/08\\\/230807salzburg.jpg\",\"datePublished\":\"2023-08-07T11:54:30+00:00\",\"dateModified\":\"2023-08-07T11:56:00+00:00\",\"breadcrumb\":{\"@id\":\"https:\\\/\\\/www.musikzeitung.ch\\\/news\\\/2023\\\/08\\\/hankyeol-yoon-gewinnt-young-conductors-award#breadcrumb\"},\"inLanguage\":\"it-IT\",\"potentialAction\":[{\"@type\":\"ReadAction\",\"target\":[\"https:\\\/\\\/www.musikzeitung.ch\\\/news\\\/2023\\\/08\\\/hankyeol-yoon-gewinnt-young-conductors-award\"]}]},{\"@type\":\"ImageObject\",\"inLanguage\":\"it-IT\",\"@id\":\"https:\\\/\\\/www.musikzeitung.ch\\\/news\\\/2023\\\/08\\\/hankyeol-yoon-gewinnt-young-conductors-award#primaryimage\",\"url\":\"https:\\\/\\\/www.musikzeitung.ch\\\/wp-content\\\/uploads\\\/2023\\\/08\\\/230807salzburg.jpg\",\"contentUrl\":\"https:\\\/\\\/www.musikzeitung.ch\\\/wp-content\\\/uploads\\\/2023\\\/08\\\/230807salzburg.jpg\",\"width\":1048,\"height\":694,\"caption\":\"Preisverleihung Young Conductors Award 2023: Manfred Honeck, Hankyeol Yoon (Bild: SF\\\/Marco Borrelli)\"},{\"@type\":\"BreadcrumbList\",\"@id\":\"https:\\\/\\\/www.musikzeitung.ch\\\/news\\\/2023\\\/08\\\/hankyeol-yoon-gewinnt-young-conductors-award#breadcrumb\",\"itemListElement\":[{\"@type\":\"ListItem\",\"position\":1,\"name\":\"Home\",\"item\":\"https:\\\/\\\/www.musikzeitung.ch\\\/\"},{\"@type\":\"ListItem\",\"position\":2,\"name\":\"Hankyeol Yoon gewinnt Young Conductors Award\"}]},{\"@type\":\"WebSite\",\"@id\":\"https:\\\/\\\/www.musikzeitung.ch\\\/#website\",\"url\":\"https:\\\/\\\/www.musikzeitung.ch\\\/\",\"name\":\"Schweizer Musikzeitung\",\"description\":\"Die f\u00fchrende sparten\u00fcbergreifende Monatszeitung in der Schweiz f\u00fcr musikalische Fragen.\",\"publisher\":{\"@id\":\"https:\\\/\\\/www.musikzeitung.ch\\\/#organization\"},\"potentialAction\":[{\"@type\":\"SearchAction\",\"target\":{\"@type\":\"EntryPoint\",\"urlTemplate\":\"https:\\\/\\\/www.musikzeitung.ch\\\/?s={search_term_string}\"},\"query-input\":{\"@type\":\"PropertyValueSpecification\",\"valueRequired\":true,\"valueName\":\"search_term_string\"}}],\"inLanguage\":\"it-IT\"},{\"@type\":\"Organization\",\"@id\":\"https:\\\/\\\/www.musikzeitung.ch\\\/#organization\",\"name\":\"Schweizer Musikzeitung\",\"url\":\"https:\\\/\\\/www.musikzeitung.ch\\\/\",\"logo\":{\"@type\":\"ImageObject\",\"inLanguage\":\"it-IT\",\"@id\":\"https:\\\/\\\/www.musikzeitung.ch\\\/#\\\/schema\\\/logo\\\/image\\\/\",\"url\":\"https:\\\/\\\/www.musikzeitung.ch\\\/wp-content\\\/uploads\\\/2023\\\/01\\\/SMZ_Schriftzug_Sprache.png\",\"contentUrl\":\"https:\\\/\\\/www.musikzeitung.ch\\\/wp-content\\\/uploads\\\/2023\\\/01\\\/SMZ_Schriftzug_Sprache.png\",\"width\":1400,\"height\":279,\"caption\":\"Schweizer Musikzeitung\"},\"image\":{\"@id\":\"https:\\\/\\\/www.musikzeitung.ch\\\/#\\\/schema\\\/logo\\\/image\\\/\"},\"sameAs\":[\"https:\\\/\\\/www.facebook.com\\\/SchweizerMusikzeitung\\\/\",\"https:\\\/\\\/x.com\\\/smusikzeitung\",\"https:\\\/\\\/www.instagram.com\\\/musikzeitung.ch\\\/\"]},{\"@type\":\"Person\",\"@id\":\"https:\\\/\\\/www.musikzeitung.ch\\\/#\\\/schema\\\/person\\\/0da4fb82d243f1252850a35d0e87cf0c\",\"name\":\"Wolfgang B\u00f6hler\",\"image\":{\"@type\":\"ImageObject\",\"inLanguage\":\"it-IT\",\"@id\":\"https:\\\/\\\/www.musikzeitung.ch\\\/wp-content\\\/uploads\\\/2023\\\/01\\\/boehler_portraet_web-e1674139782246-96x96.jpg\",\"url\":\"https:\\\/\\\/www.musikzeitung.ch\\\/wp-content\\\/uploads\\\/2023\\\/01\\\/boehler_portraet_web-e1674139782246-96x96.jpg\",\"contentUrl\":\"https:\\\/\\\/www.musikzeitung.ch\\\/wp-content\\\/uploads\\\/2023\\\/01\\\/boehler_portraet_web-e1674139782246-96x96.jpg\",\"caption\":\"Wolfgang B\u00f6hler\"},\"sameAs\":[\"http:\\\/\\\/www.manacanto.ch\",\"https:\\\/\\\/www.facebook.com\\\/wolfgang.bohler.75\"],\"url\":\"https:\\\/\\\/www.musikzeitung.ch\\\/it\\\/author\\\/wolfgang-boehler\"}]}<\/script>\n<!-- \/ Yoast SEO plugin. -->","yoast_head_json":{"title":"Hankyeol Yoon gewinnt Young Conductors Award - Schweizer Musikzeitung","robots":{"index":"index","follow":"follow","max-snippet":"max-snippet:-1","max-image-preview":"max-image-preview:large","max-video-preview":"max-video-preview:-1"},"canonical":"https:\/\/www.musikzeitung.ch\/it\/news\/2023\/08\/hankyeol-yoon-gewinnt-young-conductors-award\/","og_locale":"it_IT","og_type":"article","og_title":"Hankyeol Yoon gewinnt Young Conductors Award - Schweizer Musikzeitung","og_description":"Der s\u00fcdkoreanische Dirigent Hankyeol Yoon hat im Rahmen der Salzburger Festspiele den Herbert von Karajan Young Conductors Award 2023 gewonnen.","og_url":"https:\/\/www.musikzeitung.ch\/it\/news\/2023\/08\/hankyeol-yoon-gewinnt-young-conductors-award\/","og_site_name":"Schweizer Musikzeitung","article_publisher":"https:\/\/www.facebook.com\/SchweizerMusikzeitung\/","article_author":"https:\/\/www.facebook.com\/wolfgang.bohler.75","article_published_time":"2023-08-07T11:54:30+00:00","article_modified_time":"2023-08-07T11:56:00+00:00","og_image":[{"width":1048,"height":694,"url":"https:\/\/www.musikzeitung.ch\/wp-content\/uploads\/2023\/08\/230807salzburg.jpg","type":"image\/jpeg"}],"author":"Wolfgang B\u00f6hler","twitter_card":"summary_large_image","twitter_creator":"@smusikzeitung","twitter_site":"@smusikzeitung","twitter_misc":{"Scritto da":"Wolfgang B\u00f6hler","Tempo di lettura stimato":"2 minuti"},"schema":{"@context":"https:\/\/schema.org","@graph":[{"@type":"Article","@id":"https:\/\/www.musikzeitung.ch\/news\/2023\/08\/hankyeol-yoon-gewinnt-young-conductors-award#article","isPartOf":{"@id":"https:\/\/www.musikzeitung.ch\/news\/2023\/08\/hankyeol-yoon-gewinnt-young-conductors-award"},"author":{"name":"Wolfgang B\u00f6hler","@id":"https:\/\/www.musikzeitung.ch\/#\/schema\/person\/0da4fb82d243f1252850a35d0e87cf0c"},"headline":"Hankyeol Yoon gewinnt Young Conductors Award","datePublished":"2023-08-07T11:54:30+00:00","dateModified":"2023-08-07T11:56:00+00:00","mainEntityOfPage":{"@id":"https:\/\/www.musikzeitung.ch\/news\/2023\/08\/hankyeol-yoon-gewinnt-young-conductors-award"},"wordCount":175,"publisher":{"@id":"https:\/\/www.musikzeitung.ch\/#organization"},"image":{"@id":"https:\/\/www.musikzeitung.ch\/news\/2023\/08\/hankyeol-yoon-gewinnt-young-conductors-award#primaryimage"},"thumbnailUrl":"https:\/\/www.musikzeitung.ch\/wp-content\/uploads\/2023\/08\/230807salzburg.jpg","keywords":["Hankyeol Yoon","Karajan Young Conductors Award"],"articleSection":["News"],"inLanguage":"it-IT"},{"@type":"WebPage","@id":"https:\/\/www.musikzeitung.ch\/news\/2023\/08\/hankyeol-yoon-gewinnt-young-conductors-award","url":"https:\/\/www.musikzeitung.ch\/news\/2023\/08\/hankyeol-yoon-gewinnt-young-conductors-award","name":"Hankyeol Yoon gewinnt Young Conductors Award - Schweizer Musikzeitung","isPartOf":{"@id":"https:\/\/www.musikzeitung.ch\/#website"},"primaryImageOfPage":{"@id":"https:\/\/www.musikzeitung.ch\/news\/2023\/08\/hankyeol-yoon-gewinnt-young-conductors-award#primaryimage"},"image":{"@id":"https:\/\/www.musikzeitung.ch\/news\/2023\/08\/hankyeol-yoon-gewinnt-young-conductors-award#primaryimage"},"thumbnailUrl":"https:\/\/www.musikzeitung.ch\/wp-content\/uploads\/2023\/08\/230807salzburg.jpg","datePublished":"2023-08-07T11:54:30+00:00","dateModified":"2023-08-07T11:56:00+00:00","breadcrumb":{"@id":"https:\/\/www.musikzeitung.ch\/news\/2023\/08\/hankyeol-yoon-gewinnt-young-conductors-award#breadcrumb"},"inLanguage":"it-IT","potentialAction":[{"@type":"ReadAction","target":["https:\/\/www.musikzeitung.ch\/news\/2023\/08\/hankyeol-yoon-gewinnt-young-conductors-award"]}]},{"@type":"ImageObject","inLanguage":"it-IT","@id":"https:\/\/www.musikzeitung.ch\/news\/2023\/08\/hankyeol-yoon-gewinnt-young-conductors-award#primaryimage","url":"https:\/\/www.musikzeitung.ch\/wp-content\/uploads\/2023\/08\/230807salzburg.jpg","contentUrl":"https:\/\/www.musikzeitung.ch\/wp-content\/uploads\/2023\/08\/230807salzburg.jpg","width":1048,"height":694,"caption":"Preisverleihung Young Conductors Award 2023: Manfred Honeck, Hankyeol Yoon (Bild: SF\/Marco Borrelli)"},{"@type":"BreadcrumbList","@id":"https:\/\/www.musikzeitung.ch\/news\/2023\/08\/hankyeol-yoon-gewinnt-young-conductors-award#breadcrumb","itemListElement":[{"@type":"ListItem","position":1,"name":"Home","item":"https:\/\/www.musikzeitung.ch\/"},{"@type":"ListItem","position":2,"name":"Hankyeol Yoon gewinnt Young Conductors Award"}]},{"@type":"WebSite","@id":"https:\/\/www.musikzeitung.ch\/#website","url":"https:\/\/www.musikzeitung.ch\/","name":"Giornale musicale svizzero","description":"Il principale mensile interdisciplinare della Svizzera per le questioni musicali.","publisher":{"@id":"https:\/\/www.musikzeitung.ch\/#organization"},"potentialAction":[{"@type":"SearchAction","target":{"@type":"EntryPoint","urlTemplate":"https:\/\/www.musikzeitung.ch\/?s={search_term_string}"},"query-input":{"@type":"PropertyValueSpecification","valueRequired":true,"valueName":"search_term_string"}}],"inLanguage":"it-IT"},{"@type":"Organization","@id":"https:\/\/www.musikzeitung.ch\/#organization","name":"Giornale musicale svizzero","url":"https:\/\/www.musikzeitung.ch\/","logo":{"@type":"ImageObject","inLanguage":"it-IT","@id":"https:\/\/www.musikzeitung.ch\/#\/schema\/logo\/image\/","url":"https:\/\/www.musikzeitung.ch\/wp-content\/uploads\/2023\/01\/SMZ_Schriftzug_Sprache.png","contentUrl":"https:\/\/www.musikzeitung.ch\/wp-content\/uploads\/2023\/01\/SMZ_Schriftzug_Sprache.png","width":1400,"height":279,"caption":"Schweizer Musikzeitung"},"image":{"@id":"https:\/\/www.musikzeitung.ch\/#\/schema\/logo\/image\/"},"sameAs":["https:\/\/www.facebook.com\/SchweizerMusikzeitung\/","https:\/\/x.com\/smusikzeitung","https:\/\/www.instagram.com\/musikzeitung.ch\/"]},{"@type":"Person","@id":"https:\/\/www.musikzeitung.ch\/#\/schema\/person\/0da4fb82d243f1252850a35d0e87cf0c","name":"Wolfgang B\u00f6hler","image":{"@type":"ImageObject","inLanguage":"it-IT","@id":"https:\/\/www.musikzeitung.ch\/wp-content\/uploads\/2023\/01\/boehler_portraet_web-e1674139782246-96x96.jpg","url":"https:\/\/www.musikzeitung.ch\/wp-content\/uploads\/2023\/01\/boehler_portraet_web-e1674139782246-96x96.jpg","contentUrl":"https:\/\/www.musikzeitung.ch\/wp-content\/uploads\/2023\/01\/boehler_portraet_web-e1674139782246-96x96.jpg","caption":"Wolfgang B\u00f6hler"},"sameAs":["http:\/\/www.manacanto.ch","https:\/\/www.facebook.com\/wolfgang.bohler.75"],"url":"https:\/\/www.musikzeitung.ch\/it\/author\/wolfgang-boehler"}]}},"publishpress_future_workflow_manual_trigger":{"enabledWorkflows":[]},"_links":{"self":[{"href":"https:\/\/www.musikzeitung.ch\/it\/wp-json\/wp\/v2\/posts\/46437","targetHints":{"allow":["GET"]}}],"collection":[{"href":"https:\/\/www.musikzeitung.ch\/it\/wp-json\/wp\/v2\/posts"}],"about":[{"href":"https:\/\/www.musikzeitung.ch\/it\/wp-json\/wp\/v2\/types\/post"}],"author":[{"embeddable":true,"href":"https:\/\/www.musikzeitung.ch\/it\/wp-json\/wp\/v2\/users\/30"}],"replies":[{"embeddable":true,"href":"https:\/\/www.musikzeitung.ch\/it\/wp-json\/wp\/v2\/comments?post=46437"}],"version-history":[{"count":2,"href":"https:\/\/www.musikzeitung.ch\/it\/wp-json\/wp\/v2\/posts\/46437\/revisions"}],"predecessor-version":[{"id":46440,"href":"https:\/\/www.musikzeitung.ch\/it\/wp-json\/wp\/v2\/posts\/46437\/revisions\/46440"}],"wp:featuredmedia":[{"embeddable":true,"href":"https:\/\/www.musikzeitung.ch\/it\/wp-json\/wp\/v2\/media\/46438"}],"wp:attachment":[{"href":"https:\/\/www.musikzeitung.ch\/it\/wp-json\/wp\/v2\/media?parent=46437"}],"wp:term":[{"taxonomy":"category","embeddable":true,"href":"https:\/\/www.musikzeitung.ch\/it\/wp-json\/wp\/v2\/categories?post=46437"},{"taxonomy":"post_tag","embeddable":true,"href":"https:\/\/www.musikzeitung.ch\/it\/wp-json\/wp\/v2\/tags?post=46437"}],"curies":[{"name":"wp","href":"https:\/\/api.w.org\/{rel}","templated":true}]}}