{"id":46493,"date":"2023-08-09T14:04:53","date_gmt":"2023-08-09T12:04:53","guid":{"rendered":"https:\/\/www.musikzeitung.ch\/?p=46493"},"modified":"2023-08-09T14:06:28","modified_gmt":"2023-08-09T12:06:28","slug":"nowak-wird-musikalischer-leiter-des-philippine-philharmonic-orchestra","status":"publish","type":"post","link":"https:\/\/www.musikzeitung.ch\/it\/news\/2023\/08\/nowak-wird-musikalischer-leiter-des-philippine-philharmonic-orchestra","title":{"rendered":"Nowak diventa direttore musicale dell'Orchestra Filarmonica delle Filippine"},"content":{"rendered":"<figure id=\"attachment_46494\" aria-describedby=\"caption-attachment-46494\" style=\"width: 589px\" class=\"wp-caption aligncenter\"><img loading=\"lazy\" decoding=\"async\" class=\"wp-image-46494\" src=\"https:\/\/www.musikzeitung.ch\/wp-content\/uploads\/2023\/08\/230809nowak.jpg\" alt=\"\" width=\"589\" height=\"415\" srcset=\"https:\/\/www.musikzeitung.ch\/wp-content\/uploads\/2023\/08\/230809nowak.jpg 800w, https:\/\/www.musikzeitung.ch\/wp-content\/uploads\/2023\/08\/230809nowak-300x212.jpg 300w, https:\/\/www.musikzeitung.ch\/wp-content\/uploads\/2023\/08\/230809nowak-768x541.jpg 768w, https:\/\/www.musikzeitung.ch\/wp-content\/uploads\/2023\/08\/230809nowak-248x175.jpg 248w, https:\/\/www.musikzeitung.ch\/wp-content\/uploads\/2023\/08\/230809nowak-496x350.jpg 496w\" sizes=\"auto, (max-width: 589px) 100vw, 589px\" \/><figcaption id=\"caption-attachment-46494\" class=\"wp-caption-text\">Grzegorz Nowak (Immagine: zVg)<\/figcaption><\/figure>\n<p>Nowak \u00e8 Direttore principale associato della Royal Philharmonic Orchestra di Londra. Dal 2017 al 2020 \u00e8 stato direttore musicale dell'Opera Nazionale Polacca di Varsavia. \u00c8 stato il vincitore del Concorso di direzione d'orchestra Ernest Ansermet di Ginevra e ha ricevuto il Premio europeo della musica per il musicista europeo dell'anno, assegnato da una commissione presieduta da Pierre Boulez. Ha ricoperto incarichi di direzione in diverse orchestre in Svizzera.<\/p>\n<p>L'Orchestra Filarmonica delle Filippine \u00e8 stata fondata nel 1973 con il nome di CCP Philharmonic Orchestra. Si \u00e8 esibita anche con artisti come Van Cliburn e Renata Tebaldi. Nel 2001 ha effettuato una tourn\u00e9e in Europa.<\/p>","protected":false},"excerpt":{"rendered":"<p>Il direttore d'orchestra polacco Grzegorz Nowak diventa direttore musicale e direttore principale della Philippine Philharmonic Orchestra (PPO).<\/p>","protected":false},"author":30,"featured_media":46494,"comment_status":"closed","ping_status":"closed","sticky":false,"template":"","format":"standard","meta":{"_acf_changed":false,"_relevanssi_hide_post":"","_relevanssi_hide_content":"","_relevanssi_pin_for_all":"","_relevanssi_pin_keywords":"","_relevanssi_unpin_keywords":"","_relevanssi_related_keywords":"","_relevanssi_related_include_ids":"","_relevanssi_related_exclude_ids":"","_relevanssi_related_no_append":"","_relevanssi_related_not_related":"","_relevanssi_related_posts":"","_relevanssi_noindex_reason":"","pgc_sgb_lightbox_settings":"","footnotes":""},"categories":[27],"tags":[2810,2811],"class_list":["post-46493","post","type-post","status-publish","format-standard","has-post-thumbnail","hentry","category-news","tag-grzegorz-nowak","tag-philippine-philharmonic-orchestra"],"acf":[],"yoast_head":"<!-- This site is optimized with the Yoast SEO plugin v27.4 - https:\/\/yoast.com\/product\/yoast-seo-wordpress\/ -->\n<title>Nowak wird musikalischer Leiter des Philippine Philharmonic Orchestra - Schweizer Musikzeitung<\/title>\n<meta name=\"robots\" content=\"index, follow, max-snippet:-1, max-image-preview:large, max-video-preview:-1\" \/>\n<link rel=\"canonical\" href=\"https:\/\/www.musikzeitung.ch\/it\/news\/2023\/08\/nowak-wird-musikalischer-leiter-des-philippine-philharmonic-orchestra\/\" \/>\n<meta property=\"og:locale\" content=\"it_IT\" \/>\n<meta property=\"og:type\" content=\"article\" \/>\n<meta property=\"og:title\" content=\"Nowak wird musikalischer Leiter des Philippine Philharmonic Orchestra - Schweizer Musikzeitung\" \/>\n<meta property=\"og:description\" content=\"Der polnische Dirigent Grzegorz Nowak wird musikalischer Leiter und Chefdirigent des Philippine Philharmonic Orchestra (PPO).\" \/>\n<meta property=\"og:url\" content=\"https:\/\/www.musikzeitung.ch\/it\/news\/2023\/08\/nowak-wird-musikalischer-leiter-des-philippine-philharmonic-orchestra\/\" \/>\n<meta property=\"og:site_name\" content=\"Schweizer Musikzeitung\" \/>\n<meta property=\"article:publisher\" content=\"https:\/\/www.facebook.com\/SchweizerMusikzeitung\/\" \/>\n<meta property=\"article:author\" content=\"https:\/\/www.facebook.com\/wolfgang.bohler.75\" \/>\n<meta property=\"article:published_time\" content=\"2023-08-09T12:04:53+00:00\" \/>\n<meta property=\"article:modified_time\" content=\"2023-08-09T12:06:28+00:00\" \/>\n<meta property=\"og:image\" content=\"https:\/\/www.musikzeitung.ch\/wp-content\/uploads\/2023\/08\/230809nowak.jpg\" \/>\n\t<meta property=\"og:image:width\" content=\"800\" \/>\n\t<meta property=\"og:image:height\" content=\"564\" \/>\n\t<meta property=\"og:image:type\" content=\"image\/jpeg\" \/>\n<meta name=\"author\" content=\"Wolfgang B\u00f6hler\" \/>\n<meta name=\"twitter:card\" content=\"summary_large_image\" \/>\n<meta name=\"twitter:creator\" content=\"@smusikzeitung\" \/>\n<meta name=\"twitter:site\" content=\"@smusikzeitung\" \/>\n<meta name=\"twitter:label1\" content=\"Scritto da\" \/>\n\t<meta name=\"twitter:data1\" content=\"Wolfgang B\u00f6hler\" \/>\n\t<meta name=\"twitter:label2\" content=\"Tempo di lettura stimato\" \/>\n\t<meta name=\"twitter:data2\" content=\"1 minuto\" \/>\n<script type=\"application\/ld+json\" class=\"yoast-schema-graph\">{\"@context\":\"https:\\\/\\\/schema.org\",\"@graph\":[{\"@type\":\"Article\",\"@id\":\"https:\\\/\\\/www.musikzeitung.ch\\\/news\\\/2023\\\/08\\\/nowak-wird-musikalischer-leiter-des-philippine-philharmonic-orchestra#article\",\"isPartOf\":{\"@id\":\"https:\\\/\\\/www.musikzeitung.ch\\\/news\\\/2023\\\/08\\\/nowak-wird-musikalischer-leiter-des-philippine-philharmonic-orchestra\"},\"author\":{\"name\":\"Wolfgang B\u00f6hler\",\"@id\":\"https:\\\/\\\/www.musikzeitung.ch\\\/#\\\/schema\\\/person\\\/0da4fb82d243f1252850a35d0e87cf0c\"},\"headline\":\"Nowak wird musikalischer Leiter des Philippine Philharmonic Orchestra\",\"datePublished\":\"2023-08-09T12:04:53+00:00\",\"dateModified\":\"2023-08-09T12:06:28+00:00\",\"mainEntityOfPage\":{\"@id\":\"https:\\\/\\\/www.musikzeitung.ch\\\/news\\\/2023\\\/08\\\/nowak-wird-musikalischer-leiter-des-philippine-philharmonic-orchestra\"},\"wordCount\":118,\"publisher\":{\"@id\":\"https:\\\/\\\/www.musikzeitung.ch\\\/#organization\"},\"image\":{\"@id\":\"https:\\\/\\\/www.musikzeitung.ch\\\/news\\\/2023\\\/08\\\/nowak-wird-musikalischer-leiter-des-philippine-philharmonic-orchestra#primaryimage\"},\"thumbnailUrl\":\"https:\\\/\\\/www.musikzeitung.ch\\\/wp-content\\\/uploads\\\/2023\\\/08\\\/230809nowak.jpg\",\"keywords\":[\"Grzegorz Nowak\",\"Philippine Philharmonic Orchestra\"],\"articleSection\":[\"News\"],\"inLanguage\":\"it-IT\"},{\"@type\":\"WebPage\",\"@id\":\"https:\\\/\\\/www.musikzeitung.ch\\\/news\\\/2023\\\/08\\\/nowak-wird-musikalischer-leiter-des-philippine-philharmonic-orchestra\",\"url\":\"https:\\\/\\\/www.musikzeitung.ch\\\/news\\\/2023\\\/08\\\/nowak-wird-musikalischer-leiter-des-philippine-philharmonic-orchestra\",\"name\":\"Nowak wird musikalischer Leiter des Philippine Philharmonic Orchestra - Schweizer Musikzeitung\",\"isPartOf\":{\"@id\":\"https:\\\/\\\/www.musikzeitung.ch\\\/#website\"},\"primaryImageOfPage\":{\"@id\":\"https:\\\/\\\/www.musikzeitung.ch\\\/news\\\/2023\\\/08\\\/nowak-wird-musikalischer-leiter-des-philippine-philharmonic-orchestra#primaryimage\"},\"image\":{\"@id\":\"https:\\\/\\\/www.musikzeitung.ch\\\/news\\\/2023\\\/08\\\/nowak-wird-musikalischer-leiter-des-philippine-philharmonic-orchestra#primaryimage\"},\"thumbnailUrl\":\"https:\\\/\\\/www.musikzeitung.ch\\\/wp-content\\\/uploads\\\/2023\\\/08\\\/230809nowak.jpg\",\"datePublished\":\"2023-08-09T12:04:53+00:00\",\"dateModified\":\"2023-08-09T12:06:28+00:00\",\"breadcrumb\":{\"@id\":\"https:\\\/\\\/www.musikzeitung.ch\\\/news\\\/2023\\\/08\\\/nowak-wird-musikalischer-leiter-des-philippine-philharmonic-orchestra#breadcrumb\"},\"inLanguage\":\"it-IT\",\"potentialAction\":[{\"@type\":\"ReadAction\",\"target\":[\"https:\\\/\\\/www.musikzeitung.ch\\\/news\\\/2023\\\/08\\\/nowak-wird-musikalischer-leiter-des-philippine-philharmonic-orchestra\"]}]},{\"@type\":\"ImageObject\",\"inLanguage\":\"it-IT\",\"@id\":\"https:\\\/\\\/www.musikzeitung.ch\\\/news\\\/2023\\\/08\\\/nowak-wird-musikalischer-leiter-des-philippine-philharmonic-orchestra#primaryimage\",\"url\":\"https:\\\/\\\/www.musikzeitung.ch\\\/wp-content\\\/uploads\\\/2023\\\/08\\\/230809nowak.jpg\",\"contentUrl\":\"https:\\\/\\\/www.musikzeitung.ch\\\/wp-content\\\/uploads\\\/2023\\\/08\\\/230809nowak.jpg\",\"width\":800,\"height\":564,\"caption\":\"Grzegorz Nowak (Bild: zVg)\"},{\"@type\":\"BreadcrumbList\",\"@id\":\"https:\\\/\\\/www.musikzeitung.ch\\\/news\\\/2023\\\/08\\\/nowak-wird-musikalischer-leiter-des-philippine-philharmonic-orchestra#breadcrumb\",\"itemListElement\":[{\"@type\":\"ListItem\",\"position\":1,\"name\":\"Home\",\"item\":\"https:\\\/\\\/www.musikzeitung.ch\\\/\"},{\"@type\":\"ListItem\",\"position\":2,\"name\":\"Nowak wird musikalischer Leiter des Philippine Philharmonic Orchestra\"}]},{\"@type\":\"WebSite\",\"@id\":\"https:\\\/\\\/www.musikzeitung.ch\\\/#website\",\"url\":\"https:\\\/\\\/www.musikzeitung.ch\\\/\",\"name\":\"Schweizer Musikzeitung\",\"description\":\"Die f\u00fchrende sparten\u00fcbergreifende Monatszeitung in der Schweiz f\u00fcr musikalische Fragen.\",\"publisher\":{\"@id\":\"https:\\\/\\\/www.musikzeitung.ch\\\/#organization\"},\"potentialAction\":[{\"@type\":\"SearchAction\",\"target\":{\"@type\":\"EntryPoint\",\"urlTemplate\":\"https:\\\/\\\/www.musikzeitung.ch\\\/?s={search_term_string}\"},\"query-input\":{\"@type\":\"PropertyValueSpecification\",\"valueRequired\":true,\"valueName\":\"search_term_string\"}}],\"inLanguage\":\"it-IT\"},{\"@type\":\"Organization\",\"@id\":\"https:\\\/\\\/www.musikzeitung.ch\\\/#organization\",\"name\":\"Schweizer Musikzeitung\",\"url\":\"https:\\\/\\\/www.musikzeitung.ch\\\/\",\"logo\":{\"@type\":\"ImageObject\",\"inLanguage\":\"it-IT\",\"@id\":\"https:\\\/\\\/www.musikzeitung.ch\\\/#\\\/schema\\\/logo\\\/image\\\/\",\"url\":\"https:\\\/\\\/www.musikzeitung.ch\\\/wp-content\\\/uploads\\\/2023\\\/01\\\/SMZ_Schriftzug_Sprache.png\",\"contentUrl\":\"https:\\\/\\\/www.musikzeitung.ch\\\/wp-content\\\/uploads\\\/2023\\\/01\\\/SMZ_Schriftzug_Sprache.png\",\"width\":1400,\"height\":279,\"caption\":\"Schweizer Musikzeitung\"},\"image\":{\"@id\":\"https:\\\/\\\/www.musikzeitung.ch\\\/#\\\/schema\\\/logo\\\/image\\\/\"},\"sameAs\":[\"https:\\\/\\\/www.facebook.com\\\/SchweizerMusikzeitung\\\/\",\"https:\\\/\\\/x.com\\\/smusikzeitung\",\"https:\\\/\\\/www.instagram.com\\\/musikzeitung.ch\\\/\"]},{\"@type\":\"Person\",\"@id\":\"https:\\\/\\\/www.musikzeitung.ch\\\/#\\\/schema\\\/person\\\/0da4fb82d243f1252850a35d0e87cf0c\",\"name\":\"Wolfgang B\u00f6hler\",\"image\":{\"@type\":\"ImageObject\",\"inLanguage\":\"it-IT\",\"@id\":\"https:\\\/\\\/www.musikzeitung.ch\\\/wp-content\\\/uploads\\\/2023\\\/01\\\/boehler_portraet_web-e1674139782246-96x96.jpg\",\"url\":\"https:\\\/\\\/www.musikzeitung.ch\\\/wp-content\\\/uploads\\\/2023\\\/01\\\/boehler_portraet_web-e1674139782246-96x96.jpg\",\"contentUrl\":\"https:\\\/\\\/www.musikzeitung.ch\\\/wp-content\\\/uploads\\\/2023\\\/01\\\/boehler_portraet_web-e1674139782246-96x96.jpg\",\"caption\":\"Wolfgang B\u00f6hler\"},\"sameAs\":[\"http:\\\/\\\/www.manacanto.ch\",\"https:\\\/\\\/www.facebook.com\\\/wolfgang.bohler.75\"],\"url\":\"https:\\\/\\\/www.musikzeitung.ch\\\/it\\\/author\\\/wolfgang-boehler\"}]}<\/script>\n<!-- \/ Yoast SEO plugin. -->","yoast_head_json":{"title":"Nowak wird musikalischer Leiter des Philippine Philharmonic Orchestra - Schweizer Musikzeitung","robots":{"index":"index","follow":"follow","max-snippet":"max-snippet:-1","max-image-preview":"max-image-preview:large","max-video-preview":"max-video-preview:-1"},"canonical":"https:\/\/www.musikzeitung.ch\/it\/news\/2023\/08\/nowak-wird-musikalischer-leiter-des-philippine-philharmonic-orchestra\/","og_locale":"it_IT","og_type":"article","og_title":"Nowak wird musikalischer Leiter des Philippine Philharmonic Orchestra - Schweizer Musikzeitung","og_description":"Der polnische Dirigent Grzegorz Nowak wird musikalischer Leiter und Chefdirigent des Philippine Philharmonic Orchestra (PPO).","og_url":"https:\/\/www.musikzeitung.ch\/it\/news\/2023\/08\/nowak-wird-musikalischer-leiter-des-philippine-philharmonic-orchestra\/","og_site_name":"Schweizer Musikzeitung","article_publisher":"https:\/\/www.facebook.com\/SchweizerMusikzeitung\/","article_author":"https:\/\/www.facebook.com\/wolfgang.bohler.75","article_published_time":"2023-08-09T12:04:53+00:00","article_modified_time":"2023-08-09T12:06:28+00:00","og_image":[{"width":800,"height":564,"url":"https:\/\/www.musikzeitung.ch\/wp-content\/uploads\/2023\/08\/230809nowak.jpg","type":"image\/jpeg"}],"author":"Wolfgang B\u00f6hler","twitter_card":"summary_large_image","twitter_creator":"@smusikzeitung","twitter_site":"@smusikzeitung","twitter_misc":{"Scritto da":"Wolfgang B\u00f6hler","Tempo di lettura stimato":"1 minuto"},"schema":{"@context":"https:\/\/schema.org","@graph":[{"@type":"Article","@id":"https:\/\/www.musikzeitung.ch\/news\/2023\/08\/nowak-wird-musikalischer-leiter-des-philippine-philharmonic-orchestra#article","isPartOf":{"@id":"https:\/\/www.musikzeitung.ch\/news\/2023\/08\/nowak-wird-musikalischer-leiter-des-philippine-philharmonic-orchestra"},"author":{"name":"Wolfgang B\u00f6hler","@id":"https:\/\/www.musikzeitung.ch\/#\/schema\/person\/0da4fb82d243f1252850a35d0e87cf0c"},"headline":"Nowak wird musikalischer Leiter des Philippine Philharmonic Orchestra","datePublished":"2023-08-09T12:04:53+00:00","dateModified":"2023-08-09T12:06:28+00:00","mainEntityOfPage":{"@id":"https:\/\/www.musikzeitung.ch\/news\/2023\/08\/nowak-wird-musikalischer-leiter-des-philippine-philharmonic-orchestra"},"wordCount":118,"publisher":{"@id":"https:\/\/www.musikzeitung.ch\/#organization"},"image":{"@id":"https:\/\/www.musikzeitung.ch\/news\/2023\/08\/nowak-wird-musikalischer-leiter-des-philippine-philharmonic-orchestra#primaryimage"},"thumbnailUrl":"https:\/\/www.musikzeitung.ch\/wp-content\/uploads\/2023\/08\/230809nowak.jpg","keywords":["Grzegorz Nowak","Philippine Philharmonic Orchestra"],"articleSection":["News"],"inLanguage":"it-IT"},{"@type":"WebPage","@id":"https:\/\/www.musikzeitung.ch\/news\/2023\/08\/nowak-wird-musikalischer-leiter-des-philippine-philharmonic-orchestra","url":"https:\/\/www.musikzeitung.ch\/news\/2023\/08\/nowak-wird-musikalischer-leiter-des-philippine-philharmonic-orchestra","name":"Nowak wird musikalischer Leiter des Philippine Philharmonic Orchestra - Schweizer Musikzeitung","isPartOf":{"@id":"https:\/\/www.musikzeitung.ch\/#website"},"primaryImageOfPage":{"@id":"https:\/\/www.musikzeitung.ch\/news\/2023\/08\/nowak-wird-musikalischer-leiter-des-philippine-philharmonic-orchestra#primaryimage"},"image":{"@id":"https:\/\/www.musikzeitung.ch\/news\/2023\/08\/nowak-wird-musikalischer-leiter-des-philippine-philharmonic-orchestra#primaryimage"},"thumbnailUrl":"https:\/\/www.musikzeitung.ch\/wp-content\/uploads\/2023\/08\/230809nowak.jpg","datePublished":"2023-08-09T12:04:53+00:00","dateModified":"2023-08-09T12:06:28+00:00","breadcrumb":{"@id":"https:\/\/www.musikzeitung.ch\/news\/2023\/08\/nowak-wird-musikalischer-leiter-des-philippine-philharmonic-orchestra#breadcrumb"},"inLanguage":"it-IT","potentialAction":[{"@type":"ReadAction","target":["https:\/\/www.musikzeitung.ch\/news\/2023\/08\/nowak-wird-musikalischer-leiter-des-philippine-philharmonic-orchestra"]}]},{"@type":"ImageObject","inLanguage":"it-IT","@id":"https:\/\/www.musikzeitung.ch\/news\/2023\/08\/nowak-wird-musikalischer-leiter-des-philippine-philharmonic-orchestra#primaryimage","url":"https:\/\/www.musikzeitung.ch\/wp-content\/uploads\/2023\/08\/230809nowak.jpg","contentUrl":"https:\/\/www.musikzeitung.ch\/wp-content\/uploads\/2023\/08\/230809nowak.jpg","width":800,"height":564,"caption":"Grzegorz Nowak (Bild: zVg)"},{"@type":"BreadcrumbList","@id":"https:\/\/www.musikzeitung.ch\/news\/2023\/08\/nowak-wird-musikalischer-leiter-des-philippine-philharmonic-orchestra#breadcrumb","itemListElement":[{"@type":"ListItem","position":1,"name":"Home","item":"https:\/\/www.musikzeitung.ch\/"},{"@type":"ListItem","position":2,"name":"Nowak wird musikalischer Leiter des Philippine Philharmonic Orchestra"}]},{"@type":"WebSite","@id":"https:\/\/www.musikzeitung.ch\/#website","url":"https:\/\/www.musikzeitung.ch\/","name":"Giornale musicale svizzero","description":"Il principale mensile interdisciplinare della Svizzera per le questioni musicali.","publisher":{"@id":"https:\/\/www.musikzeitung.ch\/#organization"},"potentialAction":[{"@type":"SearchAction","target":{"@type":"EntryPoint","urlTemplate":"https:\/\/www.musikzeitung.ch\/?s={search_term_string}"},"query-input":{"@type":"PropertyValueSpecification","valueRequired":true,"valueName":"search_term_string"}}],"inLanguage":"it-IT"},{"@type":"Organization","@id":"https:\/\/www.musikzeitung.ch\/#organization","name":"Giornale musicale svizzero","url":"https:\/\/www.musikzeitung.ch\/","logo":{"@type":"ImageObject","inLanguage":"it-IT","@id":"https:\/\/www.musikzeitung.ch\/#\/schema\/logo\/image\/","url":"https:\/\/www.musikzeitung.ch\/wp-content\/uploads\/2023\/01\/SMZ_Schriftzug_Sprache.png","contentUrl":"https:\/\/www.musikzeitung.ch\/wp-content\/uploads\/2023\/01\/SMZ_Schriftzug_Sprache.png","width":1400,"height":279,"caption":"Schweizer Musikzeitung"},"image":{"@id":"https:\/\/www.musikzeitung.ch\/#\/schema\/logo\/image\/"},"sameAs":["https:\/\/www.facebook.com\/SchweizerMusikzeitung\/","https:\/\/x.com\/smusikzeitung","https:\/\/www.instagram.com\/musikzeitung.ch\/"]},{"@type":"Person","@id":"https:\/\/www.musikzeitung.ch\/#\/schema\/person\/0da4fb82d243f1252850a35d0e87cf0c","name":"Wolfgang B\u00f6hler","image":{"@type":"ImageObject","inLanguage":"it-IT","@id":"https:\/\/www.musikzeitung.ch\/wp-content\/uploads\/2023\/01\/boehler_portraet_web-e1674139782246-96x96.jpg","url":"https:\/\/www.musikzeitung.ch\/wp-content\/uploads\/2023\/01\/boehler_portraet_web-e1674139782246-96x96.jpg","contentUrl":"https:\/\/www.musikzeitung.ch\/wp-content\/uploads\/2023\/01\/boehler_portraet_web-e1674139782246-96x96.jpg","caption":"Wolfgang B\u00f6hler"},"sameAs":["http:\/\/www.manacanto.ch","https:\/\/www.facebook.com\/wolfgang.bohler.75"],"url":"https:\/\/www.musikzeitung.ch\/it\/author\/wolfgang-boehler"}]}},"publishpress_future_workflow_manual_trigger":{"enabledWorkflows":[]},"_links":{"self":[{"href":"https:\/\/www.musikzeitung.ch\/it\/wp-json\/wp\/v2\/posts\/46493","targetHints":{"allow":["GET"]}}],"collection":[{"href":"https:\/\/www.musikzeitung.ch\/it\/wp-json\/wp\/v2\/posts"}],"about":[{"href":"https:\/\/www.musikzeitung.ch\/it\/wp-json\/wp\/v2\/types\/post"}],"author":[{"embeddable":true,"href":"https:\/\/www.musikzeitung.ch\/it\/wp-json\/wp\/v2\/users\/30"}],"replies":[{"embeddable":true,"href":"https:\/\/www.musikzeitung.ch\/it\/wp-json\/wp\/v2\/comments?post=46493"}],"version-history":[{"count":3,"href":"https:\/\/www.musikzeitung.ch\/it\/wp-json\/wp\/v2\/posts\/46493\/revisions"}],"predecessor-version":[{"id":46497,"href":"https:\/\/www.musikzeitung.ch\/it\/wp-json\/wp\/v2\/posts\/46493\/revisions\/46497"}],"wp:featuredmedia":[{"embeddable":true,"href":"https:\/\/www.musikzeitung.ch\/it\/wp-json\/wp\/v2\/media\/46494"}],"wp:attachment":[{"href":"https:\/\/www.musikzeitung.ch\/it\/wp-json\/wp\/v2\/media?parent=46493"}],"wp:term":[{"taxonomy":"category","embeddable":true,"href":"https:\/\/www.musikzeitung.ch\/it\/wp-json\/wp\/v2\/categories?post=46493"},{"taxonomy":"post_tag","embeddable":true,"href":"https:\/\/www.musikzeitung.ch\/it\/wp-json\/wp\/v2\/tags?post=46493"}],"curies":[{"name":"wp","href":"https:\/\/api.w.org\/{rel}","templated":true}]}}