{"id":46864,"date":"2023-08-31T05:28:35","date_gmt":"2023-08-31T03:28:35","guid":{"rendered":"https:\/\/www.musikzeitung.ch\/?p=46864"},"modified":"2023-08-31T05:28:35","modified_gmt":"2023-08-31T03:28:35","slug":"rachmaninows-villa-soll-nachhaltig-genutzt-werden","status":"publish","type":"post","link":"https:\/\/www.musikzeitung.ch\/it\/news\/2023\/08\/rachmaninows-villa-soll-nachhaltig-genutzt-werden","title":{"rendered":"La villa di Rachmaninov sar\u00e0 utilizzata in modo sostenibile"},"content":{"rendered":"<figure id=\"attachment_46865\" aria-describedby=\"caption-attachment-46865\" style=\"width: 699px\" class=\"wp-caption aligncenter\"><img loading=\"lazy\" decoding=\"async\" class=\"wp-image-46865\" src=\"https:\/\/www.musikzeitung.ch\/wp-content\/uploads\/2023\/08\/230831senar.jpg\" alt=\"\" width=\"699\" height=\"391\" srcset=\"https:\/\/www.musikzeitung.ch\/wp-content\/uploads\/2023\/08\/230831senar.jpg 1106w, https:\/\/www.musikzeitung.ch\/wp-content\/uploads\/2023\/08\/230831senar-300x168.jpg 300w, https:\/\/www.musikzeitung.ch\/wp-content\/uploads\/2023\/08\/230831senar-1024x572.jpg 1024w, https:\/\/www.musikzeitung.ch\/wp-content\/uploads\/2023\/08\/230831senar-768x429.jpg 768w, https:\/\/www.musikzeitung.ch\/wp-content\/uploads\/2023\/08\/230831senar-313x175.jpg 313w, https:\/\/www.musikzeitung.ch\/wp-content\/uploads\/2023\/08\/230831senar-626x350.jpg 626w, https:\/\/www.musikzeitung.ch\/wp-content\/uploads\/2023\/08\/230831senar-920x514.jpg 920w\" sizes=\"auto, (max-width: 699px) 100vw, 699px\" \/><figcaption id=\"caption-attachment-46865\" class=\"wp-caption-text\">La penisola di Hertenstein con Villa Senar (Immagine: Flickr\/jbdodane)<\/figcaption><\/figure>\n<p>La Villa Senar del musicista russo Serge Rachmaninoff si presta a eventi consolidati e di nuovo tipo, scrive l'Universit\u00e0 di Scienze Applicate e Arti di Lucerna. Concerti, brunch musicali domenicali, serate jazz, residenze o passeggiate concertistiche, nonch\u00e9 tour virtuali che illustrano l'opera di Rachmaninoff, fanno parte del concetto. I primi formati sono gi\u00e0 in fase di realizzazione. Sono possibili anche installazioni sonore che utilizzano la natura come fonte di ispirazione.<\/p>\n<p>\"Anche Sergei Rachmaninoff si \u00e8 ispirato alla natura idilliaca della penisola per le sue opere\", afferma Andrea Loetscher, direttore generale e artistico della Fondazione Serge Rachmaninoff. \"Vogliamo rappresentare il legame di Rachmaninoff con la penisola e rendere accessibile questo luogo magico attraverso l'arte e la cultura\".<\/p>\n<p>Le prime offerte saranno attuate a partire dall'estate 2024 e svilupperanno la penisola di Hertenstein in una \"area ricreativa sostenibile per i residenti, gli appassionati di cultura e natura\".<\/p>\n<p><strong>Per saperne di pi\u00f9:<\/strong><br \/>\n<a href=\"https:\/\/www.hslu.ch\/de-ch\/hochschule-luzern\/ueber-uns\/medien\/medienmitteilungen\/2023\/08\/24\/zwischenbericht-inseltraeume\">https:\/\/www.hslu.ch\/de-ch\/hochschule-luzern\/ueber-uns\/medien\/medienmitteilungen\/2023\/08\/24\/zwischenbericht-inseltraeume<\/a><\/p>","protected":false},"excerpt":{"rendered":"<p>Insieme alla Fondazione Serge Rachmaninoff e al Monastero di Baldegg, l'Universit\u00e0 di Scienze Applicate e Arti di Lucerna HSLU sta sviluppando un concetto di turismo sostenibile ed equilibrato sulla penisola di Hertenstein.<\/p>","protected":false},"author":30,"featured_media":46865,"comment_status":"closed","ping_status":"closed","sticky":false,"template":"","format":"standard","meta":{"_acf_changed":false,"_relevanssi_hide_post":"","_relevanssi_hide_content":"","_relevanssi_pin_for_all":"","_relevanssi_pin_keywords":"","_relevanssi_unpin_keywords":"","_relevanssi_related_keywords":"","_relevanssi_related_include_ids":"","_relevanssi_related_exclude_ids":"","_relevanssi_related_no_append":"","_relevanssi_related_not_related":"","_relevanssi_related_posts":"","_relevanssi_noindex_reason":"","pgc_sgb_lightbox_settings":"","footnotes":""},"categories":[27],"tags":[2851,2852,2850],"class_list":["post-46864","post","type-post","status-publish","format-standard","has-post-thumbnail","hentry","category-news","tag-hertenstein","tag-serge-rachmaninow","tag-villa-senar"],"acf":[],"yoast_head":"<!-- This site is optimized with the Yoast SEO plugin v27.4 - https:\/\/yoast.com\/product\/yoast-seo-wordpress\/ -->\n<title>Rachmaninows Villa soll nachhaltig genutzt werden - Schweizer Musikzeitung<\/title>\n<meta name=\"robots\" content=\"index, follow, max-snippet:-1, max-image-preview:large, max-video-preview:-1\" \/>\n<link rel=\"canonical\" href=\"https:\/\/www.musikzeitung.ch\/it\/news\/2023\/08\/rachmaninows-villa-soll-nachhaltig-genutzt-werden\/\" \/>\n<meta property=\"og:locale\" content=\"it_IT\" \/>\n<meta property=\"og:type\" content=\"article\" \/>\n<meta property=\"og:title\" content=\"Rachmaninows Villa soll nachhaltig genutzt werden - Schweizer Musikzeitung\" \/>\n<meta property=\"og:description\" content=\"Gemeinsam mit der Serge Rachmaninoff Foundation und dem Kloster Baldegg erarbeitet die Hochschule Luzern HSLU ein Konzept f\u00fcr einen nachhaltigen und ausgewogenen Tourismus auf der Halbinsel Hertenstein.\" \/>\n<meta property=\"og:url\" content=\"https:\/\/www.musikzeitung.ch\/it\/news\/2023\/08\/rachmaninows-villa-soll-nachhaltig-genutzt-werden\/\" \/>\n<meta property=\"og:site_name\" content=\"Schweizer Musikzeitung\" \/>\n<meta property=\"article:publisher\" content=\"https:\/\/www.facebook.com\/SchweizerMusikzeitung\/\" \/>\n<meta property=\"article:author\" content=\"https:\/\/www.facebook.com\/wolfgang.bohler.75\" \/>\n<meta property=\"article:published_time\" content=\"2023-08-31T03:28:35+00:00\" \/>\n<meta property=\"og:image\" content=\"https:\/\/www.musikzeitung.ch\/wp-content\/uploads\/2023\/08\/230831senar.jpg\" \/>\n\t<meta property=\"og:image:width\" content=\"1106\" \/>\n\t<meta property=\"og:image:height\" content=\"618\" \/>\n\t<meta property=\"og:image:type\" content=\"image\/jpeg\" \/>\n<meta name=\"author\" content=\"Wolfgang B\u00f6hler\" \/>\n<meta name=\"twitter:card\" content=\"summary_large_image\" \/>\n<meta name=\"twitter:creator\" content=\"@smusikzeitung\" \/>\n<meta name=\"twitter:site\" content=\"@smusikzeitung\" \/>\n<meta name=\"twitter:label1\" content=\"Scritto da\" \/>\n\t<meta name=\"twitter:data1\" content=\"Wolfgang B\u00f6hler\" \/>\n\t<meta name=\"twitter:label2\" content=\"Tempo di lettura stimato\" \/>\n\t<meta name=\"twitter:data2\" content=\"1 minuto\" \/>\n<script type=\"application\/ld+json\" class=\"yoast-schema-graph\">{\"@context\":\"https:\\\/\\\/schema.org\",\"@graph\":[{\"@type\":\"Article\",\"@id\":\"https:\\\/\\\/www.musikzeitung.ch\\\/news\\\/2023\\\/08\\\/rachmaninows-villa-soll-nachhaltig-genutzt-werden#article\",\"isPartOf\":{\"@id\":\"https:\\\/\\\/www.musikzeitung.ch\\\/news\\\/2023\\\/08\\\/rachmaninows-villa-soll-nachhaltig-genutzt-werden\"},\"author\":{\"name\":\"Wolfgang B\u00f6hler\",\"@id\":\"https:\\\/\\\/www.musikzeitung.ch\\\/#\\\/schema\\\/person\\\/0da4fb82d243f1252850a35d0e87cf0c\"},\"headline\":\"Rachmaninows Villa soll nachhaltig genutzt werden\",\"datePublished\":\"2023-08-31T03:28:35+00:00\",\"mainEntityOfPage\":{\"@id\":\"https:\\\/\\\/www.musikzeitung.ch\\\/news\\\/2023\\\/08\\\/rachmaninows-villa-soll-nachhaltig-genutzt-werden\"},\"wordCount\":163,\"publisher\":{\"@id\":\"https:\\\/\\\/www.musikzeitung.ch\\\/#organization\"},\"image\":{\"@id\":\"https:\\\/\\\/www.musikzeitung.ch\\\/news\\\/2023\\\/08\\\/rachmaninows-villa-soll-nachhaltig-genutzt-werden#primaryimage\"},\"thumbnailUrl\":\"https:\\\/\\\/www.musikzeitung.ch\\\/wp-content\\\/uploads\\\/2023\\\/08\\\/230831senar.jpg\",\"keywords\":[\"Hertenstein\",\"Serge Rachmaninow\",\"Villa Senar\"],\"articleSection\":[\"News\"],\"inLanguage\":\"it-IT\"},{\"@type\":\"WebPage\",\"@id\":\"https:\\\/\\\/www.musikzeitung.ch\\\/news\\\/2023\\\/08\\\/rachmaninows-villa-soll-nachhaltig-genutzt-werden\",\"url\":\"https:\\\/\\\/www.musikzeitung.ch\\\/news\\\/2023\\\/08\\\/rachmaninows-villa-soll-nachhaltig-genutzt-werden\",\"name\":\"Rachmaninows Villa soll nachhaltig genutzt werden - Schweizer Musikzeitung\",\"isPartOf\":{\"@id\":\"https:\\\/\\\/www.musikzeitung.ch\\\/#website\"},\"primaryImageOfPage\":{\"@id\":\"https:\\\/\\\/www.musikzeitung.ch\\\/news\\\/2023\\\/08\\\/rachmaninows-villa-soll-nachhaltig-genutzt-werden#primaryimage\"},\"image\":{\"@id\":\"https:\\\/\\\/www.musikzeitung.ch\\\/news\\\/2023\\\/08\\\/rachmaninows-villa-soll-nachhaltig-genutzt-werden#primaryimage\"},\"thumbnailUrl\":\"https:\\\/\\\/www.musikzeitung.ch\\\/wp-content\\\/uploads\\\/2023\\\/08\\\/230831senar.jpg\",\"datePublished\":\"2023-08-31T03:28:35+00:00\",\"breadcrumb\":{\"@id\":\"https:\\\/\\\/www.musikzeitung.ch\\\/news\\\/2023\\\/08\\\/rachmaninows-villa-soll-nachhaltig-genutzt-werden#breadcrumb\"},\"inLanguage\":\"it-IT\",\"potentialAction\":[{\"@type\":\"ReadAction\",\"target\":[\"https:\\\/\\\/www.musikzeitung.ch\\\/news\\\/2023\\\/08\\\/rachmaninows-villa-soll-nachhaltig-genutzt-werden\"]}]},{\"@type\":\"ImageObject\",\"inLanguage\":\"it-IT\",\"@id\":\"https:\\\/\\\/www.musikzeitung.ch\\\/news\\\/2023\\\/08\\\/rachmaninows-villa-soll-nachhaltig-genutzt-werden#primaryimage\",\"url\":\"https:\\\/\\\/www.musikzeitung.ch\\\/wp-content\\\/uploads\\\/2023\\\/08\\\/230831senar.jpg\",\"contentUrl\":\"https:\\\/\\\/www.musikzeitung.ch\\\/wp-content\\\/uploads\\\/2023\\\/08\\\/230831senar.jpg\",\"width\":1106,\"height\":618,\"caption\":\"Halbinsel Hertenstein mit Villa Senar (Bild: FLickr\\\/jbdodane)\"},{\"@type\":\"BreadcrumbList\",\"@id\":\"https:\\\/\\\/www.musikzeitung.ch\\\/news\\\/2023\\\/08\\\/rachmaninows-villa-soll-nachhaltig-genutzt-werden#breadcrumb\",\"itemListElement\":[{\"@type\":\"ListItem\",\"position\":1,\"name\":\"Home\",\"item\":\"https:\\\/\\\/www.musikzeitung.ch\\\/\"},{\"@type\":\"ListItem\",\"position\":2,\"name\":\"Rachmaninows Villa soll nachhaltig genutzt werden\"}]},{\"@type\":\"WebSite\",\"@id\":\"https:\\\/\\\/www.musikzeitung.ch\\\/#website\",\"url\":\"https:\\\/\\\/www.musikzeitung.ch\\\/\",\"name\":\"Schweizer Musikzeitung\",\"description\":\"Die f\u00fchrende sparten\u00fcbergreifende Monatszeitung in der Schweiz f\u00fcr musikalische Fragen.\",\"publisher\":{\"@id\":\"https:\\\/\\\/www.musikzeitung.ch\\\/#organization\"},\"potentialAction\":[{\"@type\":\"SearchAction\",\"target\":{\"@type\":\"EntryPoint\",\"urlTemplate\":\"https:\\\/\\\/www.musikzeitung.ch\\\/?s={search_term_string}\"},\"query-input\":{\"@type\":\"PropertyValueSpecification\",\"valueRequired\":true,\"valueName\":\"search_term_string\"}}],\"inLanguage\":\"it-IT\"},{\"@type\":\"Organization\",\"@id\":\"https:\\\/\\\/www.musikzeitung.ch\\\/#organization\",\"name\":\"Schweizer Musikzeitung\",\"url\":\"https:\\\/\\\/www.musikzeitung.ch\\\/\",\"logo\":{\"@type\":\"ImageObject\",\"inLanguage\":\"it-IT\",\"@id\":\"https:\\\/\\\/www.musikzeitung.ch\\\/#\\\/schema\\\/logo\\\/image\\\/\",\"url\":\"https:\\\/\\\/www.musikzeitung.ch\\\/wp-content\\\/uploads\\\/2023\\\/01\\\/SMZ_Schriftzug_Sprache.png\",\"contentUrl\":\"https:\\\/\\\/www.musikzeitung.ch\\\/wp-content\\\/uploads\\\/2023\\\/01\\\/SMZ_Schriftzug_Sprache.png\",\"width\":1400,\"height\":279,\"caption\":\"Schweizer Musikzeitung\"},\"image\":{\"@id\":\"https:\\\/\\\/www.musikzeitung.ch\\\/#\\\/schema\\\/logo\\\/image\\\/\"},\"sameAs\":[\"https:\\\/\\\/www.facebook.com\\\/SchweizerMusikzeitung\\\/\",\"https:\\\/\\\/x.com\\\/smusikzeitung\",\"https:\\\/\\\/www.instagram.com\\\/musikzeitung.ch\\\/\"]},{\"@type\":\"Person\",\"@id\":\"https:\\\/\\\/www.musikzeitung.ch\\\/#\\\/schema\\\/person\\\/0da4fb82d243f1252850a35d0e87cf0c\",\"name\":\"Wolfgang B\u00f6hler\",\"image\":{\"@type\":\"ImageObject\",\"inLanguage\":\"it-IT\",\"@id\":\"https:\\\/\\\/www.musikzeitung.ch\\\/wp-content\\\/uploads\\\/2023\\\/01\\\/boehler_portraet_web-e1674139782246-96x96.jpg\",\"url\":\"https:\\\/\\\/www.musikzeitung.ch\\\/wp-content\\\/uploads\\\/2023\\\/01\\\/boehler_portraet_web-e1674139782246-96x96.jpg\",\"contentUrl\":\"https:\\\/\\\/www.musikzeitung.ch\\\/wp-content\\\/uploads\\\/2023\\\/01\\\/boehler_portraet_web-e1674139782246-96x96.jpg\",\"caption\":\"Wolfgang B\u00f6hler\"},\"sameAs\":[\"http:\\\/\\\/www.manacanto.ch\",\"https:\\\/\\\/www.facebook.com\\\/wolfgang.bohler.75\"],\"url\":\"https:\\\/\\\/www.musikzeitung.ch\\\/it\\\/author\\\/wolfgang-boehler\"}]}<\/script>\n<!-- \/ Yoast SEO plugin. -->","yoast_head_json":{"title":"Rachmaninows Villa soll nachhaltig genutzt werden - Schweizer Musikzeitung","robots":{"index":"index","follow":"follow","max-snippet":"max-snippet:-1","max-image-preview":"max-image-preview:large","max-video-preview":"max-video-preview:-1"},"canonical":"https:\/\/www.musikzeitung.ch\/it\/news\/2023\/08\/rachmaninows-villa-soll-nachhaltig-genutzt-werden\/","og_locale":"it_IT","og_type":"article","og_title":"Rachmaninows Villa soll nachhaltig genutzt werden - Schweizer Musikzeitung","og_description":"Gemeinsam mit der Serge Rachmaninoff Foundation und dem Kloster Baldegg erarbeitet die Hochschule Luzern HSLU ein Konzept f\u00fcr einen nachhaltigen und ausgewogenen Tourismus auf der Halbinsel Hertenstein.","og_url":"https:\/\/www.musikzeitung.ch\/it\/news\/2023\/08\/rachmaninows-villa-soll-nachhaltig-genutzt-werden\/","og_site_name":"Schweizer Musikzeitung","article_publisher":"https:\/\/www.facebook.com\/SchweizerMusikzeitung\/","article_author":"https:\/\/www.facebook.com\/wolfgang.bohler.75","article_published_time":"2023-08-31T03:28:35+00:00","og_image":[{"width":1106,"height":618,"url":"https:\/\/www.musikzeitung.ch\/wp-content\/uploads\/2023\/08\/230831senar.jpg","type":"image\/jpeg"}],"author":"Wolfgang B\u00f6hler","twitter_card":"summary_large_image","twitter_creator":"@smusikzeitung","twitter_site":"@smusikzeitung","twitter_misc":{"Scritto da":"Wolfgang B\u00f6hler","Tempo di lettura stimato":"1 minuto"},"schema":{"@context":"https:\/\/schema.org","@graph":[{"@type":"Article","@id":"https:\/\/www.musikzeitung.ch\/news\/2023\/08\/rachmaninows-villa-soll-nachhaltig-genutzt-werden#article","isPartOf":{"@id":"https:\/\/www.musikzeitung.ch\/news\/2023\/08\/rachmaninows-villa-soll-nachhaltig-genutzt-werden"},"author":{"name":"Wolfgang B\u00f6hler","@id":"https:\/\/www.musikzeitung.ch\/#\/schema\/person\/0da4fb82d243f1252850a35d0e87cf0c"},"headline":"Rachmaninows Villa soll nachhaltig genutzt werden","datePublished":"2023-08-31T03:28:35+00:00","mainEntityOfPage":{"@id":"https:\/\/www.musikzeitung.ch\/news\/2023\/08\/rachmaninows-villa-soll-nachhaltig-genutzt-werden"},"wordCount":163,"publisher":{"@id":"https:\/\/www.musikzeitung.ch\/#organization"},"image":{"@id":"https:\/\/www.musikzeitung.ch\/news\/2023\/08\/rachmaninows-villa-soll-nachhaltig-genutzt-werden#primaryimage"},"thumbnailUrl":"https:\/\/www.musikzeitung.ch\/wp-content\/uploads\/2023\/08\/230831senar.jpg","keywords":["Hertenstein","Serge Rachmaninow","Villa Senar"],"articleSection":["News"],"inLanguage":"it-IT"},{"@type":"WebPage","@id":"https:\/\/www.musikzeitung.ch\/news\/2023\/08\/rachmaninows-villa-soll-nachhaltig-genutzt-werden","url":"https:\/\/www.musikzeitung.ch\/news\/2023\/08\/rachmaninows-villa-soll-nachhaltig-genutzt-werden","name":"Rachmaninows Villa soll nachhaltig genutzt werden - Schweizer Musikzeitung","isPartOf":{"@id":"https:\/\/www.musikzeitung.ch\/#website"},"primaryImageOfPage":{"@id":"https:\/\/www.musikzeitung.ch\/news\/2023\/08\/rachmaninows-villa-soll-nachhaltig-genutzt-werden#primaryimage"},"image":{"@id":"https:\/\/www.musikzeitung.ch\/news\/2023\/08\/rachmaninows-villa-soll-nachhaltig-genutzt-werden#primaryimage"},"thumbnailUrl":"https:\/\/www.musikzeitung.ch\/wp-content\/uploads\/2023\/08\/230831senar.jpg","datePublished":"2023-08-31T03:28:35+00:00","breadcrumb":{"@id":"https:\/\/www.musikzeitung.ch\/news\/2023\/08\/rachmaninows-villa-soll-nachhaltig-genutzt-werden#breadcrumb"},"inLanguage":"it-IT","potentialAction":[{"@type":"ReadAction","target":["https:\/\/www.musikzeitung.ch\/news\/2023\/08\/rachmaninows-villa-soll-nachhaltig-genutzt-werden"]}]},{"@type":"ImageObject","inLanguage":"it-IT","@id":"https:\/\/www.musikzeitung.ch\/news\/2023\/08\/rachmaninows-villa-soll-nachhaltig-genutzt-werden#primaryimage","url":"https:\/\/www.musikzeitung.ch\/wp-content\/uploads\/2023\/08\/230831senar.jpg","contentUrl":"https:\/\/www.musikzeitung.ch\/wp-content\/uploads\/2023\/08\/230831senar.jpg","width":1106,"height":618,"caption":"Halbinsel Hertenstein mit Villa Senar (Bild: FLickr\/jbdodane)"},{"@type":"BreadcrumbList","@id":"https:\/\/www.musikzeitung.ch\/news\/2023\/08\/rachmaninows-villa-soll-nachhaltig-genutzt-werden#breadcrumb","itemListElement":[{"@type":"ListItem","position":1,"name":"Home","item":"https:\/\/www.musikzeitung.ch\/"},{"@type":"ListItem","position":2,"name":"Rachmaninows Villa soll nachhaltig genutzt werden"}]},{"@type":"WebSite","@id":"https:\/\/www.musikzeitung.ch\/#website","url":"https:\/\/www.musikzeitung.ch\/","name":"Giornale musicale svizzero","description":"Il principale mensile interdisciplinare della Svizzera per le questioni musicali.","publisher":{"@id":"https:\/\/www.musikzeitung.ch\/#organization"},"potentialAction":[{"@type":"SearchAction","target":{"@type":"EntryPoint","urlTemplate":"https:\/\/www.musikzeitung.ch\/?s={search_term_string}"},"query-input":{"@type":"PropertyValueSpecification","valueRequired":true,"valueName":"search_term_string"}}],"inLanguage":"it-IT"},{"@type":"Organization","@id":"https:\/\/www.musikzeitung.ch\/#organization","name":"Giornale musicale svizzero","url":"https:\/\/www.musikzeitung.ch\/","logo":{"@type":"ImageObject","inLanguage":"it-IT","@id":"https:\/\/www.musikzeitung.ch\/#\/schema\/logo\/image\/","url":"https:\/\/www.musikzeitung.ch\/wp-content\/uploads\/2023\/01\/SMZ_Schriftzug_Sprache.png","contentUrl":"https:\/\/www.musikzeitung.ch\/wp-content\/uploads\/2023\/01\/SMZ_Schriftzug_Sprache.png","width":1400,"height":279,"caption":"Schweizer Musikzeitung"},"image":{"@id":"https:\/\/www.musikzeitung.ch\/#\/schema\/logo\/image\/"},"sameAs":["https:\/\/www.facebook.com\/SchweizerMusikzeitung\/","https:\/\/x.com\/smusikzeitung","https:\/\/www.instagram.com\/musikzeitung.ch\/"]},{"@type":"Person","@id":"https:\/\/www.musikzeitung.ch\/#\/schema\/person\/0da4fb82d243f1252850a35d0e87cf0c","name":"Wolfgang B\u00f6hler","image":{"@type":"ImageObject","inLanguage":"it-IT","@id":"https:\/\/www.musikzeitung.ch\/wp-content\/uploads\/2023\/01\/boehler_portraet_web-e1674139782246-96x96.jpg","url":"https:\/\/www.musikzeitung.ch\/wp-content\/uploads\/2023\/01\/boehler_portraet_web-e1674139782246-96x96.jpg","contentUrl":"https:\/\/www.musikzeitung.ch\/wp-content\/uploads\/2023\/01\/boehler_portraet_web-e1674139782246-96x96.jpg","caption":"Wolfgang B\u00f6hler"},"sameAs":["http:\/\/www.manacanto.ch","https:\/\/www.facebook.com\/wolfgang.bohler.75"],"url":"https:\/\/www.musikzeitung.ch\/it\/author\/wolfgang-boehler"}]}},"publishpress_future_workflow_manual_trigger":{"enabledWorkflows":[]},"_links":{"self":[{"href":"https:\/\/www.musikzeitung.ch\/it\/wp-json\/wp\/v2\/posts\/46864","targetHints":{"allow":["GET"]}}],"collection":[{"href":"https:\/\/www.musikzeitung.ch\/it\/wp-json\/wp\/v2\/posts"}],"about":[{"href":"https:\/\/www.musikzeitung.ch\/it\/wp-json\/wp\/v2\/types\/post"}],"author":[{"embeddable":true,"href":"https:\/\/www.musikzeitung.ch\/it\/wp-json\/wp\/v2\/users\/30"}],"replies":[{"embeddable":true,"href":"https:\/\/www.musikzeitung.ch\/it\/wp-json\/wp\/v2\/comments?post=46864"}],"version-history":[{"count":1,"href":"https:\/\/www.musikzeitung.ch\/it\/wp-json\/wp\/v2\/posts\/46864\/revisions"}],"predecessor-version":[{"id":46866,"href":"https:\/\/www.musikzeitung.ch\/it\/wp-json\/wp\/v2\/posts\/46864\/revisions\/46866"}],"wp:featuredmedia":[{"embeddable":true,"href":"https:\/\/www.musikzeitung.ch\/it\/wp-json\/wp\/v2\/media\/46865"}],"wp:attachment":[{"href":"https:\/\/www.musikzeitung.ch\/it\/wp-json\/wp\/v2\/media?parent=46864"}],"wp:term":[{"taxonomy":"category","embeddable":true,"href":"https:\/\/www.musikzeitung.ch\/it\/wp-json\/wp\/v2\/categories?post=46864"},{"taxonomy":"post_tag","embeddable":true,"href":"https:\/\/www.musikzeitung.ch\/it\/wp-json\/wp\/v2\/tags?post=46864"}],"curies":[{"name":"wp","href":"https:\/\/api.w.org\/{rel}","templated":true}]}}