{"id":47126,"date":"2023-09-10T10:51:35","date_gmt":"2023-09-10T08:51:35","guid":{"rendered":"https:\/\/www.musikzeitung.ch\/?p=47126"},"modified":"2023-09-06T16:06:20","modified_gmt":"2023-09-06T14:06:20","slug":"stimmen-koerper-medien","status":"publish","type":"post","link":"https:\/\/www.musikzeitung.ch\/it\/rezensionen\/buecher-rezensionen\/2023\/09\/stimmen-koerper-medien","title":{"rendered":"Il canto nel XX e XXI secolo"},"content":{"rendered":"<figure id=\"attachment_47127\" aria-describedby=\"caption-attachment-47127\" style=\"width: 1260px\" class=\"wp-caption alignnone\"><img loading=\"lazy\" decoding=\"async\" class=\"wp-image-47127 size-full\" src=\"https:\/\/www.musikzeitung.ch\/wp-content\/uploads\/2023\/09\/Melba.jpeg\" alt=\"\" width=\"1260\" height=\"1000\" srcset=\"https:\/\/www.musikzeitung.ch\/wp-content\/uploads\/2023\/09\/Melba.jpeg 1260w, https:\/\/www.musikzeitung.ch\/wp-content\/uploads\/2023\/09\/Melba-300x238.jpeg 300w, https:\/\/www.musikzeitung.ch\/wp-content\/uploads\/2023\/09\/Melba-1024x813.jpeg 1024w, https:\/\/www.musikzeitung.ch\/wp-content\/uploads\/2023\/09\/Melba-768x609.jpeg 768w, https:\/\/www.musikzeitung.ch\/wp-content\/uploads\/2023\/09\/Melba-221x175.jpeg 221w, https:\/\/www.musikzeitung.ch\/wp-content\/uploads\/2023\/09\/Melba-441x350.jpeg 441w, https:\/\/www.musikzeitung.ch\/wp-content\/uploads\/2023\/09\/Melba-1008x800.jpeg 1008w, https:\/\/www.musikzeitung.ch\/wp-content\/uploads\/2023\/09\/Melba-920x730.jpeg 920w, https:\/\/www.musikzeitung.ch\/wp-content\/uploads\/2023\/09\/Melba-1400x1111.jpeg 1400w\" sizes=\"auto, (max-width: 1260px) 100vw, 1260px\" \/><figcaption id=\"caption-attachment-47127\" class=\"wp-caption-text\">Nelly Melba mentre canta in un microfono nel 1920. Foto: <a href=\"https:\/\/www.loc.gov\/pictures\/item\/2014710992\/\" target=\"_blank\" rel=\"noopener\">Biblioteca del Congresso<\/a><\/figcaption><\/figure>\n<p>Una foto della leggendaria Nelly Melba durante una registrazione radiofonica nel 1920 adorna la copertina del secondo volume dell'\"Handbuch des Gesangs\" (Manuale di canto) pubblicato da Laaber-Verlag. Questa foto cattura un momento grande e decisivo che ha aperto una nuova strada per lo sviluppo dell'arte del canto e della sua storia di ricezione.<\/p>\n<p>Uno dei curatori di questo libro, Thomas Seedorf, ha pubblicato il suo libro solo nel 2019. <em>Manuale di pratica esecutiva per il canto solista <\/em>che contiene una grande quantit\u00e0 di informazioni per il canto della musica antica e moderna (B\u00e4renreiter). \u00c8 dedicato alla pratica vocale dal 1600 a oggi, ai tipi di voce, all'estetica vocale, all'ornamentazione e alla declamazione, ma si concentra sui secoli XVII, XVIII e XIX. Gli sviluppi del XX e XXI secolo sono solo sfiorati con un capitolo sulla nuova musica e la notazione moderna.<\/p>\n<p>Il nuovo manuale si conclude con il titolo <em>Voci - Corpi - Media, Il canto nel XX e XXI secolo<\/em> Il contenuto del libro si basa sul lavoro esistente. Apre una nuova prospettiva sulla voce e sul corpo in scena, in particolare nella canzone e nella chanson del teatro musicale popolare e dell'opera, ed \u00e8 dedicato al canto come pratica culturale e al canto corale come fenomeno globale. L'esame dei media moderni e della trasformazione della voce cantata attraverso i supporti sonori, la tecnologia di studio e la digitalizzazione \u00e8 ormai indispensabile. L'estetica del canto popolare del XX e del XXI secolo pone esigenze diverse e nuove alla voce del cantante, dove il parlare, l'urlare e il gridare non sono ammessi solo nel canto pop e jazz, ma servono anche all'espressione vocale delle emozioni, dove gli interpreti sono microfoni e ingegneri del suono.<\/p>\n<p>Un ampio capitolo \u00e8 dedicato alle questioni di pedagogia e terapia. La diversit\u00e0 dell'estetica sonora e dell'espansione stilistica non \u00e8 mai stata cos\u00ec grande come oggi. Basti pensare al pop, al rock, al soul, al jazz e al canto musicale, al tango e ai gruppi indie, al canto overtone e allo jodel, al rumorismo sperimentale e alle creazioni sonore della nuova musica - accanto all'ideale del canto classico, che ovviamente non ha perso nulla del suo fascino; basti vedere le cifre delle iscrizioni alle universit\u00e0...<\/p>\n<p>Il caleidoscopio della diversit\u00e0 vocale si riflette in una gamma estremamente pluralistica di lezioni di canto, che sono l'oggetto del libro, e che vanno dalla formazione vocale corale al lavoro funzionale sulla voce, dalle varie scuole di canto pop alla cosiddetta tecnica del bel canto, fino al lavoro vocale combinato con l'allenamento del corpo e della respirazione. La variet\u00e0 di metodi diventa un'attraente caratteristica qualitativa dell'insegnamento tecnico vocale; la parola magica \u00e8 rete anzich\u00e9 separazione.<\/p>\n<p>Il manuale si conclude in modo filosofico: il canto rende felici? \"S\u00ec\", \u00e8 la risposta! La domanda \u00e8 perch\u00e9... Perch\u00e9 suonare, far risuonare la propria voce, lasciarla libera di esprimersi, ha un effetto euforico?<img loading=\"lazy\" decoding=\"async\" class=\"aligncenter wp-image-47128 size-medium\" src=\"https:\/\/www.musikzeitung.ch\/wp-content\/uploads\/2023\/09\/09_10_crit_buch_Labusch-224x300.jpg\" alt=\"\" width=\"224\" height=\"300\" srcset=\"https:\/\/www.musikzeitung.ch\/wp-content\/uploads\/2023\/09\/09_10_crit_buch_Labusch-224x300.jpg 224w, https:\/\/www.musikzeitung.ch\/wp-content\/uploads\/2023\/09\/09_10_crit_buch_Labusch-765x1024.jpg 765w, https:\/\/www.musikzeitung.ch\/wp-content\/uploads\/2023\/09\/09_10_crit_buch_Labusch-768x1029.jpg 768w, https:\/\/www.musikzeitung.ch\/wp-content\/uploads\/2023\/09\/09_10_crit_buch_Labusch-1147x1536.jpg 1147w, https:\/\/www.musikzeitung.ch\/wp-content\/uploads\/2023\/09\/09_10_crit_buch_Labusch-131x175.jpg 131w, https:\/\/www.musikzeitung.ch\/wp-content\/uploads\/2023\/09\/09_10_crit_buch_Labusch-261x350.jpg 261w, https:\/\/www.musikzeitung.ch\/wp-content\/uploads\/2023\/09\/09_10_crit_buch_Labusch-597x800.jpg 597w, https:\/\/www.musikzeitung.ch\/wp-content\/uploads\/2023\/09\/09_10_crit_buch_Labusch-920x1232.jpg 920w, https:\/\/www.musikzeitung.ch\/wp-content\/uploads\/2023\/09\/09_10_crit_buch_Labusch-300x402.jpg 300w, https:\/\/www.musikzeitung.ch\/wp-content\/uploads\/2023\/09\/09_10_crit_buch_Labusch.jpg 747w\" sizes=\"auto, (max-width: 224px) 100vw, 224px\" \/><\/p>\n<p><em>Voci - Corpi - Media: il canto nel XX e XXI secolo, a cura di Nils Grosch e Thomas Seedorf, (= Handbuch des Gesangs 2), 396 p., \u20ac 98,00, Laaber, Lilienthal 2021, ISBN 978-3-89007-906-6<\/em><\/p>\n<p>&nbsp;<\/p>","protected":false},"excerpt":{"rendered":"<p>Il manuale \"Voci - Corpo - Media\" si concentra sulle esigenze degli attuali stili musicali sulla voce e sugli aspetti pedagogici. <\/p>","protected":false},"author":29,"featured_media":47127,"comment_status":"closed","ping_status":"closed","sticky":false,"template":"","format":"standard","meta":{"_acf_changed":false,"_relevanssi_hide_post":"","_relevanssi_hide_content":"","_relevanssi_pin_for_all":"","_relevanssi_pin_keywords":"","_relevanssi_unpin_keywords":"","_relevanssi_related_keywords":"","_relevanssi_related_include_ids":"","_relevanssi_related_exclude_ids":"","_relevanssi_related_no_append":"","_relevanssi_related_not_related":"","_relevanssi_related_posts":"","_relevanssi_noindex_reason":"","pgc_sgb_lightbox_settings":"","footnotes":""},"categories":[1214,29],"tags":[2923,2926,2924,2925],"class_list":["post-47126","post","type-post","status-publish","format-standard","has-post-thumbnail","hentry","category-buecher-rezensionen","category-rezensionen","tag-gesang-im-20-und-21-jahrhundert","tag-handbuch-gesang","tag-nils-grosch","tag-thomas-seedorf"],"acf":[],"yoast_head":"<!-- This site is optimized with the Yoast SEO plugin v27.4 - https:\/\/yoast.com\/product\/yoast-seo-wordpress\/ -->\n<title>Gesang im 20. und 21. Jahrhundert - Schweizer Musikzeitung<\/title>\n<meta name=\"robots\" content=\"index, follow, max-snippet:-1, max-image-preview:large, max-video-preview:-1\" \/>\n<link rel=\"canonical\" href=\"https:\/\/www.musikzeitung.ch\/it\/rezensionen\/buecher-rezensionen\/2023\/09\/stimmen-koerper-medien\/\" \/>\n<meta property=\"og:locale\" content=\"it_IT\" \/>\n<meta property=\"og:type\" content=\"article\" \/>\n<meta property=\"og:title\" content=\"Gesang im 20. und 21. Jahrhundert - Schweizer Musikzeitung\" \/>\n<meta property=\"og:description\" content=\"Im Handbuch \u00abStimmen \u2013 K\u00f6rper \u2013 Medien\u00bb stehen die Anforderungen aktueller Musikstile an die Stimme und p\u00e4dagogische Aspekte im Zentrum.\" \/>\n<meta property=\"og:url\" content=\"https:\/\/www.musikzeitung.ch\/it\/rezensionen\/buecher-rezensionen\/2023\/09\/stimmen-koerper-medien\/\" \/>\n<meta property=\"og:site_name\" content=\"Schweizer Musikzeitung\" \/>\n<meta property=\"article:publisher\" content=\"https:\/\/www.facebook.com\/SchweizerMusikzeitung\/\" \/>\n<meta property=\"article:published_time\" content=\"2023-09-10T08:51:35+00:00\" \/>\n<meta property=\"og:image\" content=\"https:\/\/www.musikzeitung.ch\/wp-content\/uploads\/2023\/09\/Melba.jpeg\" \/>\n\t<meta property=\"og:image:width\" content=\"1260\" \/>\n\t<meta property=\"og:image:height\" content=\"1000\" \/>\n\t<meta property=\"og:image:type\" content=\"image\/jpeg\" \/>\n<meta name=\"author\" content=\"pia.schwab\" \/>\n<meta name=\"twitter:card\" content=\"summary_large_image\" \/>\n<meta name=\"twitter:creator\" content=\"@smusikzeitung\" \/>\n<meta name=\"twitter:site\" content=\"@smusikzeitung\" \/>\n<meta name=\"twitter:label1\" content=\"Scritto da\" \/>\n\t<meta name=\"twitter:data1\" content=\"pia.schwab\" \/>\n\t<meta name=\"twitter:label2\" content=\"Tempo di lettura stimato\" \/>\n\t<meta name=\"twitter:data2\" content=\"3 minuti\" \/>\n<script type=\"application\/ld+json\" class=\"yoast-schema-graph\">{\"@context\":\"https:\\\/\\\/schema.org\",\"@graph\":[{\"@type\":\"Article\",\"@id\":\"https:\\\/\\\/www.musikzeitung.ch\\\/rezensionen\\\/buecher-rezensionen\\\/2023\\\/09\\\/stimmen-koerper-medien#article\",\"isPartOf\":{\"@id\":\"https:\\\/\\\/www.musikzeitung.ch\\\/rezensionen\\\/buecher-rezensionen\\\/2023\\\/09\\\/stimmen-koerper-medien\"},\"author\":{\"name\":\"pia.schwab\",\"@id\":\"https:\\\/\\\/www.musikzeitung.ch\\\/#\\\/schema\\\/person\\\/ea3d7b86bd7157c78c7ddd37f2f82b5b\"},\"headline\":\"Gesang im 20. und 21. Jahrhundert\",\"datePublished\":\"2023-09-10T08:51:35+00:00\",\"mainEntityOfPage\":{\"@id\":\"https:\\\/\\\/www.musikzeitung.ch\\\/rezensionen\\\/buecher-rezensionen\\\/2023\\\/09\\\/stimmen-koerper-medien\"},\"wordCount\":460,\"publisher\":{\"@id\":\"https:\\\/\\\/www.musikzeitung.ch\\\/#organization\"},\"image\":{\"@id\":\"https:\\\/\\\/www.musikzeitung.ch\\\/rezensionen\\\/buecher-rezensionen\\\/2023\\\/09\\\/stimmen-koerper-medien#primaryimage\"},\"thumbnailUrl\":\"https:\\\/\\\/www.musikzeitung.ch\\\/wp-content\\\/uploads\\\/2023\\\/09\\\/Melba.jpeg\",\"keywords\":[\"Gesang im 20. und 21. Jahrhundert\",\"Handbuch Gesang\",\"Nils Grosch\",\"Thomas Seedorf\"],\"articleSection\":[\"B\u00fccher\",\"Rezensionen\"],\"inLanguage\":\"it-IT\"},{\"@type\":\"WebPage\",\"@id\":\"https:\\\/\\\/www.musikzeitung.ch\\\/rezensionen\\\/buecher-rezensionen\\\/2023\\\/09\\\/stimmen-koerper-medien\",\"url\":\"https:\\\/\\\/www.musikzeitung.ch\\\/rezensionen\\\/buecher-rezensionen\\\/2023\\\/09\\\/stimmen-koerper-medien\",\"name\":\"Gesang im 20. und 21. Jahrhundert - Schweizer Musikzeitung\",\"isPartOf\":{\"@id\":\"https:\\\/\\\/www.musikzeitung.ch\\\/#website\"},\"primaryImageOfPage\":{\"@id\":\"https:\\\/\\\/www.musikzeitung.ch\\\/rezensionen\\\/buecher-rezensionen\\\/2023\\\/09\\\/stimmen-koerper-medien#primaryimage\"},\"image\":{\"@id\":\"https:\\\/\\\/www.musikzeitung.ch\\\/rezensionen\\\/buecher-rezensionen\\\/2023\\\/09\\\/stimmen-koerper-medien#primaryimage\"},\"thumbnailUrl\":\"https:\\\/\\\/www.musikzeitung.ch\\\/wp-content\\\/uploads\\\/2023\\\/09\\\/Melba.jpeg\",\"datePublished\":\"2023-09-10T08:51:35+00:00\",\"breadcrumb\":{\"@id\":\"https:\\\/\\\/www.musikzeitung.ch\\\/rezensionen\\\/buecher-rezensionen\\\/2023\\\/09\\\/stimmen-koerper-medien#breadcrumb\"},\"inLanguage\":\"it-IT\",\"potentialAction\":[{\"@type\":\"ReadAction\",\"target\":[\"https:\\\/\\\/www.musikzeitung.ch\\\/rezensionen\\\/buecher-rezensionen\\\/2023\\\/09\\\/stimmen-koerper-medien\"]}]},{\"@type\":\"ImageObject\",\"inLanguage\":\"it-IT\",\"@id\":\"https:\\\/\\\/www.musikzeitung.ch\\\/rezensionen\\\/buecher-rezensionen\\\/2023\\\/09\\\/stimmen-koerper-medien#primaryimage\",\"url\":\"https:\\\/\\\/www.musikzeitung.ch\\\/wp-content\\\/uploads\\\/2023\\\/09\\\/Melba.jpeg\",\"contentUrl\":\"https:\\\/\\\/www.musikzeitung.ch\\\/wp-content\\\/uploads\\\/2023\\\/09\\\/Melba.jpeg\",\"width\":1260,\"height\":1000},{\"@type\":\"BreadcrumbList\",\"@id\":\"https:\\\/\\\/www.musikzeitung.ch\\\/rezensionen\\\/buecher-rezensionen\\\/2023\\\/09\\\/stimmen-koerper-medien#breadcrumb\",\"itemListElement\":[{\"@type\":\"ListItem\",\"position\":1,\"name\":\"Home\",\"item\":\"https:\\\/\\\/www.musikzeitung.ch\\\/\"},{\"@type\":\"ListItem\",\"position\":2,\"name\":\"Gesang im 20. und 21. Jahrhundert\"}]},{\"@type\":\"WebSite\",\"@id\":\"https:\\\/\\\/www.musikzeitung.ch\\\/#website\",\"url\":\"https:\\\/\\\/www.musikzeitung.ch\\\/\",\"name\":\"Schweizer Musikzeitung\",\"description\":\"Die f\u00fchrende sparten\u00fcbergreifende Monatszeitung in der Schweiz f\u00fcr musikalische Fragen.\",\"publisher\":{\"@id\":\"https:\\\/\\\/www.musikzeitung.ch\\\/#organization\"},\"potentialAction\":[{\"@type\":\"SearchAction\",\"target\":{\"@type\":\"EntryPoint\",\"urlTemplate\":\"https:\\\/\\\/www.musikzeitung.ch\\\/?s={search_term_string}\"},\"query-input\":{\"@type\":\"PropertyValueSpecification\",\"valueRequired\":true,\"valueName\":\"search_term_string\"}}],\"inLanguage\":\"it-IT\"},{\"@type\":\"Organization\",\"@id\":\"https:\\\/\\\/www.musikzeitung.ch\\\/#organization\",\"name\":\"Schweizer Musikzeitung\",\"url\":\"https:\\\/\\\/www.musikzeitung.ch\\\/\",\"logo\":{\"@type\":\"ImageObject\",\"inLanguage\":\"it-IT\",\"@id\":\"https:\\\/\\\/www.musikzeitung.ch\\\/#\\\/schema\\\/logo\\\/image\\\/\",\"url\":\"https:\\\/\\\/www.musikzeitung.ch\\\/wp-content\\\/uploads\\\/2023\\\/01\\\/SMZ_Schriftzug_Sprache.png\",\"contentUrl\":\"https:\\\/\\\/www.musikzeitung.ch\\\/wp-content\\\/uploads\\\/2023\\\/01\\\/SMZ_Schriftzug_Sprache.png\",\"width\":1400,\"height\":279,\"caption\":\"Schweizer Musikzeitung\"},\"image\":{\"@id\":\"https:\\\/\\\/www.musikzeitung.ch\\\/#\\\/schema\\\/logo\\\/image\\\/\"},\"sameAs\":[\"https:\\\/\\\/www.facebook.com\\\/SchweizerMusikzeitung\\\/\",\"https:\\\/\\\/x.com\\\/smusikzeitung\",\"https:\\\/\\\/www.instagram.com\\\/musikzeitung.ch\\\/\"]},{\"@type\":\"Person\",\"@id\":\"https:\\\/\\\/www.musikzeitung.ch\\\/#\\\/schema\\\/person\\\/ea3d7b86bd7157c78c7ddd37f2f82b5b\",\"name\":\"pia.schwab\",\"image\":{\"@type\":\"ImageObject\",\"inLanguage\":\"it-IT\",\"@id\":\"https:\\\/\\\/secure.gravatar.com\\\/avatar\\\/d39d170de4c2d07e897fbc26cf9d890fc046285c742207b86d8ebabe5fcde2c4?s=96&d=mm&r=g\",\"url\":\"https:\\\/\\\/secure.gravatar.com\\\/avatar\\\/d39d170de4c2d07e897fbc26cf9d890fc046285c742207b86d8ebabe5fcde2c4?s=96&d=mm&r=g\",\"contentUrl\":\"https:\\\/\\\/secure.gravatar.com\\\/avatar\\\/d39d170de4c2d07e897fbc26cf9d890fc046285c742207b86d8ebabe5fcde2c4?s=96&d=mm&r=g\",\"caption\":\"pia.schwab\"},\"url\":\"https:\\\/\\\/www.musikzeitung.ch\\\/it\\\/author\\\/pia-schwab\"}]}<\/script>\n<!-- \/ Yoast SEO plugin. -->","yoast_head_json":{"title":"Il canto nel XX e XXI secolo - Schweizer Musikzeitung","robots":{"index":"index","follow":"follow","max-snippet":"max-snippet:-1","max-image-preview":"max-image-preview:large","max-video-preview":"max-video-preview:-1"},"canonical":"https:\/\/www.musikzeitung.ch\/it\/rezensionen\/buecher-rezensionen\/2023\/09\/stimmen-koerper-medien\/","og_locale":"it_IT","og_type":"article","og_title":"Gesang im 20. und 21. Jahrhundert - Schweizer Musikzeitung","og_description":"Im Handbuch \u00abStimmen \u2013 K\u00f6rper \u2013 Medien\u00bb stehen die Anforderungen aktueller Musikstile an die Stimme und p\u00e4dagogische Aspekte im Zentrum.","og_url":"https:\/\/www.musikzeitung.ch\/it\/rezensionen\/buecher-rezensionen\/2023\/09\/stimmen-koerper-medien\/","og_site_name":"Schweizer Musikzeitung","article_publisher":"https:\/\/www.facebook.com\/SchweizerMusikzeitung\/","article_published_time":"2023-09-10T08:51:35+00:00","og_image":[{"width":1260,"height":1000,"url":"https:\/\/www.musikzeitung.ch\/wp-content\/uploads\/2023\/09\/Melba.jpeg","type":"image\/jpeg"}],"author":"pia.schwab","twitter_card":"summary_large_image","twitter_creator":"@smusikzeitung","twitter_site":"@smusikzeitung","twitter_misc":{"Scritto da":"pia.schwab","Tempo di lettura stimato":"3 minuti"},"schema":{"@context":"https:\/\/schema.org","@graph":[{"@type":"Article","@id":"https:\/\/www.musikzeitung.ch\/rezensionen\/buecher-rezensionen\/2023\/09\/stimmen-koerper-medien#article","isPartOf":{"@id":"https:\/\/www.musikzeitung.ch\/rezensionen\/buecher-rezensionen\/2023\/09\/stimmen-koerper-medien"},"author":{"name":"pia.schwab","@id":"https:\/\/www.musikzeitung.ch\/#\/schema\/person\/ea3d7b86bd7157c78c7ddd37f2f82b5b"},"headline":"Gesang im 20. und 21. Jahrhundert","datePublished":"2023-09-10T08:51:35+00:00","mainEntityOfPage":{"@id":"https:\/\/www.musikzeitung.ch\/rezensionen\/buecher-rezensionen\/2023\/09\/stimmen-koerper-medien"},"wordCount":460,"publisher":{"@id":"https:\/\/www.musikzeitung.ch\/#organization"},"image":{"@id":"https:\/\/www.musikzeitung.ch\/rezensionen\/buecher-rezensionen\/2023\/09\/stimmen-koerper-medien#primaryimage"},"thumbnailUrl":"https:\/\/www.musikzeitung.ch\/wp-content\/uploads\/2023\/09\/Melba.jpeg","keywords":["Gesang im 20. und 21. Jahrhundert","Handbuch Gesang","Nils Grosch","Thomas Seedorf"],"articleSection":["B\u00fccher","Rezensionen"],"inLanguage":"it-IT"},{"@type":"WebPage","@id":"https:\/\/www.musikzeitung.ch\/rezensionen\/buecher-rezensionen\/2023\/09\/stimmen-koerper-medien","url":"https:\/\/www.musikzeitung.ch\/rezensionen\/buecher-rezensionen\/2023\/09\/stimmen-koerper-medien","name":"Il canto nel XX e XXI secolo - Schweizer Musikzeitung","isPartOf":{"@id":"https:\/\/www.musikzeitung.ch\/#website"},"primaryImageOfPage":{"@id":"https:\/\/www.musikzeitung.ch\/rezensionen\/buecher-rezensionen\/2023\/09\/stimmen-koerper-medien#primaryimage"},"image":{"@id":"https:\/\/www.musikzeitung.ch\/rezensionen\/buecher-rezensionen\/2023\/09\/stimmen-koerper-medien#primaryimage"},"thumbnailUrl":"https:\/\/www.musikzeitung.ch\/wp-content\/uploads\/2023\/09\/Melba.jpeg","datePublished":"2023-09-10T08:51:35+00:00","breadcrumb":{"@id":"https:\/\/www.musikzeitung.ch\/rezensionen\/buecher-rezensionen\/2023\/09\/stimmen-koerper-medien#breadcrumb"},"inLanguage":"it-IT","potentialAction":[{"@type":"ReadAction","target":["https:\/\/www.musikzeitung.ch\/rezensionen\/buecher-rezensionen\/2023\/09\/stimmen-koerper-medien"]}]},{"@type":"ImageObject","inLanguage":"it-IT","@id":"https:\/\/www.musikzeitung.ch\/rezensionen\/buecher-rezensionen\/2023\/09\/stimmen-koerper-medien#primaryimage","url":"https:\/\/www.musikzeitung.ch\/wp-content\/uploads\/2023\/09\/Melba.jpeg","contentUrl":"https:\/\/www.musikzeitung.ch\/wp-content\/uploads\/2023\/09\/Melba.jpeg","width":1260,"height":1000},{"@type":"BreadcrumbList","@id":"https:\/\/www.musikzeitung.ch\/rezensionen\/buecher-rezensionen\/2023\/09\/stimmen-koerper-medien#breadcrumb","itemListElement":[{"@type":"ListItem","position":1,"name":"Home","item":"https:\/\/www.musikzeitung.ch\/"},{"@type":"ListItem","position":2,"name":"Gesang im 20. und 21. Jahrhundert"}]},{"@type":"WebSite","@id":"https:\/\/www.musikzeitung.ch\/#website","url":"https:\/\/www.musikzeitung.ch\/","name":"Giornale musicale svizzero","description":"Il principale mensile interdisciplinare della Svizzera per le questioni musicali.","publisher":{"@id":"https:\/\/www.musikzeitung.ch\/#organization"},"potentialAction":[{"@type":"SearchAction","target":{"@type":"EntryPoint","urlTemplate":"https:\/\/www.musikzeitung.ch\/?s={search_term_string}"},"query-input":{"@type":"PropertyValueSpecification","valueRequired":true,"valueName":"search_term_string"}}],"inLanguage":"it-IT"},{"@type":"Organization","@id":"https:\/\/www.musikzeitung.ch\/#organization","name":"Giornale musicale svizzero","url":"https:\/\/www.musikzeitung.ch\/","logo":{"@type":"ImageObject","inLanguage":"it-IT","@id":"https:\/\/www.musikzeitung.ch\/#\/schema\/logo\/image\/","url":"https:\/\/www.musikzeitung.ch\/wp-content\/uploads\/2023\/01\/SMZ_Schriftzug_Sprache.png","contentUrl":"https:\/\/www.musikzeitung.ch\/wp-content\/uploads\/2023\/01\/SMZ_Schriftzug_Sprache.png","width":1400,"height":279,"caption":"Schweizer Musikzeitung"},"image":{"@id":"https:\/\/www.musikzeitung.ch\/#\/schema\/logo\/image\/"},"sameAs":["https:\/\/www.facebook.com\/SchweizerMusikzeitung\/","https:\/\/x.com\/smusikzeitung","https:\/\/www.instagram.com\/musikzeitung.ch\/"]},{"@type":"Person","@id":"https:\/\/www.musikzeitung.ch\/#\/schema\/person\/ea3d7b86bd7157c78c7ddd37f2f82b5b","name":"pia.schwab","image":{"@type":"ImageObject","inLanguage":"it-IT","@id":"https:\/\/secure.gravatar.com\/avatar\/d39d170de4c2d07e897fbc26cf9d890fc046285c742207b86d8ebabe5fcde2c4?s=96&d=mm&r=g","url":"https:\/\/secure.gravatar.com\/avatar\/d39d170de4c2d07e897fbc26cf9d890fc046285c742207b86d8ebabe5fcde2c4?s=96&d=mm&r=g","contentUrl":"https:\/\/secure.gravatar.com\/avatar\/d39d170de4c2d07e897fbc26cf9d890fc046285c742207b86d8ebabe5fcde2c4?s=96&d=mm&r=g","caption":"pia.schwab"},"url":"https:\/\/www.musikzeitung.ch\/it\/author\/pia-schwab"}]}},"publishpress_future_workflow_manual_trigger":{"enabledWorkflows":[]},"_links":{"self":[{"href":"https:\/\/www.musikzeitung.ch\/it\/wp-json\/wp\/v2\/posts\/47126","targetHints":{"allow":["GET"]}}],"collection":[{"href":"https:\/\/www.musikzeitung.ch\/it\/wp-json\/wp\/v2\/posts"}],"about":[{"href":"https:\/\/www.musikzeitung.ch\/it\/wp-json\/wp\/v2\/types\/post"}],"author":[{"embeddable":true,"href":"https:\/\/www.musikzeitung.ch\/it\/wp-json\/wp\/v2\/users\/29"}],"replies":[{"embeddable":true,"href":"https:\/\/www.musikzeitung.ch\/it\/wp-json\/wp\/v2\/comments?post=47126"}],"version-history":[{"count":4,"href":"https:\/\/www.musikzeitung.ch\/it\/wp-json\/wp\/v2\/posts\/47126\/revisions"}],"predecessor-version":[{"id":47132,"href":"https:\/\/www.musikzeitung.ch\/it\/wp-json\/wp\/v2\/posts\/47126\/revisions\/47132"}],"wp:featuredmedia":[{"embeddable":true,"href":"https:\/\/www.musikzeitung.ch\/it\/wp-json\/wp\/v2\/media\/47127"}],"wp:attachment":[{"href":"https:\/\/www.musikzeitung.ch\/it\/wp-json\/wp\/v2\/media?parent=47126"}],"wp:term":[{"taxonomy":"category","embeddable":true,"href":"https:\/\/www.musikzeitung.ch\/it\/wp-json\/wp\/v2\/categories?post=47126"},{"taxonomy":"post_tag","embeddable":true,"href":"https:\/\/www.musikzeitung.ch\/it\/wp-json\/wp\/v2\/tags?post=47126"}],"curies":[{"name":"wp","href":"https:\/\/api.w.org\/{rel}","templated":true}]}}