{"id":47337,"date":"2023-09-08T06:02:40","date_gmt":"2023-09-08T04:02:40","guid":{"rendered":"https:\/\/www.musikzeitung.ch\/?p=47337"},"modified":"2024-02-28T12:00:06","modified_gmt":"2024-02-28T11:00:06","slug":"tod-des-gesangspaedagogen-ernst-waldemar-weber","status":"publish","type":"post","link":"https:\/\/www.musikzeitung.ch\/it\/news\/2023\/09\/tod-des-gesangspaedagogen-ernst-waldemar-weber","title":{"rendered":"Morte del pedagogo vocale Ernst Waldemar Weber"},"content":{"rendered":"<figure id=\"attachment_47338\" aria-describedby=\"caption-attachment-47338\" style=\"width: 600px\" class=\"wp-caption aligncenter\"><img loading=\"lazy\" decoding=\"async\" class=\"size-full wp-image-47338\" src=\"https:\/\/www.musikzeitung.ch\/wp-content\/uploads\/2023\/09\/230908weber.jpg\" alt=\"\" width=\"600\" height=\"449\" srcset=\"https:\/\/www.musikzeitung.ch\/wp-content\/uploads\/2023\/09\/230908weber.jpg 600w, https:\/\/www.musikzeitung.ch\/wp-content\/uploads\/2023\/09\/230908weber-300x225.jpg 300w, https:\/\/www.musikzeitung.ch\/wp-content\/uploads\/2023\/09\/230908weber-234x175.jpg 234w, https:\/\/www.musikzeitung.ch\/wp-content\/uploads\/2023\/09\/230908weber-468x350.jpg 468w\" sizes=\"auto, (max-width: 600px) 100vw, 600px\" \/><figcaption id=\"caption-attachment-47338\" class=\"wp-caption-text\">Ernst Waldemar Weber (Immagine: STAAP)<\/figcaption><\/figure>\n<p>Ernst Waldemar Weber, nato nel 1922, \u00e8 stato insegnante di scuola elementare bernese, insegnante di musica nella scuola secondaria, cantante con diploma di insegnamento e diploma di concerto, direttore di coro e organista, membro dei gruppi di progetto di musica e danza del programma di formazione degli insegnanti bernesi e docente all'Universit\u00e0 di Berna, allenatore della voce e insegnante di dizione, secondo le informazioni biografiche pubblicate da Synergie-Verlag.<\/p>\n<p>Dopo un progetto pilota di sei anni con lezioni di musica estese a Muri, vicino a Berna, \u00e8 stato coordinatore del progetto del Fondo nazionale \"Migliorare l'istruzione con pi\u00f9 musica\" dal 1988 al 1992 con 50 classi sperimentali. In qualit\u00e0 di cofondatore e segretario di lunga data della Conferenza svizzera della musica scolastica SKSM e del Coordinamento dell'educazione musicale in Svizzera KMS, ha lanciato \"Giovent\u00f9+Musica\" e l'omonimo festival musicale; ha inoltre contribuito alla creazione dell'articolo sull'educazione musicale nella nuova Costituzione federale. Nel 2000 ha avviato la fondazione dell'Associazione di canto genitori-bambini, che ha diretto fino al 2007.<\/p>","protected":false},"excerpt":{"rendered":"<p>Ernst Waldemar Weber, illustre politico della musica scolastica e della cultura e autore di libri come \"Schafft die Hauptf\u00e4cher ab!\" e \"Die vergessene Intelligenz. Musik im Kreis der menschlichen Anlagen\" \u00e8 morto a Berna all'et\u00e0 di 101 anni.<\/p>","protected":false},"author":30,"featured_media":47338,"comment_status":"closed","ping_status":"closed","sticky":false,"template":"","format":"standard","meta":{"_acf_changed":false,"_relevanssi_hide_post":"","_relevanssi_hide_content":"","_relevanssi_pin_for_all":"","_relevanssi_pin_keywords":"","_relevanssi_unpin_keywords":"","_relevanssi_related_keywords":"","_relevanssi_related_include_ids":"","_relevanssi_related_exclude_ids":"","_relevanssi_related_no_append":"","_relevanssi_related_not_related":"","_relevanssi_related_posts":"","_relevanssi_noindex_reason":"","pgc_sgb_lightbox_settings":"","footnotes":""},"categories":[27],"tags":[2970],"class_list":["post-47337","post","type-post","status-publish","format-standard","has-post-thumbnail","hentry","category-news","tag-ernst-waldemar-weber"],"acf":[],"yoast_head":"<!-- This site is optimized with the Yoast SEO plugin v27.4 - https:\/\/yoast.com\/product\/yoast-seo-wordpress\/ -->\n<title>Tod des Gesangsp\u00e4dagogen Ernst Waldemar Weber - Schweizer Musikzeitung<\/title>\n<meta name=\"description\" content=\"Ernst Waldemar Weber, profilierter Schulmusik- und Kulturpolitiker und Autor ist in Bern im Alter von 101 Jahren gestorben.\" \/>\n<meta name=\"robots\" content=\"index, follow, max-snippet:-1, max-image-preview:large, max-video-preview:-1\" \/>\n<link rel=\"canonical\" href=\"https:\/\/www.musikzeitung.ch\/it\/news\/2023\/09\/tod-des-gesangspaedagogen-ernst-waldemar-weber\/\" \/>\n<meta property=\"og:locale\" content=\"it_IT\" \/>\n<meta property=\"og:type\" content=\"article\" \/>\n<meta property=\"og:title\" content=\"Tod des Gesangsp\u00e4dagogen Ernst Waldemar Weber - Schweizer Musikzeitung\" \/>\n<meta property=\"og:description\" content=\"Ernst Waldemar Weber, profilierter Schulmusik- und Kulturpolitiker und Autor ist in Bern im Alter von 101 Jahren gestorben.\" \/>\n<meta property=\"og:url\" content=\"https:\/\/www.musikzeitung.ch\/it\/news\/2023\/09\/tod-des-gesangspaedagogen-ernst-waldemar-weber\/\" \/>\n<meta property=\"og:site_name\" content=\"Schweizer Musikzeitung\" \/>\n<meta property=\"article:publisher\" content=\"https:\/\/www.facebook.com\/SchweizerMusikzeitung\/\" \/>\n<meta property=\"article:author\" content=\"https:\/\/www.facebook.com\/wolfgang.bohler.75\" \/>\n<meta property=\"article:published_time\" content=\"2023-09-08T04:02:40+00:00\" \/>\n<meta property=\"article:modified_time\" content=\"2024-02-28T11:00:06+00:00\" \/>\n<meta property=\"og:image\" content=\"https:\/\/www.musikzeitung.ch\/wp-content\/uploads\/2023\/09\/230908weber.jpg\" \/>\n\t<meta property=\"og:image:width\" content=\"600\" \/>\n\t<meta property=\"og:image:height\" content=\"449\" \/>\n\t<meta property=\"og:image:type\" content=\"image\/jpeg\" \/>\n<meta name=\"author\" content=\"Wolfgang B\u00f6hler\" \/>\n<meta name=\"twitter:card\" content=\"summary_large_image\" \/>\n<meta name=\"twitter:creator\" content=\"@smusikzeitung\" \/>\n<meta name=\"twitter:site\" content=\"@smusikzeitung\" \/>\n<meta name=\"twitter:label1\" content=\"Scritto da\" \/>\n\t<meta name=\"twitter:data1\" content=\"Wolfgang B\u00f6hler\" \/>\n\t<meta name=\"twitter:label2\" content=\"Tempo di lettura stimato\" \/>\n\t<meta name=\"twitter:data2\" content=\"2 minuti\" \/>\n<script type=\"application\/ld+json\" class=\"yoast-schema-graph\">{\"@context\":\"https:\\\/\\\/schema.org\",\"@graph\":[{\"@type\":\"Article\",\"@id\":\"https:\\\/\\\/www.musikzeitung.ch\\\/news\\\/2023\\\/09\\\/tod-des-gesangspaedagogen-ernst-waldemar-weber#article\",\"isPartOf\":{\"@id\":\"https:\\\/\\\/www.musikzeitung.ch\\\/news\\\/2023\\\/09\\\/tod-des-gesangspaedagogen-ernst-waldemar-weber\"},\"author\":{\"name\":\"Wolfgang B\u00f6hler\",\"@id\":\"https:\\\/\\\/www.musikzeitung.ch\\\/#\\\/schema\\\/person\\\/0da4fb82d243f1252850a35d0e87cf0c\"},\"headline\":\"Tod des Gesangsp\u00e4dagogen Ernst Waldemar Weber\",\"datePublished\":\"2023-09-08T04:02:40+00:00\",\"dateModified\":\"2024-02-28T11:00:06+00:00\",\"mainEntityOfPage\":{\"@id\":\"https:\\\/\\\/www.musikzeitung.ch\\\/news\\\/2023\\\/09\\\/tod-des-gesangspaedagogen-ernst-waldemar-weber\"},\"wordCount\":147,\"publisher\":{\"@id\":\"https:\\\/\\\/www.musikzeitung.ch\\\/#organization\"},\"image\":{\"@id\":\"https:\\\/\\\/www.musikzeitung.ch\\\/news\\\/2023\\\/09\\\/tod-des-gesangspaedagogen-ernst-waldemar-weber#primaryimage\"},\"thumbnailUrl\":\"https:\\\/\\\/www.musikzeitung.ch\\\/wp-content\\\/uploads\\\/2023\\\/09\\\/230908weber.jpg\",\"keywords\":[\"Ernst Waldemar Weber\"],\"articleSection\":[\"News\"],\"inLanguage\":\"it-IT\"},{\"@type\":\"WebPage\",\"@id\":\"https:\\\/\\\/www.musikzeitung.ch\\\/news\\\/2023\\\/09\\\/tod-des-gesangspaedagogen-ernst-waldemar-weber\",\"url\":\"https:\\\/\\\/www.musikzeitung.ch\\\/news\\\/2023\\\/09\\\/tod-des-gesangspaedagogen-ernst-waldemar-weber\",\"name\":\"Tod des Gesangsp\u00e4dagogen Ernst Waldemar Weber - Schweizer Musikzeitung\",\"isPartOf\":{\"@id\":\"https:\\\/\\\/www.musikzeitung.ch\\\/#website\"},\"primaryImageOfPage\":{\"@id\":\"https:\\\/\\\/www.musikzeitung.ch\\\/news\\\/2023\\\/09\\\/tod-des-gesangspaedagogen-ernst-waldemar-weber#primaryimage\"},\"image\":{\"@id\":\"https:\\\/\\\/www.musikzeitung.ch\\\/news\\\/2023\\\/09\\\/tod-des-gesangspaedagogen-ernst-waldemar-weber#primaryimage\"},\"thumbnailUrl\":\"https:\\\/\\\/www.musikzeitung.ch\\\/wp-content\\\/uploads\\\/2023\\\/09\\\/230908weber.jpg\",\"datePublished\":\"2023-09-08T04:02:40+00:00\",\"dateModified\":\"2024-02-28T11:00:06+00:00\",\"description\":\"Ernst Waldemar Weber, profilierter Schulmusik- und Kulturpolitiker und Autor ist in Bern im Alter von 101 Jahren gestorben.\",\"breadcrumb\":{\"@id\":\"https:\\\/\\\/www.musikzeitung.ch\\\/news\\\/2023\\\/09\\\/tod-des-gesangspaedagogen-ernst-waldemar-weber#breadcrumb\"},\"inLanguage\":\"it-IT\",\"potentialAction\":[{\"@type\":\"ReadAction\",\"target\":[\"https:\\\/\\\/www.musikzeitung.ch\\\/news\\\/2023\\\/09\\\/tod-des-gesangspaedagogen-ernst-waldemar-weber\"]}]},{\"@type\":\"ImageObject\",\"inLanguage\":\"it-IT\",\"@id\":\"https:\\\/\\\/www.musikzeitung.ch\\\/news\\\/2023\\\/09\\\/tod-des-gesangspaedagogen-ernst-waldemar-weber#primaryimage\",\"url\":\"https:\\\/\\\/www.musikzeitung.ch\\\/wp-content\\\/uploads\\\/2023\\\/09\\\/230908weber.jpg\",\"contentUrl\":\"https:\\\/\\\/www.musikzeitung.ch\\\/wp-content\\\/uploads\\\/2023\\\/09\\\/230908weber.jpg\",\"width\":600,\"height\":449,\"caption\":\"Ernst Waldemar Weber (Bild: STAAP)\"},{\"@type\":\"BreadcrumbList\",\"@id\":\"https:\\\/\\\/www.musikzeitung.ch\\\/news\\\/2023\\\/09\\\/tod-des-gesangspaedagogen-ernst-waldemar-weber#breadcrumb\",\"itemListElement\":[{\"@type\":\"ListItem\",\"position\":1,\"name\":\"Home\",\"item\":\"https:\\\/\\\/www.musikzeitung.ch\\\/\"},{\"@type\":\"ListItem\",\"position\":2,\"name\":\"Tod des Gesangsp\u00e4dagogen Ernst Waldemar Weber\"}]},{\"@type\":\"WebSite\",\"@id\":\"https:\\\/\\\/www.musikzeitung.ch\\\/#website\",\"url\":\"https:\\\/\\\/www.musikzeitung.ch\\\/\",\"name\":\"Schweizer Musikzeitung\",\"description\":\"Die f\u00fchrende sparten\u00fcbergreifende Monatszeitung in der Schweiz f\u00fcr musikalische Fragen.\",\"publisher\":{\"@id\":\"https:\\\/\\\/www.musikzeitung.ch\\\/#organization\"},\"potentialAction\":[{\"@type\":\"SearchAction\",\"target\":{\"@type\":\"EntryPoint\",\"urlTemplate\":\"https:\\\/\\\/www.musikzeitung.ch\\\/?s={search_term_string}\"},\"query-input\":{\"@type\":\"PropertyValueSpecification\",\"valueRequired\":true,\"valueName\":\"search_term_string\"}}],\"inLanguage\":\"it-IT\"},{\"@type\":\"Organization\",\"@id\":\"https:\\\/\\\/www.musikzeitung.ch\\\/#organization\",\"name\":\"Schweizer Musikzeitung\",\"url\":\"https:\\\/\\\/www.musikzeitung.ch\\\/\",\"logo\":{\"@type\":\"ImageObject\",\"inLanguage\":\"it-IT\",\"@id\":\"https:\\\/\\\/www.musikzeitung.ch\\\/#\\\/schema\\\/logo\\\/image\\\/\",\"url\":\"https:\\\/\\\/www.musikzeitung.ch\\\/wp-content\\\/uploads\\\/2023\\\/01\\\/SMZ_Schriftzug_Sprache.png\",\"contentUrl\":\"https:\\\/\\\/www.musikzeitung.ch\\\/wp-content\\\/uploads\\\/2023\\\/01\\\/SMZ_Schriftzug_Sprache.png\",\"width\":1400,\"height\":279,\"caption\":\"Schweizer Musikzeitung\"},\"image\":{\"@id\":\"https:\\\/\\\/www.musikzeitung.ch\\\/#\\\/schema\\\/logo\\\/image\\\/\"},\"sameAs\":[\"https:\\\/\\\/www.facebook.com\\\/SchweizerMusikzeitung\\\/\",\"https:\\\/\\\/x.com\\\/smusikzeitung\",\"https:\\\/\\\/www.instagram.com\\\/musikzeitung.ch\\\/\"]},{\"@type\":\"Person\",\"@id\":\"https:\\\/\\\/www.musikzeitung.ch\\\/#\\\/schema\\\/person\\\/0da4fb82d243f1252850a35d0e87cf0c\",\"name\":\"Wolfgang B\u00f6hler\",\"image\":{\"@type\":\"ImageObject\",\"inLanguage\":\"it-IT\",\"@id\":\"https:\\\/\\\/www.musikzeitung.ch\\\/wp-content\\\/uploads\\\/2023\\\/01\\\/boehler_portraet_web-e1674139782246-96x96.jpg\",\"url\":\"https:\\\/\\\/www.musikzeitung.ch\\\/wp-content\\\/uploads\\\/2023\\\/01\\\/boehler_portraet_web-e1674139782246-96x96.jpg\",\"contentUrl\":\"https:\\\/\\\/www.musikzeitung.ch\\\/wp-content\\\/uploads\\\/2023\\\/01\\\/boehler_portraet_web-e1674139782246-96x96.jpg\",\"caption\":\"Wolfgang B\u00f6hler\"},\"sameAs\":[\"http:\\\/\\\/www.manacanto.ch\",\"https:\\\/\\\/www.facebook.com\\\/wolfgang.bohler.75\"],\"url\":\"https:\\\/\\\/www.musikzeitung.ch\\\/it\\\/author\\\/wolfgang-boehler\"}]}<\/script>\n<!-- \/ Yoast SEO plugin. -->","yoast_head_json":{"title":"Tod des Gesangsp\u00e4dagogen Ernst Waldemar Weber - Schweizer Musikzeitung","description":"Ernst Waldemar Weber, profilierter Schulmusik- und Kulturpolitiker und Autor ist in Bern im Alter von 101 Jahren gestorben.","robots":{"index":"index","follow":"follow","max-snippet":"max-snippet:-1","max-image-preview":"max-image-preview:large","max-video-preview":"max-video-preview:-1"},"canonical":"https:\/\/www.musikzeitung.ch\/it\/news\/2023\/09\/tod-des-gesangspaedagogen-ernst-waldemar-weber\/","og_locale":"it_IT","og_type":"article","og_title":"Tod des Gesangsp\u00e4dagogen Ernst Waldemar Weber - Schweizer Musikzeitung","og_description":"Ernst Waldemar Weber, profilierter Schulmusik- und Kulturpolitiker und Autor ist in Bern im Alter von 101 Jahren gestorben.","og_url":"https:\/\/www.musikzeitung.ch\/it\/news\/2023\/09\/tod-des-gesangspaedagogen-ernst-waldemar-weber\/","og_site_name":"Schweizer Musikzeitung","article_publisher":"https:\/\/www.facebook.com\/SchweizerMusikzeitung\/","article_author":"https:\/\/www.facebook.com\/wolfgang.bohler.75","article_published_time":"2023-09-08T04:02:40+00:00","article_modified_time":"2024-02-28T11:00:06+00:00","og_image":[{"width":600,"height":449,"url":"https:\/\/www.musikzeitung.ch\/wp-content\/uploads\/2023\/09\/230908weber.jpg","type":"image\/jpeg"}],"author":"Wolfgang B\u00f6hler","twitter_card":"summary_large_image","twitter_creator":"@smusikzeitung","twitter_site":"@smusikzeitung","twitter_misc":{"Scritto da":"Wolfgang B\u00f6hler","Tempo di lettura stimato":"2 minuti"},"schema":{"@context":"https:\/\/schema.org","@graph":[{"@type":"Article","@id":"https:\/\/www.musikzeitung.ch\/news\/2023\/09\/tod-des-gesangspaedagogen-ernst-waldemar-weber#article","isPartOf":{"@id":"https:\/\/www.musikzeitung.ch\/news\/2023\/09\/tod-des-gesangspaedagogen-ernst-waldemar-weber"},"author":{"name":"Wolfgang B\u00f6hler","@id":"https:\/\/www.musikzeitung.ch\/#\/schema\/person\/0da4fb82d243f1252850a35d0e87cf0c"},"headline":"Tod des Gesangsp\u00e4dagogen Ernst Waldemar Weber","datePublished":"2023-09-08T04:02:40+00:00","dateModified":"2024-02-28T11:00:06+00:00","mainEntityOfPage":{"@id":"https:\/\/www.musikzeitung.ch\/news\/2023\/09\/tod-des-gesangspaedagogen-ernst-waldemar-weber"},"wordCount":147,"publisher":{"@id":"https:\/\/www.musikzeitung.ch\/#organization"},"image":{"@id":"https:\/\/www.musikzeitung.ch\/news\/2023\/09\/tod-des-gesangspaedagogen-ernst-waldemar-weber#primaryimage"},"thumbnailUrl":"https:\/\/www.musikzeitung.ch\/wp-content\/uploads\/2023\/09\/230908weber.jpg","keywords":["Ernst Waldemar Weber"],"articleSection":["News"],"inLanguage":"it-IT"},{"@type":"WebPage","@id":"https:\/\/www.musikzeitung.ch\/news\/2023\/09\/tod-des-gesangspaedagogen-ernst-waldemar-weber","url":"https:\/\/www.musikzeitung.ch\/news\/2023\/09\/tod-des-gesangspaedagogen-ernst-waldemar-weber","name":"Tod des Gesangsp\u00e4dagogen Ernst Waldemar Weber - Schweizer Musikzeitung","isPartOf":{"@id":"https:\/\/www.musikzeitung.ch\/#website"},"primaryImageOfPage":{"@id":"https:\/\/www.musikzeitung.ch\/news\/2023\/09\/tod-des-gesangspaedagogen-ernst-waldemar-weber#primaryimage"},"image":{"@id":"https:\/\/www.musikzeitung.ch\/news\/2023\/09\/tod-des-gesangspaedagogen-ernst-waldemar-weber#primaryimage"},"thumbnailUrl":"https:\/\/www.musikzeitung.ch\/wp-content\/uploads\/2023\/09\/230908weber.jpg","datePublished":"2023-09-08T04:02:40+00:00","dateModified":"2024-02-28T11:00:06+00:00","description":"Ernst Waldemar Weber, profilierter Schulmusik- und Kulturpolitiker und Autor ist in Bern im Alter von 101 Jahren gestorben.","breadcrumb":{"@id":"https:\/\/www.musikzeitung.ch\/news\/2023\/09\/tod-des-gesangspaedagogen-ernst-waldemar-weber#breadcrumb"},"inLanguage":"it-IT","potentialAction":[{"@type":"ReadAction","target":["https:\/\/www.musikzeitung.ch\/news\/2023\/09\/tod-des-gesangspaedagogen-ernst-waldemar-weber"]}]},{"@type":"ImageObject","inLanguage":"it-IT","@id":"https:\/\/www.musikzeitung.ch\/news\/2023\/09\/tod-des-gesangspaedagogen-ernst-waldemar-weber#primaryimage","url":"https:\/\/www.musikzeitung.ch\/wp-content\/uploads\/2023\/09\/230908weber.jpg","contentUrl":"https:\/\/www.musikzeitung.ch\/wp-content\/uploads\/2023\/09\/230908weber.jpg","width":600,"height":449,"caption":"Ernst Waldemar Weber (Bild: STAAP)"},{"@type":"BreadcrumbList","@id":"https:\/\/www.musikzeitung.ch\/news\/2023\/09\/tod-des-gesangspaedagogen-ernst-waldemar-weber#breadcrumb","itemListElement":[{"@type":"ListItem","position":1,"name":"Home","item":"https:\/\/www.musikzeitung.ch\/"},{"@type":"ListItem","position":2,"name":"Tod des Gesangsp\u00e4dagogen Ernst Waldemar Weber"}]},{"@type":"WebSite","@id":"https:\/\/www.musikzeitung.ch\/#website","url":"https:\/\/www.musikzeitung.ch\/","name":"Giornale musicale svizzero","description":"Il principale mensile interdisciplinare della Svizzera per le questioni musicali.","publisher":{"@id":"https:\/\/www.musikzeitung.ch\/#organization"},"potentialAction":[{"@type":"SearchAction","target":{"@type":"EntryPoint","urlTemplate":"https:\/\/www.musikzeitung.ch\/?s={search_term_string}"},"query-input":{"@type":"PropertyValueSpecification","valueRequired":true,"valueName":"search_term_string"}}],"inLanguage":"it-IT"},{"@type":"Organization","@id":"https:\/\/www.musikzeitung.ch\/#organization","name":"Giornale musicale svizzero","url":"https:\/\/www.musikzeitung.ch\/","logo":{"@type":"ImageObject","inLanguage":"it-IT","@id":"https:\/\/www.musikzeitung.ch\/#\/schema\/logo\/image\/","url":"https:\/\/www.musikzeitung.ch\/wp-content\/uploads\/2023\/01\/SMZ_Schriftzug_Sprache.png","contentUrl":"https:\/\/www.musikzeitung.ch\/wp-content\/uploads\/2023\/01\/SMZ_Schriftzug_Sprache.png","width":1400,"height":279,"caption":"Schweizer Musikzeitung"},"image":{"@id":"https:\/\/www.musikzeitung.ch\/#\/schema\/logo\/image\/"},"sameAs":["https:\/\/www.facebook.com\/SchweizerMusikzeitung\/","https:\/\/x.com\/smusikzeitung","https:\/\/www.instagram.com\/musikzeitung.ch\/"]},{"@type":"Person","@id":"https:\/\/www.musikzeitung.ch\/#\/schema\/person\/0da4fb82d243f1252850a35d0e87cf0c","name":"Wolfgang B\u00f6hler","image":{"@type":"ImageObject","inLanguage":"it-IT","@id":"https:\/\/www.musikzeitung.ch\/wp-content\/uploads\/2023\/01\/boehler_portraet_web-e1674139782246-96x96.jpg","url":"https:\/\/www.musikzeitung.ch\/wp-content\/uploads\/2023\/01\/boehler_portraet_web-e1674139782246-96x96.jpg","contentUrl":"https:\/\/www.musikzeitung.ch\/wp-content\/uploads\/2023\/01\/boehler_portraet_web-e1674139782246-96x96.jpg","caption":"Wolfgang B\u00f6hler"},"sameAs":["http:\/\/www.manacanto.ch","https:\/\/www.facebook.com\/wolfgang.bohler.75"],"url":"https:\/\/www.musikzeitung.ch\/it\/author\/wolfgang-boehler"}]}},"publishpress_future_workflow_manual_trigger":{"enabledWorkflows":[]},"_links":{"self":[{"href":"https:\/\/www.musikzeitung.ch\/it\/wp-json\/wp\/v2\/posts\/47337","targetHints":{"allow":["GET"]}}],"collection":[{"href":"https:\/\/www.musikzeitung.ch\/it\/wp-json\/wp\/v2\/posts"}],"about":[{"href":"https:\/\/www.musikzeitung.ch\/it\/wp-json\/wp\/v2\/types\/post"}],"author":[{"embeddable":true,"href":"https:\/\/www.musikzeitung.ch\/it\/wp-json\/wp\/v2\/users\/30"}],"replies":[{"embeddable":true,"href":"https:\/\/www.musikzeitung.ch\/it\/wp-json\/wp\/v2\/comments?post=47337"}],"version-history":[{"count":2,"href":"https:\/\/www.musikzeitung.ch\/it\/wp-json\/wp\/v2\/posts\/47337\/revisions"}],"predecessor-version":[{"id":47340,"href":"https:\/\/www.musikzeitung.ch\/it\/wp-json\/wp\/v2\/posts\/47337\/revisions\/47340"}],"wp:featuredmedia":[{"embeddable":true,"href":"https:\/\/www.musikzeitung.ch\/it\/wp-json\/wp\/v2\/media\/47338"}],"wp:attachment":[{"href":"https:\/\/www.musikzeitung.ch\/it\/wp-json\/wp\/v2\/media?parent=47337"}],"wp:term":[{"taxonomy":"category","embeddable":true,"href":"https:\/\/www.musikzeitung.ch\/it\/wp-json\/wp\/v2\/categories?post=47337"},{"taxonomy":"post_tag","embeddable":true,"href":"https:\/\/www.musikzeitung.ch\/it\/wp-json\/wp\/v2\/tags?post=47337"}],"curies":[{"name":"wp","href":"https:\/\/api.w.org\/{rel}","templated":true}]}}