{"id":47341,"date":"2023-09-11T07:15:23","date_gmt":"2023-09-11T05:15:23","guid":{"rendered":"https:\/\/www.musikzeitung.ch\/?p=47341"},"modified":"2023-09-12T08:22:45","modified_gmt":"2023-09-12T06:22:45","slug":"schweizer-erfolg-beim-ard-musikwettbewerb-2","status":"publish","type":"post","link":"https:\/\/www.musikzeitung.ch\/it\/news\/2023\/09\/schweizer-erfolg-beim-ard-musikwettbewerb-2","title":{"rendered":"Successo svizzero al concorso musicale ARD"},"content":{"rendered":"<figure id=\"attachment_47342\" aria-describedby=\"caption-attachment-47342\" style=\"width: 695px\" class=\"wp-caption aligncenter\"><img loading=\"lazy\" decoding=\"async\" class=\"wp-image-47342\" src=\"https:\/\/www.musikzeitung.ch\/wp-content\/uploads\/2023\/09\/230911ard.jpg\" alt=\"\" width=\"695\" height=\"428\" srcset=\"https:\/\/www.musikzeitung.ch\/wp-content\/uploads\/2023\/09\/230911ard.jpg 1317w, https:\/\/www.musikzeitung.ch\/wp-content\/uploads\/2023\/09\/230911ard-300x185.jpg 300w, https:\/\/www.musikzeitung.ch\/wp-content\/uploads\/2023\/09\/230911ard-1024x631.jpg 1024w, https:\/\/www.musikzeitung.ch\/wp-content\/uploads\/2023\/09\/230911ard-768x473.jpg 768w, https:\/\/www.musikzeitung.ch\/wp-content\/uploads\/2023\/09\/230911ard-284x175.jpg 284w, https:\/\/www.musikzeitung.ch\/wp-content\/uploads\/2023\/09\/230911ard-568x350.jpg 568w, https:\/\/www.musikzeitung.ch\/wp-content\/uploads\/2023\/09\/230911ard-1299x800.jpg 1299w, https:\/\/www.musikzeitung.ch\/wp-content\/uploads\/2023\/09\/230911ard-920x567.jpg 920w\" sizes=\"auto, (max-width: 695px) 100vw, 695px\" \/><figcaption id=\"caption-attachment-47342\" class=\"wp-caption-text\">Tjasha Gafner nel concerto finale (Immagine: Videostill ARD)<\/figcaption><\/figure>\n<p>Un secondo premio \u00e8 andato ad Alexandra Bidi dalla Francia. Un altro secondo premio \u00e8 andato a Lea Maria L\u00f6ffler dalla Germania. Non \u00e8 stato assegnato alcun terzo premio. L'americano Gabriel Polinsky ha vinto il primo premio nella categoria contrabbasso. Il secondo premio e il premio del pubblico sono andati a Hongyiu Thomas Lai di Hong Kong. Il terzo premio \u00e8 andato a Jos\u00e9 Trigo dal Portogallo.<\/p>\n<p>Nella categoria trio con pianoforte, il Trio Orelon (Italia \/ Germania \/ Spagna) ha vinto il primo premio e il premio del pubblico. Il secondo premio \u00e8 andato al Trio Amelio dalla Germania. Il Trio Pantoum dalla Francia ha vinto il terzo premio. Al concorso hanno partecipato 345 musicisti provenienti da 41 Paesi e cinque continenti. Di questi, 215 musicisti provenienti da 34 Paesi e quattro continenti sono stati invitati a Monaco dopo una preselezione da parte di quattro giurie di esperti.<\/p>","protected":false},"excerpt":{"rendered":"<p>Al Concorso musicale ARD di quest'anno, la svizzera Tjasha Gafner ha vinto il primo premio e il premio del pubblico nella categoria arpa. <\/p>","protected":false},"author":30,"featured_media":47342,"comment_status":"closed","ping_status":"closed","sticky":false,"template":"","format":"standard","meta":{"_acf_changed":false,"_relevanssi_hide_post":"","_relevanssi_hide_content":"","_relevanssi_pin_for_all":"","_relevanssi_pin_keywords":"","_relevanssi_unpin_keywords":"","_relevanssi_related_keywords":"","_relevanssi_related_include_ids":"","_relevanssi_related_exclude_ids":"","_relevanssi_related_no_append":"","_relevanssi_related_not_related":"","_relevanssi_related_posts":"","_relevanssi_noindex_reason":"","pgc_sgb_lightbox_settings":"","footnotes":""},"categories":[27],"tags":[2769,2770],"class_list":["post-47341","post","type-post","status-publish","format-standard","has-post-thumbnail","hentry","category-news","tag-ard-musikwettbewerb","tag-tjasha-gafner"],"acf":[],"yoast_head":"<!-- This site is optimized with the Yoast SEO plugin v27.4 - https:\/\/yoast.com\/product\/yoast-seo-wordpress\/ -->\n<title>Schweizer Erfolg beim ARD-Musikwettbewerb - Schweizer Musikzeitung<\/title>\n<meta name=\"description\" content=\"Beim diesj\u00e4hrigen ARD-Musikwettbewerb hat Tjasha Gafner aus der Schweiz im Fach Harfe den ersten Preis und den Publikumspreis gewonnen.\" \/>\n<meta name=\"robots\" content=\"index, follow, max-snippet:-1, max-image-preview:large, max-video-preview:-1\" \/>\n<link rel=\"canonical\" href=\"https:\/\/www.musikzeitung.ch\/it\/news\/2023\/09\/schweizer-erfolg-beim-ard-musikwettbewerb-2\/\" \/>\n<meta property=\"og:locale\" content=\"it_IT\" \/>\n<meta property=\"og:type\" content=\"article\" \/>\n<meta property=\"og:title\" content=\"Schweizer Erfolg beim ARD-Musikwettbewerb - Schweizer Musikzeitung\" \/>\n<meta property=\"og:description\" content=\"Beim diesj\u00e4hrigen ARD-Musikwettbewerb hat Tjasha Gafner aus der Schweiz im Fach Harfe den ersten Preis und den Publikumspreis gewonnen.\" \/>\n<meta property=\"og:url\" content=\"https:\/\/www.musikzeitung.ch\/it\/news\/2023\/09\/schweizer-erfolg-beim-ard-musikwettbewerb-2\/\" \/>\n<meta property=\"og:site_name\" content=\"Schweizer Musikzeitung\" \/>\n<meta property=\"article:publisher\" content=\"https:\/\/www.facebook.com\/SchweizerMusikzeitung\/\" \/>\n<meta property=\"article:author\" content=\"https:\/\/www.facebook.com\/wolfgang.bohler.75\" \/>\n<meta property=\"article:published_time\" content=\"2023-09-11T05:15:23+00:00\" \/>\n<meta property=\"article:modified_time\" content=\"2023-09-12T06:22:45+00:00\" \/>\n<meta property=\"og:image\" content=\"https:\/\/www.musikzeitung.ch\/wp-content\/uploads\/2023\/09\/230911ard.jpg\" \/>\n\t<meta property=\"og:image:width\" content=\"1317\" \/>\n\t<meta property=\"og:image:height\" content=\"811\" \/>\n\t<meta property=\"og:image:type\" content=\"image\/jpeg\" \/>\n<meta name=\"author\" content=\"Wolfgang B\u00f6hler\" \/>\n<meta name=\"twitter:card\" content=\"summary_large_image\" \/>\n<meta name=\"twitter:creator\" content=\"@smusikzeitung\" \/>\n<meta name=\"twitter:site\" content=\"@smusikzeitung\" \/>\n<meta name=\"twitter:label1\" content=\"Scritto da\" \/>\n\t<meta name=\"twitter:data1\" content=\"Wolfgang B\u00f6hler\" \/>\n\t<meta name=\"twitter:label2\" content=\"Tempo di lettura stimato\" \/>\n\t<meta name=\"twitter:data2\" content=\"2 minuti\" \/>\n<script type=\"application\/ld+json\" class=\"yoast-schema-graph\">{\"@context\":\"https:\\\/\\\/schema.org\",\"@graph\":[{\"@type\":\"Article\",\"@id\":\"https:\\\/\\\/www.musikzeitung.ch\\\/news\\\/2023\\\/09\\\/schweizer-erfolg-beim-ard-musikwettbewerb-2#article\",\"isPartOf\":{\"@id\":\"https:\\\/\\\/www.musikzeitung.ch\\\/news\\\/2023\\\/09\\\/schweizer-erfolg-beim-ard-musikwettbewerb-2\"},\"author\":{\"name\":\"Wolfgang B\u00f6hler\",\"@id\":\"https:\\\/\\\/www.musikzeitung.ch\\\/#\\\/schema\\\/person\\\/0da4fb82d243f1252850a35d0e87cf0c\"},\"headline\":\"Schweizer Erfolg beim ARD-Musikwettbewerb\",\"datePublished\":\"2023-09-11T05:15:23+00:00\",\"dateModified\":\"2023-09-12T06:22:45+00:00\",\"mainEntityOfPage\":{\"@id\":\"https:\\\/\\\/www.musikzeitung.ch\\\/news\\\/2023\\\/09\\\/schweizer-erfolg-beim-ard-musikwettbewerb-2\"},\"wordCount\":152,\"publisher\":{\"@id\":\"https:\\\/\\\/www.musikzeitung.ch\\\/#organization\"},\"image\":{\"@id\":\"https:\\\/\\\/www.musikzeitung.ch\\\/news\\\/2023\\\/09\\\/schweizer-erfolg-beim-ard-musikwettbewerb-2#primaryimage\"},\"thumbnailUrl\":\"https:\\\/\\\/www.musikzeitung.ch\\\/wp-content\\\/uploads\\\/2023\\\/09\\\/230911ard.jpg\",\"keywords\":[\"ARD-Musikwettbewerb\",\"Tjasha Gafner\"],\"articleSection\":[\"News\"],\"inLanguage\":\"it-IT\"},{\"@type\":\"WebPage\",\"@id\":\"https:\\\/\\\/www.musikzeitung.ch\\\/news\\\/2023\\\/09\\\/schweizer-erfolg-beim-ard-musikwettbewerb-2\",\"url\":\"https:\\\/\\\/www.musikzeitung.ch\\\/news\\\/2023\\\/09\\\/schweizer-erfolg-beim-ard-musikwettbewerb-2\",\"name\":\"Schweizer Erfolg beim ARD-Musikwettbewerb - Schweizer Musikzeitung\",\"isPartOf\":{\"@id\":\"https:\\\/\\\/www.musikzeitung.ch\\\/#website\"},\"primaryImageOfPage\":{\"@id\":\"https:\\\/\\\/www.musikzeitung.ch\\\/news\\\/2023\\\/09\\\/schweizer-erfolg-beim-ard-musikwettbewerb-2#primaryimage\"},\"image\":{\"@id\":\"https:\\\/\\\/www.musikzeitung.ch\\\/news\\\/2023\\\/09\\\/schweizer-erfolg-beim-ard-musikwettbewerb-2#primaryimage\"},\"thumbnailUrl\":\"https:\\\/\\\/www.musikzeitung.ch\\\/wp-content\\\/uploads\\\/2023\\\/09\\\/230911ard.jpg\",\"datePublished\":\"2023-09-11T05:15:23+00:00\",\"dateModified\":\"2023-09-12T06:22:45+00:00\",\"description\":\"Beim diesj\u00e4hrigen ARD-Musikwettbewerb hat Tjasha Gafner aus der Schweiz im Fach Harfe den ersten Preis und den Publikumspreis gewonnen.\",\"breadcrumb\":{\"@id\":\"https:\\\/\\\/www.musikzeitung.ch\\\/news\\\/2023\\\/09\\\/schweizer-erfolg-beim-ard-musikwettbewerb-2#breadcrumb\"},\"inLanguage\":\"it-IT\",\"potentialAction\":[{\"@type\":\"ReadAction\",\"target\":[\"https:\\\/\\\/www.musikzeitung.ch\\\/news\\\/2023\\\/09\\\/schweizer-erfolg-beim-ard-musikwettbewerb-2\"]}]},{\"@type\":\"ImageObject\",\"inLanguage\":\"it-IT\",\"@id\":\"https:\\\/\\\/www.musikzeitung.ch\\\/news\\\/2023\\\/09\\\/schweizer-erfolg-beim-ard-musikwettbewerb-2#primaryimage\",\"url\":\"https:\\\/\\\/www.musikzeitung.ch\\\/wp-content\\\/uploads\\\/2023\\\/09\\\/230911ard.jpg\",\"contentUrl\":\"https:\\\/\\\/www.musikzeitung.ch\\\/wp-content\\\/uploads\\\/2023\\\/09\\\/230911ard.jpg\",\"width\":1317,\"height\":811},{\"@type\":\"BreadcrumbList\",\"@id\":\"https:\\\/\\\/www.musikzeitung.ch\\\/news\\\/2023\\\/09\\\/schweizer-erfolg-beim-ard-musikwettbewerb-2#breadcrumb\",\"itemListElement\":[{\"@type\":\"ListItem\",\"position\":1,\"name\":\"Home\",\"item\":\"https:\\\/\\\/www.musikzeitung.ch\\\/\"},{\"@type\":\"ListItem\",\"position\":2,\"name\":\"Schweizer Erfolg beim ARD-Musikwettbewerb\"}]},{\"@type\":\"WebSite\",\"@id\":\"https:\\\/\\\/www.musikzeitung.ch\\\/#website\",\"url\":\"https:\\\/\\\/www.musikzeitung.ch\\\/\",\"name\":\"Schweizer Musikzeitung\",\"description\":\"Die f\u00fchrende sparten\u00fcbergreifende Monatszeitung in der Schweiz f\u00fcr musikalische Fragen.\",\"publisher\":{\"@id\":\"https:\\\/\\\/www.musikzeitung.ch\\\/#organization\"},\"potentialAction\":[{\"@type\":\"SearchAction\",\"target\":{\"@type\":\"EntryPoint\",\"urlTemplate\":\"https:\\\/\\\/www.musikzeitung.ch\\\/?s={search_term_string}\"},\"query-input\":{\"@type\":\"PropertyValueSpecification\",\"valueRequired\":true,\"valueName\":\"search_term_string\"}}],\"inLanguage\":\"it-IT\"},{\"@type\":\"Organization\",\"@id\":\"https:\\\/\\\/www.musikzeitung.ch\\\/#organization\",\"name\":\"Schweizer Musikzeitung\",\"url\":\"https:\\\/\\\/www.musikzeitung.ch\\\/\",\"logo\":{\"@type\":\"ImageObject\",\"inLanguage\":\"it-IT\",\"@id\":\"https:\\\/\\\/www.musikzeitung.ch\\\/#\\\/schema\\\/logo\\\/image\\\/\",\"url\":\"https:\\\/\\\/www.musikzeitung.ch\\\/wp-content\\\/uploads\\\/2023\\\/01\\\/SMZ_Schriftzug_Sprache.png\",\"contentUrl\":\"https:\\\/\\\/www.musikzeitung.ch\\\/wp-content\\\/uploads\\\/2023\\\/01\\\/SMZ_Schriftzug_Sprache.png\",\"width\":1400,\"height\":279,\"caption\":\"Schweizer Musikzeitung\"},\"image\":{\"@id\":\"https:\\\/\\\/www.musikzeitung.ch\\\/#\\\/schema\\\/logo\\\/image\\\/\"},\"sameAs\":[\"https:\\\/\\\/www.facebook.com\\\/SchweizerMusikzeitung\\\/\",\"https:\\\/\\\/x.com\\\/smusikzeitung\",\"https:\\\/\\\/www.instagram.com\\\/musikzeitung.ch\\\/\"]},{\"@type\":\"Person\",\"@id\":\"https:\\\/\\\/www.musikzeitung.ch\\\/#\\\/schema\\\/person\\\/0da4fb82d243f1252850a35d0e87cf0c\",\"name\":\"Wolfgang B\u00f6hler\",\"image\":{\"@type\":\"ImageObject\",\"inLanguage\":\"it-IT\",\"@id\":\"https:\\\/\\\/www.musikzeitung.ch\\\/wp-content\\\/uploads\\\/2023\\\/01\\\/boehler_portraet_web-e1674139782246-96x96.jpg\",\"url\":\"https:\\\/\\\/www.musikzeitung.ch\\\/wp-content\\\/uploads\\\/2023\\\/01\\\/boehler_portraet_web-e1674139782246-96x96.jpg\",\"contentUrl\":\"https:\\\/\\\/www.musikzeitung.ch\\\/wp-content\\\/uploads\\\/2023\\\/01\\\/boehler_portraet_web-e1674139782246-96x96.jpg\",\"caption\":\"Wolfgang B\u00f6hler\"},\"sameAs\":[\"http:\\\/\\\/www.manacanto.ch\",\"https:\\\/\\\/www.facebook.com\\\/wolfgang.bohler.75\"],\"url\":\"https:\\\/\\\/www.musikzeitung.ch\\\/it\\\/author\\\/wolfgang-boehler\"}]}<\/script>\n<!-- \/ Yoast SEO plugin. -->","yoast_head_json":{"title":"Schweizer Erfolg beim ARD-Musikwettbewerb - Schweizer Musikzeitung","description":"Al Concorso musicale ARD di quest'anno, la svizzera Tjasha Gafner ha vinto il primo premio e il premio del pubblico nella categoria arpa.","robots":{"index":"index","follow":"follow","max-snippet":"max-snippet:-1","max-image-preview":"max-image-preview:large","max-video-preview":"max-video-preview:-1"},"canonical":"https:\/\/www.musikzeitung.ch\/it\/news\/2023\/09\/schweizer-erfolg-beim-ard-musikwettbewerb-2\/","og_locale":"it_IT","og_type":"article","og_title":"Schweizer Erfolg beim ARD-Musikwettbewerb - Schweizer Musikzeitung","og_description":"Beim diesj\u00e4hrigen ARD-Musikwettbewerb hat Tjasha Gafner aus der Schweiz im Fach Harfe den ersten Preis und den Publikumspreis gewonnen.","og_url":"https:\/\/www.musikzeitung.ch\/it\/news\/2023\/09\/schweizer-erfolg-beim-ard-musikwettbewerb-2\/","og_site_name":"Schweizer Musikzeitung","article_publisher":"https:\/\/www.facebook.com\/SchweizerMusikzeitung\/","article_author":"https:\/\/www.facebook.com\/wolfgang.bohler.75","article_published_time":"2023-09-11T05:15:23+00:00","article_modified_time":"2023-09-12T06:22:45+00:00","og_image":[{"width":1317,"height":811,"url":"https:\/\/www.musikzeitung.ch\/wp-content\/uploads\/2023\/09\/230911ard.jpg","type":"image\/jpeg"}],"author":"Wolfgang B\u00f6hler","twitter_card":"summary_large_image","twitter_creator":"@smusikzeitung","twitter_site":"@smusikzeitung","twitter_misc":{"Scritto da":"Wolfgang B\u00f6hler","Tempo di lettura stimato":"2 minuti"},"schema":{"@context":"https:\/\/schema.org","@graph":[{"@type":"Article","@id":"https:\/\/www.musikzeitung.ch\/news\/2023\/09\/schweizer-erfolg-beim-ard-musikwettbewerb-2#article","isPartOf":{"@id":"https:\/\/www.musikzeitung.ch\/news\/2023\/09\/schweizer-erfolg-beim-ard-musikwettbewerb-2"},"author":{"name":"Wolfgang B\u00f6hler","@id":"https:\/\/www.musikzeitung.ch\/#\/schema\/person\/0da4fb82d243f1252850a35d0e87cf0c"},"headline":"Schweizer Erfolg beim ARD-Musikwettbewerb","datePublished":"2023-09-11T05:15:23+00:00","dateModified":"2023-09-12T06:22:45+00:00","mainEntityOfPage":{"@id":"https:\/\/www.musikzeitung.ch\/news\/2023\/09\/schweizer-erfolg-beim-ard-musikwettbewerb-2"},"wordCount":152,"publisher":{"@id":"https:\/\/www.musikzeitung.ch\/#organization"},"image":{"@id":"https:\/\/www.musikzeitung.ch\/news\/2023\/09\/schweizer-erfolg-beim-ard-musikwettbewerb-2#primaryimage"},"thumbnailUrl":"https:\/\/www.musikzeitung.ch\/wp-content\/uploads\/2023\/09\/230911ard.jpg","keywords":["ARD-Musikwettbewerb","Tjasha Gafner"],"articleSection":["News"],"inLanguage":"it-IT"},{"@type":"WebPage","@id":"https:\/\/www.musikzeitung.ch\/news\/2023\/09\/schweizer-erfolg-beim-ard-musikwettbewerb-2","url":"https:\/\/www.musikzeitung.ch\/news\/2023\/09\/schweizer-erfolg-beim-ard-musikwettbewerb-2","name":"Schweizer Erfolg beim ARD-Musikwettbewerb - Schweizer Musikzeitung","isPartOf":{"@id":"https:\/\/www.musikzeitung.ch\/#website"},"primaryImageOfPage":{"@id":"https:\/\/www.musikzeitung.ch\/news\/2023\/09\/schweizer-erfolg-beim-ard-musikwettbewerb-2#primaryimage"},"image":{"@id":"https:\/\/www.musikzeitung.ch\/news\/2023\/09\/schweizer-erfolg-beim-ard-musikwettbewerb-2#primaryimage"},"thumbnailUrl":"https:\/\/www.musikzeitung.ch\/wp-content\/uploads\/2023\/09\/230911ard.jpg","datePublished":"2023-09-11T05:15:23+00:00","dateModified":"2023-09-12T06:22:45+00:00","description":"Al Concorso musicale ARD di quest'anno, la svizzera Tjasha Gafner ha vinto il primo premio e il premio del pubblico nella categoria arpa.","breadcrumb":{"@id":"https:\/\/www.musikzeitung.ch\/news\/2023\/09\/schweizer-erfolg-beim-ard-musikwettbewerb-2#breadcrumb"},"inLanguage":"it-IT","potentialAction":[{"@type":"ReadAction","target":["https:\/\/www.musikzeitung.ch\/news\/2023\/09\/schweizer-erfolg-beim-ard-musikwettbewerb-2"]}]},{"@type":"ImageObject","inLanguage":"it-IT","@id":"https:\/\/www.musikzeitung.ch\/news\/2023\/09\/schweizer-erfolg-beim-ard-musikwettbewerb-2#primaryimage","url":"https:\/\/www.musikzeitung.ch\/wp-content\/uploads\/2023\/09\/230911ard.jpg","contentUrl":"https:\/\/www.musikzeitung.ch\/wp-content\/uploads\/2023\/09\/230911ard.jpg","width":1317,"height":811},{"@type":"BreadcrumbList","@id":"https:\/\/www.musikzeitung.ch\/news\/2023\/09\/schweizer-erfolg-beim-ard-musikwettbewerb-2#breadcrumb","itemListElement":[{"@type":"ListItem","position":1,"name":"Home","item":"https:\/\/www.musikzeitung.ch\/"},{"@type":"ListItem","position":2,"name":"Schweizer Erfolg beim ARD-Musikwettbewerb"}]},{"@type":"WebSite","@id":"https:\/\/www.musikzeitung.ch\/#website","url":"https:\/\/www.musikzeitung.ch\/","name":"Giornale musicale svizzero","description":"Il principale mensile interdisciplinare della Svizzera per le questioni musicali.","publisher":{"@id":"https:\/\/www.musikzeitung.ch\/#organization"},"potentialAction":[{"@type":"SearchAction","target":{"@type":"EntryPoint","urlTemplate":"https:\/\/www.musikzeitung.ch\/?s={search_term_string}"},"query-input":{"@type":"PropertyValueSpecification","valueRequired":true,"valueName":"search_term_string"}}],"inLanguage":"it-IT"},{"@type":"Organization","@id":"https:\/\/www.musikzeitung.ch\/#organization","name":"Giornale musicale svizzero","url":"https:\/\/www.musikzeitung.ch\/","logo":{"@type":"ImageObject","inLanguage":"it-IT","@id":"https:\/\/www.musikzeitung.ch\/#\/schema\/logo\/image\/","url":"https:\/\/www.musikzeitung.ch\/wp-content\/uploads\/2023\/01\/SMZ_Schriftzug_Sprache.png","contentUrl":"https:\/\/www.musikzeitung.ch\/wp-content\/uploads\/2023\/01\/SMZ_Schriftzug_Sprache.png","width":1400,"height":279,"caption":"Schweizer Musikzeitung"},"image":{"@id":"https:\/\/www.musikzeitung.ch\/#\/schema\/logo\/image\/"},"sameAs":["https:\/\/www.facebook.com\/SchweizerMusikzeitung\/","https:\/\/x.com\/smusikzeitung","https:\/\/www.instagram.com\/musikzeitung.ch\/"]},{"@type":"Person","@id":"https:\/\/www.musikzeitung.ch\/#\/schema\/person\/0da4fb82d243f1252850a35d0e87cf0c","name":"Wolfgang B\u00f6hler","image":{"@type":"ImageObject","inLanguage":"it-IT","@id":"https:\/\/www.musikzeitung.ch\/wp-content\/uploads\/2023\/01\/boehler_portraet_web-e1674139782246-96x96.jpg","url":"https:\/\/www.musikzeitung.ch\/wp-content\/uploads\/2023\/01\/boehler_portraet_web-e1674139782246-96x96.jpg","contentUrl":"https:\/\/www.musikzeitung.ch\/wp-content\/uploads\/2023\/01\/boehler_portraet_web-e1674139782246-96x96.jpg","caption":"Wolfgang B\u00f6hler"},"sameAs":["http:\/\/www.manacanto.ch","https:\/\/www.facebook.com\/wolfgang.bohler.75"],"url":"https:\/\/www.musikzeitung.ch\/it\/author\/wolfgang-boehler"}]}},"publishpress_future_workflow_manual_trigger":{"enabledWorkflows":[]},"_links":{"self":[{"href":"https:\/\/www.musikzeitung.ch\/it\/wp-json\/wp\/v2\/posts\/47341","targetHints":{"allow":["GET"]}}],"collection":[{"href":"https:\/\/www.musikzeitung.ch\/it\/wp-json\/wp\/v2\/posts"}],"about":[{"href":"https:\/\/www.musikzeitung.ch\/it\/wp-json\/wp\/v2\/types\/post"}],"author":[{"embeddable":true,"href":"https:\/\/www.musikzeitung.ch\/it\/wp-json\/wp\/v2\/users\/30"}],"replies":[{"embeddable":true,"href":"https:\/\/www.musikzeitung.ch\/it\/wp-json\/wp\/v2\/comments?post=47341"}],"version-history":[{"count":3,"href":"https:\/\/www.musikzeitung.ch\/it\/wp-json\/wp\/v2\/posts\/47341\/revisions"}],"predecessor-version":[{"id":47345,"href":"https:\/\/www.musikzeitung.ch\/it\/wp-json\/wp\/v2\/posts\/47341\/revisions\/47345"}],"wp:featuredmedia":[{"embeddable":true,"href":"https:\/\/www.musikzeitung.ch\/it\/wp-json\/wp\/v2\/media\/47342"}],"wp:attachment":[{"href":"https:\/\/www.musikzeitung.ch\/it\/wp-json\/wp\/v2\/media?parent=47341"}],"wp:term":[{"taxonomy":"category","embeddable":true,"href":"https:\/\/www.musikzeitung.ch\/it\/wp-json\/wp\/v2\/categories?post=47341"},{"taxonomy":"post_tag","embeddable":true,"href":"https:\/\/www.musikzeitung.ch\/it\/wp-json\/wp\/v2\/tags?post=47341"}],"curies":[{"name":"wp","href":"https:\/\/api.w.org\/{rel}","templated":true}]}}