{"id":47601,"date":"2023-09-20T11:15:06","date_gmt":"2023-09-20T09:15:06","guid":{"rendered":"https:\/\/www.musikzeitung.ch\/?p=47601"},"modified":"2023-09-20T11:15:06","modified_gmt":"2023-09-20T09:15:06","slug":"kristiina-poska-wird-kuenstlerische-leiterin-des-orchestre-francais-des-jeunes","status":"publish","type":"post","link":"https:\/\/www.musikzeitung.ch\/it\/news\/2023\/09\/kristiina-poska-wird-kuenstlerische-leiterin-des-orchestre-francais-des-jeunes","title":{"rendered":"Kristiina Poska diventa direttore artistico dell'Orchestre Fran\u00e7ais des Jeunes"},"content":{"rendered":"<figure id=\"attachment_47602\" aria-describedby=\"caption-attachment-47602\" style=\"width: 663px\" class=\"wp-caption aligncenter\"><img loading=\"lazy\" decoding=\"async\" class=\"wp-image-47602\" src=\"https:\/\/www.musikzeitung.ch\/wp-content\/uploads\/2023\/09\/230920poska.jpg\" alt=\"\" width=\"663\" height=\"423\" srcset=\"https:\/\/www.musikzeitung.ch\/wp-content\/uploads\/2023\/09\/230920poska.jpg 1181w, https:\/\/www.musikzeitung.ch\/wp-content\/uploads\/2023\/09\/230920poska-300x191.jpg 300w, https:\/\/www.musikzeitung.ch\/wp-content\/uploads\/2023\/09\/230920poska-1024x653.jpg 1024w, https:\/\/www.musikzeitung.ch\/wp-content\/uploads\/2023\/09\/230920poska-768x490.jpg 768w, https:\/\/www.musikzeitung.ch\/wp-content\/uploads\/2023\/09\/230920poska-274x175.jpg 274w, https:\/\/www.musikzeitung.ch\/wp-content\/uploads\/2023\/09\/230920poska-549x350.jpg 549w, https:\/\/www.musikzeitung.ch\/wp-content\/uploads\/2023\/09\/230920poska-920x587.jpg 920w\" sizes=\"auto, (max-width: 663px) 100vw, 663px\" \/><figcaption id=\"caption-attachment-47602\" class=\"wp-caption-text\">Kristiina Poska (Foto: Kaupo Kikkas)<\/figcaption><\/figure>\n<p>Kristiina Poska \u00e8 attualmente direttore musicale dell'Orchestra Sinfonica Fiamminga e direttore ospite principale dell'Orchestra Sinfonica Nazionale della Lettonia. \u00c8 stata direttore principale della Cappella Academica dal 2006 al 2011, Kapellmeister alla Komische Oper di Berlino dal 2012 al 2016 e direttore musicale del Teatro di Basilea nella stagione 2019\/20. L'ultima registrazione di Poska delle Sinfonie n. 1 e 7 di Beethoven, pubblicata da Fuga Libera\/Outhere, \u00e8 il risultato della sua collaborazione con l'Orchestra Sinfonica delle Fiandre.<\/p>\n<p>L'Orchestre Fran\u00e7ais des Jeunes \u00e8 l'orchestra giovanile nazionale francese, fondata nel 1982 dal Ministero della Cultura. \u00c8 composta da giovani musicisti di et\u00e0 compresa tra i 16 e i 25 anni. Poska succede a Michael Sch\u00f8nwandt dell'Orchestre Fran\u00e7ais des Jeunes, che ha ricoperto l'incarico dall'estate del 2021.<\/p>","protected":false},"excerpt":{"rendered":"<p>La direttrice d'orchestra estone Kristiina Poska, che \u00e8 stata direttore musicale del Teatro di Basilea nel 2019\/20, \u00e8 stata nominata direttore musicale dell'Orchestre Fran\u00e7ais des Jeunes a partire dall'estate 2025. <\/p>","protected":false},"author":30,"featured_media":47602,"comment_status":"closed","ping_status":"closed","sticky":false,"template":"","format":"standard","meta":{"_acf_changed":false,"_relevanssi_hide_post":"","_relevanssi_hide_content":"","_relevanssi_pin_for_all":"","_relevanssi_pin_keywords":"","_relevanssi_unpin_keywords":"","_relevanssi_related_keywords":"","_relevanssi_related_include_ids":"","_relevanssi_related_exclude_ids":"","_relevanssi_related_no_append":"","_relevanssi_related_not_related":"","_relevanssi_related_posts":"","_relevanssi_noindex_reason":"","pgc_sgb_lightbox_settings":"","footnotes":""},"categories":[27],"tags":[3035,3036],"class_list":["post-47601","post","type-post","status-publish","format-standard","has-post-thumbnail","hentry","category-news","tag-kristiina-poska","tag-orchestre-francais-des-jeunes"],"acf":[],"yoast_head":"<!-- This site is optimized with the Yoast SEO plugin v27.4 - https:\/\/yoast.com\/product\/yoast-seo-wordpress\/ -->\n<title>Kristiina Poska wird K\u00fcnstlerische Leiterin des Orchestre Fran\u00e7ais des Jeunes - Schweizer Musikzeitung<\/title>\n<meta name=\"robots\" content=\"index, follow, max-snippet:-1, max-image-preview:large, max-video-preview:-1\" \/>\n<link rel=\"canonical\" href=\"https:\/\/www.musikzeitung.ch\/it\/news\/2023\/09\/kristiina-poska-wird-kuenstlerische-leiterin-des-orchestre-francais-des-jeunes\/\" \/>\n<meta property=\"og:locale\" content=\"it_IT\" \/>\n<meta property=\"og:type\" content=\"article\" \/>\n<meta property=\"og:title\" content=\"Kristiina Poska wird K\u00fcnstlerische Leiterin des Orchestre Fran\u00e7ais des Jeunes - Schweizer Musikzeitung\" \/>\n<meta property=\"og:description\" content=\"Die estnische Dirigentin Kristiina Poska, die 2019\/20 als musikalische Direktorin des Theater Basel amtete, ist ab Sommer 2025 zur musikalischen Leiterin des Orchestre Fran\u00e7ais des Jeunes ernannt worden.\" \/>\n<meta property=\"og:url\" content=\"https:\/\/www.musikzeitung.ch\/it\/news\/2023\/09\/kristiina-poska-wird-kuenstlerische-leiterin-des-orchestre-francais-des-jeunes\/\" \/>\n<meta property=\"og:site_name\" content=\"Schweizer Musikzeitung\" \/>\n<meta property=\"article:publisher\" content=\"https:\/\/www.facebook.com\/SchweizerMusikzeitung\/\" \/>\n<meta property=\"article:author\" content=\"https:\/\/www.facebook.com\/wolfgang.bohler.75\" \/>\n<meta property=\"article:published_time\" content=\"2023-09-20T09:15:06+00:00\" \/>\n<meta property=\"og:image\" content=\"https:\/\/www.musikzeitung.ch\/wp-content\/uploads\/2023\/09\/230920poska.jpg\" \/>\n\t<meta property=\"og:image:width\" content=\"1181\" \/>\n\t<meta property=\"og:image:height\" content=\"753\" \/>\n\t<meta property=\"og:image:type\" content=\"image\/jpeg\" \/>\n<meta name=\"author\" content=\"Wolfgang B\u00f6hler\" \/>\n<meta name=\"twitter:card\" content=\"summary_large_image\" \/>\n<meta name=\"twitter:creator\" content=\"@smusikzeitung\" \/>\n<meta name=\"twitter:site\" content=\"@smusikzeitung\" \/>\n<meta name=\"twitter:label1\" content=\"Scritto da\" \/>\n\t<meta name=\"twitter:data1\" content=\"Wolfgang B\u00f6hler\" \/>\n\t<meta name=\"twitter:label2\" content=\"Tempo di lettura stimato\" \/>\n\t<meta name=\"twitter:data2\" content=\"1 minuto\" \/>\n<script type=\"application\/ld+json\" class=\"yoast-schema-graph\">{\"@context\":\"https:\\\/\\\/schema.org\",\"@graph\":[{\"@type\":\"Article\",\"@id\":\"https:\\\/\\\/www.musikzeitung.ch\\\/news\\\/2023\\\/09\\\/kristiina-poska-wird-kuenstlerische-leiterin-des-orchestre-francais-des-jeunes#article\",\"isPartOf\":{\"@id\":\"https:\\\/\\\/www.musikzeitung.ch\\\/news\\\/2023\\\/09\\\/kristiina-poska-wird-kuenstlerische-leiterin-des-orchestre-francais-des-jeunes\"},\"author\":{\"name\":\"Wolfgang B\u00f6hler\",\"@id\":\"https:\\\/\\\/www.musikzeitung.ch\\\/#\\\/schema\\\/person\\\/0da4fb82d243f1252850a35d0e87cf0c\"},\"headline\":\"Kristiina Poska wird K\u00fcnstlerische Leiterin des Orchestre Fran\u00e7ais des Jeunes\",\"datePublished\":\"2023-09-20T09:15:06+00:00\",\"mainEntityOfPage\":{\"@id\":\"https:\\\/\\\/www.musikzeitung.ch\\\/news\\\/2023\\\/09\\\/kristiina-poska-wird-kuenstlerische-leiterin-des-orchestre-francais-des-jeunes\"},\"wordCount\":135,\"publisher\":{\"@id\":\"https:\\\/\\\/www.musikzeitung.ch\\\/#organization\"},\"image\":{\"@id\":\"https:\\\/\\\/www.musikzeitung.ch\\\/news\\\/2023\\\/09\\\/kristiina-poska-wird-kuenstlerische-leiterin-des-orchestre-francais-des-jeunes#primaryimage\"},\"thumbnailUrl\":\"https:\\\/\\\/www.musikzeitung.ch\\\/wp-content\\\/uploads\\\/2023\\\/09\\\/230920poska.jpg\",\"keywords\":[\"Kristiina Poska\",\"Orchestre Fran\u00e7ais des Jeunes\"],\"articleSection\":[\"News\"],\"inLanguage\":\"it-IT\"},{\"@type\":\"WebPage\",\"@id\":\"https:\\\/\\\/www.musikzeitung.ch\\\/news\\\/2023\\\/09\\\/kristiina-poska-wird-kuenstlerische-leiterin-des-orchestre-francais-des-jeunes\",\"url\":\"https:\\\/\\\/www.musikzeitung.ch\\\/news\\\/2023\\\/09\\\/kristiina-poska-wird-kuenstlerische-leiterin-des-orchestre-francais-des-jeunes\",\"name\":\"Kristiina Poska wird K\u00fcnstlerische Leiterin des Orchestre Fran\u00e7ais des Jeunes - Schweizer Musikzeitung\",\"isPartOf\":{\"@id\":\"https:\\\/\\\/www.musikzeitung.ch\\\/#website\"},\"primaryImageOfPage\":{\"@id\":\"https:\\\/\\\/www.musikzeitung.ch\\\/news\\\/2023\\\/09\\\/kristiina-poska-wird-kuenstlerische-leiterin-des-orchestre-francais-des-jeunes#primaryimage\"},\"image\":{\"@id\":\"https:\\\/\\\/www.musikzeitung.ch\\\/news\\\/2023\\\/09\\\/kristiina-poska-wird-kuenstlerische-leiterin-des-orchestre-francais-des-jeunes#primaryimage\"},\"thumbnailUrl\":\"https:\\\/\\\/www.musikzeitung.ch\\\/wp-content\\\/uploads\\\/2023\\\/09\\\/230920poska.jpg\",\"datePublished\":\"2023-09-20T09:15:06+00:00\",\"breadcrumb\":{\"@id\":\"https:\\\/\\\/www.musikzeitung.ch\\\/news\\\/2023\\\/09\\\/kristiina-poska-wird-kuenstlerische-leiterin-des-orchestre-francais-des-jeunes#breadcrumb\"},\"inLanguage\":\"it-IT\",\"potentialAction\":[{\"@type\":\"ReadAction\",\"target\":[\"https:\\\/\\\/www.musikzeitung.ch\\\/news\\\/2023\\\/09\\\/kristiina-poska-wird-kuenstlerische-leiterin-des-orchestre-francais-des-jeunes\"]}]},{\"@type\":\"ImageObject\",\"inLanguage\":\"it-IT\",\"@id\":\"https:\\\/\\\/www.musikzeitung.ch\\\/news\\\/2023\\\/09\\\/kristiina-poska-wird-kuenstlerische-leiterin-des-orchestre-francais-des-jeunes#primaryimage\",\"url\":\"https:\\\/\\\/www.musikzeitung.ch\\\/wp-content\\\/uploads\\\/2023\\\/09\\\/230920poska.jpg\",\"contentUrl\":\"https:\\\/\\\/www.musikzeitung.ch\\\/wp-content\\\/uploads\\\/2023\\\/09\\\/230920poska.jpg\",\"width\":1181,\"height\":753,\"caption\":\"Kristiina Poska (Foto: Kaupo Kikkas)\"},{\"@type\":\"BreadcrumbList\",\"@id\":\"https:\\\/\\\/www.musikzeitung.ch\\\/news\\\/2023\\\/09\\\/kristiina-poska-wird-kuenstlerische-leiterin-des-orchestre-francais-des-jeunes#breadcrumb\",\"itemListElement\":[{\"@type\":\"ListItem\",\"position\":1,\"name\":\"Home\",\"item\":\"https:\\\/\\\/www.musikzeitung.ch\\\/\"},{\"@type\":\"ListItem\",\"position\":2,\"name\":\"Kristiina Poska wird K\u00fcnstlerische Leiterin des Orchestre Fran\u00e7ais des Jeunes\"}]},{\"@type\":\"WebSite\",\"@id\":\"https:\\\/\\\/www.musikzeitung.ch\\\/#website\",\"url\":\"https:\\\/\\\/www.musikzeitung.ch\\\/\",\"name\":\"Schweizer Musikzeitung\",\"description\":\"Die f\u00fchrende sparten\u00fcbergreifende Monatszeitung in der Schweiz f\u00fcr musikalische Fragen.\",\"publisher\":{\"@id\":\"https:\\\/\\\/www.musikzeitung.ch\\\/#organization\"},\"potentialAction\":[{\"@type\":\"SearchAction\",\"target\":{\"@type\":\"EntryPoint\",\"urlTemplate\":\"https:\\\/\\\/www.musikzeitung.ch\\\/?s={search_term_string}\"},\"query-input\":{\"@type\":\"PropertyValueSpecification\",\"valueRequired\":true,\"valueName\":\"search_term_string\"}}],\"inLanguage\":\"it-IT\"},{\"@type\":\"Organization\",\"@id\":\"https:\\\/\\\/www.musikzeitung.ch\\\/#organization\",\"name\":\"Schweizer Musikzeitung\",\"url\":\"https:\\\/\\\/www.musikzeitung.ch\\\/\",\"logo\":{\"@type\":\"ImageObject\",\"inLanguage\":\"it-IT\",\"@id\":\"https:\\\/\\\/www.musikzeitung.ch\\\/#\\\/schema\\\/logo\\\/image\\\/\",\"url\":\"https:\\\/\\\/www.musikzeitung.ch\\\/wp-content\\\/uploads\\\/2023\\\/01\\\/SMZ_Schriftzug_Sprache.png\",\"contentUrl\":\"https:\\\/\\\/www.musikzeitung.ch\\\/wp-content\\\/uploads\\\/2023\\\/01\\\/SMZ_Schriftzug_Sprache.png\",\"width\":1400,\"height\":279,\"caption\":\"Schweizer Musikzeitung\"},\"image\":{\"@id\":\"https:\\\/\\\/www.musikzeitung.ch\\\/#\\\/schema\\\/logo\\\/image\\\/\"},\"sameAs\":[\"https:\\\/\\\/www.facebook.com\\\/SchweizerMusikzeitung\\\/\",\"https:\\\/\\\/x.com\\\/smusikzeitung\",\"https:\\\/\\\/www.instagram.com\\\/musikzeitung.ch\\\/\"]},{\"@type\":\"Person\",\"@id\":\"https:\\\/\\\/www.musikzeitung.ch\\\/#\\\/schema\\\/person\\\/0da4fb82d243f1252850a35d0e87cf0c\",\"name\":\"Wolfgang B\u00f6hler\",\"image\":{\"@type\":\"ImageObject\",\"inLanguage\":\"it-IT\",\"@id\":\"https:\\\/\\\/www.musikzeitung.ch\\\/wp-content\\\/uploads\\\/2023\\\/01\\\/boehler_portraet_web-e1674139782246-96x96.jpg\",\"url\":\"https:\\\/\\\/www.musikzeitung.ch\\\/wp-content\\\/uploads\\\/2023\\\/01\\\/boehler_portraet_web-e1674139782246-96x96.jpg\",\"contentUrl\":\"https:\\\/\\\/www.musikzeitung.ch\\\/wp-content\\\/uploads\\\/2023\\\/01\\\/boehler_portraet_web-e1674139782246-96x96.jpg\",\"caption\":\"Wolfgang B\u00f6hler\"},\"sameAs\":[\"http:\\\/\\\/www.manacanto.ch\",\"https:\\\/\\\/www.facebook.com\\\/wolfgang.bohler.75\"],\"url\":\"https:\\\/\\\/www.musikzeitung.ch\\\/it\\\/author\\\/wolfgang-boehler\"}]}<\/script>\n<!-- \/ Yoast SEO plugin. -->","yoast_head_json":{"title":"Kristiina Poska wird K\u00fcnstlerische Leiterin des Orchestre Fran\u00e7ais des Jeunes - Schweizer Musikzeitung","robots":{"index":"index","follow":"follow","max-snippet":"max-snippet:-1","max-image-preview":"max-image-preview:large","max-video-preview":"max-video-preview:-1"},"canonical":"https:\/\/www.musikzeitung.ch\/it\/news\/2023\/09\/kristiina-poska-wird-kuenstlerische-leiterin-des-orchestre-francais-des-jeunes\/","og_locale":"it_IT","og_type":"article","og_title":"Kristiina Poska wird K\u00fcnstlerische Leiterin des Orchestre Fran\u00e7ais des Jeunes - Schweizer Musikzeitung","og_description":"Die estnische Dirigentin Kristiina Poska, die 2019\/20 als musikalische Direktorin des Theater Basel amtete, ist ab Sommer 2025 zur musikalischen Leiterin des Orchestre Fran\u00e7ais des Jeunes ernannt worden.","og_url":"https:\/\/www.musikzeitung.ch\/it\/news\/2023\/09\/kristiina-poska-wird-kuenstlerische-leiterin-des-orchestre-francais-des-jeunes\/","og_site_name":"Schweizer Musikzeitung","article_publisher":"https:\/\/www.facebook.com\/SchweizerMusikzeitung\/","article_author":"https:\/\/www.facebook.com\/wolfgang.bohler.75","article_published_time":"2023-09-20T09:15:06+00:00","og_image":[{"width":1181,"height":753,"url":"https:\/\/www.musikzeitung.ch\/wp-content\/uploads\/2023\/09\/230920poska.jpg","type":"image\/jpeg"}],"author":"Wolfgang B\u00f6hler","twitter_card":"summary_large_image","twitter_creator":"@smusikzeitung","twitter_site":"@smusikzeitung","twitter_misc":{"Scritto da":"Wolfgang B\u00f6hler","Tempo di lettura stimato":"1 minuto"},"schema":{"@context":"https:\/\/schema.org","@graph":[{"@type":"Article","@id":"https:\/\/www.musikzeitung.ch\/news\/2023\/09\/kristiina-poska-wird-kuenstlerische-leiterin-des-orchestre-francais-des-jeunes#article","isPartOf":{"@id":"https:\/\/www.musikzeitung.ch\/news\/2023\/09\/kristiina-poska-wird-kuenstlerische-leiterin-des-orchestre-francais-des-jeunes"},"author":{"name":"Wolfgang B\u00f6hler","@id":"https:\/\/www.musikzeitung.ch\/#\/schema\/person\/0da4fb82d243f1252850a35d0e87cf0c"},"headline":"Kristiina Poska wird K\u00fcnstlerische Leiterin des Orchestre Fran\u00e7ais des Jeunes","datePublished":"2023-09-20T09:15:06+00:00","mainEntityOfPage":{"@id":"https:\/\/www.musikzeitung.ch\/news\/2023\/09\/kristiina-poska-wird-kuenstlerische-leiterin-des-orchestre-francais-des-jeunes"},"wordCount":135,"publisher":{"@id":"https:\/\/www.musikzeitung.ch\/#organization"},"image":{"@id":"https:\/\/www.musikzeitung.ch\/news\/2023\/09\/kristiina-poska-wird-kuenstlerische-leiterin-des-orchestre-francais-des-jeunes#primaryimage"},"thumbnailUrl":"https:\/\/www.musikzeitung.ch\/wp-content\/uploads\/2023\/09\/230920poska.jpg","keywords":["Kristiina Poska","Orchestre Fran\u00e7ais des Jeunes"],"articleSection":["News"],"inLanguage":"it-IT"},{"@type":"WebPage","@id":"https:\/\/www.musikzeitung.ch\/news\/2023\/09\/kristiina-poska-wird-kuenstlerische-leiterin-des-orchestre-francais-des-jeunes","url":"https:\/\/www.musikzeitung.ch\/news\/2023\/09\/kristiina-poska-wird-kuenstlerische-leiterin-des-orchestre-francais-des-jeunes","name":"Kristiina Poska wird K\u00fcnstlerische Leiterin des Orchestre Fran\u00e7ais des Jeunes - Schweizer Musikzeitung","isPartOf":{"@id":"https:\/\/www.musikzeitung.ch\/#website"},"primaryImageOfPage":{"@id":"https:\/\/www.musikzeitung.ch\/news\/2023\/09\/kristiina-poska-wird-kuenstlerische-leiterin-des-orchestre-francais-des-jeunes#primaryimage"},"image":{"@id":"https:\/\/www.musikzeitung.ch\/news\/2023\/09\/kristiina-poska-wird-kuenstlerische-leiterin-des-orchestre-francais-des-jeunes#primaryimage"},"thumbnailUrl":"https:\/\/www.musikzeitung.ch\/wp-content\/uploads\/2023\/09\/230920poska.jpg","datePublished":"2023-09-20T09:15:06+00:00","breadcrumb":{"@id":"https:\/\/www.musikzeitung.ch\/news\/2023\/09\/kristiina-poska-wird-kuenstlerische-leiterin-des-orchestre-francais-des-jeunes#breadcrumb"},"inLanguage":"it-IT","potentialAction":[{"@type":"ReadAction","target":["https:\/\/www.musikzeitung.ch\/news\/2023\/09\/kristiina-poska-wird-kuenstlerische-leiterin-des-orchestre-francais-des-jeunes"]}]},{"@type":"ImageObject","inLanguage":"it-IT","@id":"https:\/\/www.musikzeitung.ch\/news\/2023\/09\/kristiina-poska-wird-kuenstlerische-leiterin-des-orchestre-francais-des-jeunes#primaryimage","url":"https:\/\/www.musikzeitung.ch\/wp-content\/uploads\/2023\/09\/230920poska.jpg","contentUrl":"https:\/\/www.musikzeitung.ch\/wp-content\/uploads\/2023\/09\/230920poska.jpg","width":1181,"height":753,"caption":"Kristiina Poska (Foto: Kaupo Kikkas)"},{"@type":"BreadcrumbList","@id":"https:\/\/www.musikzeitung.ch\/news\/2023\/09\/kristiina-poska-wird-kuenstlerische-leiterin-des-orchestre-francais-des-jeunes#breadcrumb","itemListElement":[{"@type":"ListItem","position":1,"name":"Home","item":"https:\/\/www.musikzeitung.ch\/"},{"@type":"ListItem","position":2,"name":"Kristiina Poska wird K\u00fcnstlerische Leiterin des Orchestre Fran\u00e7ais des Jeunes"}]},{"@type":"WebSite","@id":"https:\/\/www.musikzeitung.ch\/#website","url":"https:\/\/www.musikzeitung.ch\/","name":"Giornale musicale svizzero","description":"Il principale mensile interdisciplinare della Svizzera per le questioni musicali.","publisher":{"@id":"https:\/\/www.musikzeitung.ch\/#organization"},"potentialAction":[{"@type":"SearchAction","target":{"@type":"EntryPoint","urlTemplate":"https:\/\/www.musikzeitung.ch\/?s={search_term_string}"},"query-input":{"@type":"PropertyValueSpecification","valueRequired":true,"valueName":"search_term_string"}}],"inLanguage":"it-IT"},{"@type":"Organization","@id":"https:\/\/www.musikzeitung.ch\/#organization","name":"Giornale musicale svizzero","url":"https:\/\/www.musikzeitung.ch\/","logo":{"@type":"ImageObject","inLanguage":"it-IT","@id":"https:\/\/www.musikzeitung.ch\/#\/schema\/logo\/image\/","url":"https:\/\/www.musikzeitung.ch\/wp-content\/uploads\/2023\/01\/SMZ_Schriftzug_Sprache.png","contentUrl":"https:\/\/www.musikzeitung.ch\/wp-content\/uploads\/2023\/01\/SMZ_Schriftzug_Sprache.png","width":1400,"height":279,"caption":"Schweizer Musikzeitung"},"image":{"@id":"https:\/\/www.musikzeitung.ch\/#\/schema\/logo\/image\/"},"sameAs":["https:\/\/www.facebook.com\/SchweizerMusikzeitung\/","https:\/\/x.com\/smusikzeitung","https:\/\/www.instagram.com\/musikzeitung.ch\/"]},{"@type":"Person","@id":"https:\/\/www.musikzeitung.ch\/#\/schema\/person\/0da4fb82d243f1252850a35d0e87cf0c","name":"Wolfgang B\u00f6hler","image":{"@type":"ImageObject","inLanguage":"it-IT","@id":"https:\/\/www.musikzeitung.ch\/wp-content\/uploads\/2023\/01\/boehler_portraet_web-e1674139782246-96x96.jpg","url":"https:\/\/www.musikzeitung.ch\/wp-content\/uploads\/2023\/01\/boehler_portraet_web-e1674139782246-96x96.jpg","contentUrl":"https:\/\/www.musikzeitung.ch\/wp-content\/uploads\/2023\/01\/boehler_portraet_web-e1674139782246-96x96.jpg","caption":"Wolfgang B\u00f6hler"},"sameAs":["http:\/\/www.manacanto.ch","https:\/\/www.facebook.com\/wolfgang.bohler.75"],"url":"https:\/\/www.musikzeitung.ch\/it\/author\/wolfgang-boehler"}]}},"publishpress_future_workflow_manual_trigger":{"enabledWorkflows":[]},"_links":{"self":[{"href":"https:\/\/www.musikzeitung.ch\/it\/wp-json\/wp\/v2\/posts\/47601","targetHints":{"allow":["GET"]}}],"collection":[{"href":"https:\/\/www.musikzeitung.ch\/it\/wp-json\/wp\/v2\/posts"}],"about":[{"href":"https:\/\/www.musikzeitung.ch\/it\/wp-json\/wp\/v2\/types\/post"}],"author":[{"embeddable":true,"href":"https:\/\/www.musikzeitung.ch\/it\/wp-json\/wp\/v2\/users\/30"}],"replies":[{"embeddable":true,"href":"https:\/\/www.musikzeitung.ch\/it\/wp-json\/wp\/v2\/comments?post=47601"}],"version-history":[{"count":1,"href":"https:\/\/www.musikzeitung.ch\/it\/wp-json\/wp\/v2\/posts\/47601\/revisions"}],"predecessor-version":[{"id":47603,"href":"https:\/\/www.musikzeitung.ch\/it\/wp-json\/wp\/v2\/posts\/47601\/revisions\/47603"}],"wp:featuredmedia":[{"embeddable":true,"href":"https:\/\/www.musikzeitung.ch\/it\/wp-json\/wp\/v2\/media\/47602"}],"wp:attachment":[{"href":"https:\/\/www.musikzeitung.ch\/it\/wp-json\/wp\/v2\/media?parent=47601"}],"wp:term":[{"taxonomy":"category","embeddable":true,"href":"https:\/\/www.musikzeitung.ch\/it\/wp-json\/wp\/v2\/categories?post=47601"},{"taxonomy":"post_tag","embeddable":true,"href":"https:\/\/www.musikzeitung.ch\/it\/wp-json\/wp\/v2\/tags?post=47601"}],"curies":[{"name":"wp","href":"https:\/\/api.w.org\/{rel}","templated":true}]}}