{"id":47720,"date":"2023-09-25T06:17:45","date_gmt":"2023-09-25T04:17:45","guid":{"rendered":"https:\/\/www.musikzeitung.ch\/?p=47720"},"modified":"2023-09-25T14:24:09","modified_gmt":"2023-09-25T12:24:09","slug":"deutschland-fuehrt-mindesthonorare-ein","status":"publish","type":"post","link":"https:\/\/www.musikzeitung.ch\/it\/news\/2023\/09\/deutschland-fuehrt-mindesthonorare-ein","title":{"rendered":"La Germania introduce tariffe minime"},"content":{"rendered":"<figure id=\"attachment_47721\" aria-describedby=\"caption-attachment-47721\" style=\"width: 516px\" class=\"wp-caption aligncenter\"><img loading=\"lazy\" decoding=\"async\" class=\"wp-image-47721\" src=\"https:\/\/www.musikzeitung.ch\/wp-content\/uploads\/2023\/09\/230925roth.jpg\" alt=\"\" width=\"516\" height=\"340\" srcset=\"https:\/\/www.musikzeitung.ch\/wp-content\/uploads\/2023\/09\/230925roth.jpg 928w, https:\/\/www.musikzeitung.ch\/wp-content\/uploads\/2023\/09\/230925roth-300x198.jpg 300w, https:\/\/www.musikzeitung.ch\/wp-content\/uploads\/2023\/09\/230925roth-768x506.jpg 768w, https:\/\/www.musikzeitung.ch\/wp-content\/uploads\/2023\/09\/230925roth-265x175.jpg 265w, https:\/\/www.musikzeitung.ch\/wp-content\/uploads\/2023\/09\/230925roth-531x350.jpg 531w, https:\/\/www.musikzeitung.ch\/wp-content\/uploads\/2023\/09\/230925roth-920x607.jpg 920w\" sizes=\"auto, (max-width: 516px) 100vw, 516px\" \/><figcaption id=\"caption-attachment-47721\" class=\"wp-caption-text\">Claudia Roth (Immagine: Fondazione Heinrich B\u00f6ll)<\/figcaption><\/figure>\n<p>All'assemblea dei membri del Consiglio culturale tedesco, Roth ha spiegato che dal prossimo anno le istituzioni culturali finanziate dal governo federale dovranno pagare agli artisti che lavorano come freelance almeno un compenso minimo. Il Consiglio culturale tedesco chiede da anni una remunerazione significativamente pi\u00f9 alta per gli artisti freelance. In alcuni Stati federali (NRW, Brandeburgo, Brema e Sassonia) sono gi\u00e0 in preparazione i cosiddetti compensi di base.<\/p>\n<p>Il Ministro della Cultura tedesco ha annunciato nuovamente un programma di finanziamento \"Excellent Orchestral Landscape Germany\". Le orchestre e gli ensemble possono utilizzare i fondi del programma per \"realizzare progetti su temi socialmente rilevanti\". Quest'anno il programma sosterr\u00e0 progetti che affrontano temi di sostenibilit\u00e0 e le conseguenze della crisi climatica o che promuovono la diversit\u00e0. Per il programma sono disponibili 4,8 milioni di euro e un progetto pu\u00f2 essere finanziato con un massimo di 400.000 euro.<\/p>","protected":false},"excerpt":{"rendered":"<p>Il ministro tedesco della Cultura, Claudia Roth, ha annunciato che dal 2024 le istituzioni culturali finanziate dal governo federale dovranno pagare ai freelance un compenso minimo.<\/p>","protected":false},"author":30,"featured_media":47721,"comment_status":"closed","ping_status":"closed","sticky":false,"template":"","format":"standard","meta":{"_acf_changed":false,"_relevanssi_hide_post":"","_relevanssi_hide_content":"","_relevanssi_pin_for_all":"","_relevanssi_pin_keywords":"","_relevanssi_unpin_keywords":"","_relevanssi_related_keywords":"","_relevanssi_related_include_ids":"","_relevanssi_related_exclude_ids":"","_relevanssi_related_no_append":"","_relevanssi_related_not_related":"","_relevanssi_related_posts":"","_relevanssi_noindex_reason":"","pgc_sgb_lightbox_settings":"","footnotes":""},"categories":[27],"tags":[3064,3063],"class_list":["post-47720","post","type-post","status-publish","format-standard","has-post-thumbnail","hentry","category-news","tag-basishonorare","tag-claudia-roth"],"acf":[],"yoast_head":"<!-- This site is optimized with the Yoast SEO plugin v27.4 - https:\/\/yoast.com\/product\/yoast-seo-wordpress\/ -->\n<title>Deutschland f\u00fchrt Mindesthonorare ein - Schweizer Musikzeitung<\/title>\n<meta name=\"description\" content=\"Die deutsche Kulturstaatsministerin Claudia Roth hat angek\u00fcndigt, dass die vom Bund gef\u00f6rderten Kultureinrichtungen ab 2024 Freiberuflichen Mindesthonorare bezahlen m\u00fcssen.\" \/>\n<meta name=\"robots\" content=\"index, follow, max-snippet:-1, max-image-preview:large, max-video-preview:-1\" \/>\n<link rel=\"canonical\" href=\"https:\/\/www.musikzeitung.ch\/it\/news\/2023\/09\/deutschland-fuehrt-mindesthonorare-ein\/\" \/>\n<meta property=\"og:locale\" content=\"it_IT\" \/>\n<meta property=\"og:type\" content=\"article\" \/>\n<meta property=\"og:title\" content=\"Deutschland f\u00fchrt Mindesthonorare ein - Schweizer Musikzeitung\" \/>\n<meta property=\"og:description\" content=\"Die deutsche Kulturstaatsministerin Claudia Roth hat angek\u00fcndigt, dass die vom Bund gef\u00f6rderten Kultureinrichtungen ab 2024 Freiberuflichen Mindesthonorare bezahlen m\u00fcssen.\" \/>\n<meta property=\"og:url\" content=\"https:\/\/www.musikzeitung.ch\/it\/news\/2023\/09\/deutschland-fuehrt-mindesthonorare-ein\/\" \/>\n<meta property=\"og:site_name\" content=\"Schweizer Musikzeitung\" \/>\n<meta property=\"article:publisher\" content=\"https:\/\/www.facebook.com\/SchweizerMusikzeitung\/\" \/>\n<meta property=\"article:author\" content=\"https:\/\/www.facebook.com\/wolfgang.bohler.75\" \/>\n<meta property=\"article:published_time\" content=\"2023-09-25T04:17:45+00:00\" \/>\n<meta property=\"article:modified_time\" content=\"2023-09-25T12:24:09+00:00\" \/>\n<meta property=\"og:image\" content=\"https:\/\/www.musikzeitung.ch\/wp-content\/uploads\/2023\/09\/230925roth.jpg\" \/>\n\t<meta property=\"og:image:width\" content=\"928\" \/>\n\t<meta property=\"og:image:height\" content=\"612\" \/>\n\t<meta property=\"og:image:type\" content=\"image\/jpeg\" \/>\n<meta name=\"author\" content=\"Wolfgang B\u00f6hler\" \/>\n<meta name=\"twitter:card\" content=\"summary_large_image\" \/>\n<meta name=\"twitter:creator\" content=\"@smusikzeitung\" \/>\n<meta name=\"twitter:site\" content=\"@smusikzeitung\" \/>\n<meta name=\"twitter:label1\" content=\"Scritto da\" \/>\n\t<meta name=\"twitter:data1\" content=\"Wolfgang B\u00f6hler\" \/>\n\t<meta name=\"twitter:label2\" content=\"Tempo di lettura stimato\" \/>\n\t<meta name=\"twitter:data2\" content=\"2 minuti\" \/>\n<script type=\"application\/ld+json\" class=\"yoast-schema-graph\">{\"@context\":\"https:\\\/\\\/schema.org\",\"@graph\":[{\"@type\":\"Article\",\"@id\":\"https:\\\/\\\/www.musikzeitung.ch\\\/news\\\/2023\\\/09\\\/deutschland-fuehrt-mindesthonorare-ein#article\",\"isPartOf\":{\"@id\":\"https:\\\/\\\/www.musikzeitung.ch\\\/news\\\/2023\\\/09\\\/deutschland-fuehrt-mindesthonorare-ein\"},\"author\":{\"name\":\"Wolfgang B\u00f6hler\",\"@id\":\"https:\\\/\\\/www.musikzeitung.ch\\\/#\\\/schema\\\/person\\\/0da4fb82d243f1252850a35d0e87cf0c\"},\"headline\":\"Deutschland f\u00fchrt Mindesthonorare ein\",\"datePublished\":\"2023-09-25T04:17:45+00:00\",\"dateModified\":\"2023-09-25T12:24:09+00:00\",\"mainEntityOfPage\":{\"@id\":\"https:\\\/\\\/www.musikzeitung.ch\\\/news\\\/2023\\\/09\\\/deutschland-fuehrt-mindesthonorare-ein\"},\"wordCount\":171,\"publisher\":{\"@id\":\"https:\\\/\\\/www.musikzeitung.ch\\\/#organization\"},\"image\":{\"@id\":\"https:\\\/\\\/www.musikzeitung.ch\\\/news\\\/2023\\\/09\\\/deutschland-fuehrt-mindesthonorare-ein#primaryimage\"},\"thumbnailUrl\":\"https:\\\/\\\/www.musikzeitung.ch\\\/wp-content\\\/uploads\\\/2023\\\/09\\\/230925roth.jpg\",\"keywords\":[\"Basishonorare\",\"Claudia Roth\"],\"articleSection\":[\"News\"],\"inLanguage\":\"it-IT\"},{\"@type\":\"WebPage\",\"@id\":\"https:\\\/\\\/www.musikzeitung.ch\\\/news\\\/2023\\\/09\\\/deutschland-fuehrt-mindesthonorare-ein\",\"url\":\"https:\\\/\\\/www.musikzeitung.ch\\\/news\\\/2023\\\/09\\\/deutschland-fuehrt-mindesthonorare-ein\",\"name\":\"Deutschland f\u00fchrt Mindesthonorare ein - Schweizer Musikzeitung\",\"isPartOf\":{\"@id\":\"https:\\\/\\\/www.musikzeitung.ch\\\/#website\"},\"primaryImageOfPage\":{\"@id\":\"https:\\\/\\\/www.musikzeitung.ch\\\/news\\\/2023\\\/09\\\/deutschland-fuehrt-mindesthonorare-ein#primaryimage\"},\"image\":{\"@id\":\"https:\\\/\\\/www.musikzeitung.ch\\\/news\\\/2023\\\/09\\\/deutschland-fuehrt-mindesthonorare-ein#primaryimage\"},\"thumbnailUrl\":\"https:\\\/\\\/www.musikzeitung.ch\\\/wp-content\\\/uploads\\\/2023\\\/09\\\/230925roth.jpg\",\"datePublished\":\"2023-09-25T04:17:45+00:00\",\"dateModified\":\"2023-09-25T12:24:09+00:00\",\"description\":\"Die deutsche Kulturstaatsministerin Claudia Roth hat angek\u00fcndigt, dass die vom Bund gef\u00f6rderten Kultureinrichtungen ab 2024 Freiberuflichen Mindesthonorare bezahlen m\u00fcssen.\",\"breadcrumb\":{\"@id\":\"https:\\\/\\\/www.musikzeitung.ch\\\/news\\\/2023\\\/09\\\/deutschland-fuehrt-mindesthonorare-ein#breadcrumb\"},\"inLanguage\":\"it-IT\",\"potentialAction\":[{\"@type\":\"ReadAction\",\"target\":[\"https:\\\/\\\/www.musikzeitung.ch\\\/news\\\/2023\\\/09\\\/deutschland-fuehrt-mindesthonorare-ein\"]}]},{\"@type\":\"ImageObject\",\"inLanguage\":\"it-IT\",\"@id\":\"https:\\\/\\\/www.musikzeitung.ch\\\/news\\\/2023\\\/09\\\/deutschland-fuehrt-mindesthonorare-ein#primaryimage\",\"url\":\"https:\\\/\\\/www.musikzeitung.ch\\\/wp-content\\\/uploads\\\/2023\\\/09\\\/230925roth.jpg\",\"contentUrl\":\"https:\\\/\\\/www.musikzeitung.ch\\\/wp-content\\\/uploads\\\/2023\\\/09\\\/230925roth.jpg\",\"width\":928,\"height\":612,\"caption\":\"Claudia Roth (Bild: Heinrich-B\u00f6ll-Stiftung)\"},{\"@type\":\"BreadcrumbList\",\"@id\":\"https:\\\/\\\/www.musikzeitung.ch\\\/news\\\/2023\\\/09\\\/deutschland-fuehrt-mindesthonorare-ein#breadcrumb\",\"itemListElement\":[{\"@type\":\"ListItem\",\"position\":1,\"name\":\"Home\",\"item\":\"https:\\\/\\\/www.musikzeitung.ch\\\/\"},{\"@type\":\"ListItem\",\"position\":2,\"name\":\"Deutschland f\u00fchrt Mindesthonorare ein\"}]},{\"@type\":\"WebSite\",\"@id\":\"https:\\\/\\\/www.musikzeitung.ch\\\/#website\",\"url\":\"https:\\\/\\\/www.musikzeitung.ch\\\/\",\"name\":\"Schweizer Musikzeitung\",\"description\":\"Die f\u00fchrende sparten\u00fcbergreifende Monatszeitung in der Schweiz f\u00fcr musikalische Fragen.\",\"publisher\":{\"@id\":\"https:\\\/\\\/www.musikzeitung.ch\\\/#organization\"},\"potentialAction\":[{\"@type\":\"SearchAction\",\"target\":{\"@type\":\"EntryPoint\",\"urlTemplate\":\"https:\\\/\\\/www.musikzeitung.ch\\\/?s={search_term_string}\"},\"query-input\":{\"@type\":\"PropertyValueSpecification\",\"valueRequired\":true,\"valueName\":\"search_term_string\"}}],\"inLanguage\":\"it-IT\"},{\"@type\":\"Organization\",\"@id\":\"https:\\\/\\\/www.musikzeitung.ch\\\/#organization\",\"name\":\"Schweizer Musikzeitung\",\"url\":\"https:\\\/\\\/www.musikzeitung.ch\\\/\",\"logo\":{\"@type\":\"ImageObject\",\"inLanguage\":\"it-IT\",\"@id\":\"https:\\\/\\\/www.musikzeitung.ch\\\/#\\\/schema\\\/logo\\\/image\\\/\",\"url\":\"https:\\\/\\\/www.musikzeitung.ch\\\/wp-content\\\/uploads\\\/2023\\\/01\\\/SMZ_Schriftzug_Sprache.png\",\"contentUrl\":\"https:\\\/\\\/www.musikzeitung.ch\\\/wp-content\\\/uploads\\\/2023\\\/01\\\/SMZ_Schriftzug_Sprache.png\",\"width\":1400,\"height\":279,\"caption\":\"Schweizer Musikzeitung\"},\"image\":{\"@id\":\"https:\\\/\\\/www.musikzeitung.ch\\\/#\\\/schema\\\/logo\\\/image\\\/\"},\"sameAs\":[\"https:\\\/\\\/www.facebook.com\\\/SchweizerMusikzeitung\\\/\",\"https:\\\/\\\/x.com\\\/smusikzeitung\",\"https:\\\/\\\/www.instagram.com\\\/musikzeitung.ch\\\/\"]},{\"@type\":\"Person\",\"@id\":\"https:\\\/\\\/www.musikzeitung.ch\\\/#\\\/schema\\\/person\\\/0da4fb82d243f1252850a35d0e87cf0c\",\"name\":\"Wolfgang B\u00f6hler\",\"image\":{\"@type\":\"ImageObject\",\"inLanguage\":\"it-IT\",\"@id\":\"https:\\\/\\\/www.musikzeitung.ch\\\/wp-content\\\/uploads\\\/2023\\\/01\\\/boehler_portraet_web-e1674139782246-96x96.jpg\",\"url\":\"https:\\\/\\\/www.musikzeitung.ch\\\/wp-content\\\/uploads\\\/2023\\\/01\\\/boehler_portraet_web-e1674139782246-96x96.jpg\",\"contentUrl\":\"https:\\\/\\\/www.musikzeitung.ch\\\/wp-content\\\/uploads\\\/2023\\\/01\\\/boehler_portraet_web-e1674139782246-96x96.jpg\",\"caption\":\"Wolfgang B\u00f6hler\"},\"sameAs\":[\"http:\\\/\\\/www.manacanto.ch\",\"https:\\\/\\\/www.facebook.com\\\/wolfgang.bohler.75\"],\"url\":\"https:\\\/\\\/www.musikzeitung.ch\\\/it\\\/author\\\/wolfgang-boehler\"}]}<\/script>\n<!-- \/ Yoast SEO plugin. -->","yoast_head_json":{"title":"Deutschland f\u00fchrt Mindesthonorare ein - Schweizer Musikzeitung","description":"Il ministro tedesco della Cultura, Claudia Roth, ha annunciato che dal 2024 le istituzioni culturali finanziate dal governo federale dovranno pagare ai freelance un compenso minimo.","robots":{"index":"index","follow":"follow","max-snippet":"max-snippet:-1","max-image-preview":"max-image-preview:large","max-video-preview":"max-video-preview:-1"},"canonical":"https:\/\/www.musikzeitung.ch\/it\/news\/2023\/09\/deutschland-fuehrt-mindesthonorare-ein\/","og_locale":"it_IT","og_type":"article","og_title":"Deutschland f\u00fchrt Mindesthonorare ein - Schweizer Musikzeitung","og_description":"Die deutsche Kulturstaatsministerin Claudia Roth hat angek\u00fcndigt, dass die vom Bund gef\u00f6rderten Kultureinrichtungen ab 2024 Freiberuflichen Mindesthonorare bezahlen m\u00fcssen.","og_url":"https:\/\/www.musikzeitung.ch\/it\/news\/2023\/09\/deutschland-fuehrt-mindesthonorare-ein\/","og_site_name":"Schweizer Musikzeitung","article_publisher":"https:\/\/www.facebook.com\/SchweizerMusikzeitung\/","article_author":"https:\/\/www.facebook.com\/wolfgang.bohler.75","article_published_time":"2023-09-25T04:17:45+00:00","article_modified_time":"2023-09-25T12:24:09+00:00","og_image":[{"width":928,"height":612,"url":"https:\/\/www.musikzeitung.ch\/wp-content\/uploads\/2023\/09\/230925roth.jpg","type":"image\/jpeg"}],"author":"Wolfgang B\u00f6hler","twitter_card":"summary_large_image","twitter_creator":"@smusikzeitung","twitter_site":"@smusikzeitung","twitter_misc":{"Scritto da":"Wolfgang B\u00f6hler","Tempo di lettura stimato":"2 minuti"},"schema":{"@context":"https:\/\/schema.org","@graph":[{"@type":"Article","@id":"https:\/\/www.musikzeitung.ch\/news\/2023\/09\/deutschland-fuehrt-mindesthonorare-ein#article","isPartOf":{"@id":"https:\/\/www.musikzeitung.ch\/news\/2023\/09\/deutschland-fuehrt-mindesthonorare-ein"},"author":{"name":"Wolfgang B\u00f6hler","@id":"https:\/\/www.musikzeitung.ch\/#\/schema\/person\/0da4fb82d243f1252850a35d0e87cf0c"},"headline":"Deutschland f\u00fchrt Mindesthonorare ein","datePublished":"2023-09-25T04:17:45+00:00","dateModified":"2023-09-25T12:24:09+00:00","mainEntityOfPage":{"@id":"https:\/\/www.musikzeitung.ch\/news\/2023\/09\/deutschland-fuehrt-mindesthonorare-ein"},"wordCount":171,"publisher":{"@id":"https:\/\/www.musikzeitung.ch\/#organization"},"image":{"@id":"https:\/\/www.musikzeitung.ch\/news\/2023\/09\/deutschland-fuehrt-mindesthonorare-ein#primaryimage"},"thumbnailUrl":"https:\/\/www.musikzeitung.ch\/wp-content\/uploads\/2023\/09\/230925roth.jpg","keywords":["Basishonorare","Claudia Roth"],"articleSection":["News"],"inLanguage":"it-IT"},{"@type":"WebPage","@id":"https:\/\/www.musikzeitung.ch\/news\/2023\/09\/deutschland-fuehrt-mindesthonorare-ein","url":"https:\/\/www.musikzeitung.ch\/news\/2023\/09\/deutschland-fuehrt-mindesthonorare-ein","name":"Deutschland f\u00fchrt Mindesthonorare ein - Schweizer Musikzeitung","isPartOf":{"@id":"https:\/\/www.musikzeitung.ch\/#website"},"primaryImageOfPage":{"@id":"https:\/\/www.musikzeitung.ch\/news\/2023\/09\/deutschland-fuehrt-mindesthonorare-ein#primaryimage"},"image":{"@id":"https:\/\/www.musikzeitung.ch\/news\/2023\/09\/deutschland-fuehrt-mindesthonorare-ein#primaryimage"},"thumbnailUrl":"https:\/\/www.musikzeitung.ch\/wp-content\/uploads\/2023\/09\/230925roth.jpg","datePublished":"2023-09-25T04:17:45+00:00","dateModified":"2023-09-25T12:24:09+00:00","description":"Il ministro tedesco della Cultura, Claudia Roth, ha annunciato che dal 2024 le istituzioni culturali finanziate dal governo federale dovranno pagare ai freelance un compenso minimo.","breadcrumb":{"@id":"https:\/\/www.musikzeitung.ch\/news\/2023\/09\/deutschland-fuehrt-mindesthonorare-ein#breadcrumb"},"inLanguage":"it-IT","potentialAction":[{"@type":"ReadAction","target":["https:\/\/www.musikzeitung.ch\/news\/2023\/09\/deutschland-fuehrt-mindesthonorare-ein"]}]},{"@type":"ImageObject","inLanguage":"it-IT","@id":"https:\/\/www.musikzeitung.ch\/news\/2023\/09\/deutschland-fuehrt-mindesthonorare-ein#primaryimage","url":"https:\/\/www.musikzeitung.ch\/wp-content\/uploads\/2023\/09\/230925roth.jpg","contentUrl":"https:\/\/www.musikzeitung.ch\/wp-content\/uploads\/2023\/09\/230925roth.jpg","width":928,"height":612,"caption":"Claudia Roth (Bild: Heinrich-B\u00f6ll-Stiftung)"},{"@type":"BreadcrumbList","@id":"https:\/\/www.musikzeitung.ch\/news\/2023\/09\/deutschland-fuehrt-mindesthonorare-ein#breadcrumb","itemListElement":[{"@type":"ListItem","position":1,"name":"Home","item":"https:\/\/www.musikzeitung.ch\/"},{"@type":"ListItem","position":2,"name":"Deutschland f\u00fchrt Mindesthonorare ein"}]},{"@type":"WebSite","@id":"https:\/\/www.musikzeitung.ch\/#website","url":"https:\/\/www.musikzeitung.ch\/","name":"Giornale musicale svizzero","description":"Il principale mensile interdisciplinare della Svizzera per le questioni musicali.","publisher":{"@id":"https:\/\/www.musikzeitung.ch\/#organization"},"potentialAction":[{"@type":"SearchAction","target":{"@type":"EntryPoint","urlTemplate":"https:\/\/www.musikzeitung.ch\/?s={search_term_string}"},"query-input":{"@type":"PropertyValueSpecification","valueRequired":true,"valueName":"search_term_string"}}],"inLanguage":"it-IT"},{"@type":"Organization","@id":"https:\/\/www.musikzeitung.ch\/#organization","name":"Giornale musicale svizzero","url":"https:\/\/www.musikzeitung.ch\/","logo":{"@type":"ImageObject","inLanguage":"it-IT","@id":"https:\/\/www.musikzeitung.ch\/#\/schema\/logo\/image\/","url":"https:\/\/www.musikzeitung.ch\/wp-content\/uploads\/2023\/01\/SMZ_Schriftzug_Sprache.png","contentUrl":"https:\/\/www.musikzeitung.ch\/wp-content\/uploads\/2023\/01\/SMZ_Schriftzug_Sprache.png","width":1400,"height":279,"caption":"Schweizer Musikzeitung"},"image":{"@id":"https:\/\/www.musikzeitung.ch\/#\/schema\/logo\/image\/"},"sameAs":["https:\/\/www.facebook.com\/SchweizerMusikzeitung\/","https:\/\/x.com\/smusikzeitung","https:\/\/www.instagram.com\/musikzeitung.ch\/"]},{"@type":"Person","@id":"https:\/\/www.musikzeitung.ch\/#\/schema\/person\/0da4fb82d243f1252850a35d0e87cf0c","name":"Wolfgang B\u00f6hler","image":{"@type":"ImageObject","inLanguage":"it-IT","@id":"https:\/\/www.musikzeitung.ch\/wp-content\/uploads\/2023\/01\/boehler_portraet_web-e1674139782246-96x96.jpg","url":"https:\/\/www.musikzeitung.ch\/wp-content\/uploads\/2023\/01\/boehler_portraet_web-e1674139782246-96x96.jpg","contentUrl":"https:\/\/www.musikzeitung.ch\/wp-content\/uploads\/2023\/01\/boehler_portraet_web-e1674139782246-96x96.jpg","caption":"Wolfgang B\u00f6hler"},"sameAs":["http:\/\/www.manacanto.ch","https:\/\/www.facebook.com\/wolfgang.bohler.75"],"url":"https:\/\/www.musikzeitung.ch\/it\/author\/wolfgang-boehler"}]}},"publishpress_future_workflow_manual_trigger":{"enabledWorkflows":[]},"_links":{"self":[{"href":"https:\/\/www.musikzeitung.ch\/it\/wp-json\/wp\/v2\/posts\/47720","targetHints":{"allow":["GET"]}}],"collection":[{"href":"https:\/\/www.musikzeitung.ch\/it\/wp-json\/wp\/v2\/posts"}],"about":[{"href":"https:\/\/www.musikzeitung.ch\/it\/wp-json\/wp\/v2\/types\/post"}],"author":[{"embeddable":true,"href":"https:\/\/www.musikzeitung.ch\/it\/wp-json\/wp\/v2\/users\/30"}],"replies":[{"embeddable":true,"href":"https:\/\/www.musikzeitung.ch\/it\/wp-json\/wp\/v2\/comments?post=47720"}],"version-history":[{"count":4,"href":"https:\/\/www.musikzeitung.ch\/it\/wp-json\/wp\/v2\/posts\/47720\/revisions"}],"predecessor-version":[{"id":47742,"href":"https:\/\/www.musikzeitung.ch\/it\/wp-json\/wp\/v2\/posts\/47720\/revisions\/47742"}],"wp:featuredmedia":[{"embeddable":true,"href":"https:\/\/www.musikzeitung.ch\/it\/wp-json\/wp\/v2\/media\/47721"}],"wp:attachment":[{"href":"https:\/\/www.musikzeitung.ch\/it\/wp-json\/wp\/v2\/media?parent=47720"}],"wp:term":[{"taxonomy":"category","embeddable":true,"href":"https:\/\/www.musikzeitung.ch\/it\/wp-json\/wp\/v2\/categories?post=47720"},{"taxonomy":"post_tag","embeddable":true,"href":"https:\/\/www.musikzeitung.ch\/it\/wp-json\/wp\/v2\/tags?post=47720"}],"curies":[{"name":"wp","href":"https:\/\/api.w.org\/{rel}","templated":true}]}}