{"id":48060,"date":"2023-10-06T12:26:22","date_gmt":"2023-10-06T10:26:22","guid":{"rendered":"https:\/\/www.musikzeitung.ch\/?p=48060"},"modified":"2023-10-12T10:06:49","modified_gmt":"2023-10-12T08:06:49","slug":"arbre-gewinnt-den-zkb-jazzpreis-2023","status":"publish","type":"post","link":"https:\/\/www.musikzeitung.ch\/it\/news\/2023\/10\/arbre-gewinnt-den-zkb-jazzpreis-2023","title":{"rendered":"Arbre vince il premio ZKB Jazz 2023"},"content":{"rendered":"<figure id=\"attachment_48064\" aria-describedby=\"caption-attachment-48064\" style=\"width: 589px\" class=\"wp-caption aligncenter\"><img loading=\"lazy\" decoding=\"async\" class=\"wp-image-48064\" src=\"https:\/\/www.musikzeitung.ch\/wp-content\/uploads\/2023\/10\/231006arbre-1.jpg\" alt=\"\" width=\"589\" height=\"316\" srcset=\"https:\/\/www.musikzeitung.ch\/wp-content\/uploads\/2023\/10\/231006arbre-1.jpg 911w, https:\/\/www.musikzeitung.ch\/wp-content\/uploads\/2023\/10\/231006arbre-1-300x161.jpg 300w, https:\/\/www.musikzeitung.ch\/wp-content\/uploads\/2023\/10\/231006arbre-1-768x412.jpg 768w, https:\/\/www.musikzeitung.ch\/wp-content\/uploads\/2023\/10\/231006arbre-1-326x175.jpg 326w, https:\/\/www.musikzeitung.ch\/wp-content\/uploads\/2023\/10\/231006arbre-1-652x350.jpg 652w\" sizes=\"auto, (max-width: 589px) 100vw, 589px\" \/><figcaption id=\"caption-attachment-48064\" class=\"wp-caption-text\">Arbre (Immagine: Videostill)<\/figcaption><\/figure>\n<p>Il collettivo bernese Arbre \u00e8 composto da Paul Butscher (flicorno, voce, sintetizzatore), M\u00e9lusine Chappuis (rhodes, sintetizzatore) e Xavier Almeida (batteria, pianoforte) e sviluppa un mondo sonoro tra jazz e musica alternativa.<\/p>\n<p>Il Premio ZKB Jazz viene assegnato da 21 anni. Promuove gruppi svizzeri giovani e innovativi e mira ad arricchire la diversit\u00e0 della scena jazzistica svizzera. Il concorso per l'assegnazione del premio si svolge presso il jazz club Moods di Zurigo. Il premio in denaro deve essere utilizzato per la musica, per le produzioni in studio, per i costi del CD e dell'etichetta, per gli strumenti, la pubblicit\u00e0 o le prenotazioni. La giuria internazionale di quest'anno era composta da Jane Cornwell (giornalista, Regno Unito), Carlo Br\u00fchlhart (giornalista, CH), Rabih Abou-Khalil (musicista, LB), Elina Duni (musicista, CH) e Martina Berther (musicista e rappresentante del pubblico).<\/p>","protected":false},"excerpt":{"rendered":"<p>Il collettivo bernese Arbre ha vinto il Premio ZKB Jazz 2023, del valore di 15.000 franchi. Il secondo posto, del valore di 5.000 franchi, \u00e8 andato al quartetto Knobil di Losanna.<\/p>","protected":false},"author":30,"featured_media":48061,"comment_status":"closed","ping_status":"closed","sticky":false,"template":"","format":"standard","meta":{"_acf_changed":false,"_relevanssi_hide_post":"","_relevanssi_hide_content":"","_relevanssi_pin_for_all":"","_relevanssi_pin_keywords":"","_relevanssi_unpin_keywords":"","_relevanssi_related_keywords":"","_relevanssi_related_include_ids":"","_relevanssi_related_exclude_ids":"","_relevanssi_related_no_append":"","_relevanssi_related_not_related":"","_relevanssi_related_posts":"","_relevanssi_noindex_reason":"","pgc_sgb_lightbox_settings":"","footnotes":""},"categories":[27],"tags":[3146,3147,3145],"class_list":["post-48060","post","type-post","status-publish","format-standard","has-post-thumbnail","hentry","category-news","tag-arbre","tag-knobil","tag-zkb-jazzpreis"],"acf":[],"yoast_head":"<!-- This site is optimized with the Yoast SEO plugin v27.4 - https:\/\/yoast.com\/product\/yoast-seo-wordpress\/ -->\n<title>Arbre gewinnt den ZKB Jazzpreis 2023 - Schweizer Musikzeitung<\/title>\n<meta name=\"description\" content=\"Das Berner Kollektiv Arbre hat den mit 15&#039;000 Franken dotierten ZKB Jazzpreis 2023 gewonnen. Der zweite Platz ging an das Quartett Knobil aus Lausanne.\" \/>\n<meta name=\"robots\" content=\"index, follow, max-snippet:-1, max-image-preview:large, max-video-preview:-1\" \/>\n<link rel=\"canonical\" href=\"https:\/\/www.musikzeitung.ch\/it\/news\/2023\/10\/arbre-gewinnt-den-zkb-jazzpreis-2023\/\" \/>\n<meta property=\"og:locale\" content=\"it_IT\" \/>\n<meta property=\"og:type\" content=\"article\" \/>\n<meta property=\"og:title\" content=\"Arbre gewinnt den ZKB Jazzpreis 2023 - Schweizer Musikzeitung\" \/>\n<meta property=\"og:description\" content=\"Das Berner Kollektiv Arbre hat den mit 15&#039;000 Franken dotierten ZKB Jazzpreis 2023 gewonnen. Der zweite Platz ging an das Quartett Knobil aus Lausanne.\" \/>\n<meta property=\"og:url\" content=\"https:\/\/www.musikzeitung.ch\/it\/news\/2023\/10\/arbre-gewinnt-den-zkb-jazzpreis-2023\/\" \/>\n<meta property=\"og:site_name\" content=\"Schweizer Musikzeitung\" \/>\n<meta property=\"article:publisher\" content=\"https:\/\/www.facebook.com\/SchweizerMusikzeitung\/\" \/>\n<meta property=\"article:author\" content=\"https:\/\/www.facebook.com\/wolfgang.bohler.75\" \/>\n<meta property=\"article:published_time\" content=\"2023-10-06T10:26:22+00:00\" \/>\n<meta property=\"article:modified_time\" content=\"2023-10-12T08:06:49+00:00\" \/>\n<meta property=\"og:image\" content=\"https:\/\/www.musikzeitung.ch\/wp-content\/uploads\/2023\/10\/231006arbre.jpg\" \/>\n\t<meta property=\"og:image:width\" content=\"1021\" \/>\n\t<meta property=\"og:image:height\" content=\"539\" \/>\n\t<meta property=\"og:image:type\" content=\"image\/jpeg\" \/>\n<meta name=\"author\" content=\"Wolfgang B\u00f6hler\" \/>\n<meta name=\"twitter:card\" content=\"summary_large_image\" \/>\n<meta name=\"twitter:creator\" content=\"@smusikzeitung\" \/>\n<meta name=\"twitter:site\" content=\"@smusikzeitung\" \/>\n<meta name=\"twitter:label1\" content=\"Scritto da\" \/>\n\t<meta name=\"twitter:data1\" content=\"Wolfgang B\u00f6hler\" \/>\n\t<meta name=\"twitter:label2\" content=\"Tempo di lettura stimato\" \/>\n\t<meta name=\"twitter:data2\" content=\"1 minuto\" \/>\n<script type=\"application\/ld+json\" class=\"yoast-schema-graph\">{\"@context\":\"https:\\\/\\\/schema.org\",\"@graph\":[{\"@type\":\"Article\",\"@id\":\"https:\\\/\\\/www.musikzeitung.ch\\\/news\\\/2023\\\/10\\\/arbre-gewinnt-den-zkb-jazzpreis-2023#article\",\"isPartOf\":{\"@id\":\"https:\\\/\\\/www.musikzeitung.ch\\\/news\\\/2023\\\/10\\\/arbre-gewinnt-den-zkb-jazzpreis-2023\"},\"author\":{\"name\":\"Wolfgang B\u00f6hler\",\"@id\":\"https:\\\/\\\/www.musikzeitung.ch\\\/#\\\/schema\\\/person\\\/0da4fb82d243f1252850a35d0e87cf0c\"},\"headline\":\"Arbre gewinnt den ZKB Jazzpreis 2023\",\"datePublished\":\"2023-10-06T10:26:22+00:00\",\"dateModified\":\"2023-10-12T08:06:49+00:00\",\"mainEntityOfPage\":{\"@id\":\"https:\\\/\\\/www.musikzeitung.ch\\\/news\\\/2023\\\/10\\\/arbre-gewinnt-den-zkb-jazzpreis-2023\"},\"wordCount\":131,\"publisher\":{\"@id\":\"https:\\\/\\\/www.musikzeitung.ch\\\/#organization\"},\"image\":{\"@id\":\"https:\\\/\\\/www.musikzeitung.ch\\\/news\\\/2023\\\/10\\\/arbre-gewinnt-den-zkb-jazzpreis-2023#primaryimage\"},\"thumbnailUrl\":\"https:\\\/\\\/www.musikzeitung.ch\\\/wp-content\\\/uploads\\\/2023\\\/10\\\/231006arbre.jpg\",\"keywords\":[\"Arbre\",\"Knobil\",\"ZKB Jazzpreis\"],\"articleSection\":[\"News\"],\"inLanguage\":\"it-IT\"},{\"@type\":\"WebPage\",\"@id\":\"https:\\\/\\\/www.musikzeitung.ch\\\/news\\\/2023\\\/10\\\/arbre-gewinnt-den-zkb-jazzpreis-2023\",\"url\":\"https:\\\/\\\/www.musikzeitung.ch\\\/news\\\/2023\\\/10\\\/arbre-gewinnt-den-zkb-jazzpreis-2023\",\"name\":\"Arbre gewinnt den ZKB Jazzpreis 2023 - Schweizer Musikzeitung\",\"isPartOf\":{\"@id\":\"https:\\\/\\\/www.musikzeitung.ch\\\/#website\"},\"primaryImageOfPage\":{\"@id\":\"https:\\\/\\\/www.musikzeitung.ch\\\/news\\\/2023\\\/10\\\/arbre-gewinnt-den-zkb-jazzpreis-2023#primaryimage\"},\"image\":{\"@id\":\"https:\\\/\\\/www.musikzeitung.ch\\\/news\\\/2023\\\/10\\\/arbre-gewinnt-den-zkb-jazzpreis-2023#primaryimage\"},\"thumbnailUrl\":\"https:\\\/\\\/www.musikzeitung.ch\\\/wp-content\\\/uploads\\\/2023\\\/10\\\/231006arbre.jpg\",\"datePublished\":\"2023-10-06T10:26:22+00:00\",\"dateModified\":\"2023-10-12T08:06:49+00:00\",\"description\":\"Das Berner Kollektiv Arbre hat den mit 15'000 Franken dotierten ZKB Jazzpreis 2023 gewonnen. Der zweite Platz ging an das Quartett Knobil aus Lausanne.\",\"breadcrumb\":{\"@id\":\"https:\\\/\\\/www.musikzeitung.ch\\\/news\\\/2023\\\/10\\\/arbre-gewinnt-den-zkb-jazzpreis-2023#breadcrumb\"},\"inLanguage\":\"it-IT\",\"potentialAction\":[{\"@type\":\"ReadAction\",\"target\":[\"https:\\\/\\\/www.musikzeitung.ch\\\/news\\\/2023\\\/10\\\/arbre-gewinnt-den-zkb-jazzpreis-2023\"]}]},{\"@type\":\"ImageObject\",\"inLanguage\":\"it-IT\",\"@id\":\"https:\\\/\\\/www.musikzeitung.ch\\\/news\\\/2023\\\/10\\\/arbre-gewinnt-den-zkb-jazzpreis-2023#primaryimage\",\"url\":\"https:\\\/\\\/www.musikzeitung.ch\\\/wp-content\\\/uploads\\\/2023\\\/10\\\/231006arbre.jpg\",\"contentUrl\":\"https:\\\/\\\/www.musikzeitung.ch\\\/wp-content\\\/uploads\\\/2023\\\/10\\\/231006arbre.jpg\",\"width\":1021,\"height\":539,\"caption\":\"Arbre (Bild: Videostill)\"},{\"@type\":\"BreadcrumbList\",\"@id\":\"https:\\\/\\\/www.musikzeitung.ch\\\/news\\\/2023\\\/10\\\/arbre-gewinnt-den-zkb-jazzpreis-2023#breadcrumb\",\"itemListElement\":[{\"@type\":\"ListItem\",\"position\":1,\"name\":\"Home\",\"item\":\"https:\\\/\\\/www.musikzeitung.ch\\\/\"},{\"@type\":\"ListItem\",\"position\":2,\"name\":\"Arbre gewinnt den ZKB Jazzpreis 2023\"}]},{\"@type\":\"WebSite\",\"@id\":\"https:\\\/\\\/www.musikzeitung.ch\\\/#website\",\"url\":\"https:\\\/\\\/www.musikzeitung.ch\\\/\",\"name\":\"Schweizer Musikzeitung\",\"description\":\"Die f\u00fchrende sparten\u00fcbergreifende Monatszeitung in der Schweiz f\u00fcr musikalische Fragen.\",\"publisher\":{\"@id\":\"https:\\\/\\\/www.musikzeitung.ch\\\/#organization\"},\"potentialAction\":[{\"@type\":\"SearchAction\",\"target\":{\"@type\":\"EntryPoint\",\"urlTemplate\":\"https:\\\/\\\/www.musikzeitung.ch\\\/?s={search_term_string}\"},\"query-input\":{\"@type\":\"PropertyValueSpecification\",\"valueRequired\":true,\"valueName\":\"search_term_string\"}}],\"inLanguage\":\"it-IT\"},{\"@type\":\"Organization\",\"@id\":\"https:\\\/\\\/www.musikzeitung.ch\\\/#organization\",\"name\":\"Schweizer Musikzeitung\",\"url\":\"https:\\\/\\\/www.musikzeitung.ch\\\/\",\"logo\":{\"@type\":\"ImageObject\",\"inLanguage\":\"it-IT\",\"@id\":\"https:\\\/\\\/www.musikzeitung.ch\\\/#\\\/schema\\\/logo\\\/image\\\/\",\"url\":\"https:\\\/\\\/www.musikzeitung.ch\\\/wp-content\\\/uploads\\\/2023\\\/01\\\/SMZ_Schriftzug_Sprache.png\",\"contentUrl\":\"https:\\\/\\\/www.musikzeitung.ch\\\/wp-content\\\/uploads\\\/2023\\\/01\\\/SMZ_Schriftzug_Sprache.png\",\"width\":1400,\"height\":279,\"caption\":\"Schweizer Musikzeitung\"},\"image\":{\"@id\":\"https:\\\/\\\/www.musikzeitung.ch\\\/#\\\/schema\\\/logo\\\/image\\\/\"},\"sameAs\":[\"https:\\\/\\\/www.facebook.com\\\/SchweizerMusikzeitung\\\/\",\"https:\\\/\\\/x.com\\\/smusikzeitung\",\"https:\\\/\\\/www.instagram.com\\\/musikzeitung.ch\\\/\"]},{\"@type\":\"Person\",\"@id\":\"https:\\\/\\\/www.musikzeitung.ch\\\/#\\\/schema\\\/person\\\/0da4fb82d243f1252850a35d0e87cf0c\",\"name\":\"Wolfgang B\u00f6hler\",\"image\":{\"@type\":\"ImageObject\",\"inLanguage\":\"it-IT\",\"@id\":\"https:\\\/\\\/www.musikzeitung.ch\\\/wp-content\\\/uploads\\\/2023\\\/01\\\/boehler_portraet_web-e1674139782246-96x96.jpg\",\"url\":\"https:\\\/\\\/www.musikzeitung.ch\\\/wp-content\\\/uploads\\\/2023\\\/01\\\/boehler_portraet_web-e1674139782246-96x96.jpg\",\"contentUrl\":\"https:\\\/\\\/www.musikzeitung.ch\\\/wp-content\\\/uploads\\\/2023\\\/01\\\/boehler_portraet_web-e1674139782246-96x96.jpg\",\"caption\":\"Wolfgang B\u00f6hler\"},\"sameAs\":[\"http:\\\/\\\/www.manacanto.ch\",\"https:\\\/\\\/www.facebook.com\\\/wolfgang.bohler.75\"],\"url\":\"https:\\\/\\\/www.musikzeitung.ch\\\/it\\\/author\\\/wolfgang-boehler\"}]}<\/script>\n<!-- \/ Yoast SEO plugin. -->","yoast_head_json":{"title":"Arbre gewinnt den ZKB Jazzpreis 2023 - Schweizer Musikzeitung","description":"Das Berner Kollektiv Arbre hat den mit 15'000 Franken dotierten ZKB Jazzpreis 2023 gewonnen. Der zweite Platz ging an das Quartett Knobil aus Lausanne.","robots":{"index":"index","follow":"follow","max-snippet":"max-snippet:-1","max-image-preview":"max-image-preview:large","max-video-preview":"max-video-preview:-1"},"canonical":"https:\/\/www.musikzeitung.ch\/it\/news\/2023\/10\/arbre-gewinnt-den-zkb-jazzpreis-2023\/","og_locale":"it_IT","og_type":"article","og_title":"Arbre gewinnt den ZKB Jazzpreis 2023 - Schweizer Musikzeitung","og_description":"Das Berner Kollektiv Arbre hat den mit 15'000 Franken dotierten ZKB Jazzpreis 2023 gewonnen. Der zweite Platz ging an das Quartett Knobil aus Lausanne.","og_url":"https:\/\/www.musikzeitung.ch\/it\/news\/2023\/10\/arbre-gewinnt-den-zkb-jazzpreis-2023\/","og_site_name":"Schweizer Musikzeitung","article_publisher":"https:\/\/www.facebook.com\/SchweizerMusikzeitung\/","article_author":"https:\/\/www.facebook.com\/wolfgang.bohler.75","article_published_time":"2023-10-06T10:26:22+00:00","article_modified_time":"2023-10-12T08:06:49+00:00","og_image":[{"width":1021,"height":539,"url":"https:\/\/www.musikzeitung.ch\/wp-content\/uploads\/2023\/10\/231006arbre.jpg","type":"image\/jpeg"}],"author":"Wolfgang B\u00f6hler","twitter_card":"summary_large_image","twitter_creator":"@smusikzeitung","twitter_site":"@smusikzeitung","twitter_misc":{"Scritto da":"Wolfgang B\u00f6hler","Tempo di lettura stimato":"1 minuto"},"schema":{"@context":"https:\/\/schema.org","@graph":[{"@type":"Article","@id":"https:\/\/www.musikzeitung.ch\/news\/2023\/10\/arbre-gewinnt-den-zkb-jazzpreis-2023#article","isPartOf":{"@id":"https:\/\/www.musikzeitung.ch\/news\/2023\/10\/arbre-gewinnt-den-zkb-jazzpreis-2023"},"author":{"name":"Wolfgang B\u00f6hler","@id":"https:\/\/www.musikzeitung.ch\/#\/schema\/person\/0da4fb82d243f1252850a35d0e87cf0c"},"headline":"Arbre gewinnt den ZKB Jazzpreis 2023","datePublished":"2023-10-06T10:26:22+00:00","dateModified":"2023-10-12T08:06:49+00:00","mainEntityOfPage":{"@id":"https:\/\/www.musikzeitung.ch\/news\/2023\/10\/arbre-gewinnt-den-zkb-jazzpreis-2023"},"wordCount":131,"publisher":{"@id":"https:\/\/www.musikzeitung.ch\/#organization"},"image":{"@id":"https:\/\/www.musikzeitung.ch\/news\/2023\/10\/arbre-gewinnt-den-zkb-jazzpreis-2023#primaryimage"},"thumbnailUrl":"https:\/\/www.musikzeitung.ch\/wp-content\/uploads\/2023\/10\/231006arbre.jpg","keywords":["Arbre","Knobil","ZKB Jazzpreis"],"articleSection":["News"],"inLanguage":"it-IT"},{"@type":"WebPage","@id":"https:\/\/www.musikzeitung.ch\/news\/2023\/10\/arbre-gewinnt-den-zkb-jazzpreis-2023","url":"https:\/\/www.musikzeitung.ch\/news\/2023\/10\/arbre-gewinnt-den-zkb-jazzpreis-2023","name":"Arbre gewinnt den ZKB Jazzpreis 2023 - Schweizer Musikzeitung","isPartOf":{"@id":"https:\/\/www.musikzeitung.ch\/#website"},"primaryImageOfPage":{"@id":"https:\/\/www.musikzeitung.ch\/news\/2023\/10\/arbre-gewinnt-den-zkb-jazzpreis-2023#primaryimage"},"image":{"@id":"https:\/\/www.musikzeitung.ch\/news\/2023\/10\/arbre-gewinnt-den-zkb-jazzpreis-2023#primaryimage"},"thumbnailUrl":"https:\/\/www.musikzeitung.ch\/wp-content\/uploads\/2023\/10\/231006arbre.jpg","datePublished":"2023-10-06T10:26:22+00:00","dateModified":"2023-10-12T08:06:49+00:00","description":"Das Berner Kollektiv Arbre hat den mit 15'000 Franken dotierten ZKB Jazzpreis 2023 gewonnen. Der zweite Platz ging an das Quartett Knobil aus Lausanne.","breadcrumb":{"@id":"https:\/\/www.musikzeitung.ch\/news\/2023\/10\/arbre-gewinnt-den-zkb-jazzpreis-2023#breadcrumb"},"inLanguage":"it-IT","potentialAction":[{"@type":"ReadAction","target":["https:\/\/www.musikzeitung.ch\/news\/2023\/10\/arbre-gewinnt-den-zkb-jazzpreis-2023"]}]},{"@type":"ImageObject","inLanguage":"it-IT","@id":"https:\/\/www.musikzeitung.ch\/news\/2023\/10\/arbre-gewinnt-den-zkb-jazzpreis-2023#primaryimage","url":"https:\/\/www.musikzeitung.ch\/wp-content\/uploads\/2023\/10\/231006arbre.jpg","contentUrl":"https:\/\/www.musikzeitung.ch\/wp-content\/uploads\/2023\/10\/231006arbre.jpg","width":1021,"height":539,"caption":"Arbre (Bild: Videostill)"},{"@type":"BreadcrumbList","@id":"https:\/\/www.musikzeitung.ch\/news\/2023\/10\/arbre-gewinnt-den-zkb-jazzpreis-2023#breadcrumb","itemListElement":[{"@type":"ListItem","position":1,"name":"Home","item":"https:\/\/www.musikzeitung.ch\/"},{"@type":"ListItem","position":2,"name":"Arbre gewinnt den ZKB Jazzpreis 2023"}]},{"@type":"WebSite","@id":"https:\/\/www.musikzeitung.ch\/#website","url":"https:\/\/www.musikzeitung.ch\/","name":"Giornale musicale svizzero","description":"Il principale mensile interdisciplinare della Svizzera per le questioni musicali.","publisher":{"@id":"https:\/\/www.musikzeitung.ch\/#organization"},"potentialAction":[{"@type":"SearchAction","target":{"@type":"EntryPoint","urlTemplate":"https:\/\/www.musikzeitung.ch\/?s={search_term_string}"},"query-input":{"@type":"PropertyValueSpecification","valueRequired":true,"valueName":"search_term_string"}}],"inLanguage":"it-IT"},{"@type":"Organization","@id":"https:\/\/www.musikzeitung.ch\/#organization","name":"Giornale musicale svizzero","url":"https:\/\/www.musikzeitung.ch\/","logo":{"@type":"ImageObject","inLanguage":"it-IT","@id":"https:\/\/www.musikzeitung.ch\/#\/schema\/logo\/image\/","url":"https:\/\/www.musikzeitung.ch\/wp-content\/uploads\/2023\/01\/SMZ_Schriftzug_Sprache.png","contentUrl":"https:\/\/www.musikzeitung.ch\/wp-content\/uploads\/2023\/01\/SMZ_Schriftzug_Sprache.png","width":1400,"height":279,"caption":"Schweizer Musikzeitung"},"image":{"@id":"https:\/\/www.musikzeitung.ch\/#\/schema\/logo\/image\/"},"sameAs":["https:\/\/www.facebook.com\/SchweizerMusikzeitung\/","https:\/\/x.com\/smusikzeitung","https:\/\/www.instagram.com\/musikzeitung.ch\/"]},{"@type":"Person","@id":"https:\/\/www.musikzeitung.ch\/#\/schema\/person\/0da4fb82d243f1252850a35d0e87cf0c","name":"Wolfgang B\u00f6hler","image":{"@type":"ImageObject","inLanguage":"it-IT","@id":"https:\/\/www.musikzeitung.ch\/wp-content\/uploads\/2023\/01\/boehler_portraet_web-e1674139782246-96x96.jpg","url":"https:\/\/www.musikzeitung.ch\/wp-content\/uploads\/2023\/01\/boehler_portraet_web-e1674139782246-96x96.jpg","contentUrl":"https:\/\/www.musikzeitung.ch\/wp-content\/uploads\/2023\/01\/boehler_portraet_web-e1674139782246-96x96.jpg","caption":"Wolfgang B\u00f6hler"},"sameAs":["http:\/\/www.manacanto.ch","https:\/\/www.facebook.com\/wolfgang.bohler.75"],"url":"https:\/\/www.musikzeitung.ch\/it\/author\/wolfgang-boehler"}]}},"publishpress_future_workflow_manual_trigger":{"enabledWorkflows":[]},"_links":{"self":[{"href":"https:\/\/www.musikzeitung.ch\/it\/wp-json\/wp\/v2\/posts\/48060","targetHints":{"allow":["GET"]}}],"collection":[{"href":"https:\/\/www.musikzeitung.ch\/it\/wp-json\/wp\/v2\/posts"}],"about":[{"href":"https:\/\/www.musikzeitung.ch\/it\/wp-json\/wp\/v2\/types\/post"}],"author":[{"embeddable":true,"href":"https:\/\/www.musikzeitung.ch\/it\/wp-json\/wp\/v2\/users\/30"}],"replies":[{"embeddable":true,"href":"https:\/\/www.musikzeitung.ch\/it\/wp-json\/wp\/v2\/comments?post=48060"}],"version-history":[{"count":4,"href":"https:\/\/www.musikzeitung.ch\/it\/wp-json\/wp\/v2\/posts\/48060\/revisions"}],"predecessor-version":[{"id":48066,"href":"https:\/\/www.musikzeitung.ch\/it\/wp-json\/wp\/v2\/posts\/48060\/revisions\/48066"}],"wp:featuredmedia":[{"embeddable":true,"href":"https:\/\/www.musikzeitung.ch\/it\/wp-json\/wp\/v2\/media\/48061"}],"wp:attachment":[{"href":"https:\/\/www.musikzeitung.ch\/it\/wp-json\/wp\/v2\/media?parent=48060"}],"wp:term":[{"taxonomy":"category","embeddable":true,"href":"https:\/\/www.musikzeitung.ch\/it\/wp-json\/wp\/v2\/categories?post=48060"},{"taxonomy":"post_tag","embeddable":true,"href":"https:\/\/www.musikzeitung.ch\/it\/wp-json\/wp\/v2\/tags?post=48060"}],"curies":[{"name":"wp","href":"https:\/\/api.w.org\/{rel}","templated":true}]}}